{"id":647,"date":"2008-07-10T01:58:00","date_gmt":"2008-07-10T01:58:00","guid":{"rendered":"http:\/\/agenciainclusive.wordpress.com\/2008\/07\/10\/a-convencao-no-jornal-nacional\/"},"modified":"2008-07-10T01:58:00","modified_gmt":"2008-07-10T01:58:00","slug":"a-convencao-no-jornal-nacional","status":"publish","type":"post","link":"https:\/\/inclusivenews.com.br\/?p=647","title":{"rendered":"A Conven\u00e7\u00e3o no Jornal Nacional"},"content":{"rendered":"<p><!-- START OF ACTIVEMETER CODE --><a href=\"http:\/\/jornalnacional.globo.com\/Telejornais\/JN\/0,,MUL641639-10406,00-AS+DIFICULDADES+DOS+PORTADORES+DE+DEFICIENCIA.html\">http:\/\/jornalnacional.globo.com\/Telejornais\/JN\/0,,MUL641639-10406,00-AS+DIFICULDADES+DOS+PORTADORES+DE+DEFICIENCIA.html<\/a><\/p>\n<div class=\"materia-titulo\">\n<h1 class=\"entry-title\">As dificuldades dos portadores de defici\u00eancia<\/h1>\n<p>O Congresso Nacional se baseia em uma conven\u00e7\u00e3o da ONU e promulga um decreto  que promete oferecer trabalho, estudo e oportunidades aos 24 milh\u00f5es de  brasileiros que tem algum tipo de defici\u00eancia<\/p><\/div>\n<div id=\"materia-letra\" class=\"materia-conteudo entry-content\">\n<p>O Congresso Nacional promulgou, nesta quarta-feira, um decreto baseado em uma  conven\u00e7\u00e3o das Na\u00e7\u00f5es Unidas. Assim, pelo menos no papel, a partir de agora os  brasileiros portadores de defici\u00eancia ter\u00e3o todos os direitos garantidos na  Constitui\u00e7\u00e3o.<\/p>\n<p>\u00c9 o caminho das compras, mas a sensa\u00e7\u00e3o \u00e9 bem outra. \u201cEu  estou em uma selva\u201d, diz o produtor de eventos Ronald de Carvalho.<\/p>\n<p>Ronald tem esclerose m\u00faltipla e nenhuma facilidade pela frente. \u201cO  acesso do cadeirante ao com\u00e9rcio \u00e9 prec\u00e1rio\u201d, conta Ronald.<\/p>\n<p>O s\u00edndico  mandou botar barras de ferro para impedir a passagem de motos. \u201cIsso \u00e9 uma  s\u00edntese do problema que as pessoas com defici\u00eancia enfrentam. O motociclista que  n\u00e3o tem consci\u00eancia usa como um atalho para ele. O poder p\u00fablico tinha que vir e  tomar uma provid\u00eancia. E o s\u00edndico jamais poderia tomar uma atitude dessas.<\/p>\n<p>Com ajuda, vai. \u201cTem que empurrar o carrinho. Passou, agora vai\u201d, ele  reclama. \u201cGaleria, nem pensar\u201d.<\/p>\n<p>O precip\u00edcio seria uma rampa? \u201cN\u00e3o \u00e9  poss\u00edvel que eles tenham considerado como uma rampa\u201d, ele diz, indignado.<\/p>\n<p>Como atravessar a rua? \u201cMesma coisa: sem acesso\u201d, lamenta o produtor.<\/p>\n<p>Rampa que d\u00e1 em uma escada. Rampas \u00edngremes. Produtor de eventos, Ronald  vai tratar de neg\u00f3cios no Minist\u00e9rio do Turismo. Bem, ia.<\/p>\n<p>\u201cComo \u00e9 que eu  fa\u00e7o para entrar?\u201d, pergunta Ronald.<\/p>\n<p>\u201cN\u00e3o tem rampa de acesso\u201d, alega um  funcion\u00e1rio do minist\u00e9rio.<\/p>\n<p>Ao aderir \u00e0 conven\u00e7\u00e3o da Organiza\u00e7\u00e3o das  Na\u00e7\u00f5es Unidas (ONU), o Brasil n\u00e3o est\u00e1 s\u00f3 prometendo acessibilidade. O  compromisso \u00e9 oferecer trabalho, estudo, oportunidades e prote\u00e7\u00e3o a cada um dos  24 milh\u00f5es de brasileiros que tem algum tipo de defici\u00eancia. Como \u00e9 que se tira  isso do papel?<\/p>\n<p>Talvez fazendo como a professora Dinorah. Criou uma  biblioteca para cegos. Dois mil livros em braile. Centenas de cegos j\u00e1 foram  alfabetizados. Um lugar assim, onde as oportunidades da vida aparecem, seria s\u00f3  uma biblioteca?<\/p>\n<p>\u201c\u00c9 um centro m\u00e1gico, uma terapia das mais preciosas que  podem existir no mundo\u201d, afirma Dinorah.<\/p><\/div>\n<p><a href=\"http:\/\/www.activemeter.com\/\" target=\"_blank\" rel=\"noopener\"><br \/>\n<img decoding=\"async\" src=\"http:\/\/am1.activemeter.com\/webtracker\/track.html?method=track&amp;pid=46224&amp;java=0\" border=\"0\" alt=\"Free Hit Counter\" \/><br \/>\n<\/a><br \/>\n<!-- END OF ACTIVEMETER CODE --><\/p>\n","protected":false},"excerpt":{"rendered":"<p>http:\/\/jornalnacional.globo.com\/Telejornais\/JN\/0,,MUL641639-10406,00-AS+DIFICULDADES+DOS+PORTADORES+DE+DEFICIENCIA.html As dificuldades dos portadores de defici\u00eancia O Congresso Nacional se baseia em uma conven\u00e7\u00e3o da ONU e promulga um decreto que promete oferecer trabalho, estudo e oportunidades aos 24 milh\u00f5es de brasileiros que tem algum tipo de defici\u00eancia O Congresso Nacional promulgou, nesta quarta-feira, um decreto baseado em uma conven\u00e7\u00e3o das Na\u00e7\u00f5es Unidas. Assim, [&hellip;]<\/p>\n","protected":false},"author":2,"featured_media":0,"comment_status":"open","ping_status":"open","sticky":false,"template":"","format":"standard","meta":{"site-container-style":"default","site-container-layout":"default","site-sidebar-layout":"default","disable-article-header":"default","disable-site-header":"default","disable-site-footer":"default","disable-content-area-spacing":"default","footnotes":""},"categories":[4,16],"tags":[15],"class_list":["post-647","post","type-post","status-publish","format-standard","hentry","category-noticias","category-video","tag-multimidia"],"yoast_head":"<!-- This site is optimized with the Yoast SEO plugin v27.4 - https:\/\/yoast.com\/product\/yoast-seo-wordpress\/ -->\n<title>A Conven\u00e7\u00e3o no Jornal Nacional -<\/title>\n<meta name=\"robots\" content=\"index, follow, max-snippet:-1, max-image-preview:large, max-video-preview:-1\" \/>\n<link rel=\"canonical\" href=\"https:\/\/inclusivenews.com.br\/?p=647\" \/>\n<meta property=\"og:locale\" content=\"pt_PT\" \/>\n<meta property=\"og:type\" content=\"article\" \/>\n<meta property=\"og:title\" content=\"A Conven\u00e7\u00e3o no Jornal Nacional -\" \/>\n<meta property=\"og:description\" content=\"http:\/\/jornalnacional.globo.com\/Telejornais\/JN\/0,,MUL641639-10406,00-AS+DIFICULDADES+DOS+PORTADORES+DE+DEFICIENCIA.html As dificuldades dos portadores de defici\u00eancia O Congresso Nacional se baseia em uma conven\u00e7\u00e3o da ONU e promulga um decreto que promete oferecer trabalho, estudo e oportunidades aos 24 milh\u00f5es de brasileiros que tem algum tipo de defici\u00eancia O Congresso Nacional promulgou, nesta quarta-feira, um decreto baseado em uma conven\u00e7\u00e3o das Na\u00e7\u00f5es Unidas. Assim, [&hellip;]\" \/>\n<meta property=\"og:url\" content=\"https:\/\/inclusivenews.com.br\/?p=647\" \/>\n<meta property=\"article:publisher\" content=\"https:\/\/www.facebook.com\/agenciainclusive\/\" \/>\n<meta property=\"article:published_time\" content=\"2008-07-10T01:58:00+00:00\" \/>\n<meta property=\"og:image\" content=\"http:\/\/am1.activemeter.com\/webtracker\/track.html?method=track&amp;pid=46224&amp;java=0\" \/>\n<meta name=\"author\" content=\"Inclusive\" \/>\n<meta name=\"twitter:card\" content=\"summary_large_image\" \/>\n<meta name=\"twitter:label1\" content=\"Escrito por\" \/>\n\t<meta name=\"twitter:data1\" content=\"Inclusive\" \/>\n\t<meta name=\"twitter:label2\" content=\"Tempo estimado de leitura\" \/>\n\t<meta name=\"twitter:data2\" content=\"2 minutos\" \/>\n<script type=\"application\/ld+json\" class=\"yoast-schema-graph\">{\"@context\":\"https:\\\/\\\/schema.org\",\"@graph\":[{\"@type\":\"Article\",\"@id\":\"https:\\\/\\\/inclusivenews.com.br\\\/?p=647#article\",\"isPartOf\":{\"@id\":\"https:\\\/\\\/inclusivenews.com.br\\\/?p=647\"},\"author\":{\"name\":\"Inclusive\",\"@id\":\"https:\\\/\\\/inclusivenews.com.br\\\/#\\\/schema\\\/person\\\/0dab492019871b94abb65fa8ee7c8c44\"},\"headline\":\"A Conven\u00e7\u00e3o no Jornal Nacional\",\"datePublished\":\"2008-07-10T01:58:00+00:00\",\"mainEntityOfPage\":{\"@id\":\"https:\\\/\\\/inclusivenews.com.br\\\/?p=647\"},\"wordCount\":405,\"commentCount\":0,\"publisher\":{\"@id\":\"https:\\\/\\\/inclusivenews.com.br\\\/#organization\"},\"image\":{\"@id\":\"https:\\\/\\\/inclusivenews.com.br\\\/?p=647#primaryimage\"},\"thumbnailUrl\":\"http:\\\/\\\/am1.activemeter.com\\\/webtracker\\\/track.html?method=track&amp;pid=46224&amp;java=0\",\"keywords\":[\"Multim\u00eddia\"],\"articleSection\":[\"NOT\u00cdCIAS\",\"V\u00eddeo\"],\"inLanguage\":\"pt-PT\",\"potentialAction\":[{\"@type\":\"CommentAction\",\"name\":\"Comment\",\"target\":[\"https:\\\/\\\/inclusivenews.com.br\\\/?p=647#respond\"]}]},{\"@type\":\"WebPage\",\"@id\":\"https:\\\/\\\/inclusivenews.com.br\\\/?p=647\",\"url\":\"https:\\\/\\\/inclusivenews.com.br\\\/?p=647\",\"name\":\"A Conven\u00e7\u00e3o no Jornal Nacional -\",\"isPartOf\":{\"@id\":\"https:\\\/\\\/inclusivenews.com.br\\\/#website\"},\"primaryImageOfPage\":{\"@id\":\"https:\\\/\\\/inclusivenews.com.br\\\/?p=647#primaryimage\"},\"image\":{\"@id\":\"https:\\\/\\\/inclusivenews.com.br\\\/?p=647#primaryimage\"},\"thumbnailUrl\":\"http:\\\/\\\/am1.activemeter.com\\\/webtracker\\\/track.html?method=track&amp;pid=46224&amp;java=0\",\"datePublished\":\"2008-07-10T01:58:00+00:00\",\"breadcrumb\":{\"@id\":\"https:\\\/\\\/inclusivenews.com.br\\\/?p=647#breadcrumb\"},\"inLanguage\":\"pt-PT\",\"potentialAction\":[{\"@type\":\"ReadAction\",\"target\":[\"https:\\\/\\\/inclusivenews.com.br\\\/?p=647\"]}]},{\"@type\":\"ImageObject\",\"inLanguage\":\"pt-PT\",\"@id\":\"https:\\\/\\\/inclusivenews.com.br\\\/?p=647#primaryimage\",\"url\":\"http:\\\/\\\/am1.activemeter.com\\\/webtracker\\\/track.html?method=track&amp;pid=46224&amp;java=0\",\"contentUrl\":\"http:\\\/\\\/am1.activemeter.com\\\/webtracker\\\/track.html?method=track&amp;pid=46224&amp;java=0\"},{\"@type\":\"BreadcrumbList\",\"@id\":\"https:\\\/\\\/inclusivenews.com.br\\\/?p=647#breadcrumb\",\"itemListElement\":[{\"@type\":\"ListItem\",\"position\":1,\"name\":\"In\u00edcio\",\"item\":\"https:\\\/\\\/inclusivenews.com.br\\\/\"},{\"@type\":\"ListItem\",\"position\":2,\"name\":\"A Conven\u00e7\u00e3o no Jornal Nacional\"}]},{\"@type\":\"WebSite\",\"@id\":\"https:\\\/\\\/inclusivenews.com.br\\\/#website\",\"url\":\"https:\\\/\\\/inclusivenews.com.br\\\/\",\"name\":\"Inclusive News\",\"description\":\"Inclusive News\",\"publisher\":{\"@id\":\"https:\\\/\\\/inclusivenews.com.br\\\/#organization\"},\"potentialAction\":[{\"@type\":\"SearchAction\",\"target\":{\"@type\":\"EntryPoint\",\"urlTemplate\":\"https:\\\/\\\/inclusivenews.com.br\\\/?s={search_term_string}\"},\"query-input\":{\"@type\":\"PropertyValueSpecification\",\"valueRequired\":true,\"valueName\":\"search_term_string\"}}],\"inLanguage\":\"pt-PT\"},{\"@type\":\"Organization\",\"@id\":\"https:\\\/\\\/inclusivenews.com.br\\\/#organization\",\"name\":\"Inclusive - inclus\u00e3o e cidadania\",\"url\":\"https:\\\/\\\/inclusivenews.com.br\\\/\",\"logo\":{\"@type\":\"ImageObject\",\"inLanguage\":\"pt-PT\",\"@id\":\"https:\\\/\\\/inclusivenews.com.br\\\/#\\\/schema\\\/logo\\\/image\\\/\",\"url\":\"https:\\\/\\\/inclusivenews.com.br\\\/wp-content\\\/uploads\\\/2024\\\/03\\\/@grandesite.png\",\"contentUrl\":\"https:\\\/\\\/inclusivenews.com.br\\\/wp-content\\\/uploads\\\/2024\\\/03\\\/@grandesite.png\",\"width\":1080,\"height\":1080,\"caption\":\"Inclusive - inclus\u00e3o e cidadania\"},\"image\":{\"@id\":\"https:\\\/\\\/inclusivenews.com.br\\\/#\\\/schema\\\/logo\\\/image\\\/\"},\"sameAs\":[\"https:\\\/\\\/www.facebook.com\\\/agenciainclusive\\\/\",\"https:\\\/\\\/www.instagram.com\\\/newsinclusive\\\/\"]},{\"@type\":\"Person\",\"@id\":\"https:\\\/\\\/inclusivenews.com.br\\\/#\\\/schema\\\/person\\\/0dab492019871b94abb65fa8ee7c8c44\",\"name\":\"Inclusive\",\"image\":{\"@type\":\"ImageObject\",\"inLanguage\":\"pt-PT\",\"@id\":\"https:\\\/\\\/secure.gravatar.com\\\/avatar\\\/?s=96&d=mm&r=g\",\"url\":\"https:\\\/\\\/secure.gravatar.com\\\/avatar\\\/?s=96&d=mm&r=g\",\"contentUrl\":\"https:\\\/\\\/secure.gravatar.com\\\/avatar\\\/?s=96&d=mm&r=g\",\"caption\":\"Inclusive\"},\"url\":\"https:\\\/\\\/inclusivenews.com.br\\\/?author=2\"}]}<\/script>\n<!-- \/ Yoast SEO plugin. -->","yoast_head_json":{"title":"A Conven\u00e7\u00e3o no Jornal Nacional -","robots":{"index":"index","follow":"follow","max-snippet":"max-snippet:-1","max-image-preview":"max-image-preview:large","max-video-preview":"max-video-preview:-1"},"canonical":"https:\/\/inclusivenews.com.br\/?p=647","og_locale":"pt_PT","og_type":"article","og_title":"A Conven\u00e7\u00e3o no Jornal Nacional -","og_description":"http:\/\/jornalnacional.globo.com\/Telejornais\/JN\/0,,MUL641639-10406,00-AS+DIFICULDADES+DOS+PORTADORES+DE+DEFICIENCIA.html As dificuldades dos portadores de defici\u00eancia O Congresso Nacional se baseia em uma conven\u00e7\u00e3o da ONU e promulga um decreto que promete oferecer trabalho, estudo e oportunidades aos 24 milh\u00f5es de brasileiros que tem algum tipo de defici\u00eancia O Congresso Nacional promulgou, nesta quarta-feira, um decreto baseado em uma conven\u00e7\u00e3o das Na\u00e7\u00f5es Unidas. Assim, [&hellip;]","og_url":"https:\/\/inclusivenews.com.br\/?p=647","article_publisher":"https:\/\/www.facebook.com\/agenciainclusive\/","article_published_time":"2008-07-10T01:58:00+00:00","og_image":[{"url":"http:\/\/am1.activemeter.com\/webtracker\/track.html?method=track&amp;pid=46224&amp;java=0","type":"","width":"","height":""}],"author":"Inclusive","twitter_card":"summary_large_image","twitter_misc":{"Escrito por":"Inclusive","Tempo estimado de leitura":"2 minutos"},"schema":{"@context":"https:\/\/schema.org","@graph":[{"@type":"Article","@id":"https:\/\/inclusivenews.com.br\/?p=647#article","isPartOf":{"@id":"https:\/\/inclusivenews.com.br\/?p=647"},"author":{"name":"Inclusive","@id":"https:\/\/inclusivenews.com.br\/#\/schema\/person\/0dab492019871b94abb65fa8ee7c8c44"},"headline":"A Conven\u00e7\u00e3o no Jornal Nacional","datePublished":"2008-07-10T01:58:00+00:00","mainEntityOfPage":{"@id":"https:\/\/inclusivenews.com.br\/?p=647"},"wordCount":405,"commentCount":0,"publisher":{"@id":"https:\/\/inclusivenews.com.br\/#organization"},"image":{"@id":"https:\/\/inclusivenews.com.br\/?p=647#primaryimage"},"thumbnailUrl":"http:\/\/am1.activemeter.com\/webtracker\/track.html?method=track&amp;pid=46224&amp;java=0","keywords":["Multim\u00eddia"],"articleSection":["NOT\u00cdCIAS","V\u00eddeo"],"inLanguage":"pt-PT","potentialAction":[{"@type":"CommentAction","name":"Comment","target":["https:\/\/inclusivenews.com.br\/?p=647#respond"]}]},{"@type":"WebPage","@id":"https:\/\/inclusivenews.com.br\/?p=647","url":"https:\/\/inclusivenews.com.br\/?p=647","name":"A Conven\u00e7\u00e3o no Jornal Nacional -","isPartOf":{"@id":"https:\/\/inclusivenews.com.br\/#website"},"primaryImageOfPage":{"@id":"https:\/\/inclusivenews.com.br\/?p=647#primaryimage"},"image":{"@id":"https:\/\/inclusivenews.com.br\/?p=647#primaryimage"},"thumbnailUrl":"http:\/\/am1.activemeter.com\/webtracker\/track.html?method=track&amp;pid=46224&amp;java=0","datePublished":"2008-07-10T01:58:00+00:00","breadcrumb":{"@id":"https:\/\/inclusivenews.com.br\/?p=647#breadcrumb"},"inLanguage":"pt-PT","potentialAction":[{"@type":"ReadAction","target":["https:\/\/inclusivenews.com.br\/?p=647"]}]},{"@type":"ImageObject","inLanguage":"pt-PT","@id":"https:\/\/inclusivenews.com.br\/?p=647#primaryimage","url":"http:\/\/am1.activemeter.com\/webtracker\/track.html?method=track&amp;pid=46224&amp;java=0","contentUrl":"http:\/\/am1.activemeter.com\/webtracker\/track.html?method=track&amp;pid=46224&amp;java=0"},{"@type":"BreadcrumbList","@id":"https:\/\/inclusivenews.com.br\/?p=647#breadcrumb","itemListElement":[{"@type":"ListItem","position":1,"name":"In\u00edcio","item":"https:\/\/inclusivenews.com.br\/"},{"@type":"ListItem","position":2,"name":"A Conven\u00e7\u00e3o no Jornal Nacional"}]},{"@type":"WebSite","@id":"https:\/\/inclusivenews.com.br\/#website","url":"https:\/\/inclusivenews.com.br\/","name":"Inclusive News","description":"Inclusive News","publisher":{"@id":"https:\/\/inclusivenews.com.br\/#organization"},"potentialAction":[{"@type":"SearchAction","target":{"@type":"EntryPoint","urlTemplate":"https:\/\/inclusivenews.com.br\/?s={search_term_string}"},"query-input":{"@type":"PropertyValueSpecification","valueRequired":true,"valueName":"search_term_string"}}],"inLanguage":"pt-PT"},{"@type":"Organization","@id":"https:\/\/inclusivenews.com.br\/#organization","name":"Inclusive - inclus\u00e3o e cidadania","url":"https:\/\/inclusivenews.com.br\/","logo":{"@type":"ImageObject","inLanguage":"pt-PT","@id":"https:\/\/inclusivenews.com.br\/#\/schema\/logo\/image\/","url":"https:\/\/inclusivenews.com.br\/wp-content\/uploads\/2024\/03\/@grandesite.png","contentUrl":"https:\/\/inclusivenews.com.br\/wp-content\/uploads\/2024\/03\/@grandesite.png","width":1080,"height":1080,"caption":"Inclusive - inclus\u00e3o e cidadania"},"image":{"@id":"https:\/\/inclusivenews.com.br\/#\/schema\/logo\/image\/"},"sameAs":["https:\/\/www.facebook.com\/agenciainclusive\/","https:\/\/www.instagram.com\/newsinclusive\/"]},{"@type":"Person","@id":"https:\/\/inclusivenews.com.br\/#\/schema\/person\/0dab492019871b94abb65fa8ee7c8c44","name":"Inclusive","image":{"@type":"ImageObject","inLanguage":"pt-PT","@id":"https:\/\/secure.gravatar.com\/avatar\/?s=96&d=mm&r=g","url":"https:\/\/secure.gravatar.com\/avatar\/?s=96&d=mm&r=g","contentUrl":"https:\/\/secure.gravatar.com\/avatar\/?s=96&d=mm&r=g","caption":"Inclusive"},"url":"https:\/\/inclusivenews.com.br\/?author=2"}]}},"_links":{"self":[{"href":"https:\/\/inclusivenews.com.br\/index.php?rest_route=\/wp\/v2\/posts\/647","targetHints":{"allow":["GET"]}}],"collection":[{"href":"https:\/\/inclusivenews.com.br\/index.php?rest_route=\/wp\/v2\/posts"}],"about":[{"href":"https:\/\/inclusivenews.com.br\/index.php?rest_route=\/wp\/v2\/types\/post"}],"author":[{"embeddable":true,"href":"https:\/\/inclusivenews.com.br\/index.php?rest_route=\/wp\/v2\/users\/2"}],"replies":[{"embeddable":true,"href":"https:\/\/inclusivenews.com.br\/index.php?rest_route=%2Fwp%2Fv2%2Fcomments&post=647"}],"version-history":[{"count":0,"href":"https:\/\/inclusivenews.com.br\/index.php?rest_route=\/wp\/v2\/posts\/647\/revisions"}],"wp:attachment":[{"href":"https:\/\/inclusivenews.com.br\/index.php?rest_route=%2Fwp%2Fv2%2Fmedia&parent=647"}],"wp:term":[{"taxonomy":"category","embeddable":true,"href":"https:\/\/inclusivenews.com.br\/index.php?rest_route=%2Fwp%2Fv2%2Fcategories&post=647"},{"taxonomy":"post_tag","embeddable":true,"href":"https:\/\/inclusivenews.com.br\/index.php?rest_route=%2Fwp%2Fv2%2Ftags&post=647"}],"curies":[{"name":"wp","href":"https:\/\/api.w.org\/{rel}","templated":true}]}}