{"id":648,"date":"2008-07-10T10:07:00","date_gmt":"2008-07-10T10:07:00","guid":{"rendered":"http:\/\/agenciainclusive.wordpress.com\/2008\/07\/10\/promulgado-decreto-que-ratifica-convencao-da-onu-sobre-portadores-de-deficiencia\/"},"modified":"2008-07-10T10:07:00","modified_gmt":"2008-07-10T10:07:00","slug":"promulgado-decreto-que-ratifica-convencao-da-onu-sobre-portadores-de-deficiencia","status":"publish","type":"post","link":"https:\/\/inclusivenews.com.br\/?p=648","title":{"rendered":"Promulgado decreto que ratifica conven\u00e7\u00e3o da ONU sobre portadores de defici\u00eancia"},"content":{"rendered":"<p><!-- START OF ACTIVEMETER CODE --><a href=\"http:\/\/www.agorams.com.br\/index.php?ver=ler&amp;id=131341\">http:\/\/www.agorams.com.br\/index.php?ver=ler&amp;id=131341<\/a><\/p>\n<table border=\"0\" cellspacing=\"0\" cellpadding=\"0\" width=\"98%\" align=\"center\">\n<tbody>\n<tr>\n<td width=\"470\" valign=\"top\">\n<div><span class=\"titulo-ler-news\"><br \/>\n<\/span><\/div>\n<\/td>\n<\/tr>\n<tr>\n<td><\/td>\n<\/tr>\n<tr>\n<td width=\"470\"><img decoding=\"async\" src=\"..\/imagens\/linha.gif\" border=\"0\" alt=\"\" width=\"100%\" height=\"1\" \/><\/td>\n<\/tr>\n<tr>\n<td width=\"470\"><\/td>\n<\/tr>\n<tr>\n<td width=\"470\" valign=\"top\">\n<div>\n<div id=\"HOTWordsTxt\"><span class=\"materia-pinga\">\u201c\u00c9 um ato  hist\u00f3rico de toler\u00e2ncia e solidariedade brasileiras que dignifica o Congresso  Nacional\u201d. A declara\u00e7\u00e3o \u00e9 da senadora Marisa Serrano (PSDB-MS) ap\u00f3s a solenidade  que promulgou hoje (09) o decreto legislativo que ratifica conven\u00e7\u00e3o da ONU  sobre portadores de defici\u00eancia.<\/p>\n<p>Assinada nesta manh\u00e3 pelo presidente do  Senado, Garibaldi Alves, essa conven\u00e7\u00e3o da ONU \u00e9 o primeiro tratado  internacional com status constitucional da Hist\u00f3ria do Brasil e foi constru\u00edda  com a participa\u00e7\u00e3o de organiza\u00e7\u00f5es de deficientes de todo o mundo.<\/p>\n<p>Essa  conven\u00e7\u00e3o marca uma mudan\u00e7a de paradigma nas atitudes e abordagens em rela\u00e7\u00e3o  aos portadores de defici\u00eancia, pois seu objetivo \u00e9 que as pessoas com  defici\u00eancia n\u00e3o sejam vistas como meros objetos de prote\u00e7\u00e3o social, mas como  sujeitos com direitos e capazes de tomar decis\u00f5es como membros ativos da  sociedade.<\/p>\n<p>&#8211; Defender os direitos e a aceita\u00e7\u00e3o social da pessoa com  defici\u00eancia \u00e9 defender o que queremos de melhor para a sociedade brasileira. Se  o Congresso Nacional n\u00e3o tivesse vivido nenhum momento que justificasse o seu  reconhecimento pelo povo brasileiro, seria este o momento que se justificaria  plenamente com a retifica\u00e7\u00e3o dessa conven\u00e7\u00e3o, disse o presidente do Senado  Federal.<\/p>\n<p><\/span><\/div>\n<p><span class=\"fonte-noticias\">Fonte:   Assessoria <\/span><\/div>\n<\/td>\n<\/tr>\n<\/tbody>\n<\/table>\n<p><a href=\"http:\/\/www.activemeter.com\/\" target=\"_blank\" rel=\"noopener\"><br \/>\n<img decoding=\"async\" src=\"http:\/\/am1.activemeter.com\/webtracker\/track.html?method=track&amp;pid=46224&amp;java=0\" border=\"0\" alt=\"Free Hit Counter\" \/><br \/>\n<\/a><br \/>\n<!-- END OF ACTIVEMETER CODE --><\/p>\n","protected":false},"excerpt":{"rendered":"<p>http:\/\/www.agorams.com.br\/index.php?ver=ler&amp;id=131341 \u201c\u00c9 um ato hist\u00f3rico de toler\u00e2ncia e solidariedade brasileiras que dignifica o Congresso Nacional\u201d. A declara\u00e7\u00e3o \u00e9 da senadora Marisa Serrano (PSDB-MS) ap\u00f3s a solenidade que promulgou hoje (09) o decreto legislativo que ratifica conven\u00e7\u00e3o da ONU sobre portadores de defici\u00eancia. Assinada nesta manh\u00e3 pelo presidente do Senado, Garibaldi Alves, essa conven\u00e7\u00e3o da ONU [&hellip;]<\/p>\n","protected":false},"author":2,"featured_media":0,"comment_status":"open","ping_status":"open","sticky":false,"template":"","format":"standard","meta":{"site-container-style":"default","site-container-layout":"default","site-sidebar-layout":"default","disable-article-header":"default","disable-site-header":"default","disable-site-footer":"default","disable-content-area-spacing":"default","footnotes":""},"categories":[5,4],"tags":[],"class_list":["post-648","post","type-post","status-publish","format-standard","hentry","category-convencao","category-noticias"],"yoast_head":"<!-- This site is optimized with the Yoast SEO plugin v27.4 - https:\/\/yoast.com\/product\/yoast-seo-wordpress\/ -->\n<title>Promulgado decreto que ratifica conven\u00e7\u00e3o da ONU sobre portadores de defici\u00eancia -<\/title>\n<meta name=\"robots\" content=\"index, follow, max-snippet:-1, max-image-preview:large, max-video-preview:-1\" \/>\n<link rel=\"canonical\" href=\"https:\/\/inclusivenews.com.br\/?p=648\" \/>\n<meta property=\"og:locale\" content=\"pt_PT\" \/>\n<meta property=\"og:type\" content=\"article\" \/>\n<meta property=\"og:title\" content=\"Promulgado decreto que ratifica conven\u00e7\u00e3o da ONU sobre portadores de defici\u00eancia -\" \/>\n<meta property=\"og:description\" content=\"http:\/\/www.agorams.com.br\/index.php?ver=ler&amp;id=131341 \u201c\u00c9 um ato hist\u00f3rico de toler\u00e2ncia e solidariedade brasileiras que dignifica o Congresso Nacional\u201d. A declara\u00e7\u00e3o \u00e9 da senadora Marisa Serrano (PSDB-MS) ap\u00f3s a solenidade que promulgou hoje (09) o decreto legislativo que ratifica conven\u00e7\u00e3o da ONU sobre portadores de defici\u00eancia. Assinada nesta manh\u00e3 pelo presidente do Senado, Garibaldi Alves, essa conven\u00e7\u00e3o da ONU [&hellip;]\" \/>\n<meta property=\"og:url\" content=\"https:\/\/inclusivenews.com.br\/?p=648\" \/>\n<meta property=\"article:publisher\" content=\"https:\/\/www.facebook.com\/agenciainclusive\/\" \/>\n<meta property=\"article:published_time\" content=\"2008-07-10T10:07:00+00:00\" \/>\n<meta property=\"og:image\" content=\"http:\/\/am1.activemeter.com\/webtracker\/track.html?method=track&amp;pid=46224&amp;java=0\" \/>\n<meta name=\"author\" content=\"Inclusive\" \/>\n<meta name=\"twitter:card\" content=\"summary_large_image\" \/>\n<meta name=\"twitter:label1\" content=\"Escrito por\" \/>\n\t<meta name=\"twitter:data1\" content=\"Inclusive\" \/>\n\t<meta name=\"twitter:label2\" content=\"Tempo estimado de leitura\" \/>\n\t<meta name=\"twitter:data2\" content=\"1 minuto\" \/>\n<script type=\"application\/ld+json\" class=\"yoast-schema-graph\">{\"@context\":\"https:\\\/\\\/schema.org\",\"@graph\":[{\"@type\":\"Article\",\"@id\":\"https:\\\/\\\/inclusivenews.com.br\\\/?p=648#article\",\"isPartOf\":{\"@id\":\"https:\\\/\\\/inclusivenews.com.br\\\/?p=648\"},\"author\":{\"name\":\"Inclusive\",\"@id\":\"https:\\\/\\\/inclusivenews.com.br\\\/#\\\/schema\\\/person\\\/0dab492019871b94abb65fa8ee7c8c44\"},\"headline\":\"Promulgado decreto que ratifica conven\u00e7\u00e3o da ONU sobre portadores de defici\u00eancia\",\"datePublished\":\"2008-07-10T10:07:00+00:00\",\"mainEntityOfPage\":{\"@id\":\"https:\\\/\\\/inclusivenews.com.br\\\/?p=648\"},\"wordCount\":233,\"commentCount\":0,\"publisher\":{\"@id\":\"https:\\\/\\\/inclusivenews.com.br\\\/#organization\"},\"image\":{\"@id\":\"https:\\\/\\\/inclusivenews.com.br\\\/?p=648#primaryimage\"},\"thumbnailUrl\":\"http:\\\/\\\/am1.activemeter.com\\\/webtracker\\\/track.html?method=track&amp;pid=46224&amp;java=0\",\"articleSection\":[\"Conven\u00e7\u00e3o\",\"NOT\u00cdCIAS\"],\"inLanguage\":\"pt-PT\",\"potentialAction\":[{\"@type\":\"CommentAction\",\"name\":\"Comment\",\"target\":[\"https:\\\/\\\/inclusivenews.com.br\\\/?p=648#respond\"]}]},{\"@type\":\"WebPage\",\"@id\":\"https:\\\/\\\/inclusivenews.com.br\\\/?p=648\",\"url\":\"https:\\\/\\\/inclusivenews.com.br\\\/?p=648\",\"name\":\"Promulgado decreto que ratifica conven\u00e7\u00e3o da ONU sobre portadores de defici\u00eancia -\",\"isPartOf\":{\"@id\":\"https:\\\/\\\/inclusivenews.com.br\\\/#website\"},\"primaryImageOfPage\":{\"@id\":\"https:\\\/\\\/inclusivenews.com.br\\\/?p=648#primaryimage\"},\"image\":{\"@id\":\"https:\\\/\\\/inclusivenews.com.br\\\/?p=648#primaryimage\"},\"thumbnailUrl\":\"http:\\\/\\\/am1.activemeter.com\\\/webtracker\\\/track.html?method=track&amp;pid=46224&amp;java=0\",\"datePublished\":\"2008-07-10T10:07:00+00:00\",\"breadcrumb\":{\"@id\":\"https:\\\/\\\/inclusivenews.com.br\\\/?p=648#breadcrumb\"},\"inLanguage\":\"pt-PT\",\"potentialAction\":[{\"@type\":\"ReadAction\",\"target\":[\"https:\\\/\\\/inclusivenews.com.br\\\/?p=648\"]}]},{\"@type\":\"ImageObject\",\"inLanguage\":\"pt-PT\",\"@id\":\"https:\\\/\\\/inclusivenews.com.br\\\/?p=648#primaryimage\",\"url\":\"http:\\\/\\\/am1.activemeter.com\\\/webtracker\\\/track.html?method=track&amp;pid=46224&amp;java=0\",\"contentUrl\":\"http:\\\/\\\/am1.activemeter.com\\\/webtracker\\\/track.html?method=track&amp;pid=46224&amp;java=0\"},{\"@type\":\"BreadcrumbList\",\"@id\":\"https:\\\/\\\/inclusivenews.com.br\\\/?p=648#breadcrumb\",\"itemListElement\":[{\"@type\":\"ListItem\",\"position\":1,\"name\":\"In\u00edcio\",\"item\":\"https:\\\/\\\/inclusivenews.com.br\\\/\"},{\"@type\":\"ListItem\",\"position\":2,\"name\":\"Promulgado decreto que ratifica conven\u00e7\u00e3o da ONU sobre portadores de defici\u00eancia\"}]},{\"@type\":\"WebSite\",\"@id\":\"https:\\\/\\\/inclusivenews.com.br\\\/#website\",\"url\":\"https:\\\/\\\/inclusivenews.com.br\\\/\",\"name\":\"Inclusive News\",\"description\":\"Inclusive News\",\"publisher\":{\"@id\":\"https:\\\/\\\/inclusivenews.com.br\\\/#organization\"},\"potentialAction\":[{\"@type\":\"SearchAction\",\"target\":{\"@type\":\"EntryPoint\",\"urlTemplate\":\"https:\\\/\\\/inclusivenews.com.br\\\/?s={search_term_string}\"},\"query-input\":{\"@type\":\"PropertyValueSpecification\",\"valueRequired\":true,\"valueName\":\"search_term_string\"}}],\"inLanguage\":\"pt-PT\"},{\"@type\":\"Organization\",\"@id\":\"https:\\\/\\\/inclusivenews.com.br\\\/#organization\",\"name\":\"Inclusive - inclus\u00e3o e cidadania\",\"url\":\"https:\\\/\\\/inclusivenews.com.br\\\/\",\"logo\":{\"@type\":\"ImageObject\",\"inLanguage\":\"pt-PT\",\"@id\":\"https:\\\/\\\/inclusivenews.com.br\\\/#\\\/schema\\\/logo\\\/image\\\/\",\"url\":\"https:\\\/\\\/inclusivenews.com.br\\\/wp-content\\\/uploads\\\/2024\\\/03\\\/@grandesite.png\",\"contentUrl\":\"https:\\\/\\\/inclusivenews.com.br\\\/wp-content\\\/uploads\\\/2024\\\/03\\\/@grandesite.png\",\"width\":1080,\"height\":1080,\"caption\":\"Inclusive - inclus\u00e3o e cidadania\"},\"image\":{\"@id\":\"https:\\\/\\\/inclusivenews.com.br\\\/#\\\/schema\\\/logo\\\/image\\\/\"},\"sameAs\":[\"https:\\\/\\\/www.facebook.com\\\/agenciainclusive\\\/\",\"https:\\\/\\\/www.instagram.com\\\/newsinclusive\\\/\"]},{\"@type\":\"Person\",\"@id\":\"https:\\\/\\\/inclusivenews.com.br\\\/#\\\/schema\\\/person\\\/0dab492019871b94abb65fa8ee7c8c44\",\"name\":\"Inclusive\",\"image\":{\"@type\":\"ImageObject\",\"inLanguage\":\"pt-PT\",\"@id\":\"https:\\\/\\\/secure.gravatar.com\\\/avatar\\\/?s=96&d=mm&r=g\",\"url\":\"https:\\\/\\\/secure.gravatar.com\\\/avatar\\\/?s=96&d=mm&r=g\",\"contentUrl\":\"https:\\\/\\\/secure.gravatar.com\\\/avatar\\\/?s=96&d=mm&r=g\",\"caption\":\"Inclusive\"},\"url\":\"https:\\\/\\\/inclusivenews.com.br\\\/?author=2\"}]}<\/script>\n<!-- \/ Yoast SEO plugin. -->","yoast_head_json":{"title":"Promulgado decreto que ratifica conven\u00e7\u00e3o da ONU sobre portadores de defici\u00eancia -","robots":{"index":"index","follow":"follow","max-snippet":"max-snippet:-1","max-image-preview":"max-image-preview:large","max-video-preview":"max-video-preview:-1"},"canonical":"https:\/\/inclusivenews.com.br\/?p=648","og_locale":"pt_PT","og_type":"article","og_title":"Promulgado decreto que ratifica conven\u00e7\u00e3o da ONU sobre portadores de defici\u00eancia -","og_description":"http:\/\/www.agorams.com.br\/index.php?ver=ler&amp;id=131341 \u201c\u00c9 um ato hist\u00f3rico de toler\u00e2ncia e solidariedade brasileiras que dignifica o Congresso Nacional\u201d. A declara\u00e7\u00e3o \u00e9 da senadora Marisa Serrano (PSDB-MS) ap\u00f3s a solenidade que promulgou hoje (09) o decreto legislativo que ratifica conven\u00e7\u00e3o da ONU sobre portadores de defici\u00eancia. Assinada nesta manh\u00e3 pelo presidente do Senado, Garibaldi Alves, essa conven\u00e7\u00e3o da ONU [&hellip;]","og_url":"https:\/\/inclusivenews.com.br\/?p=648","article_publisher":"https:\/\/www.facebook.com\/agenciainclusive\/","article_published_time":"2008-07-10T10:07:00+00:00","og_image":[{"url":"http:\/\/am1.activemeter.com\/webtracker\/track.html?method=track&amp;pid=46224&amp;java=0","type":"","width":"","height":""}],"author":"Inclusive","twitter_card":"summary_large_image","twitter_misc":{"Escrito por":"Inclusive","Tempo estimado de leitura":"1 minuto"},"schema":{"@context":"https:\/\/schema.org","@graph":[{"@type":"Article","@id":"https:\/\/inclusivenews.com.br\/?p=648#article","isPartOf":{"@id":"https:\/\/inclusivenews.com.br\/?p=648"},"author":{"name":"Inclusive","@id":"https:\/\/inclusivenews.com.br\/#\/schema\/person\/0dab492019871b94abb65fa8ee7c8c44"},"headline":"Promulgado decreto que ratifica conven\u00e7\u00e3o da ONU sobre portadores de defici\u00eancia","datePublished":"2008-07-10T10:07:00+00:00","mainEntityOfPage":{"@id":"https:\/\/inclusivenews.com.br\/?p=648"},"wordCount":233,"commentCount":0,"publisher":{"@id":"https:\/\/inclusivenews.com.br\/#organization"},"image":{"@id":"https:\/\/inclusivenews.com.br\/?p=648#primaryimage"},"thumbnailUrl":"http:\/\/am1.activemeter.com\/webtracker\/track.html?method=track&amp;pid=46224&amp;java=0","articleSection":["Conven\u00e7\u00e3o","NOT\u00cdCIAS"],"inLanguage":"pt-PT","potentialAction":[{"@type":"CommentAction","name":"Comment","target":["https:\/\/inclusivenews.com.br\/?p=648#respond"]}]},{"@type":"WebPage","@id":"https:\/\/inclusivenews.com.br\/?p=648","url":"https:\/\/inclusivenews.com.br\/?p=648","name":"Promulgado decreto que ratifica conven\u00e7\u00e3o da ONU sobre portadores de defici\u00eancia -","isPartOf":{"@id":"https:\/\/inclusivenews.com.br\/#website"},"primaryImageOfPage":{"@id":"https:\/\/inclusivenews.com.br\/?p=648#primaryimage"},"image":{"@id":"https:\/\/inclusivenews.com.br\/?p=648#primaryimage"},"thumbnailUrl":"http:\/\/am1.activemeter.com\/webtracker\/track.html?method=track&amp;pid=46224&amp;java=0","datePublished":"2008-07-10T10:07:00+00:00","breadcrumb":{"@id":"https:\/\/inclusivenews.com.br\/?p=648#breadcrumb"},"inLanguage":"pt-PT","potentialAction":[{"@type":"ReadAction","target":["https:\/\/inclusivenews.com.br\/?p=648"]}]},{"@type":"ImageObject","inLanguage":"pt-PT","@id":"https:\/\/inclusivenews.com.br\/?p=648#primaryimage","url":"http:\/\/am1.activemeter.com\/webtracker\/track.html?method=track&amp;pid=46224&amp;java=0","contentUrl":"http:\/\/am1.activemeter.com\/webtracker\/track.html?method=track&amp;pid=46224&amp;java=0"},{"@type":"BreadcrumbList","@id":"https:\/\/inclusivenews.com.br\/?p=648#breadcrumb","itemListElement":[{"@type":"ListItem","position":1,"name":"In\u00edcio","item":"https:\/\/inclusivenews.com.br\/"},{"@type":"ListItem","position":2,"name":"Promulgado decreto que ratifica conven\u00e7\u00e3o da ONU sobre portadores de defici\u00eancia"}]},{"@type":"WebSite","@id":"https:\/\/inclusivenews.com.br\/#website","url":"https:\/\/inclusivenews.com.br\/","name":"Inclusive News","description":"Inclusive News","publisher":{"@id":"https:\/\/inclusivenews.com.br\/#organization"},"potentialAction":[{"@type":"SearchAction","target":{"@type":"EntryPoint","urlTemplate":"https:\/\/inclusivenews.com.br\/?s={search_term_string}"},"query-input":{"@type":"PropertyValueSpecification","valueRequired":true,"valueName":"search_term_string"}}],"inLanguage":"pt-PT"},{"@type":"Organization","@id":"https:\/\/inclusivenews.com.br\/#organization","name":"Inclusive - inclus\u00e3o e cidadania","url":"https:\/\/inclusivenews.com.br\/","logo":{"@type":"ImageObject","inLanguage":"pt-PT","@id":"https:\/\/inclusivenews.com.br\/#\/schema\/logo\/image\/","url":"https:\/\/inclusivenews.com.br\/wp-content\/uploads\/2024\/03\/@grandesite.png","contentUrl":"https:\/\/inclusivenews.com.br\/wp-content\/uploads\/2024\/03\/@grandesite.png","width":1080,"height":1080,"caption":"Inclusive - inclus\u00e3o e cidadania"},"image":{"@id":"https:\/\/inclusivenews.com.br\/#\/schema\/logo\/image\/"},"sameAs":["https:\/\/www.facebook.com\/agenciainclusive\/","https:\/\/www.instagram.com\/newsinclusive\/"]},{"@type":"Person","@id":"https:\/\/inclusivenews.com.br\/#\/schema\/person\/0dab492019871b94abb65fa8ee7c8c44","name":"Inclusive","image":{"@type":"ImageObject","inLanguage":"pt-PT","@id":"https:\/\/secure.gravatar.com\/avatar\/?s=96&d=mm&r=g","url":"https:\/\/secure.gravatar.com\/avatar\/?s=96&d=mm&r=g","contentUrl":"https:\/\/secure.gravatar.com\/avatar\/?s=96&d=mm&r=g","caption":"Inclusive"},"url":"https:\/\/inclusivenews.com.br\/?author=2"}]}},"_links":{"self":[{"href":"https:\/\/inclusivenews.com.br\/index.php?rest_route=\/wp\/v2\/posts\/648","targetHints":{"allow":["GET"]}}],"collection":[{"href":"https:\/\/inclusivenews.com.br\/index.php?rest_route=\/wp\/v2\/posts"}],"about":[{"href":"https:\/\/inclusivenews.com.br\/index.php?rest_route=\/wp\/v2\/types\/post"}],"author":[{"embeddable":true,"href":"https:\/\/inclusivenews.com.br\/index.php?rest_route=\/wp\/v2\/users\/2"}],"replies":[{"embeddable":true,"href":"https:\/\/inclusivenews.com.br\/index.php?rest_route=%2Fwp%2Fv2%2Fcomments&post=648"}],"version-history":[{"count":0,"href":"https:\/\/inclusivenews.com.br\/index.php?rest_route=\/wp\/v2\/posts\/648\/revisions"}],"wp:attachment":[{"href":"https:\/\/inclusivenews.com.br\/index.php?rest_route=%2Fwp%2Fv2%2Fmedia&parent=648"}],"wp:term":[{"taxonomy":"category","embeddable":true,"href":"https:\/\/inclusivenews.com.br\/index.php?rest_route=%2Fwp%2Fv2%2Fcategories&post=648"},{"taxonomy":"post_tag","embeddable":true,"href":"https:\/\/inclusivenews.com.br\/index.php?rest_route=%2Fwp%2Fv2%2Ftags&post=648"}],"curies":[{"name":"wp","href":"https:\/\/api.w.org\/{rel}","templated":true}]}}