{"id":6504,"date":"2009-03-28T14:00:26","date_gmt":"2009-03-28T14:00:26","guid":{"rendered":"http:\/\/agenciainclusive.wordpress.com\/?p=6504"},"modified":"2009-03-28T14:00:26","modified_gmt":"2009-03-28T14:00:26","slug":"programa-assim-vivemos-todos-os-domingos-as-18h30-na-tv-brasil-com-audiodescricao-libras-e-cc","status":"publish","type":"post","link":"https:\/\/inclusivenews.com.br\/?p=6504","title":{"rendered":"Programa Assim Vivemos &#8211; todos os domingos \u00e0s 18h30 na TV Brasil &#8211; com Audiodescri\u00e7\u00e3o, LIBRAS e CC."},"content":{"rendered":"<p>Neste domingo: conhe\u00e7a o movimentado mundo do sil\u00eancio<\/p>\n<p>O premiado O Resto \u00e9 Sil\u00eancio, de Paulo Halm, com elenco composto por atores surdos e todo &#8220;falado&#8221; em LIBRAS &#8211; a l\u00edngua brasileira de sinais &#8211; \u00e9 o filme que o programa Assim Vivemos, da TV Brasil, vai exibir no pr\u00f3ximo domingo. A sens\u00edvel hist\u00f3ria de amor entre um casal de adolescentes surdos leva a uma dupla reflex\u00e3o: por um lado, sobre a riqueza da comunica\u00e7\u00e3o n\u00e3o-verbal; por outro, sobre a relev\u00e2ncia do som no cinema. Premiado em Gramado como melhor roteiro de curta e melhor ator &#8211; Valdo N\u00f3brega -, \u00e9 uma chance rara de mergulhar no universo instigante do sil\u00eancio. O contraponto \u00e9 dado pelas divertidas perip\u00e9cias dos adolescentes, cujo sil\u00eancio \u00e9 mais que eloq\u00fcente. O Assim Vivemos \u00e9 apresentado pela jornalista Moira Braga, que \u00e9 cega, e pelo ator Nelson Pimenta, que \u00e9 surdo, e exibe sempre curtas de diversos pa\u00edses do mundo e perfis de pessoas com defici\u00eancia que fazem a diferen\u00e7a.<\/p>\n<p>Quem perdeu o programa do domingo passado, n\u00e3o esque\u00e7a:<\/p>\n<p>O Assim Vivemos tamb\u00e9m fica dispon\u00edvel no site www.tvbrasil. org.br\/assimvive mos durante uma semana &#8211; com Audiodescri\u00e7\u00e3o, LIBRAS e CC.<\/p>\n<p>Acesse o site e confira!<\/p>\n","protected":false},"excerpt":{"rendered":"<p>Neste domingo: conhe\u00e7a o movimentado mundo do sil\u00eancio O premiado O Resto \u00e9 Sil\u00eancio, de Paulo Halm, com elenco composto por atores surdos e todo &#8220;falado&#8221; em LIBRAS &#8211; a l\u00edngua brasileira de sinais &#8211; \u00e9 o filme que o programa Assim Vivemos, da TV Brasil, vai exibir no pr\u00f3ximo domingo. A sens\u00edvel hist\u00f3ria de [&hellip;]<\/p>\n","protected":false},"author":2,"featured_media":0,"comment_status":"open","ping_status":"open","sticky":false,"template":"","format":"standard","meta":{"site-container-style":"default","site-container-layout":"default","site-sidebar-layout":"default","disable-article-header":"default","disable-site-header":"default","disable-site-footer":"default","disable-content-area-spacing":"default","footnotes":""},"categories":[29,4],"tags":[],"class_list":["post-6504","post","type-post","status-publish","format-standard","hentry","category-cultura","category-noticias"],"yoast_head":"<!-- This site is optimized with the Yoast SEO plugin v27.4 - https:\/\/yoast.com\/product\/yoast-seo-wordpress\/ -->\n<title>Programa Assim Vivemos - todos os domingos \u00e0s 18h30 na TV Brasil - com Audiodescri\u00e7\u00e3o, LIBRAS e CC. -<\/title>\n<meta name=\"robots\" content=\"index, follow, max-snippet:-1, max-image-preview:large, max-video-preview:-1\" \/>\n<link rel=\"canonical\" href=\"https:\/\/inclusivenews.com.br\/?p=6504\" \/>\n<meta property=\"og:locale\" content=\"pt_PT\" \/>\n<meta property=\"og:type\" content=\"article\" \/>\n<meta property=\"og:title\" content=\"Programa Assim Vivemos - todos os domingos \u00e0s 18h30 na TV Brasil - com Audiodescri\u00e7\u00e3o, LIBRAS e CC. -\" \/>\n<meta property=\"og:description\" content=\"Neste domingo: conhe\u00e7a o movimentado mundo do sil\u00eancio O premiado O Resto \u00e9 Sil\u00eancio, de Paulo Halm, com elenco composto por atores surdos e todo &#8220;falado&#8221; em LIBRAS &#8211; a l\u00edngua brasileira de sinais &#8211; \u00e9 o filme que o programa Assim Vivemos, da TV Brasil, vai exibir no pr\u00f3ximo domingo. A sens\u00edvel hist\u00f3ria de [&hellip;]\" \/>\n<meta property=\"og:url\" content=\"https:\/\/inclusivenews.com.br\/?p=6504\" \/>\n<meta property=\"article:publisher\" content=\"https:\/\/www.facebook.com\/agenciainclusive\/\" \/>\n<meta property=\"article:published_time\" content=\"2009-03-28T14:00:26+00:00\" \/>\n<meta name=\"author\" content=\"Inclusive\" \/>\n<meta name=\"twitter:card\" content=\"summary_large_image\" \/>\n<meta name=\"twitter:label1\" content=\"Escrito por\" \/>\n\t<meta name=\"twitter:data1\" content=\"Inclusive\" \/>\n\t<meta name=\"twitter:label2\" content=\"Tempo estimado de leitura\" \/>\n\t<meta name=\"twitter:data2\" content=\"1 minuto\" \/>\n<script type=\"application\/ld+json\" class=\"yoast-schema-graph\">{\"@context\":\"https:\\\/\\\/schema.org\",\"@graph\":[{\"@type\":\"Article\",\"@id\":\"https:\\\/\\\/inclusivenews.com.br\\\/?p=6504#article\",\"isPartOf\":{\"@id\":\"https:\\\/\\\/inclusivenews.com.br\\\/?p=6504\"},\"author\":{\"name\":\"Inclusive\",\"@id\":\"https:\\\/\\\/inclusivenews.com.br\\\/#\\\/schema\\\/person\\\/0dab492019871b94abb65fa8ee7c8c44\"},\"headline\":\"Programa Assim Vivemos &#8211; todos os domingos \u00e0s 18h30 na TV Brasil &#8211; com Audiodescri\u00e7\u00e3o, LIBRAS e CC.\",\"datePublished\":\"2009-03-28T14:00:26+00:00\",\"mainEntityOfPage\":{\"@id\":\"https:\\\/\\\/inclusivenews.com.br\\\/?p=6504\"},\"wordCount\":237,\"commentCount\":0,\"publisher\":{\"@id\":\"https:\\\/\\\/inclusivenews.com.br\\\/#organization\"},\"articleSection\":[\"Cultura\",\"NOT\u00cdCIAS\"],\"inLanguage\":\"pt-PT\",\"potentialAction\":[{\"@type\":\"CommentAction\",\"name\":\"Comment\",\"target\":[\"https:\\\/\\\/inclusivenews.com.br\\\/?p=6504#respond\"]}]},{\"@type\":\"WebPage\",\"@id\":\"https:\\\/\\\/inclusivenews.com.br\\\/?p=6504\",\"url\":\"https:\\\/\\\/inclusivenews.com.br\\\/?p=6504\",\"name\":\"Programa Assim Vivemos - todos os domingos \u00e0s 18h30 na TV Brasil - com Audiodescri\u00e7\u00e3o, LIBRAS e CC. -\",\"isPartOf\":{\"@id\":\"https:\\\/\\\/inclusivenews.com.br\\\/#website\"},\"datePublished\":\"2009-03-28T14:00:26+00:00\",\"breadcrumb\":{\"@id\":\"https:\\\/\\\/inclusivenews.com.br\\\/?p=6504#breadcrumb\"},\"inLanguage\":\"pt-PT\",\"potentialAction\":[{\"@type\":\"ReadAction\",\"target\":[\"https:\\\/\\\/inclusivenews.com.br\\\/?p=6504\"]}]},{\"@type\":\"BreadcrumbList\",\"@id\":\"https:\\\/\\\/inclusivenews.com.br\\\/?p=6504#breadcrumb\",\"itemListElement\":[{\"@type\":\"ListItem\",\"position\":1,\"name\":\"In\u00edcio\",\"item\":\"https:\\\/\\\/inclusivenews.com.br\\\/\"},{\"@type\":\"ListItem\",\"position\":2,\"name\":\"Programa Assim Vivemos &#8211; todos os domingos \u00e0s 18h30 na TV Brasil &#8211; com Audiodescri\u00e7\u00e3o, LIBRAS e CC.\"}]},{\"@type\":\"WebSite\",\"@id\":\"https:\\\/\\\/inclusivenews.com.br\\\/#website\",\"url\":\"https:\\\/\\\/inclusivenews.com.br\\\/\",\"name\":\"Inclusive News\",\"description\":\"Inclusive News\",\"publisher\":{\"@id\":\"https:\\\/\\\/inclusivenews.com.br\\\/#organization\"},\"potentialAction\":[{\"@type\":\"SearchAction\",\"target\":{\"@type\":\"EntryPoint\",\"urlTemplate\":\"https:\\\/\\\/inclusivenews.com.br\\\/?s={search_term_string}\"},\"query-input\":{\"@type\":\"PropertyValueSpecification\",\"valueRequired\":true,\"valueName\":\"search_term_string\"}}],\"inLanguage\":\"pt-PT\"},{\"@type\":\"Organization\",\"@id\":\"https:\\\/\\\/inclusivenews.com.br\\\/#organization\",\"name\":\"Inclusive - inclus\u00e3o e cidadania\",\"url\":\"https:\\\/\\\/inclusivenews.com.br\\\/\",\"logo\":{\"@type\":\"ImageObject\",\"inLanguage\":\"pt-PT\",\"@id\":\"https:\\\/\\\/inclusivenews.com.br\\\/#\\\/schema\\\/logo\\\/image\\\/\",\"url\":\"https:\\\/\\\/inclusivenews.com.br\\\/wp-content\\\/uploads\\\/2024\\\/03\\\/@grandesite.png\",\"contentUrl\":\"https:\\\/\\\/inclusivenews.com.br\\\/wp-content\\\/uploads\\\/2024\\\/03\\\/@grandesite.png\",\"width\":1080,\"height\":1080,\"caption\":\"Inclusive - inclus\u00e3o e cidadania\"},\"image\":{\"@id\":\"https:\\\/\\\/inclusivenews.com.br\\\/#\\\/schema\\\/logo\\\/image\\\/\"},\"sameAs\":[\"https:\\\/\\\/www.facebook.com\\\/agenciainclusive\\\/\",\"https:\\\/\\\/www.instagram.com\\\/newsinclusive\\\/\"]},{\"@type\":\"Person\",\"@id\":\"https:\\\/\\\/inclusivenews.com.br\\\/#\\\/schema\\\/person\\\/0dab492019871b94abb65fa8ee7c8c44\",\"name\":\"Inclusive\",\"image\":{\"@type\":\"ImageObject\",\"inLanguage\":\"pt-PT\",\"@id\":\"https:\\\/\\\/secure.gravatar.com\\\/avatar\\\/?s=96&d=mm&r=g\",\"url\":\"https:\\\/\\\/secure.gravatar.com\\\/avatar\\\/?s=96&d=mm&r=g\",\"contentUrl\":\"https:\\\/\\\/secure.gravatar.com\\\/avatar\\\/?s=96&d=mm&r=g\",\"caption\":\"Inclusive\"},\"url\":\"https:\\\/\\\/inclusivenews.com.br\\\/?author=2\"}]}<\/script>\n<!-- \/ Yoast SEO plugin. -->","yoast_head_json":{"title":"Programa Assim Vivemos - todos os domingos \u00e0s 18h30 na TV Brasil - com Audiodescri\u00e7\u00e3o, LIBRAS e CC. -","robots":{"index":"index","follow":"follow","max-snippet":"max-snippet:-1","max-image-preview":"max-image-preview:large","max-video-preview":"max-video-preview:-1"},"canonical":"https:\/\/inclusivenews.com.br\/?p=6504","og_locale":"pt_PT","og_type":"article","og_title":"Programa Assim Vivemos - todos os domingos \u00e0s 18h30 na TV Brasil - com Audiodescri\u00e7\u00e3o, LIBRAS e CC. -","og_description":"Neste domingo: conhe\u00e7a o movimentado mundo do sil\u00eancio O premiado O Resto \u00e9 Sil\u00eancio, de Paulo Halm, com elenco composto por atores surdos e todo &#8220;falado&#8221; em LIBRAS &#8211; a l\u00edngua brasileira de sinais &#8211; \u00e9 o filme que o programa Assim Vivemos, da TV Brasil, vai exibir no pr\u00f3ximo domingo. A sens\u00edvel hist\u00f3ria de [&hellip;]","og_url":"https:\/\/inclusivenews.com.br\/?p=6504","article_publisher":"https:\/\/www.facebook.com\/agenciainclusive\/","article_published_time":"2009-03-28T14:00:26+00:00","author":"Inclusive","twitter_card":"summary_large_image","twitter_misc":{"Escrito por":"Inclusive","Tempo estimado de leitura":"1 minuto"},"schema":{"@context":"https:\/\/schema.org","@graph":[{"@type":"Article","@id":"https:\/\/inclusivenews.com.br\/?p=6504#article","isPartOf":{"@id":"https:\/\/inclusivenews.com.br\/?p=6504"},"author":{"name":"Inclusive","@id":"https:\/\/inclusivenews.com.br\/#\/schema\/person\/0dab492019871b94abb65fa8ee7c8c44"},"headline":"Programa Assim Vivemos &#8211; todos os domingos \u00e0s 18h30 na TV Brasil &#8211; com Audiodescri\u00e7\u00e3o, LIBRAS e CC.","datePublished":"2009-03-28T14:00:26+00:00","mainEntityOfPage":{"@id":"https:\/\/inclusivenews.com.br\/?p=6504"},"wordCount":237,"commentCount":0,"publisher":{"@id":"https:\/\/inclusivenews.com.br\/#organization"},"articleSection":["Cultura","NOT\u00cdCIAS"],"inLanguage":"pt-PT","potentialAction":[{"@type":"CommentAction","name":"Comment","target":["https:\/\/inclusivenews.com.br\/?p=6504#respond"]}]},{"@type":"WebPage","@id":"https:\/\/inclusivenews.com.br\/?p=6504","url":"https:\/\/inclusivenews.com.br\/?p=6504","name":"Programa Assim Vivemos - todos os domingos \u00e0s 18h30 na TV Brasil - com Audiodescri\u00e7\u00e3o, LIBRAS e CC. -","isPartOf":{"@id":"https:\/\/inclusivenews.com.br\/#website"},"datePublished":"2009-03-28T14:00:26+00:00","breadcrumb":{"@id":"https:\/\/inclusivenews.com.br\/?p=6504#breadcrumb"},"inLanguage":"pt-PT","potentialAction":[{"@type":"ReadAction","target":["https:\/\/inclusivenews.com.br\/?p=6504"]}]},{"@type":"BreadcrumbList","@id":"https:\/\/inclusivenews.com.br\/?p=6504#breadcrumb","itemListElement":[{"@type":"ListItem","position":1,"name":"In\u00edcio","item":"https:\/\/inclusivenews.com.br\/"},{"@type":"ListItem","position":2,"name":"Programa Assim Vivemos &#8211; todos os domingos \u00e0s 18h30 na TV Brasil &#8211; com Audiodescri\u00e7\u00e3o, LIBRAS e CC."}]},{"@type":"WebSite","@id":"https:\/\/inclusivenews.com.br\/#website","url":"https:\/\/inclusivenews.com.br\/","name":"Inclusive News","description":"Inclusive News","publisher":{"@id":"https:\/\/inclusivenews.com.br\/#organization"},"potentialAction":[{"@type":"SearchAction","target":{"@type":"EntryPoint","urlTemplate":"https:\/\/inclusivenews.com.br\/?s={search_term_string}"},"query-input":{"@type":"PropertyValueSpecification","valueRequired":true,"valueName":"search_term_string"}}],"inLanguage":"pt-PT"},{"@type":"Organization","@id":"https:\/\/inclusivenews.com.br\/#organization","name":"Inclusive - inclus\u00e3o e cidadania","url":"https:\/\/inclusivenews.com.br\/","logo":{"@type":"ImageObject","inLanguage":"pt-PT","@id":"https:\/\/inclusivenews.com.br\/#\/schema\/logo\/image\/","url":"https:\/\/inclusivenews.com.br\/wp-content\/uploads\/2024\/03\/@grandesite.png","contentUrl":"https:\/\/inclusivenews.com.br\/wp-content\/uploads\/2024\/03\/@grandesite.png","width":1080,"height":1080,"caption":"Inclusive - inclus\u00e3o e cidadania"},"image":{"@id":"https:\/\/inclusivenews.com.br\/#\/schema\/logo\/image\/"},"sameAs":["https:\/\/www.facebook.com\/agenciainclusive\/","https:\/\/www.instagram.com\/newsinclusive\/"]},{"@type":"Person","@id":"https:\/\/inclusivenews.com.br\/#\/schema\/person\/0dab492019871b94abb65fa8ee7c8c44","name":"Inclusive","image":{"@type":"ImageObject","inLanguage":"pt-PT","@id":"https:\/\/secure.gravatar.com\/avatar\/?s=96&d=mm&r=g","url":"https:\/\/secure.gravatar.com\/avatar\/?s=96&d=mm&r=g","contentUrl":"https:\/\/secure.gravatar.com\/avatar\/?s=96&d=mm&r=g","caption":"Inclusive"},"url":"https:\/\/inclusivenews.com.br\/?author=2"}]}},"_links":{"self":[{"href":"https:\/\/inclusivenews.com.br\/index.php?rest_route=\/wp\/v2\/posts\/6504","targetHints":{"allow":["GET"]}}],"collection":[{"href":"https:\/\/inclusivenews.com.br\/index.php?rest_route=\/wp\/v2\/posts"}],"about":[{"href":"https:\/\/inclusivenews.com.br\/index.php?rest_route=\/wp\/v2\/types\/post"}],"author":[{"embeddable":true,"href":"https:\/\/inclusivenews.com.br\/index.php?rest_route=\/wp\/v2\/users\/2"}],"replies":[{"embeddable":true,"href":"https:\/\/inclusivenews.com.br\/index.php?rest_route=%2Fwp%2Fv2%2Fcomments&post=6504"}],"version-history":[{"count":0,"href":"https:\/\/inclusivenews.com.br\/index.php?rest_route=\/wp\/v2\/posts\/6504\/revisions"}],"wp:attachment":[{"href":"https:\/\/inclusivenews.com.br\/index.php?rest_route=%2Fwp%2Fv2%2Fmedia&parent=6504"}],"wp:term":[{"taxonomy":"category","embeddable":true,"href":"https:\/\/inclusivenews.com.br\/index.php?rest_route=%2Fwp%2Fv2%2Fcategories&post=6504"},{"taxonomy":"post_tag","embeddable":true,"href":"https:\/\/inclusivenews.com.br\/index.php?rest_route=%2Fwp%2Fv2%2Ftags&post=6504"}],"curies":[{"name":"wp","href":"https:\/\/api.w.org\/{rel}","templated":true}]}}