{"id":6508,"date":"2009-03-28T19:39:37","date_gmt":"2009-03-28T19:39:37","guid":{"rendered":"http:\/\/agenciainclusive.wordpress.com\/?p=6508"},"modified":"2009-03-28T19:39:37","modified_gmt":"2009-03-28T19:39:37","slug":"seminarios-gratuitos-sp-2-a-54","status":"publish","type":"post","link":"https:\/\/inclusivenews.com.br\/?p=6508","title":{"rendered":"Semin\u00e1rios gratuitos &#8211; SP &#8211; 2 a 5\/4"},"content":{"rendered":"<div><img loading=\"lazy\" decoding=\"async\" src=\"http:\/\/www.pacin.com.br\/_scripts\/imagens_eventos\/logo_reasem2009.jpg\" alt=\"\" width=\"450\" height=\"148\" \/><\/div>\n<table style=\"height:56px;\" border=\"0\" cellspacing=\"0\" cellpadding=\"0\" width=\"545\">\n<tbody>\n<tr>\n<td width=\"98%\">\n<div><span style=\"font-family:Verdana,Arial,Helvetica,sans-serif;font-size:xx-small;\"><span style=\"font-size:x-small;\"><span style=\"font-size:small;\"><strong> 2 a 5 de abril de 2009 <\/strong><\/span><\/span><\/span><strong><\/strong><span style=\"font-family:Verdana,Arial,Helvetica,sans-serif;font-size:small;\"><strong><br \/>\n<strong>S\u00e3o Paulo &#8211; SP<\/strong><\/strong><\/span><\/div>\n<\/td>\n<td width=\"2%\"><img loading=\"lazy\" decoding=\"async\" src=\"http:\/\/www.pacin.com.br\/_scripts\/imagens_eventos\/participacao_gratuita.jpg\" alt=\"\" width=\"130\" height=\"60\" \/><\/td>\n<\/tr>\n<\/tbody>\n<\/table>\n<div>\n<div>\n<table class=\"Texto1\" style=\"height:471px;\" border=\"1\" cellspacing=\"0\" cellpadding=\"3\" width=\"537\">\n<tbody>\n<tr>\n<td class=\"tituloBranco\" width=\"21%\" bgcolor=\"#999900\">\n<p align=\"center\"><strong>HOR\u00c1RIO <\/strong><\/p>\n<\/td>\n<td class=\"tituloBranco\" width=\"78%\" bgcolor=\"#999900\">\n<p align=\"center\"><strong>02 de abril de 2009 \u2013 quinta-feira <\/strong><\/p>\n<\/td>\n<\/tr>\n<tr>\n<td width=\"21%\" valign=\"top\">\n<p align=\"center\"><strong> 14h00 \u00e0s 15h00<\/strong><\/p>\n<\/td>\n<td width=\"78%\">Tema:<strong>Tecnologia Assistiva: Enfoque da   Oficina Ortop\u00e9dica<\/strong><\/p>\n<p>Palestrante: <strong class=\"Subtitulomarrom3\">Fernanda Pontes   Cardoso<\/strong> \u2013   Terapeuta ocupacional<strong> <\/strong>&#8211; LESF &#8211; Lar Escola S\u00e3o Francisco<strong><br \/>\n<\/strong><\/td>\n<\/tr>\n<tr>\n<td width=\"21%\" valign=\"top\">\n<p align=\"center\"><strong>15h00    \u00e0s 15h30<\/strong><strong> <\/strong><\/p>\n<\/td>\n<td width=\"78%\">Tema:<strong> Terapia Funcional Aqu\u00e1tica<\/strong><\/p>\n<p>Palestrante: <span class=\"Subtitulomarrom3\"><strong>Mauricio Koprowski Garcia<\/strong><\/span> &#8211; IMREA (DMR)<\/td>\n<\/tr>\n<tr>\n<td width=\"21%\" valign=\"top\">\n<p align=\"center\"><strong>15h30    \u00e0s 16h00<\/strong><strong> <\/strong><\/p>\n<\/td>\n<td width=\"78%\" valign=\"top\">Tema:<strong> Capacita\u00e7\u00e3o Profissional X Demanda do Mercado de Trabalho Atual<\/strong><\/p>\n<p>Palestrante: <span class=\"Subtitulomarrom3\"><strong>Maria Helena Guedes<\/strong><\/span> &#8211; Psic\u00f3loga &#8211; IMREA (DMR)<\/td>\n<\/tr>\n<tr>\n<td width=\"21%\" valign=\"top\">\n<p align=\"center\"><strong>16h00    \u00e0s 16h30<\/strong><strong> <\/strong><\/p>\n<\/td>\n<td width=\"78%\" valign=\"top\">Tema:<strong> Pet-terapia &#8211; Terapia Assistida por Animas<\/strong><\/p>\n<p>Palestrante:  <span class=\"Subtitulomarrom3\"><strong>Liana Pires Santos<\/strong><\/span> &#8211; Psicopedagoga &#8211; GATI Equoterapia<\/td>\n<\/tr>\n<tr>\n<td width=\"21%\" valign=\"top\">\n<p align=\"center\"><strong>16h30 \u00e0s 17h00<\/strong><strong> <\/strong><\/p>\n<\/td>\n<td width=\"78%\" valign=\"top\">Tema:<strong> Ulceras por Press\u00e3o (Escaras)<\/strong><\/p>\n<p>Palestrante: <span class=\"Subtitulomarrom3\"><strong>Liana Pires Santos<\/strong><\/span> &#8211; Psicopedagoga &#8211; GATI Equoterapia<\/td>\n<\/tr>\n<tr>\n<td width=\"21%\" valign=\"top\">\n<p align=\"center\"><strong>17h00    \u00e0s 17h30<\/strong><strong> <\/strong><\/p>\n<\/td>\n<td width=\"78%\" valign=\"top\">Tema:<strong> Bloqueio Neuro Muscular com Botox e Disport<\/strong><\/p>\n<p>Palestrante: <span class=\"Subtitulomarrom3\"><strong>Dr. Luiz Antonio Arruda Botelho<\/strong><\/span> &#8211; Funda\u00e7\u00e3o Selma<\/td>\n<\/tr>\n<tr>\n<td width=\"21%\" valign=\"top\">\n<p align=\"center\"><strong>17h30    \u00e0s 18h00 <\/strong><strong> <\/strong><\/p>\n<\/td>\n<td width=\"78%\" valign=\"top\">Tema:<strong> Hidroterapia Ocupacional<\/strong><\/p>\n<p>Palestrante: <span class=\"Subtitulomarrom3\"><strong>Adnamare Aparecida Tikassawa<\/strong><\/span> &#8211; Funda\u00e7\u00e3o Selma<\/td>\n<\/tr>\n<tr>\n<td valign=\"top\">\n<p align=\"center\"><strong>18h00    \u00e0s 18h30 <\/strong><strong> <\/strong><\/p>\n<\/td>\n<td valign=\"top\">Tema:<strong> Oficinas Terapeuticas &#8211; Terapia Ocupacional e a Arte<\/strong><\/p>\n<p>Palestrantes: <span class=\"Subtitulomarrom3\"><strong>Grancinda Rodrigues Tsukimoto<\/strong><\/span> &#8211; Diretora T.O. e <span class=\"Subtitulomarrom3\"><strong>Cleide Batista<\/strong><\/span> &#8211; Coordenadora da Oficina Terap\u00eautica &#8211; IMREA (DMA)<\/td>\n<\/tr>\n<tr>\n<td valign=\"top\">\n<p align=\"center\"><strong>18h30    \u00e0s 19h00 <\/strong><strong> <\/strong><\/p>\n<\/td>\n<td valign=\"top\">Tema:<strong> Benef\u00edcios do Coondicionamento F\u00edsico na Reabilita\u00e7\u00e3o<\/strong><\/p>\n<p>Palestrante: <span class=\"Subtitulomarrom3\"><strong>Equipe de Condicionamento F\u00edsico do IMREA<\/strong><\/span> &#8211; (DMR)<\/td>\n<\/tr>\n<\/tbody>\n<\/table>\n<table class=\"Texto1\" style=\"height:409px;\" border=\"1\" cellspacing=\"0\" cellpadding=\"3\" width=\"540\">\n<tbody>\n<tr>\n<td class=\"tituloBranco\" width=\"21%\" bgcolor=\"#999900\">\n<p align=\"center\"><strong>HOR\u00c1RIO <\/strong><\/p>\n<\/td>\n<td class=\"tituloBranco\" width=\"78%\" bgcolor=\"#999900\">\n<p align=\"center\"><strong>03 de abril de 2009 \u2013 sexta-feira <\/strong><\/p>\n<\/td>\n<\/tr>\n<tr>\n<td width=\"21%\" valign=\"top\">\n<p align=\"center\"><strong> 14h00 \u00e0s 15h00<\/strong><\/p>\n<\/td>\n<td width=\"78%\">Tema:<strong> A Sexualidade da Pessoa com Defici\u00eancia &#8211; N\u00edveis de Intimidade<\/strong><\/p>\n<p>Palestrante: <span class=\"Subtitulomarrom3\"><strong>Fabiano Puhimann<\/strong><\/span> &#8211; Psic\u00f3logo &#8211; Instituto Paradigma<strong><br \/>\n<\/strong><\/td>\n<\/tr>\n<tr>\n<td width=\"21%\" valign=\"top\">\n<p align=\"center\"><strong>15h00    \u00e0s 16h00<\/strong><strong> <\/strong><\/p>\n<\/td>\n<td width=\"78%\">Tema:<strong> S\u00edndrome de Down &#8211; Aspectos Cl\u00ednicos<\/strong><\/p>\n<p>Palestrante: <span class=\"Subtitulomarrom3\"><strong>Dr. Zan Mustachi<\/strong><\/span> &#8211; CEPEC\/SP &#8211; Centro de Estudos e Pesquisas<\/td>\n<\/tr>\n<tr>\n<td width=\"21%\" valign=\"top\">\n<p align=\"center\"><strong>16h00    \u00e0s 16h30<\/strong><strong> <\/strong><\/p>\n<\/td>\n<td width=\"78%\" valign=\"top\">Tema:<strong> Aconselhamento de Carreira e Qualifica\u00e7\u00e3o Profissional &#8211; Pessoa com Defici\u00eancia<\/strong><\/p>\n<p>Palestrante: <span class=\"Subtitulomarrom3\"><strong>Equipe do Instituto Paradigma<\/strong><\/span> &#8211; Instituto Paradigma<\/td>\n<\/tr>\n<tr>\n<td width=\"21%\" valign=\"top\">\n<p align=\"center\"><strong>16h30    \u00e0s 17h00<\/strong><strong> <\/strong><\/p>\n<\/td>\n<td width=\"78%\" valign=\"top\">Tema:<strong> Transporte &#8211; Leis de Insen\u00e7\u00e3o<\/strong><\/p>\n<p>Palestrante: <span class=\"Subtitulomarrom3\"><strong>Carlos Perl<\/strong><\/span> &#8211; INIS<\/td>\n<\/tr>\n<tr>\n<td width=\"21%\" valign=\"top\">\n<p align=\"center\"><strong>17h00 \u00e0s 17h30<\/strong><strong> <\/strong><\/p>\n<\/td>\n<td width=\"78%\" valign=\"top\">Tema:<strong> Como Reverter as Limita\u00e7\u00f5es de Movimento &#8211; M\u00e9todo Meir Schneider &#8211; Self &#8211; Healing<\/strong><\/p>\n<p>Palestrante: <span class=\"Subtitulomarrom3\"><strong>Ana Paula Figueiredo<\/strong><\/span> &#8211; Terapeuta Ocupacional &#8211; M\u00e9todo Meir &#8211; Schneider<\/td>\n<\/tr>\n<tr>\n<td width=\"21%\" valign=\"top\">\n<p align=\"center\"><strong>17h30    \u00e0s 18h00<\/strong><strong> <\/strong><\/p>\n<\/td>\n<td width=\"78%\" valign=\"top\">Tema:<strong> Surdos no Esporte<\/strong><\/p>\n<p>Palestrante: <span class=\"Subtitulomarrom3\"><strong>Paulo Vieira<\/strong><\/span> &#8211; Associa\u00e7\u00e3o Surdos de S\u00e3o Paulo<\/td>\n<\/tr>\n<tr>\n<td width=\"21%\" valign=\"top\">\n<p align=\"center\"><strong>18h00    \u00e0s 19h00 <\/strong><strong> <\/strong><\/p>\n<\/td>\n<td width=\"78%\" valign=\"top\">Tema:<strong> Inclus\u00e3o Profissional e Defici\u00eancia<\/strong><\/p>\n<p>Palestrantes: <strong class=\"Subtitulomarrom3\">Cristina Martins   Torres Masiero<\/strong> \u2013   Coord. da Psicologia e do Servi\u00e7o de Orienta\u00e7\u00e3o \u00e0 Empregabilidade e <strong class=\"Subtitulomarrom3\">Maria Aparecida   Barbosa Valen\u00e7a<\/strong> \u2013 Coord. Servi\u00e7o Social-   LESF &#8211; Lar Escola S\u00e3o Francisco<\/td>\n<\/tr>\n<\/tbody>\n<\/table>\n<table class=\"Texto1\" style=\"height:630px;\" border=\"1\" cellspacing=\"0\" cellpadding=\"3\" width=\"541\">\n<tbody>\n<tr>\n<td class=\"tituloBranco\" width=\"21%\" bgcolor=\"#999900\">\n<p align=\"center\"><strong>HOR\u00c1RIO <\/strong><\/p>\n<\/td>\n<td class=\"tituloBranco\" width=\"78%\" bgcolor=\"#999900\">\n<p align=\"center\"><strong>04 de abril de 2009 \u2013 s\u00e1bado <\/strong><\/p>\n<\/td>\n<\/tr>\n<tr>\n<td valign=\"top\">\n<p align=\"center\"><strong> 12h00 \u00e0s 13h00<\/strong><\/p>\n<\/td>\n<td>Tema:<strong> Cuidando do Cuidador<\/strong><\/p>\n<p>Palestrante: <strong class=\"Subtitulomarrom3\">L. Graciela F. Rosenthal<\/strong> \u2013   Psicoterapeuta do Instituto LUMEN GAIA<strong><br \/>\n<\/strong><\/td>\n<\/tr>\n<tr>\n<td width=\"21%\" valign=\"top\">\n<p align=\"center\"><strong> 13h00 \u00e0s 13h30<\/strong><\/p>\n<\/td>\n<td width=\"78%\">Tema:<strong> A Obesidade na Defici\u00eancia<\/strong><\/p>\n<p>Palestrante: <span class=\"Subtitulomarrom3\"><strong>Dr. Jo\u00e3o Alberto Ferreira Matos<\/strong><\/span> &#8211; Endocrinologista &#8211; CECAF &#8211; USP <strong><br \/>\n<\/strong><\/td>\n<\/tr>\n<tr>\n<td width=\"21%\" valign=\"top\">\n<p align=\"center\"><strong>13h30    \u00e0s 14h00<\/strong><strong> <\/strong><\/p>\n<\/td>\n<td width=\"78%\">Tema:<strong> A Maior Defici\u00eancia \u00e9 a Falta de Coragem para Lutar<\/strong><\/p>\n<p>Palestrante: <span class=\"Subtitulomarrom3\"><strong>Ari Heck<\/strong><\/span> &#8211; CIASPD &#8211; RS<\/td>\n<\/tr>\n<tr>\n<td width=\"21%\" valign=\"top\">\n<p align=\"center\"><strong>14h00    \u00e0s 15h00<\/strong><strong> <\/strong><\/p>\n<\/td>\n<td width=\"78%\" valign=\"top\">Tema:<strong> Educa\u00e7\u00e3o Inclusiva <\/strong><\/p>\n<p>Palestrante: <span class=\"Subtitulomarrom3\"><strong>Professor Romeu Sassaki<\/strong><\/span> &#8211; INIS<\/td>\n<\/tr>\n<tr>\n<td width=\"21%\" valign=\"top\">\n<p align=\"center\"><strong>15h00    \u00e0s 15h30<\/strong><strong> <\/strong><\/p>\n<\/td>\n<td width=\"78%\" valign=\"top\">Tema:<strong> Inclus\u00e3o Emocional<\/strong><\/p>\n<p>Palestrante: <span class=\"Subtitulomarrom3\"><strong>Alberto Yanez<\/strong><\/span> &#8211; Medicina Psicossom\u00e1tica &#8211; INIS<\/td>\n<\/tr>\n<tr>\n<td width=\"21%\" valign=\"top\">\n<p align=\"center\"><strong>15h30 \u00e0s 16h00<\/strong><strong> <\/strong><\/p>\n<\/td>\n<td width=\"78%\" valign=\"top\">Tema:<strong> Terapia Ocupacional e Difici\u00eancia Visual<\/strong><\/p>\n<p>Palestrante: <span class=\"Subtitulomarrom3\"><strong>Suely Carvalho de S\u00e1 Ya\u00f1ez<\/strong><\/span> &#8211; INIS<\/td>\n<\/tr>\n<tr>\n<td width=\"21%\" valign=\"top\">\n<p align=\"center\"><strong>16h00    \u00e0s 16h30<\/strong><strong> <\/strong><\/p>\n<\/td>\n<td width=\"78%\" valign=\"top\">Tema:<strong> Ecoterapia<\/strong><\/p>\n<p>Palestrante: <span class=\"Subtitulomarrom3\"><strong>Liana Santos<\/strong><\/span> &#8211; Ande Brasil<\/td>\n<\/tr>\n<tr>\n<td width=\"21%\" valign=\"top\">\n<p align=\"center\"><strong>16h30    \u00e0s 17h00 <\/strong><strong> <\/strong><\/p>\n<\/td>\n<td width=\"78%\" valign=\"top\">Tema:<strong> O Direito de Comunica\u00e7\u00e3o dos Surdos e Deficientes Auditivos<\/strong><\/p>\n<p>Palestrante: <span class=\"Subtitulomarrom3\"><strong>Professor Neivaldo Augusto Zovico<\/strong><\/span> &#8211; FENEIS<\/td>\n<\/tr>\n<tr>\n<td valign=\"top\">\n<p align=\"center\"><strong>17h00    \u00e0s 17h30 <\/strong><strong> <\/strong><\/p>\n<\/td>\n<td valign=\"top\">Tema:<strong> Jogadas da Vida<\/strong><\/p>\n<p>Palestrante: <span class=\"Subtitulomarrom3\"><strong>Julio Cezar de Souza<\/strong><\/span> &#8211; Ex-jogador do Corinthians que ficou Surdo &#8211; FENEIS<\/td>\n<\/tr>\n<tr>\n<td valign=\"top\">\n<p align=\"center\"><strong>17h30    \u00e0s 18h00 <\/strong><strong> <\/strong><\/p>\n<\/td>\n<td valign=\"top\">Tema:<strong> Fisioterapia na Encefalopatia Cr\u00f4nica N\u00e3o Evolutiva<\/strong><\/p>\n<p>Palestrantes: <span class=\"Subtitulomarrom3\"><strong>Natalia Mecca de Carvalho <\/strong><\/span> &#8211; Terapeuta Ocupacional e <span class=\"Subtitulomarrom3\"><strong>Mara Cristina Santos Melo <\/strong><\/span> &#8211; Fisioterapeuta &#8211; Associa\u00e7\u00e3o Cruz Verde<\/td>\n<\/tr>\n<tr>\n<td valign=\"top\">\n<p align=\"center\"><strong>18h00    \u00e0s 18h30 <\/strong><strong> <\/strong><\/p>\n<\/td>\n<td valign=\"top\">Tema:<strong> O Brincar na Paralisia Cerebral Grave &#8211; Fonoaudiologia e Terapia Ocupacional<\/strong><\/p>\n<p>Palestrantes: <span class=\"Subtitulomarrom3\"><strong>Marina Picazzio Peres <\/strong><\/span> &#8211; Terapeuta Ocupacional e <span class=\"Subtitulomarrom3\"><strong>Thais Maria dos Reis Campos <\/strong><\/span> &#8211; Fonoaudi\u00f3loga &#8211; Associa\u00e7\u00e3o Cruz Verde<\/td>\n<\/tr>\n<tr>\n<td valign=\"top\">\n<p align=\"center\"><strong>18h30    \u00e0s 19h00 <\/strong><strong> <\/strong><\/p>\n<\/td>\n<td valign=\"top\">Tema:<strong> Cuidando da Pessoa Idosa<\/strong><\/p>\n<p>Palestrante: <strong class=\"Subtitulomarrom3\">Dra. Loretta Di   Giunta<\/strong> \u2013   Geriatra &#8211; LESF &#8211; Lar Escola S\u00e3o   Francisco<\/td>\n<\/tr>\n<\/tbody>\n<\/table>\n<table class=\"Texto1\" style=\"height:507px;\" border=\"1\" cellspacing=\"0\" cellpadding=\"3\" width=\"541\">\n<tbody>\n<tr>\n<td class=\"tituloBranco\" width=\"21%\" bgcolor=\"#999900\">\n<p align=\"center\"><strong>HOR\u00c1RIO <\/strong><\/p>\n<\/td>\n<td class=\"tituloBranco\" width=\"78%\" bgcolor=\"#999900\">\n<p align=\"center\"><strong>05 de abril de 2009 \u2013 domingo <\/strong><\/p>\n<\/td>\n<\/tr>\n<tr>\n<td width=\"21%\" valign=\"top\">\n<p align=\"center\"><strong> 13h00 \u00e0s 13h30<\/strong><\/p>\n<\/td>\n<td width=\"78%\">Tema:<strong> A Realidade do Alzheimer<\/strong><\/p>\n<p>Palestrante: <span class=\"Subtitulomarrom3\"><strong>Dra. Sonia Fortuna<\/strong><\/span> &#8211; FOPPESP <strong><br \/>\n<\/strong><\/td>\n<\/tr>\n<tr>\n<td width=\"21%\" valign=\"top\">\n<p align=\"center\"><strong>13h30    \u00e0s 14h00<\/strong><strong> <\/strong><\/p>\n<\/td>\n<td width=\"78%\">Tema:<strong> Recrea\u00e7\u00e3o e Lazer para Pessoas com Necessidades Especiais<\/strong><\/p>\n<p>Palestrante: <span class=\"Subtitulomarrom3\"><strong>Karina Hollatz<\/strong><\/span> &#8211; Fisioterapeuta &#8211; Projeto Liberdade<\/td>\n<\/tr>\n<tr>\n<td width=\"21%\" valign=\"top\">\n<p align=\"center\"><strong>14h00    \u00e0s 15h00<\/strong><strong> <\/strong><\/p>\n<\/td>\n<td width=\"78%\" valign=\"top\">Tema:<strong> Valoriza\u00e7\u00e3o da Vida<\/strong><\/p>\n<p>Palestrante: <span class=\"Subtitulomarrom3\"><strong>Luiz Eduardo Baldakian<\/strong><\/span> &#8211; Projeto Aprendendo a Viver<\/td>\n<\/tr>\n<tr>\n<td width=\"21%\" valign=\"top\">\n<p align=\"center\"><strong>15h00    \u00e0s 15h30<\/strong><strong> <\/strong><\/p>\n<\/td>\n<td width=\"78%\" valign=\"top\">Tema:<strong> Empregabilidade da Pessoa com Defici\u00eancia<\/strong><\/p>\n<p>Palestrante: <span class=\"Subtitulomarrom3\"><strong>Dra. Maria Di Maio<\/strong><\/span> &#8211; Revista Rea\u00e7\u00e3o<\/td>\n<\/tr>\n<tr>\n<td width=\"21%\" valign=\"top\">\n<p align=\"center\"><strong>15h30 \u00e0s 16h00<\/strong><strong> <\/strong><\/p>\n<\/td>\n<td width=\"78%\" valign=\"top\">Tema:<strong> Implante Coclear &#8211; Preconceito e Ci\u00eancia<\/strong><\/p>\n<p>Palestrante: <span class=\"Subtitulomarrom3\"><strong>Dra. Raquel Amaral<\/strong><\/span> &#8211; ASSP &#8211; Associa\u00e7\u00e3o Surdos de S\u00e3o Paulo<\/td>\n<\/tr>\n<tr>\n<td width=\"21%\" valign=\"top\">\n<p align=\"center\"><strong>16h00    \u00e0s 16h30<\/strong><strong> <\/strong><\/p>\n<\/td>\n<td width=\"78%\" valign=\"top\">Tema:<strong> EMG &#8211; Biofeedbrack na Reabilita\u00e7\u00e3o Neurologica<\/strong><\/p>\n<p>Palestrante: <span class=\"Subtitulomarrom3\"><strong>Thais Perri Orlandini<\/strong><\/span> &#8211; Fisioterapeuta &#8211; Funda\u00e7\u00e3o SELMA<\/td>\n<\/tr>\n<tr>\n<td width=\"21%\" valign=\"top\">\n<p align=\"center\"><strong>16h30    \u00e0s 17h00 <\/strong><strong> <\/strong><\/p>\n<\/td>\n<td width=\"78%\" valign=\"top\">Tema:<strong> Fonoaudiologia na Reabilita\u00e7\u00e3o Neurologica<\/strong><\/p>\n<p>Palestrante: <span class=\"Subtitulomarrom3\"><strong>Carolina Degani<\/strong><\/span> &#8211; Fonoaudi\u00f3loga &#8211; Funda\u00e7\u00e3o SELMA<\/td>\n<\/tr>\n<tr>\n<td valign=\"top\">\n<p align=\"center\"><strong>17h00    \u00e0s 17h30 <\/strong><strong> <\/strong><\/p>\n<\/td>\n<td valign=\"top\">Tema:<strong> Processos de Enfrentamento e Supera\u00e7\u00e3o dos Deficientes F\u00edsicos<\/strong><\/p>\n<p>Palestrante: <span class=\"Subtitulomarrom3\"><strong>Claudia Cristina Garces<\/strong><\/span> &#8211; Fisioterapeuta &#8211; Adevale &#8211; Sta Rita do Sapuca\u00ed<\/td>\n<\/tr>\n<tr>\n<td valign=\"top\">\n<p align=\"center\"><strong>17h30    \u00e0s 18h00 <\/strong><strong> <\/strong><\/p>\n<\/td>\n<td valign=\"top\">Tema:<strong> Cessa\u00e7\u00e3o do Tabagismo<\/strong><\/p>\n<p>Palestrante: <strong class=\"Subtitulomarrom3\">Prof. Dr. Jos\u00e9   Roberto Jardim<\/strong> \u2013   Pneumologista &#8211; LESF &#8211; Lar Escola S\u00e3o   Francisco<\/td>\n<\/tr>\n<tr>\n<td valign=\"top\">\n<p align=\"center\"><strong>18h00    \u00e0s 18h30 <\/strong><strong> <\/strong><\/p>\n<\/td>\n<td valign=\"top\">Tema:<strong> O C\u00e3o Guia de Cego &#8211; Sua Inclus\u00e3o e Acessibilidade<\/strong><\/p>\n<p>Palestrante: <span class=\"Subtitulomarrom3\"><strong>Dra. Thais Martinez<\/strong><\/span> &#8211; Instituto IRIS<\/td>\n<\/tr>\n<\/tbody>\n<\/table>\n<p class=\"Texto2\"><strong class=\"TituloVinho10\">INFORMA\u00c7\u00d5ES GERAIS:<\/strong><\/p>\n<ul type=\"disc\">\n<li class=\"Texto2\">Os inscritos dever\u00e3o comparecer no audit\u00f3rio do REASEM, com 15 minutos de<br \/>\nanteced\u00eancia da palestra que ir\u00e1 assistir.<strong><br \/>\n<\/strong><\/li>\n<li class=\"Texto2\">Reservamo-nos o direito de alterar o pr\u00e9-tem\u00e1rio para a confec\u00e7\u00e3o do  tem\u00e1rio oficial.<\/li>\n<\/ul>\n<p class=\"Texto2\"><strong class=\"TituloVinho10\">DATA E LOCAL:<\/strong><\/p>\n<ul type=\"disc\">\n<li class=\"Texto2\">02 a 05 de abril de 2009<\/li>\n<li class=\"Texto2\"> Centro de Exposi\u00e7\u00f5es  Imigrantes &#8211; Rod. dos Imigrantes KM 1,5 &#8211; S\u00e3o Paulo &#8211; SP<\/li>\n<\/ul>\n<p class=\"TituloVinho10\"><strong>AS INSCRI\u00c7\u00d5ES INCLUEM <\/strong><\/p>\n<ul type=\"disc\">\n<li class=\"Texto2\">Pasta<\/li>\n<li class=\"Texto2\">Certificado<\/li>\n<\/ul>\n<p><span class=\"TituloVinho10\"><strong>CERTIFICADOS<\/strong><\/span><span class=\"Texto2\"><strong><\/strong><\/span><\/p>\n<p><strong><\/strong>Estar\u00e3o  dispon\u00edveis na secretaria a todos os inscritos, ap\u00f3s as 13h00 do dia 05 de abril  de 2009.<\/div>\n<\/div>\n","protected":false},"excerpt":{"rendered":"<p>2 a 5 de abril de 2009 S\u00e3o Paulo &#8211; SP HOR\u00c1RIO 02 de abril de 2009 \u2013 quinta-feira 14h00 \u00e0s 15h00 Tema:Tecnologia Assistiva: Enfoque da Oficina Ortop\u00e9dica Palestrante: Fernanda Pontes Cardoso \u2013 Terapeuta ocupacional &#8211; LESF &#8211; Lar Escola S\u00e3o Francisco 15h00 \u00e0s 15h30 Tema: Terapia Funcional Aqu\u00e1tica Palestrante: Mauricio Koprowski Garcia &#8211; IMREA [&hellip;]<\/p>\n","protected":false},"author":2,"featured_media":0,"comment_status":"open","ping_status":"open","sticky":false,"template":"","format":"standard","meta":{"site-container-style":"default","site-container-layout":"default","site-sidebar-layout":"default","disable-article-header":"default","disable-site-header":"default","disable-site-footer":"default","disable-content-area-spacing":"default","footnotes":""},"categories":[12,4],"tags":[28],"class_list":["post-6508","post","type-post","status-publish","format-standard","hentry","category-cursos-e-eventos","category-noticias","tag-viiireatech"],"yoast_head":"<!-- This site is optimized with the Yoast SEO plugin v27.4 - https:\/\/yoast.com\/product\/yoast-seo-wordpress\/ -->\n<title>Semin\u00e1rios gratuitos - SP - 2 a 5\/4 -<\/title>\n<meta name=\"robots\" content=\"index, follow, max-snippet:-1, max-image-preview:large, max-video-preview:-1\" \/>\n<link rel=\"canonical\" href=\"https:\/\/inclusivenews.com.br\/?p=6508\" \/>\n<meta property=\"og:locale\" content=\"pt_PT\" \/>\n<meta property=\"og:type\" content=\"article\" \/>\n<meta property=\"og:title\" content=\"Semin\u00e1rios gratuitos - SP - 2 a 5\/4 -\" \/>\n<meta property=\"og:description\" content=\"2 a 5 de abril de 2009 S\u00e3o Paulo &#8211; SP HOR\u00c1RIO 02 de abril de 2009 \u2013 quinta-feira 14h00 \u00e0s 15h00 Tema:Tecnologia Assistiva: Enfoque da Oficina Ortop\u00e9dica Palestrante: Fernanda Pontes Cardoso \u2013 Terapeuta ocupacional &#8211; LESF &#8211; Lar Escola S\u00e3o Francisco 15h00 \u00e0s 15h30 Tema: Terapia Funcional Aqu\u00e1tica Palestrante: Mauricio Koprowski Garcia &#8211; IMREA [&hellip;]\" \/>\n<meta property=\"og:url\" content=\"https:\/\/inclusivenews.com.br\/?p=6508\" \/>\n<meta property=\"article:publisher\" content=\"https:\/\/www.facebook.com\/agenciainclusive\/\" \/>\n<meta property=\"article:published_time\" content=\"2009-03-28T19:39:37+00:00\" \/>\n<meta property=\"og:image\" content=\"http:\/\/www.pacin.com.br\/_scripts\/imagens_eventos\/logo_reasem2009.jpg\" \/>\n<meta name=\"author\" content=\"Inclusive\" \/>\n<meta name=\"twitter:card\" content=\"summary_large_image\" \/>\n<meta name=\"twitter:label1\" content=\"Escrito por\" \/>\n\t<meta name=\"twitter:data1\" content=\"Inclusive\" \/>\n\t<meta name=\"twitter:label2\" content=\"Tempo estimado de leitura\" \/>\n\t<meta name=\"twitter:data2\" content=\"5 minutos\" \/>\n<script type=\"application\/ld+json\" class=\"yoast-schema-graph\">{\"@context\":\"https:\\\/\\\/schema.org\",\"@graph\":[{\"@type\":\"Article\",\"@id\":\"https:\\\/\\\/inclusivenews.com.br\\\/?p=6508#article\",\"isPartOf\":{\"@id\":\"https:\\\/\\\/inclusivenews.com.br\\\/?p=6508\"},\"author\":{\"name\":\"Inclusive\",\"@id\":\"https:\\\/\\\/inclusivenews.com.br\\\/#\\\/schema\\\/person\\\/0dab492019871b94abb65fa8ee7c8c44\"},\"headline\":\"Semin\u00e1rios gratuitos &#8211; SP &#8211; 2 a 5\\\/4\",\"datePublished\":\"2009-03-28T19:39:37+00:00\",\"mainEntityOfPage\":{\"@id\":\"https:\\\/\\\/inclusivenews.com.br\\\/?p=6508\"},\"wordCount\":964,\"commentCount\":0,\"publisher\":{\"@id\":\"https:\\\/\\\/inclusivenews.com.br\\\/#organization\"},\"image\":{\"@id\":\"https:\\\/\\\/inclusivenews.com.br\\\/?p=6508#primaryimage\"},\"thumbnailUrl\":\"http:\\\/\\\/www.pacin.com.br\\\/_scripts\\\/imagens_eventos\\\/logo_reasem2009.jpg\",\"keywords\":[\"VIIIREATECH\"],\"articleSection\":[\"Cursos e eventos\",\"NOT\u00cdCIAS\"],\"inLanguage\":\"pt-PT\",\"potentialAction\":[{\"@type\":\"CommentAction\",\"name\":\"Comment\",\"target\":[\"https:\\\/\\\/inclusivenews.com.br\\\/?p=6508#respond\"]}]},{\"@type\":\"WebPage\",\"@id\":\"https:\\\/\\\/inclusivenews.com.br\\\/?p=6508\",\"url\":\"https:\\\/\\\/inclusivenews.com.br\\\/?p=6508\",\"name\":\"Semin\u00e1rios gratuitos - SP - 2 a 5\\\/4 -\",\"isPartOf\":{\"@id\":\"https:\\\/\\\/inclusivenews.com.br\\\/#website\"},\"primaryImageOfPage\":{\"@id\":\"https:\\\/\\\/inclusivenews.com.br\\\/?p=6508#primaryimage\"},\"image\":{\"@id\":\"https:\\\/\\\/inclusivenews.com.br\\\/?p=6508#primaryimage\"},\"thumbnailUrl\":\"http:\\\/\\\/www.pacin.com.br\\\/_scripts\\\/imagens_eventos\\\/logo_reasem2009.jpg\",\"datePublished\":\"2009-03-28T19:39:37+00:00\",\"breadcrumb\":{\"@id\":\"https:\\\/\\\/inclusivenews.com.br\\\/?p=6508#breadcrumb\"},\"inLanguage\":\"pt-PT\",\"potentialAction\":[{\"@type\":\"ReadAction\",\"target\":[\"https:\\\/\\\/inclusivenews.com.br\\\/?p=6508\"]}]},{\"@type\":\"ImageObject\",\"inLanguage\":\"pt-PT\",\"@id\":\"https:\\\/\\\/inclusivenews.com.br\\\/?p=6508#primaryimage\",\"url\":\"http:\\\/\\\/www.pacin.com.br\\\/_scripts\\\/imagens_eventos\\\/logo_reasem2009.jpg\",\"contentUrl\":\"http:\\\/\\\/www.pacin.com.br\\\/_scripts\\\/imagens_eventos\\\/logo_reasem2009.jpg\"},{\"@type\":\"BreadcrumbList\",\"@id\":\"https:\\\/\\\/inclusivenews.com.br\\\/?p=6508#breadcrumb\",\"itemListElement\":[{\"@type\":\"ListItem\",\"position\":1,\"name\":\"In\u00edcio\",\"item\":\"https:\\\/\\\/inclusivenews.com.br\\\/\"},{\"@type\":\"ListItem\",\"position\":2,\"name\":\"Semin\u00e1rios gratuitos &#8211; SP &#8211; 2 a 5\\\/4\"}]},{\"@type\":\"WebSite\",\"@id\":\"https:\\\/\\\/inclusivenews.com.br\\\/#website\",\"url\":\"https:\\\/\\\/inclusivenews.com.br\\\/\",\"name\":\"Inclusive News\",\"description\":\"Inclusive News\",\"publisher\":{\"@id\":\"https:\\\/\\\/inclusivenews.com.br\\\/#organization\"},\"potentialAction\":[{\"@type\":\"SearchAction\",\"target\":{\"@type\":\"EntryPoint\",\"urlTemplate\":\"https:\\\/\\\/inclusivenews.com.br\\\/?s={search_term_string}\"},\"query-input\":{\"@type\":\"PropertyValueSpecification\",\"valueRequired\":true,\"valueName\":\"search_term_string\"}}],\"inLanguage\":\"pt-PT\"},{\"@type\":\"Organization\",\"@id\":\"https:\\\/\\\/inclusivenews.com.br\\\/#organization\",\"name\":\"Inclusive - inclus\u00e3o e cidadania\",\"url\":\"https:\\\/\\\/inclusivenews.com.br\\\/\",\"logo\":{\"@type\":\"ImageObject\",\"inLanguage\":\"pt-PT\",\"@id\":\"https:\\\/\\\/inclusivenews.com.br\\\/#\\\/schema\\\/logo\\\/image\\\/\",\"url\":\"https:\\\/\\\/inclusivenews.com.br\\\/wp-content\\\/uploads\\\/2024\\\/03\\\/@grandesite.png\",\"contentUrl\":\"https:\\\/\\\/inclusivenews.com.br\\\/wp-content\\\/uploads\\\/2024\\\/03\\\/@grandesite.png\",\"width\":1080,\"height\":1080,\"caption\":\"Inclusive - inclus\u00e3o e cidadania\"},\"image\":{\"@id\":\"https:\\\/\\\/inclusivenews.com.br\\\/#\\\/schema\\\/logo\\\/image\\\/\"},\"sameAs\":[\"https:\\\/\\\/www.facebook.com\\\/agenciainclusive\\\/\",\"https:\\\/\\\/www.instagram.com\\\/newsinclusive\\\/\"]},{\"@type\":\"Person\",\"@id\":\"https:\\\/\\\/inclusivenews.com.br\\\/#\\\/schema\\\/person\\\/0dab492019871b94abb65fa8ee7c8c44\",\"name\":\"Inclusive\",\"image\":{\"@type\":\"ImageObject\",\"inLanguage\":\"pt-PT\",\"@id\":\"https:\\\/\\\/secure.gravatar.com\\\/avatar\\\/?s=96&d=mm&r=g\",\"url\":\"https:\\\/\\\/secure.gravatar.com\\\/avatar\\\/?s=96&d=mm&r=g\",\"contentUrl\":\"https:\\\/\\\/secure.gravatar.com\\\/avatar\\\/?s=96&d=mm&r=g\",\"caption\":\"Inclusive\"},\"url\":\"https:\\\/\\\/inclusivenews.com.br\\\/?author=2\"}]}<\/script>\n<!-- \/ Yoast SEO plugin. -->","yoast_head_json":{"title":"Semin\u00e1rios gratuitos - SP - 2 a 5\/4 -","robots":{"index":"index","follow":"follow","max-snippet":"max-snippet:-1","max-image-preview":"max-image-preview:large","max-video-preview":"max-video-preview:-1"},"canonical":"https:\/\/inclusivenews.com.br\/?p=6508","og_locale":"pt_PT","og_type":"article","og_title":"Semin\u00e1rios gratuitos - SP - 2 a 5\/4 -","og_description":"2 a 5 de abril de 2009 S\u00e3o Paulo &#8211; SP HOR\u00c1RIO 02 de abril de 2009 \u2013 quinta-feira 14h00 \u00e0s 15h00 Tema:Tecnologia Assistiva: Enfoque da Oficina Ortop\u00e9dica Palestrante: Fernanda Pontes Cardoso \u2013 Terapeuta ocupacional &#8211; LESF &#8211; Lar Escola S\u00e3o Francisco 15h00 \u00e0s 15h30 Tema: Terapia Funcional Aqu\u00e1tica Palestrante: Mauricio Koprowski Garcia &#8211; IMREA [&hellip;]","og_url":"https:\/\/inclusivenews.com.br\/?p=6508","article_publisher":"https:\/\/www.facebook.com\/agenciainclusive\/","article_published_time":"2009-03-28T19:39:37+00:00","og_image":[{"url":"http:\/\/www.pacin.com.br\/_scripts\/imagens_eventos\/logo_reasem2009.jpg","type":"","width":"","height":""}],"author":"Inclusive","twitter_card":"summary_large_image","twitter_misc":{"Escrito por":"Inclusive","Tempo estimado de leitura":"5 minutos"},"schema":{"@context":"https:\/\/schema.org","@graph":[{"@type":"Article","@id":"https:\/\/inclusivenews.com.br\/?p=6508#article","isPartOf":{"@id":"https:\/\/inclusivenews.com.br\/?p=6508"},"author":{"name":"Inclusive","@id":"https:\/\/inclusivenews.com.br\/#\/schema\/person\/0dab492019871b94abb65fa8ee7c8c44"},"headline":"Semin\u00e1rios gratuitos &#8211; SP &#8211; 2 a 5\/4","datePublished":"2009-03-28T19:39:37+00:00","mainEntityOfPage":{"@id":"https:\/\/inclusivenews.com.br\/?p=6508"},"wordCount":964,"commentCount":0,"publisher":{"@id":"https:\/\/inclusivenews.com.br\/#organization"},"image":{"@id":"https:\/\/inclusivenews.com.br\/?p=6508#primaryimage"},"thumbnailUrl":"http:\/\/www.pacin.com.br\/_scripts\/imagens_eventos\/logo_reasem2009.jpg","keywords":["VIIIREATECH"],"articleSection":["Cursos e eventos","NOT\u00cdCIAS"],"inLanguage":"pt-PT","potentialAction":[{"@type":"CommentAction","name":"Comment","target":["https:\/\/inclusivenews.com.br\/?p=6508#respond"]}]},{"@type":"WebPage","@id":"https:\/\/inclusivenews.com.br\/?p=6508","url":"https:\/\/inclusivenews.com.br\/?p=6508","name":"Semin\u00e1rios gratuitos - SP - 2 a 5\/4 -","isPartOf":{"@id":"https:\/\/inclusivenews.com.br\/#website"},"primaryImageOfPage":{"@id":"https:\/\/inclusivenews.com.br\/?p=6508#primaryimage"},"image":{"@id":"https:\/\/inclusivenews.com.br\/?p=6508#primaryimage"},"thumbnailUrl":"http:\/\/www.pacin.com.br\/_scripts\/imagens_eventos\/logo_reasem2009.jpg","datePublished":"2009-03-28T19:39:37+00:00","breadcrumb":{"@id":"https:\/\/inclusivenews.com.br\/?p=6508#breadcrumb"},"inLanguage":"pt-PT","potentialAction":[{"@type":"ReadAction","target":["https:\/\/inclusivenews.com.br\/?p=6508"]}]},{"@type":"ImageObject","inLanguage":"pt-PT","@id":"https:\/\/inclusivenews.com.br\/?p=6508#primaryimage","url":"http:\/\/www.pacin.com.br\/_scripts\/imagens_eventos\/logo_reasem2009.jpg","contentUrl":"http:\/\/www.pacin.com.br\/_scripts\/imagens_eventos\/logo_reasem2009.jpg"},{"@type":"BreadcrumbList","@id":"https:\/\/inclusivenews.com.br\/?p=6508#breadcrumb","itemListElement":[{"@type":"ListItem","position":1,"name":"In\u00edcio","item":"https:\/\/inclusivenews.com.br\/"},{"@type":"ListItem","position":2,"name":"Semin\u00e1rios gratuitos &#8211; SP &#8211; 2 a 5\/4"}]},{"@type":"WebSite","@id":"https:\/\/inclusivenews.com.br\/#website","url":"https:\/\/inclusivenews.com.br\/","name":"Inclusive News","description":"Inclusive News","publisher":{"@id":"https:\/\/inclusivenews.com.br\/#organization"},"potentialAction":[{"@type":"SearchAction","target":{"@type":"EntryPoint","urlTemplate":"https:\/\/inclusivenews.com.br\/?s={search_term_string}"},"query-input":{"@type":"PropertyValueSpecification","valueRequired":true,"valueName":"search_term_string"}}],"inLanguage":"pt-PT"},{"@type":"Organization","@id":"https:\/\/inclusivenews.com.br\/#organization","name":"Inclusive - inclus\u00e3o e cidadania","url":"https:\/\/inclusivenews.com.br\/","logo":{"@type":"ImageObject","inLanguage":"pt-PT","@id":"https:\/\/inclusivenews.com.br\/#\/schema\/logo\/image\/","url":"https:\/\/inclusivenews.com.br\/wp-content\/uploads\/2024\/03\/@grandesite.png","contentUrl":"https:\/\/inclusivenews.com.br\/wp-content\/uploads\/2024\/03\/@grandesite.png","width":1080,"height":1080,"caption":"Inclusive - inclus\u00e3o e cidadania"},"image":{"@id":"https:\/\/inclusivenews.com.br\/#\/schema\/logo\/image\/"},"sameAs":["https:\/\/www.facebook.com\/agenciainclusive\/","https:\/\/www.instagram.com\/newsinclusive\/"]},{"@type":"Person","@id":"https:\/\/inclusivenews.com.br\/#\/schema\/person\/0dab492019871b94abb65fa8ee7c8c44","name":"Inclusive","image":{"@type":"ImageObject","inLanguage":"pt-PT","@id":"https:\/\/secure.gravatar.com\/avatar\/?s=96&d=mm&r=g","url":"https:\/\/secure.gravatar.com\/avatar\/?s=96&d=mm&r=g","contentUrl":"https:\/\/secure.gravatar.com\/avatar\/?s=96&d=mm&r=g","caption":"Inclusive"},"url":"https:\/\/inclusivenews.com.br\/?author=2"}]}},"_links":{"self":[{"href":"https:\/\/inclusivenews.com.br\/index.php?rest_route=\/wp\/v2\/posts\/6508","targetHints":{"allow":["GET"]}}],"collection":[{"href":"https:\/\/inclusivenews.com.br\/index.php?rest_route=\/wp\/v2\/posts"}],"about":[{"href":"https:\/\/inclusivenews.com.br\/index.php?rest_route=\/wp\/v2\/types\/post"}],"author":[{"embeddable":true,"href":"https:\/\/inclusivenews.com.br\/index.php?rest_route=\/wp\/v2\/users\/2"}],"replies":[{"embeddable":true,"href":"https:\/\/inclusivenews.com.br\/index.php?rest_route=%2Fwp%2Fv2%2Fcomments&post=6508"}],"version-history":[{"count":0,"href":"https:\/\/inclusivenews.com.br\/index.php?rest_route=\/wp\/v2\/posts\/6508\/revisions"}],"wp:attachment":[{"href":"https:\/\/inclusivenews.com.br\/index.php?rest_route=%2Fwp%2Fv2%2Fmedia&parent=6508"}],"wp:term":[{"taxonomy":"category","embeddable":true,"href":"https:\/\/inclusivenews.com.br\/index.php?rest_route=%2Fwp%2Fv2%2Fcategories&post=6508"},{"taxonomy":"post_tag","embeddable":true,"href":"https:\/\/inclusivenews.com.br\/index.php?rest_route=%2Fwp%2Fv2%2Ftags&post=6508"}],"curies":[{"name":"wp","href":"https:\/\/api.w.org\/{rel}","templated":true}]}}