{"id":6514,"date":"2009-03-28T20:29:53","date_gmt":"2009-03-28T20:29:53","guid":{"rendered":"http:\/\/agenciainclusive.wordpress.com\/?p=6514"},"modified":"2009-03-28T20:29:53","modified_gmt":"2009-03-28T20:29:53","slug":"mitos-sobre-a-inclusao","status":"publish","type":"post","link":"https:\/\/inclusivenews.com.br\/?p=6514","title":{"rendered":"Mitos sobre a inclus\u00e3o"},"content":{"rendered":"<p>N\u00e3o h\u00e1 d\u00favida de que a pessoa com defici\u00eancia, como qualquer outra, pode ser um bom profissional e merece uma press\u00e3o por parte do governo e da sociedade civil para que as leis\u00a0sejam efetivamente cumpridas. No entanto, devemos tomar cuidado para que, em nome de um discurso politicamente correto, n\u00e3o<br \/>\nsuperestimemos o seu desempenho, criando mitos que, longe de<br \/>\ncontribu\u00edrem para a inclus\u00e3o, acentuam as diferen\u00e7as e criam uma idealiza\u00e7\u00e3o que, consequentemente, geram novas formas de preconceito.<\/p>\n<p>Muito frequentemente, ouvimos no meio empresarial, e mesmo entre profissionais de reabilita\u00e7\u00e3o, afirma\u00e7\u00f5es como: \u201celes produzem muito mais do que os outros\u201d, \u201celes trabalham muito mais e com mais qualidade\u201d, \u201cvestem mais a camisa\u201d, etc. Tais discursos tornam-se perigosos quando desconsideram a<br \/>\nsingularidade de cada pessoa, classificando toda uma popula\u00e7\u00e3o a partir de uma caracter\u00edstica extremamente vari\u00e1vel (possuir uma defici\u00eancia), ignorando o hist\u00f3rico de vida e tra\u00e7os de personalidade, entre outros fatores.<\/p>\n<p>Falas dessa natureza buscam, no fundo, amenizar as ineg\u00e1veis barreiras sociais e culturais que forjam todo um processo de exclus\u00e3o, por meio do mito do \u201csuper-her\u00f3i\u201d, que n\u00e3o \u00e9 mais do que o espelho do mito do \u201ccoitadinho\u201d.<\/p>\n<p>Os especialistas da \u00e1rea precisam estar atentos a essas armadilhas culturais que perpetuam, por meio da eloq\u00fc\u00eancia, velhos r\u00f3tulos que, comprovadamente, n\u00e3o fazem sen\u00e3o diminuir aqueles a quem pretendem exaltar.<\/p>\n<p>Como dizia uma velha can\u00e7\u00e3o, \u00e9 preciso manter a \u201ccabe\u00e7a nas alturas, mas os p\u00e9s no ch\u00e3o\u201d, pois nosso objetivo deve primar pela real conquista dos direitos civis e n\u00e3o pela constru\u00e7\u00e3o de castelos de areia, que iludem e encantam num primeiro momento, mas n\u00e3o resistem ao vento mais fraco, deixando de erguer bases s\u00f3lidas que eliminem as barreiras do presente e abram os caminhos do futuro.<\/p>\n<p>Marcelo Vitoriano<br \/>\nPsic\u00f3logo e Chefe de Reabilita\u00e7\u00e3o Profissional da AVAPE<\/p>\n<p>Fl\u00e1vio Gonzalez<br \/>\nPsic\u00f3logo do Depto de Reabilita\u00e7\u00e3o da AVAPE<\/p>\n<p>Maria Isabel da Silva<br \/>\nJornalista SP<\/p>\n","protected":false},"excerpt":{"rendered":"<p>N\u00e3o h\u00e1 d\u00favida de que a pessoa com defici\u00eancia, como qualquer outra, pode ser um bom profissional e merece uma press\u00e3o por parte do governo e da sociedade civil para que as leis\u00a0sejam efetivamente cumpridas. No entanto, devemos tomar cuidado para que, em nome de um discurso politicamente correto, n\u00e3o superestimemos o seu desempenho, criando [&hellip;]<\/p>\n","protected":false},"author":2,"featured_media":0,"comment_status":"open","ping_status":"open","sticky":false,"template":"","format":"standard","meta":{"site-container-style":"default","site-container-layout":"default","site-sidebar-layout":"default","disable-article-header":"default","disable-site-header":"default","disable-site-footer":"default","disable-content-area-spacing":"default","footnotes":""},"categories":[8],"tags":[],"class_list":["post-6514","post","type-post","status-publish","format-standard","hentry","category-textos-e-artigos"],"yoast_head":"<!-- This site is optimized with the Yoast SEO plugin v27.4 - https:\/\/yoast.com\/product\/yoast-seo-wordpress\/ -->\n<title>Mitos sobre a inclus\u00e3o -<\/title>\n<meta name=\"robots\" content=\"index, follow, max-snippet:-1, max-image-preview:large, max-video-preview:-1\" \/>\n<link rel=\"canonical\" href=\"https:\/\/inclusivenews.com.br\/?p=6514\" \/>\n<meta property=\"og:locale\" content=\"pt_PT\" \/>\n<meta property=\"og:type\" content=\"article\" \/>\n<meta property=\"og:title\" content=\"Mitos sobre a inclus\u00e3o -\" \/>\n<meta property=\"og:description\" content=\"N\u00e3o h\u00e1 d\u00favida de que a pessoa com defici\u00eancia, como qualquer outra, pode ser um bom profissional e merece uma press\u00e3o por parte do governo e da sociedade civil para que as leis\u00a0sejam efetivamente cumpridas. No entanto, devemos tomar cuidado para que, em nome de um discurso politicamente correto, n\u00e3o superestimemos o seu desempenho, criando [&hellip;]\" \/>\n<meta property=\"og:url\" content=\"https:\/\/inclusivenews.com.br\/?p=6514\" \/>\n<meta property=\"article:publisher\" content=\"https:\/\/www.facebook.com\/agenciainclusive\/\" \/>\n<meta property=\"article:published_time\" content=\"2009-03-28T20:29:53+00:00\" \/>\n<meta name=\"author\" content=\"Inclusive\" \/>\n<meta name=\"twitter:card\" content=\"summary_large_image\" \/>\n<meta name=\"twitter:label1\" content=\"Escrito por\" \/>\n\t<meta name=\"twitter:data1\" content=\"Inclusive\" \/>\n\t<meta name=\"twitter:label2\" content=\"Tempo estimado de leitura\" \/>\n\t<meta name=\"twitter:data2\" content=\"2 minutos\" \/>\n<script type=\"application\/ld+json\" class=\"yoast-schema-graph\">{\"@context\":\"https:\\\/\\\/schema.org\",\"@graph\":[{\"@type\":\"Article\",\"@id\":\"https:\\\/\\\/inclusivenews.com.br\\\/?p=6514#article\",\"isPartOf\":{\"@id\":\"https:\\\/\\\/inclusivenews.com.br\\\/?p=6514\"},\"author\":{\"name\":\"Inclusive\",\"@id\":\"https:\\\/\\\/inclusivenews.com.br\\\/#\\\/schema\\\/person\\\/0dab492019871b94abb65fa8ee7c8c44\"},\"headline\":\"Mitos sobre a inclus\u00e3o\",\"datePublished\":\"2009-03-28T20:29:53+00:00\",\"mainEntityOfPage\":{\"@id\":\"https:\\\/\\\/inclusivenews.com.br\\\/?p=6514\"},\"wordCount\":351,\"commentCount\":0,\"publisher\":{\"@id\":\"https:\\\/\\\/inclusivenews.com.br\\\/#organization\"},\"articleSection\":[\"OPINI\u00c3O\"],\"inLanguage\":\"pt-PT\",\"potentialAction\":[{\"@type\":\"CommentAction\",\"name\":\"Comment\",\"target\":[\"https:\\\/\\\/inclusivenews.com.br\\\/?p=6514#respond\"]}]},{\"@type\":\"WebPage\",\"@id\":\"https:\\\/\\\/inclusivenews.com.br\\\/?p=6514\",\"url\":\"https:\\\/\\\/inclusivenews.com.br\\\/?p=6514\",\"name\":\"Mitos sobre a inclus\u00e3o -\",\"isPartOf\":{\"@id\":\"https:\\\/\\\/inclusivenews.com.br\\\/#website\"},\"datePublished\":\"2009-03-28T20:29:53+00:00\",\"breadcrumb\":{\"@id\":\"https:\\\/\\\/inclusivenews.com.br\\\/?p=6514#breadcrumb\"},\"inLanguage\":\"pt-PT\",\"potentialAction\":[{\"@type\":\"ReadAction\",\"target\":[\"https:\\\/\\\/inclusivenews.com.br\\\/?p=6514\"]}]},{\"@type\":\"BreadcrumbList\",\"@id\":\"https:\\\/\\\/inclusivenews.com.br\\\/?p=6514#breadcrumb\",\"itemListElement\":[{\"@type\":\"ListItem\",\"position\":1,\"name\":\"In\u00edcio\",\"item\":\"https:\\\/\\\/inclusivenews.com.br\\\/\"},{\"@type\":\"ListItem\",\"position\":2,\"name\":\"Mitos sobre a inclus\u00e3o\"}]},{\"@type\":\"WebSite\",\"@id\":\"https:\\\/\\\/inclusivenews.com.br\\\/#website\",\"url\":\"https:\\\/\\\/inclusivenews.com.br\\\/\",\"name\":\"Inclusive News\",\"description\":\"Inclusive News\",\"publisher\":{\"@id\":\"https:\\\/\\\/inclusivenews.com.br\\\/#organization\"},\"potentialAction\":[{\"@type\":\"SearchAction\",\"target\":{\"@type\":\"EntryPoint\",\"urlTemplate\":\"https:\\\/\\\/inclusivenews.com.br\\\/?s={search_term_string}\"},\"query-input\":{\"@type\":\"PropertyValueSpecification\",\"valueRequired\":true,\"valueName\":\"search_term_string\"}}],\"inLanguage\":\"pt-PT\"},{\"@type\":\"Organization\",\"@id\":\"https:\\\/\\\/inclusivenews.com.br\\\/#organization\",\"name\":\"Inclusive - inclus\u00e3o e cidadania\",\"url\":\"https:\\\/\\\/inclusivenews.com.br\\\/\",\"logo\":{\"@type\":\"ImageObject\",\"inLanguage\":\"pt-PT\",\"@id\":\"https:\\\/\\\/inclusivenews.com.br\\\/#\\\/schema\\\/logo\\\/image\\\/\",\"url\":\"https:\\\/\\\/inclusivenews.com.br\\\/wp-content\\\/uploads\\\/2024\\\/03\\\/@grandesite.png\",\"contentUrl\":\"https:\\\/\\\/inclusivenews.com.br\\\/wp-content\\\/uploads\\\/2024\\\/03\\\/@grandesite.png\",\"width\":1080,\"height\":1080,\"caption\":\"Inclusive - inclus\u00e3o e cidadania\"},\"image\":{\"@id\":\"https:\\\/\\\/inclusivenews.com.br\\\/#\\\/schema\\\/logo\\\/image\\\/\"},\"sameAs\":[\"https:\\\/\\\/www.facebook.com\\\/agenciainclusive\\\/\",\"https:\\\/\\\/www.instagram.com\\\/newsinclusive\\\/\"]},{\"@type\":\"Person\",\"@id\":\"https:\\\/\\\/inclusivenews.com.br\\\/#\\\/schema\\\/person\\\/0dab492019871b94abb65fa8ee7c8c44\",\"name\":\"Inclusive\",\"image\":{\"@type\":\"ImageObject\",\"inLanguage\":\"pt-PT\",\"@id\":\"https:\\\/\\\/secure.gravatar.com\\\/avatar\\\/?s=96&d=mm&r=g\",\"url\":\"https:\\\/\\\/secure.gravatar.com\\\/avatar\\\/?s=96&d=mm&r=g\",\"contentUrl\":\"https:\\\/\\\/secure.gravatar.com\\\/avatar\\\/?s=96&d=mm&r=g\",\"caption\":\"Inclusive\"},\"url\":\"https:\\\/\\\/inclusivenews.com.br\\\/?author=2\"}]}<\/script>\n<!-- \/ Yoast SEO plugin. -->","yoast_head_json":{"title":"Mitos sobre a inclus\u00e3o -","robots":{"index":"index","follow":"follow","max-snippet":"max-snippet:-1","max-image-preview":"max-image-preview:large","max-video-preview":"max-video-preview:-1"},"canonical":"https:\/\/inclusivenews.com.br\/?p=6514","og_locale":"pt_PT","og_type":"article","og_title":"Mitos sobre a inclus\u00e3o -","og_description":"N\u00e3o h\u00e1 d\u00favida de que a pessoa com defici\u00eancia, como qualquer outra, pode ser um bom profissional e merece uma press\u00e3o por parte do governo e da sociedade civil para que as leis\u00a0sejam efetivamente cumpridas. No entanto, devemos tomar cuidado para que, em nome de um discurso politicamente correto, n\u00e3o superestimemos o seu desempenho, criando [&hellip;]","og_url":"https:\/\/inclusivenews.com.br\/?p=6514","article_publisher":"https:\/\/www.facebook.com\/agenciainclusive\/","article_published_time":"2009-03-28T20:29:53+00:00","author":"Inclusive","twitter_card":"summary_large_image","twitter_misc":{"Escrito por":"Inclusive","Tempo estimado de leitura":"2 minutos"},"schema":{"@context":"https:\/\/schema.org","@graph":[{"@type":"Article","@id":"https:\/\/inclusivenews.com.br\/?p=6514#article","isPartOf":{"@id":"https:\/\/inclusivenews.com.br\/?p=6514"},"author":{"name":"Inclusive","@id":"https:\/\/inclusivenews.com.br\/#\/schema\/person\/0dab492019871b94abb65fa8ee7c8c44"},"headline":"Mitos sobre a inclus\u00e3o","datePublished":"2009-03-28T20:29:53+00:00","mainEntityOfPage":{"@id":"https:\/\/inclusivenews.com.br\/?p=6514"},"wordCount":351,"commentCount":0,"publisher":{"@id":"https:\/\/inclusivenews.com.br\/#organization"},"articleSection":["OPINI\u00c3O"],"inLanguage":"pt-PT","potentialAction":[{"@type":"CommentAction","name":"Comment","target":["https:\/\/inclusivenews.com.br\/?p=6514#respond"]}]},{"@type":"WebPage","@id":"https:\/\/inclusivenews.com.br\/?p=6514","url":"https:\/\/inclusivenews.com.br\/?p=6514","name":"Mitos sobre a inclus\u00e3o -","isPartOf":{"@id":"https:\/\/inclusivenews.com.br\/#website"},"datePublished":"2009-03-28T20:29:53+00:00","breadcrumb":{"@id":"https:\/\/inclusivenews.com.br\/?p=6514#breadcrumb"},"inLanguage":"pt-PT","potentialAction":[{"@type":"ReadAction","target":["https:\/\/inclusivenews.com.br\/?p=6514"]}]},{"@type":"BreadcrumbList","@id":"https:\/\/inclusivenews.com.br\/?p=6514#breadcrumb","itemListElement":[{"@type":"ListItem","position":1,"name":"In\u00edcio","item":"https:\/\/inclusivenews.com.br\/"},{"@type":"ListItem","position":2,"name":"Mitos sobre a inclus\u00e3o"}]},{"@type":"WebSite","@id":"https:\/\/inclusivenews.com.br\/#website","url":"https:\/\/inclusivenews.com.br\/","name":"Inclusive News","description":"Inclusive News","publisher":{"@id":"https:\/\/inclusivenews.com.br\/#organization"},"potentialAction":[{"@type":"SearchAction","target":{"@type":"EntryPoint","urlTemplate":"https:\/\/inclusivenews.com.br\/?s={search_term_string}"},"query-input":{"@type":"PropertyValueSpecification","valueRequired":true,"valueName":"search_term_string"}}],"inLanguage":"pt-PT"},{"@type":"Organization","@id":"https:\/\/inclusivenews.com.br\/#organization","name":"Inclusive - inclus\u00e3o e cidadania","url":"https:\/\/inclusivenews.com.br\/","logo":{"@type":"ImageObject","inLanguage":"pt-PT","@id":"https:\/\/inclusivenews.com.br\/#\/schema\/logo\/image\/","url":"https:\/\/inclusivenews.com.br\/wp-content\/uploads\/2024\/03\/@grandesite.png","contentUrl":"https:\/\/inclusivenews.com.br\/wp-content\/uploads\/2024\/03\/@grandesite.png","width":1080,"height":1080,"caption":"Inclusive - inclus\u00e3o e cidadania"},"image":{"@id":"https:\/\/inclusivenews.com.br\/#\/schema\/logo\/image\/"},"sameAs":["https:\/\/www.facebook.com\/agenciainclusive\/","https:\/\/www.instagram.com\/newsinclusive\/"]},{"@type":"Person","@id":"https:\/\/inclusivenews.com.br\/#\/schema\/person\/0dab492019871b94abb65fa8ee7c8c44","name":"Inclusive","image":{"@type":"ImageObject","inLanguage":"pt-PT","@id":"https:\/\/secure.gravatar.com\/avatar\/?s=96&d=mm&r=g","url":"https:\/\/secure.gravatar.com\/avatar\/?s=96&d=mm&r=g","contentUrl":"https:\/\/secure.gravatar.com\/avatar\/?s=96&d=mm&r=g","caption":"Inclusive"},"url":"https:\/\/inclusivenews.com.br\/?author=2"}]}},"_links":{"self":[{"href":"https:\/\/inclusivenews.com.br\/index.php?rest_route=\/wp\/v2\/posts\/6514","targetHints":{"allow":["GET"]}}],"collection":[{"href":"https:\/\/inclusivenews.com.br\/index.php?rest_route=\/wp\/v2\/posts"}],"about":[{"href":"https:\/\/inclusivenews.com.br\/index.php?rest_route=\/wp\/v2\/types\/post"}],"author":[{"embeddable":true,"href":"https:\/\/inclusivenews.com.br\/index.php?rest_route=\/wp\/v2\/users\/2"}],"replies":[{"embeddable":true,"href":"https:\/\/inclusivenews.com.br\/index.php?rest_route=%2Fwp%2Fv2%2Fcomments&post=6514"}],"version-history":[{"count":0,"href":"https:\/\/inclusivenews.com.br\/index.php?rest_route=\/wp\/v2\/posts\/6514\/revisions"}],"wp:attachment":[{"href":"https:\/\/inclusivenews.com.br\/index.php?rest_route=%2Fwp%2Fv2%2Fmedia&parent=6514"}],"wp:term":[{"taxonomy":"category","embeddable":true,"href":"https:\/\/inclusivenews.com.br\/index.php?rest_route=%2Fwp%2Fv2%2Fcategories&post=6514"},{"taxonomy":"post_tag","embeddable":true,"href":"https:\/\/inclusivenews.com.br\/index.php?rest_route=%2Fwp%2Fv2%2Ftags&post=6514"}],"curies":[{"name":"wp","href":"https:\/\/api.w.org\/{rel}","templated":true}]}}