{"id":6519,"date":"2009-03-28T21:40:54","date_gmt":"2009-03-28T21:40:54","guid":{"rendered":"http:\/\/agenciainclusive.wordpress.com\/?p=6519"},"modified":"2009-03-28T21:40:54","modified_gmt":"2009-03-28T21:40:54","slug":"banco-interamericano-de-desarrollo-oportunidades","status":"publish","type":"post","link":"https:\/\/inclusivenews.com.br\/?p=6519","title":{"rendered":"Banco Interamericano de Desarrollo &#8211; oportunidades"},"content":{"rendered":"<p>Una nueva iniciativa del Banco Interamericano de Desarrollo<\/p>\n<p>Vicepresidencia de Sectores y Conocimiento \u2013 Sector Social<\/p>\n<p>Divisi\u00f3n de Ciencia y Tecnolog\u00eda<\/p>\n<p>A partir de la experiencia recabada en el concurso \u201cInnovaci\u00f3n para el<br \/>\ndesarrollo inclusivo\u201d de 2008, la Divisi\u00f3n de Ciencia y Tecnolog\u00eda del BID<br \/>\nest\u00e1 preparando el lanzamiento de una nueva iniciativa para mejorar la<br \/>\ninclusi\u00f3n de personas con discapacidad (PCD) en el sistema educativo y el<br \/>\nmercado laboral.<\/p>\n<p>\u00bfPor qu\u00e9?<\/p>\n<p>*\tEn 2006, las Naciones Unidas aprobaron la Convenci\u00f3n sobre los<br \/>\nDerechos de las Personas con Discapacidad (CDPD), que hasta ahora ha sido<br \/>\nfirmado por 139 pa\u00edses. \u201cSu prop\u00f3sito es asegurar el goce pleno y en<br \/>\ncondiciones de igualdad de todos los derechos humanos por todas las personas<br \/>\ncon discapacidad.\u201d (ONU, 2006.)<\/p>\n<p>*\tLas PCD son uno de los grupos m\u00e1s excluidos del mundo.<\/p>\n<p>*\tEn Am\u00e9rica Latina, un 10% de la poblaci\u00f3n tiene alguna discapacidad.<\/p>\n<p>*\t70% de las personas con discapacidad de la regi\u00f3n est\u00e1n desempleadas<br \/>\no excluidas de la fuerza laboral.<\/p>\n<p>*\tEntre 70 y 80% de los ni\u00f1os con discapacidad no tiene acceso a la<br \/>\neducaci\u00f3n.<\/p>\n<p>*\tLas PCD pueden beneficiarse mucho del uso de la tecnolog\u00eda, entre<br \/>\nellas las Tecnolog\u00edas de Informaci\u00f3n y Comunicaci\u00f3n (TIC).<\/p>\n<p>*\tEstas tecnolog\u00edas pueden permitirles el acceso a la educaci\u00f3n y a<br \/>\nlos mercados de trabajo, y aumentar as\u00ed sus ingresos y los de sus familias.<\/p>\n<p>*\tA pesar de que las PCD pueden beneficiarse enormemente de la<br \/>\ntecnolog\u00eda, frecuentemente tienen problemas de acceso.<\/p>\n<p>*\tLas PCD tienen muchas m\u00e1s probabilidades de ser pobres y por lo<br \/>\ntanto se las excluye por ambos motivos, la pobreza y su discapacidad.<\/p>\n<p>La iniciativa est\u00e1 compuesta por las siguientes actividades:<\/p>\n<p>Ccncursos internacionales, que incluir\u00e1n:<\/p>\n<p>\u00b7        Competencia internacional de propuestas, similar a la que se lanz\u00f3<br \/>\nen abril de 2008 (mayor informaci\u00f3n en www.iadb.org\/ innovation) . La<br \/>\ncompetencia estar\u00e1 enfocada a promover la implementaci\u00f3 n de innovaciones que<br \/>\nbeneficien a PCD, especialmente aquellas que permiten un mayor acceso a la<br \/>\nescuela y al trabajo. El t\u00e9rmino \u201cinnovaciones\u201d no necesariamente se refiere<br \/>\na nuevas invenciones, sino innovaciones y tecnolog\u00edas ya existentes que a\u00fan<br \/>\nno est\u00e1n disponibles en Latinoam\u00e9rica, modelos de negocios innovadores u<br \/>\notras propuestas innovadoras para la inclusi\u00f3n de las personas con<br \/>\ndiscapacidades. En todas las propuestas se requiere la participaci\u00f3n y<br \/>\ncolaboraci\u00f3n de alguna organizaci\u00f3n de personas con discapacidades.<\/p>\n<p>\u00b7        Concursos de Problemas y Soluciones: Mediante la p\u00e1gina web 2.0 de<br \/>\nla iniciativa, las personas con discapacidad, sus organizaciones, y otras<br \/>\nentidades identificar\u00e1n y priorizar\u00e1n los problemas que este grupo tiene<br \/>\npara su inclusi\u00f3n social y econ\u00f3mica (siguiendo lineamientos que incluyen:<br \/>\nescalabilidad, sostenibilidad, impacto en ingresos, entre otros).<br \/>\nPosteriormente se convocar\u00e1 a un concurso para implementar proyectos piloto<br \/>\nque conlleven soluciones a los problemas identificados.<\/p>\n<p>Competencias nacionales que tendr\u00e1n los mismos objetivos que las<br \/>\ncompetencias internacionales pero que estar\u00e1n focalizadas a la problem\u00e1tica<br \/>\nespec\u00edfica de cada pa\u00eds. Los fondos para llevarlas a cabo se dividen en un<br \/>\naporte del 50% por parte del gobierno del pa\u00eds participante y el BID<br \/>\ncontribuir\u00e1 con el 50% restante.<\/p>\n<p>Contactos:<\/p>\n<p>Jefe de equipo: Carlos Guaipatin, <a rel=\"nofollow noopener\" href=\"http:\/\/br.mc431.mail.yahoo.com\/mc\/compose?to=cguaipatin%40iadb.org\" target=\"_blank\">cguaipatin@iadb. org<\/a>, 202.623.1835<\/p>\n<p>Coordinadora: Eirin Kallestad, <a rel=\"nofollow noopener\" href=\"http:\/\/br.mc431.mail.yahoo.com\/mc\/compose?to=eirink%40iadb.org\" target=\"_blank\">eirink@iadb. org<\/a>, 202.623.3663<\/p>\n<p>Sitio web: www.iadb.org\/ innovation<\/p>\n<p>Anexo I: Categor\u00edas de problemas<\/p>\n<p>CATEGOR\u00cdA 1: FALTA DE ACCESO A SERVICIOS B\u00c1SICOS<\/p>\n<p>Cuando algunos sectores de la sociedad son excluidos de la provisi\u00f3n de<br \/>\nservicios b\u00e1sicos se alimenta el c\u00edrculo de la exclusi\u00f3n, debido a que no se<br \/>\nfomenta la igualdad de oportunidades para poder entrar a participar en el<br \/>\nsistema econ\u00f3mico y se limitan las posibilidades de desarrollo personal.<\/p>\n<p>En esta categor\u00eda se busca reflexionar sobre las causas y consecuencias de<br \/>\nla exclusi\u00f3n en el acceso a los siguientes servicios b\u00e1sicos:<\/p>\n<p>\u2022          Educaci\u00f3n: Restricciones de acceso al sistema educativo,<br \/>\nrelacionadas con ingreso tard\u00edo, finalizaci\u00f3n anticipada, discriminaci\u00f3 n en<br \/>\nla provisi\u00f3n del servicio y falta de oportunidades para recibir educaci\u00f3n de<br \/>\ncalidad.<\/p>\n<p>\u2022          Salud: Falta de seguros de salud, discriminaci\u00f3 n en la provisi\u00f3n<br \/>\ndel servicio y exclusi\u00f3n a servicios de salud de calidad.<\/p>\n<p>\u2022          Infraestructura b\u00e1sica: Vivienda, servicios sanitarios,<br \/>\nelectricidad, transporte<\/p>\n<p>CATEGOR\u00cdA 2: EXCLUSI\u00d3N EN EL MERCADO DEL TRABAJO<\/p>\n<p>Los mercados de trabajo de la regi\u00f3n se caracterizan por la creciente<br \/>\nparticipaci\u00f3n de empleos informales, precarios y sin acceso a la seguridad<br \/>\nsocial. En este contexto, los grupos tradicionalmente discriminados sufren<br \/>\na\u00fan m\u00e1s agudamente las consecuencias de la ruptura de los v\u00ednculos de<br \/>\nprotecci\u00f3n social asociado a relaciones de trabajo formales.<\/p>\n<p>En esta categor\u00eda se busca reflexionar sobre las causas y consecuencias del<br \/>\nproceso que genera que los trabajadores sean excluidos en el mercado laboral<br \/>\ndebido a:<\/p>\n<p>\u2022          Relaciones informales de trabajo<\/p>\n<p>\u2022          Salarios bajos y empleos de mala calidad<\/p>\n<p>\u2022          Discriminaci\u00f3 n en la contrataci\u00f3n de trabajadores<\/p>\n<p>CATEGOR\u00cdA 3: PROGRAMAS DE INCLUSI\u00d3N<\/p>\n<p>Esta categor\u00eda se centra en los esfuerzos efectuados por diferentes<br \/>\nindividuos e instituciones en pro de la inclusi\u00f3n de personas con<br \/>\ndiscapacidades. El \u00e9xito de las pol\u00edticas de inclusi\u00f3n social depende<br \/>\ncrucialmente de la identificaci\u00f3 n de los patrones sociales, econ\u00f3micos e<br \/>\ninstitucionales que han generado la situaci\u00f3n de exclusi\u00f3n, reconociendo la<br \/>\nimportancia de la participaci\u00f3n activa de las personas a quienes van<br \/>\ndirigidas.<\/p>\n<p>En esta categor\u00eda se busca reflexionar sobre las pol\u00edticas de inclusi\u00f3n<br \/>\nsocial generadas de forma externa a los grupos excluidos por parte de:<\/p>\n<p>\u2022          El Estado: Pol\u00edticas publicas de inclusi\u00f3n a personas con<br \/>\ndiscapacidades<\/p>\n<p>\u2022          Privados: Iniciativas por parte de instituciones civiles,<br \/>\nreligiosas, Organizaciones No Gubernamentales y otras asociaciones privadas<br \/>\nque trabajan con discapacitados.<\/p>\n<p>CATEGOR\u00cdA 4: EXCLUSI\u00d3N A LOS MEDIOS DE COMUNICACI\u00d3N E INFORMACI\u00d3N.<\/p>\n<p>El nominado quinto poder ejerce hoy una gran influencia sobre nuestras vidas<br \/>\ncotidianas. En este punto queremos considerar cuales son los problemas de<br \/>\ntener escasa facilidad de acceso a los mismos y como mejorarlas.<\/p>\n<p>\u2022          Televisi\u00f3n<\/p>\n<p>\u2022          Revistas y diarios<\/p>\n<p>\u2022          Tel\u00e9fonos<\/p>\n<p>CATEGOR\u00cdA 5: ACCESO AL DEPORTE Y \u00c1REAS RECREATIVAS<\/p>\n<p>Los espect\u00e1culos p\u00fablicos as\u00ed como los espacios donde se llevan a cabo,<br \/>\npocas veces toman en consideraci\u00f3n el p\u00fablico de personas con<br \/>\ndiscapacidades. En los deportes y lugares de pr\u00e1cticas de los mismos existe<br \/>\nel mismo problema. Se busca analizar, en esta categor\u00eda, cuales son los<br \/>\nposibles aspectos de mejora.<\/p>\n<p>\u2022          Cines<\/p>\n<p>\u2022          \u00c1reas de recreaci\u00f3n barriales<\/p>\n<p>\u2022          Clubes<\/p>\n","protected":false},"excerpt":{"rendered":"<p>Una nueva iniciativa del Banco Interamericano de Desarrollo Vicepresidencia de Sectores y Conocimiento \u2013 Sector Social Divisi\u00f3n de Ciencia y Tecnolog\u00eda A partir de la experiencia recabada en el concurso \u201cInnovaci\u00f3n para el desarrollo inclusivo\u201d de 2008, la Divisi\u00f3n de Ciencia y Tecnolog\u00eda del BID est\u00e1 preparando el lanzamiento de una nueva iniciativa para mejorar [&hellip;]<\/p>\n","protected":false},"author":2,"featured_media":0,"comment_status":"open","ping_status":"open","sticky":false,"template":"","format":"standard","meta":{"site-container-style":"default","site-container-layout":"default","site-sidebar-layout":"default","disable-article-header":"default","disable-site-header":"default","disable-site-footer":"default","disable-content-area-spacing":"default","footnotes":""},"categories":[4],"tags":[],"class_list":["post-6519","post","type-post","status-publish","format-standard","hentry","category-noticias"],"yoast_head":"<!-- This site is optimized with the Yoast SEO plugin v27.4 - https:\/\/yoast.com\/product\/yoast-seo-wordpress\/ -->\n<title>Banco Interamericano de Desarrollo - oportunidades -<\/title>\n<meta name=\"robots\" content=\"index, follow, max-snippet:-1, max-image-preview:large, max-video-preview:-1\" \/>\n<link rel=\"canonical\" href=\"https:\/\/inclusivenews.com.br\/?p=6519\" \/>\n<meta property=\"og:locale\" content=\"pt_PT\" \/>\n<meta property=\"og:type\" content=\"article\" \/>\n<meta property=\"og:title\" content=\"Banco Interamericano de Desarrollo - oportunidades -\" \/>\n<meta property=\"og:description\" content=\"Una nueva iniciativa del Banco Interamericano de Desarrollo Vicepresidencia de Sectores y Conocimiento \u2013 Sector Social Divisi\u00f3n de Ciencia y Tecnolog\u00eda A partir de la experiencia recabada en el concurso \u201cInnovaci\u00f3n para el desarrollo inclusivo\u201d de 2008, la Divisi\u00f3n de Ciencia y Tecnolog\u00eda del BID est\u00e1 preparando el lanzamiento de una nueva iniciativa para mejorar [&hellip;]\" \/>\n<meta property=\"og:url\" content=\"https:\/\/inclusivenews.com.br\/?p=6519\" \/>\n<meta property=\"article:publisher\" content=\"https:\/\/www.facebook.com\/agenciainclusive\/\" \/>\n<meta property=\"article:published_time\" content=\"2009-03-28T21:40:54+00:00\" \/>\n<meta name=\"author\" content=\"Inclusive\" \/>\n<meta name=\"twitter:card\" content=\"summary_large_image\" \/>\n<meta name=\"twitter:label1\" content=\"Escrito por\" \/>\n\t<meta name=\"twitter:data1\" content=\"Inclusive\" \/>\n\t<meta name=\"twitter:label2\" content=\"Tempo estimado de leitura\" \/>\n\t<meta name=\"twitter:data2\" content=\"5 minutos\" \/>\n<script type=\"application\/ld+json\" class=\"yoast-schema-graph\">{\"@context\":\"https:\\\/\\\/schema.org\",\"@graph\":[{\"@type\":\"Article\",\"@id\":\"https:\\\/\\\/inclusivenews.com.br\\\/?p=6519#article\",\"isPartOf\":{\"@id\":\"https:\\\/\\\/inclusivenews.com.br\\\/?p=6519\"},\"author\":{\"name\":\"Inclusive\",\"@id\":\"https:\\\/\\\/inclusivenews.com.br\\\/#\\\/schema\\\/person\\\/0dab492019871b94abb65fa8ee7c8c44\"},\"headline\":\"Banco Interamericano de Desarrollo &#8211; oportunidades\",\"datePublished\":\"2009-03-28T21:40:54+00:00\",\"mainEntityOfPage\":{\"@id\":\"https:\\\/\\\/inclusivenews.com.br\\\/?p=6519\"},\"wordCount\":1085,\"commentCount\":0,\"publisher\":{\"@id\":\"https:\\\/\\\/inclusivenews.com.br\\\/#organization\"},\"articleSection\":[\"NOT\u00cdCIAS\"],\"inLanguage\":\"pt-PT\",\"potentialAction\":[{\"@type\":\"CommentAction\",\"name\":\"Comment\",\"target\":[\"https:\\\/\\\/inclusivenews.com.br\\\/?p=6519#respond\"]}]},{\"@type\":\"WebPage\",\"@id\":\"https:\\\/\\\/inclusivenews.com.br\\\/?p=6519\",\"url\":\"https:\\\/\\\/inclusivenews.com.br\\\/?p=6519\",\"name\":\"Banco Interamericano de Desarrollo - oportunidades -\",\"isPartOf\":{\"@id\":\"https:\\\/\\\/inclusivenews.com.br\\\/#website\"},\"datePublished\":\"2009-03-28T21:40:54+00:00\",\"breadcrumb\":{\"@id\":\"https:\\\/\\\/inclusivenews.com.br\\\/?p=6519#breadcrumb\"},\"inLanguage\":\"pt-PT\",\"potentialAction\":[{\"@type\":\"ReadAction\",\"target\":[\"https:\\\/\\\/inclusivenews.com.br\\\/?p=6519\"]}]},{\"@type\":\"BreadcrumbList\",\"@id\":\"https:\\\/\\\/inclusivenews.com.br\\\/?p=6519#breadcrumb\",\"itemListElement\":[{\"@type\":\"ListItem\",\"position\":1,\"name\":\"In\u00edcio\",\"item\":\"https:\\\/\\\/inclusivenews.com.br\\\/\"},{\"@type\":\"ListItem\",\"position\":2,\"name\":\"Banco Interamericano de Desarrollo &#8211; oportunidades\"}]},{\"@type\":\"WebSite\",\"@id\":\"https:\\\/\\\/inclusivenews.com.br\\\/#website\",\"url\":\"https:\\\/\\\/inclusivenews.com.br\\\/\",\"name\":\"Inclusive News\",\"description\":\"Inclusive News\",\"publisher\":{\"@id\":\"https:\\\/\\\/inclusivenews.com.br\\\/#organization\"},\"potentialAction\":[{\"@type\":\"SearchAction\",\"target\":{\"@type\":\"EntryPoint\",\"urlTemplate\":\"https:\\\/\\\/inclusivenews.com.br\\\/?s={search_term_string}\"},\"query-input\":{\"@type\":\"PropertyValueSpecification\",\"valueRequired\":true,\"valueName\":\"search_term_string\"}}],\"inLanguage\":\"pt-PT\"},{\"@type\":\"Organization\",\"@id\":\"https:\\\/\\\/inclusivenews.com.br\\\/#organization\",\"name\":\"Inclusive - inclus\u00e3o e cidadania\",\"url\":\"https:\\\/\\\/inclusivenews.com.br\\\/\",\"logo\":{\"@type\":\"ImageObject\",\"inLanguage\":\"pt-PT\",\"@id\":\"https:\\\/\\\/inclusivenews.com.br\\\/#\\\/schema\\\/logo\\\/image\\\/\",\"url\":\"https:\\\/\\\/inclusivenews.com.br\\\/wp-content\\\/uploads\\\/2024\\\/03\\\/@grandesite.png\",\"contentUrl\":\"https:\\\/\\\/inclusivenews.com.br\\\/wp-content\\\/uploads\\\/2024\\\/03\\\/@grandesite.png\",\"width\":1080,\"height\":1080,\"caption\":\"Inclusive - inclus\u00e3o e cidadania\"},\"image\":{\"@id\":\"https:\\\/\\\/inclusivenews.com.br\\\/#\\\/schema\\\/logo\\\/image\\\/\"},\"sameAs\":[\"https:\\\/\\\/www.facebook.com\\\/agenciainclusive\\\/\",\"https:\\\/\\\/www.instagram.com\\\/newsinclusive\\\/\"]},{\"@type\":\"Person\",\"@id\":\"https:\\\/\\\/inclusivenews.com.br\\\/#\\\/schema\\\/person\\\/0dab492019871b94abb65fa8ee7c8c44\",\"name\":\"Inclusive\",\"image\":{\"@type\":\"ImageObject\",\"inLanguage\":\"pt-PT\",\"@id\":\"https:\\\/\\\/secure.gravatar.com\\\/avatar\\\/?s=96&d=mm&r=g\",\"url\":\"https:\\\/\\\/secure.gravatar.com\\\/avatar\\\/?s=96&d=mm&r=g\",\"contentUrl\":\"https:\\\/\\\/secure.gravatar.com\\\/avatar\\\/?s=96&d=mm&r=g\",\"caption\":\"Inclusive\"},\"url\":\"https:\\\/\\\/inclusivenews.com.br\\\/?author=2\"}]}<\/script>\n<!-- \/ Yoast SEO plugin. -->","yoast_head_json":{"title":"Banco Interamericano de Desarrollo - oportunidades -","robots":{"index":"index","follow":"follow","max-snippet":"max-snippet:-1","max-image-preview":"max-image-preview:large","max-video-preview":"max-video-preview:-1"},"canonical":"https:\/\/inclusivenews.com.br\/?p=6519","og_locale":"pt_PT","og_type":"article","og_title":"Banco Interamericano de Desarrollo - oportunidades -","og_description":"Una nueva iniciativa del Banco Interamericano de Desarrollo Vicepresidencia de Sectores y Conocimiento \u2013 Sector Social Divisi\u00f3n de Ciencia y Tecnolog\u00eda A partir de la experiencia recabada en el concurso \u201cInnovaci\u00f3n para el desarrollo inclusivo\u201d de 2008, la Divisi\u00f3n de Ciencia y Tecnolog\u00eda del BID est\u00e1 preparando el lanzamiento de una nueva iniciativa para mejorar [&hellip;]","og_url":"https:\/\/inclusivenews.com.br\/?p=6519","article_publisher":"https:\/\/www.facebook.com\/agenciainclusive\/","article_published_time":"2009-03-28T21:40:54+00:00","author":"Inclusive","twitter_card":"summary_large_image","twitter_misc":{"Escrito por":"Inclusive","Tempo estimado de leitura":"5 minutos"},"schema":{"@context":"https:\/\/schema.org","@graph":[{"@type":"Article","@id":"https:\/\/inclusivenews.com.br\/?p=6519#article","isPartOf":{"@id":"https:\/\/inclusivenews.com.br\/?p=6519"},"author":{"name":"Inclusive","@id":"https:\/\/inclusivenews.com.br\/#\/schema\/person\/0dab492019871b94abb65fa8ee7c8c44"},"headline":"Banco Interamericano de Desarrollo &#8211; oportunidades","datePublished":"2009-03-28T21:40:54+00:00","mainEntityOfPage":{"@id":"https:\/\/inclusivenews.com.br\/?p=6519"},"wordCount":1085,"commentCount":0,"publisher":{"@id":"https:\/\/inclusivenews.com.br\/#organization"},"articleSection":["NOT\u00cdCIAS"],"inLanguage":"pt-PT","potentialAction":[{"@type":"CommentAction","name":"Comment","target":["https:\/\/inclusivenews.com.br\/?p=6519#respond"]}]},{"@type":"WebPage","@id":"https:\/\/inclusivenews.com.br\/?p=6519","url":"https:\/\/inclusivenews.com.br\/?p=6519","name":"Banco Interamericano de Desarrollo - oportunidades -","isPartOf":{"@id":"https:\/\/inclusivenews.com.br\/#website"},"datePublished":"2009-03-28T21:40:54+00:00","breadcrumb":{"@id":"https:\/\/inclusivenews.com.br\/?p=6519#breadcrumb"},"inLanguage":"pt-PT","potentialAction":[{"@type":"ReadAction","target":["https:\/\/inclusivenews.com.br\/?p=6519"]}]},{"@type":"BreadcrumbList","@id":"https:\/\/inclusivenews.com.br\/?p=6519#breadcrumb","itemListElement":[{"@type":"ListItem","position":1,"name":"In\u00edcio","item":"https:\/\/inclusivenews.com.br\/"},{"@type":"ListItem","position":2,"name":"Banco Interamericano de Desarrollo &#8211; oportunidades"}]},{"@type":"WebSite","@id":"https:\/\/inclusivenews.com.br\/#website","url":"https:\/\/inclusivenews.com.br\/","name":"Inclusive News","description":"Inclusive News","publisher":{"@id":"https:\/\/inclusivenews.com.br\/#organization"},"potentialAction":[{"@type":"SearchAction","target":{"@type":"EntryPoint","urlTemplate":"https:\/\/inclusivenews.com.br\/?s={search_term_string}"},"query-input":{"@type":"PropertyValueSpecification","valueRequired":true,"valueName":"search_term_string"}}],"inLanguage":"pt-PT"},{"@type":"Organization","@id":"https:\/\/inclusivenews.com.br\/#organization","name":"Inclusive - inclus\u00e3o e cidadania","url":"https:\/\/inclusivenews.com.br\/","logo":{"@type":"ImageObject","inLanguage":"pt-PT","@id":"https:\/\/inclusivenews.com.br\/#\/schema\/logo\/image\/","url":"https:\/\/inclusivenews.com.br\/wp-content\/uploads\/2024\/03\/@grandesite.png","contentUrl":"https:\/\/inclusivenews.com.br\/wp-content\/uploads\/2024\/03\/@grandesite.png","width":1080,"height":1080,"caption":"Inclusive - inclus\u00e3o e cidadania"},"image":{"@id":"https:\/\/inclusivenews.com.br\/#\/schema\/logo\/image\/"},"sameAs":["https:\/\/www.facebook.com\/agenciainclusive\/","https:\/\/www.instagram.com\/newsinclusive\/"]},{"@type":"Person","@id":"https:\/\/inclusivenews.com.br\/#\/schema\/person\/0dab492019871b94abb65fa8ee7c8c44","name":"Inclusive","image":{"@type":"ImageObject","inLanguage":"pt-PT","@id":"https:\/\/secure.gravatar.com\/avatar\/?s=96&d=mm&r=g","url":"https:\/\/secure.gravatar.com\/avatar\/?s=96&d=mm&r=g","contentUrl":"https:\/\/secure.gravatar.com\/avatar\/?s=96&d=mm&r=g","caption":"Inclusive"},"url":"https:\/\/inclusivenews.com.br\/?author=2"}]}},"_links":{"self":[{"href":"https:\/\/inclusivenews.com.br\/index.php?rest_route=\/wp\/v2\/posts\/6519","targetHints":{"allow":["GET"]}}],"collection":[{"href":"https:\/\/inclusivenews.com.br\/index.php?rest_route=\/wp\/v2\/posts"}],"about":[{"href":"https:\/\/inclusivenews.com.br\/index.php?rest_route=\/wp\/v2\/types\/post"}],"author":[{"embeddable":true,"href":"https:\/\/inclusivenews.com.br\/index.php?rest_route=\/wp\/v2\/users\/2"}],"replies":[{"embeddable":true,"href":"https:\/\/inclusivenews.com.br\/index.php?rest_route=%2Fwp%2Fv2%2Fcomments&post=6519"}],"version-history":[{"count":0,"href":"https:\/\/inclusivenews.com.br\/index.php?rest_route=\/wp\/v2\/posts\/6519\/revisions"}],"wp:attachment":[{"href":"https:\/\/inclusivenews.com.br\/index.php?rest_route=%2Fwp%2Fv2%2Fmedia&parent=6519"}],"wp:term":[{"taxonomy":"category","embeddable":true,"href":"https:\/\/inclusivenews.com.br\/index.php?rest_route=%2Fwp%2Fv2%2Fcategories&post=6519"},{"taxonomy":"post_tag","embeddable":true,"href":"https:\/\/inclusivenews.com.br\/index.php?rest_route=%2Fwp%2Fv2%2Ftags&post=6519"}],"curies":[{"name":"wp","href":"https:\/\/api.w.org\/{rel}","templated":true}]}}