{"id":6533,"date":"2009-03-29T12:56:03","date_gmt":"2009-03-29T12:56:03","guid":{"rendered":"http:\/\/agenciainclusive.wordpress.com\/?p=6533"},"modified":"2009-03-29T12:56:03","modified_gmt":"2009-03-29T12:56:03","slug":"seminario-envelhecimento-e-pessoas-com-deficiencia-2","status":"publish","type":"post","link":"https:\/\/inclusivenews.com.br\/?p=6533","title":{"rendered":"Semin\u00e1rio Envelhecimento e Pessoas com Defici\u00eancia"},"content":{"rendered":"<p><strong><span style=\"font-size:14pt;line-height:150%;font-family:&quot;\" lang=\"PT-BR\">PROGRAMA\u00c7\u00c3O ATUALIZADA <\/span><\/strong><\/p>\n<p class=\"MsoNormal\" style=\"text-align:center;line-height:150%;\" align=\"center\"><strong><\/strong><\/p>\n<h2 class=\"MsoNormal\" style=\"line-height:150%;\"><strong><span style=\"font-family:&quot;\" lang=\"PT-BR\">Data:<\/span><\/strong><span style=\"font-family:&quot;\" lang=\"PT-BR\"> 03 e 04 de abril de 2009<\/span><\/h2>\n<h2 class=\"MsoNormal\" style=\"line-height:150%;\"><strong><span style=\"font-family:&quot;\" lang=\"PT-BR\">Local:<\/span><\/strong><span style=\"font-family:&quot;\" lang=\"PT-BR\"> REATECH-2009 &#8211; Pavilh\u00e3o Imigrantes &#8211; S\u00e3o Paulo<\/span><\/h2>\n<h2 class=\"MsoNormal\" style=\"line-height:150%;\"><strong><span style=\"font-family:&quot;\" lang=\"PT-BR\">Inscri\u00e7\u00f5es Gratuitas pelo site:<\/span><\/strong><\/h2>\n<h2 class=\"MsoNormal\" style=\"line-height:150%;\"><span style=\"font-family:&quot;\" lang=\"PT-BR\"><a href=\"http:\/\/www.pacin.com.br\/_scripts\/seminario118.asp\">http:\/\/www.pacin.com.br\/_scripts\/seminario118.asp<\/a><\/span><\/h2>\n<h2 class=\"MsoNormal\" style=\"text-align:justify;text-indent:35.4pt;line-height:150%;\"><span style=\"font-family:&quot;\" lang=\"PT-BR\">O \u00adenvelhecimento populacional \u00e9 uma realidade em todo o mundo, principalmente, nos pa\u00edses da Europa, onde o perfil da popula\u00e7\u00e3o tem se transformado ao longo das \u00faltimas d\u00e9cadas.<\/span><\/h2>\n<h2 class=\"MsoNormal\" style=\"text-align:justify;text-indent:35.4pt;line-height:150%;\"><span style=\"font-family:&quot;\" lang=\"PT-BR\"> <\/span><\/h2>\n<h2 class=\"MsoNormal\" style=\"text-align:justify;text-indent:35.4pt;line-height:150%;\"><span style=\"font-family:&quot;\" lang=\"PT-BR\">No Brasil, tal realidade tem se apresentado de formal atente, ainda em um processo de transforma\u00e7\u00e3o do perfil populacional.<\/span><\/h2>\n<h2 class=\"MsoNormal\" style=\"text-align:justify;text-indent:35.4pt;line-height:150%;\"><span style=\"font-family:&quot;\" lang=\"PT-BR\"> <\/span><\/h2>\n<h2 class=\"MsoNormal\" style=\"text-align:justify;text-indent:35.4pt;line-height:150%;\"><span style=\"font-family:&quot;\" lang=\"PT-BR\">Tendo em vista que as pessoas com defici\u00eancia somam, aproximadamente, 26 milh\u00f5es de cidad\u00e3os brasileiros e, entre esse grupo, encontra-se um n\u00famero consider\u00e1vel de pessoas com idade igual, ou superior a 55 anos, faz-se necess\u00e1ria uma investiga\u00e7\u00e3o das condi\u00e7\u00f5es de envelhecimento desse segmento populacional, historicamente exclu\u00eddo dos processos sociais em nosso pa\u00eds e, portanto, com possibilidades de restri\u00e7\u00f5es ainda maiores de participa\u00e7\u00e3o efetiva na sociedade em decorr\u00eancia do processo de envelhecimento.<\/span><\/h2>\n<h2 class=\"MsoNormal\" style=\"text-align:justify;text-indent:35.4pt;line-height:150%;\"><span style=\"font-family:&quot;\" lang=\"PT-BR\"> <\/span><\/h2>\n<h2 class=\"MsoNormal\" style=\"text-align:justify;text-indent:35.4pt;line-height:150%;\"><span style=\"font-family:&quot;\" lang=\"PT-BR\">O Conselho Municipal das Pessoas Com Defici\u00eancia de S\u00e3o Paulo, em parceria com diversas organiza\u00e7\u00f5es, realiza o semin\u00e1rio: Envelhecimento e pessoas com defici\u00eancia: desafios e perspectivas, com o apoio da REATECH-2009.<\/span><\/h2>\n<h2 class=\"MsoNormal\" style=\"text-align:justify;line-height:150%;\"><span style=\"font-family:&quot;\" lang=\"PT-BR\"> <\/span><\/h2>\n<h2 class=\"MsoNormal\" style=\"text-align:justify;line-height:150%;\"><strong><span style=\"font-family:&quot;\" lang=\"PT-BR\">Objetivos:<\/span><\/strong><span style=\"font-family:&quot;\" lang=\"PT-BR\"> Promover um espa\u00e7o de reflex\u00e3o e constru\u00e7\u00e3o coletiva de conhecimentos sobre as diferentes quest\u00f5es envolvidas no processo de envelhecimento das pessoas com defici\u00eancia.<\/span><\/h2>\n<h2 class=\"MsoNormal\" style=\"text-align:justify;line-height:150%;\"><span style=\"font-family:&quot;\" lang=\"PT-BR\"> <\/span><\/h2>\n<h2 class=\"MsoNormal\" style=\"text-align:justify;line-height:150%;\"><strong><span style=\"font-family:&quot;\" lang=\"PT-BR\">P\u00fablico alvo: <\/span><\/strong><span style=\"font-family:&quot;\" lang=\"PT-BR\">Pessoas com defici\u00eancia, ativistas de direitos humanos em todas as \u00e1reas de atua\u00e7\u00e3o, profissionais de sa\u00fade, assist\u00eancia social, direitos humanos, educa\u00e7\u00e3o, gestores p\u00fablicos e a popula\u00e7\u00e3o em geral.<\/span><\/h2>\n<h2 class=\"MsoNormal\" style=\"text-align:justify;line-height:150%;\"><span style=\"font-family:&quot;\" lang=\"PT-BR\"> <\/span><\/h2>\n<h2 class=\"MsoNormal\" style=\"text-align:justify;line-height:150%;\"><strong><span style=\"font-family:&quot;\" lang=\"PT-BR\">N\u00famero de participantes:<\/span><\/strong><span style=\"font-family:&quot;\" lang=\"PT-BR\"> 200 participantes<\/span><\/h2>\n<h2 class=\"MsoNormal\"><span style=\"font-family:&quot;\" lang=\"PT-BR\"> <\/span><\/h2>\n<h2 class=\"MsoNormal\"><span style=\"font-family:&quot;\" lang=\"PT-BR\"> <\/span><\/h2>\n<h2 class=\"MsoNormal\" style=\"text-align:center;\"><strong><span style=\"font-family:&quot;\" lang=\"PT-BR\">Programa\u00e7\u00e3o:<\/span><\/strong><\/h2>\n<h2 class=\"MsoNormal\"><strong><span style=\"font-family:&quot;\" lang=\"PT-BR\"> <\/span><\/strong><\/h2>\n<h2 class=\"MsoNormal\"><strong><span style=\"font-family:&quot;\" lang=\"PT-BR\">03\/04\/09 \u2013 6\u00aa. Feira<\/span><\/strong><\/h2>\n<h2 class=\"MsoNormal\"><strong><span style=\"font-family:&quot;\" lang=\"PT-BR\"> <\/span><\/strong><\/h2>\n<h2 class=\"MsoNormal\"><span style=\"font-family:&quot;\" lang=\"PT-BR\">14:00 &#8211; <strong>Recep\u00e7\u00e3o e Credenciamento<\/strong> <\/span><\/h2>\n<h2 class=\"MsoNormal\"><strong><span style=\"font-family:&quot;\" lang=\"PT-BR\"> <\/span><\/strong><\/h2>\n<h2 class=\"MsoNormal\"><span style=\"font-family:&quot;\" lang=\"PT-BR\">14:30 <strong>Abertura Oficial:<\/strong> mesa com autoridades &#8211; Representantes das Secretarias Estadual e Municipal da pessoa com defici\u00eancia, Conselhos Estadual e Municipal da pessoa com defici\u00eancia, Conselhos Municipal e Federal do Idoso, CONADE, CORDE<\/span><\/h2>\n<h2 class=\"MsoNormal\"><span style=\"font-family:&quot;\" lang=\"PT-BR\"><span> <\/span><\/span><\/h2>\n<h2 class=\"MsoNormal\"><strong><span style=\"font-family:&quot;\" lang=\"PT-BR\"> <\/span><\/strong><\/h2>\n<h2 class=\"MsoNormal\"><span style=\"font-family:&quot;\" lang=\"PT-BR\">15:30 \u2013 <strong>Palestra :<\/strong> \u201cDireitos Humanos e pol\u00edticas p\u00fablicas, envelhecimento e defici\u00eancia\u201d<\/span><\/h2>\n<h2 class=\"MsoNormal\"><span style=\"font-family:&quot;\" lang=\"PT-BR\"><span> <\/span><span> <\/span><span> <\/span>Maria do Socorro Tabosa CNDi;<\/span><\/h2>\n<h2 class=\"MsoNormal\"><span style=\"font-family:&quot;\" lang=\"PT-BR\"><span> <\/span><span> <\/span><span> <\/span><span>Izabel Maria de Loureiro Maior \u2013CORDE <\/span><span> <\/span>&#8211; <\/span><\/h2>\n<h2 class=\"MsoNormal\"><span style=\"font-family:&quot;\" lang=\"PT-BR\"><span> <\/span><span> <\/span>Dora Sim\u00f5es CMPD <\/span><\/h2>\n<h2 class=\"MsoNormal\"><span style=\"font-family:&quot;\" lang=\"PT-BR\"> <\/span><\/h2>\n<h2 class=\"MsoNormal\"><span style=\"font-family:&quot;\" lang=\"PT-BR\"><span> <\/span>Aberto para perguntas ao p\u00fablico<\/span><\/h2>\n<h2 class=\"MsoNormal\"><span style=\"font-family:&quot;\" lang=\"PT-BR\"> <\/span><\/h2>\n<h2 class=\"MsoNormal\"><span style=\"font-family:&quot;\" lang=\"PT-BR\"> <\/span><\/h2>\n<h2 class=\"MsoNormal\"><strong><span style=\"font-family:&quot;\" lang=\"PT-BR\">Mediadora: Naira Rodrigues<\/span><\/strong><\/h2>\n<h2 class=\"MsoNormal\"><span style=\"font-family:&quot;\" lang=\"PT-BR\"> <\/span><\/h2>\n<h2 class=\"MsoNormal\"><span style=\"font-family:&quot;\" lang=\"PT-BR\">16:30 <strong>Mesa Redonda <\/strong>: \u201cCIF, envelhecimento e pessoa com defici\u00eancia\u201d<\/span><\/h2>\n<h2 class=\"MsoBodyText\" style=\"text-align:left;\"><span style=\"font-family:&quot;\" lang=\"PT-BR\"><span> <\/span>Dra. Helo\u00edsa Dinubila (Grupo de Pesquisa edo Envelheciemento) <\/span><\/h2>\n<h2 class=\"MsoNormal\"><span style=\"font-family:&quot;\" lang=\"PT-BR\"><span> <\/span>Lilia Pinto Martins-CVI Rio de Janeiro <\/span><\/h2>\n<h2 class=\"MsoNormal\"><span style=\"font-family:&quot;\" lang=\"PT-BR\"> <\/span><\/h2>\n<h2 class=\"MsoNormal\"><span style=\"font-family:&quot;\" lang=\"PT-BR\">Debate aberto ao P\u00fablico<\/span><\/h2>\n<h2 class=\"MsoNormal\"><span style=\"font-family:&quot;\" lang=\"PT-BR\"> <\/span><\/h2>\n<h2 class=\"MsoNormal\"><strong><span style=\"font-family:&quot;\" lang=\"PT-BR\">Mediadora:<\/span><\/strong><span style=\"font-family:&quot;\" lang=\"PT-BR\"> Maria de Mello (Grupo de Pesquisa do Envelhecimento<\/span><\/h2>\n<h2 class=\"MsoNormal\"><span style=\"font-family:&quot;\" lang=\"PT-BR\"> <\/span><\/h2>\n<h2 class=\"MsoNormal\"><span style=\"font-family:&quot;\" lang=\"PT-BR\">18:00 :<span> <\/span>Apresenta\u00e7\u00e3o Cultural<span> <\/span><\/span><\/h2>\n<h2 class=\"MsoNormal\"><span style=\"font-family:&quot;\" lang=\"PT-BR\"><span> <\/span><span> <\/span>Grupo Clown da APAE<\/span><\/h2>\n<h2 class=\"MsoNormal\"><strong><span style=\"font-family:&quot;\" lang=\"PT-BR\"> <\/span><\/strong><\/h2>\n<h2 class=\"MsoNormal\"><strong><span style=\"font-family:&quot;\" lang=\"PT-BR\"> <\/span><\/strong><\/h2>\n<h2 class=\"MsoNormal\"><strong><span style=\"font-family:&quot;\" lang=\"PT-BR\">04\/04\/09 \u2013 s\u00e1bado<span> <\/span><\/span><\/strong><\/h2>\n<h2 class=\"MsoNormal\"><strong><span style=\"font-family:&quot;\" lang=\"PT-BR\"> <\/span><\/strong><\/h2>\n<h2 class=\"MsoNormal\"><span style=\"font-family:&quot;\" lang=\"PT-BR\">08:30 &#8211; <strong>Recep\u00e7\u00e3o e Credenciamento<\/strong><\/span><\/h2>\n<h2 class=\"MsoNormal\"><span style=\"font-family:&quot;\" lang=\"PT-BR\">09:30 &#8211; <strong>Mesa Redonda:\u201d<\/strong> Experi\u00eancias e pesquisas\u201d &#8211; <span> <\/span>Projeto: \u201cO envelhecimento das <span> <\/span><\/span><\/h2>\n<h2 class=\"MsoNormal\"><span style=\"font-family:&quot;\" lang=\"PT-BR\"><span> <\/span>Pessoas com Defici\u00eancia\u201d<\/span><\/h2>\n<h2 class=\"MsoNormal\"><span style=\"font-family:&quot;\" lang=\"PT-BR\"><span> <\/span>Naira Rodrigues (Grupo de Pesquisa do Envelhecimento)<\/span><\/h2>\n<h2 class=\"MsoNormal\"><span style=\"font-family:&quot;\" lang=\"PT-BR\"><span> <\/span><span> <\/span><span> <\/span>Fab\u00edola Campillo (Grupo de Pesquisa do Envelhecimento)<\/span><\/h2>\n<h2 class=\"MsoNormal\"><span style=\"font-family:&quot;\" lang=\"PT-BR\"><span> <\/span><span> <\/span>Edna Belasco (APAE de S\u00e3o Paulo) <\/span><\/h2>\n<h2 class=\"MsoNormal\"><span style=\"font-family:&quot;\" lang=\"PT-BR\"><span> <\/span><span> <\/span><span> <\/span><span> <\/span>Juliana B. Righini (CARPE DIEM)<\/span><\/h2>\n<h2 class=\"MsoNormal\"><span style=\"font-family:&quot;\" lang=\"PT-BR\"> <\/span><\/h2>\n<h2 class=\"MsoNormal\"><span style=\"font-family:&quot;\" lang=\"PT-BR\">Aberto para perguntas ao p\u00fablico<\/span><\/h2>\n<h2 class=\"MsoNormal\" style=\"text-align:center;\"><strong><span style=\"font-family:&quot;\" lang=\"PT-BR\"> <\/span><\/strong><\/h2>\n<h2 class=\"MsoNormal\"><strong><span style=\"font-family:&quot;\" lang=\"PT-BR\">Mediadora :<\/span><\/strong><span style=\"font-family:&quot;\" lang=\"PT-BR\"> Maria Regina <span> <\/span>de Sousa Campos Leondarides<\/span><\/h2>\n<h2 class=\"MsoNormal\"><span style=\"font-family:&quot;\" lang=\"PT-BR\"><span> <\/span>Representando o Grupo de Estudos sobre o Envelhecimento do Deficiente<span> <\/span><\/span><\/h2>\n<h2 class=\"MsoNormal\"><span style=\"font-family:&quot;\" lang=\"PT-BR\"><span> <\/span>Intelectual<\/span><\/h2>\n<h2 class=\"MsoNormal\"><span style=\"font-family:&quot;\" lang=\"PT-BR\"> <\/span><\/h2>\n<h2 class=\"MsoNormal\"><span style=\"font-family:&quot;\" lang=\"PT-BR\">10:30 \u2013<strong> Intervalo<\/strong><\/span><\/h2>\n<h2 class=\"MsoNormal\"><span style=\"font-family:&quot;\" lang=\"PT-BR\"> <\/span><\/h2>\n<h2 class=\"MsoNormal\"><span style=\"font-family:&quot;\" lang=\"PT-BR\">11:00 &#8211; <span> <\/span><strong>Mesa Redonda:<\/strong> \u201c Envelhecer com defici\u00eancia\u201d<\/span><\/h2>\n<h2 class=\"MsoNormal\"><strong><span style=\"font-family:&quot;\" lang=\"PT-BR\"><span> <\/span><span> <\/span><\/span><\/strong><span style=\"font-family:&quot;\" lang=\"PT-BR\">Maria Luiza C\u00e2mara- ABADEF <\/span><\/h2>\n<h2 class=\"MsoBodyText2\" style=\"text-align:left;\"><span style=\"font-family:&quot;font-weight:normal;\" lang=\"PT-BR\"><span> <\/span><span> <\/span>Dorina Nowill representando a Funda\u00e7\u00e3o Dorina Nowill para cegos<\/span><\/h2>\n<h2 class=\"MsoNormal\"><span style=\"font-family:&quot;\" lang=\"PT-BR\"><span> <\/span><span> <\/span>Zenilda Ramalho Segala<span> <\/span><span> <\/span><\/span><\/h2>\n<h2 class=\"MsoNormal\"><span style=\"font-family:&quot;\" lang=\"PT-BR\"><span> <\/span>Aberto para perguntas ao p\u00fablico<\/span><\/h2>\n<h2 class=\"MsoNormal\"><span style=\"font-family:&quot;\" lang=\"PT-BR\"> <\/span><\/h2>\n<h2 class=\"MsoNormal\"><strong><span style=\"font-family:&quot;\" lang=\"PT-BR\">Mediadora:<\/span><\/strong><span style=\"font-family:&quot;\" lang=\"PT-BR\"> Naira Rodrigues (Grupo de Pesquisa do Envelhecimento de pessoas com defici\u00eancia)<\/span><\/h2>\n<h2 class=\"MsoNormal\" style=\"text-align:center;\"><span style=\"font-family:&quot;\" lang=\"PT-BR\"> <\/span><\/h2>\n<h2 class=\"MsoNormal\"><span style=\"font-family:&quot;\" lang=\"PT-BR\">14:00 \u2013 <strong>Mesa Redonda<\/strong> : \u201c Desafios do envelhecimento de pessoas com defici\u00eancia\u201d<\/span><\/h2>\n<h2 class=\"MsoNormal\"><span style=\"font-family:&quot;\" lang=\"PT-BR\"><span> <\/span><span> <\/span>Sindrome P\u00f3s-polio<\/span><\/h2>\n<h2 class=\"MsoNormal\"><span style=\"font-family:&quot;\" lang=\"PT-BR\"><span> <\/span><span> <\/span>Envelhecimento Precoce da Pessoa com Defici\u00eancia Intelectual<\/span><\/h2>\n<h2 class=\"MsoNormal\"><span style=\"font-family:&quot;\" lang=\"PT-BR\"><span> <\/span><span> <\/span>Aspectos neuro-psico-sociais<\/span><\/h2>\n<h2 class=\"MsoNormal\"><span style=\"font-family:&quot;\" lang=\"PT-BR\"> <\/span><\/h2>\n<h2 class=\"MsoNormal\"><strong><span style=\"font-family:&quot;\" lang=\"PT-BR\">Depoimentos:<\/span><\/strong><\/h2>\n<h2 class=\"MsoNormal\"><span style=\"font-family:&quot;\" lang=\"PT-BR\"><span> <\/span>Luciano Marques de Souza \u2013 CORDE Santos-SP<\/span><\/h2>\n<h2 class=\"MsoNormal\"><span style=\"font-family:&quot;\" lang=\"PT-BR\"><span> <\/span>Maria Am\u00e9lia Vampr\u00e9 Xavier &#8211; <span class=\"creditos1\"><span>FENAPAES <\/span><\/span><span> <\/span><\/span><\/h2>\n<h2 class=\"MsoNormal\"><strong><span style=\"font-family:&quot;\" lang=\"PT-BR\"><span> <\/span><span> <\/span><\/span><\/strong><span style=\"font-family:&quot;\" lang=\"PT-BR\">Elaine Cristina de Oliveira (APAE de S\u00e3o Paulo) <\/span><\/h2>\n<h2 class=\"MsoNormal\"><span style=\"font-family:&quot;\" lang=\"PT-BR\"><span> <\/span>Patr\u00edcia Marineli<\/span><\/h2>\n<h2 class=\"MsoNormal\"><span style=\"font-family:&quot;\" lang=\"PT-BR\"><span> <\/span>Fernando Gatto<\/span><\/h2>\n<h2 class=\"MsoNormal\"><span style=\"font-family:&quot;\" lang=\"PT-BR\"> <\/span><\/h2>\n<h2 class=\"MsoNormal\"><span style=\"font-family:&quot;\" lang=\"PT-BR\">Aberto para perguntas ao p\u00fablico<\/span><\/h2>\n<h2 class=\"MsoNormal\"><strong><span style=\"font-family:&quot;\" lang=\"PT-BR\"> <\/span><\/strong><\/h2>\n<h2 class=\"MsoNormal\"><strong><span style=\"font-family:&quot;\" lang=\"PT-BR\">Mediadora:<\/span><\/strong><span style=\"font-family:&quot;\" lang=\"PT-BR\"> Edna Belasco M. Arancibia (APAE de S\u00e3o Paulo)<\/span><\/h2>\n<h2 class=\"MsoNormal\" style=\"text-align:center;\"><span style=\"font-family:&quot;\" lang=\"PT-BR\"> <\/span><\/h2>\n<h2 class=\"MsoNormal\"><span style=\"font-family:&quot;\" lang=\"PT-BR\">15:30:<strong> Intervalo<\/strong> <\/span><\/h2>\n<h2 class=\"MsoNormal\"><span style=\"font-family:&quot;\" lang=\"PT-BR\"> <\/span><\/h2>\n<h2 class=\"MsoNormal\"><span style=\"font-family:&quot;\" lang=\"PT-BR\">16:00 &#8211; <span> <\/span><strong>Palestra<\/strong>: \u201cTecnologia Assistiva como perspectiva para a qualidade de vida\u201d<\/span><\/h2>\n<h2 class=\"MsoBodyText\"><span style=\"font-family:&quot;\" lang=\"PT-BR\"><span> <\/span>Maria de Mello (Grupo de Pesquisa do Envelhecimento) <\/span><\/h2>\n<h2 class=\"MsoNormal\"><span style=\"font-family:&quot;\" lang=\"PT-BR\"> <\/span><\/h2>\n<h2 class=\"MsoBodyText\" style=\"text-align:left;\"><span style=\"font-family:&quot;\" lang=\"PT-BR\">Aberto para perguntas ao p\u00fablico<\/span><\/h2>\n<h2 class=\"MsoBodyText\" style=\"text-align:left;\"><span style=\"font-family:&quot;\" lang=\"PT-BR\"> <\/span><\/h2>\n<h2 class=\"MsoNormal\"><strong><span style=\"font-family:&quot;\" lang=\"PT-BR\">Mediadora<\/span><\/strong><span style=\"font-family:&quot;\" lang=\"PT-BR\"> &#8211; Fab\u00edola Campillo (Grupo de Pesquisa do Envelhecimento)<\/span><\/h2>\n<h2 class=\"MsoNormal\"><span style=\"font-family:&quot;\" lang=\"PT-BR\"> <\/span><\/h2>\n<h2 class=\"MsoNormal\"><span style=\"font-family:&quot;\" lang=\"PT-BR\">17:00 \u2013 <strong>Mesa Redonda:<\/strong> \u201cTurismo Acess\u00edvel para Idosos com Defici\u00eancia\u201d<\/span><\/h2>\n<h2 class=\"MsoNormal\"><span style=\"font-family:&quot;\" lang=\"PT-BR\"><span> <\/span>Ricardo <span>Shimosakai <\/span>(CVI Araci Nalin) <\/span><\/h2>\n<h2 class=\"MsoNormal\"><span style=\"font-family:&quot;\" lang=\"PT-BR\"><span> <\/span><span> <\/span>B\u00e1rbara Kirschner (3 IN)<\/span><\/h2>\n<h2 class=\"MsoBodyText3\"><span style=\"font-family:&quot;color:windowtext;\" lang=\"PT-BR\"><span> <\/span><span> <\/span><\/span><span style=\"font-family:&quot;color:windowtext;font-weight:normal;\" lang=\"PT-BR\">Analice Jardim e Rose Barros do Grupo de Lazer : \u201cDe l\u00e1 pra c\u00e1\u201d<\/span><\/h2>\n<h2 class=\"MsoNormal\"><span style=\"font-family:&quot;\" lang=\"PT-BR\"> <\/span><\/h2>\n<h2 class=\"MsoNormal\"><span style=\"font-family:&quot;\" lang=\"PT-BR\">Aberto para perguntas ao p\u00fablico<\/span><\/h2>\n<h2 class=\"MsoNormal\"><span style=\"font-family:&quot;\" lang=\"PT-BR\"> <\/span><\/h2>\n<h2 class=\"MsoNormal\"><strong><span style=\"font-family:&quot;\" lang=\"PT-BR\">Mediador:<\/span><\/strong><span style=\"font-family:&quot;\" lang=\"PT-BR\">Renato Laurenti (CVI Araci Nalin)<span> <\/span>(confirmado)<\/span><\/h2>\n<h2 class=\"MsoNormal\"><span style=\"font-family:&quot;\" lang=\"PT-BR\">\u00ad<\/span><\/h2>\n<h2 class=\"MsoNormal\"><span style=\"font-family:&quot;\" lang=\"PT-BR\">18:00 &#8211;<span> <\/span>Encerramento: apresenta\u00e7\u00e3o cultural<\/span><\/h2>\n<h2><span style=\"font-size:12pt;font-family:&quot;\" lang=\"PT-BR\"><span> <\/span>Companhia Arte de Viver <\/span><\/h2>\n<h2 class=\"Texto2\"><span class=\"SubtituloAzul3\"><strong class=\"SubtituloAzul3\">INFORMA\u00c7\u00d5ES GERAIS:<\/strong><\/span><\/h2>\n<ul type=\"disc\">\n<li class=\"Texto2\">\n<h2>Os inscritos dever\u00e3o comparecer no audit\u00f3rio do SEMIN\u00c1RIO, com 15 minutos de anteced\u00eancia da palestra que ir\u00e1 assistir.<strong><br \/>\n<\/strong><\/h2>\n<\/li>\n<li class=\"Texto2\">\n<h2>Reservamo-nos o direito de alterar o pr\u00e9-tem\u00e1rio para a confec\u00e7\u00e3o do  tem\u00e1rio oficial.<\/h2>\n<\/li>\n<\/ul>\n<h2 class=\"TituloVinho10\"><strong class=\"SubtituloAzul3\">DATA E LOCAL:<\/strong><\/h2>\n<ul type=\"disc\">\n<li class=\"Texto2\">\n<h2>03 e 04 de abril de 2009 Centro de Exposi\u00e7\u00f5es  Imigrantes &#8211; Rod. dos Imigrantes KM 1,5 &#8211; S\u00e3o Paulo &#8211; SP<\/h2>\n<\/li>\n<li class=\"Texto2\"><\/li>\n<\/ul>\n","protected":false},"excerpt":{"rendered":"<p>PROGRAMA\u00c7\u00c3O ATUALIZADA Data: 03 e 04 de abril de 2009 Local: REATECH-2009 &#8211; Pavilh\u00e3o Imigrantes &#8211; S\u00e3o Paulo Inscri\u00e7\u00f5es Gratuitas pelo site: http:\/\/www.pacin.com.br\/_scripts\/seminario118.asp O \u00adenvelhecimento populacional \u00e9 uma realidade em todo o mundo, principalmente, nos pa\u00edses da Europa, onde o perfil da popula\u00e7\u00e3o tem se transformado ao longo das \u00faltimas d\u00e9cadas. No Brasil, tal realidade [&hellip;]<\/p>\n","protected":false},"author":2,"featured_media":0,"comment_status":"open","ping_status":"open","sticky":false,"template":"","format":"standard","meta":{"site-container-style":"default","site-container-layout":"default","site-sidebar-layout":"default","disable-article-header":"default","disable-site-header":"default","disable-site-footer":"default","disable-content-area-spacing":"default","footnotes":""},"categories":[4],"tags":[28],"class_list":["post-6533","post","type-post","status-publish","format-standard","hentry","category-noticias","tag-viiireatech"],"yoast_head":"<!-- This site is optimized with the Yoast SEO plugin v27.4 - https:\/\/yoast.com\/product\/yoast-seo-wordpress\/ -->\n<title>Semin\u00e1rio Envelhecimento e Pessoas com Defici\u00eancia -<\/title>\n<meta name=\"robots\" content=\"index, follow, max-snippet:-1, max-image-preview:large, max-video-preview:-1\" \/>\n<link rel=\"canonical\" href=\"https:\/\/inclusivenews.com.br\/?p=6533\" \/>\n<meta property=\"og:locale\" content=\"pt_PT\" \/>\n<meta property=\"og:type\" content=\"article\" \/>\n<meta property=\"og:title\" content=\"Semin\u00e1rio Envelhecimento e Pessoas com Defici\u00eancia -\" \/>\n<meta property=\"og:description\" content=\"PROGRAMA\u00c7\u00c3O ATUALIZADA Data: 03 e 04 de abril de 2009 Local: REATECH-2009 &#8211; Pavilh\u00e3o Imigrantes &#8211; S\u00e3o Paulo Inscri\u00e7\u00f5es Gratuitas pelo site: http:\/\/www.pacin.com.br\/_scripts\/seminario118.asp O \u00adenvelhecimento populacional \u00e9 uma realidade em todo o mundo, principalmente, nos pa\u00edses da Europa, onde o perfil da popula\u00e7\u00e3o tem se transformado ao longo das \u00faltimas d\u00e9cadas. No Brasil, tal realidade [&hellip;]\" \/>\n<meta property=\"og:url\" content=\"https:\/\/inclusivenews.com.br\/?p=6533\" \/>\n<meta property=\"article:publisher\" content=\"https:\/\/www.facebook.com\/agenciainclusive\/\" \/>\n<meta property=\"article:published_time\" content=\"2009-03-29T12:56:03+00:00\" \/>\n<meta name=\"author\" content=\"Inclusive\" \/>\n<meta name=\"twitter:card\" content=\"summary_large_image\" \/>\n<meta name=\"twitter:label1\" content=\"Escrito por\" \/>\n\t<meta name=\"twitter:data1\" content=\"Inclusive\" \/>\n\t<meta name=\"twitter:label2\" content=\"Tempo estimado de leitura\" \/>\n\t<meta name=\"twitter:data2\" content=\"4 minutos\" \/>\n<script type=\"application\/ld+json\" class=\"yoast-schema-graph\">{\"@context\":\"https:\\\/\\\/schema.org\",\"@graph\":[{\"@type\":\"Article\",\"@id\":\"https:\\\/\\\/inclusivenews.com.br\\\/?p=6533#article\",\"isPartOf\":{\"@id\":\"https:\\\/\\\/inclusivenews.com.br\\\/?p=6533\"},\"author\":{\"name\":\"Inclusive\",\"@id\":\"https:\\\/\\\/inclusivenews.com.br\\\/#\\\/schema\\\/person\\\/0dab492019871b94abb65fa8ee7c8c44\"},\"headline\":\"Semin\u00e1rio Envelhecimento e Pessoas com Defici\u00eancia\",\"datePublished\":\"2009-03-29T12:56:03+00:00\",\"mainEntityOfPage\":{\"@id\":\"https:\\\/\\\/inclusivenews.com.br\\\/?p=6533\"},\"wordCount\":743,\"commentCount\":0,\"publisher\":{\"@id\":\"https:\\\/\\\/inclusivenews.com.br\\\/#organization\"},\"keywords\":[\"VIIIREATECH\"],\"articleSection\":[\"NOT\u00cdCIAS\"],\"inLanguage\":\"pt-PT\",\"potentialAction\":[{\"@type\":\"CommentAction\",\"name\":\"Comment\",\"target\":[\"https:\\\/\\\/inclusivenews.com.br\\\/?p=6533#respond\"]}]},{\"@type\":\"WebPage\",\"@id\":\"https:\\\/\\\/inclusivenews.com.br\\\/?p=6533\",\"url\":\"https:\\\/\\\/inclusivenews.com.br\\\/?p=6533\",\"name\":\"Semin\u00e1rio Envelhecimento e Pessoas com Defici\u00eancia -\",\"isPartOf\":{\"@id\":\"https:\\\/\\\/inclusivenews.com.br\\\/#website\"},\"datePublished\":\"2009-03-29T12:56:03+00:00\",\"breadcrumb\":{\"@id\":\"https:\\\/\\\/inclusivenews.com.br\\\/?p=6533#breadcrumb\"},\"inLanguage\":\"pt-PT\",\"potentialAction\":[{\"@type\":\"ReadAction\",\"target\":[\"https:\\\/\\\/inclusivenews.com.br\\\/?p=6533\"]}]},{\"@type\":\"BreadcrumbList\",\"@id\":\"https:\\\/\\\/inclusivenews.com.br\\\/?p=6533#breadcrumb\",\"itemListElement\":[{\"@type\":\"ListItem\",\"position\":1,\"name\":\"In\u00edcio\",\"item\":\"https:\\\/\\\/inclusivenews.com.br\\\/\"},{\"@type\":\"ListItem\",\"position\":2,\"name\":\"Semin\u00e1rio Envelhecimento e Pessoas com Defici\u00eancia\"}]},{\"@type\":\"WebSite\",\"@id\":\"https:\\\/\\\/inclusivenews.com.br\\\/#website\",\"url\":\"https:\\\/\\\/inclusivenews.com.br\\\/\",\"name\":\"Inclusive News\",\"description\":\"Inclusive News\",\"publisher\":{\"@id\":\"https:\\\/\\\/inclusivenews.com.br\\\/#organization\"},\"potentialAction\":[{\"@type\":\"SearchAction\",\"target\":{\"@type\":\"EntryPoint\",\"urlTemplate\":\"https:\\\/\\\/inclusivenews.com.br\\\/?s={search_term_string}\"},\"query-input\":{\"@type\":\"PropertyValueSpecification\",\"valueRequired\":true,\"valueName\":\"search_term_string\"}}],\"inLanguage\":\"pt-PT\"},{\"@type\":\"Organization\",\"@id\":\"https:\\\/\\\/inclusivenews.com.br\\\/#organization\",\"name\":\"Inclusive - inclus\u00e3o e cidadania\",\"url\":\"https:\\\/\\\/inclusivenews.com.br\\\/\",\"logo\":{\"@type\":\"ImageObject\",\"inLanguage\":\"pt-PT\",\"@id\":\"https:\\\/\\\/inclusivenews.com.br\\\/#\\\/schema\\\/logo\\\/image\\\/\",\"url\":\"https:\\\/\\\/inclusivenews.com.br\\\/wp-content\\\/uploads\\\/2024\\\/03\\\/@grandesite.png\",\"contentUrl\":\"https:\\\/\\\/inclusivenews.com.br\\\/wp-content\\\/uploads\\\/2024\\\/03\\\/@grandesite.png\",\"width\":1080,\"height\":1080,\"caption\":\"Inclusive - inclus\u00e3o e cidadania\"},\"image\":{\"@id\":\"https:\\\/\\\/inclusivenews.com.br\\\/#\\\/schema\\\/logo\\\/image\\\/\"},\"sameAs\":[\"https:\\\/\\\/www.facebook.com\\\/agenciainclusive\\\/\",\"https:\\\/\\\/www.instagram.com\\\/newsinclusive\\\/\"]},{\"@type\":\"Person\",\"@id\":\"https:\\\/\\\/inclusivenews.com.br\\\/#\\\/schema\\\/person\\\/0dab492019871b94abb65fa8ee7c8c44\",\"name\":\"Inclusive\",\"image\":{\"@type\":\"ImageObject\",\"inLanguage\":\"pt-PT\",\"@id\":\"https:\\\/\\\/secure.gravatar.com\\\/avatar\\\/?s=96&d=mm&r=g\",\"url\":\"https:\\\/\\\/secure.gravatar.com\\\/avatar\\\/?s=96&d=mm&r=g\",\"contentUrl\":\"https:\\\/\\\/secure.gravatar.com\\\/avatar\\\/?s=96&d=mm&r=g\",\"caption\":\"Inclusive\"},\"url\":\"https:\\\/\\\/inclusivenews.com.br\\\/?author=2\"}]}<\/script>\n<!-- \/ Yoast SEO plugin. -->","yoast_head_json":{"title":"Semin\u00e1rio Envelhecimento e Pessoas com Defici\u00eancia -","robots":{"index":"index","follow":"follow","max-snippet":"max-snippet:-1","max-image-preview":"max-image-preview:large","max-video-preview":"max-video-preview:-1"},"canonical":"https:\/\/inclusivenews.com.br\/?p=6533","og_locale":"pt_PT","og_type":"article","og_title":"Semin\u00e1rio Envelhecimento e Pessoas com Defici\u00eancia -","og_description":"PROGRAMA\u00c7\u00c3O ATUALIZADA Data: 03 e 04 de abril de 2009 Local: REATECH-2009 &#8211; Pavilh\u00e3o Imigrantes &#8211; S\u00e3o Paulo Inscri\u00e7\u00f5es Gratuitas pelo site: http:\/\/www.pacin.com.br\/_scripts\/seminario118.asp O \u00adenvelhecimento populacional \u00e9 uma realidade em todo o mundo, principalmente, nos pa\u00edses da Europa, onde o perfil da popula\u00e7\u00e3o tem se transformado ao longo das \u00faltimas d\u00e9cadas. No Brasil, tal realidade [&hellip;]","og_url":"https:\/\/inclusivenews.com.br\/?p=6533","article_publisher":"https:\/\/www.facebook.com\/agenciainclusive\/","article_published_time":"2009-03-29T12:56:03+00:00","author":"Inclusive","twitter_card":"summary_large_image","twitter_misc":{"Escrito por":"Inclusive","Tempo estimado de leitura":"4 minutos"},"schema":{"@context":"https:\/\/schema.org","@graph":[{"@type":"Article","@id":"https:\/\/inclusivenews.com.br\/?p=6533#article","isPartOf":{"@id":"https:\/\/inclusivenews.com.br\/?p=6533"},"author":{"name":"Inclusive","@id":"https:\/\/inclusivenews.com.br\/#\/schema\/person\/0dab492019871b94abb65fa8ee7c8c44"},"headline":"Semin\u00e1rio Envelhecimento e Pessoas com Defici\u00eancia","datePublished":"2009-03-29T12:56:03+00:00","mainEntityOfPage":{"@id":"https:\/\/inclusivenews.com.br\/?p=6533"},"wordCount":743,"commentCount":0,"publisher":{"@id":"https:\/\/inclusivenews.com.br\/#organization"},"keywords":["VIIIREATECH"],"articleSection":["NOT\u00cdCIAS"],"inLanguage":"pt-PT","potentialAction":[{"@type":"CommentAction","name":"Comment","target":["https:\/\/inclusivenews.com.br\/?p=6533#respond"]}]},{"@type":"WebPage","@id":"https:\/\/inclusivenews.com.br\/?p=6533","url":"https:\/\/inclusivenews.com.br\/?p=6533","name":"Semin\u00e1rio Envelhecimento e Pessoas com Defici\u00eancia -","isPartOf":{"@id":"https:\/\/inclusivenews.com.br\/#website"},"datePublished":"2009-03-29T12:56:03+00:00","breadcrumb":{"@id":"https:\/\/inclusivenews.com.br\/?p=6533#breadcrumb"},"inLanguage":"pt-PT","potentialAction":[{"@type":"ReadAction","target":["https:\/\/inclusivenews.com.br\/?p=6533"]}]},{"@type":"BreadcrumbList","@id":"https:\/\/inclusivenews.com.br\/?p=6533#breadcrumb","itemListElement":[{"@type":"ListItem","position":1,"name":"In\u00edcio","item":"https:\/\/inclusivenews.com.br\/"},{"@type":"ListItem","position":2,"name":"Semin\u00e1rio Envelhecimento e Pessoas com Defici\u00eancia"}]},{"@type":"WebSite","@id":"https:\/\/inclusivenews.com.br\/#website","url":"https:\/\/inclusivenews.com.br\/","name":"Inclusive News","description":"Inclusive News","publisher":{"@id":"https:\/\/inclusivenews.com.br\/#organization"},"potentialAction":[{"@type":"SearchAction","target":{"@type":"EntryPoint","urlTemplate":"https:\/\/inclusivenews.com.br\/?s={search_term_string}"},"query-input":{"@type":"PropertyValueSpecification","valueRequired":true,"valueName":"search_term_string"}}],"inLanguage":"pt-PT"},{"@type":"Organization","@id":"https:\/\/inclusivenews.com.br\/#organization","name":"Inclusive - inclus\u00e3o e cidadania","url":"https:\/\/inclusivenews.com.br\/","logo":{"@type":"ImageObject","inLanguage":"pt-PT","@id":"https:\/\/inclusivenews.com.br\/#\/schema\/logo\/image\/","url":"https:\/\/inclusivenews.com.br\/wp-content\/uploads\/2024\/03\/@grandesite.png","contentUrl":"https:\/\/inclusivenews.com.br\/wp-content\/uploads\/2024\/03\/@grandesite.png","width":1080,"height":1080,"caption":"Inclusive - inclus\u00e3o e cidadania"},"image":{"@id":"https:\/\/inclusivenews.com.br\/#\/schema\/logo\/image\/"},"sameAs":["https:\/\/www.facebook.com\/agenciainclusive\/","https:\/\/www.instagram.com\/newsinclusive\/"]},{"@type":"Person","@id":"https:\/\/inclusivenews.com.br\/#\/schema\/person\/0dab492019871b94abb65fa8ee7c8c44","name":"Inclusive","image":{"@type":"ImageObject","inLanguage":"pt-PT","@id":"https:\/\/secure.gravatar.com\/avatar\/?s=96&d=mm&r=g","url":"https:\/\/secure.gravatar.com\/avatar\/?s=96&d=mm&r=g","contentUrl":"https:\/\/secure.gravatar.com\/avatar\/?s=96&d=mm&r=g","caption":"Inclusive"},"url":"https:\/\/inclusivenews.com.br\/?author=2"}]}},"_links":{"self":[{"href":"https:\/\/inclusivenews.com.br\/index.php?rest_route=\/wp\/v2\/posts\/6533","targetHints":{"allow":["GET"]}}],"collection":[{"href":"https:\/\/inclusivenews.com.br\/index.php?rest_route=\/wp\/v2\/posts"}],"about":[{"href":"https:\/\/inclusivenews.com.br\/index.php?rest_route=\/wp\/v2\/types\/post"}],"author":[{"embeddable":true,"href":"https:\/\/inclusivenews.com.br\/index.php?rest_route=\/wp\/v2\/users\/2"}],"replies":[{"embeddable":true,"href":"https:\/\/inclusivenews.com.br\/index.php?rest_route=%2Fwp%2Fv2%2Fcomments&post=6533"}],"version-history":[{"count":0,"href":"https:\/\/inclusivenews.com.br\/index.php?rest_route=\/wp\/v2\/posts\/6533\/revisions"}],"wp:attachment":[{"href":"https:\/\/inclusivenews.com.br\/index.php?rest_route=%2Fwp%2Fv2%2Fmedia&parent=6533"}],"wp:term":[{"taxonomy":"category","embeddable":true,"href":"https:\/\/inclusivenews.com.br\/index.php?rest_route=%2Fwp%2Fv2%2Fcategories&post=6533"},{"taxonomy":"post_tag","embeddable":true,"href":"https:\/\/inclusivenews.com.br\/index.php?rest_route=%2Fwp%2Fv2%2Ftags&post=6533"}],"curies":[{"name":"wp","href":"https:\/\/api.w.org\/{rel}","templated":true}]}}