{"id":660,"date":"2008-07-14T14:54:00","date_gmt":"2008-07-14T14:54:00","guid":{"rendered":"http:\/\/agenciainclusive.wordpress.com\/2008\/07\/14\/cortesia-show-acessivel\/"},"modified":"2008-07-14T14:54:00","modified_gmt":"2008-07-14T14:54:00","slug":"cortesia-show-acessivel","status":"publish","type":"post","link":"https:\/\/inclusivenews.com.br\/?p=660","title":{"rendered":"CORTESIA-Show Acess\u00edvel"},"content":{"rendered":"<p><!-- START OF ACTIVEMETER CODE --><\/p>\n<div><span style=\"font-family:Arial;font-size:85%;color:#579fa4;\"><strong>Acessibilidade e Inclus\u00e3o  Social<br \/>\n<\/strong><a rel=\"nofollow noopener\" href=\"http:\/\/www.movimentolivre.org.br\/\" target=\"_blank\">www.movimentolivre.org.br<\/a><\/span><\/div>\n<table border=\"0\" cellspacing=\"0\" cellpadding=\"0\" width=\"650\">\n<tbody>\n<tr>\n<td><span style=\"font-family:Arial;font-size:85%;\">Queridos amigos de causa,<\/span><\/p>\n<p><span style=\"font-family:Arial;font-size:85%;\">O <strong><em>Movimento Livre<\/em><\/strong> preocupado com a inclus\u00e3o das pessoas com deficiencia, principalmente no \u00e2mbito  da cultura e do lazer, tomou mais uma iniciativa: ir\u00e1 produzir um show,  popular, no qual as pessoas com defici\u00eancia ter\u00e3o total acessibilidade ao  evento, desde o estacionamento \u00e0 \u00e1rea constru\u00edda especialmente para d\u00e1-los todo  o conforto que merecem.Ser\u00e1 um grande show de forr\u00f3, com a banda  mais consagrada das festas juninas do nordeste, o <em>Saia Rodada<\/em>. O evento  ser\u00e1 na Facita, em Taguatinga, no dia 26 de julho de 2008, a partir das 21  horas.<\/p>\n<p><\/span><\/p>\n<p><span style=\"font-family:Arial;font-size:85%;\">Apesar do evento ser para a popula\u00e7\u00e3o em geral, e com  bilheteria, o Movimento Livre, <strong>dar\u00e1 cortesias gratuitas para TODAS AS  PESSOAS COM DEFICI\u00caNCIA que quiserem sair de casa para se divertirem.\u00c9  isso mesmo! As pessoas com defici\u00eancia + um acompanhante poder\u00e3o curtir o  evento, por conta do Movimento Livre. L\u00e1 eles ter\u00e3o estacionamento privativo,  com seguran\u00e7a e gratuito (basta terem o adesivo destinado a ve\u00edculos de pessoas  com defici\u00eancia e colado no vidro do carro).<\/p>\n<p><\/strong><\/span><\/p>\n<p><span style=\"font-family:Arial;font-size:85%;\">Abaixo segue o release do show e o mapa do espa\u00e7o  reservado para pessoas com defici\u00eancia.Para que esta atitude seja um  sucesso, e que outros eventos culturais tamb\u00e9m promovam a ACESSIBILIDADE,  contamos com a sua ajuda nesta divulga\u00e7\u00e3o.<\/p>\n<p><\/span><\/p>\n<p><span style=\"font-family:Arial;font-size:85%;\">Envie esta informa\u00e7\u00e3o para todas as pessoas com  defici\u00eancia que conhece. <\/span><\/p>\n<p><span style=\"font-family:Arial;font-size:85%;\">Esta ser\u00e1 uma \u00f3tima oportunidade para todos se  divertirem. <\/span><\/p>\n<p><span style=\"font-family:Arial;font-size:85%;\">As pessoas com defici\u00eancias que quiserem  aproveitar este bel\u00edssimo evento, feito pelo <strong><em>Movimento  Livre<\/em><\/strong> com todo o carinho, basta enviar um e-mail para:<a rel=\"nofollow noopener\" href=\"mailto:contato@movimentolivre.org.br\" target=\"_blank\"><strong>contato@movimentolivre.org.br<\/strong><\/a><strong><br \/>\n<\/strong>informando:<br \/>\n<strong>&#8211; nome completo<br \/>\n&#8211; nome do  acompanhante<br \/>\n&#8211; e-mail<br \/>\n&#8211; telefone fixo e celular<br \/>\n&#8211; e a defici\u00eancia que  possui<\/strong> (para estarmos preparados a receb\u00ea-los).<\/p>\n<p><\/span><\/p>\n<p><span style=\"font-family:Arial;font-size:85%;\">Contamos com o seu apoio nesta divulga\u00e7\u00e3o.<\/span><\/p>\n<p><span style=\"font-family:Arial;font-size:85%;\">Atenciosamente,<\/span><\/td>\n<\/tr>\n<tr>\n<td style=\"color:#ffffff;\" width=\"754\" align=\"center\"><span style=\"font-family:Arial;\"><span style=\"font-size:85%;color:#579fa4;\">&#8230;&#8230;&#8230;&#8230;&#8230;&#8230;&#8230;&#8230;&#8230;&#8230;&#8230;&#8230;&#8230;&#8230;&#8230;&#8230;&#8230;&#8230;&#8230;&#8230;..<\/span><br \/>\n<\/span><span style=\"font-size:85%;\"><span style=\"color:#579fa4;\"><strong><span style=\"font-family:Trebuchet MS;\">Cris  Cavalli<br \/>\n<\/span><\/strong>Diretora Geral do <\/span><\/span><strong><em><span style=\"font-size:85%;color:#579fa4;\">Movimento Livre<br \/>\n<\/span><\/em><\/strong><span style=\"font-family:Arial;font-size:85%;color:#579fa4;\">&#8230;&#8230;&#8230;&#8230;&#8230;&#8230;&#8230;&#8230;&#8230;&#8230;&#8230;&#8230;&#8230;&#8230;&#8230;&#8230;&#8230;&#8230;&#8230;&#8230;..<\/span><span style=\"font-family:Trebuchet MS;\"><br \/>\n<span style=\"font-size:85%;color:#579fa4;\">0 55 xx 61  8422.3045<br \/>\n<strong>skype:<\/strong> criscavalli<br \/>\n<strong>msn:<\/strong> <\/span><a rel=\"nofollow noopener\" href=\"mailto:criscavalli@hotmail.com\" target=\"_blank\"><span style=\"font-size:85%;\">criscavalli@hotmail.com<\/span><\/a><br \/>\n<span style=\"font-size:85%;\"><span style=\"color:#579fa4;\"><strong>google talk:<\/strong> <\/span><\/span><a rel=\"nofollow noopener\" href=\"mailto:criscavalli@gmail.com\" target=\"_blank\"><span style=\"font-size:85%;\">criscavalli@gmail.com<\/span><\/a><br \/>\n<span style=\"font-size:85%;\"><span style=\"color:#579fa4;\"><strong>e-mail:<\/strong> <\/span><\/span><\/span><a rel=\"nofollow noopener\" href=\"mailto:criscavalli@movimentolivre.org.br\" target=\"_blank\"><span style=\"font-family:Trebuchet MS;font-size:85%;color:#579fa4;\">criscavalli@movimentolivre.org.br<\/span><\/a><\/td>\n<\/tr>\n<tr>\n<td width=\"754\" align=\"center\" bgcolor=\"#ffffff\"><\/td>\n<\/tr>\n<tr>\n<td width=\"754\" align=\"center\" bgcolor=\"#ffffff\">\n<hr \/>\n<\/td>\n<\/tr>\n<tr>\n<td width=\"754\" bgcolor=\"#ffffff\"><\/td>\n<\/tr>\n<tr>\n<td width=\"754\" bgcolor=\"#ffffff\"><\/td>\n<\/tr>\n<tr>\n<td align=\"center\"><strong><span style=\"font-family:Arial;font-size:130%;color:#cc3300;\"><span style=\"font-size:180%;\">EVENTO  CULTURAL TOTALMENTE ACESS\u00cdVEL<br \/>\nAS PESSOAS COM  DEFICI\u00caNCIA<br \/>\n<\/span> <\/span><\/strong><\/td>\n<\/tr>\n<tr>\n<td align=\"center\"><strong><span style=\"font-family:Arial;font-size:130%;\">Show popular ter\u00e1 espa\u00e7o  privilegiado e acess\u00edvel, desde o estacionamento ao camarote vip  especial<\/span><\/strong><\/td>\n<\/tr>\n<tr>\n<td><\/td>\n<\/tr>\n<tr>\n<td><span style=\"font-family:Arial;font-size:85%;\"><span style=\"color:#366467;\">Ao contr\u00e1rio do que pensam, as  pessoas com defici\u00eancia n\u00e3o querem ficar em casa enquanto as outras saem para se  divertir, durante o dia, ou a noite. Talvez elas fiquem por falta de op\u00e7\u00e3o, ou  porque o mundo n\u00e3o est\u00e1 acess\u00edvel a elas. Acessibilidade \u00e9 o direito de usar os  espa\u00e7os e servi\u00e7os que uma cidade oferece, independente da capacidade de cada  um. Voc\u00ea j\u00e1 percebeu, quando vai a um show, ou teatro, ou qualquer outro evento  cultural, quantos deficientes est\u00e3o presentes? \u00c0s vezes poucos, ou nenhum. Mas  n\u00e3o porque eles s\u00e3o poucos. Na verdade, 14% da popula\u00e7\u00e3o brasileira, segundo  Fernando Cotta &#8211; do CORDE-DF, tem algum tipo de defici\u00eancia. S\u00f3 em Bras\u00cdlia  chegam a 140 mil pessoas. Esse \u00e9 um n\u00famero bem alto, comparado ao total da  popula\u00e7\u00e3o do DF.Preocupados com esta quest\u00e3o, o <a rel=\"nofollow noopener\" href=\"http:\/\/www.movimentolivre.org.br\/\" target=\"_blank\"><span style=\"color:#366467;\">Movimento Livre<\/span><\/a><span style=\"color:#366467;\"> e a <\/span><a rel=\"nofollow noopener\" href=\"http:\/\/www.ronaldproducoes.com.br\/\" target=\"_blank\"><span style=\"color:#366467;\">Ronald Produ\u00e7\u00f5es<\/span><\/a><span style=\"color:#366467;\"> far\u00e3o um show  popular, totalmente acess\u00edvel \u00e0s pessoas com defici\u00eancia. Ser\u00e1 o SAIA EL\u00c9TRICA,  com a banda de forr\u00f3 Saia Rodada, em cima de um trio el\u00e9trico, na Facita, em  Taguatinda, dia 26 de julho de 2008. O evento \u00e9 voltado para toda a popula\u00e7\u00e3o,  mas, as pessoas com defici\u00eancia ser\u00e3o tratadas com todo o respeito e dignidade  como eles merecem. Neste show, haver\u00e1 a \u00e1rea Movimento Livre, reservada apenas  para \u00e0s pessoas com defici\u00eancia e seus acompanhantes. O local contar\u00e1 com  banheiros especiais, visibilidade privilegiada e estacionamento acess\u00edvel, com  seguran\u00e7as, gratuito.Segue o mapa do  evento:<\/p>\n<p><\/span><\/p>\n<p><\/span><\/span><\/td>\n<\/tr>\n<tr>\n<td><span style=\"font-family:Arial;font-size:85%;color:#366467;\"><img loading=\"lazy\" decoding=\"async\" src=\"http:\/\/att-0-2ce85b47bbe4a94fadf51ddfc5d69547-logo_ml_.jpg\/\" border=\"0\" alt=\"\" width=\"638\" height=\"379\" \/><\/span><\/td>\n<\/tr>\n<tr>\n<td><span style=\"font-family:Arial;font-size:85%;color:#366467;\"><img loading=\"lazy\" decoding=\"async\" src=\"http:\/\/att-0-2ce85b47bbe4a94fadf51ddfc5d69547-logo_ml_.jpg\/\" border=\"0\" alt=\"\" width=\"650\" height=\"132\" \/><\/span><\/td>\n<\/tr>\n<tr>\n<td align=\"center\"><\/td>\n<\/tr>\n<tr>\n<td align=\"center\">\n<table border=\"0\" cellspacing=\"0\" cellpadding=\"0\" width=\"100%\">\n<tbody>\n<tr>\n<td width=\"33%\"><span style=\"font-family:Arial;font-size:85%;color:#366467;\"><img loading=\"lazy\" decoding=\"async\" src=\"http:\/\/att-0-2ce85b47bbe4a94fadf51ddfc5d69547-logo_ml_.jpg\/\" border=\"0\" alt=\"\" width=\"200\" height=\"128\" \/><\/span><\/td>\n<td width=\"67%\">\n<p align=\"center\"><strong><span style=\"font-family:Arial;font-size:130%;color:#cc3300;\">SHOW SAIA EL\u00c9TRICA COM  SAIA RODADA<br \/>\nBeber! Cair! Levantar! A Festa do  Forr\u00f3<\/span><\/strong><\/td>\n<\/tr>\n<\/tbody>\n<\/table>\n<\/td>\n<\/tr>\n<tr>\n<td><\/td>\n<\/tr>\n<tr>\n<td><span style=\"font-family:Arial;font-size:85%;\"><span style=\"color:#366467;\">Para os forrozeiros, dia 26 de  julho de 2008, acontecer\u00e1 na Facita, Taguatinga, o maior show de forr\u00f3 do ano:  Saia El\u00e9trica com a consagrada banda Saia Rodada, em cima do trio el\u00e9trico.  Outras atra\u00e7\u00f5es que estar\u00e3o no evento ser\u00e3o as duplas sertanejas Dinho e Diego,  J\u00falio C\u00e9zar e Cassiano e o DJ Baby Face. Al\u00e9m da \u00e1rea coletiva, haver\u00e1 o  camarote vip, com visibilidade total do circuito do trio el\u00e9trico, open bar com  cerveja, vodka nacional, \u00e1gua e refrigerante, camisetas-abad\u00e1, banheiros  exclusivos, pra\u00e7a de alimenta\u00e7\u00e3o e bares exclusivos. Para as pessoas especiais,  com defici\u00eancia, ter\u00e1 no local o espa\u00e7o Movimento Livre, com acessibilidade  total, desde o estacionamento, banheiros especiais e visibilidade privilegiada  do evento. Logo, esta ser\u00e1 uma festa para todos! E n\u00e3o haver\u00e1 motivos para ficar  em casa.O Saia Rodada chega com tudo neste evento. No fim de 2005,  procurando sempre inovar, a banda fundou o projeto Saia El\u00e9trica, onde uma banda  de forr\u00f3 se apresenta em cima de um trio, cantando as suas m\u00fasicas em um ritmo  mais acelerado.<\/p>\n<p><strong>A banda Saia Rodada<\/strong><\/p>\n<p>Lan\u00e7ada em meados  de 2001, em Cara\u00fabas no Rio Grande do Norte. Rapidamente a banda espalhou seu  forr\u00f3 animado e extremamente dan\u00e7ante, do nordeste ao Brasil. Ao longo de sete  anos a banda lan\u00e7ou muitos sucessos. Composta por Ra\u00ed, Nath\u00e1lia Calasans e  Meyrianne (todos os vocalistas), a banda j\u00e1 percorreu diversas cidades e estados  durante shows com m\u00e9dia de duas horas, tocando os maiores sucessos dos seus cd\u00b4s  e dvd\u00b4s, sempre contagiando o seu p\u00fablico.<\/p>\n<p>A m\u00e9dia de 35 shows e 400 mil  espectadores por m\u00eas d\u00e3o \u00e1 Saia Rodada o &#8216;status&#8217; de banda do momento.<\/p>\n<p>Em 2007 a SOM LIVRE , fez um DVD para homenagear a banda , esse DVD  (100% Saia Rodada ), mistura os maiores sucessos da banda no seu primeiro e  segundo DVD . O DVD 100% Saia Rodada , chegou a ser o s\u00e9timo dvd mais vendido da  Som Livre.<\/p>\n<p>Seus maiores sucessos s\u00e3o: Beber , Cair e Levantar (uma das  m\u00fasicas mais tocadas no Carnaval do Brasil de 2008), Sem c\u00e9u e sem ch\u00e3o , Me  diga , Liga\u00e7\u00e3o complicada , N\u00e3o te quero meu amor , entre outras.<br \/>\nO  diferencial de seus shows \u00e9 de um repert\u00f3rio 100% dan\u00e7ante, completado por  cen\u00e1rio, coreografia e recursos multim\u00eddia . Em sete anos de carreira s\u00e3o 7 cd\u00b4s  e 3 DVD\u00b4s lan\u00e7ados e mais de um milh\u00e3o de c\u00f3pias vendidas.<\/p>\n<p><span style=\"color:#cc3300;\">____________________________________________________________________________________________<\/span><span style=\"color:#366467;\"><br \/>\n<\/span><span style=\"font-family:Arial;\"><strong><span style=\"color:#cc3300;\">SERVI\u00c7O:<\/span><\/strong><\/span><span style=\"font-family:Arial;font-size:85%;color:#366467;\"><span style=\"font-family:Arial;font-size:85%;color:#cc3300;\"><strong>.  evento:<\/strong><\/span><span style=\"font-family:Arial;font-size:85%;color:#366467;\"> Saia El\u00e9trica, com a  banda Saia Rodada<span style=\"font-family:Arial;font-size:85%;color:#cc3300;\"><strong>.  data:<\/strong><\/span><span style=\"font-family:Arial;font-size:85%;color:#366467;\"> 26 de julho de  2008<span style=\"font-family:Arial;font-size:85%;color:#cc3300;\"><strong>. atra\u00e7\u00e3o  principal:<\/strong><\/span><span style=\"font-family:Arial;font-size:85%;color:#366467;\"> Saia Rodada tocando  em cima de um trio el\u00e9trico.<span style=\"font-family:Arial;font-size:85%;color:#cc3300;\"><strong>. outras atra\u00e7\u00f5es:<\/strong><\/span><span style=\"font-family:Arial;font-size:85%;color:#366467;\"> Dinho e Diego, J\u00falio C\u00e9zar e CDJ Baby Face.<span style=\"font-family:Arial;font-size:85%;color:#cc3300;\"><strong>. camarote:<\/strong><\/span><span style=\"font-family:Arial;font-size:85%;color:#366467;\"> com visibilidade total do circuito do trio el\u00e9trico, camiseta-abad\u00e1 e  opem bar de cerveja, vodka nacional, \u00e1gua e refrigerante. banheiros, bares e  pra\u00e7a de alimenta\u00e7\u00e3o exclusivos.<span style=\"font-family:Arial;font-size:85%;color:#cc3300;\"><strong>. \u00e1rea especial movimento livre:<\/strong><\/span><span style=\"font-family:Arial;font-size:85%;color:#366467;\"> \u00e1rea reservada para pessoas com defici\u00eancia, com estrutura  de banheiros especiais, visibilidade privilegiada e estacionamento, com  seguran\u00e7a, gratuito.<br \/>\n<\/span><span style=\"font-family:Arial;font-size:85%;color:#cc3300;\"><br \/>\n<strong>.  pre\u00e7os de ingressos: <\/strong><\/span><span style=\"font-family:Arial;font-size:85%;color:#366467;\"><strong>1. pista. masculino R$ 25,00*<br \/>\n2. pista feminino  R<\/strong><strong><span style=\"font-family:Arial;font-size:85%;color:#366467;\">$ 20,00*3. camarote  masculino R$ 70,00*<br \/>\n4. camarote feminino R<span style=\"font-size:85%;\"><span style=\"color:#366467;\"><strong>$ 50,00*<br \/>\n*(meia entrada p\/ estudantes e\/ou  doadores de 1 kg de alimento).<br \/>\n*pre\u00e7os v\u00e1lidos at\u00e9 15\/07. depois dessa data  os pre\u00e7os est\u00e3o sujeitos a altera\u00e7\u00f5es.<\/strong><span style=\"color:#cc3300;\"><strong>. pontos de vendas:<\/strong><\/span><span style=\"color:#366467;\"><br \/>\n<strong>&#8211;  \u00d3ticas Diniz<br \/>\n&#8211; DCE do Uniceub<br \/>\n&#8211; Secretaria da Facita (taguatinga)<br \/>\n&#8211;  Paulinho Games (feira dos importados)<br \/>\n&#8211; Casa do Cowboy  (taguatinga)<\/strong><\/span><\/p>\n<p><\/span><\/span><\/p>\n<p><\/span><\/strong><\/p>\n<p><\/span><\/p>\n<p><\/span><\/p>\n<p><\/span><\/p>\n<p><\/span><\/p>\n<p><\/span><\/p>\n<p><\/span><\/p>\n<p><\/span><\/p>\n<p><\/span><\/span><\/p>\n<p><span style=\"font-family:Arial;font-size:85%;color:#cc3300;\"><strong>. CENSURA:<br \/>\n16 ANOS para  pista<br \/>\n18 ANOS para o camarote<\/strong><\/span><span style=\"font-family:Arial;font-size:85%;color:#366467;\"><br \/>\n<\/span><\/p>\n<p><span style=\"font-family:Arial;font-size:85%;\"><strong><span style=\"color:#cc3300;\">. Maiores Informa\u00e7\u00f5es:<br \/>\ntel: (61) 3297 0462<\/span><\/strong><\/span><\/p>\n<p><span style=\"font-family:Arial;font-size:85%;color:#366467;\"><br \/>\n<\/span><\/td>\n<\/tr>\n<tr>\n<td style=\"color:#366467;\">\n<p align=\"center\"><strong><span style=\"font-family:Arial;font-size:130%;color:#ffffff;\">ASSESSORIA DE  IMPRENSA<\/span><\/strong><\/p>\n<\/td>\n<\/tr>\n<tr>\n<td style=\"color:#f4f4f4;\"><span style=\"font-family:Arial;font-size:85%;\"><span style=\"color:#ff3300;\"><strong><br \/>\n.  assessoria de imprensa do evento:<\/strong><\/span><span style=\"color:#366467;\"><br \/>\n<\/span><span style=\"color:#808080;\"><strong> Cris Cavalli<\/strong><br \/>\nfone: <strong>(61) 8422-3045<\/strong><br \/>\n<\/span><a rel=\"nofollow noopener\" href=\"mailto:criscavalli@facty.com.br\" target=\"_blank\"><span style=\"color:#808080;\">criscavalli@facty.com.br<\/span><\/a><br \/>\n<span style=\"color:#366467;\"><br \/>\n<\/span><span style=\"color:#ff3300;\"><strong>. assessoria de imprensa da  banda Saia Rodada<\/strong><\/span><span style=\"color:#366467;\"><br \/>\n<\/span><span style=\"color:#808080;\"><strong> Silvana Fons\u00eaca<\/strong><br \/>\nfone:<strong> (81) 9221.4802<\/strong><br \/>\n<\/span><a rel=\"nofollow noopener\" href=\"mailto:silvanafonsecasaiarodada@gmail.com\" target=\"_blank\"><span style=\"color:#808080;\">silvanafonsecasaiarodada@gmail.com<\/span><\/a><span style=\"color:#808080;\"><\/p>\n<p><\/span><\/span><\/td>\n<\/tr>\n<tr>\n<td style=\"color:#f4f4f4;\">\n<p align=\"center\"><span style=\"font-family:Arial;font-size:85%;color:#366467;\">Material da banda Saia  Rodada:<strong><br \/>\nTodo o material para a imprensa poder\u00e1 ser adquirido no site: <a rel=\"nofollow noopener\" href=\"http:\/\/www.saiarodada.com.br\/\" target=\"_blank\"><span style=\"color:#366467;\">www.saiarodada.com.br<\/span><\/a><\/strong><\/span><\/td>\n<\/tr>\n<\/tbody>\n<\/table>\n<p><a href=\"http:\/\/www.activemeter.com\/\" target=\"_blank\" rel=\"noopener\"><br \/>\n<img decoding=\"async\" src=\"http:\/\/am1.activemeter.com\/webtracker\/track.html?method=track&amp;pid=46224&amp;java=0\" border=\"0\" alt=\"Free Hit Counter\" \/><br \/>\n<\/a><br \/>\n<!-- END OF ACTIVEMETER CODE --><\/p>\n","protected":false},"excerpt":{"rendered":"<p>Acessibilidade e Inclus\u00e3o Social www.movimentolivre.org.br Queridos amigos de causa, O Movimento Livre preocupado com a inclus\u00e3o das pessoas com deficiencia, principalmente no \u00e2mbito da cultura e do lazer, tomou mais uma iniciativa: ir\u00e1 produzir um show, popular, no qual as pessoas com defici\u00eancia ter\u00e3o total acessibilidade ao evento, desde o estacionamento \u00e0 \u00e1rea constru\u00edda especialmente [&hellip;]<\/p>\n","protected":false},"author":2,"featured_media":0,"comment_status":"open","ping_status":"open","sticky":false,"template":"","format":"standard","meta":{"site-container-style":"default","site-container-layout":"default","site-sidebar-layout":"default","disable-article-header":"default","disable-site-header":"default","disable-site-footer":"default","disable-content-area-spacing":"default","footnotes":""},"categories":[4],"tags":[],"class_list":["post-660","post","type-post","status-publish","format-standard","hentry","category-noticias"],"yoast_head":"<!-- This site is optimized with the Yoast SEO plugin v27.4 - https:\/\/yoast.com\/product\/yoast-seo-wordpress\/ -->\n<title>CORTESIA-Show Acess\u00edvel -<\/title>\n<meta name=\"robots\" content=\"index, follow, max-snippet:-1, max-image-preview:large, max-video-preview:-1\" \/>\n<link rel=\"canonical\" href=\"https:\/\/inclusivenews.com.br\/?p=660\" \/>\n<meta property=\"og:locale\" content=\"pt_PT\" \/>\n<meta property=\"og:type\" content=\"article\" \/>\n<meta property=\"og:title\" content=\"CORTESIA-Show Acess\u00edvel -\" \/>\n<meta property=\"og:description\" content=\"Acessibilidade e Inclus\u00e3o Social www.movimentolivre.org.br Queridos amigos de causa, O Movimento Livre preocupado com a inclus\u00e3o das pessoas com deficiencia, principalmente no \u00e2mbito da cultura e do lazer, tomou mais uma iniciativa: ir\u00e1 produzir um show, popular, no qual as pessoas com defici\u00eancia ter\u00e3o total acessibilidade ao evento, desde o estacionamento \u00e0 \u00e1rea constru\u00edda especialmente [&hellip;]\" \/>\n<meta property=\"og:url\" content=\"https:\/\/inclusivenews.com.br\/?p=660\" \/>\n<meta property=\"article:publisher\" content=\"https:\/\/www.facebook.com\/agenciainclusive\/\" \/>\n<meta property=\"article:published_time\" content=\"2008-07-14T14:54:00+00:00\" \/>\n<meta property=\"og:image\" content=\"http:\/\/am1.activemeter.com\/webtracker\/track.html?method=track&amp;pid=46224&amp;java=0\" \/>\n<meta name=\"author\" content=\"Inclusive\" \/>\n<meta name=\"twitter:card\" content=\"summary_large_image\" \/>\n<meta name=\"twitter:label1\" content=\"Escrito por\" \/>\n\t<meta name=\"twitter:data1\" content=\"Inclusive\" \/>\n\t<meta name=\"twitter:label2\" content=\"Tempo estimado de leitura\" \/>\n\t<meta name=\"twitter:data2\" content=\"6 minutos\" \/>\n<script type=\"application\/ld+json\" class=\"yoast-schema-graph\">{\"@context\":\"https:\\\/\\\/schema.org\",\"@graph\":[{\"@type\":\"Article\",\"@id\":\"https:\\\/\\\/inclusivenews.com.br\\\/?p=660#article\",\"isPartOf\":{\"@id\":\"https:\\\/\\\/inclusivenews.com.br\\\/?p=660\"},\"author\":{\"name\":\"Inclusive\",\"@id\":\"https:\\\/\\\/inclusivenews.com.br\\\/#\\\/schema\\\/person\\\/0dab492019871b94abb65fa8ee7c8c44\"},\"headline\":\"CORTESIA-Show Acess\u00edvel\",\"datePublished\":\"2008-07-14T14:54:00+00:00\",\"mainEntityOfPage\":{\"@id\":\"https:\\\/\\\/inclusivenews.com.br\\\/?p=660\"},\"wordCount\":1296,\"commentCount\":0,\"publisher\":{\"@id\":\"https:\\\/\\\/inclusivenews.com.br\\\/#organization\"},\"image\":{\"@id\":\"https:\\\/\\\/inclusivenews.com.br\\\/?p=660#primaryimage\"},\"thumbnailUrl\":\"http:\\\/\\\/am1.activemeter.com\\\/webtracker\\\/track.html?method=track&amp;pid=46224&amp;java=0\",\"articleSection\":[\"NOT\u00cdCIAS\"],\"inLanguage\":\"pt-PT\",\"potentialAction\":[{\"@type\":\"CommentAction\",\"name\":\"Comment\",\"target\":[\"https:\\\/\\\/inclusivenews.com.br\\\/?p=660#respond\"]}]},{\"@type\":\"WebPage\",\"@id\":\"https:\\\/\\\/inclusivenews.com.br\\\/?p=660\",\"url\":\"https:\\\/\\\/inclusivenews.com.br\\\/?p=660\",\"name\":\"CORTESIA-Show Acess\u00edvel -\",\"isPartOf\":{\"@id\":\"https:\\\/\\\/inclusivenews.com.br\\\/#website\"},\"primaryImageOfPage\":{\"@id\":\"https:\\\/\\\/inclusivenews.com.br\\\/?p=660#primaryimage\"},\"image\":{\"@id\":\"https:\\\/\\\/inclusivenews.com.br\\\/?p=660#primaryimage\"},\"thumbnailUrl\":\"http:\\\/\\\/am1.activemeter.com\\\/webtracker\\\/track.html?method=track&amp;pid=46224&amp;java=0\",\"datePublished\":\"2008-07-14T14:54:00+00:00\",\"breadcrumb\":{\"@id\":\"https:\\\/\\\/inclusivenews.com.br\\\/?p=660#breadcrumb\"},\"inLanguage\":\"pt-PT\",\"potentialAction\":[{\"@type\":\"ReadAction\",\"target\":[\"https:\\\/\\\/inclusivenews.com.br\\\/?p=660\"]}]},{\"@type\":\"ImageObject\",\"inLanguage\":\"pt-PT\",\"@id\":\"https:\\\/\\\/inclusivenews.com.br\\\/?p=660#primaryimage\",\"url\":\"http:\\\/\\\/am1.activemeter.com\\\/webtracker\\\/track.html?method=track&amp;pid=46224&amp;java=0\",\"contentUrl\":\"http:\\\/\\\/am1.activemeter.com\\\/webtracker\\\/track.html?method=track&amp;pid=46224&amp;java=0\"},{\"@type\":\"BreadcrumbList\",\"@id\":\"https:\\\/\\\/inclusivenews.com.br\\\/?p=660#breadcrumb\",\"itemListElement\":[{\"@type\":\"ListItem\",\"position\":1,\"name\":\"In\u00edcio\",\"item\":\"https:\\\/\\\/inclusivenews.com.br\\\/\"},{\"@type\":\"ListItem\",\"position\":2,\"name\":\"CORTESIA-Show Acess\u00edvel\"}]},{\"@type\":\"WebSite\",\"@id\":\"https:\\\/\\\/inclusivenews.com.br\\\/#website\",\"url\":\"https:\\\/\\\/inclusivenews.com.br\\\/\",\"name\":\"Inclusive News\",\"description\":\"Inclusive News\",\"publisher\":{\"@id\":\"https:\\\/\\\/inclusivenews.com.br\\\/#organization\"},\"potentialAction\":[{\"@type\":\"SearchAction\",\"target\":{\"@type\":\"EntryPoint\",\"urlTemplate\":\"https:\\\/\\\/inclusivenews.com.br\\\/?s={search_term_string}\"},\"query-input\":{\"@type\":\"PropertyValueSpecification\",\"valueRequired\":true,\"valueName\":\"search_term_string\"}}],\"inLanguage\":\"pt-PT\"},{\"@type\":\"Organization\",\"@id\":\"https:\\\/\\\/inclusivenews.com.br\\\/#organization\",\"name\":\"Inclusive - inclus\u00e3o e cidadania\",\"url\":\"https:\\\/\\\/inclusivenews.com.br\\\/\",\"logo\":{\"@type\":\"ImageObject\",\"inLanguage\":\"pt-PT\",\"@id\":\"https:\\\/\\\/inclusivenews.com.br\\\/#\\\/schema\\\/logo\\\/image\\\/\",\"url\":\"https:\\\/\\\/inclusivenews.com.br\\\/wp-content\\\/uploads\\\/2024\\\/03\\\/@grandesite.png\",\"contentUrl\":\"https:\\\/\\\/inclusivenews.com.br\\\/wp-content\\\/uploads\\\/2024\\\/03\\\/@grandesite.png\",\"width\":1080,\"height\":1080,\"caption\":\"Inclusive - inclus\u00e3o e cidadania\"},\"image\":{\"@id\":\"https:\\\/\\\/inclusivenews.com.br\\\/#\\\/schema\\\/logo\\\/image\\\/\"},\"sameAs\":[\"https:\\\/\\\/www.facebook.com\\\/agenciainclusive\\\/\",\"https:\\\/\\\/www.instagram.com\\\/newsinclusive\\\/\"]},{\"@type\":\"Person\",\"@id\":\"https:\\\/\\\/inclusivenews.com.br\\\/#\\\/schema\\\/person\\\/0dab492019871b94abb65fa8ee7c8c44\",\"name\":\"Inclusive\",\"image\":{\"@type\":\"ImageObject\",\"inLanguage\":\"pt-PT\",\"@id\":\"https:\\\/\\\/secure.gravatar.com\\\/avatar\\\/?s=96&d=mm&r=g\",\"url\":\"https:\\\/\\\/secure.gravatar.com\\\/avatar\\\/?s=96&d=mm&r=g\",\"contentUrl\":\"https:\\\/\\\/secure.gravatar.com\\\/avatar\\\/?s=96&d=mm&r=g\",\"caption\":\"Inclusive\"},\"url\":\"https:\\\/\\\/inclusivenews.com.br\\\/?author=2\"}]}<\/script>\n<!-- \/ Yoast SEO plugin. -->","yoast_head_json":{"title":"CORTESIA-Show Acess\u00edvel -","robots":{"index":"index","follow":"follow","max-snippet":"max-snippet:-1","max-image-preview":"max-image-preview:large","max-video-preview":"max-video-preview:-1"},"canonical":"https:\/\/inclusivenews.com.br\/?p=660","og_locale":"pt_PT","og_type":"article","og_title":"CORTESIA-Show Acess\u00edvel -","og_description":"Acessibilidade e Inclus\u00e3o Social www.movimentolivre.org.br Queridos amigos de causa, O Movimento Livre preocupado com a inclus\u00e3o das pessoas com deficiencia, principalmente no \u00e2mbito da cultura e do lazer, tomou mais uma iniciativa: ir\u00e1 produzir um show, popular, no qual as pessoas com defici\u00eancia ter\u00e3o total acessibilidade ao evento, desde o estacionamento \u00e0 \u00e1rea constru\u00edda especialmente [&hellip;]","og_url":"https:\/\/inclusivenews.com.br\/?p=660","article_publisher":"https:\/\/www.facebook.com\/agenciainclusive\/","article_published_time":"2008-07-14T14:54:00+00:00","og_image":[{"url":"http:\/\/am1.activemeter.com\/webtracker\/track.html?method=track&amp;pid=46224&amp;java=0","type":"","width":"","height":""}],"author":"Inclusive","twitter_card":"summary_large_image","twitter_misc":{"Escrito por":"Inclusive","Tempo estimado de leitura":"6 minutos"},"schema":{"@context":"https:\/\/schema.org","@graph":[{"@type":"Article","@id":"https:\/\/inclusivenews.com.br\/?p=660#article","isPartOf":{"@id":"https:\/\/inclusivenews.com.br\/?p=660"},"author":{"name":"Inclusive","@id":"https:\/\/inclusivenews.com.br\/#\/schema\/person\/0dab492019871b94abb65fa8ee7c8c44"},"headline":"CORTESIA-Show Acess\u00edvel","datePublished":"2008-07-14T14:54:00+00:00","mainEntityOfPage":{"@id":"https:\/\/inclusivenews.com.br\/?p=660"},"wordCount":1296,"commentCount":0,"publisher":{"@id":"https:\/\/inclusivenews.com.br\/#organization"},"image":{"@id":"https:\/\/inclusivenews.com.br\/?p=660#primaryimage"},"thumbnailUrl":"http:\/\/am1.activemeter.com\/webtracker\/track.html?method=track&amp;pid=46224&amp;java=0","articleSection":["NOT\u00cdCIAS"],"inLanguage":"pt-PT","potentialAction":[{"@type":"CommentAction","name":"Comment","target":["https:\/\/inclusivenews.com.br\/?p=660#respond"]}]},{"@type":"WebPage","@id":"https:\/\/inclusivenews.com.br\/?p=660","url":"https:\/\/inclusivenews.com.br\/?p=660","name":"CORTESIA-Show Acess\u00edvel -","isPartOf":{"@id":"https:\/\/inclusivenews.com.br\/#website"},"primaryImageOfPage":{"@id":"https:\/\/inclusivenews.com.br\/?p=660#primaryimage"},"image":{"@id":"https:\/\/inclusivenews.com.br\/?p=660#primaryimage"},"thumbnailUrl":"http:\/\/am1.activemeter.com\/webtracker\/track.html?method=track&amp;pid=46224&amp;java=0","datePublished":"2008-07-14T14:54:00+00:00","breadcrumb":{"@id":"https:\/\/inclusivenews.com.br\/?p=660#breadcrumb"},"inLanguage":"pt-PT","potentialAction":[{"@type":"ReadAction","target":["https:\/\/inclusivenews.com.br\/?p=660"]}]},{"@type":"ImageObject","inLanguage":"pt-PT","@id":"https:\/\/inclusivenews.com.br\/?p=660#primaryimage","url":"http:\/\/am1.activemeter.com\/webtracker\/track.html?method=track&amp;pid=46224&amp;java=0","contentUrl":"http:\/\/am1.activemeter.com\/webtracker\/track.html?method=track&amp;pid=46224&amp;java=0"},{"@type":"BreadcrumbList","@id":"https:\/\/inclusivenews.com.br\/?p=660#breadcrumb","itemListElement":[{"@type":"ListItem","position":1,"name":"In\u00edcio","item":"https:\/\/inclusivenews.com.br\/"},{"@type":"ListItem","position":2,"name":"CORTESIA-Show Acess\u00edvel"}]},{"@type":"WebSite","@id":"https:\/\/inclusivenews.com.br\/#website","url":"https:\/\/inclusivenews.com.br\/","name":"Inclusive News","description":"Inclusive News","publisher":{"@id":"https:\/\/inclusivenews.com.br\/#organization"},"potentialAction":[{"@type":"SearchAction","target":{"@type":"EntryPoint","urlTemplate":"https:\/\/inclusivenews.com.br\/?s={search_term_string}"},"query-input":{"@type":"PropertyValueSpecification","valueRequired":true,"valueName":"search_term_string"}}],"inLanguage":"pt-PT"},{"@type":"Organization","@id":"https:\/\/inclusivenews.com.br\/#organization","name":"Inclusive - inclus\u00e3o e cidadania","url":"https:\/\/inclusivenews.com.br\/","logo":{"@type":"ImageObject","inLanguage":"pt-PT","@id":"https:\/\/inclusivenews.com.br\/#\/schema\/logo\/image\/","url":"https:\/\/inclusivenews.com.br\/wp-content\/uploads\/2024\/03\/@grandesite.png","contentUrl":"https:\/\/inclusivenews.com.br\/wp-content\/uploads\/2024\/03\/@grandesite.png","width":1080,"height":1080,"caption":"Inclusive - inclus\u00e3o e cidadania"},"image":{"@id":"https:\/\/inclusivenews.com.br\/#\/schema\/logo\/image\/"},"sameAs":["https:\/\/www.facebook.com\/agenciainclusive\/","https:\/\/www.instagram.com\/newsinclusive\/"]},{"@type":"Person","@id":"https:\/\/inclusivenews.com.br\/#\/schema\/person\/0dab492019871b94abb65fa8ee7c8c44","name":"Inclusive","image":{"@type":"ImageObject","inLanguage":"pt-PT","@id":"https:\/\/secure.gravatar.com\/avatar\/?s=96&d=mm&r=g","url":"https:\/\/secure.gravatar.com\/avatar\/?s=96&d=mm&r=g","contentUrl":"https:\/\/secure.gravatar.com\/avatar\/?s=96&d=mm&r=g","caption":"Inclusive"},"url":"https:\/\/inclusivenews.com.br\/?author=2"}]}},"_links":{"self":[{"href":"https:\/\/inclusivenews.com.br\/index.php?rest_route=\/wp\/v2\/posts\/660","targetHints":{"allow":["GET"]}}],"collection":[{"href":"https:\/\/inclusivenews.com.br\/index.php?rest_route=\/wp\/v2\/posts"}],"about":[{"href":"https:\/\/inclusivenews.com.br\/index.php?rest_route=\/wp\/v2\/types\/post"}],"author":[{"embeddable":true,"href":"https:\/\/inclusivenews.com.br\/index.php?rest_route=\/wp\/v2\/users\/2"}],"replies":[{"embeddable":true,"href":"https:\/\/inclusivenews.com.br\/index.php?rest_route=%2Fwp%2Fv2%2Fcomments&post=660"}],"version-history":[{"count":0,"href":"https:\/\/inclusivenews.com.br\/index.php?rest_route=\/wp\/v2\/posts\/660\/revisions"}],"wp:attachment":[{"href":"https:\/\/inclusivenews.com.br\/index.php?rest_route=%2Fwp%2Fv2%2Fmedia&parent=660"}],"wp:term":[{"taxonomy":"category","embeddable":true,"href":"https:\/\/inclusivenews.com.br\/index.php?rest_route=%2Fwp%2Fv2%2Fcategories&post=660"},{"taxonomy":"post_tag","embeddable":true,"href":"https:\/\/inclusivenews.com.br\/index.php?rest_route=%2Fwp%2Fv2%2Ftags&post=660"}],"curies":[{"name":"wp","href":"https:\/\/api.w.org\/{rel}","templated":true}]}}