{"id":6608,"date":"2009-03-31T23:37:52","date_gmt":"2009-03-31T23:37:52","guid":{"rendered":"http:\/\/agenciainclusive.wordpress.com\/?p=6608"},"modified":"2009-03-31T23:37:52","modified_gmt":"2009-03-31T23:37:52","slug":"ii-edicao-do-dia-mundial-de-conscientizacao-sobre-o-autismo","status":"publish","type":"post","link":"https:\/\/inclusivenews.com.br\/?p=6608","title":{"rendered":"II Edi\u00e7\u00e3o do Dia Mundial de Conscientiza\u00e7\u00e3o sobre o Autismo"},"content":{"rendered":"<figure id=\"attachment_6609\" aria-describedby=\"caption-attachment-6609\" style=\"width: 151px\" class=\"wp-caption alignleft\"><a href=\"http:\/\/agenciainclusive.files.wordpress.com\/2009\/03\/orgulho_autitsa.jpg\"><img loading=\"lazy\" decoding=\"async\" class=\"size-full wp-image-6609\" title=\"orgulho_autitsa\" src=\"http:\/\/agenciainclusive.files.wordpress.com\/2009\/03\/orgulho_autitsa.jpg\" alt=\"Logotipo do Movimento Orgulho Autista Brasil, onde a letra A \u00e9 sobreposta pela bandeira brasileira.\" width=\"151\" height=\"246\" \/><\/a><figcaption id=\"caption-attachment-6609\" class=\"wp-caption-text\">Logotipo do Movimento Orgulho Autista Brasil, onde a letra A \u00e9 sobreposta pela bandeira brasileira.<\/figcaption><\/figure>\n<p>A Organiza\u00e7\u00e3o das Na\u00e7\u00f5es Unidas instituiu o dia 2 de abril como o Dia Mundial da\u00a0 Conscientiza\u00e7\u00e3o sobre o Autismo. Mobilizou-se, assim, para mostrar ao mundo que h\u00e1 pessoas um pouco diferentes das outras, mas que, na sua ess\u00eancia, s\u00e3o t\u00e3o humanas quanto todos.<\/p>\n<p>Autismo \u00e9 uma palavra desconhecida para muitos. Representa uma gama de dist\u00farbios que afetam tr\u00eas \u00e1reas do desenvolvimento da pessoa: a comunica\u00e7\u00e3o, a socializa\u00e7\u00e3o e o foco de interesses, mostrando comprometimento em graus variados. Por isto, suas diversas manifesta\u00e7\u00f5es s\u00e3o agrupadas dentro de um\u00a0 segmento chamado \u201cTranstornos Globais do Desenvolvimento\u201d, ou \u201cespectro autista\u201d, para lembrar que sua diversidade \u00e9 como a das cores no arco-\u00edris: desiguais, mas unidas na composi\u00e7\u00e3o da luz branca.\u00a0 Segundo organiza\u00e7\u00f5es norte-americanas e europ\u00e9ias formadas por pais de autistas, a cada 500 pessoas nascidas, 1 possui\u00a0 alguma forma de autismo, que pode variar do mais severo ao mais leve.<\/p>\n<p>Embora seja costume afirmar que \u201cautistas vivem em seu pr\u00f3prio mundo\u201d, na verdade s\u00e3o pessoas com uma forma diferente de sentir, perceber e se relacionar com as demais pessoas, mas n\u00e3o constroem nem muito menos vivem num mundo imagin\u00e1rio; ao contr\u00e1rio, esfor\u00e7am-se para viver em nosso mundo, muitas vezes n\u00e3o entendendo as complicadas normas sociais. Mesmo assim, algumas pessoas autistas, enfrentando suas dificuldades e as barreiras que a sociedade lhes apresenta, conseguem mesmo constituir fam\u00edlia e ter uma vida profissional normal.<\/p>\n<p>Por outro lado, devido a suas dificuldades de comunica\u00e7\u00e3o e relacionamento, a maioria acaba por ter um desempenho fraco na escola ou no trabalho. Nos casos mais graves, devido \u00e0 desinforma\u00e7\u00e3o dos adultos, pais e profissionais da Medicina e da Educa\u00e7\u00e3o, a crian\u00e7a autista n\u00e3o consegue compreender o mundo em que vivemos. Nesses casos, pode crescer frustrada e responder ao mundo com gritos e com agress\u00f5es; muitas vezes, se auto-agridem, machucam-se, para descarregar sua frustra\u00e7\u00e3o em n\u00e3o ser compreendido.<\/p>\n<p>Outra quest\u00e3o a ser considerada \u00e9 que a presen\u00e7a de uma pessoa com autismo acaba afetando diretamente toda a fam\u00edlia; em geral, um dos seus membros acaba ficando com a fun\u00e7\u00e3o exclusiva de cuidar dela, sem poder inserir-se no mercado de trabalho ou mesmo se dedicar a uma atividade econ\u00f4mica.<\/p>\n<p>Muitas a\u00e7\u00f5es podem ser tomadas para dar qualidade \u00e0 vida das pessoas autistas e suas fam\u00edlias. O primeiro passo \u00e9 identificar o mais cedo poss\u00edvel o autismo na crian\u00e7a. O papel do pediatra \u00e9 fundamental, bem como do professor da pr\u00e9-escola, do pedagogo e das equipes da Estrat\u00e9gia de Sa\u00fade da Fam\u00edlia (ESF). A partir desse diagn\u00f3stico precoce, \u00e9 preciso criar condi\u00e7\u00f5es pedag\u00f3gicas especiais para superar as suas dificuldades, de forma que ela consiga se relacionar com as outras pessoas e, assim, possa aprender.<\/p>\n<p>Em comemora\u00e7\u00e3o a II Edi\u00e7\u00e3o do Dia Mundial de Conscientiza\u00e7\u00e3o sobre o Autismo a ONG Movimento Orgulho Autista Brasil em parceria com a Coordenadoria para Inclus\u00e3o da Pessoa com Defici\u00eancia do Distrito Federal (CORDE\/DF) e o GDF Cidadania, est\u00e1 realizando diversos eventos com destaque para:\u00a0<br \/>\nPALESTRA AUTISMO E PESSOA COM DEFICI\u00caNCIA<\/p>\n<p>No dia 30 de mar\u00e7o de 2009, ser\u00e1 realizada palestra em parceria com o Centro de Ensino Especial de Brazl\u00e2ndia\/DF, no F\u00f3rum da cidade, com as apresenta\u00e7\u00f5es de Fernando Cotta coordenador da Corde\/DF, Eduardo Lins, Diretor de Tesouraria do Movimento Orgulho Autista Brasil e Ligia Castro, vencedora do III Pr\u00eamio Orgulho Autista.<br \/>\nBLITZ DO AUTISMO<\/p>\n<p>No dia 01 abril de 2009, o Movimento Orgulho Autista Brasil convida para o evento<br \/>\n&#8220;Blitz do Autismo&#8221; que ser\u00e1 feito em parceria com o Departamento de Pol\u00edcia<br \/>\nRodovi\u00e1ria Federal, Sindicato dos Policiais Rodovi\u00e1rios Federais, CORDE\/DF e GDF Cidadania. O local escolhido foi o principal posto da Pol\u00edcia Rodovi\u00e1ria Federal que fica na sa\u00edda de Bras\u00edlia para o Sudeste, na BR-040, altura da cidade de<br \/>\nSanta Maria. O evento, coordenado por Eduardo Lins, consiste na distribui\u00e7\u00e3o de panfletos e informa\u00e7\u00f5es sobre o autismo aos usu\u00e1rios das rodovias brasileiras e j\u00e1 foi<br \/>\ninclusive premiado, devido ao sucesso de seu alcance e ao retorno obtido.<\/p>\n<p>\u00a0<\/p>\n<p>PR\u00caMIO ORGULHO AUTISTA BRASIL 2007-2008<\/p>\n<p>\u00a0<\/p>\n<p>Em comemora\u00e7\u00e3o a II Edi\u00e7\u00e3o do Dia Mundial de Conscientiza\u00e7\u00e3o sobre o Autismo, o Movimento Orgulho Autista Brasil realizar\u00e1 nesta quinta-feira, a entrega do III Pr\u00eamio Orgulho Autista. O Pr\u00eamio foi criado em 2005 com o intuito de valorizar as a\u00e7\u00f5es que contribu\u00edram para a melhoria de vida das pessoas autistas e seus familiares assim como para uma maior conscientiza\u00e7\u00e3o da popula\u00e7\u00e3o a respeito dessa s\u00edndrome t\u00e3o pouco conhecida e divulgada.<\/p>\n<p>A premia\u00e7\u00e3o acontecer\u00e1 em solenidade nos Est\u00fadios da Radio Nacional de Bras\u00edlia AM (980) durante o programa Cotidiano, apresentado pela jornalista Luiza In\u00eas Vilela, com transmiss\u00e3o ao vivo para todo Brasil, nesta quinta-feira, dia 02 de abril, das 10h \u00e0s 12h.<\/p>\n<p>\u00a0<\/p>\n<p>Nomes dos Vencedores do III Pr\u00eamio Orgulho Autista \u2013 2007\/2008<\/p>\n<p>\u00a0<\/p>\n<p>I)\u00a0\u00a0\u00a0\u00a0\u00a0\u00a0\u00a0\u00a0\u00a0\u00a0\u00a0\u00a0\u00a0\u00a0\u00a0\u00a0\u00a0\u00a0\u00a0 Professora Destaque &#8211; SILVANA DE FAVERI &#8211; Professora da Escola Parque 313\/314 Sul &#8211; Bras\u00edlia\/DF.\u00a0<\/p>\n<p>II)\u00a0\u00a0\u00a0\u00a0\u00a0\u00a0\u00a0\u00a0\u00a0\u00a0\u00a0\u00a0\u00a0\u00a0\u00a0\u00a0\u00a0 Diretora de Escola Destaque &#8211; LIGIA CASTRO &#8211; Diretora do Centro de Ensino Especial de Brazl\u00e2ndia Cenebraz &#8211; Brazl\u00e2ndia\/DF.\u00a0<\/p>\n<p>III)\u00a0\u00a0\u00a0\u00a0\u00a0\u00a0\u00a0\u00a0\u00a0\u00a0\u00a0\u00a0\u00a0\u00a0\u00a0 Autor e Livro Destaque &#8211;\u00a0 HERM\u00cdNIO MIRANDA &#8211; Autismo &#8211; Uma Leitura Espiritual. Rio de Janeiro\/RJ.\u00a0<\/p>\n<p>IV)\u00a0\u00a0\u00a0\u00a0\u00a0\u00a0\u00a0\u00a0\u00a0\u00a0\u00a0\u00a0\u00a0\u00a0 Pessoa \/ Institui\u00e7\u00e3o de Atendimento a Autistas Destaque &#8211; ESTELA MARES GUILLEN DE SOUZA &#8211; Associa\u00e7\u00e3o de Pais e Amigos de Pessoas Especiais &#8211; APAPE &#8211; Belo Horizonte\/MG.\u00a0<\/p>\n<p>V)\u00a0\u00a0\u00a0\u00a0\u00a0\u00a0\u00a0\u00a0\u00a0\u00a0\u00a0\u00a0\u00a0\u00a0\u00a0\u00a0 Internet Destaque &#8211; PRISCILLA SIOMARA GON\u00c7ALVES &#8211; Comunidade Virtual Autismo no Brasil\/Yahoo. Americana\/SP.<\/p>\n<p>VI)\u00a0\u00a0\u00a0\u00a0\u00a0\u00a0\u00a0\u00a0\u00a0\u00a0\u00a0\u00a0\u00a0\u00a0 Pessoa de \u00d3rg\u00e3o ou Empresa P\u00fablica ou Empresa Privada Destaque &#8211; MAUR\u00cdCIO DE SOUZA &#8211; Maur\u00edcio de Souza Produ\u00e7\u00f5es. S\u00e3o Paulo\/SP.\u00a0<\/p>\n<p>VII)\u00a0\u00a0\u00a0\u00a0\u00a0\u00a0\u00a0\u00a0\u00a0\u00a0\u00a0\u00a0 Imprensa Escrita &#8211; Revista Destaque &#8211; T\u00c2NIA NOGUEIRA &#8211; Revista \u00c9poca \u2013 Edi\u00e7\u00e3o n\u00b0 473 de 11jun2007. Um Novo Olhar sobre o Autismo.<\/p>\n<p>VIII)\u00a0\u00a0\u00a0\u00a0\u00a0\u00a0\u00a0\u00a0\u00a0\u00a0 Imprensa &#8211; Fotografia Destaque &#8211; Revista \u00c9poca \u2013 FREDERIC JEAN &#8211; Foto de Capa -Edi\u00e7\u00e3o n\u00b0 473 de 11jun2007. Um Novo Olhar sobre o Autismo.<\/p>\n<p>IX)\u00a0\u00a0\u00a0\u00a0\u00a0\u00a0\u00a0\u00a0\u00a0\u00a0\u00a0\u00a0\u00a0\u00a0 Imprensa Escrita &#8211; Jornal Destaque &#8211; LIMA RODRIGUES- Jornal da Asa Norte\u00a0 \u2013\u00a0 Edi\u00e7\u00e3o\u00a0 de junho de 2007. Realizado na C\u00e2mara dos Deputados evento comemorativo \u00e0 3\u00aa edi\u00e7\u00e3o Mundial do Dia do Orgulho Autista &#8211; 18 de junho.<\/p>\n<p>X)\u00a0\u00a0\u00a0\u00a0\u00a0\u00a0\u00a0\u00a0\u00a0\u00a0\u00a0\u00a0 Imprensa &#8211; Televis\u00e3o Destaque &#8211; SERGINHO GROISSMAN &#8211; Programa A\u00e7\u00e3o &#8211;\u00a0 dedicado ao autismo \u2013 exibido em 15set2007, TV Globo.<\/p>\n<p>XI)\u00a0\u00a0\u00a0\u00a0\u00a0\u00a0\u00a0\u00a0\u00a0\u00a0\u00a0\u00a0\u00a0\u00a0\u00a0 Imprensa &#8211; R\u00e1dio Destaque &#8211; CLAYTON AGUIAR &#8211; R\u00e1dio Globo &#8211; AM. Entrevista a especialista norte-americana Crystal Casta\u00f1eda em 31\/07\/2007 &#8211; Bras\u00edlia\/DF.<\/p>\n<p>XII)\u00a0\u00a0\u00a0\u00a0\u00a0\u00a0\u00a0\u00a0\u00a0\u00a0 Psic\u00f3loga Destaque &#8211; ANA MARIA BEREOHFF &#8211; Psic\u00f3loga &#8211; Terapia Comportamental &#8211; Bras\u00edlia\/DF.<\/p>\n<p>XIII)\u00a0\u00a0\u00a0\u00a0\u00a0\u00a0\u00a0\u00a0\u00a0\u00a0\u00a0 M\u00e9dico Destaque &#8211; WALTER CAMARGOS &#8211; Psiquiatra &#8211; Belo Horizonte\/MG.<\/p>\n<p>XIV)\u00a0\u00a0\u00a0\u00a0\u00a0\u00a0\u00a0\u00a0\u00a0\u00a0 Pol\u00edtico Destaque &#8211; VEREADOR M\u00c1RCIO PACHECO &#8211; C\u00e2mara de Vereadores do Munic\u00edpio do Rio de Janeiro\/RJ, apresentou e aprovou a Lei do autista, n\u00b0 4.709, para o munic\u00edpio do Rio de Janeiro\/RJ.<\/p>\n<p>XV)\u00a0\u00a0\u00a0\u00a0\u00a0\u00a0\u00a0\u00a0\u00a0\u00a0\u00a0\u00a0 Atitude Destaque &#8211; F\u00c1TIMA CELESTE &#8211; Associa\u00e7\u00e3o Amigos da Mente (AME) &#8211; Bras\u00edlia\/DF<\/p>\n<p>\u00a0\u00a0\u00a0<\/p>\n<p>EVENTO COMEMORATIVO AO DIA INTERNACIONAL DO AUTISMO NA C\u00c2MARA DOS DEPUTADOS\u00a0\u00a0<\/p>\n<p>A C\u00e2mara dos Deputados ser\u00e1 palco no pr\u00f3ximo dia 02 de abril de 2009, \u00e0s 14h30, no plen\u00e1rio 11, anexo II, da C\u00e2mara dos Deputados, evento comemorativo \u00e0 2 \u00aa edi\u00e7\u00e3o mundial do Dia Internacional do Autismo. Tal edi\u00e7\u00e3o est\u00e1 sendo promovida pela ONG Movimento Orgulho Autista Brasil, pela Coordenadoria para Inclus\u00e3o da Pessoa com Defici\u00eancia do Distrito Federal (CORDE\/DF) e pelo GDF Cidadania (SUBCID).<\/p>\n<p>O Movimento Orgulho Autista Brasil \u00e9 uma Organiza\u00e7\u00e3o N\u00e3o-Governamental (ONG), que busca a melhoria da qualidade de vida das pessoas autistas e de suas fam\u00edlias. Para isso, luta ativamente para a obten\u00e7\u00e3o de pol\u00edticas p\u00fablicas dos Governos Federal, Estaduais e Municipais voltadas para essa camada da popula\u00e7\u00e3o.<\/p>\n<p>\u00a0<\/p>\n<p>Apesar de essa entidade ter como lema &#8220;todos os pais e m\u00e3es devem ter orgulho de seus filhos, inclusive os filhos autistas&#8221;, existe a consci\u00eancia de que para muitos isso s\u00f3 \u00e9 poss\u00edvel com variadas terapias precocemente administradas.<\/p>\n<p>O Movimento Orgulho Autista Brasil atua em v\u00e1rios estados brasileiros e n\u00e3o admite cobran\u00e7a de entrada ou qualquer forma de taxa para ingresso em seus eventos.<\/p>\n<p>O Dia Internacional do Autismo \u00e9 comemorado em todo o mundo em 02 de abril, tendo sido consagrado pela Organiza\u00e7\u00e3o das Na\u00e7\u00f5es Unidas (ONU), estando em sua segunda edi\u00e7\u00e3o.<\/p>\n<p>Muito h\u00e1 para ser feito em pol\u00edticas p\u00fablicas. Queremos ser ouvidos na nossa casa, a C\u00e2mara Legislativa Federal, por aqueles que nos representam, os deputados, para que saibam das necessidades da pessoa autista e seus familiares. S\u00f3 assim, atrav\u00e9s da conscientiza\u00e7\u00e3o, poderemos formar parcerias e contar com o empenho de nossos representantes.<\/p>\n<p>\u00a0<br \/>\nPROGRAMA\u00c7\u00c3O<\/p>\n<p>TEMA: Evento Comemorativo \u00e0 2\u00aa edi\u00e7\u00e3o mundial do Dia Internacional do Autismo 02 de abril de 2009.<\/p>\n<p>PROMO\u00c7\u00c3O: ONG Movimento Orgulho Autista Brasil, Coordenadoria para Inclus\u00e3o da Pessoa com Defici\u00eancia do Distrito Federal (CORDE\/DF) e GDF Cidadania (SUBCID).<\/p>\n<p>14h30 \u2013 abertura<\/p>\n<p>Mediador &#8211; A import\u00e2ncia do \u201cDia Internacional do Autismo\u201d e sua comemora\u00e7\u00e3o mundial.<br \/>\n&#8211; Fernando Cotta, coordenador da CORDE-DF, foi o 1\u00ba presidente do Movimento Orgulho Autista Brasil, pai de autista;<\/p>\n<p>\u00a0<\/p>\n<p>14h45 \u2013 Autismo e Seguran\u00e7a P\u00fablica &#8211; Diante da criminalidade os Autistas est\u00e3o seguros ? &#8211; Precisamos de delegacias especializadas para atender Pessoas com Defici\u00eancia (PcD) ?<br \/>\n&#8211; Deputado Federal Laerte Bessa, Delegado de Pol\u00edcia Civil, especialista em seguran\u00e7a p\u00fablica;<\/p>\n<p>15h \u2013\u00a0 Os direitos das pessoas autistas e seus familiares.<\/p>\n<p>&#8211; Deputado Federal Luiz Couto, Integrante da Comiss\u00e3o Direitos Humanos e Minorias da C\u00e2mara dos Deputados, Professor Universit\u00e1rio e Sacerdote Cat\u00f3lico;<\/p>\n<p>15h15 \u2013 O Autismo precisa de or\u00e7amento em separado das Pessoas com Defici\u00eancia (PcD) para ter destaque e ser executado ?<\/p>\n<p>&#8211; Deputado Federal Geraldo Rezende, Coordenador da Frente Parlamentar da Pessoa com Defici\u00eancia da C\u00e2mara dos Deputados;<\/p>\n<p>\u00a0<\/p>\n<p>15h30 \u2013 Autismo no Or\u00e7amento P\u00fablico<\/p>\n<p>&#8211; Luiz Fenelon \u2013 Economista, Coordenador do Projeto &#8220;Controle Social para Entidades de Defesa dos Direitos de Pessoas com Defici\u00eancia&#8221;, do ICAP &#8211;\u00a0 Campanha da Fraternidade de 2006, da CNBB, especialista &#8220;Movimentos Sociais, Organiza\u00e7\u00f5es Populares e Democracia Participativa&#8221;, pela UFMG e criador do &#8220;Dia do Autismo no Or\u00e7amento &#8211; 09 de outubro&#8221;;<\/p>\n<p>\u00a0<\/p>\n<p>\u00a0<\/p>\n<p>15h45 \u2013\u00a0 Pol\u00edticas P\u00fablicas para os Autistas no DF.<\/p>\n<p>&#8211; Deputado Distrital Ben\u00edcio Tavares \u2013 Presidente da Frente Parlamentar da Pessoa com Defici\u00eancia da C\u00e2mara Legislativa do Distrito Federal;<br \/>\n16h \u2013 Situa\u00e7\u00e3o dos familiares de autistas no Distrito Federal.<br \/>\n&#8211; Luciano \u2013 Diretor Jur\u00eddico da Associa\u00e7\u00e3o dos Amigos dos Autistas do Distrito Federal (AMA-DF), advogado e pai de autista;<\/p>\n<p>16h15 \u2013\u00a0 Perspectivas para os autistas na rede p\u00fablica de sa\u00fade do Distrito Federal.<\/p>\n<p>&#8211; Deputado Federal Augusto Carvalho \u2013 Secret\u00e1rio de Sa\u00fade do Governo do Distrito Federal (GDF);<br \/>\n16h30 \u2013 O autista diante do sistema de sa\u00fade.<\/p>\n<p>&#8211; Rosa Horita \u2013 M\u00e9dica Psiquiatra do Centro de Orienta\u00e7\u00e3o M\u00e9dico Psicopedag\u00f3gica &#8211; COMPP do Governo do Distrito Federal, com especializa\u00e7\u00e3o em Autismo. Vencedora do II Pr\u00eamio Orgulho Autista 2006, categoria Medicina Destaque;<\/p>\n<p>16h45 \u2013 Situa\u00e7\u00e3o da Educa\u00e7\u00e3o para Autistas no Brasil. Inclus\u00e3o e Educa\u00e7\u00e3o Especial.\u00a0<\/p>\n<p>&#8211; M\u00e1rcia Pereira \u2013 Escritora com livros publicados sobre autismo, Professora da Secretaria de Educa\u00e7\u00e3o do DF, mestranda em Autismo, Vencedora do II Pr\u00eamio Orgulho Autista 2006, categoria Professora Destaque, Diretora de Ensino do Movimento Orgulho Autista Brasil;<\/p>\n<p>\u00a0<\/p>\n<p>17h &#8211; Biblioteca P\u00fablica sobre Autismo, Centro Complementar de Atendimento a Autistas, e demais Pol\u00edticas P\u00fablicas de Educa\u00e7\u00e3o voltadas para a pessoa com Autismo no DF.<br \/>\n&#8211; Jos\u00e9 Luis Valente &#8211; Secret\u00e1rio de Educa\u00e7\u00e3o GDF;<\/p>\n<p>\u00a0<\/p>\n<p>17h15 &#8211; Centro de Informa\u00e7\u00e3o sobre o Autismo.<\/p>\n<p>&#8211; C\u00e9sar Melo &#8211; Subsecret\u00e1rio de Cidadania da Secretaria de Justi\u00e7a, Direitos Humanos e Cidadania do Governo do Distrito Federal (SEJUS\/GDF);<\/p>\n<p>\u00a0<\/p>\n<p>17h30 &#8211; O Atendimento a Autistas na Associa\u00e7\u00e3o de Pais e Amigos de Pessoas Especiais (APAPE) &#8211; A experi\u00eancia mineira.<\/p>\n<p>&#8211; Estela Mares Gullen de Souza, presidente da APAPE\u2013BH\/MG\u00a0 &#8211;\u00a0 Vencedora do III Pr\u00eamio Orgulho Autista na Categoria Institui\u00e7\u00e3o de Atendimento a Autistas Destaque, m\u00e3e de autista.<\/p>\n<p>\u00a0<\/p>\n<p>17h45 &#8211; Sugest\u00f5es de Pol\u00edticas P\u00fablicas para os autistas e projetos da ONG para 2009\/2010.<\/p>\n<p>&#8211; Alexandra Capone, Diretora-Presidente do Movimento Orgulho Autista Brasil, m\u00e3e de autista.<\/p>\n<p>18h &#8211; Encerramento.<\/p>\n<p>\u00a0<\/p>\n<p>Servi\u00e7o:<\/p>\n<p>01 DE ABRIL DE 2009.<\/p>\n<p>10:00 BLITZ DO AUTISMO<\/p>\n<p>LOCAL: Posto da Pol\u00edcia Rodovi\u00e1ria Federal<\/p>\n<p>Sa\u00edda de Bras\u00edlia para o Sudeste &#8211; BR040<\/p>\n<p>\u00a0<\/p>\n<p>02 DE ABRIL DE 2009<\/p>\n<p>10:00 PR\u00caMIO ORGULHO AUTISTA BRASIL 2008<\/p>\n<p>\u00a0Transmiss\u00e3o ao vivo atrav\u00e9s da R\u00c1DIO NACIONAL AM (980)<\/p>\n<p>Luiza In\u00eas Vilela &#8211; Apresentadora<\/p>\n<p>Programa Cotidiano \u2013 10hs\/12hs<\/p>\n<p>SCRN 702\/703 \u2013 Bloco B \u2013 Edif\u00edcio Radiobr\u00e1s \u2013 Subsolo<\/p>\n<p>Telefone: (61) 3327-4380<\/p>\n<p>\u00a0<\/p>\n<p>14:00 EVENTO COMEMORATIVO PELA II EDI\u00c7\u00c3O DO DIA MUNDIAL DE CONSCIENTIZA\u00c7\u00c3O SOBRE AUTISMO NA C\u00c2MARA DOS DEPUTADOS<\/p>\n<p>LOCAL:\u00a0 C\u00e2mara dos Deputados \u2013 Anexo II \u2013 Plen\u00e1rio\u00a0 11<\/p>\n<p>CONGRESSO NACIONAL<\/p>\n<p>Esplanada dos Minist\u00e9rios<\/p>\n<p>\u00a0<\/p>\n<p>CONTATOS \/ informa\u00e7\u00f5es:<\/p>\n<p>ALEXANDRA CAPONE \u2013 DIRETORA PRESIDENTE<\/p>\n<p>MOVIMENTO ORGULHO AUTISTA BRASIL<\/p>\n<p>M\u00e3e de Autista<\/p>\n<p><a href=\"mailto:alexandra.capone@yahoo.com.br\">alexandra.capone@yahoo.com.br<\/a><\/p>\n<p>\u00a0(61) 7814-0063 \/ ID: 55*8*57408<\/p>\n<p>\u00a0<\/p>\n<p>MARA GON\u00c7ALVES \u2013 DIRETORA DE EVENTOS<\/p>\n<p>MOVIMENTO ORGULHO AUTISTA BRASIL<\/p>\n<p>Av\u00f3 de Autista<\/p>\n<p><a href=\"mailto:marialucia_goncalves@yahoo.com.br\">marialucia_goncalves@yahoo.com.br<\/a><\/p>\n<p>(61)9115-0061 \/\u00a0 (61) 7813-3367 \/ ID: 55*8*53796<\/p>\n<p>\u00a0<\/p>\n<p>M\u00c1RCIA CRISTINA LIMA PEREIRA \u2013 DIRETORA DE ENSINO<\/p>\n<p>MOVIMENTO ORGULHO AUTISTA BRASIL<\/p>\n<p><a href=\"mailto:marciaplpereira@hotmail.com\">marciaplpereira@hotmail.com<\/a><\/p>\n<p>(61)3567-5416 \/ (61)9939-3024<\/p>\n<p>\u00a0<\/p>\n<p>FERNANDO COTTA \u2013 CORDE\/DF<\/p>\n<p>COORDENADOR<\/p>\n<p>Pai de Autista<\/p>\n<p><a href=\"mailto:inspetorfernandocotta@gmail.com\">inspetorfernandocotta@gmail.com<\/a><\/p>\n<p>( 61) 8404-0074<\/p>\n","protected":false},"excerpt":{"rendered":"<p>A Organiza\u00e7\u00e3o das Na\u00e7\u00f5es Unidas instituiu o dia 2 de abril como o Dia Mundial da\u00a0 Conscientiza\u00e7\u00e3o sobre o Autismo. Mobilizou-se, assim, para mostrar ao mundo que h\u00e1 pessoas um pouco diferentes das outras, mas que, na sua ess\u00eancia, s\u00e3o t\u00e3o humanas quanto todos. Autismo \u00e9 uma palavra desconhecida para muitos. Representa uma gama de [&hellip;]<\/p>\n","protected":false},"author":2,"featured_media":0,"comment_status":"open","ping_status":"open","sticky":false,"template":"","format":"standard","meta":{"site-container-style":"default","site-container-layout":"default","site-sidebar-layout":"default","disable-article-header":"default","disable-site-header":"default","disable-site-footer":"default","disable-content-area-spacing":"default","footnotes":""},"categories":[3,4],"tags":[],"class_list":["post-6608","post","type-post","status-publish","format-standard","hentry","category-campanhas","category-noticias"],"yoast_head":"<!-- This site is optimized with the Yoast SEO plugin v27.4 - https:\/\/yoast.com\/product\/yoast-seo-wordpress\/ -->\n<title>II Edi\u00e7\u00e3o do Dia Mundial de Conscientiza\u00e7\u00e3o sobre o Autismo -<\/title>\n<meta name=\"robots\" content=\"index, follow, max-snippet:-1, max-image-preview:large, max-video-preview:-1\" \/>\n<link rel=\"canonical\" href=\"https:\/\/inclusivenews.com.br\/?p=6608\" \/>\n<meta property=\"og:locale\" content=\"pt_PT\" \/>\n<meta property=\"og:type\" content=\"article\" \/>\n<meta property=\"og:title\" content=\"II Edi\u00e7\u00e3o do Dia Mundial de Conscientiza\u00e7\u00e3o sobre o Autismo -\" \/>\n<meta property=\"og:description\" content=\"A Organiza\u00e7\u00e3o das Na\u00e7\u00f5es Unidas instituiu o dia 2 de abril como o Dia Mundial da\u00a0 Conscientiza\u00e7\u00e3o sobre o Autismo. Mobilizou-se, assim, para mostrar ao mundo que h\u00e1 pessoas um pouco diferentes das outras, mas que, na sua ess\u00eancia, s\u00e3o t\u00e3o humanas quanto todos. Autismo \u00e9 uma palavra desconhecida para muitos. Representa uma gama de [&hellip;]\" \/>\n<meta property=\"og:url\" content=\"https:\/\/inclusivenews.com.br\/?p=6608\" \/>\n<meta property=\"article:publisher\" content=\"https:\/\/www.facebook.com\/agenciainclusive\/\" \/>\n<meta property=\"article:published_time\" content=\"2009-03-31T23:37:52+00:00\" \/>\n<meta property=\"og:image\" content=\"http:\/\/agenciainclusive.files.wordpress.com\/2009\/03\/orgulho_autitsa.jpg\" \/>\n<meta name=\"author\" content=\"Inclusive\" \/>\n<meta name=\"twitter:card\" content=\"summary_large_image\" \/>\n<meta name=\"twitter:label1\" content=\"Escrito por\" \/>\n\t<meta name=\"twitter:data1\" content=\"Inclusive\" \/>\n\t<meta name=\"twitter:label2\" content=\"Tempo estimado de leitura\" \/>\n\t<meta name=\"twitter:data2\" content=\"11 minutos\" \/>\n<script type=\"application\/ld+json\" class=\"yoast-schema-graph\">{\"@context\":\"https:\\\/\\\/schema.org\",\"@graph\":[{\"@type\":\"Article\",\"@id\":\"https:\\\/\\\/inclusivenews.com.br\\\/?p=6608#article\",\"isPartOf\":{\"@id\":\"https:\\\/\\\/inclusivenews.com.br\\\/?p=6608\"},\"author\":{\"name\":\"Inclusive\",\"@id\":\"https:\\\/\\\/inclusivenews.com.br\\\/#\\\/schema\\\/person\\\/0dab492019871b94abb65fa8ee7c8c44\"},\"headline\":\"II Edi\u00e7\u00e3o do Dia Mundial de Conscientiza\u00e7\u00e3o sobre o Autismo\",\"datePublished\":\"2009-03-31T23:37:52+00:00\",\"mainEntityOfPage\":{\"@id\":\"https:\\\/\\\/inclusivenews.com.br\\\/?p=6608\"},\"wordCount\":2310,\"commentCount\":1,\"publisher\":{\"@id\":\"https:\\\/\\\/inclusivenews.com.br\\\/#organization\"},\"image\":{\"@id\":\"https:\\\/\\\/inclusivenews.com.br\\\/?p=6608#primaryimage\"},\"thumbnailUrl\":\"http:\\\/\\\/agenciainclusive.files.wordpress.com\\\/2009\\\/03\\\/orgulho_autitsa.jpg\",\"articleSection\":[\"CAMPANHAS\",\"NOT\u00cdCIAS\"],\"inLanguage\":\"pt-PT\",\"potentialAction\":[{\"@type\":\"CommentAction\",\"name\":\"Comment\",\"target\":[\"https:\\\/\\\/inclusivenews.com.br\\\/?p=6608#respond\"]}]},{\"@type\":\"WebPage\",\"@id\":\"https:\\\/\\\/inclusivenews.com.br\\\/?p=6608\",\"url\":\"https:\\\/\\\/inclusivenews.com.br\\\/?p=6608\",\"name\":\"II Edi\u00e7\u00e3o do Dia Mundial de Conscientiza\u00e7\u00e3o sobre o Autismo -\",\"isPartOf\":{\"@id\":\"https:\\\/\\\/inclusivenews.com.br\\\/#website\"},\"primaryImageOfPage\":{\"@id\":\"https:\\\/\\\/inclusivenews.com.br\\\/?p=6608#primaryimage\"},\"image\":{\"@id\":\"https:\\\/\\\/inclusivenews.com.br\\\/?p=6608#primaryimage\"},\"thumbnailUrl\":\"http:\\\/\\\/agenciainclusive.files.wordpress.com\\\/2009\\\/03\\\/orgulho_autitsa.jpg\",\"datePublished\":\"2009-03-31T23:37:52+00:00\",\"breadcrumb\":{\"@id\":\"https:\\\/\\\/inclusivenews.com.br\\\/?p=6608#breadcrumb\"},\"inLanguage\":\"pt-PT\",\"potentialAction\":[{\"@type\":\"ReadAction\",\"target\":[\"https:\\\/\\\/inclusivenews.com.br\\\/?p=6608\"]}]},{\"@type\":\"ImageObject\",\"inLanguage\":\"pt-PT\",\"@id\":\"https:\\\/\\\/inclusivenews.com.br\\\/?p=6608#primaryimage\",\"url\":\"http:\\\/\\\/agenciainclusive.files.wordpress.com\\\/2009\\\/03\\\/orgulho_autitsa.jpg\",\"contentUrl\":\"http:\\\/\\\/agenciainclusive.files.wordpress.com\\\/2009\\\/03\\\/orgulho_autitsa.jpg\"},{\"@type\":\"BreadcrumbList\",\"@id\":\"https:\\\/\\\/inclusivenews.com.br\\\/?p=6608#breadcrumb\",\"itemListElement\":[{\"@type\":\"ListItem\",\"position\":1,\"name\":\"In\u00edcio\",\"item\":\"https:\\\/\\\/inclusivenews.com.br\\\/\"},{\"@type\":\"ListItem\",\"position\":2,\"name\":\"II Edi\u00e7\u00e3o do Dia Mundial de Conscientiza\u00e7\u00e3o sobre o Autismo\"}]},{\"@type\":\"WebSite\",\"@id\":\"https:\\\/\\\/inclusivenews.com.br\\\/#website\",\"url\":\"https:\\\/\\\/inclusivenews.com.br\\\/\",\"name\":\"Inclusive News\",\"description\":\"Inclusive News\",\"publisher\":{\"@id\":\"https:\\\/\\\/inclusivenews.com.br\\\/#organization\"},\"potentialAction\":[{\"@type\":\"SearchAction\",\"target\":{\"@type\":\"EntryPoint\",\"urlTemplate\":\"https:\\\/\\\/inclusivenews.com.br\\\/?s={search_term_string}\"},\"query-input\":{\"@type\":\"PropertyValueSpecification\",\"valueRequired\":true,\"valueName\":\"search_term_string\"}}],\"inLanguage\":\"pt-PT\"},{\"@type\":\"Organization\",\"@id\":\"https:\\\/\\\/inclusivenews.com.br\\\/#organization\",\"name\":\"Inclusive - inclus\u00e3o e cidadania\",\"url\":\"https:\\\/\\\/inclusivenews.com.br\\\/\",\"logo\":{\"@type\":\"ImageObject\",\"inLanguage\":\"pt-PT\",\"@id\":\"https:\\\/\\\/inclusivenews.com.br\\\/#\\\/schema\\\/logo\\\/image\\\/\",\"url\":\"https:\\\/\\\/inclusivenews.com.br\\\/wp-content\\\/uploads\\\/2024\\\/03\\\/@grandesite.png\",\"contentUrl\":\"https:\\\/\\\/inclusivenews.com.br\\\/wp-content\\\/uploads\\\/2024\\\/03\\\/@grandesite.png\",\"width\":1080,\"height\":1080,\"caption\":\"Inclusive - inclus\u00e3o e cidadania\"},\"image\":{\"@id\":\"https:\\\/\\\/inclusivenews.com.br\\\/#\\\/schema\\\/logo\\\/image\\\/\"},\"sameAs\":[\"https:\\\/\\\/www.facebook.com\\\/agenciainclusive\\\/\",\"https:\\\/\\\/www.instagram.com\\\/newsinclusive\\\/\"]},{\"@type\":\"Person\",\"@id\":\"https:\\\/\\\/inclusivenews.com.br\\\/#\\\/schema\\\/person\\\/0dab492019871b94abb65fa8ee7c8c44\",\"name\":\"Inclusive\",\"image\":{\"@type\":\"ImageObject\",\"inLanguage\":\"pt-PT\",\"@id\":\"https:\\\/\\\/secure.gravatar.com\\\/avatar\\\/?s=96&d=mm&r=g\",\"url\":\"https:\\\/\\\/secure.gravatar.com\\\/avatar\\\/?s=96&d=mm&r=g\",\"contentUrl\":\"https:\\\/\\\/secure.gravatar.com\\\/avatar\\\/?s=96&d=mm&r=g\",\"caption\":\"Inclusive\"},\"url\":\"https:\\\/\\\/inclusivenews.com.br\\\/?author=2\"}]}<\/script>\n<!-- \/ Yoast SEO plugin. -->","yoast_head_json":{"title":"II Edi\u00e7\u00e3o do Dia Mundial de Conscientiza\u00e7\u00e3o sobre o Autismo -","robots":{"index":"index","follow":"follow","max-snippet":"max-snippet:-1","max-image-preview":"max-image-preview:large","max-video-preview":"max-video-preview:-1"},"canonical":"https:\/\/inclusivenews.com.br\/?p=6608","og_locale":"pt_PT","og_type":"article","og_title":"II Edi\u00e7\u00e3o do Dia Mundial de Conscientiza\u00e7\u00e3o sobre o Autismo -","og_description":"A Organiza\u00e7\u00e3o das Na\u00e7\u00f5es Unidas instituiu o dia 2 de abril como o Dia Mundial da\u00a0 Conscientiza\u00e7\u00e3o sobre o Autismo. Mobilizou-se, assim, para mostrar ao mundo que h\u00e1 pessoas um pouco diferentes das outras, mas que, na sua ess\u00eancia, s\u00e3o t\u00e3o humanas quanto todos. Autismo \u00e9 uma palavra desconhecida para muitos. Representa uma gama de [&hellip;]","og_url":"https:\/\/inclusivenews.com.br\/?p=6608","article_publisher":"https:\/\/www.facebook.com\/agenciainclusive\/","article_published_time":"2009-03-31T23:37:52+00:00","og_image":[{"url":"http:\/\/agenciainclusive.files.wordpress.com\/2009\/03\/orgulho_autitsa.jpg","type":"","width":"","height":""}],"author":"Inclusive","twitter_card":"summary_large_image","twitter_misc":{"Escrito por":"Inclusive","Tempo estimado de leitura":"11 minutos"},"schema":{"@context":"https:\/\/schema.org","@graph":[{"@type":"Article","@id":"https:\/\/inclusivenews.com.br\/?p=6608#article","isPartOf":{"@id":"https:\/\/inclusivenews.com.br\/?p=6608"},"author":{"name":"Inclusive","@id":"https:\/\/inclusivenews.com.br\/#\/schema\/person\/0dab492019871b94abb65fa8ee7c8c44"},"headline":"II Edi\u00e7\u00e3o do Dia Mundial de Conscientiza\u00e7\u00e3o sobre o Autismo","datePublished":"2009-03-31T23:37:52+00:00","mainEntityOfPage":{"@id":"https:\/\/inclusivenews.com.br\/?p=6608"},"wordCount":2310,"commentCount":1,"publisher":{"@id":"https:\/\/inclusivenews.com.br\/#organization"},"image":{"@id":"https:\/\/inclusivenews.com.br\/?p=6608#primaryimage"},"thumbnailUrl":"http:\/\/agenciainclusive.files.wordpress.com\/2009\/03\/orgulho_autitsa.jpg","articleSection":["CAMPANHAS","NOT\u00cdCIAS"],"inLanguage":"pt-PT","potentialAction":[{"@type":"CommentAction","name":"Comment","target":["https:\/\/inclusivenews.com.br\/?p=6608#respond"]}]},{"@type":"WebPage","@id":"https:\/\/inclusivenews.com.br\/?p=6608","url":"https:\/\/inclusivenews.com.br\/?p=6608","name":"II Edi\u00e7\u00e3o do Dia Mundial de Conscientiza\u00e7\u00e3o sobre o Autismo -","isPartOf":{"@id":"https:\/\/inclusivenews.com.br\/#website"},"primaryImageOfPage":{"@id":"https:\/\/inclusivenews.com.br\/?p=6608#primaryimage"},"image":{"@id":"https:\/\/inclusivenews.com.br\/?p=6608#primaryimage"},"thumbnailUrl":"http:\/\/agenciainclusive.files.wordpress.com\/2009\/03\/orgulho_autitsa.jpg","datePublished":"2009-03-31T23:37:52+00:00","breadcrumb":{"@id":"https:\/\/inclusivenews.com.br\/?p=6608#breadcrumb"},"inLanguage":"pt-PT","potentialAction":[{"@type":"ReadAction","target":["https:\/\/inclusivenews.com.br\/?p=6608"]}]},{"@type":"ImageObject","inLanguage":"pt-PT","@id":"https:\/\/inclusivenews.com.br\/?p=6608#primaryimage","url":"http:\/\/agenciainclusive.files.wordpress.com\/2009\/03\/orgulho_autitsa.jpg","contentUrl":"http:\/\/agenciainclusive.files.wordpress.com\/2009\/03\/orgulho_autitsa.jpg"},{"@type":"BreadcrumbList","@id":"https:\/\/inclusivenews.com.br\/?p=6608#breadcrumb","itemListElement":[{"@type":"ListItem","position":1,"name":"In\u00edcio","item":"https:\/\/inclusivenews.com.br\/"},{"@type":"ListItem","position":2,"name":"II Edi\u00e7\u00e3o do Dia Mundial de Conscientiza\u00e7\u00e3o sobre o Autismo"}]},{"@type":"WebSite","@id":"https:\/\/inclusivenews.com.br\/#website","url":"https:\/\/inclusivenews.com.br\/","name":"Inclusive News","description":"Inclusive News","publisher":{"@id":"https:\/\/inclusivenews.com.br\/#organization"},"potentialAction":[{"@type":"SearchAction","target":{"@type":"EntryPoint","urlTemplate":"https:\/\/inclusivenews.com.br\/?s={search_term_string}"},"query-input":{"@type":"PropertyValueSpecification","valueRequired":true,"valueName":"search_term_string"}}],"inLanguage":"pt-PT"},{"@type":"Organization","@id":"https:\/\/inclusivenews.com.br\/#organization","name":"Inclusive - inclus\u00e3o e cidadania","url":"https:\/\/inclusivenews.com.br\/","logo":{"@type":"ImageObject","inLanguage":"pt-PT","@id":"https:\/\/inclusivenews.com.br\/#\/schema\/logo\/image\/","url":"https:\/\/inclusivenews.com.br\/wp-content\/uploads\/2024\/03\/@grandesite.png","contentUrl":"https:\/\/inclusivenews.com.br\/wp-content\/uploads\/2024\/03\/@grandesite.png","width":1080,"height":1080,"caption":"Inclusive - inclus\u00e3o e cidadania"},"image":{"@id":"https:\/\/inclusivenews.com.br\/#\/schema\/logo\/image\/"},"sameAs":["https:\/\/www.facebook.com\/agenciainclusive\/","https:\/\/www.instagram.com\/newsinclusive\/"]},{"@type":"Person","@id":"https:\/\/inclusivenews.com.br\/#\/schema\/person\/0dab492019871b94abb65fa8ee7c8c44","name":"Inclusive","image":{"@type":"ImageObject","inLanguage":"pt-PT","@id":"https:\/\/secure.gravatar.com\/avatar\/?s=96&d=mm&r=g","url":"https:\/\/secure.gravatar.com\/avatar\/?s=96&d=mm&r=g","contentUrl":"https:\/\/secure.gravatar.com\/avatar\/?s=96&d=mm&r=g","caption":"Inclusive"},"url":"https:\/\/inclusivenews.com.br\/?author=2"}]}},"_links":{"self":[{"href":"https:\/\/inclusivenews.com.br\/index.php?rest_route=\/wp\/v2\/posts\/6608","targetHints":{"allow":["GET"]}}],"collection":[{"href":"https:\/\/inclusivenews.com.br\/index.php?rest_route=\/wp\/v2\/posts"}],"about":[{"href":"https:\/\/inclusivenews.com.br\/index.php?rest_route=\/wp\/v2\/types\/post"}],"author":[{"embeddable":true,"href":"https:\/\/inclusivenews.com.br\/index.php?rest_route=\/wp\/v2\/users\/2"}],"replies":[{"embeddable":true,"href":"https:\/\/inclusivenews.com.br\/index.php?rest_route=%2Fwp%2Fv2%2Fcomments&post=6608"}],"version-history":[{"count":0,"href":"https:\/\/inclusivenews.com.br\/index.php?rest_route=\/wp\/v2\/posts\/6608\/revisions"}],"wp:attachment":[{"href":"https:\/\/inclusivenews.com.br\/index.php?rest_route=%2Fwp%2Fv2%2Fmedia&parent=6608"}],"wp:term":[{"taxonomy":"category","embeddable":true,"href":"https:\/\/inclusivenews.com.br\/index.php?rest_route=%2Fwp%2Fv2%2Fcategories&post=6608"},{"taxonomy":"post_tag","embeddable":true,"href":"https:\/\/inclusivenews.com.br\/index.php?rest_route=%2Fwp%2Fv2%2Ftags&post=6608"}],"curies":[{"name":"wp","href":"https:\/\/api.w.org\/{rel}","templated":true}]}}