{"id":6633,"date":"2009-04-01T00:34:34","date_gmt":"2009-04-01T00:34:34","guid":{"rendered":"http:\/\/agenciainclusive.wordpress.com\/?p=6633"},"modified":"2009-04-01T00:34:34","modified_gmt":"2009-04-01T00:34:34","slug":"a-convencao-cria-raizes-mas-nao-precisa-ficar-enterrada","status":"publish","type":"post","link":"https:\/\/inclusivenews.com.br\/?p=6633","title":{"rendered":"A Conven\u00e7\u00e3o cria ra\u00edzes, mas n\u00e3o precisa ficar enterrada"},"content":{"rendered":"<p><strong>Lucio Carvalho<\/strong><\/p>\n<p>Recente not\u00edcia* dando conta de uma proposi\u00e7\u00e3o do Minist\u00e9rio P\u00fablico Federal no Tocantins (MPF\/TO) no sentido de fiscalizar termo de ajustamento de conduta celebrado entre o Minist\u00e9rio P\u00fablico Federal, os Minist\u00e9rios P\u00fablicos dos estado de S\u00e3o Paulo e Minas Gerais e a Federa\u00e7\u00e3o Brasileira de Bancos (FEBRABAN) visando garantir ajustes necess\u00e1rios nos estabelecimentos banc\u00e1rios para que sejam garantidas condi\u00e7\u00f5es de acessibilidade para pessoas com defici\u00eancia, inaugura um novo tempo na observancia e aplica\u00e7\u00e3o da legisla\u00e7\u00e3o brasileira em rela\u00e7\u00e3o \u00e0s pessoas com defici\u00eancia. Isto porque a base legal do inqu\u00e9rito civil instaurado para avaliar o andamento das adapta\u00e7\u00f5es \u00e9 a Conven\u00e7\u00e3o sobre os Direitos das Pessoas com Defici\u00eancia (CDPCD), aprovada em 2008 e que, a partir do Decreto Legislativo n\u00ba 186\/2008, incorporou-se com for\u00e7a de emenda constitucional ao ordenamento jur\u00eddico brasileiro.<\/p>\n<p>A iniciativa tem um significado importante ao afirmar o car\u00e1ter positivo dos direitos estabelecidos pela Conven\u00e7\u00e3o, ou seja, n\u00e3o mais importa que o Estado brasileiro n\u00e3o contraponha-se aos princ\u00edpios estabelecidos pela Conven\u00e7\u00e3o, \u00e9 seu dever &#8211; e de todos que advogam a causa das pessoas com defici\u00eancia &#8211; tom\u00e1-la como fonte primeira na refer\u00eancia legislativa, al\u00e9m de providenciar as condi\u00e7\u00f5es materiais\/formais necess\u00e1rias ao exerc\u00edcio destes direitos. O Minist\u00e9rio P\u00fablico, ao garantir o acesso a estes direitos, d\u00e1 um passo irrevers\u00edvel em dire\u00e7\u00e3o a sua concretiza\u00e7\u00e3o pois, fundamentando sua conduta na observa\u00e7\u00e3o ao respeito aos artigos da Conven\u00e7\u00e3o, a insere em definitivo em todas as transa\u00e7\u00f5es jur\u00eddicas feitas onde seus artigos sejam mencionados.<\/p>\n<p>Evidentemente que a busca pela consagra\u00e7\u00e3o da Conven\u00e7\u00e3o alcan\u00e7a o anseio de grande parte da popula\u00e7\u00e3o que entende a relev\u00e2ncia destes direitos como elementos que\u00a0 concretizam condi\u00e7\u00f5es mais dignas de vida \u00e0s pessoas e maior igualdade de condi\u00e7\u00f5es ao seu conv\u00edvio social. O que comprova isto \u00e9 o imenso consenso pol\u00edtico firmado na sua ratifica\u00e7\u00e3o. \u00c9 preciso, entretanto, que a Conven\u00e7\u00e3o concretize-se enquanto estatuto legal a partir da iniciativa de todos aqueles indiv\u00edduos ou institui\u00e7\u00f5es que atuem ou estejam sob a sua perspectiva. A not\u00edcia veiculada pelo Minist\u00e9rio P\u00fablico Federal mostra definitivamente que a Conven\u00e7\u00e3o n\u00e3o \u00e9 mais uma entidade abstrata, mas um fundamento indispens\u00e1vel a todos aqueles que querem fazer valer seus direitos. \u00c9 um amparo inestim\u00e1vel com que muitos pa\u00edses ainda n\u00e3o contam. No Brasil, onde ela j\u00e1 est\u00e1 valendo &#8211; como a mat\u00e9ria muito bem mostra &#8211; n\u00e3o faz sentido algum que seja tratada como uma das milhares de leis que adormecem nos livros de Direito, distantes da vida objetiva da popula\u00e7\u00e3o.<\/p>\n<ul>\n<li><a href=\"http:\/\/noticias.pgr.mpf.gov.br\/noticias-do-site\/direitos-do-cidadao\/mpf-to-instaura-inquerito-para-acompanhar-cumprimento-de-tac-que-garante-acesso-a-bancos-por-deficientes\">http:\/\/noticias.pgr.mpf.gov.br\/noticias-do-site\/direitos-do-cidadao\/mpf-to-instaura-inquerito-para-acompanhar-cumprimento-de-tac-que-garante-acesso-a-bancos-por-deficientes<\/a><\/li>\n<\/ul>\n","protected":false},"excerpt":{"rendered":"<p>Lucio Carvalho Recente not\u00edcia* dando conta de uma proposi\u00e7\u00e3o do Minist\u00e9rio P\u00fablico Federal no Tocantins (MPF\/TO) no sentido de fiscalizar termo de ajustamento de conduta celebrado entre o Minist\u00e9rio P\u00fablico Federal, os Minist\u00e9rios P\u00fablicos dos estado de S\u00e3o Paulo e Minas Gerais e a Federa\u00e7\u00e3o Brasileira de Bancos (FEBRABAN) visando garantir ajustes necess\u00e1rios nos estabelecimentos [&hellip;]<\/p>\n","protected":false},"author":2,"featured_media":0,"comment_status":"open","ping_status":"open","sticky":false,"template":"","format":"standard","meta":{"site-container-style":"default","site-container-layout":"default","site-sidebar-layout":"default","disable-article-header":"default","disable-site-header":"default","disable-site-footer":"default","disable-content-area-spacing":"default","footnotes":""},"categories":[5,26,8],"tags":[],"class_list":["post-6633","post","type-post","status-publish","format-standard","hentry","category-convencao","category-legislacao","category-textos-e-artigos"],"yoast_head":"<!-- This site is optimized with the Yoast SEO plugin v27.4 - https:\/\/yoast.com\/product\/yoast-seo-wordpress\/ -->\n<title>A Conven\u00e7\u00e3o cria ra\u00edzes, mas n\u00e3o precisa ficar enterrada -<\/title>\n<meta name=\"robots\" content=\"index, follow, max-snippet:-1, max-image-preview:large, max-video-preview:-1\" \/>\n<link rel=\"canonical\" href=\"https:\/\/inclusivenews.com.br\/?p=6633\" \/>\n<meta property=\"og:locale\" content=\"pt_PT\" \/>\n<meta property=\"og:type\" content=\"article\" \/>\n<meta property=\"og:title\" content=\"A Conven\u00e7\u00e3o cria ra\u00edzes, mas n\u00e3o precisa ficar enterrada -\" \/>\n<meta property=\"og:description\" content=\"Lucio Carvalho Recente not\u00edcia* dando conta de uma proposi\u00e7\u00e3o do Minist\u00e9rio P\u00fablico Federal no Tocantins (MPF\/TO) no sentido de fiscalizar termo de ajustamento de conduta celebrado entre o Minist\u00e9rio P\u00fablico Federal, os Minist\u00e9rios P\u00fablicos dos estado de S\u00e3o Paulo e Minas Gerais e a Federa\u00e7\u00e3o Brasileira de Bancos (FEBRABAN) visando garantir ajustes necess\u00e1rios nos estabelecimentos [&hellip;]\" \/>\n<meta property=\"og:url\" content=\"https:\/\/inclusivenews.com.br\/?p=6633\" \/>\n<meta property=\"article:publisher\" content=\"https:\/\/www.facebook.com\/agenciainclusive\/\" \/>\n<meta property=\"article:published_time\" content=\"2009-04-01T00:34:34+00:00\" \/>\n<meta name=\"author\" content=\"Inclusive\" \/>\n<meta name=\"twitter:card\" content=\"summary_large_image\" \/>\n<meta name=\"twitter:label1\" content=\"Escrito por\" \/>\n\t<meta name=\"twitter:data1\" content=\"Inclusive\" \/>\n\t<meta name=\"twitter:label2\" content=\"Tempo estimado de leitura\" \/>\n\t<meta name=\"twitter:data2\" content=\"2 minutos\" \/>\n<script type=\"application\/ld+json\" class=\"yoast-schema-graph\">{\"@context\":\"https:\\\/\\\/schema.org\",\"@graph\":[{\"@type\":\"Article\",\"@id\":\"https:\\\/\\\/inclusivenews.com.br\\\/?p=6633#article\",\"isPartOf\":{\"@id\":\"https:\\\/\\\/inclusivenews.com.br\\\/?p=6633\"},\"author\":{\"name\":\"Inclusive\",\"@id\":\"https:\\\/\\\/inclusivenews.com.br\\\/#\\\/schema\\\/person\\\/0dab492019871b94abb65fa8ee7c8c44\"},\"headline\":\"A Conven\u00e7\u00e3o cria ra\u00edzes, mas n\u00e3o precisa ficar enterrada\",\"datePublished\":\"2009-04-01T00:34:34+00:00\",\"mainEntityOfPage\":{\"@id\":\"https:\\\/\\\/inclusivenews.com.br\\\/?p=6633\"},\"wordCount\":495,\"commentCount\":0,\"publisher\":{\"@id\":\"https:\\\/\\\/inclusivenews.com.br\\\/#organization\"},\"articleSection\":[\"Conven\u00e7\u00e3o\",\"Legisla\u00e7\u00e3o ...\",\"OPINI\u00c3O\"],\"inLanguage\":\"pt-PT\",\"potentialAction\":[{\"@type\":\"CommentAction\",\"name\":\"Comment\",\"target\":[\"https:\\\/\\\/inclusivenews.com.br\\\/?p=6633#respond\"]}]},{\"@type\":\"WebPage\",\"@id\":\"https:\\\/\\\/inclusivenews.com.br\\\/?p=6633\",\"url\":\"https:\\\/\\\/inclusivenews.com.br\\\/?p=6633\",\"name\":\"A Conven\u00e7\u00e3o cria ra\u00edzes, mas n\u00e3o precisa ficar enterrada -\",\"isPartOf\":{\"@id\":\"https:\\\/\\\/inclusivenews.com.br\\\/#website\"},\"datePublished\":\"2009-04-01T00:34:34+00:00\",\"breadcrumb\":{\"@id\":\"https:\\\/\\\/inclusivenews.com.br\\\/?p=6633#breadcrumb\"},\"inLanguage\":\"pt-PT\",\"potentialAction\":[{\"@type\":\"ReadAction\",\"target\":[\"https:\\\/\\\/inclusivenews.com.br\\\/?p=6633\"]}]},{\"@type\":\"BreadcrumbList\",\"@id\":\"https:\\\/\\\/inclusivenews.com.br\\\/?p=6633#breadcrumb\",\"itemListElement\":[{\"@type\":\"ListItem\",\"position\":1,\"name\":\"In\u00edcio\",\"item\":\"https:\\\/\\\/inclusivenews.com.br\\\/\"},{\"@type\":\"ListItem\",\"position\":2,\"name\":\"A Conven\u00e7\u00e3o cria ra\u00edzes, mas n\u00e3o precisa ficar enterrada\"}]},{\"@type\":\"WebSite\",\"@id\":\"https:\\\/\\\/inclusivenews.com.br\\\/#website\",\"url\":\"https:\\\/\\\/inclusivenews.com.br\\\/\",\"name\":\"Inclusive News\",\"description\":\"Inclusive News\",\"publisher\":{\"@id\":\"https:\\\/\\\/inclusivenews.com.br\\\/#organization\"},\"potentialAction\":[{\"@type\":\"SearchAction\",\"target\":{\"@type\":\"EntryPoint\",\"urlTemplate\":\"https:\\\/\\\/inclusivenews.com.br\\\/?s={search_term_string}\"},\"query-input\":{\"@type\":\"PropertyValueSpecification\",\"valueRequired\":true,\"valueName\":\"search_term_string\"}}],\"inLanguage\":\"pt-PT\"},{\"@type\":\"Organization\",\"@id\":\"https:\\\/\\\/inclusivenews.com.br\\\/#organization\",\"name\":\"Inclusive - inclus\u00e3o e cidadania\",\"url\":\"https:\\\/\\\/inclusivenews.com.br\\\/\",\"logo\":{\"@type\":\"ImageObject\",\"inLanguage\":\"pt-PT\",\"@id\":\"https:\\\/\\\/inclusivenews.com.br\\\/#\\\/schema\\\/logo\\\/image\\\/\",\"url\":\"https:\\\/\\\/inclusivenews.com.br\\\/wp-content\\\/uploads\\\/2024\\\/03\\\/@grandesite.png\",\"contentUrl\":\"https:\\\/\\\/inclusivenews.com.br\\\/wp-content\\\/uploads\\\/2024\\\/03\\\/@grandesite.png\",\"width\":1080,\"height\":1080,\"caption\":\"Inclusive - inclus\u00e3o e cidadania\"},\"image\":{\"@id\":\"https:\\\/\\\/inclusivenews.com.br\\\/#\\\/schema\\\/logo\\\/image\\\/\"},\"sameAs\":[\"https:\\\/\\\/www.facebook.com\\\/agenciainclusive\\\/\",\"https:\\\/\\\/www.instagram.com\\\/newsinclusive\\\/\"]},{\"@type\":\"Person\",\"@id\":\"https:\\\/\\\/inclusivenews.com.br\\\/#\\\/schema\\\/person\\\/0dab492019871b94abb65fa8ee7c8c44\",\"name\":\"Inclusive\",\"image\":{\"@type\":\"ImageObject\",\"inLanguage\":\"pt-PT\",\"@id\":\"https:\\\/\\\/secure.gravatar.com\\\/avatar\\\/?s=96&d=mm&r=g\",\"url\":\"https:\\\/\\\/secure.gravatar.com\\\/avatar\\\/?s=96&d=mm&r=g\",\"contentUrl\":\"https:\\\/\\\/secure.gravatar.com\\\/avatar\\\/?s=96&d=mm&r=g\",\"caption\":\"Inclusive\"},\"url\":\"https:\\\/\\\/inclusivenews.com.br\\\/?author=2\"}]}<\/script>\n<!-- \/ Yoast SEO plugin. -->","yoast_head_json":{"title":"A Conven\u00e7\u00e3o cria ra\u00edzes, mas n\u00e3o precisa ficar enterrada -","robots":{"index":"index","follow":"follow","max-snippet":"max-snippet:-1","max-image-preview":"max-image-preview:large","max-video-preview":"max-video-preview:-1"},"canonical":"https:\/\/inclusivenews.com.br\/?p=6633","og_locale":"pt_PT","og_type":"article","og_title":"A Conven\u00e7\u00e3o cria ra\u00edzes, mas n\u00e3o precisa ficar enterrada -","og_description":"Lucio Carvalho Recente not\u00edcia* dando conta de uma proposi\u00e7\u00e3o do Minist\u00e9rio P\u00fablico Federal no Tocantins (MPF\/TO) no sentido de fiscalizar termo de ajustamento de conduta celebrado entre o Minist\u00e9rio P\u00fablico Federal, os Minist\u00e9rios P\u00fablicos dos estado de S\u00e3o Paulo e Minas Gerais e a Federa\u00e7\u00e3o Brasileira de Bancos (FEBRABAN) visando garantir ajustes necess\u00e1rios nos estabelecimentos [&hellip;]","og_url":"https:\/\/inclusivenews.com.br\/?p=6633","article_publisher":"https:\/\/www.facebook.com\/agenciainclusive\/","article_published_time":"2009-04-01T00:34:34+00:00","author":"Inclusive","twitter_card":"summary_large_image","twitter_misc":{"Escrito por":"Inclusive","Tempo estimado de leitura":"2 minutos"},"schema":{"@context":"https:\/\/schema.org","@graph":[{"@type":"Article","@id":"https:\/\/inclusivenews.com.br\/?p=6633#article","isPartOf":{"@id":"https:\/\/inclusivenews.com.br\/?p=6633"},"author":{"name":"Inclusive","@id":"https:\/\/inclusivenews.com.br\/#\/schema\/person\/0dab492019871b94abb65fa8ee7c8c44"},"headline":"A Conven\u00e7\u00e3o cria ra\u00edzes, mas n\u00e3o precisa ficar enterrada","datePublished":"2009-04-01T00:34:34+00:00","mainEntityOfPage":{"@id":"https:\/\/inclusivenews.com.br\/?p=6633"},"wordCount":495,"commentCount":0,"publisher":{"@id":"https:\/\/inclusivenews.com.br\/#organization"},"articleSection":["Conven\u00e7\u00e3o","Legisla\u00e7\u00e3o ...","OPINI\u00c3O"],"inLanguage":"pt-PT","potentialAction":[{"@type":"CommentAction","name":"Comment","target":["https:\/\/inclusivenews.com.br\/?p=6633#respond"]}]},{"@type":"WebPage","@id":"https:\/\/inclusivenews.com.br\/?p=6633","url":"https:\/\/inclusivenews.com.br\/?p=6633","name":"A Conven\u00e7\u00e3o cria ra\u00edzes, mas n\u00e3o precisa ficar enterrada -","isPartOf":{"@id":"https:\/\/inclusivenews.com.br\/#website"},"datePublished":"2009-04-01T00:34:34+00:00","breadcrumb":{"@id":"https:\/\/inclusivenews.com.br\/?p=6633#breadcrumb"},"inLanguage":"pt-PT","potentialAction":[{"@type":"ReadAction","target":["https:\/\/inclusivenews.com.br\/?p=6633"]}]},{"@type":"BreadcrumbList","@id":"https:\/\/inclusivenews.com.br\/?p=6633#breadcrumb","itemListElement":[{"@type":"ListItem","position":1,"name":"In\u00edcio","item":"https:\/\/inclusivenews.com.br\/"},{"@type":"ListItem","position":2,"name":"A Conven\u00e7\u00e3o cria ra\u00edzes, mas n\u00e3o precisa ficar enterrada"}]},{"@type":"WebSite","@id":"https:\/\/inclusivenews.com.br\/#website","url":"https:\/\/inclusivenews.com.br\/","name":"Inclusive News","description":"Inclusive News","publisher":{"@id":"https:\/\/inclusivenews.com.br\/#organization"},"potentialAction":[{"@type":"SearchAction","target":{"@type":"EntryPoint","urlTemplate":"https:\/\/inclusivenews.com.br\/?s={search_term_string}"},"query-input":{"@type":"PropertyValueSpecification","valueRequired":true,"valueName":"search_term_string"}}],"inLanguage":"pt-PT"},{"@type":"Organization","@id":"https:\/\/inclusivenews.com.br\/#organization","name":"Inclusive - inclus\u00e3o e cidadania","url":"https:\/\/inclusivenews.com.br\/","logo":{"@type":"ImageObject","inLanguage":"pt-PT","@id":"https:\/\/inclusivenews.com.br\/#\/schema\/logo\/image\/","url":"https:\/\/inclusivenews.com.br\/wp-content\/uploads\/2024\/03\/@grandesite.png","contentUrl":"https:\/\/inclusivenews.com.br\/wp-content\/uploads\/2024\/03\/@grandesite.png","width":1080,"height":1080,"caption":"Inclusive - inclus\u00e3o e cidadania"},"image":{"@id":"https:\/\/inclusivenews.com.br\/#\/schema\/logo\/image\/"},"sameAs":["https:\/\/www.facebook.com\/agenciainclusive\/","https:\/\/www.instagram.com\/newsinclusive\/"]},{"@type":"Person","@id":"https:\/\/inclusivenews.com.br\/#\/schema\/person\/0dab492019871b94abb65fa8ee7c8c44","name":"Inclusive","image":{"@type":"ImageObject","inLanguage":"pt-PT","@id":"https:\/\/secure.gravatar.com\/avatar\/?s=96&d=mm&r=g","url":"https:\/\/secure.gravatar.com\/avatar\/?s=96&d=mm&r=g","contentUrl":"https:\/\/secure.gravatar.com\/avatar\/?s=96&d=mm&r=g","caption":"Inclusive"},"url":"https:\/\/inclusivenews.com.br\/?author=2"}]}},"_links":{"self":[{"href":"https:\/\/inclusivenews.com.br\/index.php?rest_route=\/wp\/v2\/posts\/6633","targetHints":{"allow":["GET"]}}],"collection":[{"href":"https:\/\/inclusivenews.com.br\/index.php?rest_route=\/wp\/v2\/posts"}],"about":[{"href":"https:\/\/inclusivenews.com.br\/index.php?rest_route=\/wp\/v2\/types\/post"}],"author":[{"embeddable":true,"href":"https:\/\/inclusivenews.com.br\/index.php?rest_route=\/wp\/v2\/users\/2"}],"replies":[{"embeddable":true,"href":"https:\/\/inclusivenews.com.br\/index.php?rest_route=%2Fwp%2Fv2%2Fcomments&post=6633"}],"version-history":[{"count":0,"href":"https:\/\/inclusivenews.com.br\/index.php?rest_route=\/wp\/v2\/posts\/6633\/revisions"}],"wp:attachment":[{"href":"https:\/\/inclusivenews.com.br\/index.php?rest_route=%2Fwp%2Fv2%2Fmedia&parent=6633"}],"wp:term":[{"taxonomy":"category","embeddable":true,"href":"https:\/\/inclusivenews.com.br\/index.php?rest_route=%2Fwp%2Fv2%2Fcategories&post=6633"},{"taxonomy":"post_tag","embeddable":true,"href":"https:\/\/inclusivenews.com.br\/index.php?rest_route=%2Fwp%2Fv2%2Ftags&post=6633"}],"curies":[{"name":"wp","href":"https:\/\/api.w.org\/{rel}","templated":true}]}}