{"id":6643,"date":"2009-04-01T03:39:28","date_gmt":"2009-04-01T03:39:28","guid":{"rendered":"http:\/\/agenciainclusive.wordpress.com\/?p=6643"},"modified":"2009-04-01T03:39:28","modified_gmt":"2009-04-01T03:39:28","slug":"dia-internacional-sindrome-de-down-em-sao-paulo","status":"publish","type":"post","link":"https:\/\/inclusivenews.com.br\/?p=6643","title":{"rendered":"Dia Internacional da S\u00edndrome de Down em S\u00e3o Paulo"},"content":{"rendered":"<p>Fonte: D i \u00e1 r io O fi c i a l P o d e r L e g i sla t iv o S\u00e3o Paulo, 119 (60)<\/p>\n<p>Da reda\u00e7\u00e3o<\/p>\n<p>Por iniciativa da deputada C\u00e9lia Le\u00e3o (PSDB), a Assembleia Legislativa realizou sess\u00e3o solene nesta<\/p>\n<p>segunda-feira, 30\/3, para marcar a passagem do Dia Universal da S\u00edndrome de Down &#8211; que se comemora em<\/p>\n<p>21 de mar\u00e7o &#8211; e o cinquenten\u00e1rio da descoberta da origem gen\u00e9tica da s\u00edndrome, feita pelo pesquisador franc\u00eas<\/p>\n<p>Jer\u00f4me Lejeune. Tamb\u00e9m foi homenageada a Federa\u00e7\u00e3o Brasileira das Associa\u00e7\u00f5es de S\u00edndrome de Down (FBASD).<\/p>\n<p>\u201cMesmo quem tenha alguma defici\u00eancia pode viver, e bem, se tiver fam\u00edlia, amigos, solidariedade e pol\u00edticas<\/p>\n<p>p\u00fablicas adequadas\u201d, afirmou C\u00e9lia Le\u00e3o, ao ressaltar o car\u00e1ter emocional que deu o tom \u00e0 sess\u00e3o solene. \u201cTodos<\/p>\n<p>temos o direito de viver e de ser feliz, e a felicidade \u00e9 para todo mundo, independente de ra\u00e7a, cor, credo, n\u00e3o<\/p>\n<p>importa se a pessoa tenha racioc\u00ednio mais r\u00e1pido ou mais lento\u201d, ela completou.<\/p>\n<p>A sess\u00e3o solene abriu espa\u00e7o para que os pr\u00f3prios portadores da s\u00edndrome de Down se manifestassem.<\/p>\n<p>Jovens, eles j\u00e1 possuem uma hist\u00f3ria diferente de inclus\u00e3o e conquistas para apresentar. \u201cDevemos lutar sempre<\/p>\n<p>para conquistar nosso espa\u00e7o, pois podemos fazer tudo que as pessoas fazem, com a mesma qualidade, s\u00f3 que um<\/p>\n<p>pouco mais devagar\u201d, disse Ilka Farrath Fornaziero, 30 anos. Ela, assim como outros, teve a oportunidade de<\/p>\n<p>estudar e de inserir-se no mercado de trabalho. \u201cO preconceito \u00e9 outro problema, mas n\u00e3o podemos ficar<\/p>\n<p>intimidados\u201d, afirmou.<\/p>\n<p>Preconceito e viol\u00eancia<\/p>\n<p>N\u00e3o s\u00f3 o preconceito, mas tamb\u00e9m a viol\u00eancia, apontou Gabriel Francisco de Camargo Lima, 23 anos, assistente de<\/p>\n<p>loja e ex-aluno de escola p\u00fablica. \u201cNo come\u00e7o foi dif\u00edcil, alguns colegas eram violentos e n\u00e3o gostavam de mim. Meu<\/p>\n<p>sonho \u00e9 acabar com essa viol\u00eancia\u201d, disse Gabriel.<\/p>\n<p>Outros desejos tamb\u00e9m povoam a vida dos portadores da s\u00edndrome. Ney Francisco Bourroul, de 42 anos, frequenta<\/p>\n<p>aulas de inform\u00e1tica, teatro, artes pl\u00e1sticas e academia. S\u00f3cio volunt\u00e1rio que atende visitantes do Museu de Arte<\/p>\n<p>Moderna, ele sonha em ir para a Fran\u00e7a. J\u00e1 Fl\u00e1via Donatelli, 34 anos, que disse gostar muito de viajar de navio, quer<\/p>\n<p>arranjar um emprego.<\/p>\n<p>Edmilson Lu\u00eds Louren\u00e7o da Silva e Thais Sousa Campos Leondarides tamb\u00e9m falaram de suas expectativas, das<\/p>\n<p>oportunidades de trabalho e da grande vit\u00f3ria que obtiveram com o aprendizado da l\u00edngua e de cursos<\/p>\n<p>profissionalizantes.<\/p>\n<p>Foram oportunidade de inclus\u00e3o como essa que levaram Fernanda Jimenez, 32 anos, a exercer o cargo de assistente<\/p>\n<p>parlamentar do vereador paulistano Floriano Pesaro (PSDB).<\/p>\n<p>\u201cN\u00e3o importa se dizem que somos diferentes. Somos pessoas com muita responsabilidade\u201d, disse Thais.<\/p>\n<p>Mudan\u00e7as<\/p>\n<p>H\u00e1 30 anos essa situa\u00e7\u00e3o parecia imposs\u00edvel, avaliou Eli Nogueira de Almeida, presidente da Associa\u00e7\u00e3o para<\/p>\n<p>o Desenvolvimento Integral do Down (Adid) e membro da FBASD. Entre os portadores da s\u00edndrome de Down e<\/p>\n<p>seus familiares predominava o isolamento, segundo ele.<\/p>\n<p>\u201cAs coisas come\u00e7aram a mudar quando os pais passaram a se reunir e formar associa\u00e7\u00f5es para decidir o que fazer<\/p>\n<p>para que seus filhos fossem acolhidos pela sociedade e se tornassem produtivos\u201d, declarou.<\/p>\n<p>Tamb\u00e9m homenageado na sess\u00e3o, o m\u00e9dico geneticista Zan Mustacchi, pediatra respons\u00e1vel pelo<\/p>\n<p>ambulat\u00f3rio de gen\u00e9tica do Hospital Infantil Darcy Vargas, concorda com Almeida. \u201cNos anos 60 j\u00e1 se<\/p>\n<p>detinha tecnologia, mas foi a partir da d\u00e9cada de 1970, quando os pais tomaram a iniciativa de exigir<\/p>\n<p>que os profissionais aplicassem o conhecimento para a inclus\u00e3o de seus filhos, que a situa\u00e7\u00e3o dos portadores<\/p>\n<p>da s\u00edndrome de Down come\u00e7ou a mudar\u201d, confirmou.<\/p>\n<p>Tamb\u00e9m participaram do evento, entre outros, o deputado Jo\u00e3o Barbosa (DEM) e a volunt\u00e1ria Andr\u00e9a Barbi, da ONG<\/p>\n<p>Instituto Meta Social, homenageada no evento. Bastante lembrado ao longo de toda a sess\u00e3o, o pesquisador franc\u00eas<\/p>\n<p>Jer\u00f4me Lejeune (1926-1994), considerado o pai da gen\u00e9tica moderna, foi o descobridor da causa da s\u00edndrome de<\/p>\n<p>Down. Suas pesquisas levaram \u00e0 publica\u00e7\u00e3o, em 1959, do estudo que apontava como causa da s\u00edndrome a exist\u00eancia<\/p>\n<p>de 47 cromossomos nas c\u00e9lulas do embri\u00e3o, em vez das 46 normalmente existentes. O material gen\u00e9tico em excesso,<\/p>\n<p>localizado no par de n\u00famero 21, altera o desenvolvimento regular da crian\u00e7a. A s\u00edndrome foi denominado<\/p>\n<p>por Lejeune trissomia 21.<\/p>\n<p>Regina-SP<\/p>\n","protected":false},"excerpt":{"rendered":"<p>Fonte: D i \u00e1 r io O fi c i a l P o d e r L e g i sla t iv o S\u00e3o Paulo, 119 (60) Da reda\u00e7\u00e3o Por iniciativa da deputada C\u00e9lia Le\u00e3o (PSDB), a Assembleia Legislativa realizou sess\u00e3o solene nesta segunda-feira, 30\/3, para marcar a passagem do Dia Universal da [&hellip;]<\/p>\n","protected":false},"author":2,"featured_media":0,"comment_status":"open","ping_status":"open","sticky":false,"template":"","format":"standard","meta":{"site-container-style":"default","site-container-layout":"default","site-sidebar-layout":"default","disable-article-header":"default","disable-site-header":"default","disable-site-footer":"default","disable-content-area-spacing":"default","footnotes":""},"categories":[4],"tags":[25],"class_list":["post-6643","post","type-post","status-publish","format-standard","hentry","category-noticias","tag-wdsd2009"],"yoast_head":"<!-- This site is optimized with the Yoast SEO plugin v27.4 - https:\/\/yoast.com\/product\/yoast-seo-wordpress\/ -->\n<title>Dia Internacional da S\u00edndrome de Down em S\u00e3o Paulo -<\/title>\n<meta name=\"robots\" content=\"index, follow, max-snippet:-1, max-image-preview:large, max-video-preview:-1\" \/>\n<link rel=\"canonical\" href=\"https:\/\/inclusivenews.com.br\/?p=6643\" \/>\n<meta property=\"og:locale\" content=\"pt_PT\" \/>\n<meta property=\"og:type\" content=\"article\" \/>\n<meta property=\"og:title\" content=\"Dia Internacional da S\u00edndrome de Down em S\u00e3o Paulo -\" \/>\n<meta property=\"og:description\" content=\"Fonte: D i \u00e1 r io O fi c i a l P o d e r L e g i sla t iv o S\u00e3o Paulo, 119 (60) Da reda\u00e7\u00e3o Por iniciativa da deputada C\u00e9lia Le\u00e3o (PSDB), a Assembleia Legislativa realizou sess\u00e3o solene nesta segunda-feira, 30\/3, para marcar a passagem do Dia Universal da [&hellip;]\" \/>\n<meta property=\"og:url\" content=\"https:\/\/inclusivenews.com.br\/?p=6643\" \/>\n<meta property=\"article:publisher\" content=\"https:\/\/www.facebook.com\/agenciainclusive\/\" \/>\n<meta property=\"article:published_time\" content=\"2009-04-01T03:39:28+00:00\" \/>\n<meta name=\"author\" content=\"Inclusive\" \/>\n<meta name=\"twitter:card\" content=\"summary_large_image\" \/>\n<meta name=\"twitter:label1\" content=\"Escrito por\" \/>\n\t<meta name=\"twitter:data1\" content=\"Inclusive\" \/>\n\t<meta name=\"twitter:label2\" content=\"Tempo estimado de leitura\" \/>\n\t<meta name=\"twitter:data2\" content=\"4 minutos\" \/>\n<script type=\"application\/ld+json\" class=\"yoast-schema-graph\">{\"@context\":\"https:\\\/\\\/schema.org\",\"@graph\":[{\"@type\":\"Article\",\"@id\":\"https:\\\/\\\/inclusivenews.com.br\\\/?p=6643#article\",\"isPartOf\":{\"@id\":\"https:\\\/\\\/inclusivenews.com.br\\\/?p=6643\"},\"author\":{\"name\":\"Inclusive\",\"@id\":\"https:\\\/\\\/inclusivenews.com.br\\\/#\\\/schema\\\/person\\\/0dab492019871b94abb65fa8ee7c8c44\"},\"headline\":\"Dia Internacional da S\u00edndrome de Down em S\u00e3o Paulo\",\"datePublished\":\"2009-04-01T03:39:28+00:00\",\"mainEntityOfPage\":{\"@id\":\"https:\\\/\\\/inclusivenews.com.br\\\/?p=6643\"},\"wordCount\":772,\"commentCount\":0,\"publisher\":{\"@id\":\"https:\\\/\\\/inclusivenews.com.br\\\/#organization\"},\"keywords\":[\"WDSD2009\"],\"articleSection\":[\"NOT\u00cdCIAS\"],\"inLanguage\":\"pt-PT\",\"potentialAction\":[{\"@type\":\"CommentAction\",\"name\":\"Comment\",\"target\":[\"https:\\\/\\\/inclusivenews.com.br\\\/?p=6643#respond\"]}]},{\"@type\":\"WebPage\",\"@id\":\"https:\\\/\\\/inclusivenews.com.br\\\/?p=6643\",\"url\":\"https:\\\/\\\/inclusivenews.com.br\\\/?p=6643\",\"name\":\"Dia Internacional da S\u00edndrome de Down em S\u00e3o Paulo -\",\"isPartOf\":{\"@id\":\"https:\\\/\\\/inclusivenews.com.br\\\/#website\"},\"datePublished\":\"2009-04-01T03:39:28+00:00\",\"breadcrumb\":{\"@id\":\"https:\\\/\\\/inclusivenews.com.br\\\/?p=6643#breadcrumb\"},\"inLanguage\":\"pt-PT\",\"potentialAction\":[{\"@type\":\"ReadAction\",\"target\":[\"https:\\\/\\\/inclusivenews.com.br\\\/?p=6643\"]}]},{\"@type\":\"BreadcrumbList\",\"@id\":\"https:\\\/\\\/inclusivenews.com.br\\\/?p=6643#breadcrumb\",\"itemListElement\":[{\"@type\":\"ListItem\",\"position\":1,\"name\":\"In\u00edcio\",\"item\":\"https:\\\/\\\/inclusivenews.com.br\\\/\"},{\"@type\":\"ListItem\",\"position\":2,\"name\":\"Dia Internacional da S\u00edndrome de Down em S\u00e3o Paulo\"}]},{\"@type\":\"WebSite\",\"@id\":\"https:\\\/\\\/inclusivenews.com.br\\\/#website\",\"url\":\"https:\\\/\\\/inclusivenews.com.br\\\/\",\"name\":\"Inclusive News\",\"description\":\"Inclusive News\",\"publisher\":{\"@id\":\"https:\\\/\\\/inclusivenews.com.br\\\/#organization\"},\"potentialAction\":[{\"@type\":\"SearchAction\",\"target\":{\"@type\":\"EntryPoint\",\"urlTemplate\":\"https:\\\/\\\/inclusivenews.com.br\\\/?s={search_term_string}\"},\"query-input\":{\"@type\":\"PropertyValueSpecification\",\"valueRequired\":true,\"valueName\":\"search_term_string\"}}],\"inLanguage\":\"pt-PT\"},{\"@type\":\"Organization\",\"@id\":\"https:\\\/\\\/inclusivenews.com.br\\\/#organization\",\"name\":\"Inclusive - inclus\u00e3o e cidadania\",\"url\":\"https:\\\/\\\/inclusivenews.com.br\\\/\",\"logo\":{\"@type\":\"ImageObject\",\"inLanguage\":\"pt-PT\",\"@id\":\"https:\\\/\\\/inclusivenews.com.br\\\/#\\\/schema\\\/logo\\\/image\\\/\",\"url\":\"https:\\\/\\\/inclusivenews.com.br\\\/wp-content\\\/uploads\\\/2024\\\/03\\\/@grandesite.png\",\"contentUrl\":\"https:\\\/\\\/inclusivenews.com.br\\\/wp-content\\\/uploads\\\/2024\\\/03\\\/@grandesite.png\",\"width\":1080,\"height\":1080,\"caption\":\"Inclusive - inclus\u00e3o e cidadania\"},\"image\":{\"@id\":\"https:\\\/\\\/inclusivenews.com.br\\\/#\\\/schema\\\/logo\\\/image\\\/\"},\"sameAs\":[\"https:\\\/\\\/www.facebook.com\\\/agenciainclusive\\\/\",\"https:\\\/\\\/www.instagram.com\\\/newsinclusive\\\/\"]},{\"@type\":\"Person\",\"@id\":\"https:\\\/\\\/inclusivenews.com.br\\\/#\\\/schema\\\/person\\\/0dab492019871b94abb65fa8ee7c8c44\",\"name\":\"Inclusive\",\"image\":{\"@type\":\"ImageObject\",\"inLanguage\":\"pt-PT\",\"@id\":\"https:\\\/\\\/secure.gravatar.com\\\/avatar\\\/?s=96&d=mm&r=g\",\"url\":\"https:\\\/\\\/secure.gravatar.com\\\/avatar\\\/?s=96&d=mm&r=g\",\"contentUrl\":\"https:\\\/\\\/secure.gravatar.com\\\/avatar\\\/?s=96&d=mm&r=g\",\"caption\":\"Inclusive\"},\"url\":\"https:\\\/\\\/inclusivenews.com.br\\\/?author=2\"}]}<\/script>\n<!-- \/ Yoast SEO plugin. -->","yoast_head_json":{"title":"Dia Internacional da S\u00edndrome de Down em S\u00e3o Paulo -","robots":{"index":"index","follow":"follow","max-snippet":"max-snippet:-1","max-image-preview":"max-image-preview:large","max-video-preview":"max-video-preview:-1"},"canonical":"https:\/\/inclusivenews.com.br\/?p=6643","og_locale":"pt_PT","og_type":"article","og_title":"Dia Internacional da S\u00edndrome de Down em S\u00e3o Paulo -","og_description":"Fonte: D i \u00e1 r io O fi c i a l P o d e r L e g i sla t iv o S\u00e3o Paulo, 119 (60) Da reda\u00e7\u00e3o Por iniciativa da deputada C\u00e9lia Le\u00e3o (PSDB), a Assembleia Legislativa realizou sess\u00e3o solene nesta segunda-feira, 30\/3, para marcar a passagem do Dia Universal da [&hellip;]","og_url":"https:\/\/inclusivenews.com.br\/?p=6643","article_publisher":"https:\/\/www.facebook.com\/agenciainclusive\/","article_published_time":"2009-04-01T03:39:28+00:00","author":"Inclusive","twitter_card":"summary_large_image","twitter_misc":{"Escrito por":"Inclusive","Tempo estimado de leitura":"4 minutos"},"schema":{"@context":"https:\/\/schema.org","@graph":[{"@type":"Article","@id":"https:\/\/inclusivenews.com.br\/?p=6643#article","isPartOf":{"@id":"https:\/\/inclusivenews.com.br\/?p=6643"},"author":{"name":"Inclusive","@id":"https:\/\/inclusivenews.com.br\/#\/schema\/person\/0dab492019871b94abb65fa8ee7c8c44"},"headline":"Dia Internacional da S\u00edndrome de Down em S\u00e3o Paulo","datePublished":"2009-04-01T03:39:28+00:00","mainEntityOfPage":{"@id":"https:\/\/inclusivenews.com.br\/?p=6643"},"wordCount":772,"commentCount":0,"publisher":{"@id":"https:\/\/inclusivenews.com.br\/#organization"},"keywords":["WDSD2009"],"articleSection":["NOT\u00cdCIAS"],"inLanguage":"pt-PT","potentialAction":[{"@type":"CommentAction","name":"Comment","target":["https:\/\/inclusivenews.com.br\/?p=6643#respond"]}]},{"@type":"WebPage","@id":"https:\/\/inclusivenews.com.br\/?p=6643","url":"https:\/\/inclusivenews.com.br\/?p=6643","name":"Dia Internacional da S\u00edndrome de Down em S\u00e3o Paulo -","isPartOf":{"@id":"https:\/\/inclusivenews.com.br\/#website"},"datePublished":"2009-04-01T03:39:28+00:00","breadcrumb":{"@id":"https:\/\/inclusivenews.com.br\/?p=6643#breadcrumb"},"inLanguage":"pt-PT","potentialAction":[{"@type":"ReadAction","target":["https:\/\/inclusivenews.com.br\/?p=6643"]}]},{"@type":"BreadcrumbList","@id":"https:\/\/inclusivenews.com.br\/?p=6643#breadcrumb","itemListElement":[{"@type":"ListItem","position":1,"name":"In\u00edcio","item":"https:\/\/inclusivenews.com.br\/"},{"@type":"ListItem","position":2,"name":"Dia Internacional da S\u00edndrome de Down em S\u00e3o Paulo"}]},{"@type":"WebSite","@id":"https:\/\/inclusivenews.com.br\/#website","url":"https:\/\/inclusivenews.com.br\/","name":"Inclusive News","description":"Inclusive News","publisher":{"@id":"https:\/\/inclusivenews.com.br\/#organization"},"potentialAction":[{"@type":"SearchAction","target":{"@type":"EntryPoint","urlTemplate":"https:\/\/inclusivenews.com.br\/?s={search_term_string}"},"query-input":{"@type":"PropertyValueSpecification","valueRequired":true,"valueName":"search_term_string"}}],"inLanguage":"pt-PT"},{"@type":"Organization","@id":"https:\/\/inclusivenews.com.br\/#organization","name":"Inclusive - inclus\u00e3o e cidadania","url":"https:\/\/inclusivenews.com.br\/","logo":{"@type":"ImageObject","inLanguage":"pt-PT","@id":"https:\/\/inclusivenews.com.br\/#\/schema\/logo\/image\/","url":"https:\/\/inclusivenews.com.br\/wp-content\/uploads\/2024\/03\/@grandesite.png","contentUrl":"https:\/\/inclusivenews.com.br\/wp-content\/uploads\/2024\/03\/@grandesite.png","width":1080,"height":1080,"caption":"Inclusive - inclus\u00e3o e cidadania"},"image":{"@id":"https:\/\/inclusivenews.com.br\/#\/schema\/logo\/image\/"},"sameAs":["https:\/\/www.facebook.com\/agenciainclusive\/","https:\/\/www.instagram.com\/newsinclusive\/"]},{"@type":"Person","@id":"https:\/\/inclusivenews.com.br\/#\/schema\/person\/0dab492019871b94abb65fa8ee7c8c44","name":"Inclusive","image":{"@type":"ImageObject","inLanguage":"pt-PT","@id":"https:\/\/secure.gravatar.com\/avatar\/?s=96&d=mm&r=g","url":"https:\/\/secure.gravatar.com\/avatar\/?s=96&d=mm&r=g","contentUrl":"https:\/\/secure.gravatar.com\/avatar\/?s=96&d=mm&r=g","caption":"Inclusive"},"url":"https:\/\/inclusivenews.com.br\/?author=2"}]}},"_links":{"self":[{"href":"https:\/\/inclusivenews.com.br\/index.php?rest_route=\/wp\/v2\/posts\/6643","targetHints":{"allow":["GET"]}}],"collection":[{"href":"https:\/\/inclusivenews.com.br\/index.php?rest_route=\/wp\/v2\/posts"}],"about":[{"href":"https:\/\/inclusivenews.com.br\/index.php?rest_route=\/wp\/v2\/types\/post"}],"author":[{"embeddable":true,"href":"https:\/\/inclusivenews.com.br\/index.php?rest_route=\/wp\/v2\/users\/2"}],"replies":[{"embeddable":true,"href":"https:\/\/inclusivenews.com.br\/index.php?rest_route=%2Fwp%2Fv2%2Fcomments&post=6643"}],"version-history":[{"count":0,"href":"https:\/\/inclusivenews.com.br\/index.php?rest_route=\/wp\/v2\/posts\/6643\/revisions"}],"wp:attachment":[{"href":"https:\/\/inclusivenews.com.br\/index.php?rest_route=%2Fwp%2Fv2%2Fmedia&parent=6643"}],"wp:term":[{"taxonomy":"category","embeddable":true,"href":"https:\/\/inclusivenews.com.br\/index.php?rest_route=%2Fwp%2Fv2%2Fcategories&post=6643"},{"taxonomy":"post_tag","embeddable":true,"href":"https:\/\/inclusivenews.com.br\/index.php?rest_route=%2Fwp%2Fv2%2Ftags&post=6643"}],"curies":[{"name":"wp","href":"https:\/\/api.w.org\/{rel}","templated":true}]}}