{"id":6670,"date":"2009-04-02T00:45:21","date_gmt":"2009-04-02T00:45:21","guid":{"rendered":"http:\/\/agenciainclusive.wordpress.com\/?p=6670"},"modified":"2009-04-02T00:45:21","modified_gmt":"2009-04-02T00:45:21","slug":"forum-nacional-de-libras","status":"publish","type":"post","link":"https:\/\/inclusivenews.com.br\/?p=6670","title":{"rendered":"F\u00f3rum Nacional de Libras"},"content":{"rendered":"<p>A Faculdade CCAA estar\u00e1 sediando, dia 13 de maio, um debate acerca da segunda l\u00edngua mais falada do Brasil: a LIBRAS, L\u00edngua Brasileira de Sinais, reconhecida em 2002 pela Lei 10.432.<\/p>\n<p>O <strong>F\u00f3rum Nacional de LIBRAS<\/strong> reunir\u00e1 especialistas das maiores institui\u00e7\u00f5es dedicadas \u00e0 educa\u00e7\u00e3o de deficientes auditivos no Brasil, como o INES\/ Instituto Nacional de Educa\u00e7\u00e3o de Surdos e a Federa\u00e7\u00e3o Nacional de Educa\u00e7\u00e3o e Integra\u00e7\u00e3o dos Surdos\/- FENEIS.<\/p>\n<p>A Faculdade CCAA inclui a LIBRAS em suas Licenciaturas, seguindo a recomenda\u00e7\u00e3o da Confer\u00eancia Mundial sobre Educa\u00e7\u00e3o Para Todos (Tail\u00e2ndia\/90), que apontou a necessidade de formar professores engajados na luta pela educa\u00e7\u00e3o inclusiva. Hoje, at\u00e9 o Coral de nossa Faculdade CCAA desenvolve um projeto de &#8220;cantar&#8221; em LIBRAS.<\/p>\n<p>Participe. O evento \u00e9 gratuito.<\/p>\n<p>Lembre-se:<\/p>\n<p>Em todo o mundo, 42 milh\u00f5es de pessoas acima de 3 anos de idade s\u00e3o portadoras de defici\u00eancia auditiva.<br \/>\nNo Brasil, s\u00e3o cerca de 6 milh\u00f5es.<br \/>\nOs grupos de &#8220;ouvintes&#8221; que cercam cada um destes indiv\u00edduos (fam\u00edlia, amigos, educadores) tamb\u00e9m s\u00e3o obrigados a desenvolver formas de comunica\u00e7\u00e3o pr\u00f3pria com eles.<br \/>\nOs deficientes auditivos formam o terceiro maior grupo de pessoas com algum tipo de defici\u00eancia no pa\u00eds.<br \/>\nPortanto, o problema \u00e9 de todos n\u00f3s.<\/p>\n<p><strong>A seguir, a programa\u00e7\u00e3o:<\/strong><\/p>\n<p>09h &#8211; O Surdo Brasileiro Ap\u00f3s a Lei da L\u00edngua Brasileira de Sinais &#8211; LIBRAS (lei n\u00ba 10.436) e Decreto da LIBRAS (Decreto n\u00ba5.626\/2005).<br \/>\nPalestrante: Professor Nelson Pimenta de Castro &#8211; primeiro ator surdo, fundador da Editora LSB, docente da LIBRAS e graduado em Cinema.<\/p>\n<p>10h30 &#8211; O Papel do Profissional Tradutor Int\u00e9rprete da LIBRAS na Educa\u00e7\u00e3o: uma quest\u00e3o de identidade e representa\u00e7\u00e3o.<br \/>\nPalestrante: Professora Laura Jane M. Bel\u00e9m &#8211; docente da LIBRAS, atua em salas especiais no atendimento a alunos surdos e surdocegos.<\/p>\n<p>12h &#8211; Intervalo para almo\u00e7o<\/p>\n<p>14h &#8211; A L\u00edngua Brasileira de Sinais &#8211; LIBRAS e o Processo de Letramento do Surdo em L\u00edngua Portuguesa: Acesso e Paradigmas<br \/>\nPalestrante: Professora Mariana Gon\u00e7alves de Castro &#8211; Pedagoga, especialista em Educa\u00e7\u00e3o de Surdos e Surdocegueira pelo INES.<\/p>\n<p>15h &#8211; O Desafio Administrativo para a Socializa\u00e7\u00e3o Inclusiva do surdo no Universo Escolar.<br \/>\nPalestrante: Professor Ricardo Jorge A. P. Portela &#8211; Bacharel em Biologia e Odontologia com especializa\u00e7\u00e3o em Gest\u00e3o de Rede P\u00fablica. Diretor do Col\u00e9gio Estadual Equador, segunda institui\u00e7\u00e3o a receber o maior n\u00famero de alunos surdos em classes regulares.<\/p>\n<p>18h &#8211; Apresenta\u00e7\u00e3o Teatral da turma de Letras da Faculdade CCAA<\/p>\n<p>19h &#8211; O Instituto Nacional de Educa\u00e7\u00e3o de Surdos &#8211; INES: 151 anos de Hist\u00f3ria promovendo a Qualifica\u00e7\u00e3o Profissional do Surdo<br \/>\nPalestrante: Professora Sandra Alonso de Oliveira Pinto &#8211; Representante do INES<br \/>\nM\u00e3e de surdo, bacharel em fonoaudiologia pela UVA e em Direito pela Universidade Candido Mendes. \u00c9 p\u00f3s-graduada em Psicomotricidade pela Universidade Est\u00e1cio de S\u00e1, em Doc\u00eancia para o Ensino Superior pela Faculdade S\u00e3o Judas Tadeu e em Acupuntura e Eletroacupuntura pela Academia Brasileira de Arte e Ci\u00eancias Orientais &#8211; ABACO. \u00c9 professora e gestora para capacita\u00e7\u00e3o de professores pelo Instituto Nacional de Educa\u00e7\u00e3o de Surdos &#8211; INES-MEC e ministra palestras em semin\u00e1rios e f\u00f3runs sobre a capacita\u00e7\u00e3o profissional dos surdos em territ\u00f3rio nacional. Atualmente, ela ministra o Curso de Especializa\u00e7\u00e3o em Educa\u00e7\u00e3o Profissional Tecnol\u00f3gica Inclusiva, numa parceria entre INES e CEFET.<\/p>\n<p>20h &#8211; A Federa\u00e7\u00e3o Nacional de Educa\u00e7\u00e3o e Integra\u00e7\u00e3o dos Surdos &#8211; FENEIS e a inser\u00e7\u00e3o dos surdos no Mercado de Trabalho: A desconstru\u00e7\u00e3o da mentalidade de subemprego para os cidad\u00e3os surdos.<br \/>\nPalestrantes: Professor Fernando de Miranda Valverde &#8211; Surdo, traz um legado hist\u00f3rico de lutas e conquistas de direitos adquiridos da comunidade surda brasileira. Foi presidente da FENEIS, vice-presidente da Associa\u00e7\u00e3o dos Surdos do Rio de Janeiro &#8211; ASURJ e presidente do Conselho Consultivo na Federa\u00e7\u00e3o. Professor instrutor da LIBRAS e agente multiplicar da LIBRAS. Atualmente, vem desenvolvendo intensas atividades na promo\u00e7\u00e3o do conhecimento da LIBRAS como Coordenador do Setor de Comunica\u00e7\u00e3o &#8211; SECOM da FENEIS<br \/>\nEliane Gon\u00e7alves Martins de Sousa &#8211; Psic\u00f3loga formada pela Faculdade de Humanidades Pedro II. Atua no setor de Recursos Humanos da FENEIS. Vem desenvolvendo um intenso trabalho para efetivar a inser\u00e7\u00e3o do surdo no Mercado de Trabalho, com diversas atividades. Desenvolve atendimento personalizado psicossocial e psicopedag\u00f3gico, para procurar manter a qualidade do servi\u00e7o terceirizado junto \u00e0s diversas institui\u00e7\u00f5es e empresas que a FENEIS tem como parceira.<\/p>\n<p><strong>Local: Faculdade CCAA.<br \/>\nAv. Mal Rondon 1.460, Riachuelo \/ Rio de Janeiro.<br \/>\nDia: 13 de maio.<br \/>\nInforma\u00e7\u00f5es: (21) 2156-5000 \/ r.. 3022<\/strong><\/p>\n","protected":false},"excerpt":{"rendered":"<p>A Faculdade CCAA estar\u00e1 sediando, dia 13 de maio, um debate acerca da segunda l\u00edngua mais falada do Brasil: a LIBRAS, L\u00edngua Brasileira de Sinais, reconhecida em 2002 pela Lei 10.432. O F\u00f3rum Nacional de LIBRAS reunir\u00e1 especialistas das maiores institui\u00e7\u00f5es dedicadas \u00e0 educa\u00e7\u00e3o de deficientes auditivos no Brasil, como o INES\/ Instituto Nacional de [&hellip;]<\/p>\n","protected":false},"author":2,"featured_media":0,"comment_status":"open","ping_status":"open","sticky":false,"template":"","format":"standard","meta":{"site-container-style":"default","site-container-layout":"default","site-sidebar-layout":"default","disable-article-header":"default","disable-site-header":"default","disable-site-footer":"default","disable-content-area-spacing":"default","footnotes":""},"categories":[12],"tags":[],"class_list":["post-6670","post","type-post","status-publish","format-standard","hentry","category-cursos-e-eventos"],"yoast_head":"<!-- This site is optimized with the Yoast SEO plugin v27.4 - https:\/\/yoast.com\/product\/yoast-seo-wordpress\/ -->\n<title>F\u00f3rum Nacional de Libras -<\/title>\n<meta name=\"robots\" content=\"index, follow, max-snippet:-1, max-image-preview:large, max-video-preview:-1\" \/>\n<link rel=\"canonical\" href=\"https:\/\/inclusivenews.com.br\/?p=6670\" \/>\n<meta property=\"og:locale\" content=\"pt_PT\" \/>\n<meta property=\"og:type\" content=\"article\" \/>\n<meta property=\"og:title\" content=\"F\u00f3rum Nacional de Libras -\" \/>\n<meta property=\"og:description\" content=\"A Faculdade CCAA estar\u00e1 sediando, dia 13 de maio, um debate acerca da segunda l\u00edngua mais falada do Brasil: a LIBRAS, L\u00edngua Brasileira de Sinais, reconhecida em 2002 pela Lei 10.432. O F\u00f3rum Nacional de LIBRAS reunir\u00e1 especialistas das maiores institui\u00e7\u00f5es dedicadas \u00e0 educa\u00e7\u00e3o de deficientes auditivos no Brasil, como o INES\/ Instituto Nacional de [&hellip;]\" \/>\n<meta property=\"og:url\" content=\"https:\/\/inclusivenews.com.br\/?p=6670\" \/>\n<meta property=\"article:publisher\" content=\"https:\/\/www.facebook.com\/agenciainclusive\/\" \/>\n<meta property=\"article:published_time\" content=\"2009-04-02T00:45:21+00:00\" \/>\n<meta name=\"author\" content=\"Inclusive\" \/>\n<meta name=\"twitter:card\" content=\"summary_large_image\" \/>\n<meta name=\"twitter:label1\" content=\"Escrito por\" \/>\n\t<meta name=\"twitter:data1\" content=\"Inclusive\" \/>\n\t<meta name=\"twitter:label2\" content=\"Tempo estimado de leitura\" \/>\n\t<meta name=\"twitter:data2\" content=\"4 minutos\" \/>\n<script type=\"application\/ld+json\" class=\"yoast-schema-graph\">{\"@context\":\"https:\\\/\\\/schema.org\",\"@graph\":[{\"@type\":\"Article\",\"@id\":\"https:\\\/\\\/inclusivenews.com.br\\\/?p=6670#article\",\"isPartOf\":{\"@id\":\"https:\\\/\\\/inclusivenews.com.br\\\/?p=6670\"},\"author\":{\"name\":\"Inclusive\",\"@id\":\"https:\\\/\\\/inclusivenews.com.br\\\/#\\\/schema\\\/person\\\/0dab492019871b94abb65fa8ee7c8c44\"},\"headline\":\"F\u00f3rum Nacional de Libras\",\"datePublished\":\"2009-04-02T00:45:21+00:00\",\"mainEntityOfPage\":{\"@id\":\"https:\\\/\\\/inclusivenews.com.br\\\/?p=6670\"},\"wordCount\":792,\"commentCount\":5,\"publisher\":{\"@id\":\"https:\\\/\\\/inclusivenews.com.br\\\/#organization\"},\"articleSection\":[\"Cursos e eventos\"],\"inLanguage\":\"pt-PT\",\"potentialAction\":[{\"@type\":\"CommentAction\",\"name\":\"Comment\",\"target\":[\"https:\\\/\\\/inclusivenews.com.br\\\/?p=6670#respond\"]}]},{\"@type\":\"WebPage\",\"@id\":\"https:\\\/\\\/inclusivenews.com.br\\\/?p=6670\",\"url\":\"https:\\\/\\\/inclusivenews.com.br\\\/?p=6670\",\"name\":\"F\u00f3rum Nacional de Libras -\",\"isPartOf\":{\"@id\":\"https:\\\/\\\/inclusivenews.com.br\\\/#website\"},\"datePublished\":\"2009-04-02T00:45:21+00:00\",\"breadcrumb\":{\"@id\":\"https:\\\/\\\/inclusivenews.com.br\\\/?p=6670#breadcrumb\"},\"inLanguage\":\"pt-PT\",\"potentialAction\":[{\"@type\":\"ReadAction\",\"target\":[\"https:\\\/\\\/inclusivenews.com.br\\\/?p=6670\"]}]},{\"@type\":\"BreadcrumbList\",\"@id\":\"https:\\\/\\\/inclusivenews.com.br\\\/?p=6670#breadcrumb\",\"itemListElement\":[{\"@type\":\"ListItem\",\"position\":1,\"name\":\"In\u00edcio\",\"item\":\"https:\\\/\\\/inclusivenews.com.br\\\/\"},{\"@type\":\"ListItem\",\"position\":2,\"name\":\"F\u00f3rum Nacional de Libras\"}]},{\"@type\":\"WebSite\",\"@id\":\"https:\\\/\\\/inclusivenews.com.br\\\/#website\",\"url\":\"https:\\\/\\\/inclusivenews.com.br\\\/\",\"name\":\"Inclusive News\",\"description\":\"Inclusive News\",\"publisher\":{\"@id\":\"https:\\\/\\\/inclusivenews.com.br\\\/#organization\"},\"potentialAction\":[{\"@type\":\"SearchAction\",\"target\":{\"@type\":\"EntryPoint\",\"urlTemplate\":\"https:\\\/\\\/inclusivenews.com.br\\\/?s={search_term_string}\"},\"query-input\":{\"@type\":\"PropertyValueSpecification\",\"valueRequired\":true,\"valueName\":\"search_term_string\"}}],\"inLanguage\":\"pt-PT\"},{\"@type\":\"Organization\",\"@id\":\"https:\\\/\\\/inclusivenews.com.br\\\/#organization\",\"name\":\"Inclusive - inclus\u00e3o e cidadania\",\"url\":\"https:\\\/\\\/inclusivenews.com.br\\\/\",\"logo\":{\"@type\":\"ImageObject\",\"inLanguage\":\"pt-PT\",\"@id\":\"https:\\\/\\\/inclusivenews.com.br\\\/#\\\/schema\\\/logo\\\/image\\\/\",\"url\":\"https:\\\/\\\/inclusivenews.com.br\\\/wp-content\\\/uploads\\\/2024\\\/03\\\/@grandesite.png\",\"contentUrl\":\"https:\\\/\\\/inclusivenews.com.br\\\/wp-content\\\/uploads\\\/2024\\\/03\\\/@grandesite.png\",\"width\":1080,\"height\":1080,\"caption\":\"Inclusive - inclus\u00e3o e cidadania\"},\"image\":{\"@id\":\"https:\\\/\\\/inclusivenews.com.br\\\/#\\\/schema\\\/logo\\\/image\\\/\"},\"sameAs\":[\"https:\\\/\\\/www.facebook.com\\\/agenciainclusive\\\/\",\"https:\\\/\\\/www.instagram.com\\\/newsinclusive\\\/\"]},{\"@type\":\"Person\",\"@id\":\"https:\\\/\\\/inclusivenews.com.br\\\/#\\\/schema\\\/person\\\/0dab492019871b94abb65fa8ee7c8c44\",\"name\":\"Inclusive\",\"image\":{\"@type\":\"ImageObject\",\"inLanguage\":\"pt-PT\",\"@id\":\"https:\\\/\\\/secure.gravatar.com\\\/avatar\\\/?s=96&d=mm&r=g\",\"url\":\"https:\\\/\\\/secure.gravatar.com\\\/avatar\\\/?s=96&d=mm&r=g\",\"contentUrl\":\"https:\\\/\\\/secure.gravatar.com\\\/avatar\\\/?s=96&d=mm&r=g\",\"caption\":\"Inclusive\"},\"url\":\"https:\\\/\\\/inclusivenews.com.br\\\/?author=2\"}]}<\/script>\n<!-- \/ Yoast SEO plugin. -->","yoast_head_json":{"title":"F\u00f3rum Nacional de Libras -","robots":{"index":"index","follow":"follow","max-snippet":"max-snippet:-1","max-image-preview":"max-image-preview:large","max-video-preview":"max-video-preview:-1"},"canonical":"https:\/\/inclusivenews.com.br\/?p=6670","og_locale":"pt_PT","og_type":"article","og_title":"F\u00f3rum Nacional de Libras -","og_description":"A Faculdade CCAA estar\u00e1 sediando, dia 13 de maio, um debate acerca da segunda l\u00edngua mais falada do Brasil: a LIBRAS, L\u00edngua Brasileira de Sinais, reconhecida em 2002 pela Lei 10.432. O F\u00f3rum Nacional de LIBRAS reunir\u00e1 especialistas das maiores institui\u00e7\u00f5es dedicadas \u00e0 educa\u00e7\u00e3o de deficientes auditivos no Brasil, como o INES\/ Instituto Nacional de [&hellip;]","og_url":"https:\/\/inclusivenews.com.br\/?p=6670","article_publisher":"https:\/\/www.facebook.com\/agenciainclusive\/","article_published_time":"2009-04-02T00:45:21+00:00","author":"Inclusive","twitter_card":"summary_large_image","twitter_misc":{"Escrito por":"Inclusive","Tempo estimado de leitura":"4 minutos"},"schema":{"@context":"https:\/\/schema.org","@graph":[{"@type":"Article","@id":"https:\/\/inclusivenews.com.br\/?p=6670#article","isPartOf":{"@id":"https:\/\/inclusivenews.com.br\/?p=6670"},"author":{"name":"Inclusive","@id":"https:\/\/inclusivenews.com.br\/#\/schema\/person\/0dab492019871b94abb65fa8ee7c8c44"},"headline":"F\u00f3rum Nacional de Libras","datePublished":"2009-04-02T00:45:21+00:00","mainEntityOfPage":{"@id":"https:\/\/inclusivenews.com.br\/?p=6670"},"wordCount":792,"commentCount":5,"publisher":{"@id":"https:\/\/inclusivenews.com.br\/#organization"},"articleSection":["Cursos e eventos"],"inLanguage":"pt-PT","potentialAction":[{"@type":"CommentAction","name":"Comment","target":["https:\/\/inclusivenews.com.br\/?p=6670#respond"]}]},{"@type":"WebPage","@id":"https:\/\/inclusivenews.com.br\/?p=6670","url":"https:\/\/inclusivenews.com.br\/?p=6670","name":"F\u00f3rum Nacional de Libras -","isPartOf":{"@id":"https:\/\/inclusivenews.com.br\/#website"},"datePublished":"2009-04-02T00:45:21+00:00","breadcrumb":{"@id":"https:\/\/inclusivenews.com.br\/?p=6670#breadcrumb"},"inLanguage":"pt-PT","potentialAction":[{"@type":"ReadAction","target":["https:\/\/inclusivenews.com.br\/?p=6670"]}]},{"@type":"BreadcrumbList","@id":"https:\/\/inclusivenews.com.br\/?p=6670#breadcrumb","itemListElement":[{"@type":"ListItem","position":1,"name":"In\u00edcio","item":"https:\/\/inclusivenews.com.br\/"},{"@type":"ListItem","position":2,"name":"F\u00f3rum Nacional de Libras"}]},{"@type":"WebSite","@id":"https:\/\/inclusivenews.com.br\/#website","url":"https:\/\/inclusivenews.com.br\/","name":"Inclusive News","description":"Inclusive News","publisher":{"@id":"https:\/\/inclusivenews.com.br\/#organization"},"potentialAction":[{"@type":"SearchAction","target":{"@type":"EntryPoint","urlTemplate":"https:\/\/inclusivenews.com.br\/?s={search_term_string}"},"query-input":{"@type":"PropertyValueSpecification","valueRequired":true,"valueName":"search_term_string"}}],"inLanguage":"pt-PT"},{"@type":"Organization","@id":"https:\/\/inclusivenews.com.br\/#organization","name":"Inclusive - inclus\u00e3o e cidadania","url":"https:\/\/inclusivenews.com.br\/","logo":{"@type":"ImageObject","inLanguage":"pt-PT","@id":"https:\/\/inclusivenews.com.br\/#\/schema\/logo\/image\/","url":"https:\/\/inclusivenews.com.br\/wp-content\/uploads\/2024\/03\/@grandesite.png","contentUrl":"https:\/\/inclusivenews.com.br\/wp-content\/uploads\/2024\/03\/@grandesite.png","width":1080,"height":1080,"caption":"Inclusive - inclus\u00e3o e cidadania"},"image":{"@id":"https:\/\/inclusivenews.com.br\/#\/schema\/logo\/image\/"},"sameAs":["https:\/\/www.facebook.com\/agenciainclusive\/","https:\/\/www.instagram.com\/newsinclusive\/"]},{"@type":"Person","@id":"https:\/\/inclusivenews.com.br\/#\/schema\/person\/0dab492019871b94abb65fa8ee7c8c44","name":"Inclusive","image":{"@type":"ImageObject","inLanguage":"pt-PT","@id":"https:\/\/secure.gravatar.com\/avatar\/?s=96&d=mm&r=g","url":"https:\/\/secure.gravatar.com\/avatar\/?s=96&d=mm&r=g","contentUrl":"https:\/\/secure.gravatar.com\/avatar\/?s=96&d=mm&r=g","caption":"Inclusive"},"url":"https:\/\/inclusivenews.com.br\/?author=2"}]}},"_links":{"self":[{"href":"https:\/\/inclusivenews.com.br\/index.php?rest_route=\/wp\/v2\/posts\/6670","targetHints":{"allow":["GET"]}}],"collection":[{"href":"https:\/\/inclusivenews.com.br\/index.php?rest_route=\/wp\/v2\/posts"}],"about":[{"href":"https:\/\/inclusivenews.com.br\/index.php?rest_route=\/wp\/v2\/types\/post"}],"author":[{"embeddable":true,"href":"https:\/\/inclusivenews.com.br\/index.php?rest_route=\/wp\/v2\/users\/2"}],"replies":[{"embeddable":true,"href":"https:\/\/inclusivenews.com.br\/index.php?rest_route=%2Fwp%2Fv2%2Fcomments&post=6670"}],"version-history":[{"count":0,"href":"https:\/\/inclusivenews.com.br\/index.php?rest_route=\/wp\/v2\/posts\/6670\/revisions"}],"wp:attachment":[{"href":"https:\/\/inclusivenews.com.br\/index.php?rest_route=%2Fwp%2Fv2%2Fmedia&parent=6670"}],"wp:term":[{"taxonomy":"category","embeddable":true,"href":"https:\/\/inclusivenews.com.br\/index.php?rest_route=%2Fwp%2Fv2%2Fcategories&post=6670"},{"taxonomy":"post_tag","embeddable":true,"href":"https:\/\/inclusivenews.com.br\/index.php?rest_route=%2Fwp%2Fv2%2Ftags&post=6670"}],"curies":[{"name":"wp","href":"https:\/\/api.w.org\/{rel}","templated":true}]}}