{"id":689,"date":"2008-07-19T11:50:00","date_gmt":"2008-07-19T11:50:00","guid":{"rendered":"http:\/\/agenciainclusive.wordpress.com\/2008\/07\/19\/confira-o-que-carolina-fujihira-mediadora-do-site-carpe-diem-fala-sobre-a-sexualidade-das-pessoas-com-sindrome-de-down\/"},"modified":"2008-07-19T11:50:00","modified_gmt":"2008-07-19T11:50:00","slug":"confira-o-que-carolina-fujihira-mediadora-do-site-carpe-diem-fala-sobre-a-sexualidade-das-pessoas-com-sindrome-de-down","status":"publish","type":"post","link":"https:\/\/inclusivenews.com.br\/?p=689","title":{"rendered":"Confira o que Carolina Fujihira, mediadora do site Carpe Diem, fala sobre a sexualidade das pessoas com S\u00edndrome de Down"},"content":{"rendered":"<p><!-- START OF ACTIVEMETER CODE -->http:\/\/www.carpediem.org.br\/eventos.asp<\/p>\n<p align=\"justify\">As pessoas com S\u00edndrome de Down no mundo da sexualidade: este  foi o t\u00edtulo do trabalho que Bia Paiva e Thiago Rodrigues, clientes do Carpe  Diem, apresentaram no VII Congresso Brasileiro: Preven\u00e7\u00e3o das DST e Aids, que  aconteceu entre 25 a 28 de junho de 2008 em Florian\u00f3polis \/ SC.<\/p>\n<p align=\"justify\">Mais do que apresentarem argumentos que demonstravam a  import\u00e2ncia de pessoas com a defici\u00eancia intelectual poderem receber aten\u00e7\u00e3o no  campo da sexualidade, estavam literalmente presentes num evento que discutia o  cuidado com sexualidade. Estavam adentrando um mundo que pouco conhecia suas  exist\u00eancias. E posso dizer como testemunha, que puderam &#8220;dar seus recados&#8221; de  uma maneira doce e arrebatadora. Enquanto explicavam, cheios de boa vontade, os  p\u00f4sters a todos que l\u00e1 apareciam, ou quando apresentavam, cheios de orgulho,  suas palestras sob o palco, cansei de ouvir coment\u00e1rios do tipo: &#8220;Nossa! Vou ter  que rever meus valores!&#8221;.<\/p>\n<p align=\"justify\">&#8220;Se voc\u00eas podem beijar, por que eu n\u00e3o posso? Se voc\u00eas podem  namorar, por que eu n\u00e3o posso? Se voc\u00eas t\u00eam rela\u00e7\u00f5es sexuais, por que eu n\u00e3o? Me  sinto triste com isso!&#8221;. Foi o que Thiago disse a uma grande plat\u00e9ia.  &#8220;Sexualidade n\u00e3o \u00e9 privil\u00e9gio de quem n\u00e3o tem defici\u00eancia! Aprendi muito com o  Projeto Pipa e hoje eu namoro e estou aqui neste congresso falando para voc\u00eas!&#8221;.  Foi o que Bia falou para a mesma plat\u00e9ia.<\/p>\n<p align=\"justify\">Fazer as pessoas reverem seus valores, este foi o resultado que  Bia e Thiago alcan\u00e7aram nesta grande aventura \u00e0 Florian\u00f3polis. Aventura que  come\u00e7ou quase tr\u00eas meses antes do evento com a prepara\u00e7\u00e3o de tudo. Bia e Thiago  participaram de todo o processo: desde a inscri\u00e7\u00e3o no congresso at\u00e9 a elabora\u00e7\u00e3o  das apresenta\u00e7\u00f5es. Sem contar, \u00e9 claro, da grande ansiedade que antecedeu os  momentos de verificarmos a aceita\u00e7\u00e3o dos trabalhos inscritos e das bolsas  (financiamentos) que nos possibilitaram passagens a\u00e9reas e hospedagem.<\/p>\n<p align=\"justify\">Vivenciaram passo por passo. Suas apresenta\u00e7\u00f5es tamb\u00e9m foram  constru\u00eddas por eles. Discutimos muito em grupo de Cidadania tudo o que lhes era  importante no campo da sexualidade ap\u00f3s vivenciarem o Projeto Pipa: conquistas e  inc\u00f4modos. E a partir destas discuss\u00f5es elaboraram suas apresenta\u00e7\u00f5es. Contaram  com a ajuda das mediadoras apenas para melhor organizarem suas id\u00e9ias na  montagem dos slides no Power Point. Sabiam de suas responsabilidades como  representantes de seus colegas do Carpe Diem. E l\u00e1 fomos n\u00f3s de mala, cuia,  slides e p\u00f4sters&#8230;<\/p>\n<p align=\"justify\">Voltamos com uma bagagem ainda maior: encontros vividos que  marcaram a vida de muitos!<\/p>\n<p>Carolina Yuki Fujihira<br \/>\nMediadora do Carpe Diem<\/p>\n<p><a href=\"http:\/\/www.activemeter.com\/\" target=\"_blank\" rel=\"noopener\"> <img decoding=\"async\" src=\"http:\/\/am1.activemeter.com\/webtracker\/track.html?method=track&amp;pid=46224&amp;java=0\" border=\"0\" alt=\"Free Hit Counter\" \/><br \/>\n<\/a><br \/>\n<!-- END OF ACTIVEMETER CODE --><\/p>\n","protected":false},"excerpt":{"rendered":"<p>http:\/\/www.carpediem.org.br\/eventos.asp As pessoas com S\u00edndrome de Down no mundo da sexualidade: este foi o t\u00edtulo do trabalho que Bia Paiva e Thiago Rodrigues, clientes do Carpe Diem, apresentaram no VII Congresso Brasileiro: Preven\u00e7\u00e3o das DST e Aids, que aconteceu entre 25 a 28 de junho de 2008 em Florian\u00f3polis \/ SC. Mais do que apresentarem [&hellip;]<\/p>\n","protected":false},"author":2,"featured_media":0,"comment_status":"open","ping_status":"open","sticky":false,"template":"","format":"standard","meta":{"site-container-style":"default","site-container-layout":"default","site-sidebar-layout":"default","disable-article-header":"default","disable-site-header":"default","disable-site-footer":"default","disable-content-area-spacing":"default","footnotes":""},"categories":[4],"tags":[],"class_list":["post-689","post","type-post","status-publish","format-standard","hentry","category-noticias"],"yoast_head":"<!-- This site is optimized with the Yoast SEO plugin v27.4 - https:\/\/yoast.com\/product\/yoast-seo-wordpress\/ -->\n<title>Confira o que Carolina Fujihira, mediadora do site Carpe Diem, fala sobre a sexualidade das pessoas com S\u00edndrome de Down -<\/title>\n<meta name=\"robots\" content=\"index, follow, max-snippet:-1, max-image-preview:large, max-video-preview:-1\" \/>\n<link rel=\"canonical\" href=\"https:\/\/inclusivenews.com.br\/?p=689\" \/>\n<meta property=\"og:locale\" content=\"pt_PT\" \/>\n<meta property=\"og:type\" content=\"article\" \/>\n<meta property=\"og:title\" content=\"Confira o que Carolina Fujihira, mediadora do site Carpe Diem, fala sobre a sexualidade das pessoas com S\u00edndrome de Down -\" \/>\n<meta property=\"og:description\" content=\"http:\/\/www.carpediem.org.br\/eventos.asp As pessoas com S\u00edndrome de Down no mundo da sexualidade: este foi o t\u00edtulo do trabalho que Bia Paiva e Thiago Rodrigues, clientes do Carpe Diem, apresentaram no VII Congresso Brasileiro: Preven\u00e7\u00e3o das DST e Aids, que aconteceu entre 25 a 28 de junho de 2008 em Florian\u00f3polis \/ SC. Mais do que apresentarem [&hellip;]\" \/>\n<meta property=\"og:url\" content=\"https:\/\/inclusivenews.com.br\/?p=689\" \/>\n<meta property=\"article:publisher\" content=\"https:\/\/www.facebook.com\/agenciainclusive\/\" \/>\n<meta property=\"article:published_time\" content=\"2008-07-19T11:50:00+00:00\" \/>\n<meta property=\"og:image\" content=\"http:\/\/am1.activemeter.com\/webtracker\/track.html?method=track&amp;pid=46224&amp;java=0\" \/>\n<meta name=\"author\" content=\"Inclusive\" \/>\n<meta name=\"twitter:card\" content=\"summary_large_image\" \/>\n<meta name=\"twitter:label1\" content=\"Escrito por\" \/>\n\t<meta name=\"twitter:data1\" content=\"Inclusive\" \/>\n\t<meta name=\"twitter:label2\" content=\"Tempo estimado de leitura\" \/>\n\t<meta name=\"twitter:data2\" content=\"2 minutos\" \/>\n<script type=\"application\/ld+json\" class=\"yoast-schema-graph\">{\"@context\":\"https:\\\/\\\/schema.org\",\"@graph\":[{\"@type\":\"Article\",\"@id\":\"https:\\\/\\\/inclusivenews.com.br\\\/?p=689#article\",\"isPartOf\":{\"@id\":\"https:\\\/\\\/inclusivenews.com.br\\\/?p=689\"},\"author\":{\"name\":\"Inclusive\",\"@id\":\"https:\\\/\\\/inclusivenews.com.br\\\/#\\\/schema\\\/person\\\/0dab492019871b94abb65fa8ee7c8c44\"},\"headline\":\"Confira o que Carolina Fujihira, mediadora do site Carpe Diem, fala sobre a sexualidade das pessoas com S\u00edndrome de Down\",\"datePublished\":\"2008-07-19T11:50:00+00:00\",\"mainEntityOfPage\":{\"@id\":\"https:\\\/\\\/inclusivenews.com.br\\\/?p=689\"},\"wordCount\":474,\"commentCount\":0,\"publisher\":{\"@id\":\"https:\\\/\\\/inclusivenews.com.br\\\/#organization\"},\"image\":{\"@id\":\"https:\\\/\\\/inclusivenews.com.br\\\/?p=689#primaryimage\"},\"thumbnailUrl\":\"http:\\\/\\\/am1.activemeter.com\\\/webtracker\\\/track.html?method=track&amp;pid=46224&amp;java=0\",\"articleSection\":[\"NOT\u00cdCIAS\"],\"inLanguage\":\"pt-PT\",\"potentialAction\":[{\"@type\":\"CommentAction\",\"name\":\"Comment\",\"target\":[\"https:\\\/\\\/inclusivenews.com.br\\\/?p=689#respond\"]}]},{\"@type\":\"WebPage\",\"@id\":\"https:\\\/\\\/inclusivenews.com.br\\\/?p=689\",\"url\":\"https:\\\/\\\/inclusivenews.com.br\\\/?p=689\",\"name\":\"Confira o que Carolina Fujihira, mediadora do site Carpe Diem, fala sobre a sexualidade das pessoas com S\u00edndrome de Down -\",\"isPartOf\":{\"@id\":\"https:\\\/\\\/inclusivenews.com.br\\\/#website\"},\"primaryImageOfPage\":{\"@id\":\"https:\\\/\\\/inclusivenews.com.br\\\/?p=689#primaryimage\"},\"image\":{\"@id\":\"https:\\\/\\\/inclusivenews.com.br\\\/?p=689#primaryimage\"},\"thumbnailUrl\":\"http:\\\/\\\/am1.activemeter.com\\\/webtracker\\\/track.html?method=track&amp;pid=46224&amp;java=0\",\"datePublished\":\"2008-07-19T11:50:00+00:00\",\"breadcrumb\":{\"@id\":\"https:\\\/\\\/inclusivenews.com.br\\\/?p=689#breadcrumb\"},\"inLanguage\":\"pt-PT\",\"potentialAction\":[{\"@type\":\"ReadAction\",\"target\":[\"https:\\\/\\\/inclusivenews.com.br\\\/?p=689\"]}]},{\"@type\":\"ImageObject\",\"inLanguage\":\"pt-PT\",\"@id\":\"https:\\\/\\\/inclusivenews.com.br\\\/?p=689#primaryimage\",\"url\":\"http:\\\/\\\/am1.activemeter.com\\\/webtracker\\\/track.html?method=track&amp;pid=46224&amp;java=0\",\"contentUrl\":\"http:\\\/\\\/am1.activemeter.com\\\/webtracker\\\/track.html?method=track&amp;pid=46224&amp;java=0\"},{\"@type\":\"BreadcrumbList\",\"@id\":\"https:\\\/\\\/inclusivenews.com.br\\\/?p=689#breadcrumb\",\"itemListElement\":[{\"@type\":\"ListItem\",\"position\":1,\"name\":\"In\u00edcio\",\"item\":\"https:\\\/\\\/inclusivenews.com.br\\\/\"},{\"@type\":\"ListItem\",\"position\":2,\"name\":\"Confira o que Carolina Fujihira, mediadora do site Carpe Diem, fala sobre a sexualidade das pessoas com S\u00edndrome de Down\"}]},{\"@type\":\"WebSite\",\"@id\":\"https:\\\/\\\/inclusivenews.com.br\\\/#website\",\"url\":\"https:\\\/\\\/inclusivenews.com.br\\\/\",\"name\":\"Inclusive News\",\"description\":\"Inclusive News\",\"publisher\":{\"@id\":\"https:\\\/\\\/inclusivenews.com.br\\\/#organization\"},\"potentialAction\":[{\"@type\":\"SearchAction\",\"target\":{\"@type\":\"EntryPoint\",\"urlTemplate\":\"https:\\\/\\\/inclusivenews.com.br\\\/?s={search_term_string}\"},\"query-input\":{\"@type\":\"PropertyValueSpecification\",\"valueRequired\":true,\"valueName\":\"search_term_string\"}}],\"inLanguage\":\"pt-PT\"},{\"@type\":\"Organization\",\"@id\":\"https:\\\/\\\/inclusivenews.com.br\\\/#organization\",\"name\":\"Inclusive - inclus\u00e3o e cidadania\",\"url\":\"https:\\\/\\\/inclusivenews.com.br\\\/\",\"logo\":{\"@type\":\"ImageObject\",\"inLanguage\":\"pt-PT\",\"@id\":\"https:\\\/\\\/inclusivenews.com.br\\\/#\\\/schema\\\/logo\\\/image\\\/\",\"url\":\"https:\\\/\\\/inclusivenews.com.br\\\/wp-content\\\/uploads\\\/2024\\\/03\\\/@grandesite.png\",\"contentUrl\":\"https:\\\/\\\/inclusivenews.com.br\\\/wp-content\\\/uploads\\\/2024\\\/03\\\/@grandesite.png\",\"width\":1080,\"height\":1080,\"caption\":\"Inclusive - inclus\u00e3o e cidadania\"},\"image\":{\"@id\":\"https:\\\/\\\/inclusivenews.com.br\\\/#\\\/schema\\\/logo\\\/image\\\/\"},\"sameAs\":[\"https:\\\/\\\/www.facebook.com\\\/agenciainclusive\\\/\",\"https:\\\/\\\/www.instagram.com\\\/newsinclusive\\\/\"]},{\"@type\":\"Person\",\"@id\":\"https:\\\/\\\/inclusivenews.com.br\\\/#\\\/schema\\\/person\\\/0dab492019871b94abb65fa8ee7c8c44\",\"name\":\"Inclusive\",\"image\":{\"@type\":\"ImageObject\",\"inLanguage\":\"pt-PT\",\"@id\":\"https:\\\/\\\/secure.gravatar.com\\\/avatar\\\/?s=96&d=mm&r=g\",\"url\":\"https:\\\/\\\/secure.gravatar.com\\\/avatar\\\/?s=96&d=mm&r=g\",\"contentUrl\":\"https:\\\/\\\/secure.gravatar.com\\\/avatar\\\/?s=96&d=mm&r=g\",\"caption\":\"Inclusive\"},\"url\":\"https:\\\/\\\/inclusivenews.com.br\\\/?author=2\"}]}<\/script>\n<!-- \/ Yoast SEO plugin. -->","yoast_head_json":{"title":"Confira o que Carolina Fujihira, mediadora do site Carpe Diem, fala sobre a sexualidade das pessoas com S\u00edndrome de Down -","robots":{"index":"index","follow":"follow","max-snippet":"max-snippet:-1","max-image-preview":"max-image-preview:large","max-video-preview":"max-video-preview:-1"},"canonical":"https:\/\/inclusivenews.com.br\/?p=689","og_locale":"pt_PT","og_type":"article","og_title":"Confira o que Carolina Fujihira, mediadora do site Carpe Diem, fala sobre a sexualidade das pessoas com S\u00edndrome de Down -","og_description":"http:\/\/www.carpediem.org.br\/eventos.asp As pessoas com S\u00edndrome de Down no mundo da sexualidade: este foi o t\u00edtulo do trabalho que Bia Paiva e Thiago Rodrigues, clientes do Carpe Diem, apresentaram no VII Congresso Brasileiro: Preven\u00e7\u00e3o das DST e Aids, que aconteceu entre 25 a 28 de junho de 2008 em Florian\u00f3polis \/ SC. Mais do que apresentarem [&hellip;]","og_url":"https:\/\/inclusivenews.com.br\/?p=689","article_publisher":"https:\/\/www.facebook.com\/agenciainclusive\/","article_published_time":"2008-07-19T11:50:00+00:00","og_image":[{"url":"http:\/\/am1.activemeter.com\/webtracker\/track.html?method=track&amp;pid=46224&amp;java=0","type":"","width":"","height":""}],"author":"Inclusive","twitter_card":"summary_large_image","twitter_misc":{"Escrito por":"Inclusive","Tempo estimado de leitura":"2 minutos"},"schema":{"@context":"https:\/\/schema.org","@graph":[{"@type":"Article","@id":"https:\/\/inclusivenews.com.br\/?p=689#article","isPartOf":{"@id":"https:\/\/inclusivenews.com.br\/?p=689"},"author":{"name":"Inclusive","@id":"https:\/\/inclusivenews.com.br\/#\/schema\/person\/0dab492019871b94abb65fa8ee7c8c44"},"headline":"Confira o que Carolina Fujihira, mediadora do site Carpe Diem, fala sobre a sexualidade das pessoas com S\u00edndrome de Down","datePublished":"2008-07-19T11:50:00+00:00","mainEntityOfPage":{"@id":"https:\/\/inclusivenews.com.br\/?p=689"},"wordCount":474,"commentCount":0,"publisher":{"@id":"https:\/\/inclusivenews.com.br\/#organization"},"image":{"@id":"https:\/\/inclusivenews.com.br\/?p=689#primaryimage"},"thumbnailUrl":"http:\/\/am1.activemeter.com\/webtracker\/track.html?method=track&amp;pid=46224&amp;java=0","articleSection":["NOT\u00cdCIAS"],"inLanguage":"pt-PT","potentialAction":[{"@type":"CommentAction","name":"Comment","target":["https:\/\/inclusivenews.com.br\/?p=689#respond"]}]},{"@type":"WebPage","@id":"https:\/\/inclusivenews.com.br\/?p=689","url":"https:\/\/inclusivenews.com.br\/?p=689","name":"Confira o que Carolina Fujihira, mediadora do site Carpe Diem, fala sobre a sexualidade das pessoas com S\u00edndrome de Down -","isPartOf":{"@id":"https:\/\/inclusivenews.com.br\/#website"},"primaryImageOfPage":{"@id":"https:\/\/inclusivenews.com.br\/?p=689#primaryimage"},"image":{"@id":"https:\/\/inclusivenews.com.br\/?p=689#primaryimage"},"thumbnailUrl":"http:\/\/am1.activemeter.com\/webtracker\/track.html?method=track&amp;pid=46224&amp;java=0","datePublished":"2008-07-19T11:50:00+00:00","breadcrumb":{"@id":"https:\/\/inclusivenews.com.br\/?p=689#breadcrumb"},"inLanguage":"pt-PT","potentialAction":[{"@type":"ReadAction","target":["https:\/\/inclusivenews.com.br\/?p=689"]}]},{"@type":"ImageObject","inLanguage":"pt-PT","@id":"https:\/\/inclusivenews.com.br\/?p=689#primaryimage","url":"http:\/\/am1.activemeter.com\/webtracker\/track.html?method=track&amp;pid=46224&amp;java=0","contentUrl":"http:\/\/am1.activemeter.com\/webtracker\/track.html?method=track&amp;pid=46224&amp;java=0"},{"@type":"BreadcrumbList","@id":"https:\/\/inclusivenews.com.br\/?p=689#breadcrumb","itemListElement":[{"@type":"ListItem","position":1,"name":"In\u00edcio","item":"https:\/\/inclusivenews.com.br\/"},{"@type":"ListItem","position":2,"name":"Confira o que Carolina Fujihira, mediadora do site Carpe Diem, fala sobre a sexualidade das pessoas com S\u00edndrome de Down"}]},{"@type":"WebSite","@id":"https:\/\/inclusivenews.com.br\/#website","url":"https:\/\/inclusivenews.com.br\/","name":"Inclusive News","description":"Inclusive News","publisher":{"@id":"https:\/\/inclusivenews.com.br\/#organization"},"potentialAction":[{"@type":"SearchAction","target":{"@type":"EntryPoint","urlTemplate":"https:\/\/inclusivenews.com.br\/?s={search_term_string}"},"query-input":{"@type":"PropertyValueSpecification","valueRequired":true,"valueName":"search_term_string"}}],"inLanguage":"pt-PT"},{"@type":"Organization","@id":"https:\/\/inclusivenews.com.br\/#organization","name":"Inclusive - inclus\u00e3o e cidadania","url":"https:\/\/inclusivenews.com.br\/","logo":{"@type":"ImageObject","inLanguage":"pt-PT","@id":"https:\/\/inclusivenews.com.br\/#\/schema\/logo\/image\/","url":"https:\/\/inclusivenews.com.br\/wp-content\/uploads\/2024\/03\/@grandesite.png","contentUrl":"https:\/\/inclusivenews.com.br\/wp-content\/uploads\/2024\/03\/@grandesite.png","width":1080,"height":1080,"caption":"Inclusive - inclus\u00e3o e cidadania"},"image":{"@id":"https:\/\/inclusivenews.com.br\/#\/schema\/logo\/image\/"},"sameAs":["https:\/\/www.facebook.com\/agenciainclusive\/","https:\/\/www.instagram.com\/newsinclusive\/"]},{"@type":"Person","@id":"https:\/\/inclusivenews.com.br\/#\/schema\/person\/0dab492019871b94abb65fa8ee7c8c44","name":"Inclusive","image":{"@type":"ImageObject","inLanguage":"pt-PT","@id":"https:\/\/secure.gravatar.com\/avatar\/?s=96&d=mm&r=g","url":"https:\/\/secure.gravatar.com\/avatar\/?s=96&d=mm&r=g","contentUrl":"https:\/\/secure.gravatar.com\/avatar\/?s=96&d=mm&r=g","caption":"Inclusive"},"url":"https:\/\/inclusivenews.com.br\/?author=2"}]}},"_links":{"self":[{"href":"https:\/\/inclusivenews.com.br\/index.php?rest_route=\/wp\/v2\/posts\/689","targetHints":{"allow":["GET"]}}],"collection":[{"href":"https:\/\/inclusivenews.com.br\/index.php?rest_route=\/wp\/v2\/posts"}],"about":[{"href":"https:\/\/inclusivenews.com.br\/index.php?rest_route=\/wp\/v2\/types\/post"}],"author":[{"embeddable":true,"href":"https:\/\/inclusivenews.com.br\/index.php?rest_route=\/wp\/v2\/users\/2"}],"replies":[{"embeddable":true,"href":"https:\/\/inclusivenews.com.br\/index.php?rest_route=%2Fwp%2Fv2%2Fcomments&post=689"}],"version-history":[{"count":0,"href":"https:\/\/inclusivenews.com.br\/index.php?rest_route=\/wp\/v2\/posts\/689\/revisions"}],"wp:attachment":[{"href":"https:\/\/inclusivenews.com.br\/index.php?rest_route=%2Fwp%2Fv2%2Fmedia&parent=689"}],"wp:term":[{"taxonomy":"category","embeddable":true,"href":"https:\/\/inclusivenews.com.br\/index.php?rest_route=%2Fwp%2Fv2%2Fcategories&post=689"},{"taxonomy":"post_tag","embeddable":true,"href":"https:\/\/inclusivenews.com.br\/index.php?rest_route=%2Fwp%2Fv2%2Ftags&post=689"}],"curies":[{"name":"wp","href":"https:\/\/api.w.org\/{rel}","templated":true}]}}