{"id":6918,"date":"2009-04-14T11:25:53","date_gmt":"2009-04-14T11:25:53","guid":{"rendered":"http:\/\/agenciainclusive.wordpress.com\/?p=6918"},"modified":"2009-04-14T11:25:53","modified_gmt":"2009-04-14T11:25:53","slug":"as-gemeas-cantoras-e-o-menino-que-sonhava-jogar-futebol-imaginario-de-professores-sobre-inclusao-escolar","status":"publish","type":"post","link":"https:\/\/inclusivenews.com.br\/?p=6918","title":{"rendered":"As g\u00eameas cantoras e o menino que sonhava jogar futebol: imagin\u00e1rio de professores sobre inclus\u00e3o escolar"},"content":{"rendered":"<p>As g\u00eameas cantoras e o menino que sonhava jogar futebol: imagin\u00e1rio de professores sobre inclus\u00e3o escolar, por Camila Ferreira de Avila. Pontif\u00edcia Universidade Cat\u00f3lica de Campinas.<\/p>\n<p><a href=\"http:\/\/www.bibliotecadigital.puc-campinas.edu.br\/tde_busca\/arquivo.php?codArquivo=430\" target=\"_blank\" rel=\"noopener\">Link para download.<\/a><\/p>\n<p><strong>RESUMO\/ABSTRACT<\/strong><\/p>\n<p>O presente trabalho teve como objetivo a investiga\u00e7\u00e3o psicanal\u00edtica de professores do ensino superior sobre inclus\u00e3o escolar. Foi organizado metodologicamente pela realiza\u00e7\u00e3o de uma consulta terap\u00eautica coletiva, durante a qual o Procedimento de Desenhos-Est\u00f3rias com Tema \u00e9 usado como mediador dial\u00f3gico na abordagem de doze docentes, dos cursos de Letras e Pedagogia, que se encarregam da forma\u00e7\u00e3o de professores de n\u00edvel fundamental e m\u00e9dio. O acontecer cl\u00ednico permitiu a elabora\u00e7\u00e3o de uma narrativa e a produ\u00e7\u00e3o de doze desenhos-est\u00f3rias, originando material cl\u00ednico que foi analisado \u00e0 luz do m\u00e9todo psicanal\u00edtico. Foram captados quatro campos: o menino de sua m\u00e3e, (in) capacidades, onde est\u00e1 Wally? e a dor e a del\u00edcia. Em seu conjunto, tais campos indicaram que o professor sofre quando se defronta com a problem\u00e1tica da defici\u00eancia e com a tarefa de incluir.<\/p>\n","protected":false},"excerpt":{"rendered":"<p>As g\u00eameas cantoras e o menino que sonhava jogar futebol: imagin\u00e1rio de professores sobre inclus\u00e3o escolar, por Camila Ferreira de Avila. Pontif\u00edcia Universidade Cat\u00f3lica de Campinas. Link para download. RESUMO\/ABSTRACT O presente trabalho teve como objetivo a investiga\u00e7\u00e3o psicanal\u00edtica de professores do ensino superior sobre inclus\u00e3o escolar. Foi organizado metodologicamente pela realiza\u00e7\u00e3o de uma consulta [&hellip;]<\/p>\n","protected":false},"author":2,"featured_media":0,"comment_status":"open","ping_status":"open","sticky":false,"template":"","format":"standard","meta":{"site-container-style":"default","site-container-layout":"default","site-sidebar-layout":"default","disable-article-header":"default","disable-site-header":"default","disable-site-footer":"default","disable-content-area-spacing":"default","footnotes":""},"categories":[4,24],"tags":[],"class_list":["post-6918","post","type-post","status-publish","format-standard","hentry","category-noticias","category-producao-academica"],"yoast_head":"<!-- This site is optimized with the Yoast SEO plugin v27.4 - https:\/\/yoast.com\/product\/yoast-seo-wordpress\/ -->\n<title>As g\u00eameas cantoras e o menino que sonhava jogar futebol: imagin\u00e1rio de professores sobre inclus\u00e3o escolar -<\/title>\n<meta name=\"robots\" content=\"index, follow, max-snippet:-1, max-image-preview:large, max-video-preview:-1\" \/>\n<link rel=\"canonical\" href=\"https:\/\/inclusivenews.com.br\/?p=6918\" \/>\n<meta property=\"og:locale\" content=\"pt_PT\" \/>\n<meta property=\"og:type\" content=\"article\" \/>\n<meta property=\"og:title\" content=\"As g\u00eameas cantoras e o menino que sonhava jogar futebol: imagin\u00e1rio de professores sobre inclus\u00e3o escolar -\" \/>\n<meta property=\"og:description\" content=\"As g\u00eameas cantoras e o menino que sonhava jogar futebol: imagin\u00e1rio de professores sobre inclus\u00e3o escolar, por Camila Ferreira de Avila. Pontif\u00edcia Universidade Cat\u00f3lica de Campinas. Link para download. RESUMO\/ABSTRACT O presente trabalho teve como objetivo a investiga\u00e7\u00e3o psicanal\u00edtica de professores do ensino superior sobre inclus\u00e3o escolar. Foi organizado metodologicamente pela realiza\u00e7\u00e3o de uma consulta [&hellip;]\" \/>\n<meta property=\"og:url\" content=\"https:\/\/inclusivenews.com.br\/?p=6918\" \/>\n<meta property=\"article:publisher\" content=\"https:\/\/www.facebook.com\/agenciainclusive\/\" \/>\n<meta property=\"article:published_time\" content=\"2009-04-14T11:25:53+00:00\" \/>\n<meta name=\"author\" content=\"Inclusive\" \/>\n<meta name=\"twitter:card\" content=\"summary_large_image\" \/>\n<meta name=\"twitter:label1\" content=\"Escrito por\" \/>\n\t<meta name=\"twitter:data1\" content=\"Inclusive\" \/>\n\t<meta name=\"twitter:label2\" content=\"Tempo estimado de leitura\" \/>\n\t<meta name=\"twitter:data2\" content=\"1 minuto\" \/>\n<script type=\"application\/ld+json\" class=\"yoast-schema-graph\">{\"@context\":\"https:\\\/\\\/schema.org\",\"@graph\":[{\"@type\":\"Article\",\"@id\":\"https:\\\/\\\/inclusivenews.com.br\\\/?p=6918#article\",\"isPartOf\":{\"@id\":\"https:\\\/\\\/inclusivenews.com.br\\\/?p=6918\"},\"author\":{\"name\":\"Inclusive\",\"@id\":\"https:\\\/\\\/inclusivenews.com.br\\\/#\\\/schema\\\/person\\\/0dab492019871b94abb65fa8ee7c8c44\"},\"headline\":\"As g\u00eameas cantoras e o menino que sonhava jogar futebol: imagin\u00e1rio de professores sobre inclus\u00e3o escolar\",\"datePublished\":\"2009-04-14T11:25:53+00:00\",\"mainEntityOfPage\":{\"@id\":\"https:\\\/\\\/inclusivenews.com.br\\\/?p=6918\"},\"wordCount\":208,\"commentCount\":0,\"publisher\":{\"@id\":\"https:\\\/\\\/inclusivenews.com.br\\\/#organization\"},\"articleSection\":[\"NOT\u00cdCIAS\",\"Produ\u00e7\u00e3o acad\u00eamica\"],\"inLanguage\":\"pt-PT\",\"potentialAction\":[{\"@type\":\"CommentAction\",\"name\":\"Comment\",\"target\":[\"https:\\\/\\\/inclusivenews.com.br\\\/?p=6918#respond\"]}]},{\"@type\":\"WebPage\",\"@id\":\"https:\\\/\\\/inclusivenews.com.br\\\/?p=6918\",\"url\":\"https:\\\/\\\/inclusivenews.com.br\\\/?p=6918\",\"name\":\"As g\u00eameas cantoras e o menino que sonhava jogar futebol: imagin\u00e1rio de professores sobre inclus\u00e3o escolar -\",\"isPartOf\":{\"@id\":\"https:\\\/\\\/inclusivenews.com.br\\\/#website\"},\"datePublished\":\"2009-04-14T11:25:53+00:00\",\"breadcrumb\":{\"@id\":\"https:\\\/\\\/inclusivenews.com.br\\\/?p=6918#breadcrumb\"},\"inLanguage\":\"pt-PT\",\"potentialAction\":[{\"@type\":\"ReadAction\",\"target\":[\"https:\\\/\\\/inclusivenews.com.br\\\/?p=6918\"]}]},{\"@type\":\"BreadcrumbList\",\"@id\":\"https:\\\/\\\/inclusivenews.com.br\\\/?p=6918#breadcrumb\",\"itemListElement\":[{\"@type\":\"ListItem\",\"position\":1,\"name\":\"In\u00edcio\",\"item\":\"https:\\\/\\\/inclusivenews.com.br\\\/\"},{\"@type\":\"ListItem\",\"position\":2,\"name\":\"As g\u00eameas cantoras e o menino que sonhava jogar futebol: imagin\u00e1rio de professores sobre inclus\u00e3o escolar\"}]},{\"@type\":\"WebSite\",\"@id\":\"https:\\\/\\\/inclusivenews.com.br\\\/#website\",\"url\":\"https:\\\/\\\/inclusivenews.com.br\\\/\",\"name\":\"Inclusive News\",\"description\":\"Inclusive News\",\"publisher\":{\"@id\":\"https:\\\/\\\/inclusivenews.com.br\\\/#organization\"},\"potentialAction\":[{\"@type\":\"SearchAction\",\"target\":{\"@type\":\"EntryPoint\",\"urlTemplate\":\"https:\\\/\\\/inclusivenews.com.br\\\/?s={search_term_string}\"},\"query-input\":{\"@type\":\"PropertyValueSpecification\",\"valueRequired\":true,\"valueName\":\"search_term_string\"}}],\"inLanguage\":\"pt-PT\"},{\"@type\":\"Organization\",\"@id\":\"https:\\\/\\\/inclusivenews.com.br\\\/#organization\",\"name\":\"Inclusive - inclus\u00e3o e cidadania\",\"url\":\"https:\\\/\\\/inclusivenews.com.br\\\/\",\"logo\":{\"@type\":\"ImageObject\",\"inLanguage\":\"pt-PT\",\"@id\":\"https:\\\/\\\/inclusivenews.com.br\\\/#\\\/schema\\\/logo\\\/image\\\/\",\"url\":\"https:\\\/\\\/inclusivenews.com.br\\\/wp-content\\\/uploads\\\/2024\\\/03\\\/@grandesite.png\",\"contentUrl\":\"https:\\\/\\\/inclusivenews.com.br\\\/wp-content\\\/uploads\\\/2024\\\/03\\\/@grandesite.png\",\"width\":1080,\"height\":1080,\"caption\":\"Inclusive - inclus\u00e3o e cidadania\"},\"image\":{\"@id\":\"https:\\\/\\\/inclusivenews.com.br\\\/#\\\/schema\\\/logo\\\/image\\\/\"},\"sameAs\":[\"https:\\\/\\\/www.facebook.com\\\/agenciainclusive\\\/\",\"https:\\\/\\\/www.instagram.com\\\/newsinclusive\\\/\"]},{\"@type\":\"Person\",\"@id\":\"https:\\\/\\\/inclusivenews.com.br\\\/#\\\/schema\\\/person\\\/0dab492019871b94abb65fa8ee7c8c44\",\"name\":\"Inclusive\",\"image\":{\"@type\":\"ImageObject\",\"inLanguage\":\"pt-PT\",\"@id\":\"https:\\\/\\\/secure.gravatar.com\\\/avatar\\\/?s=96&d=mm&r=g\",\"url\":\"https:\\\/\\\/secure.gravatar.com\\\/avatar\\\/?s=96&d=mm&r=g\",\"contentUrl\":\"https:\\\/\\\/secure.gravatar.com\\\/avatar\\\/?s=96&d=mm&r=g\",\"caption\":\"Inclusive\"},\"url\":\"https:\\\/\\\/inclusivenews.com.br\\\/?author=2\"}]}<\/script>\n<!-- \/ Yoast SEO plugin. -->","yoast_head_json":{"title":"As g\u00eameas cantoras e o menino que sonhava jogar futebol: imagin\u00e1rio de professores sobre inclus\u00e3o escolar -","robots":{"index":"index","follow":"follow","max-snippet":"max-snippet:-1","max-image-preview":"max-image-preview:large","max-video-preview":"max-video-preview:-1"},"canonical":"https:\/\/inclusivenews.com.br\/?p=6918","og_locale":"pt_PT","og_type":"article","og_title":"As g\u00eameas cantoras e o menino que sonhava jogar futebol: imagin\u00e1rio de professores sobre inclus\u00e3o escolar -","og_description":"As g\u00eameas cantoras e o menino que sonhava jogar futebol: imagin\u00e1rio de professores sobre inclus\u00e3o escolar, por Camila Ferreira de Avila. Pontif\u00edcia Universidade Cat\u00f3lica de Campinas. Link para download. RESUMO\/ABSTRACT O presente trabalho teve como objetivo a investiga\u00e7\u00e3o psicanal\u00edtica de professores do ensino superior sobre inclus\u00e3o escolar. Foi organizado metodologicamente pela realiza\u00e7\u00e3o de uma consulta [&hellip;]","og_url":"https:\/\/inclusivenews.com.br\/?p=6918","article_publisher":"https:\/\/www.facebook.com\/agenciainclusive\/","article_published_time":"2009-04-14T11:25:53+00:00","author":"Inclusive","twitter_card":"summary_large_image","twitter_misc":{"Escrito por":"Inclusive","Tempo estimado de leitura":"1 minuto"},"schema":{"@context":"https:\/\/schema.org","@graph":[{"@type":"Article","@id":"https:\/\/inclusivenews.com.br\/?p=6918#article","isPartOf":{"@id":"https:\/\/inclusivenews.com.br\/?p=6918"},"author":{"name":"Inclusive","@id":"https:\/\/inclusivenews.com.br\/#\/schema\/person\/0dab492019871b94abb65fa8ee7c8c44"},"headline":"As g\u00eameas cantoras e o menino que sonhava jogar futebol: imagin\u00e1rio de professores sobre inclus\u00e3o escolar","datePublished":"2009-04-14T11:25:53+00:00","mainEntityOfPage":{"@id":"https:\/\/inclusivenews.com.br\/?p=6918"},"wordCount":208,"commentCount":0,"publisher":{"@id":"https:\/\/inclusivenews.com.br\/#organization"},"articleSection":["NOT\u00cdCIAS","Produ\u00e7\u00e3o acad\u00eamica"],"inLanguage":"pt-PT","potentialAction":[{"@type":"CommentAction","name":"Comment","target":["https:\/\/inclusivenews.com.br\/?p=6918#respond"]}]},{"@type":"WebPage","@id":"https:\/\/inclusivenews.com.br\/?p=6918","url":"https:\/\/inclusivenews.com.br\/?p=6918","name":"As g\u00eameas cantoras e o menino que sonhava jogar futebol: imagin\u00e1rio de professores sobre inclus\u00e3o escolar -","isPartOf":{"@id":"https:\/\/inclusivenews.com.br\/#website"},"datePublished":"2009-04-14T11:25:53+00:00","breadcrumb":{"@id":"https:\/\/inclusivenews.com.br\/?p=6918#breadcrumb"},"inLanguage":"pt-PT","potentialAction":[{"@type":"ReadAction","target":["https:\/\/inclusivenews.com.br\/?p=6918"]}]},{"@type":"BreadcrumbList","@id":"https:\/\/inclusivenews.com.br\/?p=6918#breadcrumb","itemListElement":[{"@type":"ListItem","position":1,"name":"In\u00edcio","item":"https:\/\/inclusivenews.com.br\/"},{"@type":"ListItem","position":2,"name":"As g\u00eameas cantoras e o menino que sonhava jogar futebol: imagin\u00e1rio de professores sobre inclus\u00e3o escolar"}]},{"@type":"WebSite","@id":"https:\/\/inclusivenews.com.br\/#website","url":"https:\/\/inclusivenews.com.br\/","name":"Inclusive News","description":"Inclusive News","publisher":{"@id":"https:\/\/inclusivenews.com.br\/#organization"},"potentialAction":[{"@type":"SearchAction","target":{"@type":"EntryPoint","urlTemplate":"https:\/\/inclusivenews.com.br\/?s={search_term_string}"},"query-input":{"@type":"PropertyValueSpecification","valueRequired":true,"valueName":"search_term_string"}}],"inLanguage":"pt-PT"},{"@type":"Organization","@id":"https:\/\/inclusivenews.com.br\/#organization","name":"Inclusive - inclus\u00e3o e cidadania","url":"https:\/\/inclusivenews.com.br\/","logo":{"@type":"ImageObject","inLanguage":"pt-PT","@id":"https:\/\/inclusivenews.com.br\/#\/schema\/logo\/image\/","url":"https:\/\/inclusivenews.com.br\/wp-content\/uploads\/2024\/03\/@grandesite.png","contentUrl":"https:\/\/inclusivenews.com.br\/wp-content\/uploads\/2024\/03\/@grandesite.png","width":1080,"height":1080,"caption":"Inclusive - inclus\u00e3o e cidadania"},"image":{"@id":"https:\/\/inclusivenews.com.br\/#\/schema\/logo\/image\/"},"sameAs":["https:\/\/www.facebook.com\/agenciainclusive\/","https:\/\/www.instagram.com\/newsinclusive\/"]},{"@type":"Person","@id":"https:\/\/inclusivenews.com.br\/#\/schema\/person\/0dab492019871b94abb65fa8ee7c8c44","name":"Inclusive","image":{"@type":"ImageObject","inLanguage":"pt-PT","@id":"https:\/\/secure.gravatar.com\/avatar\/?s=96&d=mm&r=g","url":"https:\/\/secure.gravatar.com\/avatar\/?s=96&d=mm&r=g","contentUrl":"https:\/\/secure.gravatar.com\/avatar\/?s=96&d=mm&r=g","caption":"Inclusive"},"url":"https:\/\/inclusivenews.com.br\/?author=2"}]}},"_links":{"self":[{"href":"https:\/\/inclusivenews.com.br\/index.php?rest_route=\/wp\/v2\/posts\/6918","targetHints":{"allow":["GET"]}}],"collection":[{"href":"https:\/\/inclusivenews.com.br\/index.php?rest_route=\/wp\/v2\/posts"}],"about":[{"href":"https:\/\/inclusivenews.com.br\/index.php?rest_route=\/wp\/v2\/types\/post"}],"author":[{"embeddable":true,"href":"https:\/\/inclusivenews.com.br\/index.php?rest_route=\/wp\/v2\/users\/2"}],"replies":[{"embeddable":true,"href":"https:\/\/inclusivenews.com.br\/index.php?rest_route=%2Fwp%2Fv2%2Fcomments&post=6918"}],"version-history":[{"count":0,"href":"https:\/\/inclusivenews.com.br\/index.php?rest_route=\/wp\/v2\/posts\/6918\/revisions"}],"wp:attachment":[{"href":"https:\/\/inclusivenews.com.br\/index.php?rest_route=%2Fwp%2Fv2%2Fmedia&parent=6918"}],"wp:term":[{"taxonomy":"category","embeddable":true,"href":"https:\/\/inclusivenews.com.br\/index.php?rest_route=%2Fwp%2Fv2%2Fcategories&post=6918"},{"taxonomy":"post_tag","embeddable":true,"href":"https:\/\/inclusivenews.com.br\/index.php?rest_route=%2Fwp%2Fv2%2Ftags&post=6918"}],"curies":[{"name":"wp","href":"https:\/\/api.w.org\/{rel}","templated":true}]}}