{"id":6920,"date":"2009-04-14T14:18:43","date_gmt":"2009-04-14T14:18:43","guid":{"rendered":"http:\/\/agenciainclusive.wordpress.com\/?p=6920"},"modified":"2009-04-14T14:18:43","modified_gmt":"2009-04-14T14:18:43","slug":"mulher-de-102-anos-se-arrisca-em-meio-as-pedras","status":"publish","type":"post","link":"https:\/\/inclusivenews.com.br\/?p=6920","title":{"rendered":"Mulher de 102 anos se arrisca em meio \u00e0s pedras"},"content":{"rendered":"<p>Trechos de ruas n\u00e3o pavimentadas trazem transtornos aos moradores do Bairro Santa Cruz, regi\u00e3o oeste de Cascavel. Dificuldades que tornam tarefas do dia-a-dia cada vez mais complicadas. Idosos e pessoas com defici\u00eancias sofrem pela falta de infraestrutura.<br \/>\nPedras soltas em um trecho da Rua Coroados inibiram os passeios da aposentada Ana Tom\u00e9. Com 102 anos de idade, esbanja sa\u00fade e disposi\u00e7\u00e3o, mas, ap\u00f3s cair quatro vezes sobre o cascalho e se ferir, ela decidiu permanecer em casa. \u201c\u00c9 escorregadio. Somente saio de casa quando preciso me consultar. Mas gosto de fazer visitas. Sempre vou \u00e0 casa das minhas irm\u00e3s\u201d.<br \/>\nNum pequeno barraco de madeira, a idosa mora h\u00e1 d\u00e9cadas. Divide o espa\u00e7o com um filho, que sempre a acompanha. Quando veio a Cascavel ela dedicou a for\u00e7a ao trabalho de boia-fria. \u201cAjudava nas ro\u00e7adas. Hoje est\u00e1 tudo muito diferente, Cascavel est\u00e1 mais bonita. Sempre fui pobre demais, mas isso nunca foi problema\u201d.<br \/>\nValetas com quase dois metros de profundidade foram provocadas pela \u00e1gua da chuva nas quadras sem pavimento da Rua Suyas. A situa\u00e7\u00e3o se agrava para quem tem defici\u00eancia f\u00edsica. A dona de casa Edinalva Ol\u00edmpio dedica a vida para a cria\u00e7\u00e3o de um filho de 30 anos que n\u00e3o tem movimento nas pernas. Tr\u00eas vezes por semana ela percorre 15 quadras empurrando a cadeira de rodas para que ele n\u00e3o perca o tratamento de fisioterapia. Metade do trajeto \u00e9 em estrada de ch\u00e3o. \u201cVou sempre a p\u00e9. N\u00e3o temos carro e o \u00f4nibus demora a passar. Levo 20 minutos empurrando a cadeira. N\u00e3o aguento mais de dor nas costas\u201d, confessa.<\/p>\n<p>LIGA\u00c7\u00c3O<br \/>\nCondi\u00e7\u00f5es de pinguela geram reclama\u00e7\u00e3o<br \/>\nUma pinguela improvisada com toras de madeira divide a Rua Tamoios, entre os Bairros Santa Cruz e Alto Alegre. Algumas t\u00e1buas ca\u00edram com a falta de manuten\u00e7\u00e3o. Sem prote\u00e7\u00e3o alguma, os pedestres se arriscam para cortar caminho. \u201cAntes faziam limpezas aqui. Mas agora ningu\u00e9m aparece mais. Vou come\u00e7ar a ro\u00e7ar, mas sozinho n\u00e3o consigo limpar tudo\u201d, reclama G\u00eanesis Teixeira Batista, aposentado.<br \/>\nNo fundo de vale, onde passa o C\u00f3rrego Bezerra, moradias foram erguidas irregularmente. Lixos despejados nas ruas param na \u00e1gua.<br \/>\nDependentes qu\u00edmicos usam o matagal como ref\u00fagio para satisfazer o v\u00edcio. \u201c\u00c9 muito perigoso, evito sair de casa quando escurece. Muitos desocupados ficam ali por perto\u201d, lembra Ana Maria Winck, dona de casa, que mora h\u00e1 30 anos na Rua Tamoios. Desde ent\u00e3o aguarda a pavimenta\u00e7\u00e3o da via.<br \/>\nAos 67 anos, G\u00eanesis Teixeira Batista, mineiro nascido em Fidel\u00e2ndia, n\u00e3o se cansa de batalhar por melhorias na rua. Pai de 17 filhos, com idade entre cinco e 26 anos, acompanhou o desenvolvimento do lugar. \u201cTrabalhei muito para os outros. Fazia ro\u00e7adas em uma empreiteira. Tem muita coisa para se fazer aqui, mas gosto de onde vivo\u201d, diz Gen\u00easis.<br \/>\nA Rua Krahos \u00e9 uma das poucas com pavimenta\u00e7\u00e3o completa. \u201cAqui me parece ser muito bom. Vim em busca de oportunidades, sou do Mato Grosso. Quero trabalhar. A minha m\u00e3e j\u00e1 mora aqui h\u00e1 cinco anos e acha bem seguro\u201d, diz G\u00e9rlis Oliveira, aut\u00f4nomo.<\/p>\n<p>O QUE ACHA DE SUA RUA?<br \/>\n\u201cMoro na Rua Suyas h\u00e1 28 anos. O problema \u00e9 a falta de asfalto. A situa\u00e7\u00e3o est\u00e1 ruim hoje, mas j\u00e1 foi bem pior. O meu pai arruma como d\u00e1 a frente de casa, sen\u00e3o a valeta j\u00e1 tinha tomado conta, porque a faz um ano que a prefeitura n\u00e3o passa a patrola aqui. Mesmo com os reparos, para entrar em casa hoje temos de vir da esquina beirando o muro ou passar da casa, ir at\u00e9 o vizinho de cima e depois voltar por onde deveria ser a cal\u00e7ada\u201d<br \/>\nSandro Perin, mec\u00e2nico industrial<\/p>\n<p>\u201cComo sempre, o problema da Rua Tamoios \u00e9 a falta de asfalto. Eles [prefeitura] passaram a patrola aqui essa semana, mas fizeram um servi\u00e7o muito ruim, se pelos menos colocassem cascalho, deixassem bem arrumado&#8230; Outro problema \u00e9 que a terra que tiraram na rua foi jogada em um terreno baldio que os moradores da rua mant\u00eam limpo. Dali, a terra vai para o bueiro e depois dizem que \u00e9 o povo que entope bueiro. A gente vota esperando que vai mudar e nada acontece. At\u00e9 aceitamos pagar pelo asfalto\u201d<br \/>\nVal\u00e9ria Macei\u00f3, dona de casa<\/p>\n<p>\u201cEstamos h\u00e1 cinco anos na Rua Krahos e logo que mudamos come\u00e7aram a fazer o asfalto. No come\u00e7o era horr\u00edvel, para entrar em casa t\u00ednhamos que vir beirando o muro da vizinha e quando chovia a enxurrada descia levando tudo o que encontrava pela frente. Com o t\u00e9rmino do asfalto valorizou muito a rua. Gostamos muito de morar aqui, temos uma vista privilegiada da cidade, durante a noite \u00e9 lindo. Tamb\u00e9m tivemos um problema com um poste de ilumina\u00e7\u00e3o p\u00fablica, mas de tanto ligar no 156 eles vieram arrumar\u201d.<br \/>\nJos\u00e9 Carlos de Oliveira, encarregado de manuten\u00e7\u00e3o<\/p>\n<p>Percurso<br \/>\nAs quatro ruas s\u00e3o paralelas entre si e com a Avenida Brasil. Elas est\u00e3o localizadas no extremo norte do Bairro Santa Cruz e permitem a travessia de leste a oeste. A Rua Tamoios \u00e9 a \u00fanica rua cujo percurso segue para outro bairro. Ap\u00f3s a Rua Xavantes, a via segue por mais tr\u00eas quadras no Bairro Alto Alegre, terminando na Rua Antonio Jos\u00e9 Elias.<\/p>\n<p>\u00cdNDIOS<br \/>\nHomenagens \u00e0s tribos e termos ind\u00edgenas<br \/>\nComo caracter\u00edsticas do Bairro Santa Cruz, as quatro ruas desta edi\u00e7\u00e3o se referem a tribos ind\u00edgenas e a dois termos usados para identificar os \u00edndios. A Krah\u00f4 habita o Tocantins e, segundo a Funasa, sua popula\u00e7\u00e3o \u00e9 de 2.184 \u00edndios. Os integrantes dessa tribo t\u00eam bastante contato com o n\u00e3o-\u00edndio, cuja rela\u00e7\u00e3o j\u00e1 dura dois s\u00e9culos. O hist\u00f3rico dos Krah\u00f4 \u00e9 marcado por reviravoltas entre sua origem e o mundo \u201ccivilizado\u201d.<br \/>\nA tribo Suy\u00e1 vive em duas aldeias no Parque Nacional do Xingu, no Mato Grosso, e subsistem de ca\u00e7a, pesca e agricultura. Na d\u00e9cada de 1950 os Suy\u00e1 eram temidos por outros grupos ind\u00edgenas, mas com o tempo foram se miscigenando e j\u00e1 dominam a l\u00edngua portuguesa.<br \/>\nTamoio n\u00e3o se refere a uma tribo espec\u00edfica, mas \u00e0 alian\u00e7a de povos que falavam a l\u00edngua tupi e habitavam os estados de S\u00e3o Paulo e Rio de Janeiro. As tribos que compunham o grupo dos tamoios eram Tupinamb\u00e1, Guaianares, Aimor\u00e9s e Temimin\u00f3s.<br \/>\nCoroados \u00e9 um termo institu\u00eddo pelos portugueses para se referir aos \u00edndios de determinadas filia\u00e7\u00f5es lingu\u00edsticas ou regi\u00f5es geogr\u00e1ficas. Sua origem veio do h\u00e1bito de tais tribos usarem coroas de pluma na cabe\u00e7a. Os coroados s\u00e3o os caigangues, de S\u00e3o Paulo, Paran\u00e1 e Rio Grande do Sul, os caiap\u00f3, bororo, corop\u00f3, puri e xerente, do norte do Mato Grosso.<br \/>\nNa grafia dos logradouros, h\u00e1 algumas diverg\u00eancias em rela\u00e7\u00e3o ao nome correto da tribo. Na lei, as Ruas Suyas e Kraho est\u00e3o diferentes dos termos originais, Suy\u00e1 e Krah\u00f4.<\/p>\n<p>Fonte: <a href=\"http:\/\/www.jhoje.com.br\/14042009\/local.php\">http:\/\/www.jhoje.com.br\/14042009\/local.php<\/a><\/p>\n","protected":false},"excerpt":{"rendered":"<p>Trechos de ruas n\u00e3o pavimentadas trazem transtornos aos moradores do Bairro Santa Cruz, regi\u00e3o oeste de Cascavel. Dificuldades que tornam tarefas do dia-a-dia cada vez mais complicadas. Idosos e pessoas com defici\u00eancias sofrem pela falta de infraestrutura. Pedras soltas em um trecho da Rua Coroados inibiram os passeios da aposentada Ana Tom\u00e9. Com 102 anos [&hellip;]<\/p>\n","protected":false},"author":2,"featured_media":0,"comment_status":"open","ping_status":"open","sticky":false,"template":"","format":"standard","meta":{"site-container-style":"default","site-container-layout":"default","site-sidebar-layout":"default","disable-article-header":"default","disable-site-header":"default","disable-site-footer":"default","disable-content-area-spacing":"default","footnotes":""},"categories":[4],"tags":[],"class_list":["post-6920","post","type-post","status-publish","format-standard","hentry","category-noticias"],"yoast_head":"<!-- This site is optimized with the Yoast SEO plugin v27.4 - https:\/\/yoast.com\/product\/yoast-seo-wordpress\/ -->\n<title>Mulher de 102 anos se arrisca em meio \u00e0s pedras -<\/title>\n<meta name=\"robots\" content=\"index, follow, max-snippet:-1, max-image-preview:large, max-video-preview:-1\" \/>\n<link rel=\"canonical\" href=\"https:\/\/inclusivenews.com.br\/?p=6920\" \/>\n<meta property=\"og:locale\" content=\"pt_PT\" \/>\n<meta property=\"og:type\" content=\"article\" \/>\n<meta property=\"og:title\" content=\"Mulher de 102 anos se arrisca em meio \u00e0s pedras -\" \/>\n<meta property=\"og:description\" content=\"Trechos de ruas n\u00e3o pavimentadas trazem transtornos aos moradores do Bairro Santa Cruz, regi\u00e3o oeste de Cascavel. Dificuldades que tornam tarefas do dia-a-dia cada vez mais complicadas. Idosos e pessoas com defici\u00eancias sofrem pela falta de infraestrutura. Pedras soltas em um trecho da Rua Coroados inibiram os passeios da aposentada Ana Tom\u00e9. Com 102 anos [&hellip;]\" \/>\n<meta property=\"og:url\" content=\"https:\/\/inclusivenews.com.br\/?p=6920\" \/>\n<meta property=\"article:publisher\" content=\"https:\/\/www.facebook.com\/agenciainclusive\/\" \/>\n<meta property=\"article:published_time\" content=\"2009-04-14T14:18:43+00:00\" \/>\n<meta name=\"author\" content=\"Inclusive\" \/>\n<meta name=\"twitter:card\" content=\"summary_large_image\" \/>\n<meta name=\"twitter:label1\" content=\"Escrito por\" \/>\n\t<meta name=\"twitter:data1\" content=\"Inclusive\" \/>\n\t<meta name=\"twitter:label2\" content=\"Tempo estimado de leitura\" \/>\n\t<meta name=\"twitter:data2\" content=\"6 minutos\" \/>\n<script type=\"application\/ld+json\" class=\"yoast-schema-graph\">{\"@context\":\"https:\\\/\\\/schema.org\",\"@graph\":[{\"@type\":\"Article\",\"@id\":\"https:\\\/\\\/inclusivenews.com.br\\\/?p=6920#article\",\"isPartOf\":{\"@id\":\"https:\\\/\\\/inclusivenews.com.br\\\/?p=6920\"},\"author\":{\"name\":\"Inclusive\",\"@id\":\"https:\\\/\\\/inclusivenews.com.br\\\/#\\\/schema\\\/person\\\/0dab492019871b94abb65fa8ee7c8c44\"},\"headline\":\"Mulher de 102 anos se arrisca em meio \u00e0s pedras\",\"datePublished\":\"2009-04-14T14:18:43+00:00\",\"mainEntityOfPage\":{\"@id\":\"https:\\\/\\\/inclusivenews.com.br\\\/?p=6920\"},\"wordCount\":1205,\"commentCount\":0,\"publisher\":{\"@id\":\"https:\\\/\\\/inclusivenews.com.br\\\/#organization\"},\"articleSection\":[\"NOT\u00cdCIAS\"],\"inLanguage\":\"pt-PT\",\"potentialAction\":[{\"@type\":\"CommentAction\",\"name\":\"Comment\",\"target\":[\"https:\\\/\\\/inclusivenews.com.br\\\/?p=6920#respond\"]}]},{\"@type\":\"WebPage\",\"@id\":\"https:\\\/\\\/inclusivenews.com.br\\\/?p=6920\",\"url\":\"https:\\\/\\\/inclusivenews.com.br\\\/?p=6920\",\"name\":\"Mulher de 102 anos se arrisca em meio \u00e0s pedras -\",\"isPartOf\":{\"@id\":\"https:\\\/\\\/inclusivenews.com.br\\\/#website\"},\"datePublished\":\"2009-04-14T14:18:43+00:00\",\"breadcrumb\":{\"@id\":\"https:\\\/\\\/inclusivenews.com.br\\\/?p=6920#breadcrumb\"},\"inLanguage\":\"pt-PT\",\"potentialAction\":[{\"@type\":\"ReadAction\",\"target\":[\"https:\\\/\\\/inclusivenews.com.br\\\/?p=6920\"]}]},{\"@type\":\"BreadcrumbList\",\"@id\":\"https:\\\/\\\/inclusivenews.com.br\\\/?p=6920#breadcrumb\",\"itemListElement\":[{\"@type\":\"ListItem\",\"position\":1,\"name\":\"In\u00edcio\",\"item\":\"https:\\\/\\\/inclusivenews.com.br\\\/\"},{\"@type\":\"ListItem\",\"position\":2,\"name\":\"Mulher de 102 anos se arrisca em meio \u00e0s pedras\"}]},{\"@type\":\"WebSite\",\"@id\":\"https:\\\/\\\/inclusivenews.com.br\\\/#website\",\"url\":\"https:\\\/\\\/inclusivenews.com.br\\\/\",\"name\":\"Inclusive News\",\"description\":\"Inclusive News\",\"publisher\":{\"@id\":\"https:\\\/\\\/inclusivenews.com.br\\\/#organization\"},\"potentialAction\":[{\"@type\":\"SearchAction\",\"target\":{\"@type\":\"EntryPoint\",\"urlTemplate\":\"https:\\\/\\\/inclusivenews.com.br\\\/?s={search_term_string}\"},\"query-input\":{\"@type\":\"PropertyValueSpecification\",\"valueRequired\":true,\"valueName\":\"search_term_string\"}}],\"inLanguage\":\"pt-PT\"},{\"@type\":\"Organization\",\"@id\":\"https:\\\/\\\/inclusivenews.com.br\\\/#organization\",\"name\":\"Inclusive - inclus\u00e3o e cidadania\",\"url\":\"https:\\\/\\\/inclusivenews.com.br\\\/\",\"logo\":{\"@type\":\"ImageObject\",\"inLanguage\":\"pt-PT\",\"@id\":\"https:\\\/\\\/inclusivenews.com.br\\\/#\\\/schema\\\/logo\\\/image\\\/\",\"url\":\"https:\\\/\\\/inclusivenews.com.br\\\/wp-content\\\/uploads\\\/2024\\\/03\\\/@grandesite.png\",\"contentUrl\":\"https:\\\/\\\/inclusivenews.com.br\\\/wp-content\\\/uploads\\\/2024\\\/03\\\/@grandesite.png\",\"width\":1080,\"height\":1080,\"caption\":\"Inclusive - inclus\u00e3o e cidadania\"},\"image\":{\"@id\":\"https:\\\/\\\/inclusivenews.com.br\\\/#\\\/schema\\\/logo\\\/image\\\/\"},\"sameAs\":[\"https:\\\/\\\/www.facebook.com\\\/agenciainclusive\\\/\",\"https:\\\/\\\/www.instagram.com\\\/newsinclusive\\\/\"]},{\"@type\":\"Person\",\"@id\":\"https:\\\/\\\/inclusivenews.com.br\\\/#\\\/schema\\\/person\\\/0dab492019871b94abb65fa8ee7c8c44\",\"name\":\"Inclusive\",\"image\":{\"@type\":\"ImageObject\",\"inLanguage\":\"pt-PT\",\"@id\":\"https:\\\/\\\/secure.gravatar.com\\\/avatar\\\/?s=96&d=mm&r=g\",\"url\":\"https:\\\/\\\/secure.gravatar.com\\\/avatar\\\/?s=96&d=mm&r=g\",\"contentUrl\":\"https:\\\/\\\/secure.gravatar.com\\\/avatar\\\/?s=96&d=mm&r=g\",\"caption\":\"Inclusive\"},\"url\":\"https:\\\/\\\/inclusivenews.com.br\\\/?author=2\"}]}<\/script>\n<!-- \/ Yoast SEO plugin. -->","yoast_head_json":{"title":"Mulher de 102 anos se arrisca em meio \u00e0s pedras -","robots":{"index":"index","follow":"follow","max-snippet":"max-snippet:-1","max-image-preview":"max-image-preview:large","max-video-preview":"max-video-preview:-1"},"canonical":"https:\/\/inclusivenews.com.br\/?p=6920","og_locale":"pt_PT","og_type":"article","og_title":"Mulher de 102 anos se arrisca em meio \u00e0s pedras -","og_description":"Trechos de ruas n\u00e3o pavimentadas trazem transtornos aos moradores do Bairro Santa Cruz, regi\u00e3o oeste de Cascavel. Dificuldades que tornam tarefas do dia-a-dia cada vez mais complicadas. Idosos e pessoas com defici\u00eancias sofrem pela falta de infraestrutura. Pedras soltas em um trecho da Rua Coroados inibiram os passeios da aposentada Ana Tom\u00e9. Com 102 anos [&hellip;]","og_url":"https:\/\/inclusivenews.com.br\/?p=6920","article_publisher":"https:\/\/www.facebook.com\/agenciainclusive\/","article_published_time":"2009-04-14T14:18:43+00:00","author":"Inclusive","twitter_card":"summary_large_image","twitter_misc":{"Escrito por":"Inclusive","Tempo estimado de leitura":"6 minutos"},"schema":{"@context":"https:\/\/schema.org","@graph":[{"@type":"Article","@id":"https:\/\/inclusivenews.com.br\/?p=6920#article","isPartOf":{"@id":"https:\/\/inclusivenews.com.br\/?p=6920"},"author":{"name":"Inclusive","@id":"https:\/\/inclusivenews.com.br\/#\/schema\/person\/0dab492019871b94abb65fa8ee7c8c44"},"headline":"Mulher de 102 anos se arrisca em meio \u00e0s pedras","datePublished":"2009-04-14T14:18:43+00:00","mainEntityOfPage":{"@id":"https:\/\/inclusivenews.com.br\/?p=6920"},"wordCount":1205,"commentCount":0,"publisher":{"@id":"https:\/\/inclusivenews.com.br\/#organization"},"articleSection":["NOT\u00cdCIAS"],"inLanguage":"pt-PT","potentialAction":[{"@type":"CommentAction","name":"Comment","target":["https:\/\/inclusivenews.com.br\/?p=6920#respond"]}]},{"@type":"WebPage","@id":"https:\/\/inclusivenews.com.br\/?p=6920","url":"https:\/\/inclusivenews.com.br\/?p=6920","name":"Mulher de 102 anos se arrisca em meio \u00e0s pedras -","isPartOf":{"@id":"https:\/\/inclusivenews.com.br\/#website"},"datePublished":"2009-04-14T14:18:43+00:00","breadcrumb":{"@id":"https:\/\/inclusivenews.com.br\/?p=6920#breadcrumb"},"inLanguage":"pt-PT","potentialAction":[{"@type":"ReadAction","target":["https:\/\/inclusivenews.com.br\/?p=6920"]}]},{"@type":"BreadcrumbList","@id":"https:\/\/inclusivenews.com.br\/?p=6920#breadcrumb","itemListElement":[{"@type":"ListItem","position":1,"name":"In\u00edcio","item":"https:\/\/inclusivenews.com.br\/"},{"@type":"ListItem","position":2,"name":"Mulher de 102 anos se arrisca em meio \u00e0s pedras"}]},{"@type":"WebSite","@id":"https:\/\/inclusivenews.com.br\/#website","url":"https:\/\/inclusivenews.com.br\/","name":"Inclusive News","description":"Inclusive News","publisher":{"@id":"https:\/\/inclusivenews.com.br\/#organization"},"potentialAction":[{"@type":"SearchAction","target":{"@type":"EntryPoint","urlTemplate":"https:\/\/inclusivenews.com.br\/?s={search_term_string}"},"query-input":{"@type":"PropertyValueSpecification","valueRequired":true,"valueName":"search_term_string"}}],"inLanguage":"pt-PT"},{"@type":"Organization","@id":"https:\/\/inclusivenews.com.br\/#organization","name":"Inclusive - inclus\u00e3o e cidadania","url":"https:\/\/inclusivenews.com.br\/","logo":{"@type":"ImageObject","inLanguage":"pt-PT","@id":"https:\/\/inclusivenews.com.br\/#\/schema\/logo\/image\/","url":"https:\/\/inclusivenews.com.br\/wp-content\/uploads\/2024\/03\/@grandesite.png","contentUrl":"https:\/\/inclusivenews.com.br\/wp-content\/uploads\/2024\/03\/@grandesite.png","width":1080,"height":1080,"caption":"Inclusive - inclus\u00e3o e cidadania"},"image":{"@id":"https:\/\/inclusivenews.com.br\/#\/schema\/logo\/image\/"},"sameAs":["https:\/\/www.facebook.com\/agenciainclusive\/","https:\/\/www.instagram.com\/newsinclusive\/"]},{"@type":"Person","@id":"https:\/\/inclusivenews.com.br\/#\/schema\/person\/0dab492019871b94abb65fa8ee7c8c44","name":"Inclusive","image":{"@type":"ImageObject","inLanguage":"pt-PT","@id":"https:\/\/secure.gravatar.com\/avatar\/?s=96&d=mm&r=g","url":"https:\/\/secure.gravatar.com\/avatar\/?s=96&d=mm&r=g","contentUrl":"https:\/\/secure.gravatar.com\/avatar\/?s=96&d=mm&r=g","caption":"Inclusive"},"url":"https:\/\/inclusivenews.com.br\/?author=2"}]}},"_links":{"self":[{"href":"https:\/\/inclusivenews.com.br\/index.php?rest_route=\/wp\/v2\/posts\/6920","targetHints":{"allow":["GET"]}}],"collection":[{"href":"https:\/\/inclusivenews.com.br\/index.php?rest_route=\/wp\/v2\/posts"}],"about":[{"href":"https:\/\/inclusivenews.com.br\/index.php?rest_route=\/wp\/v2\/types\/post"}],"author":[{"embeddable":true,"href":"https:\/\/inclusivenews.com.br\/index.php?rest_route=\/wp\/v2\/users\/2"}],"replies":[{"embeddable":true,"href":"https:\/\/inclusivenews.com.br\/index.php?rest_route=%2Fwp%2Fv2%2Fcomments&post=6920"}],"version-history":[{"count":0,"href":"https:\/\/inclusivenews.com.br\/index.php?rest_route=\/wp\/v2\/posts\/6920\/revisions"}],"wp:attachment":[{"href":"https:\/\/inclusivenews.com.br\/index.php?rest_route=%2Fwp%2Fv2%2Fmedia&parent=6920"}],"wp:term":[{"taxonomy":"category","embeddable":true,"href":"https:\/\/inclusivenews.com.br\/index.php?rest_route=%2Fwp%2Fv2%2Fcategories&post=6920"},{"taxonomy":"post_tag","embeddable":true,"href":"https:\/\/inclusivenews.com.br\/index.php?rest_route=%2Fwp%2Fv2%2Ftags&post=6920"}],"curies":[{"name":"wp","href":"https:\/\/api.w.org\/{rel}","templated":true}]}}