{"id":6923,"date":"2009-04-14T14:49:19","date_gmt":"2009-04-14T14:49:19","guid":{"rendered":"http:\/\/agenciainclusive.wordpress.com\/?p=6923"},"modified":"2009-04-14T14:49:19","modified_gmt":"2009-04-14T14:49:19","slug":"profissionalizacao-de-pessoas-com-deficiencia","status":"publish","type":"post","link":"https:\/\/inclusivenews.com.br\/?p=6923","title":{"rendered":"Profissionaliza\u00e7\u00e3o de pessoas com defici\u00eancia"},"content":{"rendered":"<p>A Associa\u00e7\u00e3o Para Valoriza\u00e7\u00e3o e Promo\u00e7\u00e3o de Excepcionais [AVAPE], institui\u00e7\u00e3o localizada em S\u00e3o Paulo (SP) e que trabalha com preven\u00e7\u00e3o, diagn\u00f3stico, reabilita\u00e7\u00e3o cl\u00ednica e profissional, qualifica\u00e7\u00e3o, coloca\u00e7\u00e3o profissional e na defesa de direitos de pessoas com defici\u00eancia, est\u00e1 expandindo sua atua\u00e7\u00e3o pelo Brasil. Atrav\u00e9s de uma parceria firmada com o Banco Interamericano de Desenvolvimento [BID], que ser\u00e1 o financiador das novas unidades, a AVAPE est\u00e1 abrindo processo seletivo de ONGs que trabalham com essa tem\u00e1tica e desejam participar desse projeto.<\/p>\n<p>Denominado &#8220;Expans\u00e3o dos Servi\u00e7os para Trabalhadores com Defici\u00eancia atrav\u00e9s de Modelos de Neg\u00f3cios Alternativos&#8221;, o projeto adota metas ambiciosas para a amplia\u00e7\u00e3o da inclus\u00e3o profissional de pessoas com defici\u00eancia no pa\u00eds. Os recursos e suporte advindos do BID, por meio do Fundo Multilateral de Investimentos, beneficiar\u00e3o organiza\u00e7\u00f5es das cinco regi\u00f5es do pa\u00eds que ser\u00e3o selecionadas para a implanta\u00e7\u00e3o dos seguintes programas desenvolvidos pela AVAPE: reabilita\u00e7\u00e3o, profissional, capacita\u00e7\u00e3o e inclus\u00e3o no mercado de trabalho de pessoas com defici\u00eancia.<\/p>\n<p>A AVAPE transferir\u00e1 sua marca e metodologia para as organiza\u00e7\u00f5es criteriosamente selecionadas. Para tanto, est\u00e3o previstas uma s\u00e9rie de atividades que envolvem: treinamentos dos dirigentes e equipe t\u00e9cnica, recebimento de manuais para implanta\u00e7\u00e3o e operacionaliza\u00e7\u00e3o dos programas, supervis\u00f5es constantes, participa\u00e7\u00f5es em semin\u00e1rios internacionais, desenvolvimento e publica\u00e7\u00e3o de li\u00e7\u00f5es apreendidas e proje\u00e7\u00e3o na m\u00eddia local e internacional.<\/p>\n<p>A proposta \u00e9 que o projeto contribua para um maior fortalecimento das organiza\u00e7\u00f5es participantes, fazendo diferen\u00e7a na qualidade de vida das pessoas com defici\u00eancia, ao proporcionar-lhes gera\u00e7\u00e3o de emprego e renda.<\/p>\n<p>Mais informa\u00e7\u00f5es est\u00e3o acess\u00edveis no site <a href=\"http:\/\/www.avape.org.br\">www.avape.org.br<\/a>, no link &#8220;Saiba como participar da Rede Avape&#8221; ou podem ser obtidas pelo e-mail <a href=\"mailto:convocatoria@avape.org.br\">convocatoria@avape.org.br<\/a>.<\/p>\n<p>Fonte: RETS &#8211; AVAPE<\/p>\n","protected":false},"excerpt":{"rendered":"<p>A Associa\u00e7\u00e3o Para Valoriza\u00e7\u00e3o e Promo\u00e7\u00e3o de Excepcionais [AVAPE], institui\u00e7\u00e3o localizada em S\u00e3o Paulo (SP) e que trabalha com preven\u00e7\u00e3o, diagn\u00f3stico, reabilita\u00e7\u00e3o cl\u00ednica e profissional, qualifica\u00e7\u00e3o, coloca\u00e7\u00e3o profissional e na defesa de direitos de pessoas com defici\u00eancia, est\u00e1 expandindo sua atua\u00e7\u00e3o pelo Brasil. Atrav\u00e9s de uma parceria firmada com o Banco Interamericano de Desenvolvimento [BID], [&hellip;]<\/p>\n","protected":false},"author":2,"featured_media":0,"comment_status":"open","ping_status":"open","sticky":false,"template":"","format":"standard","meta":{"site-container-style":"default","site-container-layout":"default","site-sidebar-layout":"default","disable-article-header":"default","disable-site-header":"default","disable-site-footer":"default","disable-content-area-spacing":"default","footnotes":""},"categories":[4],"tags":[],"class_list":["post-6923","post","type-post","status-publish","format-standard","hentry","category-noticias"],"yoast_head":"<!-- This site is optimized with the Yoast SEO plugin v27.4 - https:\/\/yoast.com\/product\/yoast-seo-wordpress\/ -->\n<title>Profissionaliza\u00e7\u00e3o de pessoas com defici\u00eancia -<\/title>\n<meta name=\"robots\" content=\"index, follow, max-snippet:-1, max-image-preview:large, max-video-preview:-1\" \/>\n<link rel=\"canonical\" href=\"https:\/\/inclusivenews.com.br\/?p=6923\" \/>\n<meta property=\"og:locale\" content=\"pt_PT\" \/>\n<meta property=\"og:type\" content=\"article\" \/>\n<meta property=\"og:title\" content=\"Profissionaliza\u00e7\u00e3o de pessoas com defici\u00eancia -\" \/>\n<meta property=\"og:description\" content=\"A Associa\u00e7\u00e3o Para Valoriza\u00e7\u00e3o e Promo\u00e7\u00e3o de Excepcionais [AVAPE], institui\u00e7\u00e3o localizada em S\u00e3o Paulo (SP) e que trabalha com preven\u00e7\u00e3o, diagn\u00f3stico, reabilita\u00e7\u00e3o cl\u00ednica e profissional, qualifica\u00e7\u00e3o, coloca\u00e7\u00e3o profissional e na defesa de direitos de pessoas com defici\u00eancia, est\u00e1 expandindo sua atua\u00e7\u00e3o pelo Brasil. Atrav\u00e9s de uma parceria firmada com o Banco Interamericano de Desenvolvimento [BID], [&hellip;]\" \/>\n<meta property=\"og:url\" content=\"https:\/\/inclusivenews.com.br\/?p=6923\" \/>\n<meta property=\"article:publisher\" content=\"https:\/\/www.facebook.com\/agenciainclusive\/\" \/>\n<meta property=\"article:published_time\" content=\"2009-04-14T14:49:19+00:00\" \/>\n<meta name=\"author\" content=\"Inclusive\" \/>\n<meta name=\"twitter:card\" content=\"summary_large_image\" \/>\n<meta name=\"twitter:label1\" content=\"Escrito por\" \/>\n\t<meta name=\"twitter:data1\" content=\"Inclusive\" \/>\n\t<meta name=\"twitter:label2\" content=\"Tempo estimado de leitura\" \/>\n\t<meta name=\"twitter:data2\" content=\"2 minutos\" \/>\n<script type=\"application\/ld+json\" class=\"yoast-schema-graph\">{\"@context\":\"https:\\\/\\\/schema.org\",\"@graph\":[{\"@type\":\"Article\",\"@id\":\"https:\\\/\\\/inclusivenews.com.br\\\/?p=6923#article\",\"isPartOf\":{\"@id\":\"https:\\\/\\\/inclusivenews.com.br\\\/?p=6923\"},\"author\":{\"name\":\"Inclusive\",\"@id\":\"https:\\\/\\\/inclusivenews.com.br\\\/#\\\/schema\\\/person\\\/0dab492019871b94abb65fa8ee7c8c44\"},\"headline\":\"Profissionaliza\u00e7\u00e3o de pessoas com defici\u00eancia\",\"datePublished\":\"2009-04-14T14:49:19+00:00\",\"mainEntityOfPage\":{\"@id\":\"https:\\\/\\\/inclusivenews.com.br\\\/?p=6923\"},\"wordCount\":336,\"commentCount\":0,\"publisher\":{\"@id\":\"https:\\\/\\\/inclusivenews.com.br\\\/#organization\"},\"articleSection\":[\"NOT\u00cdCIAS\"],\"inLanguage\":\"pt-PT\",\"potentialAction\":[{\"@type\":\"CommentAction\",\"name\":\"Comment\",\"target\":[\"https:\\\/\\\/inclusivenews.com.br\\\/?p=6923#respond\"]}]},{\"@type\":\"WebPage\",\"@id\":\"https:\\\/\\\/inclusivenews.com.br\\\/?p=6923\",\"url\":\"https:\\\/\\\/inclusivenews.com.br\\\/?p=6923\",\"name\":\"Profissionaliza\u00e7\u00e3o de pessoas com defici\u00eancia -\",\"isPartOf\":{\"@id\":\"https:\\\/\\\/inclusivenews.com.br\\\/#website\"},\"datePublished\":\"2009-04-14T14:49:19+00:00\",\"breadcrumb\":{\"@id\":\"https:\\\/\\\/inclusivenews.com.br\\\/?p=6923#breadcrumb\"},\"inLanguage\":\"pt-PT\",\"potentialAction\":[{\"@type\":\"ReadAction\",\"target\":[\"https:\\\/\\\/inclusivenews.com.br\\\/?p=6923\"]}]},{\"@type\":\"BreadcrumbList\",\"@id\":\"https:\\\/\\\/inclusivenews.com.br\\\/?p=6923#breadcrumb\",\"itemListElement\":[{\"@type\":\"ListItem\",\"position\":1,\"name\":\"In\u00edcio\",\"item\":\"https:\\\/\\\/inclusivenews.com.br\\\/\"},{\"@type\":\"ListItem\",\"position\":2,\"name\":\"Profissionaliza\u00e7\u00e3o de pessoas com defici\u00eancia\"}]},{\"@type\":\"WebSite\",\"@id\":\"https:\\\/\\\/inclusivenews.com.br\\\/#website\",\"url\":\"https:\\\/\\\/inclusivenews.com.br\\\/\",\"name\":\"Inclusive News\",\"description\":\"Inclusive News\",\"publisher\":{\"@id\":\"https:\\\/\\\/inclusivenews.com.br\\\/#organization\"},\"potentialAction\":[{\"@type\":\"SearchAction\",\"target\":{\"@type\":\"EntryPoint\",\"urlTemplate\":\"https:\\\/\\\/inclusivenews.com.br\\\/?s={search_term_string}\"},\"query-input\":{\"@type\":\"PropertyValueSpecification\",\"valueRequired\":true,\"valueName\":\"search_term_string\"}}],\"inLanguage\":\"pt-PT\"},{\"@type\":\"Organization\",\"@id\":\"https:\\\/\\\/inclusivenews.com.br\\\/#organization\",\"name\":\"Inclusive - inclus\u00e3o e cidadania\",\"url\":\"https:\\\/\\\/inclusivenews.com.br\\\/\",\"logo\":{\"@type\":\"ImageObject\",\"inLanguage\":\"pt-PT\",\"@id\":\"https:\\\/\\\/inclusivenews.com.br\\\/#\\\/schema\\\/logo\\\/image\\\/\",\"url\":\"https:\\\/\\\/inclusivenews.com.br\\\/wp-content\\\/uploads\\\/2024\\\/03\\\/@grandesite.png\",\"contentUrl\":\"https:\\\/\\\/inclusivenews.com.br\\\/wp-content\\\/uploads\\\/2024\\\/03\\\/@grandesite.png\",\"width\":1080,\"height\":1080,\"caption\":\"Inclusive - inclus\u00e3o e cidadania\"},\"image\":{\"@id\":\"https:\\\/\\\/inclusivenews.com.br\\\/#\\\/schema\\\/logo\\\/image\\\/\"},\"sameAs\":[\"https:\\\/\\\/www.facebook.com\\\/agenciainclusive\\\/\",\"https:\\\/\\\/www.instagram.com\\\/newsinclusive\\\/\"]},{\"@type\":\"Person\",\"@id\":\"https:\\\/\\\/inclusivenews.com.br\\\/#\\\/schema\\\/person\\\/0dab492019871b94abb65fa8ee7c8c44\",\"name\":\"Inclusive\",\"image\":{\"@type\":\"ImageObject\",\"inLanguage\":\"pt-PT\",\"@id\":\"https:\\\/\\\/secure.gravatar.com\\\/avatar\\\/?s=96&d=mm&r=g\",\"url\":\"https:\\\/\\\/secure.gravatar.com\\\/avatar\\\/?s=96&d=mm&r=g\",\"contentUrl\":\"https:\\\/\\\/secure.gravatar.com\\\/avatar\\\/?s=96&d=mm&r=g\",\"caption\":\"Inclusive\"},\"url\":\"https:\\\/\\\/inclusivenews.com.br\\\/?author=2\"}]}<\/script>\n<!-- \/ Yoast SEO plugin. -->","yoast_head_json":{"title":"Profissionaliza\u00e7\u00e3o de pessoas com defici\u00eancia -","robots":{"index":"index","follow":"follow","max-snippet":"max-snippet:-1","max-image-preview":"max-image-preview:large","max-video-preview":"max-video-preview:-1"},"canonical":"https:\/\/inclusivenews.com.br\/?p=6923","og_locale":"pt_PT","og_type":"article","og_title":"Profissionaliza\u00e7\u00e3o de pessoas com defici\u00eancia -","og_description":"A Associa\u00e7\u00e3o Para Valoriza\u00e7\u00e3o e Promo\u00e7\u00e3o de Excepcionais [AVAPE], institui\u00e7\u00e3o localizada em S\u00e3o Paulo (SP) e que trabalha com preven\u00e7\u00e3o, diagn\u00f3stico, reabilita\u00e7\u00e3o cl\u00ednica e profissional, qualifica\u00e7\u00e3o, coloca\u00e7\u00e3o profissional e na defesa de direitos de pessoas com defici\u00eancia, est\u00e1 expandindo sua atua\u00e7\u00e3o pelo Brasil. Atrav\u00e9s de uma parceria firmada com o Banco Interamericano de Desenvolvimento [BID], [&hellip;]","og_url":"https:\/\/inclusivenews.com.br\/?p=6923","article_publisher":"https:\/\/www.facebook.com\/agenciainclusive\/","article_published_time":"2009-04-14T14:49:19+00:00","author":"Inclusive","twitter_card":"summary_large_image","twitter_misc":{"Escrito por":"Inclusive","Tempo estimado de leitura":"2 minutos"},"schema":{"@context":"https:\/\/schema.org","@graph":[{"@type":"Article","@id":"https:\/\/inclusivenews.com.br\/?p=6923#article","isPartOf":{"@id":"https:\/\/inclusivenews.com.br\/?p=6923"},"author":{"name":"Inclusive","@id":"https:\/\/inclusivenews.com.br\/#\/schema\/person\/0dab492019871b94abb65fa8ee7c8c44"},"headline":"Profissionaliza\u00e7\u00e3o de pessoas com defici\u00eancia","datePublished":"2009-04-14T14:49:19+00:00","mainEntityOfPage":{"@id":"https:\/\/inclusivenews.com.br\/?p=6923"},"wordCount":336,"commentCount":0,"publisher":{"@id":"https:\/\/inclusivenews.com.br\/#organization"},"articleSection":["NOT\u00cdCIAS"],"inLanguage":"pt-PT","potentialAction":[{"@type":"CommentAction","name":"Comment","target":["https:\/\/inclusivenews.com.br\/?p=6923#respond"]}]},{"@type":"WebPage","@id":"https:\/\/inclusivenews.com.br\/?p=6923","url":"https:\/\/inclusivenews.com.br\/?p=6923","name":"Profissionaliza\u00e7\u00e3o de pessoas com defici\u00eancia -","isPartOf":{"@id":"https:\/\/inclusivenews.com.br\/#website"},"datePublished":"2009-04-14T14:49:19+00:00","breadcrumb":{"@id":"https:\/\/inclusivenews.com.br\/?p=6923#breadcrumb"},"inLanguage":"pt-PT","potentialAction":[{"@type":"ReadAction","target":["https:\/\/inclusivenews.com.br\/?p=6923"]}]},{"@type":"BreadcrumbList","@id":"https:\/\/inclusivenews.com.br\/?p=6923#breadcrumb","itemListElement":[{"@type":"ListItem","position":1,"name":"In\u00edcio","item":"https:\/\/inclusivenews.com.br\/"},{"@type":"ListItem","position":2,"name":"Profissionaliza\u00e7\u00e3o de pessoas com defici\u00eancia"}]},{"@type":"WebSite","@id":"https:\/\/inclusivenews.com.br\/#website","url":"https:\/\/inclusivenews.com.br\/","name":"Inclusive News","description":"Inclusive News","publisher":{"@id":"https:\/\/inclusivenews.com.br\/#organization"},"potentialAction":[{"@type":"SearchAction","target":{"@type":"EntryPoint","urlTemplate":"https:\/\/inclusivenews.com.br\/?s={search_term_string}"},"query-input":{"@type":"PropertyValueSpecification","valueRequired":true,"valueName":"search_term_string"}}],"inLanguage":"pt-PT"},{"@type":"Organization","@id":"https:\/\/inclusivenews.com.br\/#organization","name":"Inclusive - inclus\u00e3o e cidadania","url":"https:\/\/inclusivenews.com.br\/","logo":{"@type":"ImageObject","inLanguage":"pt-PT","@id":"https:\/\/inclusivenews.com.br\/#\/schema\/logo\/image\/","url":"https:\/\/inclusivenews.com.br\/wp-content\/uploads\/2024\/03\/@grandesite.png","contentUrl":"https:\/\/inclusivenews.com.br\/wp-content\/uploads\/2024\/03\/@grandesite.png","width":1080,"height":1080,"caption":"Inclusive - inclus\u00e3o e cidadania"},"image":{"@id":"https:\/\/inclusivenews.com.br\/#\/schema\/logo\/image\/"},"sameAs":["https:\/\/www.facebook.com\/agenciainclusive\/","https:\/\/www.instagram.com\/newsinclusive\/"]},{"@type":"Person","@id":"https:\/\/inclusivenews.com.br\/#\/schema\/person\/0dab492019871b94abb65fa8ee7c8c44","name":"Inclusive","image":{"@type":"ImageObject","inLanguage":"pt-PT","@id":"https:\/\/secure.gravatar.com\/avatar\/?s=96&d=mm&r=g","url":"https:\/\/secure.gravatar.com\/avatar\/?s=96&d=mm&r=g","contentUrl":"https:\/\/secure.gravatar.com\/avatar\/?s=96&d=mm&r=g","caption":"Inclusive"},"url":"https:\/\/inclusivenews.com.br\/?author=2"}]}},"_links":{"self":[{"href":"https:\/\/inclusivenews.com.br\/index.php?rest_route=\/wp\/v2\/posts\/6923","targetHints":{"allow":["GET"]}}],"collection":[{"href":"https:\/\/inclusivenews.com.br\/index.php?rest_route=\/wp\/v2\/posts"}],"about":[{"href":"https:\/\/inclusivenews.com.br\/index.php?rest_route=\/wp\/v2\/types\/post"}],"author":[{"embeddable":true,"href":"https:\/\/inclusivenews.com.br\/index.php?rest_route=\/wp\/v2\/users\/2"}],"replies":[{"embeddable":true,"href":"https:\/\/inclusivenews.com.br\/index.php?rest_route=%2Fwp%2Fv2%2Fcomments&post=6923"}],"version-history":[{"count":0,"href":"https:\/\/inclusivenews.com.br\/index.php?rest_route=\/wp\/v2\/posts\/6923\/revisions"}],"wp:attachment":[{"href":"https:\/\/inclusivenews.com.br\/index.php?rest_route=%2Fwp%2Fv2%2Fmedia&parent=6923"}],"wp:term":[{"taxonomy":"category","embeddable":true,"href":"https:\/\/inclusivenews.com.br\/index.php?rest_route=%2Fwp%2Fv2%2Fcategories&post=6923"},{"taxonomy":"post_tag","embeddable":true,"href":"https:\/\/inclusivenews.com.br\/index.php?rest_route=%2Fwp%2Fv2%2Ftags&post=6923"}],"curies":[{"name":"wp","href":"https:\/\/api.w.org\/{rel}","templated":true}]}}