{"id":6930,"date":"2009-04-14T23:20:13","date_gmt":"2009-04-14T23:20:13","guid":{"rendered":"http:\/\/agenciainclusive.wordpress.com\/?p=6930"},"modified":"2009-04-14T23:20:13","modified_gmt":"2009-04-14T23:20:13","slug":"campanha-brasil-ponto-a-ponto-pergunta-o-que-deve-mudar-no-pais","status":"publish","type":"post","link":"https:\/\/inclusivenews.com.br\/?p=6930","title":{"rendered":"Campanha Brasil Ponto a Ponto pergunta o que deve mudar no pa\u00eds"},"content":{"rendered":"<p>Encerra na pr\u00f3xima quarta-feira, 15, a campanha Brasil Ponto a Ponto (<a href=\"http:\/\/www.brasilpontoaponto.org.br\/\">http:\/\/www.brasilpontoaponto.org.br\/<\/a>), que coleta opini\u00f5es de cidad\u00e3os sobre qual \u00e9 o maior problema do pa\u00eds. O resultado ser\u00e1 usado para escolha do tema do pr\u00f3ximo Relat\u00f3rio de Desenvolvimento Humano (RDH) do Brasil (<a href=\"http:\/\/www.pnud.org.br\/rdh\/\">http:\/\/www.pnud.org.br\/rdh\/<\/a>). At\u00e9 ao final, o PNUD estima que 400 mil pessoas ter\u00e3o respondido \u00e0 pergunta \u201cO que deve mudar no Brasil para sua vida melhorar de verdade?\u201d<\/p>\n<p>Para participar, \u00e9 poss\u00edvel enviar texto ou v\u00eddeo para o site da campanha (<a href=\"http:\/\/www.brasilpontoaponto.org.br\/\">http:\/\/www.brasilpontoaponto.org.br\/<\/a>). \u201c\u00c9 uma oportunidade \u00fanica de as pessoas serem escutadas sobre uma coisa que pode mudar a vida delas\u201d, diz o coordenador do RDH no Brasil, Fl\u00e1vio Comim. No RDH, que deve ser publicado at\u00e9 o inicio de 2010, o PNUD far\u00e1 um diagn\u00f3stico do problema mais votado e propor\u00e1 pol\u00edticas.<\/p>\n<p>A consulta come\u00e7ou em novembro do ano passado, quando foram realizadas audi\u00eancias p\u00fablicas nas principais cidades brasileiras. Pela internet, as respostas s\u00e3o recebidas desde janeiro e mais de 260 mil j\u00e1 deixaram seus depoimentos usando a rede. Outra parte da campanha foi feita com uma visita aos dez munic\u00edpios de pior \u00cdndice de Desenvolvimento Humano do pa\u00eds e ainda com a coleta de respostas de alunos nas escolas de ensino fundamental e m\u00e9dio. Ao todo, j\u00e1 foram coletados mais de 360 mil depoimentos.<\/p>\n<p>Para aumentar a diversidade do p\u00fablico atingido, a consulta criou v\u00e1rios caminhos para o envio de respostas. Desde o in\u00edcio de abril, os clientes da operadora de celulares TIM est\u00e3o recebendo a pergunta da pesquisa em seus telefones e podem responder por SMS. No site do canal a cabo MTV, um f\u00f3rum de discuss\u00e3o entre os jovens gerou mais de 200 coment\u00e1rios. A empresa de cosm\u00e9ticos Natura tamb\u00e9m distribuiu question\u00e1rios em papel para seus funcion\u00e1rios e clientes.<\/p>\n<p>A conclus\u00e3o final da pesquisa sair\u00e1 em maio, mas as pr\u00e9vias mostram que educa\u00e7\u00e3o \u00e9 o tema mais mencionado. Pelo menos 20% dos brasileiros que participaram da consulta acreditam que o ensino \u00e9 o que mais precisa mudar no pa\u00eds. Viol\u00eancia, meio ambiente e conscientiza\u00e7\u00e3o individual foram outros temas bastante comentados.<\/p>\n","protected":false},"excerpt":{"rendered":"<p>Encerra na pr\u00f3xima quarta-feira, 15, a campanha Brasil Ponto a Ponto (http:\/\/www.brasilpontoaponto.org.br\/), que coleta opini\u00f5es de cidad\u00e3os sobre qual \u00e9 o maior problema do pa\u00eds. O resultado ser\u00e1 usado para escolha do tema do pr\u00f3ximo Relat\u00f3rio de Desenvolvimento Humano (RDH) do Brasil (http:\/\/www.pnud.org.br\/rdh\/). At\u00e9 ao final, o PNUD estima que 400 mil pessoas ter\u00e3o respondido [&hellip;]<\/p>\n","protected":false},"author":2,"featured_media":0,"comment_status":"open","ping_status":"open","sticky":false,"template":"","format":"standard","meta":{"site-container-style":"default","site-container-layout":"default","site-sidebar-layout":"default","disable-article-header":"default","disable-site-header":"default","disable-site-footer":"default","disable-content-area-spacing":"default","footnotes":""},"categories":[3,4],"tags":[],"class_list":["post-6930","post","type-post","status-publish","format-standard","hentry","category-campanhas","category-noticias"],"yoast_head":"<!-- This site is optimized with the Yoast SEO plugin v27.4 - https:\/\/yoast.com\/product\/yoast-seo-wordpress\/ -->\n<title>Campanha Brasil Ponto a Ponto pergunta o que deve mudar no pa\u00eds -<\/title>\n<meta name=\"robots\" content=\"index, follow, max-snippet:-1, max-image-preview:large, max-video-preview:-1\" \/>\n<link rel=\"canonical\" href=\"https:\/\/inclusivenews.com.br\/?p=6930\" \/>\n<meta property=\"og:locale\" content=\"pt_PT\" \/>\n<meta property=\"og:type\" content=\"article\" \/>\n<meta property=\"og:title\" content=\"Campanha Brasil Ponto a Ponto pergunta o que deve mudar no pa\u00eds -\" \/>\n<meta property=\"og:description\" content=\"Encerra na pr\u00f3xima quarta-feira, 15, a campanha Brasil Ponto a Ponto (http:\/\/www.brasilpontoaponto.org.br\/), que coleta opini\u00f5es de cidad\u00e3os sobre qual \u00e9 o maior problema do pa\u00eds. O resultado ser\u00e1 usado para escolha do tema do pr\u00f3ximo Relat\u00f3rio de Desenvolvimento Humano (RDH) do Brasil (http:\/\/www.pnud.org.br\/rdh\/). At\u00e9 ao final, o PNUD estima que 400 mil pessoas ter\u00e3o respondido [&hellip;]\" \/>\n<meta property=\"og:url\" content=\"https:\/\/inclusivenews.com.br\/?p=6930\" \/>\n<meta property=\"article:publisher\" content=\"https:\/\/www.facebook.com\/agenciainclusive\/\" \/>\n<meta property=\"article:published_time\" content=\"2009-04-14T23:20:13+00:00\" \/>\n<meta name=\"author\" content=\"Inclusive\" \/>\n<meta name=\"twitter:card\" content=\"summary_large_image\" \/>\n<meta name=\"twitter:label1\" content=\"Escrito por\" \/>\n\t<meta name=\"twitter:data1\" content=\"Inclusive\" \/>\n\t<meta name=\"twitter:label2\" content=\"Tempo estimado de leitura\" \/>\n\t<meta name=\"twitter:data2\" content=\"2 minutos\" \/>\n<script type=\"application\/ld+json\" class=\"yoast-schema-graph\">{\"@context\":\"https:\\\/\\\/schema.org\",\"@graph\":[{\"@type\":\"Article\",\"@id\":\"https:\\\/\\\/inclusivenews.com.br\\\/?p=6930#article\",\"isPartOf\":{\"@id\":\"https:\\\/\\\/inclusivenews.com.br\\\/?p=6930\"},\"author\":{\"name\":\"Inclusive\",\"@id\":\"https:\\\/\\\/inclusivenews.com.br\\\/#\\\/schema\\\/person\\\/0dab492019871b94abb65fa8ee7c8c44\"},\"headline\":\"Campanha Brasil Ponto a Ponto pergunta o que deve mudar no pa\u00eds\",\"datePublished\":\"2009-04-14T23:20:13+00:00\",\"mainEntityOfPage\":{\"@id\":\"https:\\\/\\\/inclusivenews.com.br\\\/?p=6930\"},\"wordCount\":393,\"commentCount\":1,\"publisher\":{\"@id\":\"https:\\\/\\\/inclusivenews.com.br\\\/#organization\"},\"articleSection\":[\"CAMPANHAS\",\"NOT\u00cdCIAS\"],\"inLanguage\":\"pt-PT\",\"potentialAction\":[{\"@type\":\"CommentAction\",\"name\":\"Comment\",\"target\":[\"https:\\\/\\\/inclusivenews.com.br\\\/?p=6930#respond\"]}]},{\"@type\":\"WebPage\",\"@id\":\"https:\\\/\\\/inclusivenews.com.br\\\/?p=6930\",\"url\":\"https:\\\/\\\/inclusivenews.com.br\\\/?p=6930\",\"name\":\"Campanha Brasil Ponto a Ponto pergunta o que deve mudar no pa\u00eds -\",\"isPartOf\":{\"@id\":\"https:\\\/\\\/inclusivenews.com.br\\\/#website\"},\"datePublished\":\"2009-04-14T23:20:13+00:00\",\"breadcrumb\":{\"@id\":\"https:\\\/\\\/inclusivenews.com.br\\\/?p=6930#breadcrumb\"},\"inLanguage\":\"pt-PT\",\"potentialAction\":[{\"@type\":\"ReadAction\",\"target\":[\"https:\\\/\\\/inclusivenews.com.br\\\/?p=6930\"]}]},{\"@type\":\"BreadcrumbList\",\"@id\":\"https:\\\/\\\/inclusivenews.com.br\\\/?p=6930#breadcrumb\",\"itemListElement\":[{\"@type\":\"ListItem\",\"position\":1,\"name\":\"In\u00edcio\",\"item\":\"https:\\\/\\\/inclusivenews.com.br\\\/\"},{\"@type\":\"ListItem\",\"position\":2,\"name\":\"Campanha Brasil Ponto a Ponto pergunta o que deve mudar no pa\u00eds\"}]},{\"@type\":\"WebSite\",\"@id\":\"https:\\\/\\\/inclusivenews.com.br\\\/#website\",\"url\":\"https:\\\/\\\/inclusivenews.com.br\\\/\",\"name\":\"Inclusive News\",\"description\":\"Inclusive News\",\"publisher\":{\"@id\":\"https:\\\/\\\/inclusivenews.com.br\\\/#organization\"},\"potentialAction\":[{\"@type\":\"SearchAction\",\"target\":{\"@type\":\"EntryPoint\",\"urlTemplate\":\"https:\\\/\\\/inclusivenews.com.br\\\/?s={search_term_string}\"},\"query-input\":{\"@type\":\"PropertyValueSpecification\",\"valueRequired\":true,\"valueName\":\"search_term_string\"}}],\"inLanguage\":\"pt-PT\"},{\"@type\":\"Organization\",\"@id\":\"https:\\\/\\\/inclusivenews.com.br\\\/#organization\",\"name\":\"Inclusive - inclus\u00e3o e cidadania\",\"url\":\"https:\\\/\\\/inclusivenews.com.br\\\/\",\"logo\":{\"@type\":\"ImageObject\",\"inLanguage\":\"pt-PT\",\"@id\":\"https:\\\/\\\/inclusivenews.com.br\\\/#\\\/schema\\\/logo\\\/image\\\/\",\"url\":\"https:\\\/\\\/inclusivenews.com.br\\\/wp-content\\\/uploads\\\/2024\\\/03\\\/@grandesite.png\",\"contentUrl\":\"https:\\\/\\\/inclusivenews.com.br\\\/wp-content\\\/uploads\\\/2024\\\/03\\\/@grandesite.png\",\"width\":1080,\"height\":1080,\"caption\":\"Inclusive - inclus\u00e3o e cidadania\"},\"image\":{\"@id\":\"https:\\\/\\\/inclusivenews.com.br\\\/#\\\/schema\\\/logo\\\/image\\\/\"},\"sameAs\":[\"https:\\\/\\\/www.facebook.com\\\/agenciainclusive\\\/\",\"https:\\\/\\\/www.instagram.com\\\/newsinclusive\\\/\"]},{\"@type\":\"Person\",\"@id\":\"https:\\\/\\\/inclusivenews.com.br\\\/#\\\/schema\\\/person\\\/0dab492019871b94abb65fa8ee7c8c44\",\"name\":\"Inclusive\",\"image\":{\"@type\":\"ImageObject\",\"inLanguage\":\"pt-PT\",\"@id\":\"https:\\\/\\\/secure.gravatar.com\\\/avatar\\\/?s=96&d=mm&r=g\",\"url\":\"https:\\\/\\\/secure.gravatar.com\\\/avatar\\\/?s=96&d=mm&r=g\",\"contentUrl\":\"https:\\\/\\\/secure.gravatar.com\\\/avatar\\\/?s=96&d=mm&r=g\",\"caption\":\"Inclusive\"},\"url\":\"https:\\\/\\\/inclusivenews.com.br\\\/?author=2\"}]}<\/script>\n<!-- \/ Yoast SEO plugin. -->","yoast_head_json":{"title":"Campanha Brasil Ponto a Ponto pergunta o que deve mudar no pa\u00eds -","robots":{"index":"index","follow":"follow","max-snippet":"max-snippet:-1","max-image-preview":"max-image-preview:large","max-video-preview":"max-video-preview:-1"},"canonical":"https:\/\/inclusivenews.com.br\/?p=6930","og_locale":"pt_PT","og_type":"article","og_title":"Campanha Brasil Ponto a Ponto pergunta o que deve mudar no pa\u00eds -","og_description":"Encerra na pr\u00f3xima quarta-feira, 15, a campanha Brasil Ponto a Ponto (http:\/\/www.brasilpontoaponto.org.br\/), que coleta opini\u00f5es de cidad\u00e3os sobre qual \u00e9 o maior problema do pa\u00eds. O resultado ser\u00e1 usado para escolha do tema do pr\u00f3ximo Relat\u00f3rio de Desenvolvimento Humano (RDH) do Brasil (http:\/\/www.pnud.org.br\/rdh\/). At\u00e9 ao final, o PNUD estima que 400 mil pessoas ter\u00e3o respondido [&hellip;]","og_url":"https:\/\/inclusivenews.com.br\/?p=6930","article_publisher":"https:\/\/www.facebook.com\/agenciainclusive\/","article_published_time":"2009-04-14T23:20:13+00:00","author":"Inclusive","twitter_card":"summary_large_image","twitter_misc":{"Escrito por":"Inclusive","Tempo estimado de leitura":"2 minutos"},"schema":{"@context":"https:\/\/schema.org","@graph":[{"@type":"Article","@id":"https:\/\/inclusivenews.com.br\/?p=6930#article","isPartOf":{"@id":"https:\/\/inclusivenews.com.br\/?p=6930"},"author":{"name":"Inclusive","@id":"https:\/\/inclusivenews.com.br\/#\/schema\/person\/0dab492019871b94abb65fa8ee7c8c44"},"headline":"Campanha Brasil Ponto a Ponto pergunta o que deve mudar no pa\u00eds","datePublished":"2009-04-14T23:20:13+00:00","mainEntityOfPage":{"@id":"https:\/\/inclusivenews.com.br\/?p=6930"},"wordCount":393,"commentCount":1,"publisher":{"@id":"https:\/\/inclusivenews.com.br\/#organization"},"articleSection":["CAMPANHAS","NOT\u00cdCIAS"],"inLanguage":"pt-PT","potentialAction":[{"@type":"CommentAction","name":"Comment","target":["https:\/\/inclusivenews.com.br\/?p=6930#respond"]}]},{"@type":"WebPage","@id":"https:\/\/inclusivenews.com.br\/?p=6930","url":"https:\/\/inclusivenews.com.br\/?p=6930","name":"Campanha Brasil Ponto a Ponto pergunta o que deve mudar no pa\u00eds -","isPartOf":{"@id":"https:\/\/inclusivenews.com.br\/#website"},"datePublished":"2009-04-14T23:20:13+00:00","breadcrumb":{"@id":"https:\/\/inclusivenews.com.br\/?p=6930#breadcrumb"},"inLanguage":"pt-PT","potentialAction":[{"@type":"ReadAction","target":["https:\/\/inclusivenews.com.br\/?p=6930"]}]},{"@type":"BreadcrumbList","@id":"https:\/\/inclusivenews.com.br\/?p=6930#breadcrumb","itemListElement":[{"@type":"ListItem","position":1,"name":"In\u00edcio","item":"https:\/\/inclusivenews.com.br\/"},{"@type":"ListItem","position":2,"name":"Campanha Brasil Ponto a Ponto pergunta o que deve mudar no pa\u00eds"}]},{"@type":"WebSite","@id":"https:\/\/inclusivenews.com.br\/#website","url":"https:\/\/inclusivenews.com.br\/","name":"Inclusive News","description":"Inclusive News","publisher":{"@id":"https:\/\/inclusivenews.com.br\/#organization"},"potentialAction":[{"@type":"SearchAction","target":{"@type":"EntryPoint","urlTemplate":"https:\/\/inclusivenews.com.br\/?s={search_term_string}"},"query-input":{"@type":"PropertyValueSpecification","valueRequired":true,"valueName":"search_term_string"}}],"inLanguage":"pt-PT"},{"@type":"Organization","@id":"https:\/\/inclusivenews.com.br\/#organization","name":"Inclusive - inclus\u00e3o e cidadania","url":"https:\/\/inclusivenews.com.br\/","logo":{"@type":"ImageObject","inLanguage":"pt-PT","@id":"https:\/\/inclusivenews.com.br\/#\/schema\/logo\/image\/","url":"https:\/\/inclusivenews.com.br\/wp-content\/uploads\/2024\/03\/@grandesite.png","contentUrl":"https:\/\/inclusivenews.com.br\/wp-content\/uploads\/2024\/03\/@grandesite.png","width":1080,"height":1080,"caption":"Inclusive - inclus\u00e3o e cidadania"},"image":{"@id":"https:\/\/inclusivenews.com.br\/#\/schema\/logo\/image\/"},"sameAs":["https:\/\/www.facebook.com\/agenciainclusive\/","https:\/\/www.instagram.com\/newsinclusive\/"]},{"@type":"Person","@id":"https:\/\/inclusivenews.com.br\/#\/schema\/person\/0dab492019871b94abb65fa8ee7c8c44","name":"Inclusive","image":{"@type":"ImageObject","inLanguage":"pt-PT","@id":"https:\/\/secure.gravatar.com\/avatar\/?s=96&d=mm&r=g","url":"https:\/\/secure.gravatar.com\/avatar\/?s=96&d=mm&r=g","contentUrl":"https:\/\/secure.gravatar.com\/avatar\/?s=96&d=mm&r=g","caption":"Inclusive"},"url":"https:\/\/inclusivenews.com.br\/?author=2"}]}},"_links":{"self":[{"href":"https:\/\/inclusivenews.com.br\/index.php?rest_route=\/wp\/v2\/posts\/6930","targetHints":{"allow":["GET"]}}],"collection":[{"href":"https:\/\/inclusivenews.com.br\/index.php?rest_route=\/wp\/v2\/posts"}],"about":[{"href":"https:\/\/inclusivenews.com.br\/index.php?rest_route=\/wp\/v2\/types\/post"}],"author":[{"embeddable":true,"href":"https:\/\/inclusivenews.com.br\/index.php?rest_route=\/wp\/v2\/users\/2"}],"replies":[{"embeddable":true,"href":"https:\/\/inclusivenews.com.br\/index.php?rest_route=%2Fwp%2Fv2%2Fcomments&post=6930"}],"version-history":[{"count":0,"href":"https:\/\/inclusivenews.com.br\/index.php?rest_route=\/wp\/v2\/posts\/6930\/revisions"}],"wp:attachment":[{"href":"https:\/\/inclusivenews.com.br\/index.php?rest_route=%2Fwp%2Fv2%2Fmedia&parent=6930"}],"wp:term":[{"taxonomy":"category","embeddable":true,"href":"https:\/\/inclusivenews.com.br\/index.php?rest_route=%2Fwp%2Fv2%2Fcategories&post=6930"},{"taxonomy":"post_tag","embeddable":true,"href":"https:\/\/inclusivenews.com.br\/index.php?rest_route=%2Fwp%2Fv2%2Ftags&post=6930"}],"curies":[{"name":"wp","href":"https:\/\/api.w.org\/{rel}","templated":true}]}}