{"id":6966,"date":"2009-04-15T21:03:35","date_gmt":"2009-04-15T21:03:35","guid":{"rendered":"http:\/\/agenciainclusive.wordpress.com\/?p=6966"},"modified":"2009-04-15T21:03:35","modified_gmt":"2009-04-15T21:03:35","slug":"aprovada-reestruturacao-da-corde-nacional","status":"publish","type":"post","link":"https:\/\/inclusivenews.com.br\/?p=6966","title":{"rendered":"Aprovada reestrutura\u00e7\u00e3o da CORDE Nacional"},"content":{"rendered":"<div id=\"zoomer\">\n<h3>C\u00e2mara dos Deputados aprova APROVADO PL 3960\/2008 que trata da reestrutura\u00e7\u00e3o da Secretaria Especial dos Direitos Humanos e da CORDE<\/h3>\n<\/div>\n<p>\u00a0<\/p>\n<div>\n<table border=\"0\" cellspacing=\"0\" cellpadding=\"0\" width=\"100%\" summary=\"Cabe\u00e7alho\">\n<tbody>\n<tr>\n<td width=\"50%\" valign=\"top\">\n<div id=\"zoomer\">\n<p class=\"Texto12\">Local: <strong>Bras\u00edlia &#8211; DF <\/strong><\/p>\n<\/div>\n<\/td>\n<td width=\"50%\" valign=\"top\">\n<div id=\"zoomer\">\n<p class=\"Texto12\">Data: <strong>26 de mar\u00e7o de 2009 <\/strong><\/p>\n<\/div>\n<\/td>\n<\/tr>\n<\/tbody>\n<\/table>\n<\/div>\n<p>\u00a0<\/p>\n<table border=\"0\" cellspacing=\"0\" cellpadding=\"0\" align=\"right\" summary=\"foto 1\">\n<tbody>\n<tr>\n<td><!--@IMAGEM\/1@--><\/td>\n<\/tr>\n<\/tbody>\n<\/table>\n<div id=\"zoomer\">\n<p class=\"Texto12\">\u00a0<\/p>\n<p class=\"MsoNormal\"><span style=\"font-size:19px;\"><span style=\"font-family:Arial;\"><span class=\"031053713-26032009'\">A\u00a0C\u00e2mara dos Deputados aprovou <\/span>ontem<span class=\"031053713-26032009'\">\u00a0 (25\/03)\u00a0<\/span> o\u00a0<span class=\"031053713-26032009'\">\u00a0parecer do\u00a0Dep. Jos\u00e9 Airton Cirilo (PT\/CE) ao <\/span>PL 3960 de 2008 que cria o Minist\u00e9rio da Pesca e Aq\u00fcicultura e trata da reestrutura\u00e7\u00e3o da Secretaria Especial dos Direitos Humanos<span class=\"031053713-26032009'\">\u00a0 e eleva\u00e7\u00e3o do status da CORDE Nacional.<\/span><\/span><\/span><\/p>\n<p class=\"MsoNormal\"><span style=\"font-size:19px;\"><span style=\"font-family:Arial;\"><span class=\"031053713-26032009'\">\u00a0A aprova\u00e7\u00e3o foi fruto de uma acordo\u00a0<\/span>entre as lideran\u00e7as e membros da Comiss\u00e3o\u00a0<span class=\"031053713-26032009'\">\u00a0e \u00a0<\/span>a mat\u00e9ria<span class=\"031053713-26032009'\">,\u00a0<\/span><span class=\"031053713-26032009'\"><span style=\"font-size:13px;color:#0000ff;\"><span style=\"font-size:19px;color:#000000;\">em<\/span><\/span><\/span> car\u00e1ter terminativo<span class=\"031053713-26032009'\">,\u00a0<\/span> seguir\u00e1 de imediato para o Senado, sem ter que passar para o Plen\u00e1rio da C\u00e2mara.<span class=\"031053713-26032009'\">\u00a0<\/span><\/span><\/span><\/p>\n<p class=\"MsoNormal\"><span style=\"font-size:19px;\"><span style=\"font-family:Arial;\"><span style=\"font-size:19px;\"><span class=\"031053713-26032009'\"><span style=\"font-size:13px;color:#0000ff;\"><span style=\"font-size:19px;color:#000000;\">\u00a0O \u00eaxito alcan\u00e7ado nessa etapa do processo se deu, em grande parte, pelo apoio recebido dos diversos segmentos voltados para a incluls\u00e3o da pessoa com defici\u00eancia durante as mobiliza\u00e7\u00f5es realizadas na C\u00e2mara dos Deputados. <\/span><\/span><\/span><\/span><\/span><\/span><\/p>\n<div><span style=\"font-size:19px;\"><span style=\"font-family:Arial;\"><span style=\"font-size:19px;\"><span class=\"031053713-26032009'\"><span style=\"font-size:13px;color:#0000ff;\"><\/span><\/span><\/span><\/span><\/span><\/div>\n<p><span style=\"font-size:19px;\"><span style=\"font-family:Arial;\"><span style=\"font-size:19px;\"><span class=\"031053713-26032009'\"><span style=\"font-size:13px;color:#0000ff;\"><span style=\"font-size:19px;color:#000000;\"><\/p>\n<p class=\"TranscrioLei\" style=\"page-break-before:always;text-indent:-115.1pt;line-height:18pt;text-align:center;margin:1.25in 0 3pt 115.1pt;\" align=\"center\"><strong><span style=\"font-size:14pt;\" lang=\"PT-BR\">PROJETO DE LEI N\u00ba 3.960, DE 2008<\/span><\/strong><\/p>\n<p class=\"MsoNormal\" style=\"line-height:18pt;text-align:center;margin:0;\" align=\"center\"><strong><span style=\"font-size:12pt;color:black;\" lang=\"PT-BR\">(Do Poder Executivo)<\/span><\/strong><\/p>\n<p class=\"MsoNormal\" style=\"line-height:18pt;text-align:center;margin:0;\" align=\"center\"><strong><span style=\"font-size:12pt;color:blue;\" lang=\"PT-BR\">reda\u00e7\u00e3o aprovada<\/span><\/strong><\/p>\n<p class=\"Ementa\" style=\"line-height:14pt;margin:48pt 0 48pt 170.1pt;\"><span style=\"font-size:11pt;\" lang=\"PT-BR\">Altera as Leis n\u00ba 7.853, de 24 de outubro de 1989, que <em>\u201cdisp\u00f5e sobre o apoio \u00e0s pessoas portadoras de defici\u00eancia, sua integra\u00e7\u00e3o social, sobre a Coordenadoria Nacional para Integra\u00e7\u00e3o da Pessoa Portadora de Defici\u00eancia &#8211; Corde, institui a tutela jurisdicional de interesses coletivos ou difusos dessas pessoas, disciplina a atua\u00e7\u00e3o do Minist\u00e9rio P\u00fablico, define crimes, e d\u00e1 outras provid\u00eancias\u201d<\/em>, e n\u00ba 10.683, de 28 de maio de 2003, que <em>\u201cdisp\u00f5e sobre a organiza\u00e7\u00e3o da Presid\u00eancia da Rep\u00fablica e dos Minist\u00e9rios, e d\u00e1 outras provid\u00eancias\u201d<\/em>, transforma a Secretaria Especial de Aquicultura e Pesca da Presid\u00eancia da Rep\u00fablica em Minist\u00e9rio da Pesca e Aquicultura, cria cargos em comiss\u00e3o do Grupo-Dire\u00e7\u00e3o e Assessoramento Superiores &#8211; DAS, e Gratifica\u00e7\u00f5es de Representa\u00e7\u00e3o da Presid\u00eancia da Rep\u00fablica, e d\u00e1 outras provid\u00eancias.<\/span><\/p>\n<p class=\"Corpo\" style=\"margin:0 0 17.85pt;\"><span lang=\"PT-BR\"><span style=\"font-size:small;\">O<strong> <\/strong>Congresso Nacional<strong> <\/strong>decreta:<\/span><\/span><\/p>\n<p class=\"CorpoPadro\" style=\"margin:0 0 10pt;\"><span style=\"font-size:small;\"><strong><span lang=\"PT-BR\">Art. <span><span>1<\/span><\/span>\u00ba <\/span><\/strong><span lang=\"PT-BR\">A Lei n\u00ba 10.683, de 28 de maio de 2003, passa a vigorar com as seguintes altera\u00e7\u00f5es: <\/span><\/span><\/p>\n<p class=\"MsoBodyTextIndent2\" style=\"margin:0 0 6pt 56.7pt;\"><span lang=\"PT-BR\"><span style=\"font-size:x-small;\">&#8220;Art. 6\u00ba Ao Gabinete de Seguran\u00e7a Institucional da Presid\u00eancia da Rep\u00fablica compete assistir direta e imediatamente ao Presidente da Rep\u00fablica no desempenho de suas atribui\u00e7\u00f5es, prevenir a ocorr\u00eancia e articular o gerenciamento de crises, em caso de grave e iminente amea\u00e7a \u00e0 estabilidade institucional, realizar o assessoramento pessoal em assuntos militares e de seguran\u00e7a, coordenar as atividades de intelig\u00eancia federal e de seguran\u00e7a da informa\u00e7\u00e3o, zelar, assegurado o exerc\u00edcio do poder de pol\u00edcia, pela seguran\u00e7a pessoal do Chefe de Estado, do Vice-Presidente da Rep\u00fablica e respectivos familiares, dos titulares dos \u00f3rg\u00e3os essenciais da Presid\u00eancia da Rep\u00fablica e de outras autoridades ou personalidades quando determinado pelo Presidente da Rep\u00fablica, bem como pela seguran\u00e7a dos pal\u00e1cios presidenciais e das resid\u00eancias do Presidente e do Vice-Presidente da Rep\u00fablica, tendo como estrutura b\u00e1sica o Conselho Nacional de Pol\u00edticas sobre Drogas, a Ag\u00eancia Brasileira de Intelig\u00eancia &#8211; ABIN, a Secretaria Nacional de Pol\u00edticas sobre Drogas, o Gabinete, uma Secretaria-Executiva e at\u00e9 tr\u00eas Secretarias.<\/span><\/span><\/p>\n<p class=\"MsoBodyTextIndent2\" style=\"margin:0 0 6pt 56.7pt;\"><span lang=\"PT-BR\"><span style=\"font-size:x-small;\">&#8230;&#8230;&#8230;&#8230;&#8230;&#8230;&#8230;&#8230;&#8230;&#8230;&#8230;&#8230;&#8230;&#8230;&#8230;&#8230;&#8230;&#8230;&#8230;&#8230;&#8230;&#8230;&#8230;&#8230;&#8230;&#8230;&#8230;&#8230;&#8230;&#8230;&#8230;&#8230;&#8230;&#8230;&#8230;&#8230;&#8230;&#8230;&#8230;&#8230;..&#8221; <strong>(NR)<\/strong><\/span><\/span><\/p>\n<p class=\"MsoBodyTextIndent2\" style=\"margin:0 0 6pt 56.7pt;\"><span lang=\"PT-BR\"><span style=\"font-size:x-small;\">&#8220;Art. 7\u00ba &#8230;&#8230;&#8230;&#8230;&#8230;&#8230;&#8230;&#8230;&#8230;&#8230;&#8230;&#8230;&#8230;&#8230;&#8230;&#8230;&#8230;&#8230;&#8230;&#8230;&#8230;&#8230;&#8230;&#8230;&#8230;&#8230;&#8230;&#8230;&#8230;&#8230;&#8230;&#8230;&#8230;&#8230;&#8230;&#8230;&#8230;&#8230;&#8230;&#8230;<\/span><\/span><\/p>\n<p class=\"MsoBodyTextIndent2\" style=\"margin:0 0 6pt 56.7pt;\"><span lang=\"PT-BR\"><span style=\"font-size:x-small;\">I &#8211; Conselho de Governo, integrado pelos Ministros de Estado, pelos titulares dos \u00f3rg\u00e3os essenciais da Presid\u00eancia da Rep\u00fablica, pelos titulares das Secretarias Especiais dos Direitos Humanos, de Pol\u00edticas para as Mulheres, e de Portos, que ser\u00e1 presidido pelo Presidente da Rep\u00fablica ou, por sua determina\u00e7\u00e3o, pelo Chefe da Casa Civil e secretariado por um dos membros para esse fim designado pelo Presidente da Rep\u00fablica;<\/span><\/span><\/p>\n<p class=\"MsoBodyTextIndent2\" style=\"margin:0 0 6pt 56.7pt;\"><span lang=\"PT-BR\"><span style=\"font-size:x-small;\">&#8230;&#8230;&#8230;&#8230;&#8230;&#8230;&#8230;&#8230;&#8230;&#8230;&#8230;&#8230;&#8230;&#8230;&#8230;&#8230;&#8230;&#8230;&#8230;&#8230;&#8230;&#8230;&#8230;&#8230;&#8230;&#8230;&#8230;&#8230;&#8230;&#8230;&#8230;&#8230;&#8230;&#8230;&#8230;&#8230;&#8230;&#8230;&#8230;&#8230;..&#8221; <strong>(NR)<\/strong><\/span><\/span><\/p>\n<p class=\"MsoBodyTextIndent2\" style=\"margin:0 0 6pt 56.7pt;\"><span lang=\"PT-BR\"><span style=\"font-size:x-small;\">&#8220;Art. 8\u00ba &#8230;&#8230;&#8230;&#8230;&#8230;&#8230;&#8230;&#8230;&#8230;&#8230;&#8230;&#8230;&#8230;&#8230;&#8230;&#8230;&#8230;&#8230;&#8230;&#8230;&#8230;&#8230;&#8230;&#8230;&#8230;&#8230;&#8230;&#8230;&#8230;&#8230;&#8230;&#8230;&#8230;&#8230;&#8230;&#8230;&#8230;&#8230;&#8230;&#8230;<\/span><\/span><\/p>\n<p class=\"MsoBodyTextIndent2\" style=\"margin:0 0 6pt 56.7pt;\"><span lang=\"PT-BR\"><span style=\"font-size:x-small;\">\u00a7 1\u00ba &#8230;&#8230;&#8230;&#8230;&#8230;&#8230;&#8230;&#8230;&#8230;&#8230;&#8230;&#8230;&#8230;&#8230;&#8230;&#8230;&#8230;&#8230;&#8230;&#8230;&#8230;&#8230;&#8230;&#8230;&#8230;&#8230;&#8230;&#8230;&#8230;&#8230;&#8230;&#8230;&#8230;&#8230;&#8230;&#8230;&#8230;&#8230;&#8230;&#8230;&#8230;..<\/span><\/span><\/p>\n<p class=\"MsoBodyTextIndent2\" style=\"margin:0 0 6pt 56.7pt;\"><span lang=\"PT-BR\"><span style=\"font-size:x-small;\">&#8230;&#8230;&#8230;&#8230;&#8230;&#8230;&#8230;&#8230;&#8230;&#8230;&#8230;&#8230;&#8230;&#8230;&#8230;&#8230;&#8230;&#8230;&#8230;&#8230;&#8230;&#8230;&#8230;&#8230;&#8230;&#8230;&#8230;&#8230;&#8230;&#8230;&#8230;&#8230;&#8230;&#8230;&#8230;&#8230;&#8230;&#8230;&#8230;&#8230;&#8230;&#8230;&#8230;&#8230;<\/span><\/span><\/p>\n<p class=\"MsoBodyTextIndent2\" style=\"margin:0 0 6pt 56.7pt;\"><span lang=\"PT-BR\"><span style=\"font-size:x-small;\">III &#8211; pelos Ministros de Estado da Fazenda; do Planejamento, Or\u00e7amento e Gest\u00e3o; do Desenvolvimento, Ind\u00fastria e Com\u00e9rcio Exterior; do Desenvolvimento Social e Combate \u00e0 Fome; do Trabalho e Emprego; do Meio Ambiente; das Rela\u00e7\u00f5es Exteriores; da Pesca e Aquicultura; e Presidente do Banco Central do Brasil; <\/span><\/span><\/p>\n<p class=\"MsoBodyTextIndent2\" style=\"margin:0 0 6pt 56.7pt;\"><span lang=\"PT-BR\"><span style=\"font-size:x-small;\">&#8230;&#8230;&#8230;&#8230;&#8230;&#8230;&#8230;&#8230;&#8230;&#8230;&#8230;&#8230;&#8230;&#8230;&#8230;&#8230;&#8230;&#8230;&#8230;&#8230;&#8230;&#8230;&#8230;&#8230;&#8230;&#8230;&#8230;&#8230;&#8230;&#8230;&#8230;&#8230;&#8230;&#8230;&#8230;&#8230;&#8230;&#8230;&#8230;&#8230;&#8230;&#8230;&#8230;&#8230;<\/span><\/span><\/p>\n<p class=\"MsoBodyTextIndent2\" style=\"margin:0 0 6pt 56.7pt;\"><span lang=\"PT-BR\"><span style=\"font-size:x-small;\">&#8230;&#8230;&#8230;&#8230;&#8230;&#8230;&#8230;&#8230;&#8230;&#8230;&#8230;&#8230;&#8230;&#8230;&#8230;&#8230;&#8230;&#8230;&#8230;&#8230;&#8230;&#8230;&#8230;&#8230;&#8230;&#8230;&#8230;&#8230;&#8230;&#8230;&#8230;&#8230;&#8230;&#8230;&#8230;&#8230;&#8230;&#8230;&#8230;&#8230;..&#8221; <strong>(NR)<\/strong><\/span><\/span><\/p>\n<p class=\"MsoBodyTextIndent2\" style=\"margin:0 0 6pt 56.7pt;\"><span style=\"color:blue;font-family:&quot;\" lang=\"PT-BR\"><span style=\"font-size:x-small;\">&#8220;Art. 24. \u00c0 Secretaria Especial dos Direitos Humanos compete assessorar direta e imediatamente o Presidente da Rep\u00fablica na formula\u00e7\u00e3o de pol\u00edticas e diretrizes voltadas \u00e0 promo\u00e7\u00e3o dos direitos da cidadania, da crian\u00e7a, do adolescente, do idoso e das minorias e \u00e0 defesa dos direitos das pessoas com defici\u00eancia e promo\u00e7\u00e3o da sua integra\u00e7\u00e3o \u00e0 vida comunit\u00e1ria, bem como coordenar a pol\u00edtica nacional de direitos humanos, em conformidade com as diretrizes do Programa Nacional de Direitos Humanos &#8211; PNDH, articular iniciativas e apoiar projetos voltados para a prote\u00e7\u00e3o e promo\u00e7\u00e3o dos direitos humanos em \u00e2mbito nacional, tanto por organismos governamentais, incluindo os Poderes Executivo, Legislativo e Judici\u00e1rio, quanto por organiza\u00e7\u00f5es da sociedade, e exercer as fun\u00e7\u00f5es de ouvidoria nacional de direitos humanos, da crian\u00e7a, do adolescente, do idoso e das minorias.<\/span><\/span><\/p>\n<p class=\"MsoBodyTextIndent2\" style=\"margin:0 0 6pt 56.7pt;\"><span style=\"color:blue;\" lang=\"PT-BR\"><span style=\"font-size:x-small;\">\u00a7 1\u00ba Compete ainda \u00e0 Secretaria Especial dos Direitos Humanos, sem preju\u00edzo das atribui\u00e7\u00f5es dos \u00f3rg\u00e3os integrantes do Sistema Nacional de Pol\u00edticas P\u00fablicas Sobre Drogas \u2013 SISNAD, atuar em favor da ressocializa\u00e7\u00e3o e da prote\u00e7\u00e3o dos dependentes qu\u00edmicos. <\/span><\/span><\/p>\n<p class=\"MsoBodyTextIndent2\" style=\"margin:0 0 12pt 56.7pt;\"><span style=\"font-size:x-small;\"><span style=\"color:blue;font-family:&quot;\" lang=\"PT-BR\">\u00a7 2\u00ba <\/span><span style=\"color:blue;\" lang=\"PT-BR\">A Secretaria Especial dos Direitos Humanos tem como estrutura b\u00e1sica o Conselho de Defesa dos Direitos da Pessoa Humana, o Conselho Nacional de Combate \u00e0 Discrimina\u00e7\u00e3o, o Conselho Nacional dos Direitos da Crian\u00e7a e do Adolescente, o Conselho Nacional dos Direitos da Pessoa Portadora de Defici\u00eancia, o Conselho Nacional dos Direitos do Idoso, o Gabinete, a Secretaria-Adjunta, o Departamento de Ouvidoria Nacional e at\u00e9 quatro Subsecretarias<\/span><span style=\"color:blue;font-family:&quot;\" lang=\"PT-BR\">.\u201d <strong>(NR)<\/strong><\/span><span style=\"color:blue;\" lang=\"PT-BR\"> <\/span><span style=\"color:red;\" lang=\"PT-BR\">[artigo alterado pela emenda n\u00ba 39, do Relator] <\/span><\/span><\/p>\n<p class=\"MsoBodyTextIndent2\" style=\"margin:0 0 6pt 56.7pt;\"><span lang=\"PT-BR\"><span style=\"font-size:x-small;\">&#8220;Art. 25. &#8230;&#8230;&#8230;&#8230;&#8230;&#8230;&#8230;&#8230;&#8230;&#8230;&#8230;&#8230;&#8230;&#8230;&#8230;&#8230;&#8230;&#8230;&#8230;&#8230;&#8230;&#8230;&#8230;&#8230;&#8230;&#8230;&#8230;&#8230;&#8230;&#8230;&#8230;&#8230;&#8230;&#8230;&#8230;&#8230;&#8230;&#8230;&#8230;.<\/span><\/span><\/p>\n<p class=\"MsoBodyTextIndent2\" style=\"margin:0 0 6pt 56.7pt;\"><span lang=\"PT-BR\"><span style=\"font-size:x-small;\">&#8230;&#8230;&#8230;&#8230;&#8230;&#8230;&#8230;&#8230;&#8230;&#8230;&#8230;&#8230;&#8230;&#8230;&#8230;&#8230;&#8230;&#8230;&#8230;&#8230;&#8230;&#8230;&#8230;&#8230;&#8230;&#8230;&#8230;&#8230;&#8230;&#8230;&#8230;&#8230;&#8230;&#8230;&#8230;&#8230;&#8230;&#8230;&#8230;&#8230;&#8230;&#8230;&#8230;&#8230;<\/span><\/span><\/p>\n<p class=\"MsoBodyTextIndent2\" style=\"margin:0 0 6pt 56.7pt;\"><span lang=\"PT-BR\"><span style=\"font-size:x-small;\">XXIII &#8211; do Turismo; e<\/span><\/span><\/p>\n<p class=\"MsoBodyTextIndent2\" style=\"margin:0 0 6pt 56.7pt;\"><span lang=\"PT-BR\"><span style=\"font-size:x-small;\">XXIV &#8211; da Pesca e Aquicultura. <\/span><\/span><\/p>\n<p class=\"MsoBodyTextIndent2\" style=\"margin:0 0 6pt 56.7pt;\"><span lang=\"PT-BR\"><span style=\"font-size:x-small;\">Par\u00e1grafo \u00fanico. S\u00e3o Ministros de Estado os titulares dos Minist\u00e9rios, o Chefe da Casa Civil da Presid\u00eancia da Rep\u00fablica, o Chefe do Gabinete de Seguran\u00e7a Institucional da Presid\u00eancia da Rep\u00fablica, o Chefe da Secretaria-Geral da Presid\u00eancia da Rep\u00fablica, o Chefe da Secretaria de Rela\u00e7\u00f5es Institucionais da Presid\u00eancia da Rep\u00fablica, o Chefe da Secretaria de Comunica\u00e7\u00e3o Social da Presid\u00eancia da Rep\u00fablica, o Chefe da Secretaria de Assuntos Estrat\u00e9gicos da Presid\u00eancia da Rep\u00fablica, o Chefe da Secretaria Especial de Pol\u00edticas de Promo\u00e7\u00e3o da Igualdade Racial, o Advogado-Geral da Uni\u00e3o, o Ministro de Estado do Controle e da Transpar\u00eancia, e o Presidente do Banco Central do Brasil.&#8221; <strong>(NR)<\/strong> <\/span><\/span><\/p>\n<p class=\"MsoBodyTextIndent2\" style=\"margin:0 0 6pt 56.7pt;\"><span lang=\"PT-BR\"><span style=\"font-size:x-small;\">&#8220;Art. 27. &#8230;&#8230;&#8230;&#8230;&#8230;&#8230;&#8230;&#8230;&#8230;&#8230;&#8230;&#8230;&#8230;&#8230;&#8230;&#8230;&#8230;&#8230;&#8230;&#8230;&#8230;&#8230;&#8230;&#8230;&#8230;&#8230;&#8230;&#8230;&#8230;&#8230;&#8230;&#8230;&#8230;&#8230;&#8230;&#8230;&#8230;&#8230;&#8230;.<\/span><\/span><\/p>\n<p class=\"MsoBodyTextIndent2\" style=\"margin:0 0 6pt 56.7pt;\"><span lang=\"PT-BR\"><span style=\"font-size:x-small;\">&#8230;&#8230;&#8230;&#8230;&#8230;&#8230;&#8230;&#8230;&#8230;&#8230;&#8230;&#8230;&#8230;&#8230;&#8230;&#8230;&#8230;&#8230;&#8230;&#8230;&#8230;&#8230;&#8230;&#8230;&#8230;&#8230;&#8230;&#8230;&#8230;&#8230;&#8230;&#8230;&#8230;&#8230;&#8230;&#8230;&#8230;&#8230;&#8230;&#8230;&#8230;&#8230;&#8230;&#8230;<\/span><\/span><\/p>\n<p class=\"MsoBodyTextIndent2\" style=\"margin:0 0 6pt 56.7pt;\"><span lang=\"PT-BR\"><span style=\"font-size:x-small;\">XXIV &#8211; Minist\u00e9rio da Pesca e Aquicultura:<\/span><\/span><\/p>\n<p class=\"MsoBodyTextIndent2\" style=\"margin:0 0 6pt 56.7pt;\"><span lang=\"PT-BR\"><span style=\"font-size:x-small;\">a) pol\u00edtica nacional pesqueira e aqu\u00edcola, abrangendo produ\u00e7\u00e3o, transporte, beneficiamento, transforma\u00e7\u00e3o, comercializa\u00e7\u00e3o, abastecimento e armazenagem; <\/span><\/span><\/p>\n<p class=\"MsoBodyTextIndent2\" style=\"margin:0 0 6pt 56.7pt;\"><span lang=\"PT-BR\"><span style=\"font-size:x-small;\">b) fomento da produ\u00e7\u00e3o pesqueira e aqu\u00edcola; <\/span><\/span><\/p>\n<p class=\"MsoBodyTextIndent2\" style=\"margin:0 0 6pt 56.7pt;\"><span lang=\"PT-BR\"><span style=\"font-size:x-small;\">c) implanta\u00e7\u00e3o de infraestrutura de apoio \u00e0 produ\u00e7\u00e3o, ao beneficiamento e \u00e0 comercializa\u00e7\u00e3o do pescado e de fomento \u00e0 pesca e aquicultura; <\/span><\/span><\/p>\n<p class=\"MsoBodyTextIndent2\" style=\"margin:0 0 6pt 56.7pt;\"><span lang=\"PT-BR\"><span style=\"font-size:x-small;\">d) organiza\u00e7\u00e3o e manuten\u00e7\u00e3o do Registro Geral da Pesca; <\/span><\/span><\/p>\n<p class=\"MsoBodyTextIndent2\" style=\"margin:0 0 6pt 56.7pt;\"><span lang=\"PT-BR\"><span style=\"font-size:x-small;\">e) sanidade pesqueira e aqu\u00edcola; <\/span><\/span><\/p>\n<p class=\"MsoBodyTextIndent2\" style=\"margin:0 0 6pt 56.7pt;\"><span style=\"font-size:x-small;\"><span style=\"color:blue;\" lang=\"PT-BR\">f) normatiza\u00e7\u00e3o das atividades de aquicultura <\/span><span style=\"color:blue;font-family:&quot;\" lang=\"PT-BR\">e pesca<\/span><span style=\"color:blue;\" lang=\"PT-BR\">; <\/span><\/span><\/p>\n<p class=\"MsoBodyTextIndent2\" style=\"margin:0 0 6pt 56.7pt;\"><span lang=\"PT-BR\"><span style=\"font-size:x-small;\">g) fiscaliza\u00e7\u00e3o das atividades de aquicultura e pesca no \u00e2mbito de suas atribui\u00e7\u00f5es e compet\u00eancias; <\/span><\/span><\/p>\n<p class=\"MsoBodyTextIndent2\" style=\"margin:0 0 3pt 56.7pt;\"><span style=\"color:blue;font-family:&quot;\" lang=\"PT-BR\"><span style=\"font-size:x-small;\">h) concess\u00e3o de licen\u00e7as, permiss\u00f5es e autoriza\u00e7\u00f5es para o exerc\u00edcio da aquicultura e das seguintes modalidades de pesca no territ\u00f3rio nacional, compreendendo as \u00e1guas continentais e interiores e o mar territorial da Plataforma Continental, da Zona Econ\u00f4mica Exclusiva, \u00e1reas adjacentes e \u00e1guas internacionais, exclu\u00eddas as Unidades de Conserva\u00e7\u00e3o federais e sem preju\u00edzo das licen\u00e7as ambientais previstas na legisla\u00e7\u00e3o vigente:<\/span><\/span><\/p>\n<p class=\"TRANSCRIO\" style=\"text-indent:0;margin:0 0 3pt 56.7pt;\"><span style=\"font-size:10pt;color:blue;font-style:normal;font-family:&quot;\" lang=\"PT-BR\">1) pesca comercial, compreendendo as categorias industrial e artesanal; <\/span><\/p>\n<p class=\"TRANSCRIO\" style=\"text-indent:0;margin:0 0 3pt 56.7pt;\"><span style=\"font-size:10pt;color:blue;font-style:normal;font-family:&quot;\" lang=\"PT-BR\">2) pesca de esp\u00e9cimes ornamentais; <\/span><\/p>\n<p class=\"TRANSCRIO\" style=\"text-indent:0;margin:0 0 3pt 56.7pt;\"><span style=\"font-size:10pt;color:blue;font-style:normal;font-family:&quot;\" lang=\"PT-BR\">3) pesca de subsist\u00eancia; <\/span><\/p>\n<p class=\"TRANSCRIO\" style=\"text-indent:0;margin:0 0 6pt 56.7pt;\"><span style=\"font-size:10pt;color:blue;font-style:normal;font-family:&quot;\" lang=\"PT-BR\">4) pesca amadora ou desportiva; <\/span><span style=\"font-size:10pt;color:red;font-style:normal;\" lang=\"PT-BR\">[al\u00ednea modificada pela emenda n\u00ba 36, do Relator] <\/span><\/p>\n<p class=\"MsoBodyTextIndent2\" style=\"margin:0 0 6pt 56.7pt;\"><span lang=\"PT-BR\"><span style=\"font-size:x-small;\">i) autoriza\u00e7\u00e3o do arrendamento de embarca\u00e7\u00f5es estrangeiras de pesca e de sua opera\u00e7\u00e3o, observados os limites de sustentabilidade estabelecidos em conjunto com o Minist\u00e9rio do Meio Ambiente; <\/span><\/span><\/p>\n<p class=\"MsoBodyTextIndent2\" style=\"margin:0 0 6pt 56.7pt;\"><span lang=\"PT-BR\"><span style=\"font-size:x-small;\">j) operacionaliza\u00e7\u00e3o da concess\u00e3o da subven\u00e7\u00e3o econ\u00f4mica ao pre\u00e7o do \u00f3leo diesel institu\u00edda pela Lei n\u00ba 9.445, de 14 de mar\u00e7o de 1997; <\/span><\/span><\/p>\n<p class=\"MsoBodyTextIndent2\" style=\"margin:0 0 6pt 56.7pt;\"><span lang=\"PT-BR\"><span style=\"font-size:x-small;\">l) pesquisa pesqueira e aqu\u00edcola; e <\/span><\/span><\/p>\n<p class=\"MsoBodyTextIndent2\" style=\"margin:0 0 6pt 56.7pt;\"><span lang=\"PT-BR\"><span style=\"font-size:x-small;\">m) fornecimento ao Minist\u00e9rio do Meio Ambiente dos dados do Registro Geral da Pesca relativos \u00e0s licen\u00e7as, permiss\u00f5es e autoriza\u00e7\u00f5es concedidas para pesca e aquicultura, para fins de registro autom\u00e1tico dos benefici\u00e1rios no Cadastro T\u00e9cnico Federal de Atividades Potencialmente Poluidoras e Utilizadoras de Recursos Ambientais. <\/span><\/span><\/p>\n<p class=\"MsoBodyTextIndent2\" style=\"margin:0 0 6pt 56.7pt;\"><span lang=\"PT-BR\"><span style=\"font-size:x-small;\">&#8230;&#8230;&#8230;&#8230;&#8230;&#8230;&#8230;&#8230;&#8230;&#8230;&#8230;&#8230;&#8230;&#8230;&#8230;&#8230;&#8230;&#8230;&#8230;&#8230;&#8230;&#8230;&#8230;&#8230;&#8230;&#8230;&#8230;&#8230;&#8230;&#8230;&#8230;&#8230;&#8230;&#8230;&#8230;&#8230;&#8230;&#8230;&#8230;&#8230;&#8230;&#8230;&#8230;&#8230;<\/span><\/span><\/p>\n<p class=\"MsoBodyTextIndent2\" style=\"margin:0 0 6pt 56.7pt;\"><span lang=\"PT-BR\"><span style=\"font-size:x-small;\">\u00a7 4\u00ba A compet\u00eancia atribu\u00edda ao Minist\u00e9rio do Meio Ambiente de que trata a al\u00ednea &#8220;f&#8221; do inciso XV ser\u00e1 exercida em conjunto com os Minist\u00e9rios da Agricultura, Pecu\u00e1ria e Abastecimento; do Desenvolvimento, Ind\u00fastria e Com\u00e9rcio Exterior; da Integra\u00e7\u00e3o Nacional; e da Pesca e Aquicultura.<\/span><\/span><\/p>\n<p class=\"MsoBodyTextIndent2\" style=\"margin:0 0 6pt 56.7pt;\"><span lang=\"PT-BR\"><span style=\"font-size:x-small;\">&#8230;&#8230;&#8230;&#8230;&#8230;&#8230;&#8230;&#8230;&#8230;&#8230;&#8230;&#8230;&#8230;&#8230;&#8230;&#8230;&#8230;&#8230;&#8230;&#8230;&#8230;&#8230;&#8230;&#8230;&#8230;&#8230;&#8230;&#8230;&#8230;&#8230;&#8230;&#8230;&#8230;&#8230;&#8230;&#8230;&#8230;&#8230;&#8230;&#8230;&#8230;&#8230;&#8230;&#8230;<\/span><\/span><\/p>\n<p class=\"MsoBodyTextIndent2\" style=\"margin:0 0 6pt 56.7pt;\"><span style=\"font-size:x-small;\"><span style=\"color:blue;font-family:&quot;\" lang=\"PT-BR\">\u00a7 6\u00ba Cabe aos Minist\u00e9rios da Pesca e Aquicultura e do Meio Ambiente, em conjunto e sob a coordena\u00e7\u00e3o do primeiro, nos aspectos relacionados ao uso sustent\u00e1vel dos recursos pesqueiros:<\/span><span style=\"color:blue;\" lang=\"PT-BR\"> <\/span><span style=\"color:red;\" lang=\"PT-BR\">[modificado pela emenda n\u00ba 37, do Relator] <\/span><\/span><\/p>\n<p class=\"MsoBodyTextIndent2\" style=\"margin:0 0 6pt 56.7pt;\"><span style=\"color:black;font-family:&quot;\" lang=\"PT-BR\"><span style=\"font-size:x-small;\">I &#8211; fixar as normas, crit\u00e9rios, padr\u00f5es e medidas de ordenamento do uso sustent\u00e1vel dos recursos pesqueiros, com base nos melhores dados cient\u00edficos e existentes, na forma do regulamento; e <\/span><\/span><\/p>\n<p class=\"MsoBodyTextIndent2\" style=\"margin:0 0 6pt 56.7pt;\"><span lang=\"PT-BR\"><span style=\"font-size:x-small;\">II &#8211; subsidiar, assessorar e participar, em intera\u00e7\u00e3o com o Minist\u00e9rio das Rela\u00e7\u00f5es Exteriores, de negocia\u00e7\u00f5es e eventos que envolvam o comprometimento de direitos e a interfer\u00eancia em interesses nacionais sobre a pesca e aquicultura. <\/span><\/span><\/p>\n<p class=\"MsoBodyTextIndent2\" style=\"margin:0 0 6pt 56.7pt;\"><span lang=\"PT-BR\"><span style=\"font-size:x-small;\">&#8230;&#8230;&#8230;&#8230;&#8230;&#8230;&#8230;&#8230;&#8230;&#8230;&#8230;&#8230;&#8230;&#8230;&#8230;&#8230;&#8230;&#8230;&#8230;&#8230;&#8230;&#8230;&#8230;&#8230;&#8230;&#8230;&#8230;&#8230;&#8230;&#8230;&#8230;&#8230;&#8230;&#8230;&#8230;&#8230;&#8230;&#8230;&#8230;&#8230;&#8230;&#8230;&#8230;&#8230;<\/span><\/span><\/p>\n<p class=\"MsoBodyTextIndent2\" style=\"margin:0 0 6pt 56.7pt;\"><span lang=\"PT-BR\"><span style=\"font-size:x-small;\">\u00a7 12. A compet\u00eancia referida na al\u00ednea &#8220;g&#8221; do inciso XXIV n\u00e3o exclui o exerc\u00edcio do poder de pol\u00edcia ambiental do Instituto Brasileiro do Meio Ambiente e dos Recursos Naturais Renov\u00e1veis &#8211; IBAMA.<\/span><\/span><\/p>\n<p class=\"MsoBodyTextIndent2\" style=\"margin:0 0 6pt 56.7pt;\"><span lang=\"PT-BR\"><span style=\"font-size:x-small;\">\u00a7 13. Cabe ao Minist\u00e9rio da Pesca e Aquicultura repassar ao Instituto Brasileiro do Meio Ambiente e dos Recursos Naturais Renov\u00e1veis \u2013 IBAMA cinquenta por cento das receitas das taxas arrecadadas, destinadas ao custeio das atividades de fiscaliza\u00e7\u00e3o da pesca e da aquicultura.&#8221; <strong>(NR)<\/strong> <\/span><\/span><\/p>\n<p class=\"MsoBodyTextIndent2\" style=\"margin:0 0 6pt 56.7pt;\"><span lang=\"PT-BR\"><span style=\"font-size:x-small;\">&#8220;Art. 29. &#8230;&#8230;&#8230;&#8230;&#8230;&#8230;&#8230;&#8230;&#8230;&#8230;&#8230;&#8230;&#8230;&#8230;&#8230;&#8230;&#8230;&#8230;&#8230;&#8230;&#8230;&#8230;&#8230;&#8230;&#8230;&#8230;&#8230;&#8230;&#8230;&#8230;&#8230;&#8230;&#8230;&#8230;&#8230;&#8230;&#8230;&#8230;&#8230;.<\/span><\/span><\/p>\n<p class=\"MsoBodyTextIndent2\" style=\"margin:0 0 6pt 56.7pt;\"><span lang=\"PT-BR\"><span style=\"font-size:x-small;\">&#8230;&#8230;&#8230;&#8230;&#8230;&#8230;&#8230;&#8230;&#8230;&#8230;&#8230;&#8230;&#8230;&#8230;&#8230;&#8230;&#8230;&#8230;&#8230;&#8230;&#8230;&#8230;&#8230;&#8230;&#8230;&#8230;&#8230;&#8230;&#8230;&#8230;&#8230;&#8230;&#8230;&#8230;&#8230;&#8230;&#8230;&#8230;&#8230;&#8230;&#8230;&#8230;&#8230;&#8230;<\/span><\/span><\/p>\n<p class=\"MsoBodyTextIndent2\" style=\"margin:0 0 6pt 56.7pt;\"><span lang=\"PT-BR\"><span style=\"font-size:x-small;\">XXIV &#8211; do Minist\u00e9rio da Pesca e Aquicultura o Conselho Nacional de Aquicultura e Pesca e at\u00e9 quatro Secretarias.<\/span><\/span><\/p>\n<p class=\"MsoBodyTextIndent2\" style=\"margin:0 0 6pt 56.7pt;\"><span lang=\"PT-BR\"><span style=\"font-size:x-small;\">&#8230;&#8230;&#8230;&#8230;&#8230;&#8230;&#8230;&#8230;&#8230;&#8230;&#8230;&#8230;&#8230;&#8230;&#8230;&#8230;&#8230;&#8230;&#8230;&#8230;&#8230;&#8230;&#8230;&#8230;&#8230;&#8230;&#8230;&#8230;&#8230;&#8230;&#8230;&#8230;&#8230;&#8230;&#8230;&#8230;&#8230;&#8230;&#8230;&#8230;&#8230;&#8230;&#8230;&#8230;<\/span><\/span><\/p>\n<p class=\"MsoBodyTextIndent2\" style=\"margin:0 0 6pt 56.7pt;\"><span lang=\"PT-BR\"><span style=\"font-size:x-small;\">\u00a7 7\u00ba Ao Conselho Nacional de Aquicultura e Pesca, presidido pelo Ministro de Estado da Pesca e Aquicultura e composto na forma estabelecida em regulamento pelo Poder Executivo, compete subsidiar a formula\u00e7\u00e3o da pol\u00edtica nacional para a pesca e aquicultura, propondo diretrizes para o desenvolvimento e fomento da produ\u00e7\u00e3o pesqueira e aqu\u00edcola, apreciar as diretrizes para o desenvolvimento do plano de a\u00e7\u00e3o da pesca e aquicultura e propor medidas destinadas a garantir a sustentabilidade da atividade pesqueira e aqu\u00edcola.&#8221; <strong>(NR)<\/strong> <\/span><\/span><\/p>\n<p class=\"CorpoPadro\" style=\"margin:6pt 0 10pt;\"><span style=\"font-size:small;\"><strong><span lang=\"PT-BR\">Art. <span><span>2<\/span><\/span>\u00ba<\/span><\/strong><span lang=\"PT-BR\"> Fica transformada a Secretaria Especial de Aquicultura e Pesca da Presid\u00eancia da Rep\u00fablica em Minist\u00e9rio da Pesca e Aquicultura. <\/span><\/span><\/p>\n<p class=\"CorpoPadro\" style=\"margin:0 0 10pt;\"><span style=\"font-size:small;\"><strong><span lang=\"PT-BR\">Art. <span><span>3<\/span><\/span>\u00ba<\/span><\/strong><span lang=\"PT-BR\"> Ficam transferidas ao Minist\u00e9rio da Pesca e Aquicultura as compet\u00eancias e incumb\u00eancias atribu\u00eddas \u00e0 Secretaria Especial de Aquicultura e Pesca da Presid\u00eancia da Rep\u00fablica e ao seu titular na data de publica\u00e7\u00e3o desta Lei. <\/span><\/span><\/p>\n<p class=\"CorpoPadro\" style=\"margin:0 0 10pt;\"><span style=\"font-size:small;\"><strong><span lang=\"PT-BR\">Art. <span><span>4<\/span><\/span>\u00ba<\/span><\/strong><span lang=\"PT-BR\"> Fica criado o cargo de Ministro de Estado da Pesca e Aquicultura. <\/span><\/span><\/p>\n<p class=\"CorpoPadro\" style=\"margin:0 0 10pt;\"><span style=\"font-size:small;\"><strong><span lang=\"PT-BR\">Art. <span><span>5<\/span><\/span>\u00ba<\/span><\/strong><span lang=\"PT-BR\"> Ficam transformados: <\/span><\/span><\/p>\n<p class=\"CorpoPadro\" style=\"margin:0 0 10pt;\"><span lang=\"PT-BR\"><span style=\"font-size:small;\">I &#8211; o cargo de natureza especial de Secret\u00e1rio Especial de Aquicultura e Pesca da Presid\u00eancia da Rep\u00fablica em Secret\u00e1rio-Executivo do Minist\u00e9rio da Pesca e Aquicultura; e <\/span><\/span><\/p>\n<p class=\"CorpoPadro\" style=\"margin:0 0 10pt;\"><span lang=\"PT-BR\"><span style=\"font-size:small;\">II &#8211; o cargo de Secret\u00e1rio Adjunto, DAS 101.6, distribu\u00eddo para a Secretaria Especial de Aquicultura e Pesca nos termos do inciso II do <em>caput<\/em> do art. 40 da Lei n\u00ba 10.683, de 2003, em Secret\u00e1rio DAS 101.6. <\/span><\/span><\/p>\n<p class=\"CorpoPadro\" style=\"margin:0 0 6pt;\"><span style=\"font-size:small;\"><strong><span lang=\"PT-BR\">Art. <span><span>6<\/span><\/span>\u00ba<\/span><\/strong><span lang=\"PT-BR\"> Ficam criados, no \u00e2mbito do Poder Executivo Federal:<\/span><\/span><\/p>\n<p class=\"CorpoPadro\" style=\"line-height:16pt;margin:0 0 6pt;\"><span lang=\"PT-BR\"><span style=\"font-size:small;\">I \u2013 os seguintes cargos em comiss\u00e3o do Grupo-Dire\u00e7\u00e3o e Assessoramento Superiores e Fun\u00e7\u00f5es Gratificadas, destinados ao Minist\u00e9rio da Pesca e Aquicultura: um DAS-6, sete DAS-5, cinquenta e tr\u00eas DAS-4, dezoito DAS-3, setenta e sete DAS-2, sessenta e nove DAS-1, dezenove FG-1, vinte e tr\u00eas FG-2 e dezenove FG-3; <\/span><\/span><\/p>\n<p class=\"CorpoPadro\" style=\"line-height:16pt;margin:0 0 6pt;\"><span style=\"font-family:&quot;\" lang=\"PT-BR\"><span style=\"font-size:small;\">II \u2013 os seguintes cargos em comiss\u00e3o do Grupo-Dire\u00e7\u00e3o e Assessoramento Superiores, destinados \u00e0 Secretaria Especial dos Direitos Humanos da Presid\u00eancia da Rep\u00fablica: cinco DAS-5, dezenove DAS-4, vinte e quatro DAS-3, treze DAS-2 e cinco DAS-1; <\/span><\/span><\/p>\n<p class=\"CorpoPadro\" style=\"line-height:16pt;margin:0 0 6pt;\"><span style=\"font-family:&quot;\" lang=\"PT-BR\"><span style=\"font-size:small;\">III \u2013 as seguintes Gratifica\u00e7\u00f5es de Representa\u00e7\u00e3o da Presid\u00eancia da Rep\u00fablica, destinadas \u00e0 Secretaria Especial dos Direitos Humanos da Presid\u00eancia da Rep\u00fablica: cinco GR-V, sete GR-IV, tr\u00eas GR-III, seis GR-II e seis GR-I. <\/span><\/span><\/p>\n<p class=\"CorpoPadro\" style=\"margin:0 0 10pt;\"><span lang=\"PT-BR\"><span style=\"font-size:small;\">Par\u00e1grafo \u00fanico. Os cargos em comiss\u00e3o e as fun\u00e7\u00f5es gratificadas integrantes da estrutura da Secretaria Especial de Aquicultura e Pesca ficam remanejados para o Minist\u00e9rio da Pesca e Aquicultura. <\/span><\/span><\/p>\n<p class=\"CorpoPadro\" style=\"margin:0 0 10pt;\"><span style=\"font-size:small;\"><strong><span lang=\"PT-BR\">Art. <span><span>7<\/span><\/span>\u00ba<\/span><\/strong><span lang=\"PT-BR\"> At\u00e9 que seja feita a primeira nomea\u00e7\u00e3o decorrente da realiza\u00e7\u00e3o de concurso p\u00fablico para constitui\u00e7\u00e3o de seu quadro de pessoal pr\u00f3prio, o Minist\u00e9rio da Pesca e Aquicultura poder\u00e1 requisitar servidores de \u00f3rg\u00e3os ou entidades da administra\u00e7\u00e3o p\u00fablica federal para o exerc\u00edcio de qualquer cargo em comiss\u00e3o ou fun\u00e7\u00e3o de confian\u00e7a. <\/span><\/span><\/p>\n<p class=\"CorpoPadro\" style=\"margin:0 0 10pt;\"><span style=\"font-size:small;\"><strong><span style=\"font-family:&quot;\" lang=\"PT-BR\">Art. <span><span>8<\/span><\/span>\u00ba<\/span><\/strong><span style=\"font-family:&quot;\" lang=\"PT-BR\"> Aos servidores que se encontrarem requisitados para a Secretaria Especial de Aquicultura e Pesca da Presid\u00eancia da Rep\u00fablica, em 29 de julho de 2008, aplica-se o disposto no par\u00e1grafo \u00fanico do art. 2\u00ba da Lei n\u00ba 9.007, de 17 de mar\u00e7o de 1995. <\/span><\/span><\/p>\n<p class=\"CorpoPadro\" style=\"margin:0 0 10pt;\"><span style=\"font-family:&quot;\" lang=\"PT-BR\"><span style=\"font-size:small;\">Par\u00e1grafo \u00fanico. O disposto no <em>caput <\/em>n\u00e3o se aplica \u00e0s requisi\u00e7\u00f5es ocorridas a partir de 30 de julho de 2008. <\/span><\/span><\/p>\n<p class=\"CorpoPadro\" style=\"margin:0 0 10pt;\"><span style=\"font-size:small;\"><strong><span style=\"color:blue;\" lang=\"PT-BR\">Art. <span><span>9<\/span><\/span>\u00ba<\/span><\/strong><span style=\"color:blue;\" lang=\"PT-BR\"> A estrutura organizacional do Minist\u00e9rio da Pesca e Aquicultura compreender\u00e1, entre outros \u00f3rg\u00e3os, Superintend\u00eancias Federais de Pesca e Aquicultura, unidades descentralizadas \u00e0s quais competir\u00e1 executar atividades e a\u00e7\u00f5es de: <\/span><\/span><\/p>\n<p class=\"CorpoPadro\" style=\"margin:0 0 10pt;\"><span style=\"color:blue;\" lang=\"PT-BR\"><span style=\"font-size:small;\">I \u2013 fomento e desenvolvimento da pesca e da aquicultura;<\/span><\/span><\/p>\n<p class=\"CorpoPadro\" style=\"margin:0 0 10pt;\"><span style=\"color:blue;\" lang=\"PT-BR\"><span style=\"font-size:small;\">II \u2013 apoio \u00e0 produ\u00e7\u00e3o, ao beneficiamento e \u00e0 comercializa\u00e7\u00e3o do pescado;<\/span><\/span><\/p>\n<p class=\"CorpoPadro\" style=\"margin:0 0 10pt;\"><span style=\"color:blue;\" lang=\"PT-BR\"><span style=\"font-size:small;\">III \u2013 sanidade pesqueira e aqu\u00edcola;<\/span><\/span><\/p>\n<p class=\"CorpoPadro\" style=\"margin:0 0 10pt;\"><span style=\"color:blue;\" lang=\"PT-BR\"><span style=\"font-size:small;\">IV \u2013 pesquisa e difus\u00e3o de informa\u00e7\u00f5es cient\u00edficas e tecnol\u00f3gicas relativas \u00e0 pesca e \u00e0 aquicultura;<\/span><\/span><\/p>\n<p class=\"CorpoPadro\" style=\"margin:0 0 10pt;\"><span style=\"color:blue;\" lang=\"PT-BR\"><span style=\"font-size:small;\">V \u2013 assuntos relacionados \u00e0 infraestrutura pesqueira e aqu\u00edcola; ao cooperativismo e associativismo de pescadores e aquicultores; e \u00e0s Col\u00f4nias e Federa\u00e7\u00f5es Estaduais de Pescadores;<\/span><\/span><\/p>\n<p class=\"CorpoPadro\" style=\"margin:0 0 10pt;\"><span style=\"color:blue;\" lang=\"PT-BR\"><span style=\"font-size:small;\">VI \u2013 administra\u00e7\u00e3o de recursos humanos e de servi\u00e7os gerais;<\/span><\/span><\/p>\n<p class=\"CorpoPadro\" style=\"margin:0 0 10pt;\"><span style=\"color:blue;\" lang=\"PT-BR\"><span style=\"font-size:small;\">VII \u2013 programa\u00e7\u00e3o, acompanhamento e execu\u00e7\u00e3o or\u00e7ament\u00e1ria e financeira dos recursos alocados;<\/span><\/span><\/p>\n<p class=\"CorpoPadro\" style=\"margin:0 0 10pt;\"><span style=\"color:blue;\" lang=\"PT-BR\"><span style=\"font-size:small;\">VIII \u2013 qualidade e produtividade dos servi\u00e7os prestados aos usu\u00e1rios e aperfei\u00e7oamento da gest\u00e3o da Superintend\u00eancia.<\/span><\/span><\/p>\n<p class=\"CorpoPadro\" style=\"margin:0 0 10pt;\"><span style=\"color:blue;\" lang=\"PT-BR\"><span style=\"font-size:small;\">\u00a7 1\u00ba As Superintend\u00eancias Federais de Pesca e Aquicultura ter\u00e3o jurisdi\u00e7\u00e3o no \u00e2mbito de cada Estado da Federa\u00e7\u00e3o e do Distrito Federal, podendo haver altera\u00e7\u00e3o desse limite, no interesse comum, para execu\u00e7\u00e3o das respectivas atribui\u00e7\u00f5es, mediante ato do Ministro de Estado.<\/span><\/span><\/p>\n<p class=\"CorpoPadro\" style=\"margin:0 0 10pt;\"><span style=\"color:blue;\" lang=\"PT-BR\"><span style=\"font-size:small;\">\u00a7 2\u00ba O Poder Executivo dispor\u00e1 sobre os demais aspectos da estrutura regimental do Minist\u00e9rio da Pesca e Aquicultura, sobre suas compet\u00eancias e atribui\u00e7\u00f5es, sobre a denomina\u00e7\u00e3o de suas unidades e especifica\u00e7\u00e3o dos cargos.<\/span><\/span><\/p>\n<p class=\"CorpoPadro\" style=\"margin:0 0 10pt;\"><span style=\"color:blue;\" lang=\"PT-BR\"><span style=\"font-size:small;\">\u00a7 3\u00ba At\u00e9 que seja aprovada a estrutura regimental do Minist\u00e9rio da Pesca e Aquicultura: <\/span><\/span><\/p>\n<p class=\"CorpoPadro\" style=\"margin:0 0 10pt;\"><span style=\"color:blue;\" lang=\"PT-BR\"><span style=\"font-size:small;\">I \u2013 s\u00e3o mantidas a estrutura, as compet\u00eancias, as atribui\u00e7\u00f5es, a denomina\u00e7\u00e3o das unidades e a especifica\u00e7\u00e3o dos cargos da Secretaria Especial de Aquicultura e Pesca, vigentes em 29 de julho de 2008; e<\/span><\/span><\/p>\n<p class=\"CorpoPadro\" style=\"margin:0 0 10pt;\"><span style=\"color:blue;\" lang=\"PT-BR\"><span style=\"font-size:small;\">II \u2013 caber\u00e1 \u00e0 Subchefia para Assuntos Jur\u00eddicos da Casa Civil da Presid\u00eancia da Rep\u00fablica prestar assist\u00eancia jur\u00eddica \u00e0quele \u00f3rg\u00e3o. <\/span><\/span><span style=\"font-size:10pt;color:red;\" lang=\"PT-BR\">[artigo modificado pela emenda n\u00ba 3] <\/span><\/p>\n<p class=\"CorpoPadro\" style=\"margin:0 0 10pt;\"><span style=\"font-size:small;\"><strong><span lang=\"PT-BR\">Art.<\/span><\/strong><span lang=\"PT-BR\"> <strong><span><span>10<\/span><\/span>.<\/strong> Fica transferido o acervo patrimonial da Secretaria Especial de Aquicultura e Pesca para o Minist\u00e9rio da Pesca e Aquicultura. <\/span><\/span><\/p>\n<p class=\"CorpoPadro\" style=\"margin:0 0 10pt;\"><span style=\"font-size:small;\"><strong><span lang=\"PT-BR\">Art. <span><span>11<\/span><\/span>. <\/span><\/strong><span lang=\"PT-BR\">O art. 10 da Lei n\u00ba 7.853, de 24 de outubro de 1989, passa a vigorar com a seguinte altera\u00e7\u00e3o: <\/span><\/span><\/p>\n<p class=\"MsoBodyTextIndent2\" style=\"margin:0 0 6pt 56.7pt;\"><span lang=\"PT-BR\"><span style=\"font-size:x-small;\">&#8220;Art. 10. A coordena\u00e7\u00e3o superior dos assuntos, a\u00e7\u00f5es governamentais e medidas referentes a pessoas portadoras de defici\u00eancia caber\u00e1 \u00e0 Secretaria Especial dos Direitos Humanos da Presid\u00eancia da Rep\u00fablica.<\/span><\/span><\/p>\n<p class=\"MsoBodyTextIndent2\" style=\"margin:0 0 6pt 56.7pt;\"><span lang=\"PT-BR\"><span style=\"font-size:x-small;\">&#8230;&#8230;&#8230;&#8230;&#8230;&#8230;&#8230;&#8230;&#8230;&#8230;&#8230;&#8230;&#8230;&#8230;&#8230;&#8230;&#8230;&#8230;&#8230;&#8230;&#8230;&#8230;&#8230;&#8230;&#8230;&#8230;&#8230;&#8230;&#8230;&#8230;&#8230;&#8230;&#8230;&#8230;&#8230;&#8230;&#8230;&#8230;&#8230;&#8230;..&#8221; <strong>(NR)<\/strong> <\/span><\/span><\/p>\n<p class=\"CorpoPadro\" style=\"margin:0 0 10pt;\"><span style=\"color:#0000ff;\"><span style=\"font-size:small;\"><strong><span style=\"color:blue;font-family:&quot;\" lang=\"PT-BR\"><span class=\"msoIns\"><ins datetime=\"2009-03-25T16:52\" cite=\"mailto:P_4305\">Art. <\/ins><\/span><\/span><\/strong><strong><span style=\"color:blue;font-family:&quot;\" lang=\"PT-BR\"><span>12<\/span><\/span><\/strong><strong><span style=\"color:blue;font-family:&quot;\" lang=\"PT-BR\"><span class=\"msoIns\"><ins datetime=\"2009-03-25T16:52\" cite=\"mailto:P_4305\">.<\/ins><\/span><\/span><\/strong><span style=\"color:blue;font-family:&quot;\" lang=\"PT-BR\"><span class=\"msoIns\"><ins datetime=\"2009-03-25T16:52\" cite=\"mailto:P_4305\"> <\/ins><\/span>Fica a Empresa Brasileira de Pesquisa Agropecu\u00e1ria \u2013 Embrapa, institu\u00edda pela Lei n\u00ba 5.851, de 7 de dezembro de 1972, autorizada a criar centros especializados para a pesquisa das atividades de aquicultura e pesca. <\/span><\/span><\/span><span style=\"font-size:10pt;color:red;\" lang=\"PT-BR\">[acrescentado pela emenda n\u00ba 38, do Relator] <\/span><span style=\"color:blue;font-family:&quot;\" lang=\"PT-BR\"><span class=\"msoIns\"><ins datetime=\"2009-03-25T16:52\" cite=\"mailto:P_4305\"><\/ins><\/span><\/span><\/p>\n<p class=\"CorpoPadro\" style=\"margin:0 0 10pt;\"><span style=\"font-size:small;\"><strong><span lang=\"PT-BR\">Art. <span><span>13<\/span><\/span>.<\/span><\/strong><span lang=\"PT-BR\"> As despesas decorrentes do disposto nesta Lei correr\u00e3o \u00e0 conta das dota\u00e7\u00f5es consignadas no Or\u00e7amento da Uni\u00e3o. <\/span><\/span><\/p>\n<p class=\"CorpoPadro\" style=\"margin:0 0 6pt;\"><span style=\"font-size:small;\"><strong><span lang=\"PT-BR\">Art.<\/span><\/strong><span lang=\"PT-BR\"> <strong><span><span>14<\/span><\/span>.<\/strong> Ficam revogados os seguintes dispositivos da Lei n\u00ba 10.683, de 28 de maio de 2003: <\/span><\/span><\/p>\n<p class=\"CorpoPadro\" style=\"line-height:16pt;margin:0 0 6pt;\"><span lang=\"PT-BR\"><span style=\"font-size:small;\">I \u2013 o inciso IV do \u00a7 3\u00ba do art. 1\u00ba; <\/span><\/span><\/p>\n<p class=\"CorpoPadro\" style=\"line-height:16pt;margin:0 0 6pt;\"><span lang=\"PT-BR\"><span style=\"font-size:small;\">II \u2013 o art. 23; e <\/span><\/span><\/p>\n<p class=\"CorpoPadro\" style=\"line-height:16pt;margin:0 0 10pt;\"><span lang=\"PT-BR\"><span style=\"font-size:small;\">III \u2013 o inciso VII do art. 30. <\/span><\/span><\/p>\n<p class=\"CorpoPadro\" style=\"margin:0 0 10pt;\"><span style=\"font-size:small;\"><strong><span lang=\"PT-BR\">Art.<\/span><\/strong><span lang=\"PT-BR\"> <strong><span><span>15<\/span><\/span>.<\/strong> Esta Lei entra em vigor na data de sua publica\u00e7\u00e3o, exceto em rela\u00e7\u00e3o \u00e0 compet\u00eancia prevista no inciso I do \u00a7 6\u00ba do art. 27 da Lei n\u00ba 10.683, de 2003, que entrar\u00e1 em vigor a partir da vig\u00eancia do regulamento nele referido.<\/span><\/span><\/p>\n<p class=\"MsoNormal\">Fonte: CORDE\/SEDH<\/p>\n<p class=\"MsoNormal\"><a href=\"http:\/\/www.mj.gov.br\/corde\/\">http:\/\/www.mj.gov.br\/corde\/<\/a><\/p>\n<p>\u00a0<\/p>\n<p><\/span><\/span><\/span><\/span><\/span><\/span><\/div>\n","protected":false},"excerpt":{"rendered":"<p>C\u00e2mara dos Deputados aprova APROVADO PL 3960\/2008 que trata da reestrutura\u00e7\u00e3o da Secretaria Especial dos Direitos Humanos e da CORDE \u00a0 Local: Bras\u00edlia &#8211; DF Data: 26 de mar\u00e7o de 2009 \u00a0 \u00a0 A\u00a0C\u00e2mara dos Deputados aprovou ontem\u00a0 (25\/03)\u00a0 o\u00a0\u00a0parecer do\u00a0Dep. Jos\u00e9 Airton Cirilo (PT\/CE) ao PL 3960 de 2008 que cria o Minist\u00e9rio da [&hellip;]<\/p>\n","protected":false},"author":2,"featured_media":0,"comment_status":"open","ping_status":"open","sticky":false,"template":"","format":"standard","meta":{"site-container-style":"default","site-container-layout":"default","site-sidebar-layout":"default","disable-article-header":"default","disable-site-header":"default","disable-site-footer":"default","disable-content-area-spacing":"default","footnotes":""},"categories":[4],"tags":[],"class_list":["post-6966","post","type-post","status-publish","format-standard","hentry","category-noticias"],"yoast_head":"<!-- This site is optimized with the Yoast SEO plugin v27.4 - https:\/\/yoast.com\/product\/yoast-seo-wordpress\/ -->\n<title>Aprovada reestrutura\u00e7\u00e3o da CORDE Nacional -<\/title>\n<meta name=\"robots\" content=\"index, follow, max-snippet:-1, max-image-preview:large, max-video-preview:-1\" \/>\n<link rel=\"canonical\" href=\"https:\/\/inclusivenews.com.br\/?p=6966\" \/>\n<meta property=\"og:locale\" content=\"pt_PT\" \/>\n<meta property=\"og:type\" content=\"article\" \/>\n<meta property=\"og:title\" content=\"Aprovada reestrutura\u00e7\u00e3o da CORDE Nacional -\" \/>\n<meta property=\"og:description\" content=\"C\u00e2mara dos Deputados aprova APROVADO PL 3960\/2008 que trata da reestrutura\u00e7\u00e3o da Secretaria Especial dos Direitos Humanos e da CORDE \u00a0 Local: Bras\u00edlia &#8211; DF Data: 26 de mar\u00e7o de 2009 \u00a0 \u00a0 A\u00a0C\u00e2mara dos Deputados aprovou ontem\u00a0 (25\/03)\u00a0 o\u00a0\u00a0parecer do\u00a0Dep. Jos\u00e9 Airton Cirilo (PT\/CE) ao PL 3960 de 2008 que cria o Minist\u00e9rio da [&hellip;]\" \/>\n<meta property=\"og:url\" content=\"https:\/\/inclusivenews.com.br\/?p=6966\" \/>\n<meta property=\"article:publisher\" content=\"https:\/\/www.facebook.com\/agenciainclusive\/\" \/>\n<meta property=\"article:published_time\" content=\"2009-04-15T21:03:35+00:00\" \/>\n<meta name=\"author\" content=\"Inclusive\" \/>\n<meta name=\"twitter:card\" content=\"summary_large_image\" \/>\n<meta name=\"twitter:label1\" content=\"Escrito por\" \/>\n\t<meta name=\"twitter:data1\" content=\"Inclusive\" \/>\n\t<meta name=\"twitter:label2\" content=\"Tempo estimado de leitura\" \/>\n\t<meta name=\"twitter:data2\" content=\"13 minutos\" \/>\n<script type=\"application\/ld+json\" class=\"yoast-schema-graph\">{\"@context\":\"https:\\\/\\\/schema.org\",\"@graph\":[{\"@type\":\"Article\",\"@id\":\"https:\\\/\\\/inclusivenews.com.br\\\/?p=6966#article\",\"isPartOf\":{\"@id\":\"https:\\\/\\\/inclusivenews.com.br\\\/?p=6966\"},\"author\":{\"name\":\"Inclusive\",\"@id\":\"https:\\\/\\\/inclusivenews.com.br\\\/#\\\/schema\\\/person\\\/0dab492019871b94abb65fa8ee7c8c44\"},\"headline\":\"Aprovada reestrutura\u00e7\u00e3o da CORDE Nacional\",\"datePublished\":\"2009-04-15T21:03:35+00:00\",\"mainEntityOfPage\":{\"@id\":\"https:\\\/\\\/inclusivenews.com.br\\\/?p=6966\"},\"wordCount\":2695,\"commentCount\":0,\"publisher\":{\"@id\":\"https:\\\/\\\/inclusivenews.com.br\\\/#organization\"},\"articleSection\":[\"NOT\u00cdCIAS\"],\"inLanguage\":\"pt-PT\",\"potentialAction\":[{\"@type\":\"CommentAction\",\"name\":\"Comment\",\"target\":[\"https:\\\/\\\/inclusivenews.com.br\\\/?p=6966#respond\"]}]},{\"@type\":\"WebPage\",\"@id\":\"https:\\\/\\\/inclusivenews.com.br\\\/?p=6966\",\"url\":\"https:\\\/\\\/inclusivenews.com.br\\\/?p=6966\",\"name\":\"Aprovada reestrutura\u00e7\u00e3o da CORDE Nacional -\",\"isPartOf\":{\"@id\":\"https:\\\/\\\/inclusivenews.com.br\\\/#website\"},\"datePublished\":\"2009-04-15T21:03:35+00:00\",\"breadcrumb\":{\"@id\":\"https:\\\/\\\/inclusivenews.com.br\\\/?p=6966#breadcrumb\"},\"inLanguage\":\"pt-PT\",\"potentialAction\":[{\"@type\":\"ReadAction\",\"target\":[\"https:\\\/\\\/inclusivenews.com.br\\\/?p=6966\"]}]},{\"@type\":\"BreadcrumbList\",\"@id\":\"https:\\\/\\\/inclusivenews.com.br\\\/?p=6966#breadcrumb\",\"itemListElement\":[{\"@type\":\"ListItem\",\"position\":1,\"name\":\"In\u00edcio\",\"item\":\"https:\\\/\\\/inclusivenews.com.br\\\/\"},{\"@type\":\"ListItem\",\"position\":2,\"name\":\"Aprovada reestrutura\u00e7\u00e3o da CORDE Nacional\"}]},{\"@type\":\"WebSite\",\"@id\":\"https:\\\/\\\/inclusivenews.com.br\\\/#website\",\"url\":\"https:\\\/\\\/inclusivenews.com.br\\\/\",\"name\":\"Inclusive News\",\"description\":\"Inclusive News\",\"publisher\":{\"@id\":\"https:\\\/\\\/inclusivenews.com.br\\\/#organization\"},\"potentialAction\":[{\"@type\":\"SearchAction\",\"target\":{\"@type\":\"EntryPoint\",\"urlTemplate\":\"https:\\\/\\\/inclusivenews.com.br\\\/?s={search_term_string}\"},\"query-input\":{\"@type\":\"PropertyValueSpecification\",\"valueRequired\":true,\"valueName\":\"search_term_string\"}}],\"inLanguage\":\"pt-PT\"},{\"@type\":\"Organization\",\"@id\":\"https:\\\/\\\/inclusivenews.com.br\\\/#organization\",\"name\":\"Inclusive - inclus\u00e3o e cidadania\",\"url\":\"https:\\\/\\\/inclusivenews.com.br\\\/\",\"logo\":{\"@type\":\"ImageObject\",\"inLanguage\":\"pt-PT\",\"@id\":\"https:\\\/\\\/inclusivenews.com.br\\\/#\\\/schema\\\/logo\\\/image\\\/\",\"url\":\"https:\\\/\\\/inclusivenews.com.br\\\/wp-content\\\/uploads\\\/2024\\\/03\\\/@grandesite.png\",\"contentUrl\":\"https:\\\/\\\/inclusivenews.com.br\\\/wp-content\\\/uploads\\\/2024\\\/03\\\/@grandesite.png\",\"width\":1080,\"height\":1080,\"caption\":\"Inclusive - inclus\u00e3o e cidadania\"},\"image\":{\"@id\":\"https:\\\/\\\/inclusivenews.com.br\\\/#\\\/schema\\\/logo\\\/image\\\/\"},\"sameAs\":[\"https:\\\/\\\/www.facebook.com\\\/agenciainclusive\\\/\",\"https:\\\/\\\/www.instagram.com\\\/newsinclusive\\\/\"]},{\"@type\":\"Person\",\"@id\":\"https:\\\/\\\/inclusivenews.com.br\\\/#\\\/schema\\\/person\\\/0dab492019871b94abb65fa8ee7c8c44\",\"name\":\"Inclusive\",\"image\":{\"@type\":\"ImageObject\",\"inLanguage\":\"pt-PT\",\"@id\":\"https:\\\/\\\/secure.gravatar.com\\\/avatar\\\/?s=96&d=mm&r=g\",\"url\":\"https:\\\/\\\/secure.gravatar.com\\\/avatar\\\/?s=96&d=mm&r=g\",\"contentUrl\":\"https:\\\/\\\/secure.gravatar.com\\\/avatar\\\/?s=96&d=mm&r=g\",\"caption\":\"Inclusive\"},\"url\":\"https:\\\/\\\/inclusivenews.com.br\\\/?author=2\"}]}<\/script>\n<!-- \/ Yoast SEO plugin. -->","yoast_head_json":{"title":"Aprovada reestrutura\u00e7\u00e3o da CORDE Nacional -","robots":{"index":"index","follow":"follow","max-snippet":"max-snippet:-1","max-image-preview":"max-image-preview:large","max-video-preview":"max-video-preview:-1"},"canonical":"https:\/\/inclusivenews.com.br\/?p=6966","og_locale":"pt_PT","og_type":"article","og_title":"Aprovada reestrutura\u00e7\u00e3o da CORDE Nacional -","og_description":"C\u00e2mara dos Deputados aprova APROVADO PL 3960\/2008 que trata da reestrutura\u00e7\u00e3o da Secretaria Especial dos Direitos Humanos e da CORDE \u00a0 Local: Bras\u00edlia &#8211; DF Data: 26 de mar\u00e7o de 2009 \u00a0 \u00a0 A\u00a0C\u00e2mara dos Deputados aprovou ontem\u00a0 (25\/03)\u00a0 o\u00a0\u00a0parecer do\u00a0Dep. Jos\u00e9 Airton Cirilo (PT\/CE) ao PL 3960 de 2008 que cria o Minist\u00e9rio da [&hellip;]","og_url":"https:\/\/inclusivenews.com.br\/?p=6966","article_publisher":"https:\/\/www.facebook.com\/agenciainclusive\/","article_published_time":"2009-04-15T21:03:35+00:00","author":"Inclusive","twitter_card":"summary_large_image","twitter_misc":{"Escrito por":"Inclusive","Tempo estimado de leitura":"13 minutos"},"schema":{"@context":"https:\/\/schema.org","@graph":[{"@type":"Article","@id":"https:\/\/inclusivenews.com.br\/?p=6966#article","isPartOf":{"@id":"https:\/\/inclusivenews.com.br\/?p=6966"},"author":{"name":"Inclusive","@id":"https:\/\/inclusivenews.com.br\/#\/schema\/person\/0dab492019871b94abb65fa8ee7c8c44"},"headline":"Aprovada reestrutura\u00e7\u00e3o da CORDE Nacional","datePublished":"2009-04-15T21:03:35+00:00","mainEntityOfPage":{"@id":"https:\/\/inclusivenews.com.br\/?p=6966"},"wordCount":2695,"commentCount":0,"publisher":{"@id":"https:\/\/inclusivenews.com.br\/#organization"},"articleSection":["NOT\u00cdCIAS"],"inLanguage":"pt-PT","potentialAction":[{"@type":"CommentAction","name":"Comment","target":["https:\/\/inclusivenews.com.br\/?p=6966#respond"]}]},{"@type":"WebPage","@id":"https:\/\/inclusivenews.com.br\/?p=6966","url":"https:\/\/inclusivenews.com.br\/?p=6966","name":"Aprovada reestrutura\u00e7\u00e3o da CORDE Nacional -","isPartOf":{"@id":"https:\/\/inclusivenews.com.br\/#website"},"datePublished":"2009-04-15T21:03:35+00:00","breadcrumb":{"@id":"https:\/\/inclusivenews.com.br\/?p=6966#breadcrumb"},"inLanguage":"pt-PT","potentialAction":[{"@type":"ReadAction","target":["https:\/\/inclusivenews.com.br\/?p=6966"]}]},{"@type":"BreadcrumbList","@id":"https:\/\/inclusivenews.com.br\/?p=6966#breadcrumb","itemListElement":[{"@type":"ListItem","position":1,"name":"In\u00edcio","item":"https:\/\/inclusivenews.com.br\/"},{"@type":"ListItem","position":2,"name":"Aprovada reestrutura\u00e7\u00e3o da CORDE Nacional"}]},{"@type":"WebSite","@id":"https:\/\/inclusivenews.com.br\/#website","url":"https:\/\/inclusivenews.com.br\/","name":"Inclusive News","description":"Inclusive News","publisher":{"@id":"https:\/\/inclusivenews.com.br\/#organization"},"potentialAction":[{"@type":"SearchAction","target":{"@type":"EntryPoint","urlTemplate":"https:\/\/inclusivenews.com.br\/?s={search_term_string}"},"query-input":{"@type":"PropertyValueSpecification","valueRequired":true,"valueName":"search_term_string"}}],"inLanguage":"pt-PT"},{"@type":"Organization","@id":"https:\/\/inclusivenews.com.br\/#organization","name":"Inclusive - inclus\u00e3o e cidadania","url":"https:\/\/inclusivenews.com.br\/","logo":{"@type":"ImageObject","inLanguage":"pt-PT","@id":"https:\/\/inclusivenews.com.br\/#\/schema\/logo\/image\/","url":"https:\/\/inclusivenews.com.br\/wp-content\/uploads\/2024\/03\/@grandesite.png","contentUrl":"https:\/\/inclusivenews.com.br\/wp-content\/uploads\/2024\/03\/@grandesite.png","width":1080,"height":1080,"caption":"Inclusive - inclus\u00e3o e cidadania"},"image":{"@id":"https:\/\/inclusivenews.com.br\/#\/schema\/logo\/image\/"},"sameAs":["https:\/\/www.facebook.com\/agenciainclusive\/","https:\/\/www.instagram.com\/newsinclusive\/"]},{"@type":"Person","@id":"https:\/\/inclusivenews.com.br\/#\/schema\/person\/0dab492019871b94abb65fa8ee7c8c44","name":"Inclusive","image":{"@type":"ImageObject","inLanguage":"pt-PT","@id":"https:\/\/secure.gravatar.com\/avatar\/?s=96&d=mm&r=g","url":"https:\/\/secure.gravatar.com\/avatar\/?s=96&d=mm&r=g","contentUrl":"https:\/\/secure.gravatar.com\/avatar\/?s=96&d=mm&r=g","caption":"Inclusive"},"url":"https:\/\/inclusivenews.com.br\/?author=2"}]}},"_links":{"self":[{"href":"https:\/\/inclusivenews.com.br\/index.php?rest_route=\/wp\/v2\/posts\/6966","targetHints":{"allow":["GET"]}}],"collection":[{"href":"https:\/\/inclusivenews.com.br\/index.php?rest_route=\/wp\/v2\/posts"}],"about":[{"href":"https:\/\/inclusivenews.com.br\/index.php?rest_route=\/wp\/v2\/types\/post"}],"author":[{"embeddable":true,"href":"https:\/\/inclusivenews.com.br\/index.php?rest_route=\/wp\/v2\/users\/2"}],"replies":[{"embeddable":true,"href":"https:\/\/inclusivenews.com.br\/index.php?rest_route=%2Fwp%2Fv2%2Fcomments&post=6966"}],"version-history":[{"count":0,"href":"https:\/\/inclusivenews.com.br\/index.php?rest_route=\/wp\/v2\/posts\/6966\/revisions"}],"wp:attachment":[{"href":"https:\/\/inclusivenews.com.br\/index.php?rest_route=%2Fwp%2Fv2%2Fmedia&parent=6966"}],"wp:term":[{"taxonomy":"category","embeddable":true,"href":"https:\/\/inclusivenews.com.br\/index.php?rest_route=%2Fwp%2Fv2%2Fcategories&post=6966"},{"taxonomy":"post_tag","embeddable":true,"href":"https:\/\/inclusivenews.com.br\/index.php?rest_route=%2Fwp%2Fv2%2Ftags&post=6966"}],"curies":[{"name":"wp","href":"https:\/\/api.w.org\/{rel}","templated":true}]}}