{"id":704,"date":"2008-07-22T09:18:00","date_gmt":"2008-07-22T09:18:00","guid":{"rendered":"http:\/\/agenciainclusive.wordpress.com\/2008\/07\/22\/alerta-geral-projeto-ameniza-as-cotas\/"},"modified":"2008-07-22T09:18:00","modified_gmt":"2008-07-22T09:18:00","slug":"alerta-geral-projeto-ameniza-as-cotas","status":"publish","type":"post","link":"https:\/\/inclusivenews.com.br\/?p=704","title":{"rendered":"Alerta geral : projeto ameniza as cotas"},"content":{"rendered":"<p><!-- START OF ACTIVEMETER CODE -->ALERTA PL 274 DE 2007 FERE A CONSTITUI\u00c7\u00c3O.<\/p>\n<p>As pessoas com defici\u00eancia  est\u00e3o em constante fiscaliza\u00e7\u00e3o para que direitos n\u00e3o<br \/>\nsejam retirados do  ordenamento jur\u00eddico em vigor por defici\u00eancia de pr\u00e1ticas<br \/>\ninclusivas, sejam  de empres\u00e1rios, pol\u00edticos, de associa\u00e7\u00f5es de classe,  dentre<br \/>\noutros.<\/p>\n<p>Antes de alterarem qualquer lei, por favor, fa\u00e7am a  li\u00e7\u00e3o de casa, cumpram as<br \/>\ndetermina\u00e7\u00f5es da Conven\u00e7\u00e3o sobre os direitos das  pessoas com defici\u00eancia<br \/>\nratificada com equival\u00eancia de emenda constitucional  e determinem que sejam<br \/>\nrespeitadas as leis que garantem investimentos em  educa\u00e7\u00e3o, acessibilidade como<br \/>\ndecorr\u00eancia de um bom cumprimento da chamada  lei de cotas (Lei n\u00ba 8.213, de 24<br \/>\nde julho de 1991).<\/p>\n<p>A proposta de  mudan\u00e7a na lei \u00e9 incoerente com os avan\u00e7os no campo dos direitos<br \/>\nhumanos que  o Brasil vem realizando.<\/p>\n<p>N\u00e3o utilizem levianamente o argumento da falta  de \u201cpreparo t\u00e9cnico\u201d para<br \/>\njustificar que apenas esse segmento da popula\u00e7\u00e3o  fique exclu\u00eddo do mercado de<br \/>\ntrabalho.<\/p>\n<p>Falta preparo a todos at\u00e9 mesmo  no campo das atitudes mais inclusivas, que fazem<br \/>\no sucesso de qualquer  organiza\u00e7\u00e3o.<\/p>\n<p>Lembrem-se que a pessoa com defici\u00eancia e seus direitos n\u00e3o  podem ser usados<br \/>\ncomo moeda de troca e em preju\u00edzo de si mesma.<\/p>\n<p>N\u00e3o  aceitamos a perder o direito de vaga ou sua troca por um curso; direito n\u00e3o<br \/>\n\u00e9  caridade e cumprir a lei n\u00e3o pode ser visto como um favor.<\/p>\n<p>E n\u00e3o pactuem  com a in\u00e9pcia ou com a leni\u00eancia dos empres\u00e1rios que s\u00e3o os<br \/>\nrespons\u00e1veis pela  forma\u00e7\u00e3o desse \u201cmercado\u201d, fazem de tudo para mascarar sua<br \/>\nexist\u00eancia e depois  ainda jogam a culpa nas pessoas com defici\u00eancia.<\/p>\n<p>Respeitem a diversidade  humana e observem que a Lei de Cotas existe por<br \/>\ndetermina\u00e7\u00e3o constitucional  para reduzir as desigualdades sociais.<\/p>\n<p>Rela\u00e7\u00e3o dos e-mails dos  deputad@s federais em exerc\u00edcio<\/p>\n<p><a href=\"\/group\/rjdown\/post?postID=HhseetVJpEYFnbV4lM3OOWw5HZZ4HrFlhgil2NT4aRwfbHv_TMgHzVMkhkxjYR_70lMd9jYjyYy9X47z4c-hBLoETPf1Hx6zhSdeQg\">dep.abelardocamarinha@camara.gov.br<\/a><br \/>\n<a href=\"\/group\/rjdown\/post?postID=VkmWrHl_NJSfAJGx2XpM0v2D_fQnrxtoxTB_fgp7JbYXVl2EPuIBtFEbOdf0YuHq43MI2-sSOf44wNXVugjd_HtbyNl_ixzu\">dep.abelardolupion@camara.gov.br<\/a><br \/>\n<a href=\"\/group\/rjdown\/post?postID=8Ii3zIh4ifZJ2Sw8CeXCuW1WE0JubPx0ixoj4OfIwM41ceVjkubjwsleQr1g5BrU2sDVj2EkXYXDk5gpG-BksaIixCw\">dep.adaopretto@camara.gov.br<\/a><br \/>\n<a href=\"\/group\/rjdown\/post?postID=cEN4upmgM2PFJ4E41m1tORpbsFKIc1hkOCQ2VXaC1CxmhCBa2P_CnDRdV9oB3z-hRj2Dgx01I0vsi_jxm97xzZbQ1g_o6E_6\">dep.ademircamilo@camara.gov.br<\/a><br \/>\n<a href=\"\/group\/rjdown\/post?postID=9nXeYmeVISZETj6EZ0J5704uOkiLOhW6CSGqkPz9H_-V-3q4V_8hfPtC7h22dZIYXAnbw4XHOyYRAiNQQ86zFGGlM0AJe5OR84w\">dep.aeltonfreitas@camara.gov.br<\/a><br \/>\n<a href=\"\/group\/rjdown\/post?postID=PhyQwlGbISIH8Xl7IaG0vATuvgCkr-wx_gBrCcRlHXeetqIjtD4zXkMSmAUOfm-q9XuN35iNU2IdkEkDjdjOx6qlFWGrp0eARA\">dep.affonsocamargo@camara.gov.br<\/a><br \/>\n<a href=\"\/group\/rjdown\/post?postID=5Gn88c3nMTlYC23ieMivw8iqizJTig-2nVgTr02H66t1pdI79zU3SBffEQEPfX5UoKJZ7v62tpOl0BWpt1zyF0GHEo5_BA\">dep.afonsohamm@camara.gov.br<\/a><br \/>\n<a href=\"\/group\/rjdown\/post?postID=xUOWDuAZDq1ygOSoxgOyGXERIk56fS4c_J0tleSjlOqMJc4tC9NqcwdwnCa6yTq33u9-_V6ecIRIVisEFBPe8LYnat0\">dep.airtonroveda@camara.gov.br<\/a><br \/>\n<a href=\"\/group\/rjdown\/post?postID=OMdhzYZpRswCNaBuIA3F4WYWddJeyFL9_lNPg1PMY8VQ7C4X6yrcEZF4r_AisOQ0y68Gq9gWJnYACcAY-DOnUmXUqDhaTDOI_Q\">dep.albanofranco@camara.gov.br<\/a><br \/>\n<a href=\"\/group\/rjdown\/post?postID=EZ6u6nGrO1b6CPoApX1OGMNTxJBXR6o_YYeYvI6OlqG6HOF1UIedDd8U2kEdf1rxgSETCK6yekkrdryFjbOaPhywJDk\">dep.albertosilva@camara.gov.br<\/a><br \/>\n<a href=\"\/group\/rjdown\/post?postID=aK3RbeH9T2rcmRp7U0CJEhYldXMGszRS5x4t72aXWTskmUCDJD-mwu_6PVnI1owPEVn9V3o70EfZUgLeEbXEbFrZxw\">dep.aldorebelo@camara.gov.br<\/a><br \/>\n<a href=\"\/group\/rjdown\/post?postID=1eBHBWQJ9_B21lMbnouoNRs5fWDPzIR1TK75CwESwNP1WN37npe3O8S_bg0-R4AJRoTDWjyHLZDf2d58ziol8A-sIVpwMa5NdA\">dep.alexandresantos@camara.gov.br<\/a><br \/>\n<a href=\"\/group\/rjdown\/post?postID=5ifEjh6kXirmRnyiWjHoXqE8vjy8Oy2FetfN4zLmFlz8KGi6Zn893_sLYAhjfCU4oJ1HOxE4Kv6qOAgaEcIKp4TVI8VugTkeTG0BUg\">dep.alexandresilveira@camara.gov.br<\/a><br \/>\n<a href=\"\/group\/rjdown\/post?postID=jYUDNLzzvPYseCfpfW2sKZexRnVqdrsN40kMJCncpT7iSe42F2BzYK4YNUPFJyaO-fceLxIx97z0GHdpxMagbOMexfaB\">dep.alexcanziani@camara.gov.br<\/a><br \/>\n<a href=\"\/group\/rjdown\/post?postID=6E8b1Vac26L36IdswpFuok0xjEYE3JlijgKwiVwrG-kZ_-OaUU1B8KCkb5XbfDb3afPzuQQ5Pii2mjqlyxp7SHOS4r-rsI8y\">dep.alfredokaefer@camara.gov.br<\/a><br \/>\n<a href=\"\/group\/rjdown\/post?postID=8MZNhPHMGu_VL0MyRJes9H9WBsryB8f-S0T1EGwgUaqekvLoPaEwfd3nWwE6BrGQNwDz93Ts4kWOMnToY_6FLfAUY6aYKg\">dep.aliceportugal@camara.gov.br<\/a><br \/>\n<a href=\"\/group\/rjdown\/post?postID=NRY6qAlZvekqKuaM6y4Kb0Ulqv9y2FcCskezt-z_r1QCA3iGXCF-D_fIVwzWVY0Ib61ERm-Gc3yjMztVTiOM4nlXMVoQjw8\">dep.alinecorrea@camara.gov.br<\/a><br \/>\n<a href=\"\/group\/rjdown\/post?postID=r6GyCWBYoh5uNN9eYb8GZ3l7fJII19yXZ00ADJfqfd4j9FLo-b0ENmst0FKOs7lhXsW5terjdKlLzmNqhnaikrzH6U_0\">dep.anaarraes@camara.gov.br<\/a><br \/>\n<a href=\"\/group\/rjdown\/post?postID=XjKjujZTUqUi9BxwKyLiVvgVM5msMqrKfWi7Z3ja_EYFR6HwkTDmpt9mXrYu-nHY_9DK1f0--lyGp31Wx5ui9aprxWiu\">dep.andredepaula@camara.gov.br<\/a><br \/>\n<a href=\"\/group\/rjdown\/post?postID=VISFDYgLtf4Ha4oGXfDtlHd-hY-glj103jdoWzbv6d-SowJPy8EHjp6aGorgw5cIcqDegNLhTbHx5P1SJc5Ry91nG2cGDA\">dep.andreiazito@camara.gov.br<\/a><br \/>\n<a href=\"\/group\/rjdown\/post?postID=9OWnpZeh6djZNXx20AN_kxrYKoR7PPBiZm3EexZ8jNGcalkzY6RbQjMymyg0iMKlx21q8LyeZvJPhfGm3gT2icDutoJX\">dep.andrevargas@camara.gov.br<\/a><br \/>\n<a href=\"\/group\/rjdown\/post?postID=dIKpUPnceXyU7RZmrFSyNHLQXmPATfBHCLd9yRZcTt0qIyAPq8vvXc2UhSoJ-my-rAPMRxPWJcUc-iafdc8M_IwW\">dep.angelaamin@camara.gov.br<\/a><br \/>\n<a href=\"\/group\/rjdown\/post?postID=h0eZmVKh8oxtfGgxLOvG8dxJW6Z4ymupuhS6VMdvL3Ej32f7N-596GqXH3QYXvRL6nTlDtD_SsaA-x66-1PvGqXArNFn\">dep.angelaportela@camara.gov.br<\/a><br \/>\n<a href=\"\/group\/rjdown\/post?postID=r9i3N55BpHGdzLSHt5ntBRDvM_aNt3EBHE1JkExxqFTmMyze7KMK-GgnwIXrzZu0-8jkhReB_HqQkOfbJDuQGHeeBexZaRkH5OU\">dep.angelovanhoni@camara.gov.br<\/a><br \/>\n<a href=\"\/group\/rjdown\/post?postID=q3q4Nl-ojWFpkWudOZ8CXHuGv--o6pcjxNS1yA8IvJNacZk-ZV4lM9TgfYELkX5NIut3fOc81G3CpI_jEkPwk8UDa-wz\">dep.anibalgomes@camara.gov.br<\/a><br \/>\n<a href=\"\/group\/rjdown\/post?postID=hJSR72qOucM8-7Qrc5K9GwnusputkOdrnA4oPz2C4_yQH1DLfyBZ_RpOrvTKwMXDxPOFnQcJbowlYpXEIytOHQAtWIIt-hZin1G7\">dep.anselmodejesus@camara.gov.br<\/a><br \/>\n<a href=\"\/group\/rjdown\/post?postID=zFM0keZDyq0CwdJ9xCbmhBd0ANwCfpLtoszQ5JatFPONyMCz-XVedLK_Uck5lFDJ_o0HLXuIEOoZRBysQRE5hb8Q4CcGK0Y\">dep.antonioandrade@camara.gov.br<\/a><br \/>\n<a href=\"\/group\/rjdown\/post?postID=Wsa5xPUDXMWOFJK2gwrqpwmSXh4X_yotftSHutTmDc0icUWUrPeqqMtJCIxohlRajGJnVEBdSiMlZ6Fangj8eCGaPB-_Ts-j\">dep.antoniobulhoes@camara.gov.br<\/a><br \/>\n<a href=\"\/group\/rjdown\/post?postID=qCmJVqulgNLL8l3qeTQctK9B5FE2y1SCVIHruRsYppHc8EpmxLhTAq8aawTMFLborvToJhb8QElN5vgR7aSQGKUs3p1BsGxKSpk\">dep.antoniocarlosbiffi@camara.gov.br<\/a><br \/>\n<a href=\"\/group\/rjdown\/post?postID=K-gEp5bJmFWjgwtBu3FnZ-rCHJTEsrdlf1hg2EvU7nJvHPzQsIqZZuNq0E0Ulit_lBu6YyCLptd2_H8Nx9MfvfveMczBB1n-7LpV8D2mGtY\">dep.antoniocarlosbiscaia@camara.gov.br<\/a><br \/>\n<a href=\"\/group\/rjdown\/post?postID=B6B-hgSiNmBFzICBPCmYRFzn9zi4HEdJJb8EgQBxKQh46gdR2kjFBSaE9G73eJ1pnmvjSvDxBBNEGIOZWVt9ecJminK_1A8-Pv-GhAmHsIYulEcedWE\">dep.antoniocarlosmagalhaesneto@camara.gov.br<\/a><br \/>\n<a href=\"\/group\/rjdown\/post?postID=LtLjojO3D7B3GIP8BSR5BgyFISZj6x9fEUyQL6wDUqRzYsF27M34fHh-j1zkmi5XPZIiDEmrKNfYXbeoxB6_qAKnqAWLDsGgXo6R5YycwTZfeg4\">dep.antoniocarlosmendesthame@camara.gov.br<\/a><br \/>\n<a href=\"\/group\/rjdown\/post?postID=bUXcrCOlExBshwC27BgdMTtnp2EfvwrN_fV5h7N8ON-nOxRBOtR-wMJZBc6bEO-BOJcW8XswiXYNbfu4v4YzH27yoiCZLdLwqmGbefRX\">dep.antoniocarlospannunzio@camara.gov.br<\/a><br \/>\n<a href=\"\/group\/rjdown\/post?postID=6a7DBH6KG0iuOyxTOSptBHpC-QeM0C_N0l7F-4o2H7SJkuzUhTZblllJBPRvtNf3zYZzJPRa7CIytJFO1-oIS02g4g\">dep.antoniocruz@camara.gov.br<\/a><br \/>\n<a href=\"\/group\/rjdown\/post?postID=AenwHZpl2Iha0cC46Cc-8aZfuokODqKg78HVJKn8oJ6Ism7clryNE_F9p2Yg_6hazgbqRrWtx7B1-yRzm8h9IRgH4-E16pDzwNgb\">dep.antoniopalocci@camara.gov.br<\/a><br \/>\n<a href=\"\/group\/rjdown\/post?postID=XpwpYeJyb_7_P0amfFU6qMuZihSZSVITVIlqZ3JiRX5TkwvVOKJ1WdlGeIXyqCupm56MR2jX1y6lSMsRaGk7KopFZiaWSQ\">dep.antonioroberto@camara.gov.br<\/a><br \/>\n<a href=\"\/group\/rjdown\/post?postID=Y7NbZq0a_g3LpnuDPO1sbxaJpr_JSh8l47c1LSSQd2yYaEjudJ4ZTA-y9nCku1gGxsce5AKljfvHC2JJotscfNsSB4i7aSY8\">dep.aracelydepaula@camara.gov.br<\/a><br \/>\n<a href=\"\/group\/rjdown\/post?postID=7J5QKSbPSxdSsIZwfNyiMNeV87DXcIXmt5gnsFlpVELmQhRv4ap3VI7ID4EQBF31BPq_fFe-Gt7qXrD_7iRCfLrFTnDKyw\">dep.ariostoholanda@camara.gov.br<\/a><br \/>\n<a href=\"\/group\/rjdown\/post?postID=cW0ghFV2-zI38L682o1o3H3-Rj00IHDnCnmYZRRhIkMWVIfEoT5hpjs2U-NpafSaNELmULUezTVHn3TYdYMuTbRGp71rMNia_YgF\">dep.arlindochinaglia@camara.gov.br<\/a><br \/>\n<a href=\"\/group\/rjdown\/post?postID=dxxwDdgKSduA-MfNy1DDNasH_7EX9aUz8Tbdx0oBhsaKXyb5MSkzvvX-2o1zLT41v4kECg-Uu1v3Oi4YRL3U4boNmr4O\">dep.armandoabilio@camara.gov.br<\/a><br \/>\n<a href=\"\/group\/rjdown\/post?postID=xSF8ygDsGK3arMrb1m3v7cENlvNpe6GClV2V-4JbviEAXTRYCBbeE0XiU4GRwbOTWlqd9NKt4G8DrFheDgRbtS1USzFJsQAR7fxuyg\">dep.armandomonteiro@camara.gov.br<\/a><br \/>\n<a href=\"\/group\/rjdown\/post?postID=64BCgRyYJZiatdgaO4P5dNT3RakoC_7aBIkGDYxuM1gfmN5msVoKsyZ-SgtDxzF3CKfMmuIANbmCQ6HCCSHI1awhfSwBRc2pDo4tBQ\">dep.arnaldofariadesa@camara.gov.br<\/a><br \/>\n<a href=\"\/group\/rjdown\/post?postID=E4QNzAGCFRGE6XzSjulwd_vv2ghwwvXadAi4_rn6O4aSYM-sTtQG2GLDJd0uDsJsbZXxg1ikkBIxFjGe1eGua7GvRVFdsw\">dep.arnaldojardim@camara.gov.br<\/a><br \/>\n<a href=\"\/group\/rjdown\/post?postID=TzRSPrP7DES3rzePIe1rfsbI2i03oBGOC9AsBFyKcqcbx88ches6m_59r-WA5nFGz_S3PacnVzEpBfiWELiwDesJs6Tx09SZqCI\">dep.arnaldomadeira@camara.gov.br<\/a><br \/>\n<a href=\"\/group\/rjdown\/post?postID=Wweou1Mi20wtEmF3EtgejVLyy9hXVIhAEkI_zLh9pRKvAnqr7Srm6UPrRT-LoclMCNIMvNQT-aQQGxjhNzCn8gc3BxGYKl8\">dep.arnaldovianna@camara.gov.br<\/a><br \/>\n<a href=\"\/group\/rjdown\/post?postID=2fW49FCpGtlRnO6eRu9aXsxLCN_ont1x79gGZ9-Kr0CVFaKpBasETOe-dWYH9Si16xVkWDmW6JRq4gw4stC3AG_RQuwxEw\">dep.arnonbezerra@camara.gov.br<\/a><br \/>\n<a href=\"\/group\/rjdown\/post?postID=eFEzmd38WQv6jeBE2t8ack2zYbQYTCwtyVWQ1hsuytvOEljQLxPMssn0aI-D5kxnbV-bdfg37XJUdvO1qwYe65gX5Cq1uA\">dep.asdrubalbentes@camara.gov.br<\/a><br \/>\n<a href=\"\/group\/rjdown\/post?postID=R5E9NXFi5VjywAdQy8hLVNBxlXz-o2VIbqNi21UJ7ZKozxm3wFMFW3AUdhtM5xawaI9wQZF60Jv_Ug_Mn3d_vblhGGeTYqk\">dep.assisdocouto@camara.gov.br<\/a><br \/>\n<a href=\"\/group\/rjdown\/post?postID=eq8u-YqPmhSW6AnE-EZi1PAZsZNP6Wx7JJ2dTDWTiMcdYfuth2IvQyF33b9dDl_ZgSi5om1_Z-q94RS6OP57hVo\">dep.atilalins@camara.gov.br<\/a><br \/>\n<a href=\"\/group\/rjdown\/post?postID=y1X_cUDMWPoGGMe5F-EakO9J0nrasBcZZKY4UvBm8-fqrR9jey6lS7oAAWo260phCFYc32_GeaEqoYw9W251n7Nu\">dep.atilalira@camara.gov.br<\/a><br \/>\n<a href=\"\/group\/rjdown\/post?postID=SE67vylPGXtlaApvjm05BRwh3k3tmGvdguxij2hCx49OYkEWuA-aic_RaykdkgOu9TqhcZ0HYGwjFXHr0NBb4bClOSNbId81pA\">dep.augustocarvalho@camara.gov.br<\/a><br \/>\n<a href=\"\/group\/rjdown\/post?postID=kXVN7D5szlCYg70EBjTbUdfYE-sLtf1h5N5NH3eRUA73ZpHGqnd-uap8LcGxomF8RCRgZeeV5xNaWip8Wv7xToix9lDelAmy\">dep.augustofarias@camara.gov.br<\/a><br \/>\n<a href=\"\/group\/rjdown\/post?postID=esQHlE_Bs2VXOwoxo4qvJqF5bA802w6es4z8uVTRZ_OkCysRV09iBzM-KXXuvQlYbUjOn6AB0WKBnHsfHqxEyAys4KP-hQ\">dep.ayrtonxerez@camara.gov.br<\/a><br \/>\n<a href=\"\/group\/rjdown\/post?postID=k58gFnqoL-4gdTlazsvI68mxfujrSVIt7qXXQbdy2LEPYwIr_btmOUPYM_qIFp1oV8vZ-201tJwWMzIvY3XbPg\">dep.b.sa@camara.gov.br<\/a><br \/>\n<a href=\"\/group\/rjdown\/post?postID=nOaX7p3aRHgEyQcQcjbY6i48sp-69tRCxoausOHu5-bUiG7InQHI3H-z1ER3uTSBz5MNHbVUNVNXRIm4wLD6ShGufiYN9GHm\">dep.barbosaneto@camara.gov.br<\/a><br \/>\n<a href=\"\/group\/rjdown\/post?postID=Lcj1GHHBl_n-5l5bG9kIDnQfo9bML7DV0IkyuembKCl7Q-L28MDAyU6szaDjJ_SIv0lu_-huenIsoXGg_Sr5jmF5axQQz-LF\">dep.belmesquita@camara.gov.br<\/a><br \/>\n<a href=\"\/group\/rjdown\/post?postID=fWXnr79m-cddRDNEd2K5PDW5W5eZahraGaQcuaIBzcOXXMO8XfahOoYaDcbcMzORea1RBgU1Lc1VLDuWLMEoCD2S9ik4AERhmQ\">dep.beneditodelira@camara.gov.br<\/a><br \/>\n<a href=\"\/group\/rjdown\/post?postID=IOtE9ZCqX40t3tNXmavk8vEo81AHRz082CaREQzS8pkAFUbkYfGq1HVCK6a_xw1pEZZZ_kU2eZFpe1OqqIHcz7sNOf_VieP0\">dep.bernardoariston@camara.gov.br<\/a><br \/>\n<a href=\"\/group\/rjdown\/post?postID=2P4Qdts6a-Q6kpY9nUY5Vchq9kgMPbe6QTSuf7ty9CtUZUg0o3xDRi0iajFCAvrjUlmj7hut-3yfy7uebNHNGv-YXCT5HGdf-w\">dep.betinhorosado@camara.gov.br<\/a><br \/>\n<a href=\"\/group\/rjdown\/post?postID=2Rw4ihU-tPx8_uHoaZzpRTdeDMbouoRHqh3ExwRVf1vRlpTY3snaMNQeS-PZlXPrY6DYmxUBEdBeBnp1J8g4YJ7ylx7D_GFM6-U\">dep.betoalbuquerque@camara.gov.br<\/a><br \/>\n<a href=\"\/group\/rjdown\/post?postID=fCinQVj9awrDY6JUufsgmgymIGCLL1-G6nM1s1-4x8ZwSxVBt5mymNgJRdwh-B9yTZpFWKgdTYNLax7YSRXaNTE\">dep.betofaro@camara.gov.br<\/a><br \/>\n<a href=\"\/group\/rjdown\/post?postID=GxwYV4OSYKrWyv8e7SkTxdTKpnQkoSnyHXwAYKlLGsOiIrItOSerc90csrsub0htzsc4rkeZnFus7Ty6fhKBsxrghNZ2Vw\">dep.betomansur@camara.gov.br<\/a><br \/>\n<a href=\"\/group\/rjdown\/post?postID=gp11qlRg5gRCo9etwQdBnL-wD0CoUDTTHvuPhpQ1CIiQFrpOpUvpqTgHcvc1dQTUxT20dQdd_Uu_ll5nvj93q6VArIizNEk\">dep.bilacpinto@camara.gov.br<\/a><br \/>\n<a href=\"\/group\/rjdown\/post?postID=wsa-WsE1BKTOXi0aybdtsW4CdsUyoiKw_-hYsWNV2qZinzW18NfKHUx7Vvc99kd-zswZ9PeSYP6ISkLCBoemWP9HBGVNWi-sVw0UdA\">dep.bonifaciodeandrada@camara.gov.br<\/a><br \/>\n<a href=\"\/group\/rjdown\/post?postID=SblsdPN6v41Ac3LEq_pXK0zJmJWzNnUCgemGldBDPhcAkpEecP2wTdZDKo00ZSOl2qsUMUMjqU_bvL7GvWRmm8HiO3k-\">dep.brizolaneto@camara.gov.br<\/a><br \/>\n<a href=\"\/group\/rjdown\/post?postID=NaiYN4JNFrNCT2SKPCVyhJJH1-BBAi_SFrwHqZSsWCG3MTHQDBLQtilQjluBgM0UNfSYXKcx92hlap7weoHiPQVtAhHJ\">dep.brunoaraujo@camara.gov.br<\/a><br \/>\n<a href=\"\/group\/rjdown\/post?postID=4Ox8-lqnhD4i4GKu7qfTU3sqz6bhus3lsvnXFYL30ev6_n9K4Xwccph9dHO0SkdbYpJyt0tdyxGAxCAtr1VJBXcLJhIWVDLI\">dep.brunorodrigues@camara.gov.br<\/a><br \/>\n<a href=\"\/group\/rjdown\/post?postID=BHYCxXjpIb21YS330OJ0IT9I9vxvrYofEy6a9nHGEtYWWg0I79Jh6hnFQEj-lX__mfsD2ioiZ3EcN8omsU4PU5E8\">dep.camilocola@camara.gov.br<\/a><br \/>\n<a href=\"\/group\/rjdown\/post?postID=6oXwuzGcotpIDFYy9lT445EFV6OfO_YmmLbpQhl4lk-YARoOisf0Ui5zeSPCqKq7iw83quJZvhPpevQrD4OUMkeGOcj6k-SKsf6uwg\">dep.candidovaccarezza@camara.gov.br<\/a><br \/>\n<a href=\"\/group\/rjdown\/post?postID=IFxEd6Hm9A3805VfNNhfxeD-T784i1-57GDb-hwkQ-83uSpwaFIDt4JZMuO6dMspzfKIQEd33Mr98dezOp2iGmcXlsrBDjjeJw\">dep.carlitomerss@camara.gov.br<\/a><br \/>\n<a href=\"\/group\/rjdown\/post?postID=tG1Wy7dZAQJlgEymQOD97KLygmKWkz6-un6fKEwMFZ0RJW7vDJSByTtf_3PcSUja9o78XBpz-V9UKCAfvHWtF5EUeyNRt90IK_uf\">dep.carlosabicalil@camara.gov.br<\/a><br \/>\n<a href=\"\/group\/rjdown\/post?postID=B4aNcnNic0QJFhHLjhN3wBH0Oy8Vo1KEZr3xVRls2FkzDPlRED10E2rEL0hYtRLWAiK0ao1tsdbFirRQs5j46gcqjRE5ikTNs-ELEZMWqA\">dep.carlosalbertocanuto@camara.gov.br<\/a><br \/>\n<a href=\"\/group\/rjdown\/post?postID=0JKUBGtLa5mte6IUxvNhZr9yPs8qo3V2exqpJNyxXvaYBBIdbYcWlniOw-Hv8EaK8g-2oEObyborAZlxnsRyRShkR0Rmd4TtfzzxOmM\">dep.carlosalbertolereia@camara.gov.br<\/a><br \/>\n<a href=\"\/group\/rjdown\/post?postID=1AulZ2ZFnN8eqbzh7ZZiaOYro7aZ2xPC1kXqD9o4lJlVzhpNnF1CuYTFcJ__-bf0873L5C0vONXbjVSVhS9ATMxVkE5y\">dep.carlosbezerra@camara.gov.br<\/a><br \/>\n<a href=\"\/group\/rjdown\/post?postID=pduyArUiUVsLJGFs9wSxRDIERXp7GqxGyEpdWcHk-mlvAGT0PD_QtrTUUcvAbUC7LjMWfcVY2o5fD6sM0cyDNtXo--aqD-8\">dep.carlosbrandao@camara.gov.br<\/a><br \/>\n<a href=\"\/group\/rjdown\/post?postID=XKRl2BAF7CZfv29yc4uXUbMh5mh4X156LWfA7J1Qy4ARuCO3tuWCAxosXtAO_GLoGMD2PfaTJJY5soqLLNY4mAyzc-lY7SPbI_Kn\">dep.carloseduardocadoca@camara.gov.br<\/a><br \/>\n<a href=\"\/group\/rjdown\/post?postID=p8_a1_tY5Ee3ZVwF6J_-4UKGlPmtC42KG1iIr08soxyOhPM0bTidPyk45xx1G6MrMFFpjxRriw-vu0NfPbYi9a_YbB7LsQ4-\">dep.carlosmelles@camara.gov.br<\/a><br \/>\n<a href=\"\/group\/rjdown\/post?postID=gWk54hRwR137TcHla9pZ4IIL0sJo-tgEdIvvVsNY3wWDjzUS5LOjsAXVNbRXcg-rwPW0cK4X-I_EropWa4yPMAVbgCRLBsVSveE\">dep.carlossampaio@camara.gov.br<\/a><br \/>\n<a href=\"\/group\/rjdown\/post?postID=MKV67qjA9-13C_bHhRnCFhexdZ_1VpHy2CqX5iOr5FwXhUYZbD9v4Ml7KSC2a2kJoWTv8FwwicPzqgbbNmlRCjuUoXsrrwFt\">dep.carlossantana@camara.gov.br<\/a><br \/>\n<a href=\"\/group\/rjdown\/post?postID=XOyKrZ5TDpSng6Fuu4rbAuDkPVpvD1qzqbyEPGKLX6V1AiyKYHBYpmbfTRgx48QP_cWdOAEjgHx-1KF2Ja0KIGYyA_FUOqkj\">dep.carlossouza@camara.gov.br<\/a><br \/>\n<a href=\"\/group\/rjdown\/post?postID=afaRYYPs9_L9VniiodybkCj6V0tX_tZbOMjBNKvPSgp5-iGF8LaZRQPUpzFYhAT3nh774uMdFOrUIKpm1F7MV6GcTUf66rq8AA\">dep.carloswillian@camara.gov.br<\/a><br \/>\n<a href=\"\/group\/rjdown\/post?postID=4NmevzBEYBoX5woBSGq3JPmRptTywQ-bosxWDI4hSrYbGd6tbwULZ913jHeCINfqZI1gCnsVt2pGloElE0RTBqIcn2vUmb6P\">dep.carloswilson@camara.gov.br<\/a><br \/>\n<a href=\"\/group\/rjdown\/post?postID=z3K6pLfXbk9ze1apC9OWQZhxDjfjUuuFlXWMPPGbsWAVbVbDiPuGdIxhKFCXo9DBVxZoKK4jKy1zBu-C572Cf5iiIofLyJNWWk7N\">dep.carloszarattini@camara.gov.br<\/a><br \/>\n<a href=\"\/group\/rjdown\/post?postID=4QbIjCUuhxFOiPzBkX1x6kw0MIEAT2Gv_YzM3LyiX7zNpkWlqz_mu7y0EO4cvQAyqXimf9G488IVsww4B8Uh_9diK-GQVxsBxQ\">dep.celsomaldaner@camara.gov.br<\/a><br \/>\n<a href=\"\/group\/rjdown\/post?postID=lhW500Mwb2s0hKMlRmOY-zw1OXa8HadwhdjmwqXp2c3DYlKAHfRHPgUyKAH33IGyrnBqUjR8AqhGyhLKqwWYU9HEcpj8d_nE\">dep.celsorussomanno@camara.gov.br<\/a><br \/>\n<a href=\"\/group\/rjdown\/post?postID=-Inix4c-Vaa2CGYXB-LxCmtspwFpea4ZO2IIwz_31tt7mz2KdIn0F1cdJvGITRQfSc3r8NnfJ5Ngi_7jttMBCWT5jm4AXvnB\">dep.cezarschirmer@camara.gov.br<\/a><br \/>\n<a href=\"\/group\/rjdown\/post?postID=TfRiZ25WOsx60hg2rCxhxvtvwACFG5jpcD6cMQn7zJVRrM2csChFyvxtFBtYs_jYJkEuGIMf4Ost5CProK5NJ_ncPVAnzdw\">dep.cezarsilvestri@camara.gov.br<\/a><br \/>\n<a href=\"\/group\/rjdown\/post?postID=Ws-kum_VkoMCYf7ymjsZyCSOzPgPL2pAfqdrTf_yaYKgAotvx9uVlCKx5Xb9GzURhkto2O1lmnXMcBi4XnFvRltq\">dep.chicoabreu@camara.gov.br<\/a><br \/>\n<a href=\"\/group\/rjdown\/post?postID=mpiChfGW7t-2mBxeHxm3GgQnVS4h1iiHuCVqegZJFYea8A_jtUrLg4aoJBA0YoQwbl7h-iOuci6dAEwyWs6qiRThxcg\">dep.chicoalencar@camara.gov.br<\/a><br \/>\n<a href=\"\/group\/rjdown\/post?postID=GaC1utgMEYZ3cf22ZZXGy6bRlEDNWF6z_xx7o0KwzJPOL61yNxu-IAp0pTYzW6fYHJX1zaLwRHxLYU5ZcvNuEredoEKl\">dep.chicodangelo@camara.gov.br<\/a><br \/>\n<a href=\"\/group\/rjdown\/post?postID=Q_kJ2kiJdqTcLcCAv_nbWTYgQmDphwZis0teS2ivypCW41J0iujVAvtclvVVef17xz-jkkR36c0WxnrBJ8kGIXqrn5A66tmCyg\">dep.chicodaprincesa@camara.gov.br<\/a><br \/>\n<a href=\"\/group\/rjdown\/post?postID=GTzpwVAxbTXqHS7MOp-F17nUfkgAaGsBKpCOpLBLsOTpKlGETNPmhWs9rghgslcwPe5n8Bkv0R5gZ4s0P0FPt1Jy0ac\">dep.chicolopes@camara.gov.br<\/a><br \/>\n<a href=\"\/group\/rjdown\/post?postID=J-0hZ9UOsuCCVqs7qfVUKH3otX2m2OJD3jSC-SFoOxBumQJ0KjPE3_ZFcu25QhFsuTkOGt-3yXbDS8cgeCKZWz-nXA\">dep.cidadiogo@camara.gov.br<\/a><br \/>\n<a href=\"\/group\/rjdown\/post?postID=2fmL46pSx8ydsHMuMygyjN2mwO2mK2Sxnj5AvkyoCQCyUzq1G0IifxfMH3eubzrH4kzjYqdGr6D3ed_DnsvjkuiU\">dep.cirogomes@camara.gov.br<\/a><br \/>\n<a href=\"\/group\/rjdown\/post?postID=jCMYtjzD0To-tawxMtCpNwy9j40OPpcEkRxENWM7e3QHAnwC5KFCoX7WS_Y6ZE0YnfKyvrBar17lPYca0RQKdquMgf0o\">dep.cironogueira@camara.gov.br<\/a><br \/>\n<a href=\"\/group\/rjdown\/post?postID=AW1it3HZl29O3rB-FEWyaxGwndLekjM7lrGR6EwX38VK5MgIdePUf4fab5PHuDAIZBQ32Rs90k2TEKT-4pLSHM2JvZrhWsoI\">dep.ciropedrosa@camara.gov.br<\/a><br \/>\n<a href=\"\/group\/rjdown\/post?postID=58Ye7U-tAzBIwRl_2FuzFvRDUz7ZGJqshFegYdZSEzDgZTMcFwygWia3A-fJcx4QTQEJlZs4Wfs2TOWbTRifCxzF_SxJTXI\">dep.claudiocajado@camara.gov.br<\/a><br \/>\n<a href=\"\/group\/rjdown\/post?postID=01VeJGlriWrZR0xkf3XtUueMWNULMidQc8B48odPZfZPOe2lKhl0b6-apWeh2WBggugoRFR9tJ3OiiOQWTAKlSM1JdQ\">dep.claudiodiaz@camara.gov.br<\/a><br \/>\n<a href=\"\/group\/rjdown\/post?postID=awbeRJ6dUp6FXXJc0ddl67azqstW_Ibd78RcOmBmeg-4uXcMY7OyhsLia2l5v1fmmHSeRYQ7krOwCV1LE1KOysufwu-H\">dep.claudiomagrao@camara.gov.br<\/a><br \/>\n<a href=\"\/group\/rjdown\/post?postID=HXsJR8YziszI8ShBrIIFzkP0fgWP2Ruo1oOECmp4ckYIt8_lIiJiZdHQS40StJKZ6GIoiK0P8cwM6bhuvxhR1zORrWFN\">dep.cleberverde@camara.gov.br<\/a><br \/>\n<a href=\"\/group\/rjdown\/post?postID=aTvEpw5GOEjXOsg3iENOg6ZosKwge_PYkDNdgJLpGGPUzA0LguOzEYRA2KZYb3l-5bgvldvnm3pa53QxSTnVj13u1n1fgK-t6Go\">dep.clodovilhernandes@camara.gov.br<\/a><br \/>\n<a href=\"\/group\/rjdown\/post?postID=EbEp7XY-5b8OnDkHEGyP4V1Uxdwdiogv3D5wRcqLuxnkoOMPOH65EZj4kWM0m0c3aEI0Mq0KUIFdDGqrdzcm7zBi9IOoEA\">dep.colbertmartins@camara.gov.br<\/a><br \/>\n<a href=\"\/group\/rjdown\/post?postID=ywriOuAEuBfkGGnqCU2hksRxzM_qR-a1TNxjgN8JxVjy6_A219R_k9pm0TYdX-A5-JE_G8W5ofCxkvO5oQuigXMD5gTt50gu8w\">dep.costaferreira@camara.gov.br<\/a><br \/>\n<a href=\"\/group\/rjdown\/post?postID=LCHM1HeUphN1h1Zj3B5AkD9mQoAWngdNRE9y7DvJIwnOXGGfdfJUdjVtXe6B_bLtSF7YlMMHN0R6r5KqEZs5LnmUMwzcqUz8QWlGALM\">dep.cristianomatheus@camara.gov.br<\/a><br \/>\n<a href=\"\/group\/rjdown\/post?postID=M2QHHe5lc8pAyd59E7kXvzkais5dFzM1hCS2PBASDkBkjfKrtsvz4OnWCcWLUcO1rirsmu6kWjttPa37nM18wx0JEk88\">dep.dagoberto@camara.gov.br<\/a><br \/>\n<a href=\"\/group\/rjdown\/post?postID=P-sP2pGEEcSynfDnszymPcsdKk-2d2yu4HCWHqrF32ecAyeg_nHXW7NrCFqvA5-NyT6tpgZcCZCxUtnDvZjsQo9kCeu7blSB\">dep.dalvafigueiredo@camara.gov.br<\/a><br \/>\n<a href=\"\/group\/rjdown\/post?postID=vkQr2srTWYVI0_vFckba4hoCof_C0JaY9mSK_r7q5RAxXwAFzwOItq0vqLXvHV07Xdv-1c7W2zCgik9dJ7MczzfXzYWxp2rkoRag\">dep.damiaofeliciano@camara.gov.br<\/a><br \/>\n<a href=\"\/group\/rjdown\/post?postID=vSqDS7kNOxTdn7r01ZPRAejzIT-TP1xfnI4BJgZg6mlu2Uq4aL8RU2kZ6JO3X3As4z-eBMnz8eejYbsMPYFwZNH-THzMGZI\">dep.danielalmeida@camara.gov.br<\/a><br \/>\n<a href=\"\/group\/rjdown\/post?postID=FeCuOcxs4iXvqkpF7bFzlkulZ95nzeaarfGr9UptoFv5mliRn0LlgpLITiHPWahG_amMW2UmLEoUfBYZMOVr53pg-4_0XCMcVqiD\">dep.darcisioperondi@camara.gov.br<\/a><br \/>\n<a href=\"\/group\/rjdown\/post?postID=NOGgLx5fHkis65z346yL2QP2IyUa0dDU9X5cE63E1tCtrQJ7A7zwKqA0FgY3PA4FfgiE4LPBlwqUkGmRwHW80wDN4c1DoA\">dep.davialcolumbre@camara.gov.br<\/a><br \/>\n<a href=\"\/group\/rjdown\/post?postID=13N1BETZHhQcYNGtOF_-8CigIUdNe4h0GTYSC8uAgX8Iko_8ILKGGeiv7l1uESmNzHtw_wIuEAyumD6TwMeK9Pt1OolHFiPSzsh6zRc\">dep.davialvessilvajunior@camara.gov.br<\/a><br \/>\n<a href=\"\/group\/rjdown\/post?postID=Vltve7YLy51sarXEz-qo9kjF1Vwn9MA-ARKeOcI73yyiObKrw5z1zj7-1F_qe-jEAV49L8wJOigqM8zqonjr-NM\">dep.deciolima@camara.gov.br<\/a><br \/>\n<a href=\"\/group\/rjdown\/post?postID=lypAG_s8Mq_xOUkuzyOeGYEvRTq9qofwQ2UENjg5P3Qvgth1MO_OCyBB1UcOifsfsrnoZdfTSyceF13Mzw\">dep.deley@camara.gov.br<\/a><br \/>\n<a href=\"\/group\/rjdown\/post?postID=JOaV_m8Cc2RoRjzNDIzOzAKzSBcLfeNar_xoQJ2pC757MMTWfiSb0gYD7bxvLuHRmpw-rgydk_OpOXT_tUF6uwZI4YJ0Rg\">dep.devanirribeiro@camara.gov.br<\/a><br \/>\n<a href=\"\/group\/rjdown\/post?postID=1Tl0chIY9t7yeOhCd_V8J6wjNEi67OGBaEzC_TMHuyiSK58k5zYfu5mqQ5EAcrnqsNpk-mwY1LT7yUx3d4BM_DDf8q0zwZ4I\">dep.dilceusperafico@camara.gov.br<\/a><br \/>\n<a href=\"\/group\/rjdown\/post?postID=mRTOkFkLdupVi1cvPaVDtuMvYnRkYUjnt7umM06cOWVzk0SMjT8XAH8m41AI7VDNIdew7S-AinkS4qkxQm2s7e48WewsMltu\">dep.djalmaberger@camara.gov.br<\/a><br \/>\n<a href=\"\/group\/rjdown\/post?postID=tXrLxnW3bj9MAMvv-iJmFAS7dL4Zefwa15RTpcz4QtRye3mQnDtaseNjTYqCjvLJVhf3ffb2zVkslCbah3pIvzOtYUNJauw\">dep.domingosdutra@camara.gov.br<\/a><br \/>\n<a href=\"\/group\/rjdown\/post?postID=AMRRXtLpKvLtMPBsAhvuMgeGcRz4rSzGuozwC6qnEN6o1mFvcwZh9n5mgxG_ihtxp9fWI6YGZX0floIs3ZRKj__aF203FKK_5wuySNA\">dep.dr.adilsonsoares@camara.gov.br<\/a><br \/>\n<a href=\"\/group\/rjdown\/post?postID=d41e85JlGeinWCyK66utUIJ_1iVnmzpegfC3pZm1B8OFdooRsIUERkVhGijkawYUxYVEMCCC-OaK9phYGL30gGzgdoDi3w\">dep.dr.nechar@camara.gov.br<\/a><br \/>\n<a href=\"\/group\/rjdown\/post?postID=zrUS48RvBq4N0FWlGDj8pNOmBt51ySz7vXTpXpSVJsjXjijJ9lgy7xgPPOsGUK54WPS1pl_xsdiO-HMnB-ldOVgJsFU75as\">dep.dr.pinotti@camara.gov.br<\/a><br \/>\n<a href=\"\/group\/rjdown\/post?postID=j-lPNPL4am9ii0Ii0oTeHTW5KAL5Svna7r5rgV-kkeGu9aQPbkmKtz0HHbI_SG0Jbc4M5kZacFv5Gz2ujSsyBz8jZw\">dep.dr.rosinha@camara.gov.br<\/a><br \/>\n<a href=\"\/group\/rjdown\/post?postID=_PB_CxdPJyiY80TkrCLa32gPGYcSOHUt-b7si3L592fLViszH9sea4tyX015PmF1VJS2bpYWvoGqONaSzoV9nWhSVSLNGg\">dep.dr.talmir@camara.gov.br<\/a><br \/>\n<a href=\"\/group\/rjdown\/post?postID=6WCdIc_L-rsuK66nyFfp06ho_7KE5VGRZtuEMGuDG7_uuttG-oNbwawECKkaaLBKZHjL3bLUmIq0LG1rOBu-Mt3nVKUD\">dep.dr.ubiali@camara.gov.br<\/a><br \/>\n<a href=\"\/group\/rjdown\/post?postID=_UIuST8kou8KD4b4Ste7Lq3VoaAO_GuqaQwkWNvO1bNST9-YG_0g4deT0BNLqmgzfsiDz4SNRzn90N6leX-S_F4D1uLnNxo\">dep.duartenogueira@camara.gov.br<\/a><br \/>\n<a href=\"\/group\/rjdown\/post?postID=fOPKvWKy50dxaxK7c5sMuK9qUt45dvsQAtO1BVMvy_DZzzC2Tl9h2Z3SToMFpcEBwecUDKqJG6y4sXttm4PGlwrRvA\">dep.edgarmoury@camara.gov.br<\/a><br \/>\n<a href=\"\/group\/rjdown\/post?postID=VEQ8u1Cw2-Q_jIHtlA5QgOTQ5b0k4iNQsqg1q7Ubtgsg24DMpBEBC_A9qEfaGmg9QVIvpPkQDV6z5-0K6gcbPsHjBupKqjSq2Q\">dep.edigarmaobranca@camara.gov.br<\/a><br \/>\n<a href=\"\/group\/rjdown\/post?postID=DRA97SsJDaBs6YDl16s2xcfHRa0uaokWz57Tk9qonRv9zTMXm8SPqI0UVcNDMJx4fErjXqiS9OOY8Rv6W2P-2p3s\">dep.edinhobez@camara.gov.br<\/a><br \/>\n<a href=\"\/group\/rjdown\/post?postID=CmoEzWVaQ_6hEwukY8TNI1l_6mzDrp8sucQLcJ_6rDdWW-7OIsqs09Dtcj6ZHl4RRNdwnn0vWaHCg-bJndxK2MI\">dep.ediolopes@camara.gov.br<\/a><br \/>\n<a href=\"\/group\/rjdown\/post?postID=jZIQ0CvgJ7kb8DlBQR35xnkis1DkcBQWUfXhVmikSG8yxdPP4QNEjOJ3ddhcv8is-Ccyi9iO12lUMv-iDsjKpvfUGa4\">dep.edmarmoreira@camara.gov.br<\/a><br \/>\n<a href=\"\/group\/rjdown\/post?postID=vnntTulVNPrldOaYP_6AA5WCM2YVptz77xdKc1mnsp-9wDdYST78uQp1c9AYWmCLzL-D9aW18H9gRuXKypJk7x5sVX2J3A1vL4GW2A\">dep.edmilsonvalentim@camara.gov.br<\/a><br \/>\n<a href=\"\/group\/rjdown\/post?postID=_vo6fgd_F9JQJnAUTDeJAsYunpwrYy52PJQeySI1ydBzLHcn2TPH5wxJcO3WSpAU0QO_EobjAnYvfnv6BcVLBbGYHuh7bdmw\">dep.edsonaparecido@camara.gov.br<\/a><br \/>\n<a href=\"\/group\/rjdown\/post?postID=JHzwdp-UUt9PKmLdLauHDkQnw4C4WLJx6Ds8Rnr-_IDQPLXk3aADz0nOWUL0kXLf3-w_gkbID2Kv7cr7e6K6Rsunb4Oc\">dep.edsonduarte@camara.gov.br<\/a><br \/>\n<a href=\"\/group\/rjdown\/post?postID=SqdOxkWfilk1-RYhg9Ud82GygndpQvA8j3bZyuSVcihNYjgp8dVtjBXBOlC4fbXGUIrUSPGvMdxtYiaDQbJazXZ60MwyG_3D\">dep.edsonezequiel@camara.gov.br<\/a><br \/>\n<a href=\"\/group\/rjdown\/post?postID=dV2_9kms17c2oLBQi5BOL0oSFB1TzKTTLmLfJzJ03V1nqwl3K_EmdGhijW-4MaEuRQ8ZSCMo1rQl3cSPPtf_-6lxH-j2m6SMhA\">dep.eduardoamorim@camara.gov.br<\/a><br \/>\n<a href=\"\/group\/rjdown\/post?postID=wDjwds_rGPtcUOcfNqOukFRUzAXnvs5wXG6vWm96CZ6qParCRqeapX_rhnBoXm7YV3H6cd4WnlYTZAVnLA769q_OMuQkofdJ4A\">dep.eduardobarbosa@camara.gov.br<\/a><br \/>\n<a href=\"\/group\/rjdown\/post?postID=qXJpi_E0ZIMDJzJKoC9nRDQ4r3dZBPX7y15-1BSQ4WEhqNDK7Ws7Y60EzLfuzknByvaibzsmIgbCTnAvJtzJBIQmTraVd4c\">dep.eduardocunha@camara.gov.br<\/a><br \/>\n<a href=\"\/group\/rjdown\/post?postID=3_rPLFqb4FOgU1-aESs5qoTN43NRzlXxjQ5J3Vj3j5oALTKg9spS8bv6GYxDffqwMI-mIkh4g6bbzYvox5uACz5CAvUkPlc\">dep.eduardodafonte@camara.gov.br<\/a><br \/>\n<a href=\"\/group\/rjdown\/post?postID=TMjDlWbNEzn_IqUbGSvjtJbCqesI4CI4sC2Vxkm-RenDQ9gzVTd4hMNJZe0z_wnCDJrmuB5LET63oAq1iL4ZseT6sOxwlpA\">dep.eduardolopes@camara.gov.br<\/a><br \/>\n<a href=\"\/group\/rjdown\/post?postID=kNfNjOLHylvWncPQ7dX3fgUEm-Z7e-0AWaTb1ZK5k24jdYDFi71J6PvSL2BeXjFp00yJxoiYJo1tAxTbsZC6W9aZHRf8OKnj\">dep.eduardosciarra@camara.gov.br<\/a><br \/>\n<a href=\"\/group\/rjdown\/post?postID=8oo5KnNKiB4O5ndUX0dDGhvVXnUMtYO3rV77lhAl4D_7RVKcQvBgQrFLn-sUXPIOTXhtT8YNx3YG4NZ2x0NJJ6ZgsASXIAp6t__siw\">dep.eduardovalverde@camara.gov.br<\/a><br \/>\n<a href=\"\/group\/rjdown\/post?postID=pmdr8yqSogoti1I7s8FfcEyX67-_ai8jVpg1EJNvclQVin3O1wDFAIg7F-bbWSZR0wWfBc5YEUnnwaDqNHl1oPxeb-y94w\">dep.efraimfilho@camara.gov.br<\/a><br \/>\n<a href=\"\/group\/rjdown\/post?postID=lxGMNSb6iM5CDY_DNsOazDXT2n-xN8VPW2Z5wGeoTHZuMwQsJm9-wVLK0QIDLhJ0jI5xSUEUSdEeoICX0rYywpCcOcir8TYHsGzqkQ\">dep.elcionebarbalho@camara.gov.br<\/a><br \/>\n<a href=\"\/group\/rjdown\/post?postID=rjNLst9Tz22q0OOr7p47SMXfUOdDrBXsTf6hBN4_jPv6Ngz3pcK8fwSYPg2x0kMq7UE2CkjFezk5a5IAXhql6t39lH09\">dep.elienelima@camara.gov.br<\/a><br \/>\n<a href=\"\/group\/rjdown\/post?postID=_Qh54m0eUHRjFTYZ6BPERC00-EvWS6vm8qNTSNv6XeH6MRg36-DIybn8AFw6ADNDlOr17aw1T3Wcn3LU7yZmxefchjjc\">dep.eliseupadilha@camara.gov.br<\/a><br \/>\n<a href=\"\/group\/rjdown\/post?postID=hGtqQ6235dGfG7JYgRGhBvAPWDqtK31pqq09WoMcTFdytJU9eezQPDHGm-AYKLtqvaweUs2iuPPmOrXBO_dsGMcAeZFX\">dep.elismarprado@camara.gov.br<\/a><br \/>\n<a href=\"\/group\/rjdown\/post?postID=2FXgQDzrw8XD60rYHmAaR9ShsqiVcvbSBagIGBi3y_U8GMsBTG5M5N1I5M-WBYkMwarrPz9mSp59Pc7pExh3Fu-gXsMl7A4zBRH_\">dep.emanuelfernandes@camara.gov.br<\/a><br \/>\n<a href=\"\/group\/rjdown\/post?postID=lGm6zcITtGXiilbwmRN7krjUe_ciRKxTkR_15cvbed6WjNNBY6EYCcvQlU9fgToQvO-hveVWkS4rlJnIMxPfp5x6OkBi\">dep.eniobacci@camara.gov.br<\/a><br \/>\n<a href=\"\/group\/rjdown\/post?postID=MtMD_jbu-rgisPOf1w_8WJtKssftOli7GjCj5oPQm9zhDiLoQwBnJH5-oprynthH_oGxwtcLtHGDqpYqYkaMVZ1gFViHIXdr\">dep.ernandesamorim@camara.gov.br<\/a><br \/>\n<a href=\"\/group\/rjdown\/post?postID=SJObttjRx7VTxA5q49JXFFh4zJWx5zWN8D0q4PJRpYNJ3XgLRwcHsdMqZF2FEFt3BIE9Q0nC6IMZf1ewyOwoYoAincGrcwM\">dep.eudesxavier@camara.gov.br<\/a><br \/>\n<a href=\"\/group\/rjdown\/post?postID=vIwAl78mxvofAlAw8bMFHN8vQ7IoahbYCPXz5B1eod3VDGC-XIVDDfgnpP70Ovjg6EHYN-n8Kv_c2x9KvPDvdaFr56La\">dep.eugeniorabelo@camara.gov.br<\/a><br \/>\n<a href=\"\/group\/rjdown\/post?postID=CLNKUhYOXiOFQ07_netiHNI84zuIc78b7zJeAjFa0TdiZpK31eQ3AW2--NEtR1fenbD2QUfvBQks7-qxnBC9VdDpPJc_M8BjES7z\">dep.euniciooliveira@camara.gov.br<\/a><br \/>\n<a href=\"\/group\/rjdown\/post?postID=LPyw7FOtizqtzCJaze4EFYZgKX3grntVxFivWoO-4dzpr81rY-_Lym9_ySKyPo7tNnS5QH_fW7eSwqMUtO7HEUZ6Ck2byoLl6tw\">dep.evandromilhomen@camara.gov.br<\/a><br \/>\n<a href=\"\/group\/rjdown\/post?postID=CpbCg0ZEVI3DGcuPq0O6orn9lsqw7nKqIP4Bt6nbtlvRpoE8v8vwn6i7YNdeeum75swyt-JGrPgFez6Nc6dKTEWFutpskg\">dep.fabiofaria@camara.gov.br<\/a><br \/>\n<a href=\"\/group\/rjdown\/post?postID=DJr4Acw9JmVDRGiB32_vltZmO6qFP_GSrSgdnF-Kpol8MDcAfb-nlqJN72D7zD398dWjS5KDPa8oeW9oW6x1g5bW45qRuhk\">dep.fabioramalho@camara.gov.br<\/a><br \/>\n<a href=\"\/group\/rjdown\/post?postID=LL4QwkWxsafzF-ZJZmhstnZylmq9m1kONmdNlVwozfsI8O1cJHBIbLlkCqsIOBXqQUlZfQRfx8pM69Kj7TJMg53xN_kf\">dep.fabiosouto@camara.gov.br<\/a><br \/>\n<a href=\"\/group\/rjdown\/post?postID=6JI2-ca-sJw-R3Ho6wTToeZsbFKHqEX41L6RZDn3faOLVPzUAdEkfjzF4HQoUSmvDA_ymzgtWoXh73tKQZzwVPOmtAGKowQ\">dep.fatimabezerra@camara.gov.br<\/a><br \/>\n<a href=\"\/group\/rjdown\/post?postID=Rd5KFPE5DR0nDl35C-PjrT2LZ7IM3Yw-rKuKq7kl0pbGYTQX7MFbnkH7LN1o_ujVZ2Ekm2dg5DaZQz6B-T86JOIMs1E\">dep.fatimapelaes@camara.gov.br<\/a><br \/>\n<a href=\"\/group\/rjdown\/post?postID=pJoO1tkeOxIQDlmk1PfCi5awq6rA-LzCfrzkj5LhjlW3GeJ2ilPEg3yrswDz5aB-eM3urWygBs1Oh5nnthIOD-_I6pqeU2qVXEo\">dep.felipebornier@camara.gov.br<\/a><br \/>\n<a href=\"\/group\/rjdown\/post?postID=KQmSnh0osCp37X3gTxXJs8lshOY2DLOwpVGgpC08oQTI30NHMbNElgnOKcvkqn102hEjcYYDEn-ZMtMsDoQjIY21GQ\">dep.felipemaia@camara.gov.br<\/a><br \/>\n<a href=\"\/group\/rjdown\/post?postID=n7TCr6DHfKHGM5ugyiexC0SpP3ubARVT69Wt6vV_DXng_psWUe4JPA4DDTMw1FpjPM2FiAtqSQUYybiCWcSp26tNgslRxsw\">dep.felixmendonca@camara.gov.br<\/a><br \/>\n<a href=\"\/group\/rjdown\/post?postID=zpXuSUx5DyLiyowoqOylnd0n_tdZi3FBaGHWIeCMrunHnXMeJ8VSx6ct42IcaNr43vhPg71jOnibgWdzgxrpyK9dcEILm2KTli9E\">dep.fernandochucre@camara.gov.br<\/a><br \/>\n<a href=\"\/group\/rjdown\/post?postID=Z310hMXo4D1u-AxdmMzyFxbWm00OXEwvNkHSMPKI79Y9mzwCmBpOwrIXDZd4buzdqA13s5SelYcXlhRaRMwQtdBjMtJycTUgJs5eAO0NLw\">dep.fernandocoelhofilho@camara.gov.br<\/a><br \/>\n<a href=\"\/group\/rjdown\/post?postID=2KgAV_fzSrxvBYjvvxMQHZg4t6EZMy0hRFBy28oboX2jrn0efqPs2GRNMrvMMCnxaZ9MjH1du9owLWZA5qpA-UmrZZfYlA\">dep.fernandocoruja@camara.gov.br<\/a><br \/>\n<a href=\"\/group\/rjdown\/post?postID=VfvCPK7_JkKZPMIY0zrmxqFwR0SV2FVT59DQgLMh4CsmYNrkdLPVk_hRA2spfy0KwEq0JcSlb8LUmlSETrXA79W1dioS9btqYZdu\">dep.fernandodefabinho@camara.gov.br<\/a><br \/>\n<a href=\"\/group\/rjdown\/post?postID=BZ8zZYfAXNWaZuQNSPNehqRkLZfAzxiz5ly9DmhjwjJOgxFyKSNED1Z5paNCJNWufzJkR6-hrG1gLeDal0KDOFepeexn74zO\">dep.fernandodiniz@camara.gov.br<\/a><br \/>\n<a href=\"\/group\/rjdown\/post?postID=NWRK5-mtlCwjGFPqOfiZtcR5PGj0gPCD_9j-uJ7TwykRnpwbYLzsiMdJHTi1Vw4dV7MY-xr3xU1cLGw--TzNoNF7J_p9dqk5xQ\">dep.fernandoferro@camara.gov.br<\/a><br \/>\n<a href=\"\/group\/rjdown\/post?postID=eKBrtF5F7YMEn_DiX7ogGIlDVnUgECY5D73TK6Ric1EcU35PwQDbujga29WroXvsdo8zGpfHk2_rjmA1h0RTvDWq8YPVeNg-qw\">dep.fernandogabeira@camara.gov.br<\/a><br \/>\n<a href=\"\/group\/rjdown\/post?postID=TgO7aZCnEI21L-Yhgzs-jt-SKc2iXl5nyx9JGAb6FaHm1u--IlTTV7PcGG3grODwZM6hVVReeLw6oIb2AAjScEW1LXdA9B8\">dep.fernandolopes@camara.gov.br<\/a><br \/>\n<a href=\"\/group\/rjdown\/post?postID=QlhP-xWMcgiw2C96vNIgL3SWtazdvJpSua8dhpiRlC-QzUcT138P1kJQQ8EsWL3CelsV-pEMg9sf5CgP4Ifxf9DbhsNj\">dep.fernandomelo@camara.gov.br<\/a><br \/>\n<a href=\"\/group\/rjdown\/post?postID=lr9pvm3gjVbdW0LVP39mt_IBMQUxh7Ar5gbeRsB8zsPA0Zcv8KQf26dhRWs_3N3K1A2mMLwR3vpvMbQr6LXWm9ggskstm0xqvwc\">dep.filipepereira@camara.gov.br<\/a><br \/>\n<a href=\"\/group\/rjdown\/post?postID=NOTqXMpsuBZdv86LfffWqFrySCUzJiZb4rmZWOlBajsji2pn_zGKF04usS0P8_dGzeKpAMtx57SkyQl6ghR2yw6nb_1nwg\">dep.flavianomelo@camara.gov.br<\/a><br \/>\n<a href=\"\/group\/rjdown\/post?postID=kDMgMRRB7pM-rG92_gMrH9BLt349tQ55DuvX6alD_l_DbNZzp4DOTrkF4p2O6QIyTelBflO0NDCdqo7mlnn-C6XIJx3U4Lg7oQ\">dep.flaviobezerra@camara.gov.br<\/a><br \/>\n<a href=\"\/group\/rjdown\/post?postID=2L9Z-D95ghXsMUC0vPT1AJt8ujFHbVKPPZGFKGpdrj_lC5HTsbpfWd_iD01x_oMlSW4xgZjDAZLIO-PU7JfChhxJ8aoxdQ\">dep.flaviodino@camara.gov.br<\/a><br \/>\n<a href=\"\/group\/rjdown\/post?postID=lpoPxqH0b9OsnLcigaaEOL-L76E5rovCaxd0X9iEAH4bXSwRUfcvw0EozpBgcoh6Khdo0V52I4ln9QQXYIkfPyP5hXkPSvMSddwqRcax\">dep.franciscopraciano@camara.gov.br<\/a><br \/>\n<a href=\"\/group\/rjdown\/post?postID=HyHRPKeC55eshi9LinWk0Hm0pO0cl5xY8gmb3UEJ1znZ0y72CAmwBk0zzbPzUomb6TsEfIFMUZZtVxe1BQ-N7Fh7avQ4YdRGvpiwEe0\">dep.franciscorodrigues@camara.gov.br<\/a><br \/>\n<a href=\"\/group\/rjdown\/post?postID=aL_Nab8gpJZivqPP5pxAGLKL-XmoSaVUCjTPXIqdiNvGyOcW7U-cPDgRLI34Q9et6IvKVfOawF5pMDbl_bNBTxKOmFMk9w\">dep.franciscorossi@camara.gov.br<\/a><br \/>\n<a href=\"\/group\/rjdown\/post?postID=xGmY9WmBjEW59grhk_9Q57ITUsc0M1cPqkKHgcDBnYlzVbrSsufyad0S2nFMUzMmjJ8YTqGRtMRlWzcdu6BlZ1dYuZQ20ekYyQ\">dep.franciscotenorio@camara.gov.br<\/a><br \/>\n<a href=\"\/group\/rjdown\/post?postID=lZDN1mmMJLCrbqYXOWlrypqQMLXf1ewwjiOVBqATdn4x8IP-8uebrydGYE8AA0vDpGYxPeplXIYTx7yENM0fjxQ0M1Z5gew\">dep.frankaguiar@camara.gov.br<\/a><br \/>\n<a href=\"\/group\/rjdown\/post?postID=VEz43ux_RIq1pYD5cm10rtU9ZbCTWN_jA2e0Viy3VnVLm-K8uKJNOzgXfuDJuPdr8Y6Q8K0aj38-rK2d83jRLKXq3ww\">dep.freirejunior@camara.gov.br<\/a><br \/>\n<a href=\"\/group\/rjdown\/post?postID=cdXwIkr8L1ESbSj-B8pCo9RPxkmMrJ01Qsf6uVG3g25ck4xpNcUOgP3TgmOlclgzwvODCwsOgVD39GVugyNDEaq9lxGPPxTHBA\">dep.gastaovieira@camara.gov.br<\/a><br \/>\n<a href=\"\/group\/rjdown\/post?postID=YL0eAikiAJnEnvBC7Ky388rD_8eitl9PrIgt3BWlHAMllhs0d0MQx0w5FG4H0M8C21jEuCA7BT-ladW8jstQ-DMXpQ_QJens\">dep.georgehilton@camara.gov.br<\/a><br \/>\n<a href=\"\/group\/rjdown\/post?postID=YtUvb-_9NGFoMEHefKCVtpUZddh9J-X7BbjTpqbou7SYUM73-QSa1PjvYzqfkXsLTRbW2aDb5VBDuxVS2CRLlLtw_yMN2A\">dep.geraldopudim@camara.gov.br<\/a><br \/>\n<a href=\"\/group\/rjdown\/post?postID=-TzVd4HrOD3bIjnuXtaSc0KtHqWaRE4WUaWOeZm4D_6m4E66ZhRnu9Sr9Z9DFp72cgYzRGetV-ysfGiLusO9GXwDoPBdb0I\">dep.geraldoresende@camara.gov.br<\/a><br \/>\n<a href=\"\/group\/rjdown\/post?postID=m69vHEW5lGHMCQt6BGTD-BK7-Utgvy48fuO92rj6P5R3-KxaRbCL8RIEUnDl5pjo9_e8uJLkTj6CNuurpQK8czNdcZEtDGoe\">dep.geraldothadeu@camara.gov.br<\/a><br \/>\n<a href=\"\/group\/rjdown\/post?postID=WvGAakAsd4OPsJ6hQeyCx6GgaK_-l8AF4Qw8ncTJal9PUefXMolAQYh5VK0Q72NSixn0UJCP4i3o5iFwvMCqu6q3p4sU_g\">dep.germanobonow@camara.gov.br<\/a><br \/>\n<a href=\"\/group\/rjdown\/post?postID=fIR2aVauIuBy7ex7CNpm5i-s_7SCzgVnItRtSza4MWrB14lIMXAt7oKBoTgiDqgewN5lU2HIhHJmlslj5i2GZxKCVw\">dep.gersonperes@camara.gov.br<\/a><br \/>\n<a href=\"\/group\/rjdown\/post?postID=hnUWCy8cmqMmCK-Pk7Otybc7wdQemIrUL5oWpgkMco9GBj1WzGn2zyQvXTbzvlQL9pQo0acWq-6veSfkwKuKZ02YKGcLmT5j0kE\">dep.gervasiosilva@camara.gov.br<\/a><br \/>\n<a href=\"\/group\/rjdown\/post?postID=vZIM7L1CukmQs5s0lOzYn8779xf6qu15CKDzFCZXdrgW06MPWuoRtkv1LaTnLtcv-hSIqZ-EacauQnZ6ZNG1a44pDw\">dep.giacobo@camara.gov.br<\/a><br \/>\n<a href=\"\/group\/rjdown\/post?postID=viXp-xH_CCklPuEzAxaKNDOB2wUObXho6-cOa5tknVT7umN3EJ-4TfGojOQkwGKUVWQXK1nYy6pisfe8exMlt8ohR7jMW7x_qdY\">dep.gilmarmachado@camara.gov.br<\/a><br \/>\n<a href=\"\/group\/rjdown\/post?postID=7pjpyBpr9aBbNmMLMsrV9Fv_nWEd_BLHdIOtD9V_MAkiwQ7zvJeC0JvT7Ox303EQ7DpxGzd6btzzfPuERxhGhOFYbgDTXNw\">dep.giovanniqueiroz@camara.gov.br<\/a><br \/>\n<a href=\"\/group\/rjdown\/post?postID=4VExHt9rCTnIGpfBCeOfhfRc7EBmyLf9WV9eb2xZHw3cQhTAOvb4Xc0NnzVL7cDG0soKqSTMzIihgX087g0ohJuLGlz_M8VHGQ\">dep.givaldocarimbao@camara.gov.br<\/a><br \/>\n<a href=\"\/group\/rjdown\/post?postID=DNqwwyPadkDIT791xYhB4Bf32RS1IRMKCxTMLCQPZsEK-bR0RjQ2hgeUC6czPlxOMTUTV4wKf-Uwue01mKuaXxjjh45b\">dep.gladsoncameli@camara.gov.br<\/a><br \/>\n<a href=\"\/group\/rjdown\/post?postID=OKz_YJr39IqjHbvPNfgMPWnKHM3bExw1_Cs1L5FJy4PuMNJa42rkKZM-zKhlEBP19_XEgOtdtCTnS9L8QnTc6TaBFbS_0I8\">dep.gonzagapatriota@camara.gov.br<\/a><br \/>\n<a href=\"\/group\/rjdown\/post?postID=w_P1pF4MTM-nl2PvbY-bzd8A8jvVcm3JfB0bb9fQxj0BxF2aVDU95fjnmkXAOcxYeoZxbibLDln4z2MkdFIysat6a4np\">dep.goretepereira@camara.gov.br<\/a><br \/>\n<a href=\"\/group\/rjdown\/post?postID=EtReh4dxRKv5gZSSn6wqkvNKhdv9pNUwV2sG4Y8uBdFLh_elXRoiSyEQsvPEu1WnkL72qaVR3XiXvuOBKap9NHPdXYI2Cazz\">dep.guilhermecampos@camara.gov.br<\/a><br \/>\n<a href=\"\/group\/rjdown\/post?postID=UyJds-JccoY56gVeH4g93Isbk7ftMR5TDmivokbnwyo0dp462XK3gRILq8l7Bge5G_FQJiRcKLAVHprTjXlrfNB3NZIbVEtKWQ\">dep.guilhermemenezes@camara.gov.br<\/a><br \/>\n<a href=\"\/group\/rjdown\/post?postID=GIpVDatDPBHSu9PnhQ-BjnKm2L2SOKDDPaUDHNgnt-xhj3IMD8T0jUhTSTUsl9jMY10CPPJW1jSlOGIs0zXwRdrRoR20B-U\">dep.gustavofruet@camara.gov.br<\/a><br \/>\n<a href=\"\/group\/rjdown\/post?postID=D6h9DLo0McSJQrMexHA5Z8gMa6y3VlRgiyJJZMow-a9bNhZhSARR9pynaIati9KtS3gLsN9kH31PtXn8jk5FjDaW611C0MkZ\">dep.henriqueafonso@camara.gov.br<\/a><br \/>\n<a href=\"\/group\/rjdown\/post?postID=m7Ie95JohxIpDHTehrovOwZyIFqcehpUvoD59WaO7uGAK7Mi2bup2wmuY76REmzPCDXQKbV2fL0SliKbxu-dr3zlOmkl4E0Idcp5JdY6kA\">dep.henriqueeduardoalves@camara.gov.br<\/a><br \/>\n<a href=\"\/group\/rjdown\/post?postID=qf-dN8USkk6i3KY069vZgvn8B1hM9pmE7Cw-7qLeScmxpItJF2ak3lJKS4w6SYjErPdU5WKwxBrRJeC7yQrTHh00pA5hrMCIx1QL2A\">dep.henriquefontana@camara.gov.br<\/a><br \/>\n<a href=\"\/group\/rjdown\/post?postID=aedyu6WW6f6ycy28N7eO5Chv4SHFJeirrqg4sEN5z4DMeYjh37C6hAnpKUr2oyoe8-GTvC8jcH3_r36wPA9rab7uyY7m7Dgp7Aw5\">dep.hermesparcianello@camara.gov.br<\/a><br \/>\n<a href=\"\/group\/rjdown\/post?postID=VUiAa4wOcf6g7CQCoykskDsykq29REt9LngNfeZr2tE0M1xKtazJy-LOAwprRhqj3g7W2uL7x_z44hpF4xZX9Asfw_LGfJMwSw\">dep.homeropereira@camara.gov.br<\/a><br \/>\n<a href=\"\/group\/rjdown\/post?postID=nyWnpSc6kQ7B8r4t6POLs80BJ1R8vS7qkOIElCx6qNMmjpF16eyT6JY_kRcqvI8bh64aEOERio6MyJoRLph2h_VbByw\">dep.hugoleal@camara.gov.br<\/a><br \/>\n<a href=\"\/group\/rjdown\/post?postID=eBmow9IaToByTlppVkUD_NqZ9UaZiUwt8VrIfA3lQAnX9EUxKr9trQXxRTIFP3maeZ9JM6j-UbZJmt2vyJfrBzQi93jKR6rA\">dep.humbertosouto@camara.gov.br<\/a><br \/>\n<a href=\"\/group\/rjdown\/post?postID=mvd9EVGn48utwZ8thByz2rV15Mhxv22DRNflYjo6WuwUdwOJTpeSuIxCJGjPZRosJufvIDyO1L3aUvBUMSJOYrhyBefncqbV8g\">dep.ibsenpinheiro@camara.gov.br<\/a><br \/>\n<a href=\"\/group\/rjdown\/post?postID=U28dl-5diVu5iowuQLLq03KptFlE2c8Dus5VVsnJTndQ0lQjBexeGGWiYjxNWuHnM-Zh-ZFzwc0RXM3lc7sFQh0LHoFzLB5faK1wyQ\">dep.ilderleicordeiro@camara.gov.br<\/a><br \/>\n<a href=\"\/group\/rjdown\/post?postID=IgcoliIiC1fAsvUbVz0olbufLbR73PT0gFZza26YwqCR99mZWeoDIj3bbFn2Oe5H-ijaOd8xqUrEbN8AZaNPezMBgGO623Jb\">dep.indiodacosta@camara.gov.br<\/a><br \/>\n<a href=\"\/group\/rjdown\/post?postID=FUTviUOp3OWf2C1NEIIX2H96OEmuIIr_mz7HVEwvm9xdMrYMK966DiVbB7wJu0wmlW5aplAloOHxIbtrs3qJQQ50jnIlMQn0TR_t\">dep.inocenciooliveira@camara.gov.br<\/a><br \/>\n<a href=\"\/group\/rjdown\/post?postID=0wyjCK0XisjU543FEQOXEKS9zTLXEo9NFm-nrnI646EFFa_K5GrKsQ9LrLFubsEfEkEMbFAm86KdXVt3HsCMgPiHZbE\">dep.iranbarbosa@camara.gov.br<\/a><br \/>\n<a href=\"\/group\/rjdown\/post?postID=E2lD_8J34kIHNE8aXvmvDQ7sPD0JVabHzlQRZ-1VveEkF1cDjdWGke9ldwIR2JIwryqpEUP3rQQOyrVAS2KPpJ0SZ2mL1wI\">dep.irinylopes@camara.gov.br<\/a><br \/>\n<a href=\"\/group\/rjdown\/post?postID=mAimh1X6OZQ0MTm2F6RJx8t70ORDKmjPC0UTahLMpSmi7kkdMamHoiJfJoQAF0AcFCH9G-h9pMnhcCkR6HgNyS34v6vhsQ\">dep.irisdearaujo@camara.gov.br<\/a><br \/>\n<a href=\"\/group\/rjdown\/post?postID=M0HhkrkIdnN2zRfphdx01HkH_a8ypM8NhZdo_QlhfaXnXK9C6sKZdAVTigbCEPrcLFqBqMKreYcKlV7xu74H7h1TYw\">dep.ivanvalente@camara.gov.br<\/a><br \/>\n<a href=\"\/group\/rjdown\/post?postID=EZQu71lVaOO-8kppIwMYYMJIzllq_NhyO37_CeK-9kviCStX7V-amYVP8Hm4pIlQHtUlvmXBtPC5wkl9BKIF\">dep.izalci@camara.gov.br<\/a><br \/>\n<a href=\"\/group\/rjdown\/post?postID=6MgQDYdZ5Zq2thjpLcXzqVwh5apwWxsSTzW31aNXhUUGXJSpRyYHr6fSJuLml6zlvMV0OSAVDyoTau3D_IMbOC67tivmzDE\">dep.jacksonbarreto@camara.gov.br<\/a><br \/>\n<a href=\"\/group\/rjdown\/post?postID=BNMD7-I1-6LKvTunPguXRMNJ46QMWs20fKuV5BE24ic_Jsz8e1aoTZ8me40GK_Vz_EII3axURmoU3raOBjaiWQFHv4xSPcs\">dep.jaderbarbalho@camara.gov.br<\/a><br \/>\n<a href=\"\/group\/rjdown\/post?postID=L_7ACMEr0pDALbDdx8GN_2VkcP-HL_A7aeY1sH-UXJs-7kT7mvnqdEEBKELJjcMoO26e62-KYGSH0ds1rofhQMrF18aH56UM\">dep.jaimemartins@camara.gov.br<\/a><br \/>\n<a href=\"\/group\/rjdown\/post?postID=y1Gtvibxu-1ZQFWzCiZtrxaKum01_rqRGCYA9ENeRhCvQ5iiP_5NTfB4ekNY_maqcZ1yVLXD6M1hZfAirE9wkMyCYCy3tWfP8w\">dep.jairbolsonaro@camara.gov.br<\/a><br \/>\n<a href=\"\/group\/rjdown\/post?postID=ZRa8v2gymxzHvVBRUh_jM8c80ezvDn2I3V2bwsb5SfraW2ff5PeKuHE2zMWjUcu4-vRrXngNX7cfjp7Ug3v67tZMlw\">dep.jairoataide@camara.gov.br<\/a><br \/>\n<a href=\"\/group\/rjdown\/post?postID=8iKrDrCqE2q5QWkm3I26Kt9TuB1Urp2VAY7nKFW2fBYrT331OVA92xvz2fCc9eIsl42EmcEaGHEwXB2S22t8L47eVwA2VN61fI3xH-8\">dep.janetecapiberibe@camara.gov.br<\/a><br \/>\n<a href=\"\/group\/rjdown\/post?postID=-wEyBmD874ULXJ56TjV5qd1v690GFJxlLvw_lEwIU09_aponK-EI00YcMr5G72Upy1infyJuPzP6eQLMheU525OA1Fchc6DP\">dep.janeterochapieta@camara.gov.br<\/a><br \/>\n<a href=\"\/group\/rjdown\/post?postID=1HqO1jZiiK5ePePJTrRVgIa1E8iwDXpYoicRFUV6rYUydfBXeagaxYlS0YMgzqlo0gzrga5zALiUwvxDFkayCLaV_2VuvEAx0MY\">dep.jeffersoncampos@camara.gov.br<\/a><br \/>\n<a href=\"\/group\/rjdown\/post?postID=t_8ZjKRcDFfLoZBNfgbi-FZ-dwIIhwzSNbf8Ue5SHUl0uMK2gxqTIkHLZhyOGv6kdxR4C7K9wolY9Qqy2zQzFyRR7fHNuxI\">dep.jeronimoreis@camara.gov.br<\/a><br \/>\n<a href=\"\/group\/rjdown\/post?postID=euJrpRHVeVTjl7E2k-xwh21SNKbNDpMMYxJhbGCB0f_BM0aRVifEqcXhCyCK6-NzzJ5MGlsQGMEBgztiQzEceKWhPA\">dep.jilmartatto@camara.gov.br<\/a><br \/>\n<a href=\"\/group\/rjdown\/post?postID=hCezJd3RK0M8Z42Tu6_P9ip9qjr5L4PwJfrJmI2CdobruaYm9MGrl30_I4C-xIUxWBhA-aTw7ZeaxfQTUnBvbNGEhyQ\">dep.joaoalmeida@camara.gov.br<\/a><br \/>\n<a href=\"\/group\/rjdown\/post?postID=sKEnxflASo0N6hjZR5tEfCN5BHCxBo1WO6nGw2xkbXBLHpgO-5cn3VX4Ahz-cEseAEg2HTcVMpACBggevFB1wdWH\">dep.joaobittar@camara.gov.br<\/a><br \/>\n<a href=\"\/group\/rjdown\/post?postID=WO0Gm7-0ZlHNwBglW9_oajLC6N0ZvAAJ0nRUCDPXgEcIpR07a8taBGsH7XnFz6cYC-mUhLw_m5Ic9fN2wfqIrk5zf1awtQE\">dep.joaocampos@camara.gov.br<\/a><br \/>\n<a href=\"\/group\/rjdown\/post?postID=v6exx9V16N7Q8iEOhSVgBcCBC7EA0qZ7YXd6_4dEre292XWNmYwg9nBLlvLuh9VEaLFoYdoPLZkn8-lc-jkFfNyHqMBFfxh8jeOBT6Dd\">dep.joaocarlosbacelar@camara.gov.br<\/a><br \/>\n<a href=\"\/group\/rjdown\/post?postID=3jBJ3MjJHLmLEGlN0ORjUa9vfUpW9M-2gF-5LijMSVMTrFSjm-jjX2gaFryTjE9Xgi6gh9sxHxNP_Mg3-SgXNA\">dep.joaodado@camara.gov.br<\/a><br \/>\n<a href=\"\/group\/rjdown\/post?postID=qvI34Hpx_VCSHLa8Ku7imPWkx3CaBy1pznmej9fthOTxbCWinqMdWyAixoQmRCEyW641uiXWv5rNHPntq5G53nck9A\">dep.joaoleao@camara.gov.br<\/a><br \/>\n<a href=\"\/group\/rjdown\/post?postID=GNkRyhiU5p3ioZbr18I5XkyYzUcAXOte7WjWbvsFtq9eQKAU6EGw34j2TIqBK6naZfI3n0jKy8EdWCNg6u5tOej9PCpPyAfRyXs\">dep.joaomagalhaes@camara.gov.br<\/a><br \/>\n<a href=\"\/group\/rjdown\/post?postID=De63nH8MwFUL7tZ2yxugDK6orfIkeWC2Qt76fEld4CVRYh4XfeLV3XyuevnXLcWgUzOHg37Vgx6Q78sGXJBUcaKvNE8\">dep.joaomaia@camara.gov.br<\/a><br \/>\n<a href=\"\/group\/rjdown\/post?postID=YjMnPkW2TCYPxmMZvJrm2zio21xgum04revU7HjfIHSWyJ_-6AMzyc434l3JocBcdIWbAurunNdfLPFsslmBFSAu\">dep.joaomatos@camara.gov.br<\/a><br \/>\n<a href=\"\/group\/rjdown\/post?postID=KxD7PklXYihoeCNJfV4k7efhfgB3l17MtgkhvZKJanykUt6paBLyCO3RuvHOdym5tcwDpcDBfb5RqLcwrVWzYYsOtXfniZzkkkw\">dep.joaopaulocunha@camara.gov.br<\/a><br \/>\n<a href=\"\/group\/rjdown\/post?postID=2X8fmyRfZ6tNFn_3PYBqONVEpqOgTrzvRVQj1kTp1tpwi8ztsdThOMiox8JqMWzOZOZ2ip9bebzZMthMrXpuweh2admK6cEv\">dep.joaopizzolatti@camara.gov.br<\/a><br \/>\n<a href=\"\/group\/rjdown\/post?postID=EI9PhBaP1E11yXErfe1VA6-C8V6c_eo-EtBdtUoyba25LVZYJQJl14QLPpmvD74sfFta74A54tI4EbxyY0BjRis-QsujkNBbomM\">dep.joaquimbeltrao@camara.gov.br<\/a><br \/>\n<a href=\"\/group\/rjdown\/post?postID=dQBHnCbvmq7wRIpjRtzZ18ecAlxxiNYhcc7mUyHIuee7U8t-vfRGQsge5ZRYUd5ZXgeWwbtiXV-AHYNReGB5DkBsolF6wzEfJg\">dep.jofranfrejat@camara.gov.br<\/a><br \/>\n<a href=\"\/group\/rjdown\/post?postID=71kdHE0VDkff431xp2kkvRvzt3aRhT2mv6xOyaReSZfRrOxMF5Tq6b16MT4MW5fbzgaIfNcetO0PPpFvqMTr5BtHvQ\">dep.jomoraes@camara.gov.br<\/a><br \/>\n<a href=\"\/group\/rjdown\/post?postID=rl4BcvGdonBgxbo2_novdd4zScJeLK7IccQEqJ7Tbdm_NU-Fa_VHJfmFPwRggVSMyw543OBX-NLvD9KF_ZWPYxCRIO3Lzywi\">dep.jorgebittar@camara.gov.br<\/a><br \/>\n<a href=\"\/group\/rjdown\/post?postID=qLgq93-yd8qQKNNHH6MSqP2lh6QuKV7UQgJYabtCKuVDzgk7LWxg--7CSiEyPy8_LZVGGnf1uBmpMr_gyHeKO219ciQ\">dep.jorgekhoury@camara.gov.br<\/a><br \/>\n<a href=\"\/group\/rjdown\/post?postID=opJh2KSsXzEoY-MaAOQEh2vn6mRwrIO6PyvxI-TBQg524yCOOGOGs0zHrQrge9FsiAVOspbV-nnmIzWKEu-9QWTo-KCWZidMKVtwkFZw\">dep.jorgetadeumudalen@camara.gov.br<\/a><br \/>\n<a href=\"\/group\/rjdown\/post?postID=r947M09V9n5DOuHWy2CWZBVp22UOb_6uiM6FscJsL_NxrDcbT2xa-j4bdAamYLbsJOq-UCPIPaC_CsUgcOrp3cm3wXloAaoATx0\">dep.jorginhomaluly@camara.gov.br<\/a><br \/>\n<a href=\"\/group\/rjdown\/post?postID=vdkgTuFRkbYa-8J0UqcOGuLIGpcgpRkW9NI3BtrR5dUyUZEFIUhMxcCYWt2ePpbIfymt_o9Pe5B5nZItL-ZDYzuvbOuFohSyprXr\">dep.joseairtoncirilo@camara.gov.br<\/a><br \/>\n<a href=\"\/group\/rjdown\/post?postID=tBhAAOW_8d66xY67yO4kOAncQicZ8EGz8QlzienWIbFZNKUVObA8I73HPx8kvVWC5D5a5DJqIDwDSGg18p95nHMtaQ\">dep.joseanibal@camara.gov.br<\/a><br \/>\n<a href=\"\/group\/rjdown\/post?postID=iAgJkW1TXdIAJSxnUwbk3jiiM_W4Pwoq3KmhoVrB5AdriCWGWgE8dp_BsRk7_WLYqYpe_BTGkJSZd0GkhRDPfbpBtvgwHYoh4g5_iN4D\">dep.josecarlosaleluia@camara.gov.br<\/a><br \/>\n<a href=\"\/group\/rjdown\/post?postID=FtEhhZ_rfOqJSbjSyNWjcQ08WVE17ClL50Xrf3q89L_jfuyV-xAb5Eg9Szu9-fyePnHvB3B7BB88JD9aZmRDEuOuZDrQIQTR5Q\">dep.josecarlosaraujo@camara.gov.br<\/a><br \/>\n<a href=\"\/group\/rjdown\/post?postID=HR_Z2UR-PsGMBQE8JmOl6NZkmn8xZVdMGnA1DBZt6Xo5FPLiTMM3FEBEasDSgelrlP4434g9hkmuq85FuG_AXfNAqoGy8F8y-A\">dep.josecarlosmachado@camara.gov.br<\/a><br \/>\n<a href=\"\/group\/rjdown\/post?postID=GgYb7YYgCZEe1gDSmfZbMAyAcXbeLXMLPkSYP25nBa-CXb4d76zhnQ0XQoMqEJDlFF4Ez5eduA0XKcmP5V0e40guvaJeLp7o93yR\">dep.josecarlosvieira@camara.gov.br<\/a><br \/>\n<a href=\"\/group\/rjdown\/post?postID=CnC3gJ-qzuOaPUClLbqcgAYa38scGGwNeVAB5dqPYe4xpbz4e3i52O4DEhFrm91YAWtFN7rcOHCkYz04yL14zVkXXgY\">dep.josechaves@camara.gov.br<\/a><br \/>\n<a href=\"\/group\/rjdown\/post?postID=7fFYSgD-_gssgMNxPGA6FD7thK_BAi08wdv21HrfHmt7XxgV0HdBX_xUj_w0vE_KLzzH8cTmlNN5N4op4zlhYvUGeGL7AJYS_Bw0NSGr\">dep.joseeduardocardozo@camara.gov.br<\/a><br \/>\n<a href=\"\/group\/rjdown\/post?postID=0vlf7QXCDJLNhcJWHfTYO5TEdDaxJRqWmjb-Rv0J6lRd3SKCGPpItWzNict0p8AbnN1AojaYllRs5QL_2xVcHYAoPhf7e2dRwyz2znKBYqE-Lc1VkvFncM-5FA\">dep.josefernandoaparecidodeoliveira@camara.gov.br<\/a><br \/>\n<a href=\"\/group\/rjdown\/post?postID=1GXakmfGtbiEraVwuMo2tT8rrSMYI8qYjTGy1CHvJJMBkYkY7c5WHiG6epDSjyuiYGc3T98mbBqwxnVmIJQJDSpI9lQ\">dep.josegenoino@camara.gov.br<\/a><br \/>\n<a href=\"\/group\/rjdown\/post?postID=RQ1WAmprcYt5kVA8dQFsbsCA08XmDk4aRO5_DbQ8Dz17jBH0NILpOsG9X7mAsrnvPgEAXkfZI4CLy-kWygqOazIuDptO\">dep.joseguimaraes@camara.gov.br<\/a><br \/>\n<a href=\"\/group\/rjdown\/post?postID=uqwk-wRSDqsQj0UDDiyO5f45AtPpCenNWcB_-_pQ1AKyUbvxBQislrGR16zTmZk5p2Gwbx0_D9Se48okiE-G9hXenfba\">dep.joselinhares@camara.gov.br<\/a><br \/>\n<a href=\"\/group\/rjdown\/post?postID=HpoE73M0_47YHZaxyVpbpwCcchhYuRUJLwm5x4HuzW4MHQc21yIjFU-h-ElSwqqqI7h6reHzCW0N0-zGMF6-dx3rGyYrlachvazUlzE9bs0\">dep.josemendoncabezerra@camara.gov.br<\/a><br \/>\n<a href=\"\/group\/rjdown\/post?postID=P5SSGXBCR-EFc8yFV5milr6114e8DMjM1R3ZDX6ffJoMN54v7KUxyxG-gwu_ntmNMfJZcVUFIanJs5N8gBX_ZBOUBDynphs\">dep.josementor@camara.gov.br<\/a><br \/>\n<a href=\"\/group\/rjdown\/post?postID=GSU6G-rAVlOYTLaLamBd0GdmpqZu2Bbt29-SXWW2bmYfYz8v6uUREYR3sz3QyN2BodXWN6QrTLAucQqlToha5uAJVjKhb-tk8yTP\">dep.joseotaviogermano@camara.gov.br<\/a><br \/>\n<a href=\"\/group\/rjdown\/post?postID=wIhs8fsjxuWRztP1x97R5_RTjj3cCttNCfwg25unVptLxs8uGfCl6YiLUI7IrgLXCFM3XzQRBr4mR42tWqjD4F7RllH8BYrY_fyr\">dep.josepaulotoffano@camara.gov.br<\/a><br \/>\n<a href=\"\/group\/rjdown\/post?postID=Hbj7GoHd6OYM9ozt97jw4vU9LbZTo7lC4bjx_0G2_xMOyvgIt6os2cw2Df23rvh3i30fvLuMjQaJqH352B9qU51YEULkADJO4Q\">dep.josephbandeira@camara.gov.br<\/a><br \/>\n<a href=\"\/group\/rjdown\/post?postID=jm89dh3gt-BYjsnLF1yeB6YAZ2vZ-wg_MWstiJbQxcDjwpSHpF7hhx5JL_Gqz6h_h3M60eiSrIqQIS3sqBdpNWiIXoQUBQ\">dep.josepimentel@camara.gov.br<\/a><br \/>\n<a href=\"\/group\/rjdown\/post?postID=ze9okTR-Id62aW4SiZG9jl3VS-QO66IdWtkeomVWc1E_rOssMzNJP9DSvuuQaLT9PZydeGLYmm_ngaJZvWOkznidxDcK\">dep.joserocha@camara.gov.br<\/a><br \/>\n<a href=\"\/group\/rjdown\/post?postID=hJYI_2A0QSsqygqyluDemI5TbEFooKAEIyT6vRjjzAOA8Vj-JDZrXHQwHwKy8bkRxRjrS1DdbsF2qB2XjnDYCNGd1-evZoXeyap4CRUCovurwN7Z\">dep.josesantanadevasconcellos@camara.gov.br<\/a><br \/>\n<a href=\"\/group\/rjdown\/post?postID=OYltXut7DXMTaTWmegA_xfuXVtsb9wqHmxar0X5lN4nSu0kfzlEIa2zZlXhhYHOqwYWz-2HGO9dJgJEzYRdUdyqALONYKo55XQ\">dep.jovairarantes@camara.gov.br<\/a><br \/>\n<a href=\"\/group\/rjdown\/post?postID=NZhiGifZ5sBgioNjzswVpvJJRwALpxfuCwIoqS9_opnFKZrOtj8ezYI52sa5TVc5_LigEnWB0ruGz0dGhTifvFWq3uHrkw\">dep.juliaoamin@camara.gov.br<\/a><br \/>\n<a href=\"\/group\/rjdown\/post?postID=XmujXvANBUlUd4o7nIqlLNjxOP3PZH-ehlQejcYY9s07pLMkCI48IRJT1qoTTO_Qcmt-qoJ2uF2vEbTK1TxHXOzBXLEc\">dep.juliocesar@camara.gov.br<\/a><br \/>\n<a href=\"\/group\/rjdown\/post?postID=OlxPsCvui2wWIM4KJ-oSaVhKocW6NKpU50wnawd7MIoUM1GrwzNVtltXxBXiO-UpXP9-T_KWNkl1i54tEL6PDmKiT4vuGQ\">dep.juliodelgado@camara.gov.br<\/a><br \/>\n<a href=\"\/group\/rjdown\/post?postID=VYNblmNS9prjDLqYX-FuJzbOEBYktlG_bZjKNpuuIHs2QchQ4ezFMzNUjI-vLtHuVN6Wtd62CvVc2aDr1MC5ureL4UVUKLM\">dep.juliosemeghini@camara.gov.br<\/a><br \/>\n<a href=\"\/group\/rjdown\/post?postID=nePkCXd7VKtljcNyBNnh-uQOyIjuzQZnMt4ryIeGhGPsp7zZQ6GoceHpXU7ajGk7v5jP1U8xBkM5rGhv5Ng4VI2ibYGyeMk\">dep.jurandiljuarez@camara.gov.br<\/a><br \/>\n<a href=\"\/group\/rjdown\/post?postID=xrLvtnldb-Srs1wUK3UTGkzUpAn9jwrlQ7SA3QdFTOxWGgh9AR5WRax2hKh0Vhem0UO8BOv6RjgpDsl4nLXqABnyXBRTIrs\">dep.jurandyloureiro@camara.gov.br<\/a><br \/>\n<a href=\"\/group\/rjdown\/post?postID=eWlBvkwSJQbtPKuKmPRLhUB37_xka-DHJiRmXQ8bAuhP3aOaQMHbjYm8CurOUzuxJ0Z8g3Scv-ZF_4ahf9RUhzG9-ug4p0YEtL-D\">dep.jusmarioliveira@camara.gov.br<\/a><br \/>\n<a href=\"\/group\/rjdown\/post?postID=5MPkTacMF-7HHcBIg6Si-yJD6wBcrn4L6VOaj2mPwSYN4LNhNECKkoTwo4P5cvFrKLTr1F48OR_h58AlpyJyMlqggA1MdA\">dep.jutahyjunior@camara.gov.br<\/a><br \/>\n<a href=\"\/group\/rjdown\/post?postID=iXlKx8cgtOM-pdTURCUHUb7XBQkM6FValoMr5fF_B8EbbHbuysQaEUsgGY4dZC8oe9VRAcDJ0w8oTlhr8KBT9pjC2Q\">dep.juvenil@camara.gov.br<\/a><br \/>\n<a href=\"\/group\/rjdown\/post?postID=_J5unJX9mM2T6nUk9uFqukzGnt3HnzNQoiQf1syl1rWH17j6hHYxcnHb8i2WvlswODnAymJWHipRTxoisrZpf7pXnHQ\">dep.laelvarella@camara.gov.br<\/a><br \/>\n<a href=\"\/group\/rjdown\/post?postID=hJM0ofsgx0Tb3rQC-M4QsA51AVBvpvEx0OWPursBv4n8UCV_uWMb5jkkmPxCUC4CiiPKxkBqE8VTUDI-TXQSNBTKYsQ\">dep.laertebessa@camara.gov.br<\/a><br \/>\n<a href=\"\/group\/rjdown\/post?postID=r3A0w-Kspx9xIcdmSK6dlRSJjIgamr4dCERdpApn63W8G0fNoSpkVYQs89kLP0DW-x_VZNNXnvwlwPVaGxWmo4Of3JOkh9KbAQ\">dep.leandrosampaio@camara.gov.br<\/a><br \/>\n<a href=\"\/group\/rjdown\/post?postID=L0-4GP0XYS1ch907KNiLlftbzpljA5If_Dfutmh01VS_K9zT5IamGyvqHh9sUzfMGfviC8P2YcrhxLdbcEsaJYUVXFJw\">dep.leandrovilela@camara.gov.br<\/a><br \/>\n<a href=\"\/group\/rjdown\/post?postID=fZJT-A9nupqj1blALwlAngxm6215olP17MkCpcUndVYWfHPljhpAab5tpRpG8_rkfUFS9GqNu0kE9JdNyNOXV4y5uOiwDHg\">dep.lelocoimbra@camara.gov.br<\/a><br \/>\n<a href=\"\/group\/rjdown\/post?postID=WndJMZ15k4bIEve4uuTpM05FMpYjzMFgN-VHR9ShBJABae4JRlcvYHeqbruxGQ2fodWxMNCYCC7omrXd_6XbLHCHc_1u7w\">dep.leoalcantara@camara.gov.br<\/a><br \/>\n<a href=\"\/group\/rjdown\/post?postID=w4kLmhdr1PIj_qXGeg_wBC3-HBT_odnGb_lD424PGNTy3UEFynokzP6BDNloC6lzhAGYlBDQC8ApLnqg8KZWTmN7NUvXAskle1rl\">dep.leonardomonteiro@camara.gov.br<\/a><br \/>\n<a href=\"\/group\/rjdown\/post?postID=9ZeufKkF3B4VGI8E5sZ1F4YlHjUib5rGu_3ZxB298qhlWnblTEwsj5IH7r5KfRILYSSG5DdUe8KMAwjjydro8l9oQQQj8CyHdzI\">dep.leonardopicciani@camara.gov.br<\/a><br \/>\n<a href=\"\/group\/rjdown\/post?postID=kvrK8dDDV1U1VhNHwoz61QLWxSFqIZg70eDo168iaBvxKgMIsv0BLpmdM1Be8Pbngr4QNJJP291LsQ8I6gB9dLAGCRGUZgq83A\">dep.leonardoquintao@camara.gov.br<\/a><br \/>\n<a href=\"\/group\/rjdown\/post?postID=HnxSFMZhQP8ly_0bXkMaz4lUtsBKDPnTC3_OF0yTMbNwOQfVpgMeeQ3nquOF9rfdDHMPZmNqGOSfdLGfODHbgl_TT3QQT5T8\">dep.leonardovilela@camara.gov.br<\/a><br \/>\n<a href=\"\/group\/rjdown\/post?postID=W0srZc9qzD4sreS3UUaHmRO1FZPJGrD51bKLMcptNdpJpuo4I4I7e5cpFuetsYHHFR73NAVE25PD4v_P45bPYCgrjw\">dep.leovivas@camara.gov.br<\/a><br \/>\n<a href=\"\/group\/rjdown\/post?postID=T-6li4-ow22ozloW2GhRIQ79fdPND3m604F1U0OKRvhG2J0BcWklY4RhAM35gGJ0hU1UpgsDIvkAM50-xUVTjGCh_NwW7A\">dep.lidicedamata@camara.gov.br<\/a><br \/>\n<a href=\"\/group\/rjdown\/post?postID=IRtQQMIyPk4m53sQ4DAZIMWbC_QCB7NbBIGMAkHKisBZcRQwapGco0k4tDxNxYH6emfiheJsNxIJMdYn8wXNwvLJO3E4wkfOUA\">dep.lincolnportela@camara.gov.br<\/a><br \/>\n<a href=\"\/group\/rjdown\/post?postID=LEdS9bYS3EpZa7X_JlJB02k7zAcIG-dS8DkY0yx1Ty4ea49gpxUn3oLvLcNZQAcx2yaZXldVzMMynL8WXEookAD52212NEOF\">dep.lindomargarcon@camara.gov.br<\/a><br \/>\n<a href=\"\/group\/rjdown\/post?postID=B8uywkARMtA4Tj7JBkoxNlYVyi6yIM9nvkdiD4WLybM_vRsfgAXEuvPKXQGWf8GpElYJ6r67yRvJ5uhoQ06HNTaAYxI\">dep.liramaia@camara.gov.br<\/a><br \/>\n<a href=\"\/group\/rjdown\/post?postID=AI87953RkRuzL5jTGAjMhQkQJzvKHN5aI8jNsHTEhAfr_tpO9gi_UXeTqT5GWCWGTh9LhwZy05q_J5ZCQrmWfuuazNY\">dep.lobbeneto@camara.gov.br<\/a><br \/>\n<a href=\"\/group\/rjdown\/post?postID=zi4JXXQs3LEo4Jd32THsRS8sjfnSBkbbjBnmtdv8p2LGbJRpg5GD9n2jFzRCUYyQiVv3GnlnKxnJaiRMZ4WO5R-d85nJzJlJSoEPYu0\">dep.lucenirapimentel@camara.gov.br<\/a><br \/>\n<a href=\"\/group\/rjdown\/post?postID=fmcbIM5ATxHIgVJbykH0lSqUyko9RUork8oxOS6Wtoskep_wtnqdOB5HsdBe2SMbUgNxgB0Br5GB9o3sM8lMQZKzV1LH3ilC\">dep.lucianacosta@camara.gov.br<\/a><br \/>\n<a href=\"\/group\/rjdown\/post?postID=2lUR1Aub3JrtWKjyRASiiF6-YCpgSzxid3f2zoCWo8YIb6vjL0dBmVMUrM6NeDJHyVJ420oJ0R7FtteeUScuti3v1FE\">dep.lucianagenro@camara.gov.br<\/a><br \/>\n<a href=\"\/group\/rjdown\/post?postID=vOPKwL52rLwEOoSPSJREWGm836h7H0T3XppUikzsoWCnRKfdCA7jlcAZ9iJoKulUZV0njRp6ruVdR2aWf_rMlShtwEIU\">dep.lucianocastro@camara.gov.br<\/a><br \/>\n<a href=\"\/group\/rjdown\/post?postID=XLymqiK8sg2Rz34Vtg_rtXEnS4Dy64VvQljNnBhb1BKD1XzVl9QVu4qz2ZJHmxVl2Zsv7Tq4IlvLSnyn0gCbPu4GaEdjJgcgqUI\">dep.lucianopizzatto@camara.gov.br<\/a><br \/>\n<a href=\"\/group\/rjdown\/post?postID=mtzPNvuNjPwv1hYI33I1dIWm9sILkGULTzZlKZrBJ0qrQE5s2WnxHmF4slb6qXjJp1XiniqJUs4MccmlidwIGw4\">dep.luciovale@camara.gov.br<\/a><br \/>\n<a href=\"\/group\/rjdown\/post?postID=g_-mYwefQ5h9SsegYLgXPpRXJQGkZn3Tclf2raIK68jE22S63jtyvIF2CCo69Jh5jc1n6C0qrmc0zHYVhYukOj60KnzBU3WW\">dep.luiscarlosheinze@camara.gov.br<\/a><br \/>\n<a href=\"\/group\/rjdown\/post?postID=0A6Weoi8tfGIcy7wD8gry-0SiqVeyLT2Ev_ql3ROxx3qOpmZijZhtdxRocFPnDOIcDAEwYq5rbiKDi8GQ5kIOPOLvZkyMRrV5SM\">dep.luizaerundina@camara.gov.br<\/a><br \/>\n<a href=\"\/group\/rjdown\/post?postID=etJmQ7ySsFb4T01gTXqjsb0RwtuvcfRIdRr0em9VSCLnhEq6w68-UOCeEtxTzh40a5cPKroWRCE-iF1S0FRv8q6sTto\">dep.luizbassuma@camara.gov.br<\/a><br \/>\n<a href=\"\/group\/rjdown\/post?postID=dmEiw_nqT__iqYu2ddoT9VlGKn9XF0FFClh989MshBp7O3IRTrpf3sej56Eas0Zy1uwMqS7X1QPn8vTwFLykTw5kYWKIZZXV\">dep.luizbittencourt@camara.gov.br<\/a><br \/>\n<a href=\"\/group\/rjdown\/post?postID=Sy8T8lAiFgr1-cB09GeKonbdRl4U_Fi_cO54ewBjQaqvC3vscxR3eibuGjYjYRrkQekvPQk4xO7j_YGcXjTzLic69neVHSTy\">dep.luizcarlosbusato@camara.gov.br<\/a><br \/>\n<a href=\"\/group\/rjdown\/post?postID=XuXDVyrmPYB2IZ-KqpeHPg1aOym0x3LJ-iSU3Q8J9LZZvG96ZTbJFT-xAbPzTYFW3vghOC4xgmMtvHefuDVtggeCx232_E0\">dep.luizcarloshauly@camara.gov.br<\/a><br \/>\n<a href=\"\/group\/rjdown\/post?postID=y7XGQsIkCfhXDC-Bo2_fdvZ2SbdsD4BAky2MQwmUo8gA_Od1k9LLdJjVZdcdUpwI7hoahlq0szkVCPdaMmZW7jIqVeFOe8E\">dep.luizcarlossetim@camara.gov.br<\/a><br \/>\n<a href=\"\/group\/rjdown\/post?postID=uAQrE82oRvsF3-B7Gf0JFvqYrbJrhV_xcrk1HOGbg67L9oP1HbdmEbKbuNX2-wYWiTO3qDSsZcwr2y9yEnGWZasFLlc\">dep.luizcarreira@camara.gov.br<\/a><br \/>\n<a href=\"\/group\/rjdown\/post?postID=P1R80SZInOq2Mby0oQDtYLPuDEATwajEpdYTVF0MHd6ufrT5ui_lS1qT1QRYsxCq7KyoVtTAa8o2_yB5mJFE2yaAyxI\">dep.luizcouto@camara.gov.br<\/a><br \/>\n<a href=\"\/group\/rjdown\/post?postID=5bsk9QrEEbLF1X1k6DI8rL4hJJk_KJspAznakG_u8i2f8Wf0e1ZtDk2bubDHd-0AZ1c_WoQXItBxm9cjxf8rR0_YQrWONTOF8bWej4c\">dep.luizfernandofaria@camara.gov.br<\/a><br \/>\n<a href=\"\/group\/rjdown\/post?postID=8jAL8QFRDXbvrh1w7r8SzCsfsInJHDtje1l2om_j0-4UUQ8GY9lpIwr9YM2qyNfC1Uk1IciODxikhbTcou1kn2Yd48AwL3Q1GBhtN1OPSw\">dep.luizpaulovellozolucas@camara.gov.br<\/a><br \/>\n<a href=\"\/group\/rjdown\/post?postID=-A9MsQkv93-5q2o5Yf3LeCnOnTvHFjw4NkV47-wu0BRuXoHz2GHRNpay8Ka8bUTrPBWbNWlH92cgdqZWUpacU_4A5do\">dep.luizsergio@camara.gov.br<\/a><br \/>\n<a href=\"\/group\/rjdown\/post?postID=NJM-EZ_ssswYPXLf2KV4IaOj70aF-1rgMwaBQ9Ybe_0BnhgNqeE3Akqbk22GCv7fayva4eUfX25xAmurEiHeIH7V\">dep.magela@camara.gov.br<\/a><br \/>\n<a href=\"\/group\/rjdown\/post?postID=JDRZ5RRcQiM6rgqWxjZtkJr3i_PPjTxKrEa3p-d8Qz8uTi8_uR9jxQ9c1i25_zOB_74TzXFIqOigVkCAWdWy7nuMP07oAQ\">dep.majorfabio@camara.gov.br<\/a><br \/>\n<a href=\"\/group\/rjdown\/post?postID=r0KEGBnMJeGmrTMejY0Mo8UvrJaiQE6FncpVf5uf72F-D5NWuyFGkX3xe97Fd1Krz8j_iYrvDhxwMnTs5ePpOEG5\">dep.manato@camara.gov.br<\/a><br \/>\n<a href=\"\/group\/rjdown\/post?postID=sYGxQJcvcmVD4RN-lsNv2wL_ghLbL1yKWu-sjslT_WHkdDFBDN5qHJq0mrKIoqjvlCQCtgGN-PzSPi-Rjya-JBq_s6xg\">dep.manoeljunior@camara.gov.br<\/a><br \/>\n<a href=\"\/group\/rjdown\/post?postID=zgdhEevEJ4dlhOkG1yf9xHPjU87yH9rRRicZPh9Y_0vumQGXff1CMVdd_RaWpaANxGZkVKvHG1XCMlZkb9e8FSexMcDb4cksJw\">dep.manoelsalviano@camara.gov.br<\/a><br \/>\n<a href=\"\/group\/rjdown\/post?postID=iFslWxU-YnkTbQ_sutz5Kx-kni2aZSCQpvSY5qWTaH5JM1HAJl7NJN7G-hxfYXGoABnUC19FCcsVXPu20_M5_YEjPK_poQ\">dep.manueladavila@camara.gov.br<\/a><br \/>\n<a href=\"\/group\/rjdown\/post?postID=RvsMI1E3hzsRmP0hOo48zW9b1zpMNAvURu2uHub3y7yNhX3PQpNwOyOWE-zVJDbyQKvDNfYgDcE53l7tihsDesNSv9kHc0rimQ\">dep.marceloalmeida@camara.gov.br<\/a><br \/>\n<a href=\"\/group\/rjdown\/post?postID=6Ve6VP2vEqhsg11dA19sMpq-c2vFH2bmB0Rrnqud8dCejElm-SckkJEP8yjdgCHdgrJmA0n91RvKRngsY-0AZYorHzj75Q\">dep.marcelocastro@camara.gov.br<\/a><br \/>\n<a href=\"\/group\/rjdown\/post?postID=t-4D63eWhD9NJTYZ6Dg92PZeDlPuhL1CROzZYU_1oULnlPsE_YQxlHzKerTLNp9jBgc-wq8vKA5SgDE2Z1h67nDiqpKAlyFa6xbKB8qutZ5m\">dep.marceloguimaraesfilho@camara.gov.br<\/a><br \/>\n<a href=\"\/group\/rjdown\/post?postID=C5jEn0J-iGHaDf-bww7QGT4r0h2hhG2rdI8_QfGpVk-j-03vj_RG46sDsNp_IFVJ5RdupgwfRHqgx7WPTPEc51FYpSorUnQaQA\">dep.marceloitagiba@camara.gov.br<\/a><br \/>\n<a href=\"\/group\/rjdown\/post?postID=1_RfAsCqkyQwNR2E5-iwTPrQfnmPmDeXUpTNRAESOkvQur9upzWsP0r0zTuY-76YS4YuzpNB9VKIODQdkoQfnGGjZg\">dep.marcelomelo@camara.gov.br<\/a><br \/>\n<a href=\"\/group\/rjdown\/post?postID=-kJIXTi48cOIFOGJA10RqH6jotbRvu4keWQoFNYATlPlK2npiNxNG81PTjZUQPzEyvko94CzsYwJmdLdHf9eMqaIKMo\">dep.marceloortiz@camara.gov.br<\/a><br \/>\n<a href=\"\/group\/rjdown\/post?postID=awBGNG9f3tSeKIbHI7Ir87SNQbQrrltKwMjRaQ4SLULs6KoX1yHZmRSB874Mf2SD-tNKPb_7HcTXkOL7q8kcL-HZ7SzNpTw\">dep.marceloserafim@camara.gov.br<\/a><br \/>\n<a href=\"\/group\/rjdown\/post?postID=clkUEOgQfpXZkKw3fOu4VND23nD3-stLKmAwwazbkKIQFJRivTD1Csjs961l9VFWMn8LfQzyIy4Q_J5IfsCIDuox1pY8_GPc\">dep.marceloteixeira@camara.gov.br<\/a><br \/>\n<a href=\"\/group\/rjdown\/post?postID=3d-lMJktpYQJnURB_U7hf56bo4i7Zf_dlghU-ovga4Y4ErVEolyH0AYNh5i5DCFCTScCgrSjkdKZC8MpL5R-ZS0PsSIAfpWVEA\">dep.marciofranca@camara.gov.br<\/a><br \/>\n<a href=\"\/group\/rjdown\/post?postID=XuFgiWODiaJvKP9M_oQl_7fp3TxeGh4uvN95_Y6nCwMVt5kODhLYlPKO3iNW6--iKh-J5jYVkt7LTzez13Q-t3w67BPMe1Uivj8\">dep.marciojunqueira@camara.gov.br<\/a><br \/>\n<a href=\"\/group\/rjdown\/post?postID=pCeRM1kPm0hfmMb9jxNRJudha9xYze8YyocLV3saGXErohlj-0O48cSJu7bBgr2Bmb-X4zn2Or59mQ4GY47BdVf7xcT8EBo3R6hiyqTJz0YPjg\">dep.marcioreinaldomoreira@camara.gov.br<\/a><br \/>\n<a href=\"\/group\/rjdown\/post?postID=I3CcWFZaQcY_0OouWKC7GjnSoOKJdUiq7TRZUCrknOnR8P6FPXfU5OnJINubwZgpH2dCtFNuE0QBhwgW1xaysOg\">dep.marcomaia@camara.gov.br<\/a><br \/>\n<a href=\"\/group\/rjdown\/post?postID=AaHiG8fELVxlSYrVfWs8lDoK1fXuWtxJb1fYwf3w3ThwZveKzW0O_hhEyCNRaIUBiVJdNNxSgSxonQNuuXwJoktmTLQiMRhILcz3pIA\">dep.marcondesgadelha@camara.gov.br<\/a><br \/>\n<a href=\"\/group\/rjdown\/post?postID=BdNgx07-eYfIGNNRDyO5nMWEM37abd7Yf7frjs-ufRnZzXRvWnlJLCcFzz3b9rxd8-7IBLE5-WkFBC0i4TFFHeANZ19Qnw\">dep.marcosantonio@camara.gov.br<\/a><br \/>\n<a href=\"\/group\/rjdown\/post?postID=DAzfX5mZTvf2GPJ5b5hk_gKmXia_KVr4VUZYSqFiPhJaxuKq8bXsXDhDroBuhktsZ87pfKrxNHkFT6MKQwADJhX7uwcw\">dep.marcosmedrado@camara.gov.br<\/a><br \/>\n<a href=\"\/group\/rjdown\/post?postID=f_8tG2B8DQoJ1btee-zJpZkqPc0Gp7tm-y1FnLURiuLjWu_dghuUerh630mGD1gtOe43P6o83jUwAD3k970RgobHEiQ\">dep.marcosmontes@camara.gov.br<\/a><br \/>\n<a href=\"\/group\/rjdown\/post?postID=ftVYjIUvkt3DxhvaPVC1bsDsYDc62kaE2x9CE7lfTuuqYp19_Fcu1Sb6bmcnExhp7D35-Pr5eBK0w8PUoZ6RP0Y1VBXc_QIPExk\">dep.mariadocarmolara@camara.gov.br<\/a><br \/>\n<a href=\"\/group\/rjdown\/post?postID=fFEE76YfZYGaNQ9JpLC4draW0h2mSRxsH0Bdotni49evRCSQx93mopvcD2ALi-GaTBvejuKEVs1niuPvCsv8JZkApeaceQ\">dep.mariadorosario@camara.gov.br<\/a><br \/>\n<a href=\"\/group\/rjdown\/post?postID=AY8iI4Fkel0uSAhI9fkJxgRyojP-uA3sH4ol9WBYiakcJLOTTnNi3B7Y8u49FxcWytTmM0I5ES8B5xtwsM8mGWtoUVa3HoWY\">dep.mariahelena@camara.gov.br<\/a><br \/>\n<a href=\"\/group\/rjdown\/post?postID=Hcc8Uw8A3-C-8N2wsvcbGz590l8OJZPOL3uvM18mz8yz8g7pYMqVRGIYhYTP_JJ33Z2gl3ZKSl6wy2GAdAi_VT3Y6Slhb-yPPcMUJlc\">dep.marialuciacardoso@camara.gov.br<\/a><br \/>\n<a href=\"\/group\/rjdown\/post?postID=Wf1e4fdWKPHZOvzrG-6nyrTsCgteaQ4d-xLBUw8TECLLuEBV1LDrjVbxpAu2C-PLW3n1_x_PX_PeWyWn4nOO97hHeyNIFQ\">dep.marinamaggessi@camara.gov.br<\/a><br \/>\n<a href=\"\/group\/rjdown\/post?postID=MSlp0Py4zbHF8O4HDsN0UAPdR_hWosBWmmYw3RqWdbTigtrHzpbKn5y_PcbMcWutemJgGDTNy4HiR7ubTFqL1G6dAyhEHA\">dep.marinharaupp@camara.gov.br<\/a><br \/>\n<a href=\"\/group\/rjdown\/post?postID=47qIWSD_272NGa6iRUjCRCrABDykjafroqRqeekQgZEnphRHP04f_w2aJK-wRSQwZnxyPtwANVoFAiOTSb5nvO8tKrL6USq8mbo\">dep.mariodeoliveira@camara.gov.br<\/a><br \/>\n<a href=\"\/group\/rjdown\/post?postID=HwEkWK8COq3YsFH5l7MhgmcL5BYAOZNO4T76zd6C_sHFramEBZC2q8VKcRMMZLYx-fxx4cIAqSTQjL3fRm2kBC7Xnz-Lxw\">dep.marioheringer@camara.gov.br<\/a><br \/>\n<a href=\"\/group\/rjdown\/post?postID=tleva9IoYecMzqoVzx_0kTVLgh9hqIwsrZ4pGghN0bvT1DB0MWCpvTY7lLib1M26aQv377fljh7269PM_3dt7Oe818wbsD6SIg\">dep.marionegromonte@camara.gov.br<\/a><br \/>\n<a href=\"\/group\/rjdown\/post?postID=1J4Yk0wrmR2LuxfCuA16GKhrV4jStIPQi8GPC2FQfI3y63aJXxlhacm2LDrDMKGUwNOIjJTMj3Io3UcAedT4FQKHBlrNUI--IVUR7QX0WJz4_aI\">dep.mauricioquintellalessa@camara.gov.br<\/a><br \/>\n<a href=\"\/group\/rjdown\/post?postID=xA0bHB3G1URd54dE6aSzTJNNrHBRTNOb0_YDh_lIBDUvgfwwX1K8YJd7E-jcclsTe80eKxNoE10mPEf553_TyC35LwoVSWZQDJw\">dep.mauriciorands@camara.gov.br<\/a><br \/>\n<a href=\"\/group\/rjdown\/post?postID=v-4jBu-jqG_qukmMZZrYW3OdNGljzi8PUFJQfM1YvTEL3wYI38FOa2J6Ae4MhDVelq5qNOBt69Pn-TzsWaK5em5vc1-AwZ7ZTiTqAg\">dep.mauriciotrindade@camara.gov.br<\/a><br \/>\n<a href=\"\/group\/rjdown\/post?postID=ZQ7Fq8BEfRFBweIayGLVAgUkJkSqz25lzqu7aO-Q5urqIXPZe0s8eagcje9VzGIecRbDU5rYth8VPZa8hKotKVi3P7KjobtyiF2s\">dep.maurobenevides@camara.gov.br<\/a><br \/>\n<a href=\"\/group\/rjdown\/post?postID=Xv4Uc6ofXUvooz0SaT1gah5J4fBfC76MfxblNpYHrl0Jt34Qb_FkcBnNb4FZisldcS87CZo2n31KO01UdHgiDtMcrpw\">dep.maurolopes@camara.gov.br<\/a><br \/>\n<a href=\"\/group\/rjdown\/post?postID=v7tgjlnKxokLLAj7b5X_sw2r5KRNshrEbbwBC-eke9176EWLYACvFYrrBp5wcTdT6PlkSG5ejfjRCdHJ9eobf8DwV9I\">dep.mauronazif@camara.gov.br<\/a><br \/>\n<a href=\"\/group\/rjdown\/post?postID=0M_qKbcENPR1WKLN3VctW1XgeqKMC79rZ0tyYT_YEO6Dm16iXv7_jGJwPu2WVrT7R8PhcJoPavq5PjjAqwXDtBylGSM\">dep.maxrosenmann@camara.gov.br<\/a><br \/>\n<a href=\"\/group\/rjdown\/post?postID=MLdlmY2CVtwkbHdsQbPkmB5oC5-4VB6gbWcuifuWwq8gZAFxh5_xR1vNcPaoMsfMbpEJt-tZJEqXjx6BXOTuFvVlFZmTzdrk7Xh1eA25\">dep.mendesribeirofilho@camara.gov.br<\/a><br \/>\n<a href=\"\/group\/rjdown\/post?postID=iFvM9ZHGIOsI3EKC96iXOPnazyKe0tkJPGJ88i18zt4k4HEJs69xoUuVK62jn1Q9TQ_-lI4QC_b8H0fSQgUqDC7c28YHL6nMOc8\">dep.mendoncaprado@camara.gov.br<\/a><br \/>\n<a href=\"\/group\/rjdown\/post?postID=IsS7LnHUHzTfq9bMfgEU5pGwl78tKUMbkg2cQ3Ua7QIfAV6cU208xsGV1qpxt_HpNRv0r0dThlOsqHKOys8w1fUMufoD\">dep.micheltemer@camara.gov.br<\/a><br \/>\n<a href=\"\/group\/rjdown\/post?postID=lXN8CNbtU3gea81P_ff0BAsJX5vRhy-1Z4CesoPXIPAw04EbwDE9WW54L3UL3yBBWrvjt98iwGmIuL-99VbEblSOAY8zA4QCTFpp\">dep.miguelcorreajr@camara.gov.br<\/a><br \/>\n<a href=\"\/group\/rjdown\/post?postID=0KH4DC3JG9ThQ8pXVVzblOuvUWCmKRgjLf-FiSmmkW2RvLkc6FBeYb06C6a2YjRh8L3LMDyb7m2U9TCdPgZJMhYi5lo1\">dep.miguelmartini@camara.gov.br<\/a><br \/>\n<a href=\"\/group\/rjdown\/post?postID=C0gtB3dNfuamu82iyWuQodYKaUcyTRTnZMdhRTq7tTLFbUbMfzAN4jIpPbj3QRBACXllcW99s4TYLLJOMgr5DDYjwqFDf10\">dep.miltonmonti@camara.gov.br<\/a><br \/>\n<a href=\"\/group\/rjdown\/post?postID=GBQSH_L7kI0fQ8PCV3u_AQVErLcrpDymJ5k3I5aBVGjXU654tlLI1CVQ0DRZ26mFkJI6qb0qNmB-dHZHTuS2Kxs6STPM9g\">dep.miroteixeira@camara.gov.br<\/a><br \/>\n<a href=\"\/group\/rjdown\/post?postID=RTU4JPANohA96ENG8XlOyFef1pjK83N7soJPquqm-wK00D1ZtywvFmQbYUm1AEsPQwL1tFx8cdqLdg9joYSK700A1qxFq9-0KLVNOXk\">dep.moacirmicheletto@camara.gov.br<\/a><br \/>\n<a href=\"\/group\/rjdown\/post?postID=IrR0Q-7QdoWBZYgq3CtiyWZfn_WBjfqkqzI_3cGj92w9MiJLY9BTnmeiPOJ50JFBW_FTfI_yoXbkB17n1ELWTZpyI_o-r-zITA\">dep.moreiramendes@camara.gov.br<\/a><br \/>\n<a href=\"\/group\/rjdown\/post?postID=Eb3ZkbAPA88QzsqwH5b_BdMtIwVICMXvap7U8gMmT57XeZQNKEKeIDpMFLW0yIxkj8r5FsiSOyS57JCAqStj5J0Inw\">dep.mussademes@camara.gov.br<\/a><br \/>\n<a href=\"\/group\/rjdown\/post?postID=hrNbeb-UDv-jT66_b_vQB8M9nm_aJ5xULMqCga9aM17r8lUVv9vBgcBhGduECb7uQdcYsVszbc3ZpTOZroU7jrVCvH9bZgGbSjI\">dep.narciorodrigues@camara.gov.br<\/a><br \/>\n<a href=\"\/group\/rjdown\/post?postID=36lOlczKJua3rqsHHaEeXvL3-pJY6538syjb91z5eRqXwKYEU5VuZ8kXlDWTfuqPjwRr4FsrFxnC6mOnSIQhRUZEjdR97CnSBQ\">dep.natandonadon@camara.gov.br<\/a><br \/>\n<a href=\"\/group\/rjdown\/post?postID=lWMFpL4QCWCgTpEFtS4aJUqpu4ccBH5hif5YgKrZ5q56ahLm7GUt0H-GRfH5FP8fe3y-_3Ej95Pgup7dr_1c7UMo0TBK6Oh-Zow0\">dep.nazarenofonteles@camara.gov.br<\/a><br \/>\n<a href=\"\/group\/rjdown\/post?postID=M9DO4HgbZbk87nkndUpQEe1gGzvB_o-PoVJSYZ5aiPmfO5MtnXrCoVM5kwmRRTutKV5A2__PX0oKuM5a-r8SlsMFUiPEun0\">dep.neiltonmulim@camara.gov.br<\/a><br \/>\n<a href=\"\/group\/rjdown\/post?postID=0-arRf6mVYTllqQozzh0MIYdj7IO0KB27_8zNdyFiJPXqf99IG507kYdJKGt3BAS2vy9F_Lbt96Hy4ieuDfFM1joeF9cfYkt2HU\">dep.nelsonbornier@camara.gov.br<\/a><br \/>\n<a href=\"\/group\/rjdown\/post?postID=yIu-t5amZiIc0pOKnKuT1PtUiCNe2GQiMpZiD21KIYkKu_Go3vEaeLfLZ14dMOtxQhJJTP2hdlb1aEzbZ5Z2wyQDZpVnnRUEyw\">dep.nelsongoetten@camara.gov.br<\/a><br \/>\n<a href=\"\/group\/rjdown\/post?postID=lCiDJVkhnYAjha7uQ-B242DRXSBpUHseAR9O5sQTltfml6buXrNbZYQhyKjJ2yifyDKGZjhF9Ui8yfBzLtvX_vylicKHgU54kv6x\">dep.nelsonmarquezelli@camara.gov.br<\/a><br \/>\n<a href=\"\/group\/rjdown\/post?postID=CQ7n4IMJyILeEc_G8sjdV87MPN6c4tLCwNGFDHmHc9iPMGymzxhKvDJegMTbvLy8hvvbP5ujT1sU5t7byxfwLYQ6ynY\">dep.nelsonmeurer@camara.gov.br<\/a><br \/>\n<a href=\"\/group\/rjdown\/post?postID=25NNwKjM089IZW1ijyapJ825FNEh4x5t_g4Ejd9Rrydl1E-CUJqR9MGaZMIUBZigVuBrQwaGTKKbX3M7KJm1CvXn0nFAKBmtzs1M\">dep.nelsonpellegrino@camara.gov.br<\/a><br \/>\n<a href=\"\/group\/rjdown\/post?postID=nUcJOUMwEe3vKSzp9xpEPG3yE6v8ObzUPT3iNSsm0m_quLDoZrqlQb6lT2iamD9DAlhHkOYMXpcc0rBmzwmm3KUZ3i6D8-c-ww\">dep.nelsonproenca@camara.gov.br<\/a><br \/>\n<a href=\"\/group\/rjdown\/post?postID=3iZv7wD4ra7h3YnEXiwMKtJHOpe61xTc3RBK5EBLlpR6SEf5YHnQ9ZAIL7DEZflDCXY31veGudyXHRtyLwqGQ2E7gJpdduQ\">dep.nelsontrad@camara.gov.br<\/a><br \/>\n<a href=\"\/group\/rjdown\/post?postID=aCu7n0dlFt5VaFWQ3QvqhICqOQYvvonjCuDeemm1rrTX21aUsB5MUsnU_586JQRvhHPNa6g15OWxmNk5-75VVhY1TIYBjyyq\">dep.neucimarfraga@camara.gov.br<\/a><br \/>\n<a href=\"\/group\/rjdown\/post?postID=-YyWR7OJz-53tldCn36dR1DA2aml3VRpl-Kq4XVAaBuGtSrqmv9mFbYCrgYCFJdGG-zvhZf4-37vbI9zM3Qs419uNg\">dep.neudocampos@camara.gov.br<\/a><br \/>\n<a href=\"\/group\/rjdown\/post?postID=5hPtF4h53CjPoJVPXSH7wlhN9nDRfREfCkGdACedNPHhulxtlzZMH7stbk3uD5RZwtc3Qq5tIKqVNOfVfCC4DV1Tij9ZXg\">dep.nicelobao@camara.gov.br<\/a><br \/>\n<a href=\"\/group\/rjdown\/post?postID=rn79edMUufvUEW0g9PaqXz-s2L4rIjkFodTPSB2j32LhxhZcxkVUb5HFYOH8ytgFID1A9-YtsZngminOrSrCkvf-aUKGtw\">dep.nilsonmourao@camara.gov.br<\/a><br \/>\n<a href=\"\/group\/rjdown\/post?postID=4M0fHhrOt2JBZaViW4ek4WHEjAIBA7b6bF5ZwczkOSDlfE0nVp_iZxIylI_EVPH9SGmrTrECiDMfehixejAI_1tR8yU\">dep.nilsonpinto@camara.gov.br<\/a><br \/>\n<a href=\"\/group\/rjdown\/post?postID=N9M4AvlywDwfvnbwyA5BQLOQ-b8hT9h1GcBPjEfi4TeIId34P6ZhktmNmuZJ9x6G5WKBOhh_N4W5hATxad7lZUpSlHMXOTs\">dep.odaircunha@camara.gov.br<\/a><br \/>\n<a href=\"\/group\/rjdown\/post?postID=IkWKiecGIr1De9WDf7DAOFfg18RlT7UYt060XG4ghberR04f-buDNeR-6PhZXAjFv1ybPT9Rn_ooclGm5kiuiHdT0qhu3mL7zjc\">dep.odiliobalbinotti@camara.gov.br<\/a><br \/>\n<a href=\"\/group\/rjdown\/post?postID=OrIakx5qA-OwYuofcaGH2fdCdev7yhQ9BNQInFwQK16WLKNwvlWrVlFN223OoQMgBzTgmsvlEm_X8APDJzk_ZpfyqN6_kZCm\">dep.olavocalheiros@camara.gov.br<\/a><br \/>\n<a href=\"\/group\/rjdown\/post?postID=F87qV1l2IzjpDiUpwQwltB1vIx4sUH3EYHXgdXRjpXH-rWHyM_xaIbxTTFWKyb5poJ43dsrjOW8KUXbtsjQFKx9-KgVOWPCCmg\">dep.onyxlorenzoni@camara.gov.br<\/a><br \/>\n<a href=\"\/group\/rjdown\/post?postID=yDZT9FQe6sUPfUpqPx998h5hhrwIpmPnSKGtZFHw4KnDTVnTojbDvD-qXa40DuUMYH5aL1QN6pbakAdpjzKCmj1im-U\">dep.osmarjunior@camara.gov.br<\/a><br \/>\n<a href=\"\/group\/rjdown\/post?postID=G1Bvi7DGKgOvd5NYtbakgCAnG1L95OkE9hZRe-8tHXIBJjZOnQqOirPWFw2K1GchC14zk8r9zSZMPOhMYVlAVnmeIrXloxzXqYNY\">dep.osmarserraglio@camara.gov.br<\/a><br \/>\n<a href=\"\/group\/rjdown\/post?postID=dTniMBPsCzok8Uc_CsKK1D5HbPwyrNQbyKhEv2L3UMka9l5ca_IvdPsWDASzWnacbiiJiYRD_zR_JpL7ktFvWzl5MXQD8HP7\">dep.osorioadriano@camara.gov.br<\/a><br \/>\n<a href=\"\/group\/rjdown\/post?postID=z5kLvhtSa9jVHeFpfgzJj20n4o4j5a454ZINMs5dEJWIbubt_a24a0mbbzIOGbQ7TUpI9urHnuI7z2v1G2qbdaOwQkcL\">dep.otavioleite@camara.gov.br<\/a><br \/>\n<a href=\"\/group\/rjdown\/post?postID=yseVvX097ljOMK9YJ3sE30OJTn7P8DFsBNAOuqR7fsgWGAxOd2FaEG3hqeDq1jE2Rs784yh9sjY8wjWB8hvXZWIduububHA\">dep.paeslandim@camara.gov.br<\/a><br \/>\n<a href=\"\/group\/rjdown\/post?postID=crDrGb-A0_WaOz264YFsuAgPAEcZFrkP6xdkEd2FemdrEAKPFcxTi8mrz4lyM5CA74Ycg_Sk0U7H1o-bG2gRnuv-VmXmKCs39wvRj1v7\">dep.pastormanoelferreira@camara.gov.br<\/a><br \/>\n<a href=\"\/group\/rjdown\/post?postID=Hql6XKlOWr0YkWaWpOIE4qMkppNKq0zOx5szlQjY6nv-Y7TvABB_hJfqvK8hB61HHOA2REIEPM5ctvDA3pLtBQWLdMk6iJv9cw\">dep.pauloabiackel@camara.gov.br<\/a><br \/>\n<a href=\"\/group\/rjdown\/post?postID=LO_uCGAfzu-Jn8eKYhvy2sGQHPkw4YsGN-vDNbPDog-HnzRJv6UKazVgdBEJj0m4aklyEJj_mTIdMvcKoeYCvt4dY5UW32pg2FU\">dep.paulobornhausen@camara.gov.br<\/a><br \/>\n<a href=\"\/group\/rjdown\/post?postID=XuavMIjgR8t0HP19fj-026nl5w08fI2IhMIS4blQJaJoRaomHq1VUN-ucmDFvmjFTXu1vnEGs-xhsq-tjPyc6XXNh3wtZ4tsAXsrPDhDrP8\">dep.paulohenriquelustosa@camara.gov.br<\/a><br \/>\n<a href=\"\/group\/rjdown\/post?postID=hwzDF09ddRMwcensuQbgqa3QNRYG1fFAGj5pOdcp1b66LVEVaoE1Du6lpBbcDQfNIfHNeEPlysxx9PwvOZDuZ5MPJ2rOx1wA\">dep.paulomagalhaes@camara.gov.br<\/a><br \/>\n<a href=\"\/group\/rjdown\/post?postID=ZNIA5zD59zOB4FdhtdDlYFo5OgNx75UWiMPk5G5sk5yQE3u-wvCDUn4jH-G2UGQvrp6WUMQHbRUdwfv2FKg8dcL-j_Hue30\">dep.paulomaluf@camara.gov.br<\/a><br \/>\n<a href=\"\/group\/rjdown\/post?postID=gplO4b_4Vjo3BkrBax4gT6VQTKBDMjttytZhVMmeP3igFYpXeC4udu1PQTAlrj9hKsCO6n56lXOG3jc_x7SAwYdygBDnkyL1d7pMbd0\">dep.paulopereiradasilva@camara.gov.br<\/a><br \/>\n<a href=\"\/group\/rjdown\/post?postID=XS57tgS8nGCXN2OUw0Nmo54KETh1zAlampHo-OQFOXqIxnREAJLQPcyFk7oXFKU5clc853fbq7eSi-zl2QO4rxmK\">dep.paulopiau@camara.gov.br<\/a><br \/>\n<a href=\"\/group\/rjdown\/post?postID=CVmccT06bvBqo6oByr23HT_DTSetwlYbuXE6N9l7LKhgyIamx8WqhFjDzP5u5W40Ui0I-pJB0zyX2sc78BHAUCu11GV9YKm3\">dep.paulopimenta@camara.gov.br<\/a><br \/>\n<a href=\"\/group\/rjdown\/post?postID=3sJhaHjPkbD69sM8rqpaOnwDhRcYIve_BvpLeY3gycPit_osQR_KcXYn60GP70j-gjnK8ziQ_lsmts73X18ACj7emZEQWUnsTUr9nA\">dep.paulorenatosouza@camara.gov.br<\/a><br \/>\n<a href=\"\/group\/rjdown\/post?postID=pOzmvnAsdIW7dMJ98N7lSv65TrYiAGcS010Oe4qKNbnnLmiMsht8cAsCpsutW2QJ95rgEs9TrLUNKwPYetwo8zMsmPDT6r-aKA\">dep.pauloroberto@camara.gov.br<\/a><br \/>\n<a href=\"\/group\/rjdown\/post?postID=2NBzdwrnt5z4QfBoKFfj81wRdbh_fBaqj-i-jbQWdukO1RkYOgy_TUZo0jp-64bBkq30O98uFgI4fVkrUK25N-Io3EZ8Sg\">dep.paulorocha@camara.gov.br<\/a><br \/>\n<a href=\"\/group\/rjdown\/post?postID=eOVzMJMzm9YYk8krmAKSz1mA5W0lWzzUO5o5FZ5AQhgqJoRbOzudxt74TJm_A-tLj-V5UAKdtf0cKKUGZD4D-nE4b7y-6BZt0lA\">dep.paulorubemsantiago@camara.gov.br<\/a><br \/>\n<a href=\"\/group\/rjdown\/post?postID=nyO-DuTdjcx-1FLh250j8vHnQtpR2nOwxCsilnkIcI2c49s7DE0dWQMwGY3vqRxa_WwPI9BuSbzFNA5n3N2usqbIs2REgg\">dep.pauloteixeira@camara.gov.br<\/a><br \/>\n<a href=\"\/group\/rjdown\/post?postID=RvmLNZzcVyb5yrlBwWYllZ5JDya95AQ-EmsUX5mltxWJji-zk3zuf3k5FsSPv9vFFdzrjH4V-MZxZjC7Z9qHzde-IKirmjYw\">dep.pedrochaves@camara.gov.br<\/a><br \/>\n<a href=\"\/group\/rjdown\/post?postID=95r2TSHETNy0W8dXkE5S_PhwYpqU3o9Hn7y_Ryxn86UAPuPwhgFKoFrckCy6BK0kcqucLpwrc7V4yiIVNAwuv58jsplTf5j4vA\">dep.pedroeugenio@camara.gov.br<\/a><br \/>\n<a href=\"\/group\/rjdown\/post?postID=jfTosYDv0ZKkucdBBq8C-8EpKSrVvl8uv_8KwzIJGLsw-fV1cMCyA-VlLY33h5l6-ux3XpEnXwP02ExJKWkqVVKIQZ9kU-z1\">dep.pedrofernandes@camara.gov.br<\/a><br \/>\n<a href=\"\/group\/rjdown\/post?postID=b-OZ7_RpqZacCKLwkKmX3I42Ebeytqi4BoyGREsW4JMmu_hmuVMyJDbM__WCAy40vzGp8dN4ierQhpF6DzZGmHqrng\">dep.pedrohenry@camara.gov.br<\/a><br \/>\n<a href=\"\/group\/rjdown\/post?postID=dThoCm7UavkPCDVLKwWrHGNJ5pB-FpFkKXR9yZGlVvlJQu1kvB-N8-Sb-IavKMxIwywVjQXN9E7erAjGt9z54NNNNBS5Nu8\">dep.pedronovais@camara.gov.br<\/a><br \/>\n<a href=\"\/group\/rjdown\/post?postID=J8gXn9Vrn7tEXc431ElLQngDmZKF5mucnal0wTd9tNQyC1XQ4yUvtMzI0zsCKdmiO6lymalpDGaZ94z7Xlm0iVa2FiEcQUd4\">dep.pedrowilson@camara.gov.br<\/a><br \/>\n<a href=\"\/group\/rjdown\/post?postID=ERI6lqV9gpDaie4hjcQvJC9_vqWakfJH5lSw4XD0M4_GQU7S2_aWZnG3AK62T2JjlyDPGLMNv0gq23Bwh3Tx_OnUeZ8\">dep.pepevargas@camara.gov.br<\/a><br \/>\n<a href=\"\/group\/rjdown\/post?postID=dWuU6IN09t_G2USBBITHaXEuslbxCkhWfRtkmsNlXO6iqagUDAxr_eyiVVgny2_zBdF05H7WRHRJAAfY5G1DPknXefqS4KGKQ1TV9A\">dep.perpetuaalmeida@camara.gov.br<\/a><br \/>\n<a href=\"\/group\/rjdown\/post?postID=61VYn3qZx8fFPDqyVMHzC5oI0M-Izas4Qk-_I-7Ts2rfOAr5KQN5z6Oxqs_R2vLnUQxC7ccw940hdhyxIgL6TvHjcsGLfh0\">dep.pintoitamaraty@camara.gov.br<\/a><br \/>\n<a href=\"\/group\/rjdown\/post?postID=k_0WgbQO2bxocME7gs_x3zfnXNPVgbXm-jK2YxwB7trJjza3Zwq0hZSVkjKWOaqdSxr6EY7v7kuv_TTpXHSZ5s3tC9jm8GuZfPU\">dep.pompeodemattos@camara.gov.br<\/a><br \/>\n<a href=\"\/group\/rjdown\/post?postID=p-fQ_r5bVU6zOaHkULrZs1914wSfzzeryfTDssKNORs1K7oIV0V7FAA85Oea98_vHe6vE8ojSyrJ-m70MIxxKI-EQOaulDOC6A5F1PU6ZPmN\">dep.professoraraquelteixeira@camara.gov.br<\/a><br \/>\n<a href=\"\/group\/rjdown\/post?postID=qy6XSWZk7Vx3G0XzG_mnEpuDg3arsFg00xEPuSZTX3LMFPlj_5LoxEsWVLyYh_MT5HK9CCu676IHYi1MMQ9ZNnHN2LpFFrlDkUsGzBVDUvle\">dep.professorruypauletti@camara.gov.br<\/a><br \/>\n<a href=\"\/group\/rjdown\/post?postID=uZm9lz-E8t-2uuqSSw1QfN8WmoxV-43uFNJixjWU5JuXnVeMtUzuVqYEtq02ZCtUiY7F-fOnawQETvKnr6YMBiQ1leq2hV4e\">dep.professorsetimo@camara.gov.br<\/a><br \/>\n<a href=\"\/group\/rjdown\/post?postID=03JweLXt7VcO6He4KwZlF72G-xaTvD6tjQ80TWv5FHz-MZD3SRN4gnjKKyKPoqopYSQ8m3P9VwifUdm9PR6SCD2fbOo\">dep.rafaelguerra@camara.gov.br<\/a><br \/>\n<a href=\"\/group\/rjdown\/post?postID=8W2QabUH8sNl5ylOCjHW9mFYCQtco-ibwgjKffHNaPiSEtGbeR54gQuXkEhNjoDOSc-SKG9iOdCzeC91nj-xaMFc9OH6kXo8W9DifzP8nEE\">dep.raimundogomesdematos@camara.gov.br<\/a><br \/>\n<a href=\"\/group\/rjdown\/post?postID=lBh6MqzRMYPpdtELdVJ5qXfsYlMe6BJhDP7ihqS2ZyamPLQbidIdNoeO16H0vWKYNHibWW3tq3cu1tO4J_q48b1KZF6gNA\">dep.ratinhojunior@camara.gov.br<\/a><br \/>\n<a href=\"\/group\/rjdown\/post?postID=w3AaUGNwmQyIhqwU2RPI4Jvcof2C6gwIJdTIMc6ybFG9pwrqsFSL0FL4Y7APjDYpeo77uw2n15y6taeRhArox6wT5Q\">dep.raulhenry@camara.gov.br<\/a><br \/>\n<a href=\"\/group\/rjdown\/post?postID=hSJMjI1J7UUKW8uXIfOOWZ50f5rtUj6jiZ1ypsg9LLZ6Nyf0czXR7ige4S2JIQeKTeZMWToXg7i5qO1W81OEYzMj8Z10PGxn7Q\">dep.rauljungmann@camara.gov.br<\/a><br \/>\n<a href=\"\/group\/rjdown\/post?postID=w_Hsw9duY-QAT8-GQsYwZKOQiq3G1f_IaoEMH601yVVAVi5f2n5Ht-HthxIXzVJ_Wb3QMWWBIkYjGWRcNJ6lM4NpEF9c\">dep.rebeccagarcia@camara.gov.br<\/a><br \/>\n<a href=\"\/group\/rjdown\/post?postID=fuENrrn48N4BrjPOxOiZ1azqpQcQPzo2QAO_vDCzIafPdRnzkhqrs3k7-bjuX7rYIPgK442CDIoKalSGRfJAxaRZyJwBBz0wlgM\">dep.reginaldolopes@camara.gov.br<\/a><br \/>\n<a href=\"\/group\/rjdown\/post?postID=mVnfEVTfZVKk5YUmGi2HuvvwAaFq2pZfadrEdSTmfEXA57-lYP7jHuPUvYYd7REGU_QMq4ygSuJOw1KoMMABYIQ2sTa5x6h9qZ1Q\">dep.regisdeoliveira@camara.gov.br<\/a><br \/>\n<a href=\"\/group\/rjdown\/post?postID=9De-JE-Cs5UM7zJRzkmL5zqM7TCBCf7i5Jwo6eoFoQoGQXGcvSJkZGoPS_Ir2M7jlBELBieDo8GYpoOj3PTNKt0eZyDhY_BkEg\">dep.reinaldonogueira@camara.gov.br<\/a><br \/>\n<a href=\"\/group\/rjdown\/post?postID=40F3_JB0gP-scb9QfQcxqDugsnRXQQAwFRzk8c8C2w888JOFhJ3380ELe-8RiOry8beifebWl403W6FBnQN3NaJTRb-a\">dep.renatoamary@camara.gov.br<\/a><br \/>\n<a href=\"\/group\/rjdown\/post?postID=CHI0RUb0cotFXPwvTDmBCwF8_a1Wyac5tGCaDN9Ycaikr54iqhuyacj90zVw_t4w3o87B9bbGpe69GUXShQNQqmsUOzqVDOOjw\">dep.renatomolling@camara.gov.br<\/a><br \/>\n<a href=\"\/group\/rjdown\/post?postID=fCq7_xDmhRYVeNnrLVhcGfxmR5_OdHHayped-S7jQ9McCJ5whzuf_HvYgCnrMdQsC4TlH4IWCjji8eUL7F1_is9f-hv2XTwk\">dep.renildocalheiros@camara.gov.br<\/a><br \/>\n<a href=\"\/group\/rjdown\/post?postID=4DRdDtSHwl0U9OIbS4IqEhXa55WaOP3gFPnVTnsSSrHi_I75tL2tEmbjSdZekq9JWjjsmdWl2HqKzIaHEVnoDNxUDmA\">dep.ribamaralves@camara.gov.br<\/a><br \/>\n<a href=\"\/group\/rjdown\/post?postID=nws7qy7pvMuyE9WyZPyF7c2N_6jH3jVw0FCdx2Fq5H_ki9NPmXreJ5yIP5c2lb3kWxKHA5-zT9usQbmf_VdSmQg_ysSXJ-tPog\">dep.ricardobarros@camara.gov.br<\/a><br \/>\n<a href=\"\/group\/rjdown\/post?postID=cqcujKM7GoQuQEbC6tUasnWu2_SnIm22qJb8Sz9u3yEiuRL1bL_03t6p479Il7OAOzfL-eeppimpen-xRg6OO-BqSxYUqeMVV6UN\">dep.ricardoberzoini@camara.gov.br<\/a><br \/>\n<a href=\"\/group\/rjdown\/post?postID=-707l9xcOc1tW_2ON9pOM6WZBp6mM_6HsOUJ8GtDA7MNyvxk1tSSF84qYICg5jiV3hNsD1QP0yPMdpBxZoyXr30PTB2UfRiX\">dep.ricardotripoli@camara.gov.br<\/a><br \/>\n<a href=\"\/group\/rjdown\/post?postID=fy3pVgsPTqVgW6oRDklTu5jN6DjWvWz8L-f11VCsyUvG9NVfggzV6_S9wANDM2XGL0p1_v4zajczy9-nScFpgJCcmdk1\">dep.ritacamata@camara.gov.br<\/a><br \/>\n<a href=\"\/group\/rjdown\/post?postID=Om7jWeHfqkwOGbXnSQDsu4at1CG7eSehkr0TGwCnl_8vUb6Er2ifnCZIJCoCl05W8t3wrFAzsbKGCsHovd7HGy-ExqPa0II\">dep.robertobritto@camara.gov.br<\/a><br \/>\n<a href=\"\/group\/rjdown\/post?postID=6rutFtMyvfu85_1djzkT65vPtuVseiC8608S8AKGUYW9Olc_ymrlV_HaqlNf7djVpa_xliUC2q6AIdKP_BYh1bc-ARc6TVXC\">dep.robertomagalhaes@camara.gov.br<\/a><br \/>\n<a href=\"\/group\/rjdown\/post?postID=kNoew1N3RbXXA02Dry9VN0IeMeIxuP9Z75F95yGUs0FFPZ5xyKsHj3UvbmznPQfv8dxRNoOAwF89fBRs0PxytEis4KU_ansk\">dep.robertorocha@camara.gov.br<\/a><br \/>\n<a href=\"\/group\/rjdown\/post?postID=JuVZY2DLx9hUd3EKL9zAIohjj9UkA7uR43BuKCegzlKa1quvYRJJQ-DBeC3_qSb8zeaUQvPZRMcs0GcL4i1OdBF-IzKHrClAH4k\">dep.robertosantiago@camara.gov.br<\/a><br \/>\n<a href=\"\/group\/rjdown\/post?postID=iXjjuvu-T4Bjfc6tYy2aXti-INMItp_QMwHE0htvEPYiWaeuFJKPoeMvn9SMP7vm30c-7u7P_O5qaQyKOuJpAW0Lym0rx2zhCw\">dep.rodrigodecastro@camara.gov.br<\/a><br \/>\n<a href=\"\/group\/rjdown\/post?postID=hDBNmEWfrjap6hQkshO_QpFseUnoW3WPxWGbEFlgPUFU7bkscjbEZl6nc8Fjvz5vAAPg58cCVFx-GYjRtF20yhCM7w\">dep.rodrigomaia@camara.gov.br<\/a><br \/>\n<a href=\"\/group\/rjdown\/post?postID=wG2mUtNTNqhWAZRXJWTSIfd9yt0xKR4ncB7cmtMlmoS2plGi3MxMsJs--tJedcPFB9rsXXQFfrcdLaOgyzp9SV8scgSJbwVDXFX0qY5A\">dep.rodrigorochaloures@camara.gov.br<\/a><br \/>\n<a href=\"\/group\/rjdown\/post?postID=7l7cQK1yKnOmjIysNALXt1p9_ai0gXe15CC2l4XOs9dIS5115qUfV6dL_WuZrcolyC1ppcP-J5S9t46tzofEDcbwscfoyo3JXylFkK8\">dep.rodrigorollemberg@camara.gov.br<\/a><br \/>\n<a href=\"\/group\/rjdown\/post?postID=BiITZsoIIoInXXleUdziI3QYChjzKWfl_dCiSdX8f7tLsrT05nmI6Ol7xHmVLhZ3hKPdWjHqxu00oEr-TudhhPKWD97c1n8\">dep.rogeriolisboa@camara.gov.br<\/a><br \/>\n<a href=\"\/group\/rjdown\/post?postID=1yqlRehi2YnIdWFt3kjmRYOSGc9E5trXKm87vFGngE_ofoMoXniIZhjmWSz32M7n3P4FojNYBGqzoVDOzZlgrf5iOKh5JeYByfrl\">dep.rogeriomarinho@camara.gov.br<\/a><br \/>\n<a href=\"\/group\/rjdown\/post?postID=79Cjyrnre3Vx2nQZ9ZCt83BP2exYcXcd_pziXut4AP57dTQ8IV16l9OcebXcrZ_nV1ZvzgEj7k5svkUgkeSK-r-H61X4P-Og\">dep.ronaldocaiado@camara.gov.br<\/a><br \/>\n<a href=\"\/group\/rjdown\/post?postID=NOPvu0-dcWq8bP2PAHI7cizkOj0FmtNBg6_zgoXHJEevjKr6hir2KFAZtOp5nCVjodKAhbmGElt--LgcC2IjLnETfd1RIeYLf5Y\">dep.rosedefreitas@camara.gov.br<\/a><br \/>\n<a href=\"\/group\/rjdown\/post?postID=lr29nNgHSvPoSI1drZwFOJ8zPjY63LY0uAdBWfxGe9C3H-BOoS5fblr-85uwtQFU35BrUlPOOF09vYD3aMYaeD7OlMc\">dep.rubensotoni@camara.gov.br<\/a><br \/>\n<a href=\"\/group\/rjdown\/post?postID=ue5qo6QoFAMFjf9S8v2LswrpMTveFYmzi8tvU5XqIRcX1yiSbonWbgy5sAUZzfCLx08Kj_GCBCPzhM17VlRFew57pm53FzYmVsZ3yWnWrKE\">dep.sabinocastelobranco@camara.gov.br<\/a><br \/>\n<a href=\"\/group\/rjdown\/post?postID=g1GcfrCpEbYE9iJhcVzoMwM69Bb7leNQcQdLa2Ld44pNhqLnclyNxjagvlGi92w1h5hOxZ2I5PzonuQiCE4GSlp1C7MRb4o1bw\">dep.sandesjunior@camara.gov.br<\/a><br \/>\n<a href=\"\/group\/rjdown\/post?postID=oss4y0fsXKdT1pTqhM4ImUbH88Zu5PT__8u7wnGXx5WxyFKxTz7ovLxgqpw7_VJqWfKE_SfTL1UqrDX_DdvN1b3n1Om1LHE\">dep.sandrarosado@camara.gov.br<\/a><br \/>\n<a href=\"\/group\/rjdown\/post?postID=X2g3CQw7sENmssSz3EqSvXOE1sFFre4Lit_3KZMJfDa62lUd_tyifoWrnRqtwMUBg82gBcsLlaFAGGfuMajT6fUQ9iUnUkgp\">dep.sandromabel@camara.gov.br<\/a><br \/>\n<a href=\"\/group\/rjdown\/post?postID=I5t-wTbrNqRtlpIcaNpbWjrE0aDTLXov9jlwZBaIftbD-o9XUSlB1r3sti1-xE_fhPs-VN_7qM_5UloaMXTcDW_-LKLx\">dep.sandromatos@camara.gov.br<\/a><br \/>\n<a href=\"\/group\/rjdown\/post?postID=zLNT_IRRYkNI0asPqFH2QY3eREDSO4j-QkTDDDaOY787biB6ZwM3eJ3mlnddKMXNrGeuvcaigqEG4gYAHLZlJwPF31-2uQEZ\">dep.saraivafelipe@camara.gov.br<\/a><br \/>\n<a href=\"\/group\/rjdown\/post?postID=Ocs8PsVDNIuovnaXLjz5lQKQgzKHr3FFtOV9vaeZQKwGDIMt311uC4h6J-Xg3gPwnjBxRpa0pZuGiDPf37jJP_li1gItDOo\">dep.sarneyfilho@camara.gov.br<\/a><br \/>\n<a href=\"\/group\/rjdown\/post?postID=mNiiZqP6zJXSA86q2so-oQIVluU63CthE0nXOImCRoButHTXecaznFVpk2rS38gB0-Iy_RaFyQHjF7SybdEDqZkJnhzK4Xk\">dep.saturninomasson@camara.gov.br<\/a><br \/>\n<a href=\"\/group\/rjdown\/post?postID=I9Z8-ofuS8h0RvC8MtIqKYbfa7l723ixtgJ6NAbUTdN0NLvDcjfACYuuvQE56jMgqmQl2_YSCJZX5iGzi01-dsEFPhMRQTNAppAVODvs\">dep.sebastiaobalarocha@camara.gov.br<\/a><br \/>\n<a href=\"\/group\/rjdown\/post?postID=FhjXGbI7QdHjLiBkh016NKGULC6VoN5r_ozGW0gtoJBp8GxggQMFSG0xjI1NqSBBFiFSLrO15NKd8TAW0vrk5tR9flIHr0HMkO0gcco\">dep.sebastiaomadeira@camara.gov.br<\/a><br \/>\n<a href=\"\/group\/rjdown\/post?postID=b-CSl5mO8-xLx0vRrk1CAcYPMVsMGjQDTYtYaNAtC27y3UmED_P1Tyvd1vuKlvuZi_pljD8dPp5ZfqRWkaS26QKiDk2hQEm0snp2H8A3kFOIOdg\">dep.sergiobarradascarneiro@camara.gov.br<\/a><br \/>\n<a href=\"\/group\/rjdown\/post?postID=TOzjAROCnzNIL3LKbZR8kUeWimHEvV-B8pfcsPIcqrl21pfVFLH9hKC3em_kvfUOaIpogrfx5cITTWtK2eTDRRcu8w\">dep.sergiobrito@camara.gov.br<\/a><br \/>\n<a href=\"\/group\/rjdown\/post?postID=knr_-92geteDf06fmSIk_y6bXn8jsQeuBSzxfQVow-hV2tqW4jPxVZoUfxBBCiu-Yb2fLALpokLM9pGQ1stHDkFQkCQ\">dep.sergiomoraes@camara.gov.br<\/a><br \/>\n<a href=\"\/group\/rjdown\/post?postID=8sUDH6RO2Q7yxdGCPB-xl7GlBl3EwMBM_MItRXiEplNiKjfM5D-JFwkYewCjOjzDZJ5blxulWKoYVbwaBwgP--vYOeWMTNPxhA\">dep.sergiopetecao@camara.gov.br<\/a><br \/>\n<a href=\"\/group\/rjdown\/post?postID=p6hHmC48KVYF2wbUBNlILbXGhiAPDfPLEHwYLpNjha60YUtJhDILOPmsYyW86KohIi963QwhJQBjvmM5O0TcqzbLHoQsrll2\">dep.severianoalves@camara.gov.br<\/a><br \/>\n<a href=\"\/group\/rjdown\/post?postID=jd1yE4JOgemcB7RG2GLDXYHC_BS9kPc5ZR3AWqOmWTAb1zwGXCyFoAOwuY3kUWmiAgO-Le_OQwbgpMMq_nCAVOCzv5UpQw\">dep.silascamara@camara.gov.br<\/a><br \/>\n<a href=\"\/group\/rjdown\/post?postID=sgJL6etsUnfmZGK4u33jP59n3rvbIKF5pzb3QkoG0Q2HAqVAKYpK_OIP92deWEwen4DvVP5VnDVnCX-P5UQa29IzoH64GSRVCtAnXw\">dep.silvinhopeccioli@camara.gov.br<\/a><br \/>\n<a href=\"\/group\/rjdown\/post?postID=g599mmbA-XG2rQtXiS9HwaMCNQorm_1_g1rWgENR0FtChkHFFtlXWYpxCFTL7LjNwreN9B3N9Gw0-IdnKQz_dFBE0bU\">dep.silviocosta@camara.gov.br<\/a><br \/>\n<a href=\"\/group\/rjdown\/post?postID=MmOXvPHLMgcURpW5Z7q1FxLLEpG-U2NhntYWyJ78eTrUo5h9WjSfiqlVqNdK0_BbRWSdmKB5HuS9p3BXpIBmT-M653TS\">dep.silviolopes@camara.gov.br<\/a><br \/>\n<a href=\"\/group\/rjdown\/post?postID=We84N2eqcsbiHl6gnI8KipsbmDq-swRh5TZA10czKLRI8qz9uf5mw7bkRdJWA2baTJf9MBLqpJ4bbBQYfxpCsncKPBo\">dep.silviotorres@camara.gov.br<\/a><br \/>\n<a href=\"\/group\/rjdown\/post?postID=2jMax2DLJ8_QT3-U8JC_2Wo_a-MBiq4J6nEYZDTqUmXU6KqvkdtR1Bp-xanArJKNcipQPyfQh2ww1PbE15OEv6IjCA\">dep.simaosessim@camara.gov.br<\/a><br \/>\n<a href=\"\/group\/rjdown\/post?postID=z_QS2m_kh5IGsiK0tnlyhEuKJUXugR7iK0WkHks2qgfN7q10ajlYQY1AiYorHzJHA-LGHqbv-DRa2SdWrBczyT5MZFOv_ww\">dep.solangealmeida@camara.gov.br<\/a><br \/>\n<a href=\"\/group\/rjdown\/post?postID=R5Qpb6NDHfIclohWM8hUEnScGz-LV3Nc-5ihP6qoaAf7Q7m6lcSoM5xqtI-STxGNSsbk7XckGdxIKaBmvck5sbhIKkm9Mw\">dep.solangeamaral@camara.gov.br<\/a><br \/>\n<a href=\"\/group\/rjdown\/post?postID=luMMpEq6uuvto0ujn1e8IR0oC-fBDMqB-u1XAlZXR22B7adOi623N_h9Rjpni8M_Kj_grYqgthGG3nv-62RJuL9mpJK8V_8TBw\">dep.suelividigal@camara.gov.br<\/a><br \/>\n<a href=\"\/group\/rjdown\/post?postID=iGEhEDSnbfjcxxZHxFT7AjaXGNW8pQIPXxEoouVbTw7rJ_9QZ69QieQEo2VEscqWAJwEEcHxJQIy08xGsgtJ\">dep.suely@camara.gov.br<\/a><br \/>\n<a href=\"\/group\/rjdown\/post?postID=MZ7Ht5LL2X5MVEecR3cwh5fu2VDI-1vvYnW6x4P1751UB-6RQ0cMIAzxGqjVovFWjP7w73gUnZmoxD63ML6FeMo2Sz5SE5hUROQLpw\">dep.tadeufilippelli@camara.gov.br<\/a><br \/>\n<a href=\"\/group\/rjdown\/post?postID=nDTtDfvSRpw5E3CAUkgzyIc8QOaVt0qlvtAr1TUhGqXC5msUDFqKKaFTntucarXpPwVSaR4uKZ8jvmw8Rz4sWk8xMJs_\">dep.takayama@camara.gov.br<\/a><br \/>\n<a href=\"\/group\/rjdown\/post?postID=WiDRAPEZVgyZqDk2QA_i3Rwq-uJnv8zdXwXt8GOPKa8ACxANUDDp3pMWrlzFMRIc7REK55bpGjGma8YLCEFShaUVcMdXScor-6T5siA\">dep.tarcisiozimmermann@camara.gov.br<\/a><br \/>\n<a href=\"\/group\/rjdown\/post?postID=U4g6bjjXYKn0TXNT9LBtrzrhe56vqApK9DSnfQo9tb5ynulSVJjJ_qNrfbgLLdqLlUmv93ot2hZDCuic4c4\">dep.tatico@camara.gov.br<\/a><br \/>\n<a href=\"\/group\/rjdown\/post?postID=ByEFN2VVqhQ0kSeghXt0QujQsP9hlsYw0F6WVmEJEsSLvoW_0eppJmDxI0MFznyozew3-RgebLml8IS5hS9NFpEvf063xVeaYg\">dep.tonhamagalhaes@camara.gov.br<\/a><br \/>\n<a href=\"\/group\/rjdown\/post?postID=4cfopRhCUyuqQU5uaG0eIdf_CcD12L8UzwBPtFYxB4LlVspBV2YDAxjtXgt24gCKA3jvhNqZXbsHggZ5ZJfLmxTxNLoaiEs\">dep.ulduricopinto@camara.gov.br<\/a><br \/>\n<a href=\"\/group\/rjdown\/post?postID=JMvjLO3pXF5BQw0GNFNQQ0pg4YF4_Z4fUQtd1Gfm-posZu8QC8EwJrKmE0JPltsf_XynyCTJ-Bn-4nuYFUS6Qj3tZUAztdc\">dep.urzenirocha@camara.gov.br<\/a><br \/>\n<a href=\"\/group\/rjdown\/post?postID=FggP8-_DafZHpSHM0268Drw98i6qQRpLp68LoomTciFKc7Jtj7EVhwoPpdUbwRS4T4sZpaKlVeZ2WNVijvui9kdvxuJjWQ\">dep.vadaogomes@camara.gov.br<\/a><br \/>\n<a href=\"\/group\/rjdown\/post?postID=Bl17XJHxWEJMAEOUYw13TKCw-jrRe06oREiXG2Bd1Y0TR7BjLm0RdDZk9IB1TGeKi3sqQmXBLh5KPpm-0meZZYpHTUpKnRrJKt9Y\">dep.valadaresfilho@camara.gov.br<\/a><br \/>\n<a href=\"\/group\/rjdown\/post?postID=2vI95BXGXJyljg8mtoRmewjX2qmmv6SakKtthXOLNF8vJoX2IDUNOd9rkEupiM0S3Oynfqldw70RBurn_2qMYAaxhIhVjSMH4c2-uJmU\">dep.valdemarcostaneto@camara.gov.br<\/a><br \/>\n<a href=\"\/group\/rjdown\/post?postID=6qv-sffVvQpVYaNXLTEgDfz9vRxHeztB2QAObK9CcBuvFF8lHU6Yxzj949RjfCiUhpoKgE3rZqZKO9Osre-AjNZKS8MTKZE\">dep.valdircolatto@camara.gov.br<\/a><br \/>\n<a href=\"\/group\/rjdown\/post?postID=AqXlRA-bR58k07ZDVGjdVJXWccrFAwySyQGaIKNziCJ3mMudamLBnu0FTpSm4Mn7MJZR-0MBZUbrGltvykxKQ5hUt7Xq4eYU3sEptQ\">dep.valtenirpereira@camara.gov.br<\/a><br \/>\n<a href=\"\/group\/rjdown\/post?postID=KKBjRRPuyXz6LeN8fiwgP3tyE14kOosZLCgfP9nun8IAjdSIkRi2UsP9PBYJYgZaJ_z6AEkiFo9Dnjtzir6SDiDN0FK_5pWc\">dep.vanderleimacris@camara.gov.br<\/a><br \/>\n<a href=\"\/group\/rjdown\/post?postID=khK8S7WY21wLEFKq34MDZnbXhELN-m_M7QlfPNCvX5HVX46y_sXqSQ5lMvTwo3bOuLfe9FlJdbWY-MlPizzhStLDGZ9V\">dep.vanderloubet@camara.gov.br<\/a><br \/>\n<a href=\"\/group\/rjdown\/post?postID=a5VycLH55Slg9R0SQLXs5-5YGitqJkJGm8P-rZm14qsWPacPQXZgYRSTjR8YpAXFxLKBEI2YFQWhU3wQ4GX2B_Dwwdf7JtdGC50\">dep.vanessagrazziotin@camara.gov.br<\/a><br \/>\n<a href=\"\/group\/rjdown\/post?postID=QZuL1Mh91QWVIGKXCUWL38RZiKqCkLxzmEg2QxdO0nAQBphQWqpXyzkJxFvMXb3eXj7H3sVxw7HULo-l2rPW\">dep.veloso@camara.gov.br<\/a><br \/>\n<a href=\"\/group\/rjdown\/post?postID=xKTXxxZ1suaQ899mxJUkF-mHEU8Fsr-NCjs-1Na1zafPvh1rEH40A5hodiujk7s9kJhejVQQ0O-nwQiugVnPuYFt3xkbn7s0qg\">dep.vicentearruda@camara.gov.br<\/a><br \/>\n<a href=\"\/group\/rjdown\/post?postID=n2fBkryTgJ0IpIpxvTRbU8hvTYD7HJp3XXQULKH-s5xo8NSKiD85EVpaSO3kO759YVjdYC3JPdD0Tk-dVL0uDCNCeg\">dep.vicentinho@camara.gov.br<\/a><br \/>\n<a href=\"\/group\/rjdown\/post?postID=PZGapuhtZO5NTxMj6kIikuLswkMIWL1UqFIZQp3CyOlBDAx6-1dUU9-gHgIbMbzvJIMSrimoc1OhtBLzjaKDC6UezvIH4_HB\">dep.vicpiresfranco@camara.gov.br<\/a><br \/>\n<a href=\"\/group\/rjdown\/post?postID=shn8qxvkO1KcviMtvjYsxMw2bsAc8EXB_7d3TCtVtIPh_bnF7pJbJn6yPHX6wFY-v8i7vdqm02Mjk3G8cNoU_fs4UguuphuX\">dep.vieiradacunha@camara.gov.br<\/a><br \/>\n<a href=\"\/group\/rjdown\/post?postID=4fgKMJODDbvvV9hiXGPBQELqCs6ZrBwg4BU_S3z2tDGnDuQi23PP6GOx5SLk-GBY_yUK-DFq3Sl77zo2m_FVB4soGkZa\">dep.vignatti@camara.gov.br<\/a><br \/>\n<a href=\"\/group\/rjdown\/post?postID=pCx-1Ub2cNnuFecFhCZE5izk_Rq4x0Qk65yNTmkaw1DAKmQ0sPlWKcT_akC8rUBAGx0An9S56EsxuRGA41XVcWn90Ux38RdH2w\">dep.vilsoncovatti@camara.gov.br<\/a><br \/>\n<a href=\"\/group\/rjdown\/post?postID=nwQUcShkoLTj6-Slb45CpWC5CNH5sF4I2kvzfxzA4EYi-CdvASa7zZJggHl76ZGqP4ZYqfFO_GLUgs1w_EyDp5Uc0GWz3XnJn4AXPQo\">dep.viniciuscarvalho@camara.gov.br<\/a><br \/>\n<a href=\"\/group\/rjdown\/post?postID=RSuZpoJmO1HPEYgt-jpnoQDPufAe1HSu8iEv7IQD_GqFvb_arNwvXKVPX6i4T5N62uGbp12D6kHtYyMp9B_iMbbSfL3ald8vM7iuyck0\">dep.virgilioguimaraes@camara.gov.br<\/a><br \/>\n<a href=\"\/group\/rjdown\/post?postID=FCezfxwulCrZDxGn0ADxNXg7yV09wEMCbXAqLiFiLHj-DvbBA20pfSsHcDffdeAowzLmhknZCy0-iXIpMtfE-Pug-0NBcCvNEdeqIg\">dep.vitaldoregofilho@camara.gov.br<\/a><br \/>\n<a href=\"\/group\/rjdown\/post?postID=d39HQE_xq9ndiH8zHUqIvoodcW7p5ieoxgGA-L-e2fl1Ni4TBqwrHskycssr9FV0fefmQMEbsEGyCqrqCOKNbKrG_n193H0\">dep.vitorpenido@camara.gov.br<\/a><br \/>\n<a href=\"\/group\/rjdown\/post?postID=IBZx0hSbGMacOsiWajn0moqxrU9LrS2DRvuRHpJxd8I0oMuwDFQM9hGLu4Eb8xbS4x5jgqn_qpr2vN6vSeLxe5zQwLxu\">dep.waldemirmoka@camara.gov.br<\/a><br \/>\n<a href=\"\/group\/rjdown\/post?postID=HcYGJ6cMQ1PyKm0UWY1hNpQXP4GZNS3Mxdbqbcbgpizm1GHbDLHNFG2Z46q5m7cpkjL_c7me97_f0OdbCCRXvfqm5NoNug\">dep.waldirmaranhao@camara.gov.br<\/a><br \/>\n<a href=\"\/group\/rjdown\/post?postID=xYY6aFjvMEa2aBMeIOkC-34Vk4dN8MHdrzdFFjgvbTDzHJEBNT27SNGY945AnqguCltkYXizRXiHGGOCkwpM8x5d_kcAMFub\">dep.waldirneves@camara.gov.br<\/a><br \/>\n<a href=\"\/group\/rjdown\/post?postID=K0kA1EnggY7eZ606sdsyG_79g1YrF0ouygwyY04Dg-WcGcYcEHj7mNB0jvRhfmH6xf19BUvSf4R4PC1koOvwJ4pFFw5efXsqo7gDmw\">dep.walterbritoneto@camara.gov.br<\/a><br \/>\n<a href=\"\/group\/rjdown\/post?postID=1OlsCar238g163W7Fy6fw6If4P8arB0HGEt8SjiH4SPt4EpB--CUKxYWXZEoqUBKDnMrjpWBGWfxeBX1LCd55sanO_qqBuxhOWU\">dep.walterpinheiro@camara.gov.br<\/a><br \/>\n<a href=\"\/group\/rjdown\/post?postID=jSIAt-2fE3Eruel2XLQxQuWJiYH5hIrqwCSSr4EQg1fig0ssUcLfnZaxFS65qQn-maFCmQtfS1O0aTYQmBnPE2zWay4mvlRu-C7XmTs\">dep.wandenkolkgoncalves@camara.gov.br<\/a><br \/>\n<a href=\"\/group\/rjdown\/post?postID=P8HACBWpeL3WcCAuHN0WAl9_LYE5J97m5Dd-v-eXJlBcg74sFiZlQkMHMls2D1T0964sTz2JSCnnMgUUrtCHgS7HjEhShmxL2wNf_8g\">dep.wellingtonfagundes@camara.gov.br<\/a><br \/>\n<a href=\"\/group\/rjdown\/post?postID=TGn_Mrd1yct23bHmugtU-QUbT1P97TAUwzIViF3Z4f-CxTT42WntSHIlirZB6z-0bN6Mvy66X6Uw05sbEL0Kh5AdkYXKilM57aCC\">dep.wellingtonroberto@camara.gov.br<\/a><br \/>\n<a href=\"\/group\/rjdown\/post?postID=sgWJ8kPXboxj7rNnbqKnV639uIQnhK-_k44B2vcHQSFip_pk4kY8lfki-SQdxE8Pnz14iM7XPqsmMVl5SF700bS-d3OTEHA\">dep.wilsonbraga@camara.gov.br<\/a><br \/>\n<a href=\"\/group\/rjdown\/post?postID=d4kkbGtQIN739xIh5TV7jKmKN-9Cnp5GTAmoKFiXN4661cpwaU6nba7iM1vvfGgUyZQSMr49nHP5jXFO1mN9S3BKppNO41vB\">dep.wilsonsantiago@camara.gov.br<\/a><br \/>\n<a href=\"\/group\/rjdown\/post?postID=glTsU-HTqb1U9T04QUy6-TI90m_y397ORMX4qbLFcV9-Z8l_QEDezz97QjO7eYquTc940uyzaV0yVxVaUl0F7T40Tgmi5pM\">dep.wladimircosta@camara.gov.br<\/a><br \/>\n<a href=\"\/group\/rjdown\/post?postID=jjTj17TrXvABBO-Y_cTlcgszIWNBozLiwYmxsyPM2CQgLJSeCWGMRZBnZ73KPH-5rWdZ3jPJTNl3BEvU3L5drT2gCV_SBA\">dep.wolneyqueiroz@camara.gov.br<\/a><br \/>\n<a href=\"\/group\/rjdown\/post?postID=brSuudjbOLSYETEPDgRK_-ESurUGK1AOyqpzjY6MGZ1ndmRKCqnu6tQsHQ1xyqbVRRIL-wvufOdJBXsViiiA4O4aR_Bm\">dep.zegeraldo@camara.gov.br<\/a><br \/>\n<a href=\"\/group\/rjdown\/post?postID=EPCRFCz8E6A1d0XRsfO_ppgS-uTcRxKPOdlzB1vRD5HUijNyPtYlD1OCZfk0bTlHZrH7GLFe5IY6ZfUMduHAQLxs\">dep.zegerardo@camara.gov.br<\/a><br \/>\n<a href=\"\/group\/rjdown\/post?postID=Mlp0BBmwUlJpMHYFWvbGKVNpNcQxRA4lzU4zFaH5ylvOgecGtfscwrilowXfqVVLqsrNl_iHqrG8It_pUA4KwtB-FqhKSazB\">dep.zenaldocoutinho@camara.gov.br<\/a><br \/>\n<a href=\"\/group\/rjdown\/post?postID=0jpTuQLkxB9fHCAZ9-geJZFVE6POjwh42kHd4I-VBzjnB7fS7Ou6ba6GtNfEClPrndSz2XHWJD-uDf4Jp1Nl_SH7a_jyuBQ\">dep.zequinhamarinho@camara.gov.br<\/a><br \/>\n<a href=\"\/group\/rjdown\/post?postID=VL6KJu4TG4P_ormOXa5xQoo1ybdZKIlzvqPT7pU_vjKMueTzsmpX2uN4yi5_SsledcfY7l2GPkmQcQjCFXjI4AVDmcDlnQ\">dep.zezeuribeiro@camara.gov.br<\/a> <a href=\"\/group\/rjdown\/post?postID=86lQkZmu34v2K6GMGy8-O-3juK3Hm_nrPYO2nHzRG3lmcgfT7QWXFXS4wdY2nsPquixuy8bFTXBEWWnL5Exm\">dep.zonta@camara.gov.br<\/a><\/p>\n<p><a href=\"http:\/\/www.activemeter.com\/\" target=\"_blank\" rel=\"noopener\"><br \/>\n<img decoding=\"async\" src=\"http:\/\/am1.activemeter.com\/webtracker\/track.html?method=track&amp;pid=46224&amp;java=0\" border=\"0\" alt=\"Free Hit Counter\" \/><br \/>\n<\/a><br \/>\n<!-- END OF ACTIVEMETER CODE --><\/p>\n","protected":false},"excerpt":{"rendered":"<p>ALERTA PL 274 DE 2007 FERE A CONSTITUI\u00c7\u00c3O. As pessoas com defici\u00eancia est\u00e3o em constante fiscaliza\u00e7\u00e3o para que direitos n\u00e3o sejam retirados do ordenamento jur\u00eddico em vigor por defici\u00eancia de pr\u00e1ticas inclusivas, sejam de empres\u00e1rios, pol\u00edticos, de associa\u00e7\u00f5es de classe, dentre outros. Antes de alterarem qualquer lei, por favor, fa\u00e7am a li\u00e7\u00e3o de casa, cumpram [&hellip;]<\/p>\n","protected":false},"author":2,"featured_media":0,"comment_status":"open","ping_status":"open","sticky":false,"template":"","format":"standard","meta":{"site-container-style":"default","site-container-layout":"default","site-sidebar-layout":"default","disable-article-header":"default","disable-site-header":"default","disable-site-footer":"default","disable-content-area-spacing":"default","footnotes":""},"categories":[4],"tags":[],"class_list":["post-704","post","type-post","status-publish","format-standard","hentry","category-noticias"],"yoast_head":"<!-- This site is optimized with the Yoast SEO plugin v27.4 - https:\/\/yoast.com\/product\/yoast-seo-wordpress\/ -->\n<title>Alerta geral : projeto ameniza as cotas -<\/title>\n<meta name=\"robots\" content=\"index, follow, max-snippet:-1, max-image-preview:large, max-video-preview:-1\" \/>\n<link rel=\"canonical\" href=\"https:\/\/inclusivenews.com.br\/?p=704\" \/>\n<meta property=\"og:locale\" content=\"pt_PT\" \/>\n<meta property=\"og:type\" content=\"article\" \/>\n<meta property=\"og:title\" content=\"Alerta geral : projeto ameniza as cotas -\" \/>\n<meta property=\"og:description\" content=\"ALERTA PL 274 DE 2007 FERE A CONSTITUI\u00c7\u00c3O. As pessoas com defici\u00eancia est\u00e3o em constante fiscaliza\u00e7\u00e3o para que direitos n\u00e3o sejam retirados do ordenamento jur\u00eddico em vigor por defici\u00eancia de pr\u00e1ticas inclusivas, sejam de empres\u00e1rios, pol\u00edticos, de associa\u00e7\u00f5es de classe, dentre outros. Antes de alterarem qualquer lei, por favor, fa\u00e7am a li\u00e7\u00e3o de casa, cumpram [&hellip;]\" \/>\n<meta property=\"og:url\" content=\"https:\/\/inclusivenews.com.br\/?p=704\" \/>\n<meta property=\"article:publisher\" content=\"https:\/\/www.facebook.com\/agenciainclusive\/\" \/>\n<meta property=\"article:published_time\" content=\"2008-07-22T09:18:00+00:00\" \/>\n<meta property=\"og:image\" content=\"http:\/\/am1.activemeter.com\/webtracker\/track.html?method=track&amp;pid=46224&amp;java=0\" \/>\n<meta name=\"author\" content=\"Inclusive\" \/>\n<meta name=\"twitter:card\" content=\"summary_large_image\" \/>\n<meta name=\"twitter:label1\" content=\"Escrito por\" \/>\n\t<meta name=\"twitter:data1\" content=\"Inclusive\" \/>\n\t<meta name=\"twitter:label2\" content=\"Tempo estimado de leitura\" \/>\n\t<meta name=\"twitter:data2\" content=\"14 minutos\" \/>\n<script type=\"application\/ld+json\" class=\"yoast-schema-graph\">{\"@context\":\"https:\\\/\\\/schema.org\",\"@graph\":[{\"@type\":\"Article\",\"@id\":\"https:\\\/\\\/inclusivenews.com.br\\\/?p=704#article\",\"isPartOf\":{\"@id\":\"https:\\\/\\\/inclusivenews.com.br\\\/?p=704\"},\"author\":{\"name\":\"Inclusive\",\"@id\":\"https:\\\/\\\/inclusivenews.com.br\\\/#\\\/schema\\\/person\\\/0dab492019871b94abb65fa8ee7c8c44\"},\"headline\":\"Alerta geral : projeto ameniza as cotas\",\"datePublished\":\"2008-07-22T09:18:00+00:00\",\"mainEntityOfPage\":{\"@id\":\"https:\\\/\\\/inclusivenews.com.br\\\/?p=704\"},\"wordCount\":2857,\"commentCount\":0,\"publisher\":{\"@id\":\"https:\\\/\\\/inclusivenews.com.br\\\/#organization\"},\"image\":{\"@id\":\"https:\\\/\\\/inclusivenews.com.br\\\/?p=704#primaryimage\"},\"thumbnailUrl\":\"http:\\\/\\\/am1.activemeter.com\\\/webtracker\\\/track.html?method=track&amp;pid=46224&amp;java=0\",\"articleSection\":[\"NOT\u00cdCIAS\"],\"inLanguage\":\"pt-PT\",\"potentialAction\":[{\"@type\":\"CommentAction\",\"name\":\"Comment\",\"target\":[\"https:\\\/\\\/inclusivenews.com.br\\\/?p=704#respond\"]}]},{\"@type\":\"WebPage\",\"@id\":\"https:\\\/\\\/inclusivenews.com.br\\\/?p=704\",\"url\":\"https:\\\/\\\/inclusivenews.com.br\\\/?p=704\",\"name\":\"Alerta geral : projeto ameniza as cotas -\",\"isPartOf\":{\"@id\":\"https:\\\/\\\/inclusivenews.com.br\\\/#website\"},\"primaryImageOfPage\":{\"@id\":\"https:\\\/\\\/inclusivenews.com.br\\\/?p=704#primaryimage\"},\"image\":{\"@id\":\"https:\\\/\\\/inclusivenews.com.br\\\/?p=704#primaryimage\"},\"thumbnailUrl\":\"http:\\\/\\\/am1.activemeter.com\\\/webtracker\\\/track.html?method=track&amp;pid=46224&amp;java=0\",\"datePublished\":\"2008-07-22T09:18:00+00:00\",\"breadcrumb\":{\"@id\":\"https:\\\/\\\/inclusivenews.com.br\\\/?p=704#breadcrumb\"},\"inLanguage\":\"pt-PT\",\"potentialAction\":[{\"@type\":\"ReadAction\",\"target\":[\"https:\\\/\\\/inclusivenews.com.br\\\/?p=704\"]}]},{\"@type\":\"ImageObject\",\"inLanguage\":\"pt-PT\",\"@id\":\"https:\\\/\\\/inclusivenews.com.br\\\/?p=704#primaryimage\",\"url\":\"http:\\\/\\\/am1.activemeter.com\\\/webtracker\\\/track.html?method=track&amp;pid=46224&amp;java=0\",\"contentUrl\":\"http:\\\/\\\/am1.activemeter.com\\\/webtracker\\\/track.html?method=track&amp;pid=46224&amp;java=0\"},{\"@type\":\"BreadcrumbList\",\"@id\":\"https:\\\/\\\/inclusivenews.com.br\\\/?p=704#breadcrumb\",\"itemListElement\":[{\"@type\":\"ListItem\",\"position\":1,\"name\":\"In\u00edcio\",\"item\":\"https:\\\/\\\/inclusivenews.com.br\\\/\"},{\"@type\":\"ListItem\",\"position\":2,\"name\":\"Alerta geral : projeto ameniza as cotas\"}]},{\"@type\":\"WebSite\",\"@id\":\"https:\\\/\\\/inclusivenews.com.br\\\/#website\",\"url\":\"https:\\\/\\\/inclusivenews.com.br\\\/\",\"name\":\"Inclusive News\",\"description\":\"Inclusive News\",\"publisher\":{\"@id\":\"https:\\\/\\\/inclusivenews.com.br\\\/#organization\"},\"potentialAction\":[{\"@type\":\"SearchAction\",\"target\":{\"@type\":\"EntryPoint\",\"urlTemplate\":\"https:\\\/\\\/inclusivenews.com.br\\\/?s={search_term_string}\"},\"query-input\":{\"@type\":\"PropertyValueSpecification\",\"valueRequired\":true,\"valueName\":\"search_term_string\"}}],\"inLanguage\":\"pt-PT\"},{\"@type\":\"Organization\",\"@id\":\"https:\\\/\\\/inclusivenews.com.br\\\/#organization\",\"name\":\"Inclusive - inclus\u00e3o e cidadania\",\"url\":\"https:\\\/\\\/inclusivenews.com.br\\\/\",\"logo\":{\"@type\":\"ImageObject\",\"inLanguage\":\"pt-PT\",\"@id\":\"https:\\\/\\\/inclusivenews.com.br\\\/#\\\/schema\\\/logo\\\/image\\\/\",\"url\":\"https:\\\/\\\/inclusivenews.com.br\\\/wp-content\\\/uploads\\\/2024\\\/03\\\/@grandesite.png\",\"contentUrl\":\"https:\\\/\\\/inclusivenews.com.br\\\/wp-content\\\/uploads\\\/2024\\\/03\\\/@grandesite.png\",\"width\":1080,\"height\":1080,\"caption\":\"Inclusive - inclus\u00e3o e cidadania\"},\"image\":{\"@id\":\"https:\\\/\\\/inclusivenews.com.br\\\/#\\\/schema\\\/logo\\\/image\\\/\"},\"sameAs\":[\"https:\\\/\\\/www.facebook.com\\\/agenciainclusive\\\/\",\"https:\\\/\\\/www.instagram.com\\\/newsinclusive\\\/\"]},{\"@type\":\"Person\",\"@id\":\"https:\\\/\\\/inclusivenews.com.br\\\/#\\\/schema\\\/person\\\/0dab492019871b94abb65fa8ee7c8c44\",\"name\":\"Inclusive\",\"image\":{\"@type\":\"ImageObject\",\"inLanguage\":\"pt-PT\",\"@id\":\"https:\\\/\\\/secure.gravatar.com\\\/avatar\\\/?s=96&d=mm&r=g\",\"url\":\"https:\\\/\\\/secure.gravatar.com\\\/avatar\\\/?s=96&d=mm&r=g\",\"contentUrl\":\"https:\\\/\\\/secure.gravatar.com\\\/avatar\\\/?s=96&d=mm&r=g\",\"caption\":\"Inclusive\"},\"url\":\"https:\\\/\\\/inclusivenews.com.br\\\/?author=2\"}]}<\/script>\n<!-- \/ Yoast SEO plugin. -->","yoast_head_json":{"title":"Alerta geral : projeto ameniza as cotas -","robots":{"index":"index","follow":"follow","max-snippet":"max-snippet:-1","max-image-preview":"max-image-preview:large","max-video-preview":"max-video-preview:-1"},"canonical":"https:\/\/inclusivenews.com.br\/?p=704","og_locale":"pt_PT","og_type":"article","og_title":"Alerta geral : projeto ameniza as cotas -","og_description":"ALERTA PL 274 DE 2007 FERE A CONSTITUI\u00c7\u00c3O. As pessoas com defici\u00eancia est\u00e3o em constante fiscaliza\u00e7\u00e3o para que direitos n\u00e3o sejam retirados do ordenamento jur\u00eddico em vigor por defici\u00eancia de pr\u00e1ticas inclusivas, sejam de empres\u00e1rios, pol\u00edticos, de associa\u00e7\u00f5es de classe, dentre outros. Antes de alterarem qualquer lei, por favor, fa\u00e7am a li\u00e7\u00e3o de casa, cumpram [&hellip;]","og_url":"https:\/\/inclusivenews.com.br\/?p=704","article_publisher":"https:\/\/www.facebook.com\/agenciainclusive\/","article_published_time":"2008-07-22T09:18:00+00:00","og_image":[{"url":"http:\/\/am1.activemeter.com\/webtracker\/track.html?method=track&amp;pid=46224&amp;java=0","type":"","width":"","height":""}],"author":"Inclusive","twitter_card":"summary_large_image","twitter_misc":{"Escrito por":"Inclusive","Tempo estimado de leitura":"14 minutos"},"schema":{"@context":"https:\/\/schema.org","@graph":[{"@type":"Article","@id":"https:\/\/inclusivenews.com.br\/?p=704#article","isPartOf":{"@id":"https:\/\/inclusivenews.com.br\/?p=704"},"author":{"name":"Inclusive","@id":"https:\/\/inclusivenews.com.br\/#\/schema\/person\/0dab492019871b94abb65fa8ee7c8c44"},"headline":"Alerta geral : projeto ameniza as cotas","datePublished":"2008-07-22T09:18:00+00:00","mainEntityOfPage":{"@id":"https:\/\/inclusivenews.com.br\/?p=704"},"wordCount":2857,"commentCount":0,"publisher":{"@id":"https:\/\/inclusivenews.com.br\/#organization"},"image":{"@id":"https:\/\/inclusivenews.com.br\/?p=704#primaryimage"},"thumbnailUrl":"http:\/\/am1.activemeter.com\/webtracker\/track.html?method=track&amp;pid=46224&amp;java=0","articleSection":["NOT\u00cdCIAS"],"inLanguage":"pt-PT","potentialAction":[{"@type":"CommentAction","name":"Comment","target":["https:\/\/inclusivenews.com.br\/?p=704#respond"]}]},{"@type":"WebPage","@id":"https:\/\/inclusivenews.com.br\/?p=704","url":"https:\/\/inclusivenews.com.br\/?p=704","name":"Alerta geral : projeto ameniza as cotas -","isPartOf":{"@id":"https:\/\/inclusivenews.com.br\/#website"},"primaryImageOfPage":{"@id":"https:\/\/inclusivenews.com.br\/?p=704#primaryimage"},"image":{"@id":"https:\/\/inclusivenews.com.br\/?p=704#primaryimage"},"thumbnailUrl":"http:\/\/am1.activemeter.com\/webtracker\/track.html?method=track&amp;pid=46224&amp;java=0","datePublished":"2008-07-22T09:18:00+00:00","breadcrumb":{"@id":"https:\/\/inclusivenews.com.br\/?p=704#breadcrumb"},"inLanguage":"pt-PT","potentialAction":[{"@type":"ReadAction","target":["https:\/\/inclusivenews.com.br\/?p=704"]}]},{"@type":"ImageObject","inLanguage":"pt-PT","@id":"https:\/\/inclusivenews.com.br\/?p=704#primaryimage","url":"http:\/\/am1.activemeter.com\/webtracker\/track.html?method=track&amp;pid=46224&amp;java=0","contentUrl":"http:\/\/am1.activemeter.com\/webtracker\/track.html?method=track&amp;pid=46224&amp;java=0"},{"@type":"BreadcrumbList","@id":"https:\/\/inclusivenews.com.br\/?p=704#breadcrumb","itemListElement":[{"@type":"ListItem","position":1,"name":"In\u00edcio","item":"https:\/\/inclusivenews.com.br\/"},{"@type":"ListItem","position":2,"name":"Alerta geral : projeto ameniza as cotas"}]},{"@type":"WebSite","@id":"https:\/\/inclusivenews.com.br\/#website","url":"https:\/\/inclusivenews.com.br\/","name":"Inclusive News","description":"Inclusive News","publisher":{"@id":"https:\/\/inclusivenews.com.br\/#organization"},"potentialAction":[{"@type":"SearchAction","target":{"@type":"EntryPoint","urlTemplate":"https:\/\/inclusivenews.com.br\/?s={search_term_string}"},"query-input":{"@type":"PropertyValueSpecification","valueRequired":true,"valueName":"search_term_string"}}],"inLanguage":"pt-PT"},{"@type":"Organization","@id":"https:\/\/inclusivenews.com.br\/#organization","name":"Inclusive - inclus\u00e3o e cidadania","url":"https:\/\/inclusivenews.com.br\/","logo":{"@type":"ImageObject","inLanguage":"pt-PT","@id":"https:\/\/inclusivenews.com.br\/#\/schema\/logo\/image\/","url":"https:\/\/inclusivenews.com.br\/wp-content\/uploads\/2024\/03\/@grandesite.png","contentUrl":"https:\/\/inclusivenews.com.br\/wp-content\/uploads\/2024\/03\/@grandesite.png","width":1080,"height":1080,"caption":"Inclusive - inclus\u00e3o e cidadania"},"image":{"@id":"https:\/\/inclusivenews.com.br\/#\/schema\/logo\/image\/"},"sameAs":["https:\/\/www.facebook.com\/agenciainclusive\/","https:\/\/www.instagram.com\/newsinclusive\/"]},{"@type":"Person","@id":"https:\/\/inclusivenews.com.br\/#\/schema\/person\/0dab492019871b94abb65fa8ee7c8c44","name":"Inclusive","image":{"@type":"ImageObject","inLanguage":"pt-PT","@id":"https:\/\/secure.gravatar.com\/avatar\/?s=96&d=mm&r=g","url":"https:\/\/secure.gravatar.com\/avatar\/?s=96&d=mm&r=g","contentUrl":"https:\/\/secure.gravatar.com\/avatar\/?s=96&d=mm&r=g","caption":"Inclusive"},"url":"https:\/\/inclusivenews.com.br\/?author=2"}]}},"_links":{"self":[{"href":"https:\/\/inclusivenews.com.br\/index.php?rest_route=\/wp\/v2\/posts\/704","targetHints":{"allow":["GET"]}}],"collection":[{"href":"https:\/\/inclusivenews.com.br\/index.php?rest_route=\/wp\/v2\/posts"}],"about":[{"href":"https:\/\/inclusivenews.com.br\/index.php?rest_route=\/wp\/v2\/types\/post"}],"author":[{"embeddable":true,"href":"https:\/\/inclusivenews.com.br\/index.php?rest_route=\/wp\/v2\/users\/2"}],"replies":[{"embeddable":true,"href":"https:\/\/inclusivenews.com.br\/index.php?rest_route=%2Fwp%2Fv2%2Fcomments&post=704"}],"version-history":[{"count":0,"href":"https:\/\/inclusivenews.com.br\/index.php?rest_route=\/wp\/v2\/posts\/704\/revisions"}],"wp:attachment":[{"href":"https:\/\/inclusivenews.com.br\/index.php?rest_route=%2Fwp%2Fv2%2Fmedia&parent=704"}],"wp:term":[{"taxonomy":"category","embeddable":true,"href":"https:\/\/inclusivenews.com.br\/index.php?rest_route=%2Fwp%2Fv2%2Fcategories&post=704"},{"taxonomy":"post_tag","embeddable":true,"href":"https:\/\/inclusivenews.com.br\/index.php?rest_route=%2Fwp%2Fv2%2Ftags&post=704"}],"curies":[{"name":"wp","href":"https:\/\/api.w.org\/{rel}","templated":true}]}}