{"id":705,"date":"2008-07-22T12:47:00","date_gmt":"2008-07-22T12:47:00","guid":{"rendered":"http:\/\/agenciainclusive.wordpress.com\/2008\/07\/22\/audiodescricao-entrevista-com-livia-mello-motta\/"},"modified":"2008-07-22T12:47:00","modified_gmt":"2008-07-22T12:47:00","slug":"audiodescricao-entrevista-com-livia-mello-motta","status":"publish","type":"post","link":"https:\/\/inclusivenews.com.br\/?p=705","title":{"rendered":"AUDIODESCRI\u00c7\u00c3O: ENTREVISTA COM L\u00cdVIA MELLO MOTTA"},"content":{"rendered":"<p><!-- START OF ACTIVEMETER CODE --><\/p>\n<div><span style=\"font-family:Arial;font-size:85%;\">L\u00edvia <a rel=\"nofollow noopener\" href=\"http:\/\/ma.v.de\/\" target=\"_blank\">Ma.V.de<\/a> Mello  Motta<\/span><\/div>\n<div><\/div>\n<div><span style=\"font-family:Arial;font-size:85%;\">O adiamento da Portaria 310\/2006 suspendeu apenas a  aplica\u00e7\u00e3o da audiodescri\u00e7\u00e3o na televis\u00e3o. E o ministro H\u00e9lio Costa deu  algum outro prazo e ficou tudo solto?<\/span><\/div>\n<div><\/div>\n<div><span style=\"font-family:Arial;font-size:85%;\">LMM:O ministro H\u00e9lio Costa suspendeu por um m\u00eas o  dispositivo legal que obrigava as emissoras de TV a transmitirem pelo menos duas  horas de programa\u00e7\u00e3o<br \/>\ncom audiodescri\u00e7\u00e3o. Depois deste prazo, ser\u00e1  estabelecido novo cronograma para a implementa\u00e7\u00e3o deste recurso de  acessibilidade que permite que as pessoas<br \/>\ncom defici\u00eancia visual ampliem o  entendimento de filmes, document\u00e1rios, programas de TV, pe\u00e7as de teatro,  mostras, exposi\u00e7\u00f5es e outras artes visuais. \u00c9<br \/>\nimportante ressaltar que a  audiodescri\u00e7\u00e3o \u00e9 um instrumento de inclus\u00e3o cultural que ir\u00e1 contribuir para a  forma\u00e7\u00e3o cr\u00edtica e para a educa\u00e7\u00e3o da pessoa<br \/>\ncom defici\u00eancia visual,  preparando-a para o exerc\u00edcio pleno de sua cidadania. Al\u00e9m disso, os benef\u00edcios  de tal recurso estendem-se, tamb\u00e9m, \u00e0s pessoas<br \/>\ncom defici\u00eancia intelectual,  pessoas idosas e pessoas com dislexia. Esperamos que a implementa\u00e7\u00e3o seja  iniciada o mais breve poss\u00edvel para que as pessoas<br \/>\ncom defici\u00eancia visual n\u00e3o  fiquem mais \u00e0 margem da vida cultural do pa\u00eds. <\/span><\/div>\n<div><\/div>\n<div><span style=\"font-family:Arial;font-size:85%;\">2 anos me parece mais do que tempo suficiente para  as tev\u00eas se adaptarem \u00e0s exig\u00eancias, me parece. Vai haver algum pedido ao MP  para exigir um deadline?<br \/>\nse n\u00e3o, como as entidades do segmento pretendem  encarar este adiamento?<\/span><\/div>\n<div><\/div>\n<div><span style=\"font-family:Arial;font-size:85%;\">LMM:Sem d\u00favida, o prazo dado para que as emissoras  se preparassem para inserir a audiodescri\u00e7\u00e3o na programa\u00e7\u00e3o foi mais do que  suficiente para que elas<br \/>\npesquisassem, se informassem sobre a t\u00e9cnica e  conhecessem os profissionais que j\u00e1 trabalham com isso. <\/span><\/div>\n<div><\/div>\n<div><span style=\"font-family:Arial;font-size:85%;\">A UBC (Uni\u00e3o Brasileira dos Cegos) j\u00e1 encaminhou  of\u00edcio ao MPF, solicitando medidas administrativas e judiciais contra a  suspens\u00e3o do recurso e pedindo<br \/>\na imediata implementa\u00e7\u00e3o dos recursos de  acessibilidade na programa\u00e7\u00e3o televisiva.<\/span><\/div>\n<div><\/div>\n<div><span style=\"font-family:Arial;font-size:85%;\">Uma das desculpas da Abert ao pedir o adiamento da  exig\u00eancia, foi de que as tev\u00eas ainda n\u00e3o est\u00e3o equipadas e uma suposta falta de  profissionais para suprir<br \/>\na exig\u00eancia. Essa hist\u00f3ria de &#8220;falta de  profissionais&#8221; n\u00e3o \u00e9 papo furado, desculpa sem fundamentos para conseguirem  adiar ainda mais a implementa\u00e7\u00e3o?<\/span><\/div>\n<div><\/div>\n<div><span style=\"font-family:Arial;font-size:85%;\">LMM:Pois \u00e9, encaminhamos, recentemente, ao  Minist\u00e9rio das Comunica\u00e7\u00f5es, uma lista de profissionais que j\u00e1 trabalham com  audiodescri\u00e7\u00e3o no Brasil. Muitos<br \/>\ndestes profissionais est\u00e3o prontos para  preparar mais pessoas para serem audiodescritores. Al\u00e9m disso, o volume de  trabalhos j\u00e1 produzidos com audiodescri\u00e7\u00e3o,<br \/>\ntanto filmes, document\u00e1rios, como  pe\u00e7as de teatro, espet\u00e1culos de dan\u00e7a e at\u00e9 prepara\u00e7\u00e3o de museus, \u00e9 bastante  expressivo. O que mais nos encanta como<br \/>\naudiodescritores e nos motiva a  querer expandir a t\u00e9cnica para mais e mais pessoas, M\u00e1rcia, \u00e9 o feedback que  recebemos das pessoas cegas ap\u00f3s assistirem<br \/>\nespet\u00e1culos audiodescritos. \u00c9  fant\u00e1stico poder perceber o quanto o entendimento \u00e9 ampliado, a sensa\u00e7\u00e3o de  liberdade, de n\u00e3o depender da boa vontade de<br \/>\noutras pessoas para saber  detalhes sobre cen\u00e1rio, a\u00e7\u00e3o, personagens ou pe\u00e7as de arte expostas em museus. <\/span><\/div>\n<div><\/div>\n<div><span style=\"font-family:Arial;font-size:85%;\">As pessoas com defici\u00eancia visual est\u00e3o bem  representadas nessa, vamos dizer, briga com o Minist\u00e9rio das  Comunica\u00e7\u00f5es?<\/span><\/div>\n<div><\/div>\n<div><span style=\"font-family:Arial;font-size:85%;\">LMM:Sim, diversas institui\u00e7\u00f5es est\u00e3o enviando  cartas de protesto ao Ministro das Comunica\u00e7\u00f5es, manifestando- se contra a  publica\u00e7\u00e3o da Portaria 403\/2008,<br \/>\na qual suspende, ainda que temporariamente,  a obrigatoriedade de pelo menos duas horas de audiodescri\u00e7\u00e3o na programa\u00e7\u00e3o das  emissoras de TV. A lista virtual<br \/>\nTV ACESS\u00cdVEL, mediada pelo Paulo Romeu  tamb\u00e9m tem sido um excelente instrumento de troca de informa\u00e7\u00f5es, de  fortalecimento do grupo de pessoas que trabalham,<br \/>\nse interessam e lutam pelos  recursos de acessibilidade na TV. O grupo vem crescendo a cada dia com a chegada  de mais pessoas interessadas e que j\u00e1 desenvolveram<br \/>\nalgum trabalho de  acessibilidade tanto para pessoas com defici\u00eancia auditiva como com defici\u00eancia  visual. O Paulo Romeu e o Marco Antonio de Queiroz, o<br \/>\nMAQ, t\u00eam sido  batalhadores incans\u00e1veis pela implementa\u00e7\u00e3o da audiodescri\u00e7\u00e3o no Brasil. <\/span><\/div>\n<div><\/div>\n<div><span style=\"font-family:Arial;font-size:85%;\">Na sua entrevista ao programa Derrubando Barreiras,  da r\u00e1dio Eldorado AM, segunda-feira passada, voc\u00ea fala maravilhas da  acessibilidade em Birmingham &#8211;<br \/>\nReino Unido. Pode dar aguns  exemplos?<\/span><\/div>\n<div><\/div>\n<div><span style=\"font-family:Arial;font-size:85%;\">LMM:Passei alguns meses na Universidade de  Birmingham, Reino Unido, durante o meu doutorado em 2003, e fiquei realmente  impressionada com os recursos de<br \/>\nacessibilidade para as pessoas com  defici\u00eancia, tanto dentro da universidade como na cidade, desde transporte,  cal\u00e7adas, far\u00f3is sonoros, plataformas elevat\u00f3rias<br \/>\npara cadeiras de rodas para  transfer\u00eancia de um piso para outro, sinaliza\u00e7\u00e3o em braile, rampas, como a  prepara\u00e7\u00e3o das resid\u00eancias para os alunos com defici\u00eancia<br \/>\ncom recursos de  acessibilidade como pain\u00e9is em braile para aparelhos eletro-eletr\u00f4 nicos e  banheiros adaptados, al\u00e9m de softwares de voz e ampliadores de<br \/>\ntelas nas  bibliotecas. Hoje, estes recursos j\u00e1 est\u00e3o se tornando mais conhecidos no  Brasil, mas h\u00e1 cinco anos atr\u00e1s, isso ainda era mais distante da  nossa<br \/>\nrealidade. Conheci um aluno cego da Gr\u00e9cia, que estava fazendo mestrado  na universidade e fiquei impressionada com o que me contou sobre os primeiros  dias<br \/>\ndele na universidade, quando ele teve o acompanhamento de um monitor  para que se familiarizasse com os lugares e aprendesse a se deslocar com  independ\u00eancia,<br \/>\no demonstra cuidado e respeito pela pessoa com  defici\u00eancia.<\/span><\/div>\n<div><\/div>\n<div><span style=\"font-family:Arial;font-size:85%;\">A promulga\u00e7\u00e3o da nossa ratifica\u00e7\u00e3o \u00e0 Conven\u00e7\u00e3o da  ONU Para Pessoas Com Defici\u00eancia, que passar\u00e1 a ter for\u00e7a constitucional, e que  enquadra como discriminat\u00f3ria<br \/>\nqualquer falta de acessibilidade n\u00e3o pode valer  para pressionar este adiamento?<\/span><\/div>\n<div><\/div>\n<div><span style=\"font-family:Arial;font-size:85%;\">LMM:Este adiamento vai, sem d\u00favida, na contram\u00e3o do  momento hist\u00f3rico que estamos vivendo hoje, com significativos avan\u00e7os com  rela\u00e7\u00e3o \u00e0 inclus\u00e3o das pessoas<br \/>\ncom defici\u00eancia nos mais diversos segmentos da  sociedade, como educa\u00e7\u00e3o, esporte, lazer e trabalho, o que est\u00e1 expresso no  texto da Conven\u00e7\u00e3o sobre os<br \/>\nDireitos da Pessoa com Defici\u00eancia, que o Brasil  acaba de ratificar. Nela &#8220;os Estados Partes reconhecem o direito das pessoas com  defici\u00eancia de participar<br \/>\nna vida cultural, em igualdade de oportunidades com  as demais pessoas, e tomar\u00e3o todas as medidas apropriadas para que as pessoas  com defici\u00eancia possam:<\/span><\/div>\n<div><\/div>\n<p><span style=\"font-family:Arial;font-size:85%;\"><\/p>\n<div>a. Ter acesso a bens culturais em formatos acess\u00edveis;<\/div>\n<div><\/div>\n<div>b. Ter acesso a programas de televis\u00e3o, cinema, teatro e outras atividades  culturais, em formatos acess\u00edveis&#8230;&#8221;<\/div>\n<div><\/div>\n<div>Portanto, a falta de acessibilidade na TV para as pessoas com defici\u00eancia  visual \u00e9 sim uma discrimina\u00e7\u00e3o que impede a participa\u00e7\u00e3o plena na vida cultural.<\/div>\n<p><a href=\"http:\/\/www.activemeter.com\/\" target=\"_blank\" rel=\"noopener\"><br \/>\n<img decoding=\"async\" src=\"http:\/\/am1.activemeter.com\/webtracker\/track.html?method=track&amp;pid=46224&amp;java=0\" border=\"0\" alt=\"Free Hit Counter\" \/><br \/>\n<\/a><br \/>\n<!-- END OF ACTIVEMETER CODE --><\/p>\n<p><\/span><\/p>\n","protected":false},"excerpt":{"rendered":"<p>L\u00edvia Ma.V.de Mello Motta O adiamento da Portaria 310\/2006 suspendeu apenas a aplica\u00e7\u00e3o da audiodescri\u00e7\u00e3o na televis\u00e3o. E o ministro H\u00e9lio Costa deu algum outro prazo e ficou tudo solto? LMM:O ministro H\u00e9lio Costa suspendeu por um m\u00eas o dispositivo legal que obrigava as emissoras de TV a transmitirem pelo menos duas horas de programa\u00e7\u00e3o [&hellip;]<\/p>\n","protected":false},"author":2,"featured_media":0,"comment_status":"open","ping_status":"open","sticky":false,"template":"","format":"standard","meta":{"site-container-style":"default","site-container-layout":"default","site-sidebar-layout":"default","disable-article-header":"default","disable-site-header":"default","disable-site-footer":"default","disable-content-area-spacing":"default","footnotes":""},"categories":[4],"tags":[],"class_list":["post-705","post","type-post","status-publish","format-standard","hentry","category-noticias"],"yoast_head":"<!-- This site is optimized with the Yoast SEO plugin v27.4 - https:\/\/yoast.com\/product\/yoast-seo-wordpress\/ -->\n<title>AUDIODESCRI\u00c7\u00c3O: ENTREVISTA COM L\u00cdVIA MELLO MOTTA -<\/title>\n<meta name=\"robots\" content=\"index, follow, max-snippet:-1, max-image-preview:large, max-video-preview:-1\" \/>\n<link rel=\"canonical\" href=\"https:\/\/inclusivenews.com.br\/?p=705\" \/>\n<meta property=\"og:locale\" content=\"pt_PT\" \/>\n<meta property=\"og:type\" content=\"article\" \/>\n<meta property=\"og:title\" content=\"AUDIODESCRI\u00c7\u00c3O: ENTREVISTA COM L\u00cdVIA MELLO MOTTA -\" \/>\n<meta property=\"og:description\" content=\"L\u00edvia Ma.V.de Mello Motta O adiamento da Portaria 310\/2006 suspendeu apenas a aplica\u00e7\u00e3o da audiodescri\u00e7\u00e3o na televis\u00e3o. E o ministro H\u00e9lio Costa deu algum outro prazo e ficou tudo solto? LMM:O ministro H\u00e9lio Costa suspendeu por um m\u00eas o dispositivo legal que obrigava as emissoras de TV a transmitirem pelo menos duas horas de programa\u00e7\u00e3o [&hellip;]\" \/>\n<meta property=\"og:url\" content=\"https:\/\/inclusivenews.com.br\/?p=705\" \/>\n<meta property=\"article:publisher\" content=\"https:\/\/www.facebook.com\/agenciainclusive\/\" \/>\n<meta property=\"article:published_time\" content=\"2008-07-22T12:47:00+00:00\" \/>\n<meta property=\"og:image\" content=\"http:\/\/am1.activemeter.com\/webtracker\/track.html?method=track&amp;pid=46224&amp;java=0\" \/>\n<meta name=\"author\" content=\"Inclusive\" \/>\n<meta name=\"twitter:card\" content=\"summary_large_image\" \/>\n<meta name=\"twitter:label1\" content=\"Escrito por\" \/>\n\t<meta name=\"twitter:data1\" content=\"Inclusive\" \/>\n\t<meta name=\"twitter:label2\" content=\"Tempo estimado de leitura\" \/>\n\t<meta name=\"twitter:data2\" content=\"6 minutos\" \/>\n<script type=\"application\/ld+json\" class=\"yoast-schema-graph\">{\"@context\":\"https:\\\/\\\/schema.org\",\"@graph\":[{\"@type\":\"Article\",\"@id\":\"https:\\\/\\\/inclusivenews.com.br\\\/?p=705#article\",\"isPartOf\":{\"@id\":\"https:\\\/\\\/inclusivenews.com.br\\\/?p=705\"},\"author\":{\"name\":\"Inclusive\",\"@id\":\"https:\\\/\\\/inclusivenews.com.br\\\/#\\\/schema\\\/person\\\/0dab492019871b94abb65fa8ee7c8c44\"},\"headline\":\"AUDIODESCRI\u00c7\u00c3O: ENTREVISTA COM L\u00cdVIA MELLO MOTTA\",\"datePublished\":\"2008-07-22T12:47:00+00:00\",\"mainEntityOfPage\":{\"@id\":\"https:\\\/\\\/inclusivenews.com.br\\\/?p=705\"},\"wordCount\":1135,\"commentCount\":0,\"publisher\":{\"@id\":\"https:\\\/\\\/inclusivenews.com.br\\\/#organization\"},\"image\":{\"@id\":\"https:\\\/\\\/inclusivenews.com.br\\\/?p=705#primaryimage\"},\"thumbnailUrl\":\"http:\\\/\\\/am1.activemeter.com\\\/webtracker\\\/track.html?method=track&amp;pid=46224&amp;java=0\",\"articleSection\":[\"NOT\u00cdCIAS\"],\"inLanguage\":\"pt-PT\",\"potentialAction\":[{\"@type\":\"CommentAction\",\"name\":\"Comment\",\"target\":[\"https:\\\/\\\/inclusivenews.com.br\\\/?p=705#respond\"]}]},{\"@type\":\"WebPage\",\"@id\":\"https:\\\/\\\/inclusivenews.com.br\\\/?p=705\",\"url\":\"https:\\\/\\\/inclusivenews.com.br\\\/?p=705\",\"name\":\"AUDIODESCRI\u00c7\u00c3O: ENTREVISTA COM L\u00cdVIA MELLO MOTTA -\",\"isPartOf\":{\"@id\":\"https:\\\/\\\/inclusivenews.com.br\\\/#website\"},\"primaryImageOfPage\":{\"@id\":\"https:\\\/\\\/inclusivenews.com.br\\\/?p=705#primaryimage\"},\"image\":{\"@id\":\"https:\\\/\\\/inclusivenews.com.br\\\/?p=705#primaryimage\"},\"thumbnailUrl\":\"http:\\\/\\\/am1.activemeter.com\\\/webtracker\\\/track.html?method=track&amp;pid=46224&amp;java=0\",\"datePublished\":\"2008-07-22T12:47:00+00:00\",\"breadcrumb\":{\"@id\":\"https:\\\/\\\/inclusivenews.com.br\\\/?p=705#breadcrumb\"},\"inLanguage\":\"pt-PT\",\"potentialAction\":[{\"@type\":\"ReadAction\",\"target\":[\"https:\\\/\\\/inclusivenews.com.br\\\/?p=705\"]}]},{\"@type\":\"ImageObject\",\"inLanguage\":\"pt-PT\",\"@id\":\"https:\\\/\\\/inclusivenews.com.br\\\/?p=705#primaryimage\",\"url\":\"http:\\\/\\\/am1.activemeter.com\\\/webtracker\\\/track.html?method=track&amp;pid=46224&amp;java=0\",\"contentUrl\":\"http:\\\/\\\/am1.activemeter.com\\\/webtracker\\\/track.html?method=track&amp;pid=46224&amp;java=0\"},{\"@type\":\"BreadcrumbList\",\"@id\":\"https:\\\/\\\/inclusivenews.com.br\\\/?p=705#breadcrumb\",\"itemListElement\":[{\"@type\":\"ListItem\",\"position\":1,\"name\":\"In\u00edcio\",\"item\":\"https:\\\/\\\/inclusivenews.com.br\\\/\"},{\"@type\":\"ListItem\",\"position\":2,\"name\":\"AUDIODESCRI\u00c7\u00c3O: ENTREVISTA COM L\u00cdVIA MELLO MOTTA\"}]},{\"@type\":\"WebSite\",\"@id\":\"https:\\\/\\\/inclusivenews.com.br\\\/#website\",\"url\":\"https:\\\/\\\/inclusivenews.com.br\\\/\",\"name\":\"Inclusive News\",\"description\":\"Inclusive News\",\"publisher\":{\"@id\":\"https:\\\/\\\/inclusivenews.com.br\\\/#organization\"},\"potentialAction\":[{\"@type\":\"SearchAction\",\"target\":{\"@type\":\"EntryPoint\",\"urlTemplate\":\"https:\\\/\\\/inclusivenews.com.br\\\/?s={search_term_string}\"},\"query-input\":{\"@type\":\"PropertyValueSpecification\",\"valueRequired\":true,\"valueName\":\"search_term_string\"}}],\"inLanguage\":\"pt-PT\"},{\"@type\":\"Organization\",\"@id\":\"https:\\\/\\\/inclusivenews.com.br\\\/#organization\",\"name\":\"Inclusive - inclus\u00e3o e cidadania\",\"url\":\"https:\\\/\\\/inclusivenews.com.br\\\/\",\"logo\":{\"@type\":\"ImageObject\",\"inLanguage\":\"pt-PT\",\"@id\":\"https:\\\/\\\/inclusivenews.com.br\\\/#\\\/schema\\\/logo\\\/image\\\/\",\"url\":\"https:\\\/\\\/inclusivenews.com.br\\\/wp-content\\\/uploads\\\/2024\\\/03\\\/@grandesite.png\",\"contentUrl\":\"https:\\\/\\\/inclusivenews.com.br\\\/wp-content\\\/uploads\\\/2024\\\/03\\\/@grandesite.png\",\"width\":1080,\"height\":1080,\"caption\":\"Inclusive - inclus\u00e3o e cidadania\"},\"image\":{\"@id\":\"https:\\\/\\\/inclusivenews.com.br\\\/#\\\/schema\\\/logo\\\/image\\\/\"},\"sameAs\":[\"https:\\\/\\\/www.facebook.com\\\/agenciainclusive\\\/\",\"https:\\\/\\\/www.instagram.com\\\/newsinclusive\\\/\"]},{\"@type\":\"Person\",\"@id\":\"https:\\\/\\\/inclusivenews.com.br\\\/#\\\/schema\\\/person\\\/0dab492019871b94abb65fa8ee7c8c44\",\"name\":\"Inclusive\",\"image\":{\"@type\":\"ImageObject\",\"inLanguage\":\"pt-PT\",\"@id\":\"https:\\\/\\\/secure.gravatar.com\\\/avatar\\\/?s=96&d=mm&r=g\",\"url\":\"https:\\\/\\\/secure.gravatar.com\\\/avatar\\\/?s=96&d=mm&r=g\",\"contentUrl\":\"https:\\\/\\\/secure.gravatar.com\\\/avatar\\\/?s=96&d=mm&r=g\",\"caption\":\"Inclusive\"},\"url\":\"https:\\\/\\\/inclusivenews.com.br\\\/?author=2\"}]}<\/script>\n<!-- \/ Yoast SEO plugin. -->","yoast_head_json":{"title":"AUDIODESCRI\u00c7\u00c3O: ENTREVISTA COM L\u00cdVIA MELLO MOTTA -","robots":{"index":"index","follow":"follow","max-snippet":"max-snippet:-1","max-image-preview":"max-image-preview:large","max-video-preview":"max-video-preview:-1"},"canonical":"https:\/\/inclusivenews.com.br\/?p=705","og_locale":"pt_PT","og_type":"article","og_title":"AUDIODESCRI\u00c7\u00c3O: ENTREVISTA COM L\u00cdVIA MELLO MOTTA -","og_description":"L\u00edvia Ma.V.de Mello Motta O adiamento da Portaria 310\/2006 suspendeu apenas a aplica\u00e7\u00e3o da audiodescri\u00e7\u00e3o na televis\u00e3o. E o ministro H\u00e9lio Costa deu algum outro prazo e ficou tudo solto? LMM:O ministro H\u00e9lio Costa suspendeu por um m\u00eas o dispositivo legal que obrigava as emissoras de TV a transmitirem pelo menos duas horas de programa\u00e7\u00e3o [&hellip;]","og_url":"https:\/\/inclusivenews.com.br\/?p=705","article_publisher":"https:\/\/www.facebook.com\/agenciainclusive\/","article_published_time":"2008-07-22T12:47:00+00:00","og_image":[{"url":"http:\/\/am1.activemeter.com\/webtracker\/track.html?method=track&amp;pid=46224&amp;java=0","type":"","width":"","height":""}],"author":"Inclusive","twitter_card":"summary_large_image","twitter_misc":{"Escrito por":"Inclusive","Tempo estimado de leitura":"6 minutos"},"schema":{"@context":"https:\/\/schema.org","@graph":[{"@type":"Article","@id":"https:\/\/inclusivenews.com.br\/?p=705#article","isPartOf":{"@id":"https:\/\/inclusivenews.com.br\/?p=705"},"author":{"name":"Inclusive","@id":"https:\/\/inclusivenews.com.br\/#\/schema\/person\/0dab492019871b94abb65fa8ee7c8c44"},"headline":"AUDIODESCRI\u00c7\u00c3O: ENTREVISTA COM L\u00cdVIA MELLO MOTTA","datePublished":"2008-07-22T12:47:00+00:00","mainEntityOfPage":{"@id":"https:\/\/inclusivenews.com.br\/?p=705"},"wordCount":1135,"commentCount":0,"publisher":{"@id":"https:\/\/inclusivenews.com.br\/#organization"},"image":{"@id":"https:\/\/inclusivenews.com.br\/?p=705#primaryimage"},"thumbnailUrl":"http:\/\/am1.activemeter.com\/webtracker\/track.html?method=track&amp;pid=46224&amp;java=0","articleSection":["NOT\u00cdCIAS"],"inLanguage":"pt-PT","potentialAction":[{"@type":"CommentAction","name":"Comment","target":["https:\/\/inclusivenews.com.br\/?p=705#respond"]}]},{"@type":"WebPage","@id":"https:\/\/inclusivenews.com.br\/?p=705","url":"https:\/\/inclusivenews.com.br\/?p=705","name":"AUDIODESCRI\u00c7\u00c3O: ENTREVISTA COM L\u00cdVIA MELLO MOTTA -","isPartOf":{"@id":"https:\/\/inclusivenews.com.br\/#website"},"primaryImageOfPage":{"@id":"https:\/\/inclusivenews.com.br\/?p=705#primaryimage"},"image":{"@id":"https:\/\/inclusivenews.com.br\/?p=705#primaryimage"},"thumbnailUrl":"http:\/\/am1.activemeter.com\/webtracker\/track.html?method=track&amp;pid=46224&amp;java=0","datePublished":"2008-07-22T12:47:00+00:00","breadcrumb":{"@id":"https:\/\/inclusivenews.com.br\/?p=705#breadcrumb"},"inLanguage":"pt-PT","potentialAction":[{"@type":"ReadAction","target":["https:\/\/inclusivenews.com.br\/?p=705"]}]},{"@type":"ImageObject","inLanguage":"pt-PT","@id":"https:\/\/inclusivenews.com.br\/?p=705#primaryimage","url":"http:\/\/am1.activemeter.com\/webtracker\/track.html?method=track&amp;pid=46224&amp;java=0","contentUrl":"http:\/\/am1.activemeter.com\/webtracker\/track.html?method=track&amp;pid=46224&amp;java=0"},{"@type":"BreadcrumbList","@id":"https:\/\/inclusivenews.com.br\/?p=705#breadcrumb","itemListElement":[{"@type":"ListItem","position":1,"name":"In\u00edcio","item":"https:\/\/inclusivenews.com.br\/"},{"@type":"ListItem","position":2,"name":"AUDIODESCRI\u00c7\u00c3O: ENTREVISTA COM L\u00cdVIA MELLO MOTTA"}]},{"@type":"WebSite","@id":"https:\/\/inclusivenews.com.br\/#website","url":"https:\/\/inclusivenews.com.br\/","name":"Inclusive News","description":"Inclusive News","publisher":{"@id":"https:\/\/inclusivenews.com.br\/#organization"},"potentialAction":[{"@type":"SearchAction","target":{"@type":"EntryPoint","urlTemplate":"https:\/\/inclusivenews.com.br\/?s={search_term_string}"},"query-input":{"@type":"PropertyValueSpecification","valueRequired":true,"valueName":"search_term_string"}}],"inLanguage":"pt-PT"},{"@type":"Organization","@id":"https:\/\/inclusivenews.com.br\/#organization","name":"Inclusive - inclus\u00e3o e cidadania","url":"https:\/\/inclusivenews.com.br\/","logo":{"@type":"ImageObject","inLanguage":"pt-PT","@id":"https:\/\/inclusivenews.com.br\/#\/schema\/logo\/image\/","url":"https:\/\/inclusivenews.com.br\/wp-content\/uploads\/2024\/03\/@grandesite.png","contentUrl":"https:\/\/inclusivenews.com.br\/wp-content\/uploads\/2024\/03\/@grandesite.png","width":1080,"height":1080,"caption":"Inclusive - inclus\u00e3o e cidadania"},"image":{"@id":"https:\/\/inclusivenews.com.br\/#\/schema\/logo\/image\/"},"sameAs":["https:\/\/www.facebook.com\/agenciainclusive\/","https:\/\/www.instagram.com\/newsinclusive\/"]},{"@type":"Person","@id":"https:\/\/inclusivenews.com.br\/#\/schema\/person\/0dab492019871b94abb65fa8ee7c8c44","name":"Inclusive","image":{"@type":"ImageObject","inLanguage":"pt-PT","@id":"https:\/\/secure.gravatar.com\/avatar\/?s=96&d=mm&r=g","url":"https:\/\/secure.gravatar.com\/avatar\/?s=96&d=mm&r=g","contentUrl":"https:\/\/secure.gravatar.com\/avatar\/?s=96&d=mm&r=g","caption":"Inclusive"},"url":"https:\/\/inclusivenews.com.br\/?author=2"}]}},"_links":{"self":[{"href":"https:\/\/inclusivenews.com.br\/index.php?rest_route=\/wp\/v2\/posts\/705","targetHints":{"allow":["GET"]}}],"collection":[{"href":"https:\/\/inclusivenews.com.br\/index.php?rest_route=\/wp\/v2\/posts"}],"about":[{"href":"https:\/\/inclusivenews.com.br\/index.php?rest_route=\/wp\/v2\/types\/post"}],"author":[{"embeddable":true,"href":"https:\/\/inclusivenews.com.br\/index.php?rest_route=\/wp\/v2\/users\/2"}],"replies":[{"embeddable":true,"href":"https:\/\/inclusivenews.com.br\/index.php?rest_route=%2Fwp%2Fv2%2Fcomments&post=705"}],"version-history":[{"count":0,"href":"https:\/\/inclusivenews.com.br\/index.php?rest_route=\/wp\/v2\/posts\/705\/revisions"}],"wp:attachment":[{"href":"https:\/\/inclusivenews.com.br\/index.php?rest_route=%2Fwp%2Fv2%2Fmedia&parent=705"}],"wp:term":[{"taxonomy":"category","embeddable":true,"href":"https:\/\/inclusivenews.com.br\/index.php?rest_route=%2Fwp%2Fv2%2Fcategories&post=705"},{"taxonomy":"post_tag","embeddable":true,"href":"https:\/\/inclusivenews.com.br\/index.php?rest_route=%2Fwp%2Fv2%2Ftags&post=705"}],"curies":[{"name":"wp","href":"https:\/\/api.w.org\/{rel}","templated":true}]}}