{"id":7113,"date":"2009-04-22T10:31:26","date_gmt":"2009-04-22T10:31:26","guid":{"rendered":"http:\/\/agenciainclusive.wordpress.com\/?p=7113"},"modified":"2009-04-22T10:31:26","modified_gmt":"2009-04-22T10:31:26","slug":"minuto-da-inclusao-programas-675-a-677","status":"publish","type":"post","link":"https:\/\/inclusivenews.com.br\/?p=7113","title":{"rendered":"Minuto da inclus\u00e3o &#8211; Programas 675 a 677"},"content":{"rendered":"<figure id=\"attachment_2988\" aria-describedby=\"caption-attachment-2988\" style=\"width: 180px\" class=\"wp-caption alignnone\"><img loading=\"lazy\" decoding=\"async\" class=\"size-full wp-image-2988\" title=\"minuto_da_inclusao\" src=\"http:\/\/agenciainclusive.files.wordpress.com\/2009\/01\/minuto_da_inclusao.jpg\" alt=\"minuto_da_inclusao\" width=\"180\" height=\"78\" \/><figcaption id=\"caption-attachment-2988\" class=\"wp-caption-text\">Na imagem, logotipo do Minuto da Inclus\u00e3o: um rel\u00f3gio simulando uma pessoa de bra\u00e7os abertos contornada por um c\u00edrculo incompleto.<\/figcaption><\/figure>\n<p style=\"text-align:right;\">Para ouvir os boletins direto do navegador,<br \/>\nrole o mouse sobre os links e aguarde<br \/>\no player ser exibido na janela popup.<\/p>\n<p style=\"text-align:left;\"><a href=\"http:\/\/www.mypodcast.com\/fsaudio\/inclusive_20090421_1554-418920.mp3\" target=\"_blank\" rel=\"noopener\">Programas 675, 676 e 677<\/a><\/p>\n<p style=\"text-align:left;\">Programa: 675<\/p>\n<p style=\"text-align:left;\">Ol\u00e1 Brasil!<br \/>\nNo \u00faltimo dia 14 de abril foi comemorado o Dia Nacional de Luta pela Educa\u00e7\u00e3o Inclusiva. Na ocasi\u00e3o, foi refor\u00e7ada a id\u00e9ia de uma escola comprometida com a forma\u00e7\u00e3o de cidad\u00e3os, que promova valores democr\u00e1ticos e o respeito pela diversidade humana. Nesse contexto, surge a necessidade de se propor novas estrat\u00e9gias e de se efetivar diferentes a\u00e7\u00f5es que revertam o hist\u00f3rico quadro de exclus\u00e3o escolar vivido por diversos segmentos sociais.<br \/>\nNo caso das pessoas com defici\u00eancia, atualmente no Brasil est\u00e1 ocorrendo uma transi\u00e7\u00e3o entre o modelo da educa\u00e7\u00e3o especial para o modelo da educa\u00e7\u00e3o inclusiva. N\u00f3s, do Minuto da Inclus\u00e3o, que acreditamos no modelo inclusivo, lembramos: ele s\u00f3 ser\u00e1 poss\u00edvel quando o sistema educacional p\u00fablico oferecer uma educa\u00e7\u00e3o de qualidade para todas as crian\u00e7as e com professores bem remunerados. \u00c9 essa a nossa bandeira!<br \/>\nTuca Munhoz para o Minuto da Inclus\u00e3o.<\/p>\n<p style=\"text-align:left;\">Programa: 676<\/p>\n<p style=\"text-align:left;\">Ol\u00e1 Brasil!<br \/>\nAs pessoas com defici\u00eancia visual que circulam por S\u00e3o Paulo ter\u00e3o \u00e0 sua disposi\u00e7\u00e3o mapas t\u00e1teis nas esta\u00e7\u00f5es de metr\u00f4. O objetivo \u00e9 facilitar a orienta\u00e7\u00e3o desse p\u00fablico nas regi\u00f5es em torno de cada esta\u00e7\u00e3o, atrav\u00e9s de mapas que reproduzem em alto relevo o urbanismo de cada \u00e1rea. A esta\u00e7\u00e3o Santa Cec\u00edlia, na regi\u00e3o central da cidade, foi a primeira a receber o mapa. O projeto foi elaborado por especialistas do departamento de arquitetura das Faculdades Metropolitanas Unidas, FMU. A pr\u00f3xima esta\u00e7\u00e3o a receber o mapa ser\u00e1 a de Santa Cruz, que fica perto da Funda\u00e7\u00e3o Dorina Nowill para Cegos. As duas experi\u00eancias servir\u00e3o como teste para que os pr\u00f3ximos mapas sejam aperfei\u00e7oados. Esperamos que essa iniciativa estimule outras cidades a desenvolverem projetos similares em esta\u00e7\u00f5es de metr\u00f4 e outros locais p\u00fablicos.<br \/>\nTuca Munhoz para o Minuto da Inclus\u00e3o.<\/p>\n<p style=\"text-align:left;\">Programa: 677<\/p>\n<p style=\"text-align:left;\">Ol\u00e1 Brasil!<br \/>\nEst\u00e3o abertas as inscri\u00e7\u00f5es para a quarta edi\u00e7\u00e3o do Festival de Cinema \u201cAssim Vivemos\u201d. O objetivo \u00e9 conhecer todas as novas produ\u00e7\u00f5es relacionadas \u00e0s pessoas com defici\u00eancia. Ou seja, filmes de fic\u00e7\u00e3o com atores com defici\u00eancia e document\u00e1rios ou anima\u00e7\u00f5es sobre pessoas com defici\u00eancia. Ser\u00e3o analisados\u00a0 personagens, novas id\u00e9ias, diferentes abordagens, propostas e est\u00e9ticas. Leia o Regulamento do Festival, preencha a Ficha de Inscri\u00e7\u00e3o e envie seu v\u00eddeo! A inscri\u00e7\u00e3o on-line pode ser feita at\u00e9 o dia 11 de maio. J\u00e1 o material para sele\u00e7\u00e3o deve ser enviado at\u00e9 o dia 22 de maio. Anote o endere\u00e7o: <a href=\"http:\/\/www.assimvivemos.com.br\">www.assimvivemos.com.br<\/a>, <a href=\"http:\/\/www.assimvivemos.com.br\">www.assimvivemos.com.br<\/a>.<br \/>\nA arte \u00e9 uma \u00f3tima ferramenta para derrubar preconceitos e o Festival \u201cAssim Vivemos\u201d \u00e9 uma boa oportunidade para isso. Participe e boa sorte!<br \/>\nTuca Munhoz para o Minuto da Inclus\u00e3o.<\/p>\n","protected":false},"excerpt":{"rendered":"<p>Para ouvir os boletins direto do navegador, role o mouse sobre os links e aguarde o player ser exibido na janela popup. Programas 675, 676 e 677 Programa: 675 Ol\u00e1 Brasil! No \u00faltimo dia 14 de abril foi comemorado o Dia Nacional de Luta pela Educa\u00e7\u00e3o Inclusiva. Na ocasi\u00e3o, foi refor\u00e7ada a id\u00e9ia de uma [&hellip;]<\/p>\n","protected":false},"author":2,"featured_media":0,"comment_status":"open","ping_status":"open","sticky":false,"template":"","format":"standard","meta":{"site-container-style":"default","site-container-layout":"default","site-sidebar-layout":"default","disable-article-header":"default","disable-site-header":"default","disable-site-footer":"default","disable-content-area-spacing":"default","footnotes":""},"categories":[21],"tags":[20,15],"class_list":["post-7113","post","type-post","status-publish","format-standard","hentry","category-audio","tag-minuto-da-inclusao","tag-multimidia"],"yoast_head":"<!-- This site is optimized with the Yoast SEO plugin v27.4 - https:\/\/yoast.com\/product\/yoast-seo-wordpress\/ -->\n<title>Minuto da inclus\u00e3o - Programas 675 a 677 -<\/title>\n<meta name=\"robots\" content=\"index, follow, max-snippet:-1, max-image-preview:large, max-video-preview:-1\" \/>\n<link rel=\"canonical\" href=\"https:\/\/inclusivenews.com.br\/?p=7113\" \/>\n<meta property=\"og:locale\" content=\"pt_PT\" \/>\n<meta property=\"og:type\" content=\"article\" \/>\n<meta property=\"og:title\" content=\"Minuto da inclus\u00e3o - Programas 675 a 677 -\" \/>\n<meta property=\"og:description\" content=\"Para ouvir os boletins direto do navegador, role o mouse sobre os links e aguarde o player ser exibido na janela popup. Programas 675, 676 e 677 Programa: 675 Ol\u00e1 Brasil! No \u00faltimo dia 14 de abril foi comemorado o Dia Nacional de Luta pela Educa\u00e7\u00e3o Inclusiva. Na ocasi\u00e3o, foi refor\u00e7ada a id\u00e9ia de uma [&hellip;]\" \/>\n<meta property=\"og:url\" content=\"https:\/\/inclusivenews.com.br\/?p=7113\" \/>\n<meta property=\"article:publisher\" content=\"https:\/\/www.facebook.com\/agenciainclusive\/\" \/>\n<meta property=\"article:published_time\" content=\"2009-04-22T10:31:26+00:00\" \/>\n<meta property=\"og:image\" content=\"http:\/\/agenciainclusive.files.wordpress.com\/2009\/01\/minuto_da_inclusao.jpg\" \/>\n<meta name=\"author\" content=\"Inclusive\" \/>\n<meta name=\"twitter:card\" content=\"summary_large_image\" \/>\n<meta name=\"twitter:label1\" content=\"Escrito por\" \/>\n\t<meta name=\"twitter:data1\" content=\"Inclusive\" \/>\n\t<meta name=\"twitter:label2\" content=\"Tempo estimado de leitura\" \/>\n\t<meta name=\"twitter:data2\" content=\"3 minutos\" \/>\n<script type=\"application\/ld+json\" class=\"yoast-schema-graph\">{\"@context\":\"https:\\\/\\\/schema.org\",\"@graph\":[{\"@type\":\"Article\",\"@id\":\"https:\\\/\\\/inclusivenews.com.br\\\/?p=7113#article\",\"isPartOf\":{\"@id\":\"https:\\\/\\\/inclusivenews.com.br\\\/?p=7113\"},\"author\":{\"name\":\"Inclusive\",\"@id\":\"https:\\\/\\\/inclusivenews.com.br\\\/#\\\/schema\\\/person\\\/0dab492019871b94abb65fa8ee7c8c44\"},\"headline\":\"Minuto da inclus\u00e3o &#8211; Programas 675 a 677\",\"datePublished\":\"2009-04-22T10:31:26+00:00\",\"mainEntityOfPage\":{\"@id\":\"https:\\\/\\\/inclusivenews.com.br\\\/?p=7113\"},\"wordCount\":544,\"commentCount\":0,\"publisher\":{\"@id\":\"https:\\\/\\\/inclusivenews.com.br\\\/#organization\"},\"image\":{\"@id\":\"https:\\\/\\\/inclusivenews.com.br\\\/?p=7113#primaryimage\"},\"thumbnailUrl\":\"http:\\\/\\\/agenciainclusive.files.wordpress.com\\\/2009\\\/01\\\/minuto_da_inclusao.jpg\",\"keywords\":[\"Minuto da Inclusao\",\"Multim\u00eddia\"],\"articleSection\":[\"\u00c1udio\"],\"inLanguage\":\"pt-PT\",\"potentialAction\":[{\"@type\":\"CommentAction\",\"name\":\"Comment\",\"target\":[\"https:\\\/\\\/inclusivenews.com.br\\\/?p=7113#respond\"]}]},{\"@type\":\"WebPage\",\"@id\":\"https:\\\/\\\/inclusivenews.com.br\\\/?p=7113\",\"url\":\"https:\\\/\\\/inclusivenews.com.br\\\/?p=7113\",\"name\":\"Minuto da inclus\u00e3o - Programas 675 a 677 -\",\"isPartOf\":{\"@id\":\"https:\\\/\\\/inclusivenews.com.br\\\/#website\"},\"primaryImageOfPage\":{\"@id\":\"https:\\\/\\\/inclusivenews.com.br\\\/?p=7113#primaryimage\"},\"image\":{\"@id\":\"https:\\\/\\\/inclusivenews.com.br\\\/?p=7113#primaryimage\"},\"thumbnailUrl\":\"http:\\\/\\\/agenciainclusive.files.wordpress.com\\\/2009\\\/01\\\/minuto_da_inclusao.jpg\",\"datePublished\":\"2009-04-22T10:31:26+00:00\",\"breadcrumb\":{\"@id\":\"https:\\\/\\\/inclusivenews.com.br\\\/?p=7113#breadcrumb\"},\"inLanguage\":\"pt-PT\",\"potentialAction\":[{\"@type\":\"ReadAction\",\"target\":[\"https:\\\/\\\/inclusivenews.com.br\\\/?p=7113\"]}]},{\"@type\":\"ImageObject\",\"inLanguage\":\"pt-PT\",\"@id\":\"https:\\\/\\\/inclusivenews.com.br\\\/?p=7113#primaryimage\",\"url\":\"http:\\\/\\\/agenciainclusive.files.wordpress.com\\\/2009\\\/01\\\/minuto_da_inclusao.jpg\",\"contentUrl\":\"http:\\\/\\\/agenciainclusive.files.wordpress.com\\\/2009\\\/01\\\/minuto_da_inclusao.jpg\"},{\"@type\":\"BreadcrumbList\",\"@id\":\"https:\\\/\\\/inclusivenews.com.br\\\/?p=7113#breadcrumb\",\"itemListElement\":[{\"@type\":\"ListItem\",\"position\":1,\"name\":\"In\u00edcio\",\"item\":\"https:\\\/\\\/inclusivenews.com.br\\\/\"},{\"@type\":\"ListItem\",\"position\":2,\"name\":\"Minuto da inclus\u00e3o &#8211; Programas 675 a 677\"}]},{\"@type\":\"WebSite\",\"@id\":\"https:\\\/\\\/inclusivenews.com.br\\\/#website\",\"url\":\"https:\\\/\\\/inclusivenews.com.br\\\/\",\"name\":\"Inclusive News\",\"description\":\"Inclusive News\",\"publisher\":{\"@id\":\"https:\\\/\\\/inclusivenews.com.br\\\/#organization\"},\"potentialAction\":[{\"@type\":\"SearchAction\",\"target\":{\"@type\":\"EntryPoint\",\"urlTemplate\":\"https:\\\/\\\/inclusivenews.com.br\\\/?s={search_term_string}\"},\"query-input\":{\"@type\":\"PropertyValueSpecification\",\"valueRequired\":true,\"valueName\":\"search_term_string\"}}],\"inLanguage\":\"pt-PT\"},{\"@type\":\"Organization\",\"@id\":\"https:\\\/\\\/inclusivenews.com.br\\\/#organization\",\"name\":\"Inclusive - inclus\u00e3o e cidadania\",\"url\":\"https:\\\/\\\/inclusivenews.com.br\\\/\",\"logo\":{\"@type\":\"ImageObject\",\"inLanguage\":\"pt-PT\",\"@id\":\"https:\\\/\\\/inclusivenews.com.br\\\/#\\\/schema\\\/logo\\\/image\\\/\",\"url\":\"https:\\\/\\\/inclusivenews.com.br\\\/wp-content\\\/uploads\\\/2024\\\/03\\\/@grandesite.png\",\"contentUrl\":\"https:\\\/\\\/inclusivenews.com.br\\\/wp-content\\\/uploads\\\/2024\\\/03\\\/@grandesite.png\",\"width\":1080,\"height\":1080,\"caption\":\"Inclusive - inclus\u00e3o e cidadania\"},\"image\":{\"@id\":\"https:\\\/\\\/inclusivenews.com.br\\\/#\\\/schema\\\/logo\\\/image\\\/\"},\"sameAs\":[\"https:\\\/\\\/www.facebook.com\\\/agenciainclusive\\\/\",\"https:\\\/\\\/www.instagram.com\\\/newsinclusive\\\/\"]},{\"@type\":\"Person\",\"@id\":\"https:\\\/\\\/inclusivenews.com.br\\\/#\\\/schema\\\/person\\\/0dab492019871b94abb65fa8ee7c8c44\",\"name\":\"Inclusive\",\"image\":{\"@type\":\"ImageObject\",\"inLanguage\":\"pt-PT\",\"@id\":\"https:\\\/\\\/secure.gravatar.com\\\/avatar\\\/?s=96&d=mm&r=g\",\"url\":\"https:\\\/\\\/secure.gravatar.com\\\/avatar\\\/?s=96&d=mm&r=g\",\"contentUrl\":\"https:\\\/\\\/secure.gravatar.com\\\/avatar\\\/?s=96&d=mm&r=g\",\"caption\":\"Inclusive\"},\"url\":\"https:\\\/\\\/inclusivenews.com.br\\\/?author=2\"}]}<\/script>\n<!-- \/ Yoast SEO plugin. -->","yoast_head_json":{"title":"Minuto da inclus\u00e3o - Programas 675 a 677 -","robots":{"index":"index","follow":"follow","max-snippet":"max-snippet:-1","max-image-preview":"max-image-preview:large","max-video-preview":"max-video-preview:-1"},"canonical":"https:\/\/inclusivenews.com.br\/?p=7113","og_locale":"pt_PT","og_type":"article","og_title":"Minuto da inclus\u00e3o - Programas 675 a 677 -","og_description":"Para ouvir os boletins direto do navegador, role o mouse sobre os links e aguarde o player ser exibido na janela popup. Programas 675, 676 e 677 Programa: 675 Ol\u00e1 Brasil! No \u00faltimo dia 14 de abril foi comemorado o Dia Nacional de Luta pela Educa\u00e7\u00e3o Inclusiva. Na ocasi\u00e3o, foi refor\u00e7ada a id\u00e9ia de uma [&hellip;]","og_url":"https:\/\/inclusivenews.com.br\/?p=7113","article_publisher":"https:\/\/www.facebook.com\/agenciainclusive\/","article_published_time":"2009-04-22T10:31:26+00:00","og_image":[{"url":"http:\/\/agenciainclusive.files.wordpress.com\/2009\/01\/minuto_da_inclusao.jpg","type":"","width":"","height":""}],"author":"Inclusive","twitter_card":"summary_large_image","twitter_misc":{"Escrito por":"Inclusive","Tempo estimado de leitura":"3 minutos"},"schema":{"@context":"https:\/\/schema.org","@graph":[{"@type":"Article","@id":"https:\/\/inclusivenews.com.br\/?p=7113#article","isPartOf":{"@id":"https:\/\/inclusivenews.com.br\/?p=7113"},"author":{"name":"Inclusive","@id":"https:\/\/inclusivenews.com.br\/#\/schema\/person\/0dab492019871b94abb65fa8ee7c8c44"},"headline":"Minuto da inclus\u00e3o &#8211; Programas 675 a 677","datePublished":"2009-04-22T10:31:26+00:00","mainEntityOfPage":{"@id":"https:\/\/inclusivenews.com.br\/?p=7113"},"wordCount":544,"commentCount":0,"publisher":{"@id":"https:\/\/inclusivenews.com.br\/#organization"},"image":{"@id":"https:\/\/inclusivenews.com.br\/?p=7113#primaryimage"},"thumbnailUrl":"http:\/\/agenciainclusive.files.wordpress.com\/2009\/01\/minuto_da_inclusao.jpg","keywords":["Minuto da Inclusao","Multim\u00eddia"],"articleSection":["\u00c1udio"],"inLanguage":"pt-PT","potentialAction":[{"@type":"CommentAction","name":"Comment","target":["https:\/\/inclusivenews.com.br\/?p=7113#respond"]}]},{"@type":"WebPage","@id":"https:\/\/inclusivenews.com.br\/?p=7113","url":"https:\/\/inclusivenews.com.br\/?p=7113","name":"Minuto da inclus\u00e3o - Programas 675 a 677 -","isPartOf":{"@id":"https:\/\/inclusivenews.com.br\/#website"},"primaryImageOfPage":{"@id":"https:\/\/inclusivenews.com.br\/?p=7113#primaryimage"},"image":{"@id":"https:\/\/inclusivenews.com.br\/?p=7113#primaryimage"},"thumbnailUrl":"http:\/\/agenciainclusive.files.wordpress.com\/2009\/01\/minuto_da_inclusao.jpg","datePublished":"2009-04-22T10:31:26+00:00","breadcrumb":{"@id":"https:\/\/inclusivenews.com.br\/?p=7113#breadcrumb"},"inLanguage":"pt-PT","potentialAction":[{"@type":"ReadAction","target":["https:\/\/inclusivenews.com.br\/?p=7113"]}]},{"@type":"ImageObject","inLanguage":"pt-PT","@id":"https:\/\/inclusivenews.com.br\/?p=7113#primaryimage","url":"http:\/\/agenciainclusive.files.wordpress.com\/2009\/01\/minuto_da_inclusao.jpg","contentUrl":"http:\/\/agenciainclusive.files.wordpress.com\/2009\/01\/minuto_da_inclusao.jpg"},{"@type":"BreadcrumbList","@id":"https:\/\/inclusivenews.com.br\/?p=7113#breadcrumb","itemListElement":[{"@type":"ListItem","position":1,"name":"In\u00edcio","item":"https:\/\/inclusivenews.com.br\/"},{"@type":"ListItem","position":2,"name":"Minuto da inclus\u00e3o &#8211; Programas 675 a 677"}]},{"@type":"WebSite","@id":"https:\/\/inclusivenews.com.br\/#website","url":"https:\/\/inclusivenews.com.br\/","name":"Inclusive News","description":"Inclusive News","publisher":{"@id":"https:\/\/inclusivenews.com.br\/#organization"},"potentialAction":[{"@type":"SearchAction","target":{"@type":"EntryPoint","urlTemplate":"https:\/\/inclusivenews.com.br\/?s={search_term_string}"},"query-input":{"@type":"PropertyValueSpecification","valueRequired":true,"valueName":"search_term_string"}}],"inLanguage":"pt-PT"},{"@type":"Organization","@id":"https:\/\/inclusivenews.com.br\/#organization","name":"Inclusive - inclus\u00e3o e cidadania","url":"https:\/\/inclusivenews.com.br\/","logo":{"@type":"ImageObject","inLanguage":"pt-PT","@id":"https:\/\/inclusivenews.com.br\/#\/schema\/logo\/image\/","url":"https:\/\/inclusivenews.com.br\/wp-content\/uploads\/2024\/03\/@grandesite.png","contentUrl":"https:\/\/inclusivenews.com.br\/wp-content\/uploads\/2024\/03\/@grandesite.png","width":1080,"height":1080,"caption":"Inclusive - inclus\u00e3o e cidadania"},"image":{"@id":"https:\/\/inclusivenews.com.br\/#\/schema\/logo\/image\/"},"sameAs":["https:\/\/www.facebook.com\/agenciainclusive\/","https:\/\/www.instagram.com\/newsinclusive\/"]},{"@type":"Person","@id":"https:\/\/inclusivenews.com.br\/#\/schema\/person\/0dab492019871b94abb65fa8ee7c8c44","name":"Inclusive","image":{"@type":"ImageObject","inLanguage":"pt-PT","@id":"https:\/\/secure.gravatar.com\/avatar\/?s=96&d=mm&r=g","url":"https:\/\/secure.gravatar.com\/avatar\/?s=96&d=mm&r=g","contentUrl":"https:\/\/secure.gravatar.com\/avatar\/?s=96&d=mm&r=g","caption":"Inclusive"},"url":"https:\/\/inclusivenews.com.br\/?author=2"}]}},"_links":{"self":[{"href":"https:\/\/inclusivenews.com.br\/index.php?rest_route=\/wp\/v2\/posts\/7113","targetHints":{"allow":["GET"]}}],"collection":[{"href":"https:\/\/inclusivenews.com.br\/index.php?rest_route=\/wp\/v2\/posts"}],"about":[{"href":"https:\/\/inclusivenews.com.br\/index.php?rest_route=\/wp\/v2\/types\/post"}],"author":[{"embeddable":true,"href":"https:\/\/inclusivenews.com.br\/index.php?rest_route=\/wp\/v2\/users\/2"}],"replies":[{"embeddable":true,"href":"https:\/\/inclusivenews.com.br\/index.php?rest_route=%2Fwp%2Fv2%2Fcomments&post=7113"}],"version-history":[{"count":0,"href":"https:\/\/inclusivenews.com.br\/index.php?rest_route=\/wp\/v2\/posts\/7113\/revisions"}],"wp:attachment":[{"href":"https:\/\/inclusivenews.com.br\/index.php?rest_route=%2Fwp%2Fv2%2Fmedia&parent=7113"}],"wp:term":[{"taxonomy":"category","embeddable":true,"href":"https:\/\/inclusivenews.com.br\/index.php?rest_route=%2Fwp%2Fv2%2Fcategories&post=7113"},{"taxonomy":"post_tag","embeddable":true,"href":"https:\/\/inclusivenews.com.br\/index.php?rest_route=%2Fwp%2Fv2%2Ftags&post=7113"}],"curies":[{"name":"wp","href":"https:\/\/api.w.org\/{rel}","templated":true}]}}