{"id":7120,"date":"2009-04-22T10:41:56","date_gmt":"2009-04-22T10:41:56","guid":{"rendered":"http:\/\/agenciainclusive.wordpress.com\/?p=7120"},"modified":"2009-04-22T10:41:56","modified_gmt":"2009-04-22T10:41:56","slug":"lula-escreve-ao-iii-congresso-da-ablgbt","status":"publish","type":"post","link":"https:\/\/inclusivenews.com.br\/?p=7120","title":{"rendered":"Lula escreve ao III Congresso da ABLGBT"},"content":{"rendered":"<p>&#8220;Senhoras e Senhores,<\/p>\n<p>Impossibilitado de atender o am\u00e1vel convite formulado pela Associa\u00e7\u00e3o Brasileira de Gays, L\u00e9sbicas, Bissexuais, Travestis e Transexuais, envio aos participantes deste congresso minha sauda\u00e7\u00e3o e algumas palavras de \u00e2nimo e incentivo.<\/p>\n<p>Reafirmo o que <a href=\"mailto:tod@s\">tod@s<\/a> @s aqui presentes j\u00e1 sabem: eu e meu governo somos frontalmente contr\u00e1rios a toda a forma de preconceito e discrimina\u00e7\u00e3o com base em diferen\u00e7as de origem, de etnia, sexo, credo, religioso, convic\u00e7\u00e3o pol\u00edtica, orienta\u00e7\u00e3o sexual e identidade de g\u00eanero. A Secretaria de Direitos Humanos da Presid\u00eancia da Rep\u00fablica tem trabalhado ativamente nesse sentido, e at\u00e9 o final de nosso mandato continuaremos a trilhar esse caminho.<\/p>\n<p>Tem meu apoio tanto a luta das organiza\u00e7\u00f5es LGBT pelo respeito \u00e0s diferen\u00e7as, especialmente \u00e0 orienta\u00e7\u00e3o sexual e \u00e0 identidade de g\u00eanero, como as iniciativas parlamentares que as reforcem. Voc\u00eas com certeza est\u00e3o lembrados de que foi nosso governo que convocou a I Confer\u00eancia Nacional de L\u00e9sbicas, Gays, Bissexuais, Travestis e Transexuais, \u00e0 qual compareci e onde me dirigi aos que l\u00e1 estiveram presentes.<br \/>\nNaquela oportunidade, eu disse-lhes que s\u00f3 h\u00e1 um modo de a sociedade reconhecer os direitos e a dignidade do segmento LGBT: \u00e9 cada vez mais brigar; \u00e9 cada vez mais andar de cabe\u00e7a erguida; \u00e9 cada vez mais lutar contra o preconceito; e cada vez mais denunciar as arbitrariedades. Somente assim a gente vai conquistar a cidadania plena e poder, todo o mundo, construir este pa\u00eds sem preconceitos.<\/p>\n<p>Sei muito bem que, por minha atitude de apoio \u00e0 luta de voc\u00eas, eu tamb\u00e9m tenho sido alvo de preconceito, de resist\u00eancias. Alguns setores atrasados e ao mesmo tempo hip\u00f3critas \u2013 j\u00e1 propus a cria\u00e7\u00e3o do Dia de Combate \u00e0 Hipocrisia \u2013 t\u00eam criticado nosso governo por apoiar iniciativas que criminalizam palavras e atos ofensivos \u00e0 homossexualidade. Isso n\u00e3o tem import\u00e2ncia. Continuarei \u2013 com o apoio de todo o Governo \u2013 a manter essa atitude.<\/p>\n<p>Essa luta continua. Estou certo de que neste congresso ser\u00e3o discutidos v\u00e1rios temas que lhes interessam e que, no fundo, tamb\u00e9m interessam ao restante da sociedade. Desejo que as propostas que resultar\u00e3o dos debates aqui travados contribuam, concretamente, para o avan\u00e7o do respeito aos direitos de todos os cidad\u00e3os, independentemente da orienta\u00e7\u00e3o sexual e identidade de g\u00eanero. Afinal, somos <a href=\"mailto:tod@s\">tod@s<\/a> <a href=\"mailto:brasileir@s\">brasileir@s<\/a> e a Constitui\u00e7\u00e3o Federal \u00e9 clara: todos s\u00e3o iguais perante \u00e0 Lei.<br \/>\nRecebam <a href=\"mailto:tod@s\">tod@s<\/a> meu fraternal abra\u00e7o.\u201d<\/p>\n<p>Luiz In\u00e1cio Lula da Silva<br \/>\nPresidente da Rep\u00fablica Federativa do Brasil<\/p>\n<p>A Capa<br \/>\nO Congresso foi do dia 18 a 21 de abril<\/p>\n<p>Fonte: <a href=\"http:\/\/www.emdiacomacidadania.com.br\/\">http:\/\/www.emdiacomacidadania.com.br\/<\/a><\/p>\n","protected":false},"excerpt":{"rendered":"<p>&#8220;Senhoras e Senhores, Impossibilitado de atender o am\u00e1vel convite formulado pela Associa\u00e7\u00e3o Brasileira de Gays, L\u00e9sbicas, Bissexuais, Travestis e Transexuais, envio aos participantes deste congresso minha sauda\u00e7\u00e3o e algumas palavras de \u00e2nimo e incentivo. Reafirmo o que tod@s @s aqui presentes j\u00e1 sabem: eu e meu governo somos frontalmente contr\u00e1rios a toda a forma de [&hellip;]<\/p>\n","protected":false},"author":2,"featured_media":0,"comment_status":"open","ping_status":"open","sticky":false,"template":"","format":"standard","meta":{"site-container-style":"default","site-container-layout":"default","site-sidebar-layout":"default","disable-article-header":"default","disable-site-header":"default","disable-site-footer":"default","disable-content-area-spacing":"default","footnotes":""},"categories":[11,4],"tags":[],"class_list":["post-7120","post","type-post","status-publish","format-standard","hentry","category-direitos-humanos","category-noticias"],"yoast_head":"<!-- This site is optimized with the Yoast SEO plugin v27.4 - https:\/\/yoast.com\/product\/yoast-seo-wordpress\/ -->\n<title>Lula escreve ao III Congresso da ABLGBT -<\/title>\n<meta name=\"robots\" content=\"index, follow, max-snippet:-1, max-image-preview:large, max-video-preview:-1\" \/>\n<link rel=\"canonical\" href=\"https:\/\/inclusivenews.com.br\/?p=7120\" \/>\n<meta property=\"og:locale\" content=\"pt_PT\" \/>\n<meta property=\"og:type\" content=\"article\" \/>\n<meta property=\"og:title\" content=\"Lula escreve ao III Congresso da ABLGBT -\" \/>\n<meta property=\"og:description\" content=\"&#8220;Senhoras e Senhores, Impossibilitado de atender o am\u00e1vel convite formulado pela Associa\u00e7\u00e3o Brasileira de Gays, L\u00e9sbicas, Bissexuais, Travestis e Transexuais, envio aos participantes deste congresso minha sauda\u00e7\u00e3o e algumas palavras de \u00e2nimo e incentivo. Reafirmo o que tod@s @s aqui presentes j\u00e1 sabem: eu e meu governo somos frontalmente contr\u00e1rios a toda a forma de [&hellip;]\" \/>\n<meta property=\"og:url\" content=\"https:\/\/inclusivenews.com.br\/?p=7120\" \/>\n<meta property=\"article:publisher\" content=\"https:\/\/www.facebook.com\/agenciainclusive\/\" \/>\n<meta property=\"article:published_time\" content=\"2009-04-22T10:41:56+00:00\" \/>\n<meta name=\"author\" content=\"Inclusive\" \/>\n<meta name=\"twitter:card\" content=\"summary_large_image\" \/>\n<meta name=\"twitter:label1\" content=\"Escrito por\" \/>\n\t<meta name=\"twitter:data1\" content=\"Inclusive\" \/>\n\t<meta name=\"twitter:label2\" content=\"Tempo estimado de leitura\" \/>\n\t<meta name=\"twitter:data2\" content=\"2 minutos\" \/>\n<script type=\"application\/ld+json\" class=\"yoast-schema-graph\">{\"@context\":\"https:\\\/\\\/schema.org\",\"@graph\":[{\"@type\":\"Article\",\"@id\":\"https:\\\/\\\/inclusivenews.com.br\\\/?p=7120#article\",\"isPartOf\":{\"@id\":\"https:\\\/\\\/inclusivenews.com.br\\\/?p=7120\"},\"author\":{\"name\":\"Inclusive\",\"@id\":\"https:\\\/\\\/inclusivenews.com.br\\\/#\\\/schema\\\/person\\\/0dab492019871b94abb65fa8ee7c8c44\"},\"headline\":\"Lula escreve ao III Congresso da ABLGBT\",\"datePublished\":\"2009-04-22T10:41:56+00:00\",\"mainEntityOfPage\":{\"@id\":\"https:\\\/\\\/inclusivenews.com.br\\\/?p=7120\"},\"wordCount\":455,\"commentCount\":0,\"publisher\":{\"@id\":\"https:\\\/\\\/inclusivenews.com.br\\\/#organization\"},\"articleSection\":[\"DIREITOS HUMANOS\",\"NOT\u00cdCIAS\"],\"inLanguage\":\"pt-PT\",\"potentialAction\":[{\"@type\":\"CommentAction\",\"name\":\"Comment\",\"target\":[\"https:\\\/\\\/inclusivenews.com.br\\\/?p=7120#respond\"]}]},{\"@type\":\"WebPage\",\"@id\":\"https:\\\/\\\/inclusivenews.com.br\\\/?p=7120\",\"url\":\"https:\\\/\\\/inclusivenews.com.br\\\/?p=7120\",\"name\":\"Lula escreve ao III Congresso da ABLGBT -\",\"isPartOf\":{\"@id\":\"https:\\\/\\\/inclusivenews.com.br\\\/#website\"},\"datePublished\":\"2009-04-22T10:41:56+00:00\",\"breadcrumb\":{\"@id\":\"https:\\\/\\\/inclusivenews.com.br\\\/?p=7120#breadcrumb\"},\"inLanguage\":\"pt-PT\",\"potentialAction\":[{\"@type\":\"ReadAction\",\"target\":[\"https:\\\/\\\/inclusivenews.com.br\\\/?p=7120\"]}]},{\"@type\":\"BreadcrumbList\",\"@id\":\"https:\\\/\\\/inclusivenews.com.br\\\/?p=7120#breadcrumb\",\"itemListElement\":[{\"@type\":\"ListItem\",\"position\":1,\"name\":\"In\u00edcio\",\"item\":\"https:\\\/\\\/inclusivenews.com.br\\\/\"},{\"@type\":\"ListItem\",\"position\":2,\"name\":\"Lula escreve ao III Congresso da ABLGBT\"}]},{\"@type\":\"WebSite\",\"@id\":\"https:\\\/\\\/inclusivenews.com.br\\\/#website\",\"url\":\"https:\\\/\\\/inclusivenews.com.br\\\/\",\"name\":\"Inclusive News\",\"description\":\"Inclusive News\",\"publisher\":{\"@id\":\"https:\\\/\\\/inclusivenews.com.br\\\/#organization\"},\"potentialAction\":[{\"@type\":\"SearchAction\",\"target\":{\"@type\":\"EntryPoint\",\"urlTemplate\":\"https:\\\/\\\/inclusivenews.com.br\\\/?s={search_term_string}\"},\"query-input\":{\"@type\":\"PropertyValueSpecification\",\"valueRequired\":true,\"valueName\":\"search_term_string\"}}],\"inLanguage\":\"pt-PT\"},{\"@type\":\"Organization\",\"@id\":\"https:\\\/\\\/inclusivenews.com.br\\\/#organization\",\"name\":\"Inclusive - inclus\u00e3o e cidadania\",\"url\":\"https:\\\/\\\/inclusivenews.com.br\\\/\",\"logo\":{\"@type\":\"ImageObject\",\"inLanguage\":\"pt-PT\",\"@id\":\"https:\\\/\\\/inclusivenews.com.br\\\/#\\\/schema\\\/logo\\\/image\\\/\",\"url\":\"https:\\\/\\\/inclusivenews.com.br\\\/wp-content\\\/uploads\\\/2024\\\/03\\\/@grandesite.png\",\"contentUrl\":\"https:\\\/\\\/inclusivenews.com.br\\\/wp-content\\\/uploads\\\/2024\\\/03\\\/@grandesite.png\",\"width\":1080,\"height\":1080,\"caption\":\"Inclusive - inclus\u00e3o e cidadania\"},\"image\":{\"@id\":\"https:\\\/\\\/inclusivenews.com.br\\\/#\\\/schema\\\/logo\\\/image\\\/\"},\"sameAs\":[\"https:\\\/\\\/www.facebook.com\\\/agenciainclusive\\\/\",\"https:\\\/\\\/www.instagram.com\\\/newsinclusive\\\/\"]},{\"@type\":\"Person\",\"@id\":\"https:\\\/\\\/inclusivenews.com.br\\\/#\\\/schema\\\/person\\\/0dab492019871b94abb65fa8ee7c8c44\",\"name\":\"Inclusive\",\"image\":{\"@type\":\"ImageObject\",\"inLanguage\":\"pt-PT\",\"@id\":\"https:\\\/\\\/secure.gravatar.com\\\/avatar\\\/?s=96&d=mm&r=g\",\"url\":\"https:\\\/\\\/secure.gravatar.com\\\/avatar\\\/?s=96&d=mm&r=g\",\"contentUrl\":\"https:\\\/\\\/secure.gravatar.com\\\/avatar\\\/?s=96&d=mm&r=g\",\"caption\":\"Inclusive\"},\"url\":\"https:\\\/\\\/inclusivenews.com.br\\\/?author=2\"}]}<\/script>\n<!-- \/ Yoast SEO plugin. -->","yoast_head_json":{"title":"Lula escreve ao III Congresso da ABLGBT -","robots":{"index":"index","follow":"follow","max-snippet":"max-snippet:-1","max-image-preview":"max-image-preview:large","max-video-preview":"max-video-preview:-1"},"canonical":"https:\/\/inclusivenews.com.br\/?p=7120","og_locale":"pt_PT","og_type":"article","og_title":"Lula escreve ao III Congresso da ABLGBT -","og_description":"&#8220;Senhoras e Senhores, Impossibilitado de atender o am\u00e1vel convite formulado pela Associa\u00e7\u00e3o Brasileira de Gays, L\u00e9sbicas, Bissexuais, Travestis e Transexuais, envio aos participantes deste congresso minha sauda\u00e7\u00e3o e algumas palavras de \u00e2nimo e incentivo. Reafirmo o que tod@s @s aqui presentes j\u00e1 sabem: eu e meu governo somos frontalmente contr\u00e1rios a toda a forma de [&hellip;]","og_url":"https:\/\/inclusivenews.com.br\/?p=7120","article_publisher":"https:\/\/www.facebook.com\/agenciainclusive\/","article_published_time":"2009-04-22T10:41:56+00:00","author":"Inclusive","twitter_card":"summary_large_image","twitter_misc":{"Escrito por":"Inclusive","Tempo estimado de leitura":"2 minutos"},"schema":{"@context":"https:\/\/schema.org","@graph":[{"@type":"Article","@id":"https:\/\/inclusivenews.com.br\/?p=7120#article","isPartOf":{"@id":"https:\/\/inclusivenews.com.br\/?p=7120"},"author":{"name":"Inclusive","@id":"https:\/\/inclusivenews.com.br\/#\/schema\/person\/0dab492019871b94abb65fa8ee7c8c44"},"headline":"Lula escreve ao III Congresso da ABLGBT","datePublished":"2009-04-22T10:41:56+00:00","mainEntityOfPage":{"@id":"https:\/\/inclusivenews.com.br\/?p=7120"},"wordCount":455,"commentCount":0,"publisher":{"@id":"https:\/\/inclusivenews.com.br\/#organization"},"articleSection":["DIREITOS HUMANOS","NOT\u00cdCIAS"],"inLanguage":"pt-PT","potentialAction":[{"@type":"CommentAction","name":"Comment","target":["https:\/\/inclusivenews.com.br\/?p=7120#respond"]}]},{"@type":"WebPage","@id":"https:\/\/inclusivenews.com.br\/?p=7120","url":"https:\/\/inclusivenews.com.br\/?p=7120","name":"Lula escreve ao III Congresso da ABLGBT -","isPartOf":{"@id":"https:\/\/inclusivenews.com.br\/#website"},"datePublished":"2009-04-22T10:41:56+00:00","breadcrumb":{"@id":"https:\/\/inclusivenews.com.br\/?p=7120#breadcrumb"},"inLanguage":"pt-PT","potentialAction":[{"@type":"ReadAction","target":["https:\/\/inclusivenews.com.br\/?p=7120"]}]},{"@type":"BreadcrumbList","@id":"https:\/\/inclusivenews.com.br\/?p=7120#breadcrumb","itemListElement":[{"@type":"ListItem","position":1,"name":"In\u00edcio","item":"https:\/\/inclusivenews.com.br\/"},{"@type":"ListItem","position":2,"name":"Lula escreve ao III Congresso da ABLGBT"}]},{"@type":"WebSite","@id":"https:\/\/inclusivenews.com.br\/#website","url":"https:\/\/inclusivenews.com.br\/","name":"Inclusive News","description":"Inclusive News","publisher":{"@id":"https:\/\/inclusivenews.com.br\/#organization"},"potentialAction":[{"@type":"SearchAction","target":{"@type":"EntryPoint","urlTemplate":"https:\/\/inclusivenews.com.br\/?s={search_term_string}"},"query-input":{"@type":"PropertyValueSpecification","valueRequired":true,"valueName":"search_term_string"}}],"inLanguage":"pt-PT"},{"@type":"Organization","@id":"https:\/\/inclusivenews.com.br\/#organization","name":"Inclusive - inclus\u00e3o e cidadania","url":"https:\/\/inclusivenews.com.br\/","logo":{"@type":"ImageObject","inLanguage":"pt-PT","@id":"https:\/\/inclusivenews.com.br\/#\/schema\/logo\/image\/","url":"https:\/\/inclusivenews.com.br\/wp-content\/uploads\/2024\/03\/@grandesite.png","contentUrl":"https:\/\/inclusivenews.com.br\/wp-content\/uploads\/2024\/03\/@grandesite.png","width":1080,"height":1080,"caption":"Inclusive - inclus\u00e3o e cidadania"},"image":{"@id":"https:\/\/inclusivenews.com.br\/#\/schema\/logo\/image\/"},"sameAs":["https:\/\/www.facebook.com\/agenciainclusive\/","https:\/\/www.instagram.com\/newsinclusive\/"]},{"@type":"Person","@id":"https:\/\/inclusivenews.com.br\/#\/schema\/person\/0dab492019871b94abb65fa8ee7c8c44","name":"Inclusive","image":{"@type":"ImageObject","inLanguage":"pt-PT","@id":"https:\/\/secure.gravatar.com\/avatar\/?s=96&d=mm&r=g","url":"https:\/\/secure.gravatar.com\/avatar\/?s=96&d=mm&r=g","contentUrl":"https:\/\/secure.gravatar.com\/avatar\/?s=96&d=mm&r=g","caption":"Inclusive"},"url":"https:\/\/inclusivenews.com.br\/?author=2"}]}},"_links":{"self":[{"href":"https:\/\/inclusivenews.com.br\/index.php?rest_route=\/wp\/v2\/posts\/7120","targetHints":{"allow":["GET"]}}],"collection":[{"href":"https:\/\/inclusivenews.com.br\/index.php?rest_route=\/wp\/v2\/posts"}],"about":[{"href":"https:\/\/inclusivenews.com.br\/index.php?rest_route=\/wp\/v2\/types\/post"}],"author":[{"embeddable":true,"href":"https:\/\/inclusivenews.com.br\/index.php?rest_route=\/wp\/v2\/users\/2"}],"replies":[{"embeddable":true,"href":"https:\/\/inclusivenews.com.br\/index.php?rest_route=%2Fwp%2Fv2%2Fcomments&post=7120"}],"version-history":[{"count":0,"href":"https:\/\/inclusivenews.com.br\/index.php?rest_route=\/wp\/v2\/posts\/7120\/revisions"}],"wp:attachment":[{"href":"https:\/\/inclusivenews.com.br\/index.php?rest_route=%2Fwp%2Fv2%2Fmedia&parent=7120"}],"wp:term":[{"taxonomy":"category","embeddable":true,"href":"https:\/\/inclusivenews.com.br\/index.php?rest_route=%2Fwp%2Fv2%2Fcategories&post=7120"},{"taxonomy":"post_tag","embeddable":true,"href":"https:\/\/inclusivenews.com.br\/index.php?rest_route=%2Fwp%2Fv2%2Ftags&post=7120"}],"curies":[{"name":"wp","href":"https:\/\/api.w.org\/{rel}","templated":true}]}}