{"id":7282,"date":"2009-04-29T14:31:53","date_gmt":"2009-04-29T14:31:53","guid":{"rendered":"http:\/\/agenciainclusive.wordpress.com\/?p=7282"},"modified":"2009-04-29T14:31:53","modified_gmt":"2009-04-29T14:31:53","slug":"mensagem-da-presidente-do-conade-pl-1122006","status":"publish","type":"post","link":"https:\/\/inclusivenews.com.br\/?p=7282","title":{"rendered":"Mensagem da presidente do CONADE-PL 112\/2006"},"content":{"rendered":"<p>Prezados(as) Senhores(as),<br \/>\n\u00a0<br \/>\n\u00a0<br \/>\nO Projeto de Lei n\u00ba 112\/2006, de autoria do Senador Jos\u00e9 Sarney, prop\u00f5e altera\u00e7\u00f5es e acr\u00e9scimos \u00e0s Leis n\u00ba 7.853\/89 (Lei da Pol\u00edtica Nacional); 8.213\/91 (Lei de Cotas); 8.666\/93 (Lei de Licita\u00e7\u00f5es) e 8.742\/93 (LOAS).<br \/>\n\u00a0<br \/>\nO PLS 112\/2006, entre outros dispositivos, faz uso inadequado das terminologias, reduz o percentual da cota de empregos p\u00fablicos para pessoas com defici\u00eancia na propor\u00e7\u00e3o\u00a0 m\u00ednima de 3%, assim como institui um \u00fanico percentual para as empresas privadas tamb\u00e9m de 3%, permitindo que a terceiriza\u00e7\u00e3o de m\u00e3o de obra possa ser considerada para fins do c\u00e1lculo da quota, o que distorce o real significado dessa pol\u00edtica de a\u00e7\u00e3o afirmativa como catalisadora do processo de inclus\u00e3o das pessoas com defici\u00eancia no mercado de trabalho.<br \/>\n\u00a0<br \/>\nO Projeto de Lei em quest\u00e3o j\u00e1 foi objeto de an\u00e1lise de nossa Comiss\u00e3o de An\u00e1lise, Elabora\u00e7\u00e3o e Acompanhamento de Atos Normativos, cujo parecer proferido em 28 de agosto de 2008, opinando pela n\u00e3o aprova\u00e7\u00e3o do projeto no m\u00e9rito, foi integralmente acolhido pelo plen\u00e1rio do Conselho Nacional dos Direitos da Pessoa Portadora de Defici\u00eancia , em 10 de setembro de 2008 , o qual reencaminhamos para conhecimento.<br \/>\n\u00a0<br \/>\nConsiderando que \u00e9 de interesse do segmento das pessoas com defici\u00eancia que n\u00e3o haja retrocesso em rela\u00e7\u00e3o aos direitos duramente conquistados, a participa\u00e7\u00e3o e a mobiliza\u00e7\u00e3o de todos \u00e9 fundamental!!! Entre em contato com os parlamentares do seu relacionamento e, tamb\u00e9m, envie um e-mail para os Senadores(as) da Comiss\u00e3o de Constitui\u00e7\u00e3o, Justi\u00e7a e Cidadania do Senado Federal pedindo que o PLS 112\/2006 seja retirado de pauta com o intuito de que o texto possa ser aperfei\u00e7oado a partir do di\u00e1logo sobre o tema, permitindo a participa\u00e7\u00e3o dos \u00f3rg\u00e3os e das entidades de defesa dos direitos das pessoas com defici\u00eancia. Os endere\u00e7os eletr\u00f4nicos est\u00e3o no arquivo anexo.<br \/>\n\u00a0<br \/>\nQuem puder, compare\u00e7a tamb\u00e9m\u00a0 hoje , dia 29 de abril de 2009, \u00e0s 10 :00\u00a0 horas , na sala de reuni\u00f5es da CCJ do Senado Federal, n\u00ba 3, da Ala Senador Alexandre Costa, Anexo II, para que juntos possamos pessoalmente levar esse pleito adiante. Estaremos com as camisetas da Campanha da Acessibilidade. Quem tiver tamb\u00e9m leve a sua para facilitar a nossa identifica\u00e7\u00e3o perante os Senadores e seus assessores.<br \/>\n\u00a0<br \/>\n\u00a0<br \/>\nAtenciosamente,<br \/>\n\u00a0<br \/>\n\u00a0<br \/>\nDenise Granja<br \/>\nPresidente do\u00a0 CONADE &#8211; Conselho Nacional dos Direitos da Pessoa Portadora de Defici\u00eancia<\/p>\n","protected":false},"excerpt":{"rendered":"<p>Prezados(as) Senhores(as), \u00a0 \u00a0 O Projeto de Lei n\u00ba 112\/2006, de autoria do Senador Jos\u00e9 Sarney, prop\u00f5e altera\u00e7\u00f5es e acr\u00e9scimos \u00e0s Leis n\u00ba 7.853\/89 (Lei da Pol\u00edtica Nacional); 8.213\/91 (Lei de Cotas); 8.666\/93 (Lei de Licita\u00e7\u00f5es) e 8.742\/93 (LOAS). \u00a0 O PLS 112\/2006, entre outros dispositivos, faz uso inadequado das terminologias, reduz o percentual da [&hellip;]<\/p>\n","protected":false},"author":2,"featured_media":0,"comment_status":"open","ping_status":"open","sticky":false,"template":"","format":"standard","meta":{"site-container-style":"default","site-container-layout":"default","site-sidebar-layout":"default","disable-article-header":"default","disable-site-header":"default","disable-site-footer":"default","disable-content-area-spacing":"default","footnotes":""},"categories":[3,4],"tags":[],"class_list":["post-7282","post","type-post","status-publish","format-standard","hentry","category-campanhas","category-noticias"],"yoast_head":"<!-- This site is optimized with the Yoast SEO plugin v27.4 - https:\/\/yoast.com\/product\/yoast-seo-wordpress\/ -->\n<title>Mensagem da presidente do CONADE-PL 112\/2006 -<\/title>\n<meta name=\"robots\" content=\"index, follow, max-snippet:-1, max-image-preview:large, max-video-preview:-1\" \/>\n<link rel=\"canonical\" href=\"https:\/\/inclusivenews.com.br\/?p=7282\" \/>\n<meta property=\"og:locale\" content=\"pt_PT\" \/>\n<meta property=\"og:type\" content=\"article\" \/>\n<meta property=\"og:title\" content=\"Mensagem da presidente do CONADE-PL 112\/2006 -\" \/>\n<meta property=\"og:description\" content=\"Prezados(as) Senhores(as), \u00a0 \u00a0 O Projeto de Lei n\u00ba 112\/2006, de autoria do Senador Jos\u00e9 Sarney, prop\u00f5e altera\u00e7\u00f5es e acr\u00e9scimos \u00e0s Leis n\u00ba 7.853\/89 (Lei da Pol\u00edtica Nacional); 8.213\/91 (Lei de Cotas); 8.666\/93 (Lei de Licita\u00e7\u00f5es) e 8.742\/93 (LOAS). \u00a0 O PLS 112\/2006, entre outros dispositivos, faz uso inadequado das terminologias, reduz o percentual da [&hellip;]\" \/>\n<meta property=\"og:url\" content=\"https:\/\/inclusivenews.com.br\/?p=7282\" \/>\n<meta property=\"article:publisher\" content=\"https:\/\/www.facebook.com\/agenciainclusive\/\" \/>\n<meta property=\"article:published_time\" content=\"2009-04-29T14:31:53+00:00\" \/>\n<meta name=\"author\" content=\"Inclusive\" \/>\n<meta name=\"twitter:card\" content=\"summary_large_image\" \/>\n<meta name=\"twitter:label1\" content=\"Escrito por\" \/>\n\t<meta name=\"twitter:data1\" content=\"Inclusive\" \/>\n\t<meta name=\"twitter:label2\" content=\"Tempo estimado de leitura\" \/>\n\t<meta name=\"twitter:data2\" content=\"2 minutos\" \/>\n<script type=\"application\/ld+json\" class=\"yoast-schema-graph\">{\"@context\":\"https:\\\/\\\/schema.org\",\"@graph\":[{\"@type\":\"Article\",\"@id\":\"https:\\\/\\\/inclusivenews.com.br\\\/?p=7282#article\",\"isPartOf\":{\"@id\":\"https:\\\/\\\/inclusivenews.com.br\\\/?p=7282\"},\"author\":{\"name\":\"Inclusive\",\"@id\":\"https:\\\/\\\/inclusivenews.com.br\\\/#\\\/schema\\\/person\\\/0dab492019871b94abb65fa8ee7c8c44\"},\"headline\":\"Mensagem da presidente do CONADE-PL 112\\\/2006\",\"datePublished\":\"2009-04-29T14:31:53+00:00\",\"mainEntityOfPage\":{\"@id\":\"https:\\\/\\\/inclusivenews.com.br\\\/?p=7282\"},\"wordCount\":412,\"commentCount\":0,\"publisher\":{\"@id\":\"https:\\\/\\\/inclusivenews.com.br\\\/#organization\"},\"articleSection\":[\"CAMPANHAS\",\"NOT\u00cdCIAS\"],\"inLanguage\":\"pt-PT\",\"potentialAction\":[{\"@type\":\"CommentAction\",\"name\":\"Comment\",\"target\":[\"https:\\\/\\\/inclusivenews.com.br\\\/?p=7282#respond\"]}]},{\"@type\":\"WebPage\",\"@id\":\"https:\\\/\\\/inclusivenews.com.br\\\/?p=7282\",\"url\":\"https:\\\/\\\/inclusivenews.com.br\\\/?p=7282\",\"name\":\"Mensagem da presidente do CONADE-PL 112\\\/2006 -\",\"isPartOf\":{\"@id\":\"https:\\\/\\\/inclusivenews.com.br\\\/#website\"},\"datePublished\":\"2009-04-29T14:31:53+00:00\",\"breadcrumb\":{\"@id\":\"https:\\\/\\\/inclusivenews.com.br\\\/?p=7282#breadcrumb\"},\"inLanguage\":\"pt-PT\",\"potentialAction\":[{\"@type\":\"ReadAction\",\"target\":[\"https:\\\/\\\/inclusivenews.com.br\\\/?p=7282\"]}]},{\"@type\":\"BreadcrumbList\",\"@id\":\"https:\\\/\\\/inclusivenews.com.br\\\/?p=7282#breadcrumb\",\"itemListElement\":[{\"@type\":\"ListItem\",\"position\":1,\"name\":\"In\u00edcio\",\"item\":\"https:\\\/\\\/inclusivenews.com.br\\\/\"},{\"@type\":\"ListItem\",\"position\":2,\"name\":\"Mensagem da presidente do CONADE-PL 112\\\/2006\"}]},{\"@type\":\"WebSite\",\"@id\":\"https:\\\/\\\/inclusivenews.com.br\\\/#website\",\"url\":\"https:\\\/\\\/inclusivenews.com.br\\\/\",\"name\":\"Inclusive News\",\"description\":\"Inclusive News\",\"publisher\":{\"@id\":\"https:\\\/\\\/inclusivenews.com.br\\\/#organization\"},\"potentialAction\":[{\"@type\":\"SearchAction\",\"target\":{\"@type\":\"EntryPoint\",\"urlTemplate\":\"https:\\\/\\\/inclusivenews.com.br\\\/?s={search_term_string}\"},\"query-input\":{\"@type\":\"PropertyValueSpecification\",\"valueRequired\":true,\"valueName\":\"search_term_string\"}}],\"inLanguage\":\"pt-PT\"},{\"@type\":\"Organization\",\"@id\":\"https:\\\/\\\/inclusivenews.com.br\\\/#organization\",\"name\":\"Inclusive - inclus\u00e3o e cidadania\",\"url\":\"https:\\\/\\\/inclusivenews.com.br\\\/\",\"logo\":{\"@type\":\"ImageObject\",\"inLanguage\":\"pt-PT\",\"@id\":\"https:\\\/\\\/inclusivenews.com.br\\\/#\\\/schema\\\/logo\\\/image\\\/\",\"url\":\"https:\\\/\\\/inclusivenews.com.br\\\/wp-content\\\/uploads\\\/2024\\\/03\\\/@grandesite.png\",\"contentUrl\":\"https:\\\/\\\/inclusivenews.com.br\\\/wp-content\\\/uploads\\\/2024\\\/03\\\/@grandesite.png\",\"width\":1080,\"height\":1080,\"caption\":\"Inclusive - inclus\u00e3o e cidadania\"},\"image\":{\"@id\":\"https:\\\/\\\/inclusivenews.com.br\\\/#\\\/schema\\\/logo\\\/image\\\/\"},\"sameAs\":[\"https:\\\/\\\/www.facebook.com\\\/agenciainclusive\\\/\",\"https:\\\/\\\/www.instagram.com\\\/newsinclusive\\\/\"]},{\"@type\":\"Person\",\"@id\":\"https:\\\/\\\/inclusivenews.com.br\\\/#\\\/schema\\\/person\\\/0dab492019871b94abb65fa8ee7c8c44\",\"name\":\"Inclusive\",\"image\":{\"@type\":\"ImageObject\",\"inLanguage\":\"pt-PT\",\"@id\":\"https:\\\/\\\/secure.gravatar.com\\\/avatar\\\/?s=96&d=mm&r=g\",\"url\":\"https:\\\/\\\/secure.gravatar.com\\\/avatar\\\/?s=96&d=mm&r=g\",\"contentUrl\":\"https:\\\/\\\/secure.gravatar.com\\\/avatar\\\/?s=96&d=mm&r=g\",\"caption\":\"Inclusive\"},\"url\":\"https:\\\/\\\/inclusivenews.com.br\\\/?author=2\"}]}<\/script>\n<!-- \/ Yoast SEO plugin. -->","yoast_head_json":{"title":"Mensagem da presidente do CONADE-PL 112\/2006 -","robots":{"index":"index","follow":"follow","max-snippet":"max-snippet:-1","max-image-preview":"max-image-preview:large","max-video-preview":"max-video-preview:-1"},"canonical":"https:\/\/inclusivenews.com.br\/?p=7282","og_locale":"pt_PT","og_type":"article","og_title":"Mensagem da presidente do CONADE-PL 112\/2006 -","og_description":"Prezados(as) Senhores(as), \u00a0 \u00a0 O Projeto de Lei n\u00ba 112\/2006, de autoria do Senador Jos\u00e9 Sarney, prop\u00f5e altera\u00e7\u00f5es e acr\u00e9scimos \u00e0s Leis n\u00ba 7.853\/89 (Lei da Pol\u00edtica Nacional); 8.213\/91 (Lei de Cotas); 8.666\/93 (Lei de Licita\u00e7\u00f5es) e 8.742\/93 (LOAS). \u00a0 O PLS 112\/2006, entre outros dispositivos, faz uso inadequado das terminologias, reduz o percentual da [&hellip;]","og_url":"https:\/\/inclusivenews.com.br\/?p=7282","article_publisher":"https:\/\/www.facebook.com\/agenciainclusive\/","article_published_time":"2009-04-29T14:31:53+00:00","author":"Inclusive","twitter_card":"summary_large_image","twitter_misc":{"Escrito por":"Inclusive","Tempo estimado de leitura":"2 minutos"},"schema":{"@context":"https:\/\/schema.org","@graph":[{"@type":"Article","@id":"https:\/\/inclusivenews.com.br\/?p=7282#article","isPartOf":{"@id":"https:\/\/inclusivenews.com.br\/?p=7282"},"author":{"name":"Inclusive","@id":"https:\/\/inclusivenews.com.br\/#\/schema\/person\/0dab492019871b94abb65fa8ee7c8c44"},"headline":"Mensagem da presidente do CONADE-PL 112\/2006","datePublished":"2009-04-29T14:31:53+00:00","mainEntityOfPage":{"@id":"https:\/\/inclusivenews.com.br\/?p=7282"},"wordCount":412,"commentCount":0,"publisher":{"@id":"https:\/\/inclusivenews.com.br\/#organization"},"articleSection":["CAMPANHAS","NOT\u00cdCIAS"],"inLanguage":"pt-PT","potentialAction":[{"@type":"CommentAction","name":"Comment","target":["https:\/\/inclusivenews.com.br\/?p=7282#respond"]}]},{"@type":"WebPage","@id":"https:\/\/inclusivenews.com.br\/?p=7282","url":"https:\/\/inclusivenews.com.br\/?p=7282","name":"Mensagem da presidente do CONADE-PL 112\/2006 -","isPartOf":{"@id":"https:\/\/inclusivenews.com.br\/#website"},"datePublished":"2009-04-29T14:31:53+00:00","breadcrumb":{"@id":"https:\/\/inclusivenews.com.br\/?p=7282#breadcrumb"},"inLanguage":"pt-PT","potentialAction":[{"@type":"ReadAction","target":["https:\/\/inclusivenews.com.br\/?p=7282"]}]},{"@type":"BreadcrumbList","@id":"https:\/\/inclusivenews.com.br\/?p=7282#breadcrumb","itemListElement":[{"@type":"ListItem","position":1,"name":"In\u00edcio","item":"https:\/\/inclusivenews.com.br\/"},{"@type":"ListItem","position":2,"name":"Mensagem da presidente do CONADE-PL 112\/2006"}]},{"@type":"WebSite","@id":"https:\/\/inclusivenews.com.br\/#website","url":"https:\/\/inclusivenews.com.br\/","name":"Inclusive News","description":"Inclusive News","publisher":{"@id":"https:\/\/inclusivenews.com.br\/#organization"},"potentialAction":[{"@type":"SearchAction","target":{"@type":"EntryPoint","urlTemplate":"https:\/\/inclusivenews.com.br\/?s={search_term_string}"},"query-input":{"@type":"PropertyValueSpecification","valueRequired":true,"valueName":"search_term_string"}}],"inLanguage":"pt-PT"},{"@type":"Organization","@id":"https:\/\/inclusivenews.com.br\/#organization","name":"Inclusive - inclus\u00e3o e cidadania","url":"https:\/\/inclusivenews.com.br\/","logo":{"@type":"ImageObject","inLanguage":"pt-PT","@id":"https:\/\/inclusivenews.com.br\/#\/schema\/logo\/image\/","url":"https:\/\/inclusivenews.com.br\/wp-content\/uploads\/2024\/03\/@grandesite.png","contentUrl":"https:\/\/inclusivenews.com.br\/wp-content\/uploads\/2024\/03\/@grandesite.png","width":1080,"height":1080,"caption":"Inclusive - inclus\u00e3o e cidadania"},"image":{"@id":"https:\/\/inclusivenews.com.br\/#\/schema\/logo\/image\/"},"sameAs":["https:\/\/www.facebook.com\/agenciainclusive\/","https:\/\/www.instagram.com\/newsinclusive\/"]},{"@type":"Person","@id":"https:\/\/inclusivenews.com.br\/#\/schema\/person\/0dab492019871b94abb65fa8ee7c8c44","name":"Inclusive","image":{"@type":"ImageObject","inLanguage":"pt-PT","@id":"https:\/\/secure.gravatar.com\/avatar\/?s=96&d=mm&r=g","url":"https:\/\/secure.gravatar.com\/avatar\/?s=96&d=mm&r=g","contentUrl":"https:\/\/secure.gravatar.com\/avatar\/?s=96&d=mm&r=g","caption":"Inclusive"},"url":"https:\/\/inclusivenews.com.br\/?author=2"}]}},"_links":{"self":[{"href":"https:\/\/inclusivenews.com.br\/index.php?rest_route=\/wp\/v2\/posts\/7282","targetHints":{"allow":["GET"]}}],"collection":[{"href":"https:\/\/inclusivenews.com.br\/index.php?rest_route=\/wp\/v2\/posts"}],"about":[{"href":"https:\/\/inclusivenews.com.br\/index.php?rest_route=\/wp\/v2\/types\/post"}],"author":[{"embeddable":true,"href":"https:\/\/inclusivenews.com.br\/index.php?rest_route=\/wp\/v2\/users\/2"}],"replies":[{"embeddable":true,"href":"https:\/\/inclusivenews.com.br\/index.php?rest_route=%2Fwp%2Fv2%2Fcomments&post=7282"}],"version-history":[{"count":0,"href":"https:\/\/inclusivenews.com.br\/index.php?rest_route=\/wp\/v2\/posts\/7282\/revisions"}],"wp:attachment":[{"href":"https:\/\/inclusivenews.com.br\/index.php?rest_route=%2Fwp%2Fv2%2Fmedia&parent=7282"}],"wp:term":[{"taxonomy":"category","embeddable":true,"href":"https:\/\/inclusivenews.com.br\/index.php?rest_route=%2Fwp%2Fv2%2Fcategories&post=7282"},{"taxonomy":"post_tag","embeddable":true,"href":"https:\/\/inclusivenews.com.br\/index.php?rest_route=%2Fwp%2Fv2%2Ftags&post=7282"}],"curies":[{"name":"wp","href":"https:\/\/api.w.org\/{rel}","templated":true}]}}