{"id":7290,"date":"2009-04-30T10:32:28","date_gmt":"2009-04-30T10:32:28","guid":{"rendered":"http:\/\/agenciainclusive.wordpress.com\/?p=7290"},"modified":"2009-04-30T10:32:28","modified_gmt":"2009-04-30T10:32:28","slug":"desempenho-de-escolas-estaduais-e-prejudicado-por-baixo-investimento-diz-ministro-da-educacao","status":"publish","type":"post","link":"https:\/\/inclusivenews.com.br\/?p=7290","title":{"rendered":"Desempenho de escolas estaduais \u00e9 prejudicado por baixo investimento, diz ministro da Educa\u00e7\u00e3o"},"content":{"rendered":"<p>O ministro da Educa\u00e7\u00e3o, Fernando Haddad, atribuiu \u00e0 insufici\u00eancia de investimentos o baixo desempenho de escolas da rede p\u00fablica estadual, em compara\u00e7\u00e3o \u00e0s escolas particulares, no Enem (Exame Nacional do Ensino M\u00e9dio) 2008. De acordo com dados do MEC (Minist\u00e9rio da Educa\u00e7\u00e3o), 89,9% dos col\u00e9gios estaduais tiraram notas inferiores \u00e0 m\u00e9dia nacional dos estudantes, de 50,52 pontos em 100.<\/p>\n<p>&#8220;A m\u00e9dia de investimento nos estados \u00e9 de R$ 1,5 mil por aluno por ano. Esse valor \u00e9 compar\u00e1vel ao de uma mensalidade escolar da rede privada&#8221;, afirmou. O ministro lembrou que os investimentos estaduais no ensino m\u00e9dio cresceram cerca de 50% acima da infla\u00e7\u00e3o, entre 2002 e 2007. &#8220;Mas ainda \u00e9 muito pouco.&#8221;<\/p>\n<p>\u00a0O que voc\u00ea achou do desempenho das escolas brasileiras no Enem?<\/p>\n<p>A m\u00e9dia das escolas federais, no entanto, equivale \u00e0 de pa\u00edses desenvolvidos. &#8220;Todas as escolas t\u00eam metas estabelecidas pelo PDE (Plano de Desenvolvimento da Educa\u00e7\u00e3o). As federais est\u00e3o muito pr\u00f3ximas da meta a ser alcan\u00e7ada em 2021. As estaduais est\u00e3o longe&#8221;, afirmou.<\/p>\n<p>Outra quest\u00e3o levantada pelo ministro \u00e9 a condi\u00e7\u00e3o s\u00f3cio-econ\u00f4mica dos estudantes. O ministro afirma que cerca de um ter\u00e7o dos brasileiros em idade escolar b\u00e1sica vive em condi\u00e7\u00f5es de pobreza, tem pais com pouca ou nenhuma escolaridade e sofre com problemas que interferem negativamente no desempenho escolar, como as migra\u00e7\u00f5es ou o trabalho infantil.<\/p>\n<p>Enem antigo n\u00e3o permite compara\u00e7\u00e3o<br \/>\nHaddad afirmou tamb\u00e9m que o modelo do Enem antigo n\u00e3o permite compara\u00e7\u00e3o de resultados no tempo e n\u00e3o engloba todo o curr\u00edculo do ensino m\u00e9dio. &#8220;N\u00e3o \u00e9 poss\u00edvel aferir melhorias com o atual modelo&#8221;, alertou.<\/p>\n<p>J\u00e1 o novo Enem, proposto pelo Minist\u00e9rio da Educa\u00e7\u00e3o, como alternativa aos vestibulares, permitir\u00e1 identificar se houve melhoria no desempenho dos alunos ao longo do tempo. &#8220;Hoje, a m\u00e9trica n\u00e3o \u00e9 a mesma entre as provas. O novo Enem ter\u00e1 uma nova tecnologia que permitir\u00e1 a comparabilidade e a orienta\u00e7\u00e3o do curr\u00edculo do ensino m\u00e9dio&#8221;, explicou.<\/p>\n<p>* Com informa\u00e7\u00f5es da Assessoria de Imprensa do MEC<\/p>\n","protected":false},"excerpt":{"rendered":"<p>O ministro da Educa\u00e7\u00e3o, Fernando Haddad, atribuiu \u00e0 insufici\u00eancia de investimentos o baixo desempenho de escolas da rede p\u00fablica estadual, em compara\u00e7\u00e3o \u00e0s escolas particulares, no Enem (Exame Nacional do Ensino M\u00e9dio) 2008. De acordo com dados do MEC (Minist\u00e9rio da Educa\u00e7\u00e3o), 89,9% dos col\u00e9gios estaduais tiraram notas inferiores \u00e0 m\u00e9dia nacional dos estudantes, de [&hellip;]<\/p>\n","protected":false},"author":2,"featured_media":0,"comment_status":"open","ping_status":"open","sticky":false,"template":"","format":"standard","meta":{"site-container-style":"default","site-container-layout":"default","site-sidebar-layout":"default","disable-article-header":"default","disable-site-header":"default","disable-site-footer":"default","disable-content-area-spacing":"default","footnotes":""},"categories":[4],"tags":[],"class_list":["post-7290","post","type-post","status-publish","format-standard","hentry","category-noticias"],"yoast_head":"<!-- This site is optimized with the Yoast SEO plugin v27.4 - https:\/\/yoast.com\/product\/yoast-seo-wordpress\/ -->\n<title>Desempenho de escolas estaduais \u00e9 prejudicado por baixo investimento, diz ministro da Educa\u00e7\u00e3o -<\/title>\n<meta name=\"robots\" content=\"index, follow, max-snippet:-1, max-image-preview:large, max-video-preview:-1\" \/>\n<link rel=\"canonical\" href=\"https:\/\/inclusivenews.com.br\/?p=7290\" \/>\n<meta property=\"og:locale\" content=\"pt_PT\" \/>\n<meta property=\"og:type\" content=\"article\" \/>\n<meta property=\"og:title\" content=\"Desempenho de escolas estaduais \u00e9 prejudicado por baixo investimento, diz ministro da Educa\u00e7\u00e3o -\" \/>\n<meta property=\"og:description\" content=\"O ministro da Educa\u00e7\u00e3o, Fernando Haddad, atribuiu \u00e0 insufici\u00eancia de investimentos o baixo desempenho de escolas da rede p\u00fablica estadual, em compara\u00e7\u00e3o \u00e0s escolas particulares, no Enem (Exame Nacional do Ensino M\u00e9dio) 2008. De acordo com dados do MEC (Minist\u00e9rio da Educa\u00e7\u00e3o), 89,9% dos col\u00e9gios estaduais tiraram notas inferiores \u00e0 m\u00e9dia nacional dos estudantes, de [&hellip;]\" \/>\n<meta property=\"og:url\" content=\"https:\/\/inclusivenews.com.br\/?p=7290\" \/>\n<meta property=\"article:publisher\" content=\"https:\/\/www.facebook.com\/agenciainclusive\/\" \/>\n<meta property=\"article:published_time\" content=\"2009-04-30T10:32:28+00:00\" \/>\n<meta name=\"author\" content=\"Inclusive\" \/>\n<meta name=\"twitter:card\" content=\"summary_large_image\" \/>\n<meta name=\"twitter:label1\" content=\"Escrito por\" \/>\n\t<meta name=\"twitter:data1\" content=\"Inclusive\" \/>\n\t<meta name=\"twitter:label2\" content=\"Tempo estimado de leitura\" \/>\n\t<meta name=\"twitter:data2\" content=\"2 minutos\" \/>\n<script type=\"application\/ld+json\" class=\"yoast-schema-graph\">{\"@context\":\"https:\\\/\\\/schema.org\",\"@graph\":[{\"@type\":\"Article\",\"@id\":\"https:\\\/\\\/inclusivenews.com.br\\\/?p=7290#article\",\"isPartOf\":{\"@id\":\"https:\\\/\\\/inclusivenews.com.br\\\/?p=7290\"},\"author\":{\"name\":\"Inclusive\",\"@id\":\"https:\\\/\\\/inclusivenews.com.br\\\/#\\\/schema\\\/person\\\/0dab492019871b94abb65fa8ee7c8c44\"},\"headline\":\"Desempenho de escolas estaduais \u00e9 prejudicado por baixo investimento, diz ministro da Educa\u00e7\u00e3o\",\"datePublished\":\"2009-04-30T10:32:28+00:00\",\"mainEntityOfPage\":{\"@id\":\"https:\\\/\\\/inclusivenews.com.br\\\/?p=7290\"},\"wordCount\":366,\"commentCount\":0,\"publisher\":{\"@id\":\"https:\\\/\\\/inclusivenews.com.br\\\/#organization\"},\"articleSection\":[\"NOT\u00cdCIAS\"],\"inLanguage\":\"pt-PT\",\"potentialAction\":[{\"@type\":\"CommentAction\",\"name\":\"Comment\",\"target\":[\"https:\\\/\\\/inclusivenews.com.br\\\/?p=7290#respond\"]}]},{\"@type\":\"WebPage\",\"@id\":\"https:\\\/\\\/inclusivenews.com.br\\\/?p=7290\",\"url\":\"https:\\\/\\\/inclusivenews.com.br\\\/?p=7290\",\"name\":\"Desempenho de escolas estaduais \u00e9 prejudicado por baixo investimento, diz ministro da Educa\u00e7\u00e3o -\",\"isPartOf\":{\"@id\":\"https:\\\/\\\/inclusivenews.com.br\\\/#website\"},\"datePublished\":\"2009-04-30T10:32:28+00:00\",\"breadcrumb\":{\"@id\":\"https:\\\/\\\/inclusivenews.com.br\\\/?p=7290#breadcrumb\"},\"inLanguage\":\"pt-PT\",\"potentialAction\":[{\"@type\":\"ReadAction\",\"target\":[\"https:\\\/\\\/inclusivenews.com.br\\\/?p=7290\"]}]},{\"@type\":\"BreadcrumbList\",\"@id\":\"https:\\\/\\\/inclusivenews.com.br\\\/?p=7290#breadcrumb\",\"itemListElement\":[{\"@type\":\"ListItem\",\"position\":1,\"name\":\"In\u00edcio\",\"item\":\"https:\\\/\\\/inclusivenews.com.br\\\/\"},{\"@type\":\"ListItem\",\"position\":2,\"name\":\"Desempenho de escolas estaduais \u00e9 prejudicado por baixo investimento, diz ministro da Educa\u00e7\u00e3o\"}]},{\"@type\":\"WebSite\",\"@id\":\"https:\\\/\\\/inclusivenews.com.br\\\/#website\",\"url\":\"https:\\\/\\\/inclusivenews.com.br\\\/\",\"name\":\"Inclusive News\",\"description\":\"Inclusive News\",\"publisher\":{\"@id\":\"https:\\\/\\\/inclusivenews.com.br\\\/#organization\"},\"potentialAction\":[{\"@type\":\"SearchAction\",\"target\":{\"@type\":\"EntryPoint\",\"urlTemplate\":\"https:\\\/\\\/inclusivenews.com.br\\\/?s={search_term_string}\"},\"query-input\":{\"@type\":\"PropertyValueSpecification\",\"valueRequired\":true,\"valueName\":\"search_term_string\"}}],\"inLanguage\":\"pt-PT\"},{\"@type\":\"Organization\",\"@id\":\"https:\\\/\\\/inclusivenews.com.br\\\/#organization\",\"name\":\"Inclusive - inclus\u00e3o e cidadania\",\"url\":\"https:\\\/\\\/inclusivenews.com.br\\\/\",\"logo\":{\"@type\":\"ImageObject\",\"inLanguage\":\"pt-PT\",\"@id\":\"https:\\\/\\\/inclusivenews.com.br\\\/#\\\/schema\\\/logo\\\/image\\\/\",\"url\":\"https:\\\/\\\/inclusivenews.com.br\\\/wp-content\\\/uploads\\\/2024\\\/03\\\/@grandesite.png\",\"contentUrl\":\"https:\\\/\\\/inclusivenews.com.br\\\/wp-content\\\/uploads\\\/2024\\\/03\\\/@grandesite.png\",\"width\":1080,\"height\":1080,\"caption\":\"Inclusive - inclus\u00e3o e cidadania\"},\"image\":{\"@id\":\"https:\\\/\\\/inclusivenews.com.br\\\/#\\\/schema\\\/logo\\\/image\\\/\"},\"sameAs\":[\"https:\\\/\\\/www.facebook.com\\\/agenciainclusive\\\/\",\"https:\\\/\\\/www.instagram.com\\\/newsinclusive\\\/\"]},{\"@type\":\"Person\",\"@id\":\"https:\\\/\\\/inclusivenews.com.br\\\/#\\\/schema\\\/person\\\/0dab492019871b94abb65fa8ee7c8c44\",\"name\":\"Inclusive\",\"image\":{\"@type\":\"ImageObject\",\"inLanguage\":\"pt-PT\",\"@id\":\"https:\\\/\\\/secure.gravatar.com\\\/avatar\\\/?s=96&d=mm&r=g\",\"url\":\"https:\\\/\\\/secure.gravatar.com\\\/avatar\\\/?s=96&d=mm&r=g\",\"contentUrl\":\"https:\\\/\\\/secure.gravatar.com\\\/avatar\\\/?s=96&d=mm&r=g\",\"caption\":\"Inclusive\"},\"url\":\"https:\\\/\\\/inclusivenews.com.br\\\/?author=2\"}]}<\/script>\n<!-- \/ Yoast SEO plugin. -->","yoast_head_json":{"title":"Desempenho de escolas estaduais \u00e9 prejudicado por baixo investimento, diz ministro da Educa\u00e7\u00e3o -","robots":{"index":"index","follow":"follow","max-snippet":"max-snippet:-1","max-image-preview":"max-image-preview:large","max-video-preview":"max-video-preview:-1"},"canonical":"https:\/\/inclusivenews.com.br\/?p=7290","og_locale":"pt_PT","og_type":"article","og_title":"Desempenho de escolas estaduais \u00e9 prejudicado por baixo investimento, diz ministro da Educa\u00e7\u00e3o -","og_description":"O ministro da Educa\u00e7\u00e3o, Fernando Haddad, atribuiu \u00e0 insufici\u00eancia de investimentos o baixo desempenho de escolas da rede p\u00fablica estadual, em compara\u00e7\u00e3o \u00e0s escolas particulares, no Enem (Exame Nacional do Ensino M\u00e9dio) 2008. De acordo com dados do MEC (Minist\u00e9rio da Educa\u00e7\u00e3o), 89,9% dos col\u00e9gios estaduais tiraram notas inferiores \u00e0 m\u00e9dia nacional dos estudantes, de [&hellip;]","og_url":"https:\/\/inclusivenews.com.br\/?p=7290","article_publisher":"https:\/\/www.facebook.com\/agenciainclusive\/","article_published_time":"2009-04-30T10:32:28+00:00","author":"Inclusive","twitter_card":"summary_large_image","twitter_misc":{"Escrito por":"Inclusive","Tempo estimado de leitura":"2 minutos"},"schema":{"@context":"https:\/\/schema.org","@graph":[{"@type":"Article","@id":"https:\/\/inclusivenews.com.br\/?p=7290#article","isPartOf":{"@id":"https:\/\/inclusivenews.com.br\/?p=7290"},"author":{"name":"Inclusive","@id":"https:\/\/inclusivenews.com.br\/#\/schema\/person\/0dab492019871b94abb65fa8ee7c8c44"},"headline":"Desempenho de escolas estaduais \u00e9 prejudicado por baixo investimento, diz ministro da Educa\u00e7\u00e3o","datePublished":"2009-04-30T10:32:28+00:00","mainEntityOfPage":{"@id":"https:\/\/inclusivenews.com.br\/?p=7290"},"wordCount":366,"commentCount":0,"publisher":{"@id":"https:\/\/inclusivenews.com.br\/#organization"},"articleSection":["NOT\u00cdCIAS"],"inLanguage":"pt-PT","potentialAction":[{"@type":"CommentAction","name":"Comment","target":["https:\/\/inclusivenews.com.br\/?p=7290#respond"]}]},{"@type":"WebPage","@id":"https:\/\/inclusivenews.com.br\/?p=7290","url":"https:\/\/inclusivenews.com.br\/?p=7290","name":"Desempenho de escolas estaduais \u00e9 prejudicado por baixo investimento, diz ministro da Educa\u00e7\u00e3o -","isPartOf":{"@id":"https:\/\/inclusivenews.com.br\/#website"},"datePublished":"2009-04-30T10:32:28+00:00","breadcrumb":{"@id":"https:\/\/inclusivenews.com.br\/?p=7290#breadcrumb"},"inLanguage":"pt-PT","potentialAction":[{"@type":"ReadAction","target":["https:\/\/inclusivenews.com.br\/?p=7290"]}]},{"@type":"BreadcrumbList","@id":"https:\/\/inclusivenews.com.br\/?p=7290#breadcrumb","itemListElement":[{"@type":"ListItem","position":1,"name":"In\u00edcio","item":"https:\/\/inclusivenews.com.br\/"},{"@type":"ListItem","position":2,"name":"Desempenho de escolas estaduais \u00e9 prejudicado por baixo investimento, diz ministro da Educa\u00e7\u00e3o"}]},{"@type":"WebSite","@id":"https:\/\/inclusivenews.com.br\/#website","url":"https:\/\/inclusivenews.com.br\/","name":"Inclusive News","description":"Inclusive News","publisher":{"@id":"https:\/\/inclusivenews.com.br\/#organization"},"potentialAction":[{"@type":"SearchAction","target":{"@type":"EntryPoint","urlTemplate":"https:\/\/inclusivenews.com.br\/?s={search_term_string}"},"query-input":{"@type":"PropertyValueSpecification","valueRequired":true,"valueName":"search_term_string"}}],"inLanguage":"pt-PT"},{"@type":"Organization","@id":"https:\/\/inclusivenews.com.br\/#organization","name":"Inclusive - inclus\u00e3o e cidadania","url":"https:\/\/inclusivenews.com.br\/","logo":{"@type":"ImageObject","inLanguage":"pt-PT","@id":"https:\/\/inclusivenews.com.br\/#\/schema\/logo\/image\/","url":"https:\/\/inclusivenews.com.br\/wp-content\/uploads\/2024\/03\/@grandesite.png","contentUrl":"https:\/\/inclusivenews.com.br\/wp-content\/uploads\/2024\/03\/@grandesite.png","width":1080,"height":1080,"caption":"Inclusive - inclus\u00e3o e cidadania"},"image":{"@id":"https:\/\/inclusivenews.com.br\/#\/schema\/logo\/image\/"},"sameAs":["https:\/\/www.facebook.com\/agenciainclusive\/","https:\/\/www.instagram.com\/newsinclusive\/"]},{"@type":"Person","@id":"https:\/\/inclusivenews.com.br\/#\/schema\/person\/0dab492019871b94abb65fa8ee7c8c44","name":"Inclusive","image":{"@type":"ImageObject","inLanguage":"pt-PT","@id":"https:\/\/secure.gravatar.com\/avatar\/?s=96&d=mm&r=g","url":"https:\/\/secure.gravatar.com\/avatar\/?s=96&d=mm&r=g","contentUrl":"https:\/\/secure.gravatar.com\/avatar\/?s=96&d=mm&r=g","caption":"Inclusive"},"url":"https:\/\/inclusivenews.com.br\/?author=2"}]}},"_links":{"self":[{"href":"https:\/\/inclusivenews.com.br\/index.php?rest_route=\/wp\/v2\/posts\/7290","targetHints":{"allow":["GET"]}}],"collection":[{"href":"https:\/\/inclusivenews.com.br\/index.php?rest_route=\/wp\/v2\/posts"}],"about":[{"href":"https:\/\/inclusivenews.com.br\/index.php?rest_route=\/wp\/v2\/types\/post"}],"author":[{"embeddable":true,"href":"https:\/\/inclusivenews.com.br\/index.php?rest_route=\/wp\/v2\/users\/2"}],"replies":[{"embeddable":true,"href":"https:\/\/inclusivenews.com.br\/index.php?rest_route=%2Fwp%2Fv2%2Fcomments&post=7290"}],"version-history":[{"count":0,"href":"https:\/\/inclusivenews.com.br\/index.php?rest_route=\/wp\/v2\/posts\/7290\/revisions"}],"wp:attachment":[{"href":"https:\/\/inclusivenews.com.br\/index.php?rest_route=%2Fwp%2Fv2%2Fmedia&parent=7290"}],"wp:term":[{"taxonomy":"category","embeddable":true,"href":"https:\/\/inclusivenews.com.br\/index.php?rest_route=%2Fwp%2Fv2%2Fcategories&post=7290"},{"taxonomy":"post_tag","embeddable":true,"href":"https:\/\/inclusivenews.com.br\/index.php?rest_route=%2Fwp%2Fv2%2Ftags&post=7290"}],"curies":[{"name":"wp","href":"https:\/\/api.w.org\/{rel}","templated":true}]}}