{"id":7315,"date":"2009-04-30T11:23:30","date_gmt":"2009-04-30T11:23:30","guid":{"rendered":"http:\/\/agenciainclusive.wordpress.com\/?p=7315"},"modified":"2009-04-30T11:23:30","modified_gmt":"2009-04-30T11:23:30","slug":"cartilha-aborda-direito-humano-a-educacao","status":"publish","type":"post","link":"https:\/\/inclusivenews.com.br\/?p=7315","title":{"rendered":"Cartilha aborda Direito Humano \u00e0 Educa\u00e7\u00e3o"},"content":{"rendered":"<figure id=\"attachment_2690\" aria-describedby=\"caption-attachment-2690\" style=\"width: 188px\" class=\"wp-caption alignnone\"><img loading=\"lazy\" decoding=\"async\" class=\"size-full wp-image-2690\" title=\"acao_educativa\" src=\"http:\/\/agenciainclusive.files.wordpress.com\/2008\/12\/acao_educativa.jpg\" alt=\"acao_educativa\" width=\"188\" height=\"67\" \/><figcaption id=\"caption-attachment-2690\" class=\"wp-caption-text\">Descri\u00e7\u00e3o do logotipo: ilustra\u00e7\u00e3o dividida em quatro partes, onde aparecem duas pessoas e dois s\u00edmbolos abstratos.<\/figcaption><\/figure>\n<p>Publica\u00e7\u00e3o \u00e9 fruto da parceria entre a A\u00e7\u00e3o Educativa e da Plataforma Dhesca Brasil e re\u00fane informa\u00e7\u00f5es sobre o direito e sobre como lutar pela sua implementa\u00e7\u00e3o. Distribui\u00e7\u00e3o \u00e9 gratuita.<\/p>\n<p>A A\u00e7\u00e3o Educativa acaba de lan\u00e7ar, em parceria com a Plataforma Dhesca Brasil uma cartilha sobre o direito humano \u00e0 educa\u00e7\u00e3o. As organiza\u00e7\u00f5es, ap\u00f3s anos de trabalho, sentiram a necessidade de ter um documento comum, de ampla divulga\u00e7\u00e3o e f\u00e1cil acesso, que sistematize seus conhecimentos e aponte caminhos para que os direitos humanos sejam realmente agregados \u00e0s dimens\u00f5es f\u00edsicas e concretas da vida de todos.<\/p>\n<p>\u201cNossa inten\u00e7\u00e3o foi reunir em um documento sint\u00e9tico as informa\u00e7\u00f5es mais relevantes sobre o conte\u00fado do direito e as formas de lutar por ele e de fortalecer a luta pela sua implementa\u00e7\u00e3o\u201d, afirma o advogado Salom\u00e3o Ximenes, coordenador do programa A\u00e7\u00e3o na Justi\u00e7a, da A\u00e7\u00e3o Educativa, respons\u00e1vel pela edi\u00e7\u00e3o da publica\u00e7\u00e3o.<\/p>\n<p>A obra faz parte de uma s\u00e9rie com seis publica\u00e7\u00f5es, organizadas pela Plataforma Dhesca Brasil sobre outros direitos, como alimenta\u00e7\u00e3o e terra rural, educa\u00e7\u00e3o, meio ambiente, moradia e terra urbana, sa\u00fade e trabalho, em que s\u00e3o apresentadas experi\u00eancias e saberes proporcionados pelo trabalho das Relatorias Nacionais em Dhesca, iniciado em 2002, e que j\u00e1 esteve em 22 estados brasileiros, com mais de 100 miss\u00f5es realizadas.<\/p>\n<p>A cartilha est\u00e1 dispon\u00edvel para <a href=\"http:\/\/www.acaoeducativa.org.br\/portal\/index.php?option=com_booklibrary&amp;task=view&amp;catid=29&amp;id=137&amp;Itemid=124\" target=\"_blank\" rel=\"noopener\">download gratuito neste link<\/a> e sua vers\u00e3o impressa pode ser adquirida gratuitamente. Para saber como, escreva para <a href=\"mailto:geusilene.costa@acaoeducativa.org\">geusilene.costa@acaoeducativa.org<\/a> ou entre em contato com a A\u00e7\u00e3o Educativa no telefone (11) 3151-2333 ramal 103.<\/p>\n","protected":false},"excerpt":{"rendered":"<p>Publica\u00e7\u00e3o \u00e9 fruto da parceria entre a A\u00e7\u00e3o Educativa e da Plataforma Dhesca Brasil e re\u00fane informa\u00e7\u00f5es sobre o direito e sobre como lutar pela sua implementa\u00e7\u00e3o. Distribui\u00e7\u00e3o \u00e9 gratuita. A A\u00e7\u00e3o Educativa acaba de lan\u00e7ar, em parceria com a Plataforma Dhesca Brasil uma cartilha sobre o direito humano \u00e0 educa\u00e7\u00e3o. As organiza\u00e7\u00f5es, ap\u00f3s anos [&hellip;]<\/p>\n","protected":false},"author":2,"featured_media":0,"comment_status":"open","ping_status":"open","sticky":false,"template":"","format":"standard","meta":{"site-container-style":"default","site-container-layout":"default","site-sidebar-layout":"default","disable-article-header":"default","disable-site-header":"default","disable-site-footer":"default","disable-content-area-spacing":"default","footnotes":""},"categories":[10],"tags":[],"class_list":["post-7315","post","type-post","status-publish","format-standard","hentry","category-publicacoes"],"yoast_head":"<!-- This site is optimized with the Yoast SEO plugin v27.4 - https:\/\/yoast.com\/product\/yoast-seo-wordpress\/ -->\n<title>Cartilha aborda Direito Humano \u00e0 Educa\u00e7\u00e3o -<\/title>\n<meta name=\"robots\" content=\"index, follow, max-snippet:-1, max-image-preview:large, max-video-preview:-1\" \/>\n<link rel=\"canonical\" href=\"https:\/\/inclusivenews.com.br\/?p=7315\" \/>\n<meta property=\"og:locale\" content=\"pt_PT\" \/>\n<meta property=\"og:type\" content=\"article\" \/>\n<meta property=\"og:title\" content=\"Cartilha aborda Direito Humano \u00e0 Educa\u00e7\u00e3o -\" \/>\n<meta property=\"og:description\" content=\"Publica\u00e7\u00e3o \u00e9 fruto da parceria entre a A\u00e7\u00e3o Educativa e da Plataforma Dhesca Brasil e re\u00fane informa\u00e7\u00f5es sobre o direito e sobre como lutar pela sua implementa\u00e7\u00e3o. Distribui\u00e7\u00e3o \u00e9 gratuita. A A\u00e7\u00e3o Educativa acaba de lan\u00e7ar, em parceria com a Plataforma Dhesca Brasil uma cartilha sobre o direito humano \u00e0 educa\u00e7\u00e3o. As organiza\u00e7\u00f5es, ap\u00f3s anos [&hellip;]\" \/>\n<meta property=\"og:url\" content=\"https:\/\/inclusivenews.com.br\/?p=7315\" \/>\n<meta property=\"article:publisher\" content=\"https:\/\/www.facebook.com\/agenciainclusive\/\" \/>\n<meta property=\"article:published_time\" content=\"2009-04-30T11:23:30+00:00\" \/>\n<meta property=\"og:image\" content=\"http:\/\/agenciainclusive.files.wordpress.com\/2008\/12\/acao_educativa.jpg\" \/>\n<meta name=\"author\" content=\"Inclusive\" \/>\n<meta name=\"twitter:card\" content=\"summary_large_image\" \/>\n<meta name=\"twitter:label1\" content=\"Escrito por\" \/>\n\t<meta name=\"twitter:data1\" content=\"Inclusive\" \/>\n\t<meta name=\"twitter:label2\" content=\"Tempo estimado de leitura\" \/>\n\t<meta name=\"twitter:data2\" content=\"2 minutos\" \/>\n<script type=\"application\/ld+json\" class=\"yoast-schema-graph\">{\"@context\":\"https:\\\/\\\/schema.org\",\"@graph\":[{\"@type\":\"Article\",\"@id\":\"https:\\\/\\\/inclusivenews.com.br\\\/?p=7315#article\",\"isPartOf\":{\"@id\":\"https:\\\/\\\/inclusivenews.com.br\\\/?p=7315\"},\"author\":{\"name\":\"Inclusive\",\"@id\":\"https:\\\/\\\/inclusivenews.com.br\\\/#\\\/schema\\\/person\\\/0dab492019871b94abb65fa8ee7c8c44\"},\"headline\":\"Cartilha aborda Direito Humano \u00e0 Educa\u00e7\u00e3o\",\"datePublished\":\"2009-04-30T11:23:30+00:00\",\"mainEntityOfPage\":{\"@id\":\"https:\\\/\\\/inclusivenews.com.br\\\/?p=7315\"},\"wordCount\":314,\"commentCount\":0,\"publisher\":{\"@id\":\"https:\\\/\\\/inclusivenews.com.br\\\/#organization\"},\"image\":{\"@id\":\"https:\\\/\\\/inclusivenews.com.br\\\/?p=7315#primaryimage\"},\"thumbnailUrl\":\"http:\\\/\\\/agenciainclusive.files.wordpress.com\\\/2008\\\/12\\\/acao_educativa.jpg\",\"articleSection\":[\"PUBLICA\u00c7\u00d5ES\"],\"inLanguage\":\"pt-PT\",\"potentialAction\":[{\"@type\":\"CommentAction\",\"name\":\"Comment\",\"target\":[\"https:\\\/\\\/inclusivenews.com.br\\\/?p=7315#respond\"]}]},{\"@type\":\"WebPage\",\"@id\":\"https:\\\/\\\/inclusivenews.com.br\\\/?p=7315\",\"url\":\"https:\\\/\\\/inclusivenews.com.br\\\/?p=7315\",\"name\":\"Cartilha aborda Direito Humano \u00e0 Educa\u00e7\u00e3o -\",\"isPartOf\":{\"@id\":\"https:\\\/\\\/inclusivenews.com.br\\\/#website\"},\"primaryImageOfPage\":{\"@id\":\"https:\\\/\\\/inclusivenews.com.br\\\/?p=7315#primaryimage\"},\"image\":{\"@id\":\"https:\\\/\\\/inclusivenews.com.br\\\/?p=7315#primaryimage\"},\"thumbnailUrl\":\"http:\\\/\\\/agenciainclusive.files.wordpress.com\\\/2008\\\/12\\\/acao_educativa.jpg\",\"datePublished\":\"2009-04-30T11:23:30+00:00\",\"breadcrumb\":{\"@id\":\"https:\\\/\\\/inclusivenews.com.br\\\/?p=7315#breadcrumb\"},\"inLanguage\":\"pt-PT\",\"potentialAction\":[{\"@type\":\"ReadAction\",\"target\":[\"https:\\\/\\\/inclusivenews.com.br\\\/?p=7315\"]}]},{\"@type\":\"ImageObject\",\"inLanguage\":\"pt-PT\",\"@id\":\"https:\\\/\\\/inclusivenews.com.br\\\/?p=7315#primaryimage\",\"url\":\"http:\\\/\\\/agenciainclusive.files.wordpress.com\\\/2008\\\/12\\\/acao_educativa.jpg\",\"contentUrl\":\"http:\\\/\\\/agenciainclusive.files.wordpress.com\\\/2008\\\/12\\\/acao_educativa.jpg\"},{\"@type\":\"BreadcrumbList\",\"@id\":\"https:\\\/\\\/inclusivenews.com.br\\\/?p=7315#breadcrumb\",\"itemListElement\":[{\"@type\":\"ListItem\",\"position\":1,\"name\":\"In\u00edcio\",\"item\":\"https:\\\/\\\/inclusivenews.com.br\\\/\"},{\"@type\":\"ListItem\",\"position\":2,\"name\":\"Cartilha aborda Direito Humano \u00e0 Educa\u00e7\u00e3o\"}]},{\"@type\":\"WebSite\",\"@id\":\"https:\\\/\\\/inclusivenews.com.br\\\/#website\",\"url\":\"https:\\\/\\\/inclusivenews.com.br\\\/\",\"name\":\"Inclusive News\",\"description\":\"Inclusive News\",\"publisher\":{\"@id\":\"https:\\\/\\\/inclusivenews.com.br\\\/#organization\"},\"potentialAction\":[{\"@type\":\"SearchAction\",\"target\":{\"@type\":\"EntryPoint\",\"urlTemplate\":\"https:\\\/\\\/inclusivenews.com.br\\\/?s={search_term_string}\"},\"query-input\":{\"@type\":\"PropertyValueSpecification\",\"valueRequired\":true,\"valueName\":\"search_term_string\"}}],\"inLanguage\":\"pt-PT\"},{\"@type\":\"Organization\",\"@id\":\"https:\\\/\\\/inclusivenews.com.br\\\/#organization\",\"name\":\"Inclusive - inclus\u00e3o e cidadania\",\"url\":\"https:\\\/\\\/inclusivenews.com.br\\\/\",\"logo\":{\"@type\":\"ImageObject\",\"inLanguage\":\"pt-PT\",\"@id\":\"https:\\\/\\\/inclusivenews.com.br\\\/#\\\/schema\\\/logo\\\/image\\\/\",\"url\":\"https:\\\/\\\/inclusivenews.com.br\\\/wp-content\\\/uploads\\\/2024\\\/03\\\/@grandesite.png\",\"contentUrl\":\"https:\\\/\\\/inclusivenews.com.br\\\/wp-content\\\/uploads\\\/2024\\\/03\\\/@grandesite.png\",\"width\":1080,\"height\":1080,\"caption\":\"Inclusive - inclus\u00e3o e cidadania\"},\"image\":{\"@id\":\"https:\\\/\\\/inclusivenews.com.br\\\/#\\\/schema\\\/logo\\\/image\\\/\"},\"sameAs\":[\"https:\\\/\\\/www.facebook.com\\\/agenciainclusive\\\/\",\"https:\\\/\\\/www.instagram.com\\\/newsinclusive\\\/\"]},{\"@type\":\"Person\",\"@id\":\"https:\\\/\\\/inclusivenews.com.br\\\/#\\\/schema\\\/person\\\/0dab492019871b94abb65fa8ee7c8c44\",\"name\":\"Inclusive\",\"image\":{\"@type\":\"ImageObject\",\"inLanguage\":\"pt-PT\",\"@id\":\"https:\\\/\\\/secure.gravatar.com\\\/avatar\\\/?s=96&d=mm&r=g\",\"url\":\"https:\\\/\\\/secure.gravatar.com\\\/avatar\\\/?s=96&d=mm&r=g\",\"contentUrl\":\"https:\\\/\\\/secure.gravatar.com\\\/avatar\\\/?s=96&d=mm&r=g\",\"caption\":\"Inclusive\"},\"url\":\"https:\\\/\\\/inclusivenews.com.br\\\/?author=2\"}]}<\/script>\n<!-- \/ Yoast SEO plugin. -->","yoast_head_json":{"title":"Cartilha aborda Direito Humano \u00e0 Educa\u00e7\u00e3o -","robots":{"index":"index","follow":"follow","max-snippet":"max-snippet:-1","max-image-preview":"max-image-preview:large","max-video-preview":"max-video-preview:-1"},"canonical":"https:\/\/inclusivenews.com.br\/?p=7315","og_locale":"pt_PT","og_type":"article","og_title":"Cartilha aborda Direito Humano \u00e0 Educa\u00e7\u00e3o -","og_description":"Publica\u00e7\u00e3o \u00e9 fruto da parceria entre a A\u00e7\u00e3o Educativa e da Plataforma Dhesca Brasil e re\u00fane informa\u00e7\u00f5es sobre o direito e sobre como lutar pela sua implementa\u00e7\u00e3o. Distribui\u00e7\u00e3o \u00e9 gratuita. A A\u00e7\u00e3o Educativa acaba de lan\u00e7ar, em parceria com a Plataforma Dhesca Brasil uma cartilha sobre o direito humano \u00e0 educa\u00e7\u00e3o. As organiza\u00e7\u00f5es, ap\u00f3s anos [&hellip;]","og_url":"https:\/\/inclusivenews.com.br\/?p=7315","article_publisher":"https:\/\/www.facebook.com\/agenciainclusive\/","article_published_time":"2009-04-30T11:23:30+00:00","og_image":[{"url":"http:\/\/agenciainclusive.files.wordpress.com\/2008\/12\/acao_educativa.jpg","type":"","width":"","height":""}],"author":"Inclusive","twitter_card":"summary_large_image","twitter_misc":{"Escrito por":"Inclusive","Tempo estimado de leitura":"2 minutos"},"schema":{"@context":"https:\/\/schema.org","@graph":[{"@type":"Article","@id":"https:\/\/inclusivenews.com.br\/?p=7315#article","isPartOf":{"@id":"https:\/\/inclusivenews.com.br\/?p=7315"},"author":{"name":"Inclusive","@id":"https:\/\/inclusivenews.com.br\/#\/schema\/person\/0dab492019871b94abb65fa8ee7c8c44"},"headline":"Cartilha aborda Direito Humano \u00e0 Educa\u00e7\u00e3o","datePublished":"2009-04-30T11:23:30+00:00","mainEntityOfPage":{"@id":"https:\/\/inclusivenews.com.br\/?p=7315"},"wordCount":314,"commentCount":0,"publisher":{"@id":"https:\/\/inclusivenews.com.br\/#organization"},"image":{"@id":"https:\/\/inclusivenews.com.br\/?p=7315#primaryimage"},"thumbnailUrl":"http:\/\/agenciainclusive.files.wordpress.com\/2008\/12\/acao_educativa.jpg","articleSection":["PUBLICA\u00c7\u00d5ES"],"inLanguage":"pt-PT","potentialAction":[{"@type":"CommentAction","name":"Comment","target":["https:\/\/inclusivenews.com.br\/?p=7315#respond"]}]},{"@type":"WebPage","@id":"https:\/\/inclusivenews.com.br\/?p=7315","url":"https:\/\/inclusivenews.com.br\/?p=7315","name":"Cartilha aborda Direito Humano \u00e0 Educa\u00e7\u00e3o -","isPartOf":{"@id":"https:\/\/inclusivenews.com.br\/#website"},"primaryImageOfPage":{"@id":"https:\/\/inclusivenews.com.br\/?p=7315#primaryimage"},"image":{"@id":"https:\/\/inclusivenews.com.br\/?p=7315#primaryimage"},"thumbnailUrl":"http:\/\/agenciainclusive.files.wordpress.com\/2008\/12\/acao_educativa.jpg","datePublished":"2009-04-30T11:23:30+00:00","breadcrumb":{"@id":"https:\/\/inclusivenews.com.br\/?p=7315#breadcrumb"},"inLanguage":"pt-PT","potentialAction":[{"@type":"ReadAction","target":["https:\/\/inclusivenews.com.br\/?p=7315"]}]},{"@type":"ImageObject","inLanguage":"pt-PT","@id":"https:\/\/inclusivenews.com.br\/?p=7315#primaryimage","url":"http:\/\/agenciainclusive.files.wordpress.com\/2008\/12\/acao_educativa.jpg","contentUrl":"http:\/\/agenciainclusive.files.wordpress.com\/2008\/12\/acao_educativa.jpg"},{"@type":"BreadcrumbList","@id":"https:\/\/inclusivenews.com.br\/?p=7315#breadcrumb","itemListElement":[{"@type":"ListItem","position":1,"name":"In\u00edcio","item":"https:\/\/inclusivenews.com.br\/"},{"@type":"ListItem","position":2,"name":"Cartilha aborda Direito Humano \u00e0 Educa\u00e7\u00e3o"}]},{"@type":"WebSite","@id":"https:\/\/inclusivenews.com.br\/#website","url":"https:\/\/inclusivenews.com.br\/","name":"Inclusive News","description":"Inclusive News","publisher":{"@id":"https:\/\/inclusivenews.com.br\/#organization"},"potentialAction":[{"@type":"SearchAction","target":{"@type":"EntryPoint","urlTemplate":"https:\/\/inclusivenews.com.br\/?s={search_term_string}"},"query-input":{"@type":"PropertyValueSpecification","valueRequired":true,"valueName":"search_term_string"}}],"inLanguage":"pt-PT"},{"@type":"Organization","@id":"https:\/\/inclusivenews.com.br\/#organization","name":"Inclusive - inclus\u00e3o e cidadania","url":"https:\/\/inclusivenews.com.br\/","logo":{"@type":"ImageObject","inLanguage":"pt-PT","@id":"https:\/\/inclusivenews.com.br\/#\/schema\/logo\/image\/","url":"https:\/\/inclusivenews.com.br\/wp-content\/uploads\/2024\/03\/@grandesite.png","contentUrl":"https:\/\/inclusivenews.com.br\/wp-content\/uploads\/2024\/03\/@grandesite.png","width":1080,"height":1080,"caption":"Inclusive - inclus\u00e3o e cidadania"},"image":{"@id":"https:\/\/inclusivenews.com.br\/#\/schema\/logo\/image\/"},"sameAs":["https:\/\/www.facebook.com\/agenciainclusive\/","https:\/\/www.instagram.com\/newsinclusive\/"]},{"@type":"Person","@id":"https:\/\/inclusivenews.com.br\/#\/schema\/person\/0dab492019871b94abb65fa8ee7c8c44","name":"Inclusive","image":{"@type":"ImageObject","inLanguage":"pt-PT","@id":"https:\/\/secure.gravatar.com\/avatar\/?s=96&d=mm&r=g","url":"https:\/\/secure.gravatar.com\/avatar\/?s=96&d=mm&r=g","contentUrl":"https:\/\/secure.gravatar.com\/avatar\/?s=96&d=mm&r=g","caption":"Inclusive"},"url":"https:\/\/inclusivenews.com.br\/?author=2"}]}},"_links":{"self":[{"href":"https:\/\/inclusivenews.com.br\/index.php?rest_route=\/wp\/v2\/posts\/7315","targetHints":{"allow":["GET"]}}],"collection":[{"href":"https:\/\/inclusivenews.com.br\/index.php?rest_route=\/wp\/v2\/posts"}],"about":[{"href":"https:\/\/inclusivenews.com.br\/index.php?rest_route=\/wp\/v2\/types\/post"}],"author":[{"embeddable":true,"href":"https:\/\/inclusivenews.com.br\/index.php?rest_route=\/wp\/v2\/users\/2"}],"replies":[{"embeddable":true,"href":"https:\/\/inclusivenews.com.br\/index.php?rest_route=%2Fwp%2Fv2%2Fcomments&post=7315"}],"version-history":[{"count":0,"href":"https:\/\/inclusivenews.com.br\/index.php?rest_route=\/wp\/v2\/posts\/7315\/revisions"}],"wp:attachment":[{"href":"https:\/\/inclusivenews.com.br\/index.php?rest_route=%2Fwp%2Fv2%2Fmedia&parent=7315"}],"wp:term":[{"taxonomy":"category","embeddable":true,"href":"https:\/\/inclusivenews.com.br\/index.php?rest_route=%2Fwp%2Fv2%2Fcategories&post=7315"},{"taxonomy":"post_tag","embeddable":true,"href":"https:\/\/inclusivenews.com.br\/index.php?rest_route=%2Fwp%2Fv2%2Ftags&post=7315"}],"curies":[{"name":"wp","href":"https:\/\/api.w.org\/{rel}","templated":true}]}}