{"id":7318,"date":"2009-04-30T12:13:26","date_gmt":"2009-04-30T12:13:26","guid":{"rendered":"http:\/\/agenciainclusive.wordpress.com\/?p=7318"},"modified":"2009-04-30T12:13:26","modified_gmt":"2009-04-30T12:13:26","slug":"minuto-da-inclusao-programas-681-a-683","status":"publish","type":"post","link":"https:\/\/inclusivenews.com.br\/?p=7318","title":{"rendered":"Minuto da inclus\u00e3o &#8211; Programas 681 a 683"},"content":{"rendered":"<figure id=\"attachment_2988\" aria-describedby=\"caption-attachment-2988\" style=\"width: 180px\" class=\"wp-caption alignnone\"><img loading=\"lazy\" decoding=\"async\" class=\"size-full wp-image-2988\" title=\"minuto_da_inclusao\" src=\"http:\/\/agenciainclusive.files.wordpress.com\/2009\/01\/minuto_da_inclusao.jpg\" alt=\"minuto_da_inclusao\" width=\"180\" height=\"78\" \/><figcaption id=\"caption-attachment-2988\" class=\"wp-caption-text\">Na imagem, logotipo do Minuto da Inclus\u00e3o: um rel\u00f3gio simulando uma pessoa de bra\u00e7os abertos contornada por um c\u00edrculo incompleto.<\/figcaption><\/figure>\n<p style=\"text-align:right;\">Para ouvir os boletins direto do navegador,<br \/>\nrole o mouse sobre o link a seguir e aguarde<br \/>\no player ser exibido na janela popup.<\/p>\n<p style=\"text-align:left;\"><a href=\"http:\/\/www.mypodcast.com\/fsaudio\/inclusive_20090430_0659-424278.mp3\" target=\"_blank\" rel=\"noopener\">Programas 681, 682 e 683<\/a><\/p>\n<p style=\"text-align:left;\">Programa 681 &#8211; Reflita e colabore para um mundo mais solid\u00e1rio<\/p>\n<p style=\"text-align:left;\">Ol\u00e1 Brasil!<br \/>\nInfelizmente, o preconceito ainda \u00e9 grande em nosso cotidiano. Por exemplo, muitos pais, por falta de informa\u00e7\u00e3o ou inseguran\u00e7a, impedem seus filhos de se relacionarem com outras crian\u00e7as com defici\u00eancia, seja na escola ou na comunidade. Por\u00e9m, essas atitudes s\u00e3o uma forma de reproduzir a discrimina\u00e7\u00e3o que h\u00e1 muito tempo refor\u00e7a a segrega\u00e7\u00e3o dessa parcela da popula\u00e7\u00e3o. A conviv\u00eancia em todos os ambientes sociais possibilita um desenvolvimento com mais seguran\u00e7a e, ao mesmo tempo, a forma\u00e7\u00e3o de adultos que respeitem a diversidade humana. A troca de experi\u00eancias, de conhecimentos e a forma\u00e7\u00e3o de la\u00e7os afetivos colaboram para a elimina\u00e7\u00e3o do\u00a0 preconceito. Reflita sobre isso e converse com seus amigos e vizinhos. Todos podemos construir um pouquinho da solidariedade necess\u00e1ria para um mundo melhor.<br \/>\nTuca Munhoz para o Minuto da Inclus\u00e3o.<\/p>\n<p style=\"text-align:left;\">Programa 682 &#8211; Pessoas com Defici\u00eancia e Aids<\/p>\n<p style=\"text-align:left;\">Ol\u00e1 Brasil!<br \/>\nO \u201cPreven\u00e7\u00e3o na Rede: F\u00f3rum Virtual sobre DST\/Aids\u201d tem um novo espa\u00e7o para debates sobre aids e pessoas com defici\u00eancia. Infelizmente, essas pessoas ainda est\u00e3o muito vulner\u00e1veis \u00e0 infec\u00e7\u00e3o pelo HIV e outras doen\u00e7as sexualmente transmiss\u00edveis devido, sobretudo, a dificuldade de acesso \u00e0s informa\u00e7\u00f5es e aos servi\u00e7os. Outro aspecto\u00a0 \u00e9 o fato das doen\u00e7as, das infec\u00e7\u00f5es associadas a elas e de seus tratamentos poderem trazer seq\u00fcelas, como a perda de vis\u00e3o, audi\u00e7\u00e3o, diminui\u00e7\u00e3o de for\u00e7a e at\u00e9 paralisia. Essa ocorr\u00eancia est\u00e1 relacionada ao diagn\u00f3stico tardio tanto do HIV e das infec\u00e7\u00f5es oportunistas como da aus\u00eancia do tratamento antirretroviral. Divida suas experi\u00eancias com pessoas de todo o pa\u00eds.\u00a0Anote o endere\u00e7o: f\u00f3rum.aids.gov.br, f\u00f3rum.aids.gov.br Falaremos mais sobre isso nos pr\u00f3ximos programas.<br \/>\nTuca Munhoz para o Minuto da Inclus\u00e3o.<\/p>\n<p style=\"text-align:left;\">Programa 683 &#8211; Projeto de Lei contra a Discrimina\u00e7\u00e3o<\/p>\n<p style=\"text-align:left;\">Ol\u00e1 Brasil!<br \/>\nA Comiss\u00e3o de Constitui\u00e7\u00e3o e Justi\u00e7a e de Cidadania, da C\u00e2mara Federal, aprovou em car\u00e1ter conclusivo o Projeto de Lei que reduz as exig\u00eancias que os cart\u00f3rios fazem para as pessoas com defici\u00eancia visual. Conforme a proposta, a pessoa com defici\u00eancia visual dever\u00e1 apresentar a c\u00e9dula de identidade e assinar os documentos como qualquer outro usu\u00e1rio. Tamb\u00e9m, dever\u00e1 apresentar as testemunhas exigidas em cada caso. O relator do projeto, o deputado Ant\u00f4nio Carlos Pannunzio, recomendou sua aprova\u00e7\u00e3o, ressaltando que essas pessoas t\u00eam sido v\u00edtimas de exig\u00eancias discriminat\u00f3rias e constrangedoras nos cart\u00f3rios. O projeto segue a linha da \u201cConven\u00e7\u00e3o Interamericana para Elimina\u00e7\u00e3o de Todas as Formas de Discrimina\u00e7\u00e3o Contra as Pessoas Portadoras de Defici\u00eancia\u201d. Assinada pelo Brasil. O projeto, em car\u00e1ter conclusivo, agora segue para o Senado.<br \/>\nTuca Munhoz para o Minuto da Inclus\u00e3o.<\/p>\n","protected":false},"excerpt":{"rendered":"<p>Para ouvir os boletins direto do navegador, role o mouse sobre o link a seguir e aguarde o player ser exibido na janela popup. Programas 681, 682 e 683 Programa 681 &#8211; Reflita e colabore para um mundo mais solid\u00e1rio Ol\u00e1 Brasil! Infelizmente, o preconceito ainda \u00e9 grande em nosso cotidiano. Por exemplo, muitos pais, [&hellip;]<\/p>\n","protected":false},"author":2,"featured_media":0,"comment_status":"open","ping_status":"open","sticky":false,"template":"","format":"standard","meta":{"site-container-style":"default","site-container-layout":"default","site-sidebar-layout":"default","disable-article-header":"default","disable-site-header":"default","disable-site-footer":"default","disable-content-area-spacing":"default","footnotes":""},"categories":[21],"tags":[20,15],"class_list":["post-7318","post","type-post","status-publish","format-standard","hentry","category-audio","tag-minuto-da-inclusao","tag-multimidia"],"yoast_head":"<!-- This site is optimized with the Yoast SEO plugin v27.4 - https:\/\/yoast.com\/product\/yoast-seo-wordpress\/ -->\n<title>Minuto da inclus\u00e3o - Programas 681 a 683 -<\/title>\n<meta name=\"robots\" content=\"index, follow, max-snippet:-1, max-image-preview:large, max-video-preview:-1\" \/>\n<link rel=\"canonical\" href=\"https:\/\/inclusivenews.com.br\/?p=7318\" \/>\n<meta property=\"og:locale\" content=\"pt_PT\" \/>\n<meta property=\"og:type\" content=\"article\" \/>\n<meta property=\"og:title\" content=\"Minuto da inclus\u00e3o - Programas 681 a 683 -\" \/>\n<meta property=\"og:description\" content=\"Para ouvir os boletins direto do navegador, role o mouse sobre o link a seguir e aguarde o player ser exibido na janela popup. Programas 681, 682 e 683 Programa 681 &#8211; Reflita e colabore para um mundo mais solid\u00e1rio Ol\u00e1 Brasil! Infelizmente, o preconceito ainda \u00e9 grande em nosso cotidiano. Por exemplo, muitos pais, [&hellip;]\" \/>\n<meta property=\"og:url\" content=\"https:\/\/inclusivenews.com.br\/?p=7318\" \/>\n<meta property=\"article:publisher\" content=\"https:\/\/www.facebook.com\/agenciainclusive\/\" \/>\n<meta property=\"article:published_time\" content=\"2009-04-30T12:13:26+00:00\" \/>\n<meta property=\"og:image\" content=\"http:\/\/agenciainclusive.files.wordpress.com\/2009\/01\/minuto_da_inclusao.jpg\" \/>\n<meta name=\"author\" content=\"Inclusive\" \/>\n<meta name=\"twitter:card\" content=\"summary_large_image\" \/>\n<meta name=\"twitter:label1\" content=\"Escrito por\" \/>\n\t<meta name=\"twitter:data1\" content=\"Inclusive\" \/>\n\t<meta name=\"twitter:label2\" content=\"Tempo estimado de leitura\" \/>\n\t<meta name=\"twitter:data2\" content=\"3 minutos\" \/>\n<script type=\"application\/ld+json\" class=\"yoast-schema-graph\">{\"@context\":\"https:\\\/\\\/schema.org\",\"@graph\":[{\"@type\":\"Article\",\"@id\":\"https:\\\/\\\/inclusivenews.com.br\\\/?p=7318#article\",\"isPartOf\":{\"@id\":\"https:\\\/\\\/inclusivenews.com.br\\\/?p=7318\"},\"author\":{\"name\":\"Inclusive\",\"@id\":\"https:\\\/\\\/inclusivenews.com.br\\\/#\\\/schema\\\/person\\\/0dab492019871b94abb65fa8ee7c8c44\"},\"headline\":\"Minuto da inclus\u00e3o &#8211; Programas 681 a 683\",\"datePublished\":\"2009-04-30T12:13:26+00:00\",\"mainEntityOfPage\":{\"@id\":\"https:\\\/\\\/inclusivenews.com.br\\\/?p=7318\"},\"wordCount\":565,\"commentCount\":0,\"publisher\":{\"@id\":\"https:\\\/\\\/inclusivenews.com.br\\\/#organization\"},\"image\":{\"@id\":\"https:\\\/\\\/inclusivenews.com.br\\\/?p=7318#primaryimage\"},\"thumbnailUrl\":\"http:\\\/\\\/agenciainclusive.files.wordpress.com\\\/2009\\\/01\\\/minuto_da_inclusao.jpg\",\"keywords\":[\"Minuto da Inclusao\",\"Multim\u00eddia\"],\"articleSection\":[\"\u00c1udio\"],\"inLanguage\":\"pt-PT\",\"potentialAction\":[{\"@type\":\"CommentAction\",\"name\":\"Comment\",\"target\":[\"https:\\\/\\\/inclusivenews.com.br\\\/?p=7318#respond\"]}]},{\"@type\":\"WebPage\",\"@id\":\"https:\\\/\\\/inclusivenews.com.br\\\/?p=7318\",\"url\":\"https:\\\/\\\/inclusivenews.com.br\\\/?p=7318\",\"name\":\"Minuto da inclus\u00e3o - Programas 681 a 683 -\",\"isPartOf\":{\"@id\":\"https:\\\/\\\/inclusivenews.com.br\\\/#website\"},\"primaryImageOfPage\":{\"@id\":\"https:\\\/\\\/inclusivenews.com.br\\\/?p=7318#primaryimage\"},\"image\":{\"@id\":\"https:\\\/\\\/inclusivenews.com.br\\\/?p=7318#primaryimage\"},\"thumbnailUrl\":\"http:\\\/\\\/agenciainclusive.files.wordpress.com\\\/2009\\\/01\\\/minuto_da_inclusao.jpg\",\"datePublished\":\"2009-04-30T12:13:26+00:00\",\"breadcrumb\":{\"@id\":\"https:\\\/\\\/inclusivenews.com.br\\\/?p=7318#breadcrumb\"},\"inLanguage\":\"pt-PT\",\"potentialAction\":[{\"@type\":\"ReadAction\",\"target\":[\"https:\\\/\\\/inclusivenews.com.br\\\/?p=7318\"]}]},{\"@type\":\"ImageObject\",\"inLanguage\":\"pt-PT\",\"@id\":\"https:\\\/\\\/inclusivenews.com.br\\\/?p=7318#primaryimage\",\"url\":\"http:\\\/\\\/agenciainclusive.files.wordpress.com\\\/2009\\\/01\\\/minuto_da_inclusao.jpg\",\"contentUrl\":\"http:\\\/\\\/agenciainclusive.files.wordpress.com\\\/2009\\\/01\\\/minuto_da_inclusao.jpg\"},{\"@type\":\"BreadcrumbList\",\"@id\":\"https:\\\/\\\/inclusivenews.com.br\\\/?p=7318#breadcrumb\",\"itemListElement\":[{\"@type\":\"ListItem\",\"position\":1,\"name\":\"In\u00edcio\",\"item\":\"https:\\\/\\\/inclusivenews.com.br\\\/\"},{\"@type\":\"ListItem\",\"position\":2,\"name\":\"Minuto da inclus\u00e3o &#8211; Programas 681 a 683\"}]},{\"@type\":\"WebSite\",\"@id\":\"https:\\\/\\\/inclusivenews.com.br\\\/#website\",\"url\":\"https:\\\/\\\/inclusivenews.com.br\\\/\",\"name\":\"Inclusive News\",\"description\":\"Inclusive News\",\"publisher\":{\"@id\":\"https:\\\/\\\/inclusivenews.com.br\\\/#organization\"},\"potentialAction\":[{\"@type\":\"SearchAction\",\"target\":{\"@type\":\"EntryPoint\",\"urlTemplate\":\"https:\\\/\\\/inclusivenews.com.br\\\/?s={search_term_string}\"},\"query-input\":{\"@type\":\"PropertyValueSpecification\",\"valueRequired\":true,\"valueName\":\"search_term_string\"}}],\"inLanguage\":\"pt-PT\"},{\"@type\":\"Organization\",\"@id\":\"https:\\\/\\\/inclusivenews.com.br\\\/#organization\",\"name\":\"Inclusive - inclus\u00e3o e cidadania\",\"url\":\"https:\\\/\\\/inclusivenews.com.br\\\/\",\"logo\":{\"@type\":\"ImageObject\",\"inLanguage\":\"pt-PT\",\"@id\":\"https:\\\/\\\/inclusivenews.com.br\\\/#\\\/schema\\\/logo\\\/image\\\/\",\"url\":\"https:\\\/\\\/inclusivenews.com.br\\\/wp-content\\\/uploads\\\/2024\\\/03\\\/@grandesite.png\",\"contentUrl\":\"https:\\\/\\\/inclusivenews.com.br\\\/wp-content\\\/uploads\\\/2024\\\/03\\\/@grandesite.png\",\"width\":1080,\"height\":1080,\"caption\":\"Inclusive - inclus\u00e3o e cidadania\"},\"image\":{\"@id\":\"https:\\\/\\\/inclusivenews.com.br\\\/#\\\/schema\\\/logo\\\/image\\\/\"},\"sameAs\":[\"https:\\\/\\\/www.facebook.com\\\/agenciainclusive\\\/\",\"https:\\\/\\\/www.instagram.com\\\/newsinclusive\\\/\"]},{\"@type\":\"Person\",\"@id\":\"https:\\\/\\\/inclusivenews.com.br\\\/#\\\/schema\\\/person\\\/0dab492019871b94abb65fa8ee7c8c44\",\"name\":\"Inclusive\",\"image\":{\"@type\":\"ImageObject\",\"inLanguage\":\"pt-PT\",\"@id\":\"https:\\\/\\\/secure.gravatar.com\\\/avatar\\\/?s=96&d=mm&r=g\",\"url\":\"https:\\\/\\\/secure.gravatar.com\\\/avatar\\\/?s=96&d=mm&r=g\",\"contentUrl\":\"https:\\\/\\\/secure.gravatar.com\\\/avatar\\\/?s=96&d=mm&r=g\",\"caption\":\"Inclusive\"},\"url\":\"https:\\\/\\\/inclusivenews.com.br\\\/?author=2\"}]}<\/script>\n<!-- \/ Yoast SEO plugin. -->","yoast_head_json":{"title":"Minuto da inclus\u00e3o - Programas 681 a 683 -","robots":{"index":"index","follow":"follow","max-snippet":"max-snippet:-1","max-image-preview":"max-image-preview:large","max-video-preview":"max-video-preview:-1"},"canonical":"https:\/\/inclusivenews.com.br\/?p=7318","og_locale":"pt_PT","og_type":"article","og_title":"Minuto da inclus\u00e3o - Programas 681 a 683 -","og_description":"Para ouvir os boletins direto do navegador, role o mouse sobre o link a seguir e aguarde o player ser exibido na janela popup. Programas 681, 682 e 683 Programa 681 &#8211; Reflita e colabore para um mundo mais solid\u00e1rio Ol\u00e1 Brasil! Infelizmente, o preconceito ainda \u00e9 grande em nosso cotidiano. Por exemplo, muitos pais, [&hellip;]","og_url":"https:\/\/inclusivenews.com.br\/?p=7318","article_publisher":"https:\/\/www.facebook.com\/agenciainclusive\/","article_published_time":"2009-04-30T12:13:26+00:00","og_image":[{"url":"http:\/\/agenciainclusive.files.wordpress.com\/2009\/01\/minuto_da_inclusao.jpg","type":"","width":"","height":""}],"author":"Inclusive","twitter_card":"summary_large_image","twitter_misc":{"Escrito por":"Inclusive","Tempo estimado de leitura":"3 minutos"},"schema":{"@context":"https:\/\/schema.org","@graph":[{"@type":"Article","@id":"https:\/\/inclusivenews.com.br\/?p=7318#article","isPartOf":{"@id":"https:\/\/inclusivenews.com.br\/?p=7318"},"author":{"name":"Inclusive","@id":"https:\/\/inclusivenews.com.br\/#\/schema\/person\/0dab492019871b94abb65fa8ee7c8c44"},"headline":"Minuto da inclus\u00e3o &#8211; Programas 681 a 683","datePublished":"2009-04-30T12:13:26+00:00","mainEntityOfPage":{"@id":"https:\/\/inclusivenews.com.br\/?p=7318"},"wordCount":565,"commentCount":0,"publisher":{"@id":"https:\/\/inclusivenews.com.br\/#organization"},"image":{"@id":"https:\/\/inclusivenews.com.br\/?p=7318#primaryimage"},"thumbnailUrl":"http:\/\/agenciainclusive.files.wordpress.com\/2009\/01\/minuto_da_inclusao.jpg","keywords":["Minuto da Inclusao","Multim\u00eddia"],"articleSection":["\u00c1udio"],"inLanguage":"pt-PT","potentialAction":[{"@type":"CommentAction","name":"Comment","target":["https:\/\/inclusivenews.com.br\/?p=7318#respond"]}]},{"@type":"WebPage","@id":"https:\/\/inclusivenews.com.br\/?p=7318","url":"https:\/\/inclusivenews.com.br\/?p=7318","name":"Minuto da inclus\u00e3o - Programas 681 a 683 -","isPartOf":{"@id":"https:\/\/inclusivenews.com.br\/#website"},"primaryImageOfPage":{"@id":"https:\/\/inclusivenews.com.br\/?p=7318#primaryimage"},"image":{"@id":"https:\/\/inclusivenews.com.br\/?p=7318#primaryimage"},"thumbnailUrl":"http:\/\/agenciainclusive.files.wordpress.com\/2009\/01\/minuto_da_inclusao.jpg","datePublished":"2009-04-30T12:13:26+00:00","breadcrumb":{"@id":"https:\/\/inclusivenews.com.br\/?p=7318#breadcrumb"},"inLanguage":"pt-PT","potentialAction":[{"@type":"ReadAction","target":["https:\/\/inclusivenews.com.br\/?p=7318"]}]},{"@type":"ImageObject","inLanguage":"pt-PT","@id":"https:\/\/inclusivenews.com.br\/?p=7318#primaryimage","url":"http:\/\/agenciainclusive.files.wordpress.com\/2009\/01\/minuto_da_inclusao.jpg","contentUrl":"http:\/\/agenciainclusive.files.wordpress.com\/2009\/01\/minuto_da_inclusao.jpg"},{"@type":"BreadcrumbList","@id":"https:\/\/inclusivenews.com.br\/?p=7318#breadcrumb","itemListElement":[{"@type":"ListItem","position":1,"name":"In\u00edcio","item":"https:\/\/inclusivenews.com.br\/"},{"@type":"ListItem","position":2,"name":"Minuto da inclus\u00e3o &#8211; Programas 681 a 683"}]},{"@type":"WebSite","@id":"https:\/\/inclusivenews.com.br\/#website","url":"https:\/\/inclusivenews.com.br\/","name":"Inclusive News","description":"Inclusive News","publisher":{"@id":"https:\/\/inclusivenews.com.br\/#organization"},"potentialAction":[{"@type":"SearchAction","target":{"@type":"EntryPoint","urlTemplate":"https:\/\/inclusivenews.com.br\/?s={search_term_string}"},"query-input":{"@type":"PropertyValueSpecification","valueRequired":true,"valueName":"search_term_string"}}],"inLanguage":"pt-PT"},{"@type":"Organization","@id":"https:\/\/inclusivenews.com.br\/#organization","name":"Inclusive - inclus\u00e3o e cidadania","url":"https:\/\/inclusivenews.com.br\/","logo":{"@type":"ImageObject","inLanguage":"pt-PT","@id":"https:\/\/inclusivenews.com.br\/#\/schema\/logo\/image\/","url":"https:\/\/inclusivenews.com.br\/wp-content\/uploads\/2024\/03\/@grandesite.png","contentUrl":"https:\/\/inclusivenews.com.br\/wp-content\/uploads\/2024\/03\/@grandesite.png","width":1080,"height":1080,"caption":"Inclusive - inclus\u00e3o e cidadania"},"image":{"@id":"https:\/\/inclusivenews.com.br\/#\/schema\/logo\/image\/"},"sameAs":["https:\/\/www.facebook.com\/agenciainclusive\/","https:\/\/www.instagram.com\/newsinclusive\/"]},{"@type":"Person","@id":"https:\/\/inclusivenews.com.br\/#\/schema\/person\/0dab492019871b94abb65fa8ee7c8c44","name":"Inclusive","image":{"@type":"ImageObject","inLanguage":"pt-PT","@id":"https:\/\/secure.gravatar.com\/avatar\/?s=96&d=mm&r=g","url":"https:\/\/secure.gravatar.com\/avatar\/?s=96&d=mm&r=g","contentUrl":"https:\/\/secure.gravatar.com\/avatar\/?s=96&d=mm&r=g","caption":"Inclusive"},"url":"https:\/\/inclusivenews.com.br\/?author=2"}]}},"_links":{"self":[{"href":"https:\/\/inclusivenews.com.br\/index.php?rest_route=\/wp\/v2\/posts\/7318","targetHints":{"allow":["GET"]}}],"collection":[{"href":"https:\/\/inclusivenews.com.br\/index.php?rest_route=\/wp\/v2\/posts"}],"about":[{"href":"https:\/\/inclusivenews.com.br\/index.php?rest_route=\/wp\/v2\/types\/post"}],"author":[{"embeddable":true,"href":"https:\/\/inclusivenews.com.br\/index.php?rest_route=\/wp\/v2\/users\/2"}],"replies":[{"embeddable":true,"href":"https:\/\/inclusivenews.com.br\/index.php?rest_route=%2Fwp%2Fv2%2Fcomments&post=7318"}],"version-history":[{"count":0,"href":"https:\/\/inclusivenews.com.br\/index.php?rest_route=\/wp\/v2\/posts\/7318\/revisions"}],"wp:attachment":[{"href":"https:\/\/inclusivenews.com.br\/index.php?rest_route=%2Fwp%2Fv2%2Fmedia&parent=7318"}],"wp:term":[{"taxonomy":"category","embeddable":true,"href":"https:\/\/inclusivenews.com.br\/index.php?rest_route=%2Fwp%2Fv2%2Fcategories&post=7318"},{"taxonomy":"post_tag","embeddable":true,"href":"https:\/\/inclusivenews.com.br\/index.php?rest_route=%2Fwp%2Fv2%2Ftags&post=7318"}],"curies":[{"name":"wp","href":"https:\/\/api.w.org\/{rel}","templated":true}]}}