{"id":7320,"date":"2009-05-01T05:04:40","date_gmt":"2009-05-01T05:04:40","guid":{"rendered":"http:\/\/agenciainclusive.wordpress.com\/?p=7320"},"modified":"2009-05-01T05:04:40","modified_gmt":"2009-05-01T05:04:40","slug":"valeu-fernanda","status":"publish","type":"post","link":"https:\/\/inclusivenews.com.br\/?p=7320","title":{"rendered":"Valeu, Fernanda !"},"content":{"rendered":"<p>Hoje estou muito feliz e quero compartilhar o motivo de minha felicidade com todos voc\u00eas.<\/p>\n<p>Quando minha filha Amanda nasceu, em 2004, eu nada sabia sobre a s\u00edndrome de Down &#8211; ou melhor, tudo o que sabia<\/p>\n<p>estava errado, mas levou algum tempo para que eu percebesse isso.<\/p>\n<p>Fui para a internet numa busca desesperada por informa\u00e7\u00e3o e encontrei um grupo maravilhoso que me acolheu de bra\u00e7os abertos e respondeu a todas as minhas perguntas com a solidariedade, carinho, paci\u00eancia e compreens\u00e3o de quem j\u00e1 esteve naquela situa\u00e7\u00e3o e n\u00e3o teve a quem recorrer. O grupo s\u00edndrome de Down no Yahoogrupos conta hoje com quase 1700 pessoas no Brasil e no exterior, e \u00e9 o maior no g\u00eanero no mundo.<\/p>\n<p><a href=\"http:\/\/br.groups.yahoo.com\/group\/sindromededown\/\">http:\/\/br.groups.yahoo.com\/group\/sindromededown\/<\/a><\/p>\n<p>Levou um tempo, mas eventualmente, minha ficha caiu e descobri&#8230; <em>voila<\/em> ! Que a minha filha n\u00e3o era um ET, mas uma crian\u00e7a como outra qualquer.<\/p>\n<p>Comunicadora que sou, n\u00e3o conseguia conceber como eu, que me julgava uma pessoa bem informada, n\u00e3o tinha acesso \u00e0quelas informa\u00e7\u00f5es t\u00e3o preciosas para mim naquele momento. Informa\u00e7\u00f5es importantes para qualquer cidad\u00e3o que queira viver num mundo justo.<\/p>\n<p>Mas sentia falta, na cidade em que morava, Bras\u00edlia, de encontrar os meus pares &#8211; outros pais, e de conhecer crian\u00e7as, jovens e adultos com s\u00edndrome de Down. Cheguei a ir a S\u00e3o Paulo especialmente para participar de um encontro deste tipo promovido pelo Happydown, ou outro grupo, em geral formado por pais de crian\u00e7as pequenas.<\/p>\n<dl class=\"wp-caption alignright\">\n<dt class=\"wp-caption-dt\"> <\/dt>\n<dt class=\"wp-caption-dt\"><\/dt>\n<p><img loading=\"lazy\" decoding=\"async\" class=\"size-full wp-image-7322\" title=\"dfdownpicnic\" src=\"http:\/\/agenciainclusive.files.wordpress.com\/2009\/05\/dfdownpicnic.jpg\" alt=\"3 mocinhas e 2 beb\u00eas sorriem para a foto\" width=\"480\" height=\"360\" \/><\/p>\n<\/dl>\n<p>A partir destas experi\u00eancias, pensei &#8211; podiamos regionalizar os grupos,\u00a0 promover encontros, trocar informa\u00e7\u00f5es sobre escolas, terapeutas, etc. Na \u00e9poca eu morava em Bras\u00edlia e da\u00ed nasceu o grupo de discuss\u00e3o DFDown, em abril de 2005, num piquenique na ch\u00e1cara do meu sogro. O DFDown cresceu &#8211; hoje conta com quase 300 membros &#8211; e virou associa\u00e7\u00e3o reconhecida como uma das mais ativas do Distrito Federal.<\/p>\n<div class=\"mceTemp\">\n<dl class=\"wp-caption alignright\">\n<dd class=\"wp-caption-dd\">Piquenique DFDown Abril de 2005 &#8211; 3 mocinhas e 2 beb\u00eas sorriem para a foto<\/dd>\n<\/dl>\n<\/div>\n<p>Como sou carioca e sentia falta de mais articula\u00e7\u00e3o do pessoal do Rio, resolvi tamb\u00e9m promover um encontro em uma das nossas idas \u00e0 cidade.<\/p>\n<p>Nascia o RJDown, na casa do meu pai.<\/p>\n<p><img loading=\"lazy\" decoding=\"async\" class=\"size-full wp-image-7323\" title=\"rjdownpapai\" src=\"http:\/\/agenciainclusive.files.wordpress.com\/2009\/05\/rjdownpapai.jpg\" alt=\"Duas m\u00e3es com um beb\u00ea e uma beb\u00ea\" width=\"400\" height=\"300\" \/><\/p>\n<p>Primeiro encontro RJDown &#8211; Julho de 2005 &#8211; Duas m\u00e3es com um beb\u00ea e uma beb\u00ea<\/p>\n<p>Aqui uma das primeiras mensagens do grupo:<br \/>\n&#8220;Oi pessoal !!<\/p>\n<p>O RJDown esta crescendo !! Aproveitem pra convidar amigos,<br \/>\nprofissionais, etc. E muito importante para nossos filhos termos uma forte participacao no Rio.<\/p>\n<p>Bem-vindos os novos e maos a obra !<\/p>\n<p>(e podem contar comigo pra festinha do fim do ano).<\/p>\n<p>Bjs<\/p>\n<p>Pat carioca, mae da Amanda brasiliense, 1 ano.&#8221;<\/p>\n<p>Conheci a Fernanda Honorato no<\/p>\n<dl class=\"wp-caption alignright\">\n<dt class=\"wp-caption-dt\"> <\/dt>\n<dt class=\"wp-caption-dt\"><\/dt>\n<dt class=\"wp-caption-dt\"><img loading=\"lazy\" decoding=\"async\" class=\"size-full wp-image-7321\" title=\"rjdownfernanda\" src=\"http:\/\/agenciainclusive.files.wordpress.com\/2009\/05\/rjdownfernanda.jpg\" alt=\"Grupo de homens, mulheres, jovens e crian\u00e7as posa para foto\" width=\"480\" height=\"360\" \/><\/dt>\n<\/dl>\n<p>primeiro grande encontro do RJDown em dezembro de 2005 (foto abaixo). Tinha tido j\u00e1 algum contato com jovens e adultos com s\u00edndrome de Down &#8211; conhecer e conversar com a Liane Collares, de 46 anos, em Bras\u00edlia, atriz, escritora e funcion\u00e1ria de uma creche, j\u00e1 tinha me feito entender que minha filha podia ter uma vida feliz e produtiva, mas ainda n\u00e3o havia encontrado uma jovem com s\u00edndrome de Down despachada como aquela. Conversei um pouco com a Fernanda, perguntando o que ela gostava de fazer. Ela me disse que lia o jornal todos os dias. Eu, com minha cabe\u00e7a pre-julgadora, disse a ela: &#8211; Sei, voc\u00ea gosta da parte das novelas, das fofocas sobre os artistas&#8230; e ela me disse: &#8211; n\u00e3ooooo !! Eu gosto de ler a parte de economia, de esporte, pol\u00edtica&#8230; &#8211; Dai eu disse a ela.: &#8211; Ent\u00e3o, Fernanda, voc\u00ea tem que ser jornalista.<\/p>\n<p>Eu mal podia imaginar que, passados quase 4 anos, a rep\u00f3rter Fernanda Honorato estaria sentada confort\u00e1vel e confiante, na cadeira de um J\u00f4 Soares, fazendo piada e dando uma li\u00e7\u00e3o de inclus\u00e3o t\u00e3o bem dada. Cadeira aquela em que muita gente experiente e preparada j\u00e1 tremeu e se enrolou. A entrevista foi simplesmente irretoc\u00e1vel. Fernanda estava especialmente inspirada e aproveitou cada oportunidade com gra\u00e7a e desenvoltura, deixando o J\u00f4 de boca aberta. Deu o seu recado com grande habilidade, mostrando como \u00e9 r\u00e1pida e como est\u00e1 bem preparada.<\/p>\n<p>H\u00e1 muito tempo que pedimos \u00e0 produ\u00e7\u00e3o do J\u00f4 Soares para convidar uma pessoa com s\u00edndrome de Down. Perdi a conta dos emails que mandei sugerindo os nomes do Breno Viola, da Rita e do Ariel, sempre em v\u00e3o.<\/p>\n<p>Encantadora \u00e9 a melhor palavra para descrever a entrevista que me fez ganhar o dia, e \u00e9 um marco na hist\u00f3ria do movimento das pessoas com defici\u00eancia intelectual. Que bom j\u00e1 podermos estar colhendo os frutos desta luta pela inclus\u00e3o de TODOS. E que bom contar com jovens como a Fernanda, que com sua naturalidade, desenvoltura e confian\u00e7a, rompe a barreira do preconceito usando os meios de comunica\u00e7\u00e3o de massa, com sorrisos e alegria.<\/p>\n<p>Para quem n\u00e3o viu, fica a recomenda\u00e7\u00e3o: Fernanda Honorato entrevista J\u00f4 Soares ( e vice-versa).<\/p>\n<p><a href=\"http:\/\/video.globo.com\/Videos\/Player\/Entretenimento\/0,,GIM1017027-7822-FERNANDA+HONORATO+E+A+PRIMEIRA+REPORTER+COM+SINDROME+DE+DOWN+DO+MUNDO,00.html\">http:\/\/video.globo.com\/Videos\/Player\/Entretenimento\/0,,GIM1017027-7822-FERNANDA+HONORATO+E+A+PRIMEIRA+REPORTER+COM+SINDROME+DE+DOWN+DO+MUNDO,00.html<\/a><\/p>\n","protected":false},"excerpt":{"rendered":"<p>Hoje estou muito feliz e quero compartilhar o motivo de minha felicidade com todos voc\u00eas. Quando minha filha Amanda nasceu, em 2004, eu nada sabia sobre a s\u00edndrome de Down &#8211; ou melhor, tudo o que sabia estava errado, mas levou algum tempo para que eu percebesse isso. Fui para a internet numa busca desesperada [&hellip;]<\/p>\n","protected":false},"author":2,"featured_media":0,"comment_status":"open","ping_status":"open","sticky":false,"template":"","format":"standard","meta":{"site-container-style":"default","site-container-layout":"default","site-sidebar-layout":"default","disable-article-header":"default","disable-site-header":"default","disable-site-footer":"default","disable-content-area-spacing":"default","footnotes":""},"categories":[8,16],"tags":[15],"class_list":["post-7320","post","type-post","status-publish","format-standard","hentry","category-textos-e-artigos","category-video","tag-multimidia"],"yoast_head":"<!-- This site is optimized with the Yoast SEO plugin v27.4 - https:\/\/yoast.com\/product\/yoast-seo-wordpress\/ -->\n<title>Valeu, Fernanda ! -<\/title>\n<meta name=\"robots\" content=\"index, follow, max-snippet:-1, max-image-preview:large, max-video-preview:-1\" \/>\n<link rel=\"canonical\" href=\"https:\/\/inclusivenews.com.br\/?p=7320\" \/>\n<meta property=\"og:locale\" content=\"pt_PT\" \/>\n<meta property=\"og:type\" content=\"article\" \/>\n<meta property=\"og:title\" content=\"Valeu, Fernanda ! -\" \/>\n<meta property=\"og:description\" content=\"Hoje estou muito feliz e quero compartilhar o motivo de minha felicidade com todos voc\u00eas. Quando minha filha Amanda nasceu, em 2004, eu nada sabia sobre a s\u00edndrome de Down &#8211; ou melhor, tudo o que sabia estava errado, mas levou algum tempo para que eu percebesse isso. Fui para a internet numa busca desesperada [&hellip;]\" \/>\n<meta property=\"og:url\" content=\"https:\/\/inclusivenews.com.br\/?p=7320\" \/>\n<meta property=\"article:publisher\" content=\"https:\/\/www.facebook.com\/agenciainclusive\/\" \/>\n<meta property=\"article:published_time\" content=\"2009-05-01T05:04:40+00:00\" \/>\n<meta property=\"og:image\" content=\"http:\/\/agenciainclusive.files.wordpress.com\/2009\/05\/dfdownpicnic.jpg\" \/>\n<meta name=\"author\" content=\"Inclusive\" \/>\n<meta name=\"twitter:card\" content=\"summary_large_image\" \/>\n<meta name=\"twitter:label1\" content=\"Escrito por\" \/>\n\t<meta name=\"twitter:data1\" content=\"Inclusive\" \/>\n\t<meta name=\"twitter:label2\" content=\"Tempo estimado de leitura\" \/>\n\t<meta name=\"twitter:data2\" content=\"4 minutos\" \/>\n<script type=\"application\/ld+json\" class=\"yoast-schema-graph\">{\"@context\":\"https:\\\/\\\/schema.org\",\"@graph\":[{\"@type\":\"Article\",\"@id\":\"https:\\\/\\\/inclusivenews.com.br\\\/?p=7320#article\",\"isPartOf\":{\"@id\":\"https:\\\/\\\/inclusivenews.com.br\\\/?p=7320\"},\"author\":{\"name\":\"Inclusive\",\"@id\":\"https:\\\/\\\/inclusivenews.com.br\\\/#\\\/schema\\\/person\\\/0dab492019871b94abb65fa8ee7c8c44\"},\"headline\":\"Valeu, Fernanda !\",\"datePublished\":\"2009-05-01T05:04:40+00:00\",\"mainEntityOfPage\":{\"@id\":\"https:\\\/\\\/inclusivenews.com.br\\\/?p=7320\"},\"wordCount\":866,\"commentCount\":0,\"publisher\":{\"@id\":\"https:\\\/\\\/inclusivenews.com.br\\\/#organization\"},\"image\":{\"@id\":\"https:\\\/\\\/inclusivenews.com.br\\\/?p=7320#primaryimage\"},\"thumbnailUrl\":\"http:\\\/\\\/agenciainclusive.files.wordpress.com\\\/2009\\\/05\\\/dfdownpicnic.jpg\",\"keywords\":[\"Multim\u00eddia\"],\"articleSection\":[\"OPINI\u00c3O\",\"V\u00eddeo\"],\"inLanguage\":\"pt-PT\",\"potentialAction\":[{\"@type\":\"CommentAction\",\"name\":\"Comment\",\"target\":[\"https:\\\/\\\/inclusivenews.com.br\\\/?p=7320#respond\"]}]},{\"@type\":\"WebPage\",\"@id\":\"https:\\\/\\\/inclusivenews.com.br\\\/?p=7320\",\"url\":\"https:\\\/\\\/inclusivenews.com.br\\\/?p=7320\",\"name\":\"Valeu, Fernanda ! -\",\"isPartOf\":{\"@id\":\"https:\\\/\\\/inclusivenews.com.br\\\/#website\"},\"primaryImageOfPage\":{\"@id\":\"https:\\\/\\\/inclusivenews.com.br\\\/?p=7320#primaryimage\"},\"image\":{\"@id\":\"https:\\\/\\\/inclusivenews.com.br\\\/?p=7320#primaryimage\"},\"thumbnailUrl\":\"http:\\\/\\\/agenciainclusive.files.wordpress.com\\\/2009\\\/05\\\/dfdownpicnic.jpg\",\"datePublished\":\"2009-05-01T05:04:40+00:00\",\"breadcrumb\":{\"@id\":\"https:\\\/\\\/inclusivenews.com.br\\\/?p=7320#breadcrumb\"},\"inLanguage\":\"pt-PT\",\"potentialAction\":[{\"@type\":\"ReadAction\",\"target\":[\"https:\\\/\\\/inclusivenews.com.br\\\/?p=7320\"]}]},{\"@type\":\"ImageObject\",\"inLanguage\":\"pt-PT\",\"@id\":\"https:\\\/\\\/inclusivenews.com.br\\\/?p=7320#primaryimage\",\"url\":\"http:\\\/\\\/agenciainclusive.files.wordpress.com\\\/2009\\\/05\\\/dfdownpicnic.jpg\",\"contentUrl\":\"http:\\\/\\\/agenciainclusive.files.wordpress.com\\\/2009\\\/05\\\/dfdownpicnic.jpg\"},{\"@type\":\"BreadcrumbList\",\"@id\":\"https:\\\/\\\/inclusivenews.com.br\\\/?p=7320#breadcrumb\",\"itemListElement\":[{\"@type\":\"ListItem\",\"position\":1,\"name\":\"In\u00edcio\",\"item\":\"https:\\\/\\\/inclusivenews.com.br\\\/\"},{\"@type\":\"ListItem\",\"position\":2,\"name\":\"Valeu, Fernanda !\"}]},{\"@type\":\"WebSite\",\"@id\":\"https:\\\/\\\/inclusivenews.com.br\\\/#website\",\"url\":\"https:\\\/\\\/inclusivenews.com.br\\\/\",\"name\":\"Inclusive News\",\"description\":\"Inclusive News\",\"publisher\":{\"@id\":\"https:\\\/\\\/inclusivenews.com.br\\\/#organization\"},\"potentialAction\":[{\"@type\":\"SearchAction\",\"target\":{\"@type\":\"EntryPoint\",\"urlTemplate\":\"https:\\\/\\\/inclusivenews.com.br\\\/?s={search_term_string}\"},\"query-input\":{\"@type\":\"PropertyValueSpecification\",\"valueRequired\":true,\"valueName\":\"search_term_string\"}}],\"inLanguage\":\"pt-PT\"},{\"@type\":\"Organization\",\"@id\":\"https:\\\/\\\/inclusivenews.com.br\\\/#organization\",\"name\":\"Inclusive - inclus\u00e3o e cidadania\",\"url\":\"https:\\\/\\\/inclusivenews.com.br\\\/\",\"logo\":{\"@type\":\"ImageObject\",\"inLanguage\":\"pt-PT\",\"@id\":\"https:\\\/\\\/inclusivenews.com.br\\\/#\\\/schema\\\/logo\\\/image\\\/\",\"url\":\"https:\\\/\\\/inclusivenews.com.br\\\/wp-content\\\/uploads\\\/2024\\\/03\\\/@grandesite.png\",\"contentUrl\":\"https:\\\/\\\/inclusivenews.com.br\\\/wp-content\\\/uploads\\\/2024\\\/03\\\/@grandesite.png\",\"width\":1080,\"height\":1080,\"caption\":\"Inclusive - inclus\u00e3o e cidadania\"},\"image\":{\"@id\":\"https:\\\/\\\/inclusivenews.com.br\\\/#\\\/schema\\\/logo\\\/image\\\/\"},\"sameAs\":[\"https:\\\/\\\/www.facebook.com\\\/agenciainclusive\\\/\",\"https:\\\/\\\/www.instagram.com\\\/newsinclusive\\\/\"]},{\"@type\":\"Person\",\"@id\":\"https:\\\/\\\/inclusivenews.com.br\\\/#\\\/schema\\\/person\\\/0dab492019871b94abb65fa8ee7c8c44\",\"name\":\"Inclusive\",\"image\":{\"@type\":\"ImageObject\",\"inLanguage\":\"pt-PT\",\"@id\":\"https:\\\/\\\/secure.gravatar.com\\\/avatar\\\/?s=96&d=mm&r=g\",\"url\":\"https:\\\/\\\/secure.gravatar.com\\\/avatar\\\/?s=96&d=mm&r=g\",\"contentUrl\":\"https:\\\/\\\/secure.gravatar.com\\\/avatar\\\/?s=96&d=mm&r=g\",\"caption\":\"Inclusive\"},\"url\":\"https:\\\/\\\/inclusivenews.com.br\\\/?author=2\"}]}<\/script>\n<!-- \/ Yoast SEO plugin. -->","yoast_head_json":{"title":"Valeu, Fernanda ! -","robots":{"index":"index","follow":"follow","max-snippet":"max-snippet:-1","max-image-preview":"max-image-preview:large","max-video-preview":"max-video-preview:-1"},"canonical":"https:\/\/inclusivenews.com.br\/?p=7320","og_locale":"pt_PT","og_type":"article","og_title":"Valeu, Fernanda ! -","og_description":"Hoje estou muito feliz e quero compartilhar o motivo de minha felicidade com todos voc\u00eas. Quando minha filha Amanda nasceu, em 2004, eu nada sabia sobre a s\u00edndrome de Down &#8211; ou melhor, tudo o que sabia estava errado, mas levou algum tempo para que eu percebesse isso. Fui para a internet numa busca desesperada [&hellip;]","og_url":"https:\/\/inclusivenews.com.br\/?p=7320","article_publisher":"https:\/\/www.facebook.com\/agenciainclusive\/","article_published_time":"2009-05-01T05:04:40+00:00","og_image":[{"url":"http:\/\/agenciainclusive.files.wordpress.com\/2009\/05\/dfdownpicnic.jpg","type":"","width":"","height":""}],"author":"Inclusive","twitter_card":"summary_large_image","twitter_misc":{"Escrito por":"Inclusive","Tempo estimado de leitura":"4 minutos"},"schema":{"@context":"https:\/\/schema.org","@graph":[{"@type":"Article","@id":"https:\/\/inclusivenews.com.br\/?p=7320#article","isPartOf":{"@id":"https:\/\/inclusivenews.com.br\/?p=7320"},"author":{"name":"Inclusive","@id":"https:\/\/inclusivenews.com.br\/#\/schema\/person\/0dab492019871b94abb65fa8ee7c8c44"},"headline":"Valeu, Fernanda !","datePublished":"2009-05-01T05:04:40+00:00","mainEntityOfPage":{"@id":"https:\/\/inclusivenews.com.br\/?p=7320"},"wordCount":866,"commentCount":0,"publisher":{"@id":"https:\/\/inclusivenews.com.br\/#organization"},"image":{"@id":"https:\/\/inclusivenews.com.br\/?p=7320#primaryimage"},"thumbnailUrl":"http:\/\/agenciainclusive.files.wordpress.com\/2009\/05\/dfdownpicnic.jpg","keywords":["Multim\u00eddia"],"articleSection":["OPINI\u00c3O","V\u00eddeo"],"inLanguage":"pt-PT","potentialAction":[{"@type":"CommentAction","name":"Comment","target":["https:\/\/inclusivenews.com.br\/?p=7320#respond"]}]},{"@type":"WebPage","@id":"https:\/\/inclusivenews.com.br\/?p=7320","url":"https:\/\/inclusivenews.com.br\/?p=7320","name":"Valeu, Fernanda ! -","isPartOf":{"@id":"https:\/\/inclusivenews.com.br\/#website"},"primaryImageOfPage":{"@id":"https:\/\/inclusivenews.com.br\/?p=7320#primaryimage"},"image":{"@id":"https:\/\/inclusivenews.com.br\/?p=7320#primaryimage"},"thumbnailUrl":"http:\/\/agenciainclusive.files.wordpress.com\/2009\/05\/dfdownpicnic.jpg","datePublished":"2009-05-01T05:04:40+00:00","breadcrumb":{"@id":"https:\/\/inclusivenews.com.br\/?p=7320#breadcrumb"},"inLanguage":"pt-PT","potentialAction":[{"@type":"ReadAction","target":["https:\/\/inclusivenews.com.br\/?p=7320"]}]},{"@type":"ImageObject","inLanguage":"pt-PT","@id":"https:\/\/inclusivenews.com.br\/?p=7320#primaryimage","url":"http:\/\/agenciainclusive.files.wordpress.com\/2009\/05\/dfdownpicnic.jpg","contentUrl":"http:\/\/agenciainclusive.files.wordpress.com\/2009\/05\/dfdownpicnic.jpg"},{"@type":"BreadcrumbList","@id":"https:\/\/inclusivenews.com.br\/?p=7320#breadcrumb","itemListElement":[{"@type":"ListItem","position":1,"name":"In\u00edcio","item":"https:\/\/inclusivenews.com.br\/"},{"@type":"ListItem","position":2,"name":"Valeu, Fernanda !"}]},{"@type":"WebSite","@id":"https:\/\/inclusivenews.com.br\/#website","url":"https:\/\/inclusivenews.com.br\/","name":"Inclusive News","description":"Inclusive News","publisher":{"@id":"https:\/\/inclusivenews.com.br\/#organization"},"potentialAction":[{"@type":"SearchAction","target":{"@type":"EntryPoint","urlTemplate":"https:\/\/inclusivenews.com.br\/?s={search_term_string}"},"query-input":{"@type":"PropertyValueSpecification","valueRequired":true,"valueName":"search_term_string"}}],"inLanguage":"pt-PT"},{"@type":"Organization","@id":"https:\/\/inclusivenews.com.br\/#organization","name":"Inclusive - inclus\u00e3o e cidadania","url":"https:\/\/inclusivenews.com.br\/","logo":{"@type":"ImageObject","inLanguage":"pt-PT","@id":"https:\/\/inclusivenews.com.br\/#\/schema\/logo\/image\/","url":"https:\/\/inclusivenews.com.br\/wp-content\/uploads\/2024\/03\/@grandesite.png","contentUrl":"https:\/\/inclusivenews.com.br\/wp-content\/uploads\/2024\/03\/@grandesite.png","width":1080,"height":1080,"caption":"Inclusive - inclus\u00e3o e cidadania"},"image":{"@id":"https:\/\/inclusivenews.com.br\/#\/schema\/logo\/image\/"},"sameAs":["https:\/\/www.facebook.com\/agenciainclusive\/","https:\/\/www.instagram.com\/newsinclusive\/"]},{"@type":"Person","@id":"https:\/\/inclusivenews.com.br\/#\/schema\/person\/0dab492019871b94abb65fa8ee7c8c44","name":"Inclusive","image":{"@type":"ImageObject","inLanguage":"pt-PT","@id":"https:\/\/secure.gravatar.com\/avatar\/?s=96&d=mm&r=g","url":"https:\/\/secure.gravatar.com\/avatar\/?s=96&d=mm&r=g","contentUrl":"https:\/\/secure.gravatar.com\/avatar\/?s=96&d=mm&r=g","caption":"Inclusive"},"url":"https:\/\/inclusivenews.com.br\/?author=2"}]}},"_links":{"self":[{"href":"https:\/\/inclusivenews.com.br\/index.php?rest_route=\/wp\/v2\/posts\/7320","targetHints":{"allow":["GET"]}}],"collection":[{"href":"https:\/\/inclusivenews.com.br\/index.php?rest_route=\/wp\/v2\/posts"}],"about":[{"href":"https:\/\/inclusivenews.com.br\/index.php?rest_route=\/wp\/v2\/types\/post"}],"author":[{"embeddable":true,"href":"https:\/\/inclusivenews.com.br\/index.php?rest_route=\/wp\/v2\/users\/2"}],"replies":[{"embeddable":true,"href":"https:\/\/inclusivenews.com.br\/index.php?rest_route=%2Fwp%2Fv2%2Fcomments&post=7320"}],"version-history":[{"count":0,"href":"https:\/\/inclusivenews.com.br\/index.php?rest_route=\/wp\/v2\/posts\/7320\/revisions"}],"wp:attachment":[{"href":"https:\/\/inclusivenews.com.br\/index.php?rest_route=%2Fwp%2Fv2%2Fmedia&parent=7320"}],"wp:term":[{"taxonomy":"category","embeddable":true,"href":"https:\/\/inclusivenews.com.br\/index.php?rest_route=%2Fwp%2Fv2%2Fcategories&post=7320"},{"taxonomy":"post_tag","embeddable":true,"href":"https:\/\/inclusivenews.com.br\/index.php?rest_route=%2Fwp%2Fv2%2Ftags&post=7320"}],"curies":[{"name":"wp","href":"https:\/\/api.w.org\/{rel}","templated":true}]}}