{"id":7341,"date":"2009-05-01T12:04:32","date_gmt":"2009-05-01T12:04:32","guid":{"rendered":"http:\/\/agenciainclusive.wordpress.com\/?p=7341"},"modified":"2009-05-01T12:04:32","modified_gmt":"2009-05-01T12:04:32","slug":"minuto-da-inclusao-programas-684-a-687","status":"publish","type":"post","link":"https:\/\/inclusivenews.com.br\/?p=7341","title":{"rendered":"Minuto da inclus\u00e3o &#8211; Programas 684 a 687"},"content":{"rendered":"<figure id=\"attachment_2988\" aria-describedby=\"caption-attachment-2988\" style=\"width: 180px\" class=\"wp-caption alignnone\"><img loading=\"lazy\" decoding=\"async\" class=\"size-full wp-image-2988\" title=\"minuto_da_inclusao\" src=\"http:\/\/agenciainclusive.files.wordpress.com\/2009\/01\/minuto_da_inclusao.jpg\" alt=\"minuto_da_inclusao\" width=\"180\" height=\"78\" \/><figcaption id=\"caption-attachment-2988\" class=\"wp-caption-text\">Na imagem, logotipo do Minuto da Inclus\u00e3o: um rel\u00f3gio simulando uma pessoa de bra\u00e7os abertos contornada por um c\u00edrculo incompleto.<\/figcaption><\/figure>\n<p style=\"text-align:right;\">Para ouvir os boletins direto do navegador,<br \/>\nrole o mouse sobre o link a seguir e aguarde<br \/>\no player ser exibido na janela popup.<\/p>\n<p style=\"text-align:left;\"><a href=\"http:\/\/www.mypodcast.com\/fsaudio\/inclusive_20090430_0705-424280.mp3\" target=\"_blank\" rel=\"noopener\">Programas 684, 685, 686 e 687<\/a><\/p>\n<p style=\"text-align:left;\">Programa 684 &#8211; Troca de experi\u00eancias entre Brasil e Espanha<\/p>\n<p style=\"text-align:left;\">Ol\u00e1 Brasil!<br \/>\nGestores sociais de estados e munic\u00edpios participaram, recentemente da Oficina Servi\u00e7os de Prote\u00e7\u00e3o da Pol\u00edtica de Assist\u00eancia Social a Pessoas Idosas e Pessoas com Defici\u00eancia. O evento foi realizado em parceria com o governo da Espanha. A iniciativa faz parte do Projeto de Fortalecimento da Gest\u00e3o de Pol\u00edticas de Inclus\u00e3o Social do Minist\u00e9rio do Desenvolvimento Social e Combate \u00e0 Fome. Desde 2003, o Brasil e a Espanha mant\u00eam um acordo de coopera\u00e7\u00e3o t\u00e9cnica, renovado a cada tr\u00eas anos. Essa troca de experi\u00eancias \u00e9 muito\u00a0 importante, pois teremos cada vez mais uma popula\u00e7\u00e3o composta por pessoas idosas que necessitam de servi\u00e7os de qualidade. Al\u00e9m disso, os dois pa\u00edses refor\u00e7am a pr\u00e1tica da coopera\u00e7\u00e3o defendida na Conven\u00e7\u00e3o Internacional sobre os Direitos das Pessoas com Defici\u00eancia, da ONU.<br \/>\nTuca Munhoz para o Minuto da Inclus\u00e3o.<\/p>\n<p style=\"text-align:left;\">Programa 685 &#8211; Sobre doen\u00e7a mental e defici\u00eancia intelectual<\/p>\n<p style=\"text-align:left;\">Ol\u00e1 Brasil!<br \/>\nHoje vamos falar mais um pouco sobre a defici\u00eancia intelectual, Em primeiro lugar, \u00e9 importante n\u00e3o confundir defici\u00eancia intelectual com doen\u00e7a mental: defici\u00eancia intelectual \u00e9 uma condi\u00e7\u00e3o que dura a vida toda, j\u00e1 doen\u00e7a mental pode ser curada. Desse modo, pessoas com doen\u00e7a mental necessitam de cuidados de sa\u00fade mental, terap\u00eauticos e servi\u00e7os p\u00fablicos para que possam viver com dignidade. J\u00e1 as pessoas com defici\u00eancia intelectual precisam ter acesso aos servi\u00e7os b\u00e1sicos, \u00e0 educa\u00e7\u00e3o adequada e \u00e0 habilita\u00e7\u00e3o profissional para viverem com todas as possibilidades de inclus\u00e3o social. Lembre-se: n\u00e3o devemos usar termos ofensivos e discriminat\u00f3rios como, por exemplo, \u201cretardados mentais\u201d para denominar essas pessoas. A reflex\u00e3o e as mudan\u00e7as de atitude de todos s\u00e3o fundamentais na busca pela qualidade de vida das pessoas com defici\u00eancia intelectual ou com doen\u00e7a mental.<br \/>\nTuca Munhoz para o Minuto da Inclus\u00e3o.<\/p>\n<p style=\"text-align:left;\">Programa 686 &#8211; Informa\u00e7\u00f5es sobre a Dislexia<\/p>\n<p style=\"text-align:left;\">Ol\u00e1 Brasil!<br \/>\nSe na hora\u00a0 das tarefas escolares seu filho confunde o \u201cp\u201d com o \u201cb\u201d ou troca o \u201cd\u201d pelo \u201ct\u201d, isso pode ser caracter\u00edstica da dislexia. Por\u00e9m, n\u00e3o se preocupe, pois a crian\u00e7a que apresenta essa dificuldade pode ter uma vida normal.<br \/>\nIsso porque as dificuldades para ler ou escrever n\u00e3o impedem que as outras habilidades possam ser desenvolvidas. Al\u00e9m disso, com apoio e exerc\u00edcios, a dificuldade pode diminuir ao longo do tempo, e a colabora\u00e7\u00e3o de pais, professores e colegas de classe, \u00e9 fundamental nesse processo. Lembres-se: a pessoa que apresenta dislexia apenas tem um jeito de aprender diferente das outras pessoas. No entanto, vale lembrar tamb\u00e9m que nem toda\u00a0dificuldade de leitura e escrita pode ser dislexia. Ent\u00e3o, procure orienta\u00e7\u00e3o com os profissionais da escola de seu filho ou no posto de sa\u00fade de seu bairro.<br \/>\nTuca Munhoz para o Minuto da Inclus\u00e3o.<\/p>\n<p style=\"text-align:left;\">Programa 687 &#8211; Tecnologia e inclus\u00e3o &#8211; Tradutor do sistema braile<\/p>\n<p style=\"text-align:left;\">Ol\u00e1 Brasil!<br \/>\nPesquisadores da Universidade Estadual de Ponta Grossa, no Paran\u00e1, desenvolveram um sistema capaz de reconhecer, com o aux\u00edlio de uma c\u00e2mara, os sessenta e tr\u00eas sinais do sistema braile. Em apenas dois meses, a equipe de professores criou o programa que, em apenas um segundo, fotografa e decodifica uma letra em braile para o alfabeto romano. A iniciativa para criar o sistema, batizado de Litteris, surgiu devido \u00e0 dificuldade em transcrever as provas de reda\u00e7\u00e3o do vestibular da institui\u00e7\u00e3o aplicadas para pessoas com defici\u00eancia visual. Os testes registraram noventa por cento de acerto do programa na hora da leitura com esse sistema. A ideia foi desenvolver uma ferramenta de f\u00e1cil manuseio, com baixo custo e alta produtividade. O objetivo agora \u00e9 oferecer uma vers\u00e3o on-line e gratuita do programa. Vamos aguardar!<br \/>\nTuca Munhoz para o Minuto da Inclus\u00e3o.<\/p>\n","protected":false},"excerpt":{"rendered":"<p>Para ouvir os boletins direto do navegador, role o mouse sobre o link a seguir e aguarde o player ser exibido na janela popup. Programas 684, 685, 686 e 687 Programa 684 &#8211; Troca de experi\u00eancias entre Brasil e Espanha Ol\u00e1 Brasil! Gestores sociais de estados e munic\u00edpios participaram, recentemente da Oficina Servi\u00e7os de Prote\u00e7\u00e3o [&hellip;]<\/p>\n","protected":false},"author":2,"featured_media":0,"comment_status":"open","ping_status":"open","sticky":false,"template":"","format":"standard","meta":{"site-container-style":"default","site-container-layout":"default","site-sidebar-layout":"default","disable-article-header":"default","disable-site-header":"default","disable-site-footer":"default","disable-content-area-spacing":"default","footnotes":""},"categories":[21],"tags":[20,15],"class_list":["post-7341","post","type-post","status-publish","format-standard","hentry","category-audio","tag-minuto-da-inclusao","tag-multimidia"],"yoast_head":"<!-- This site is optimized with the Yoast SEO plugin v27.4 - https:\/\/yoast.com\/product\/yoast-seo-wordpress\/ -->\n<title>Minuto da inclus\u00e3o - Programas 684 a 687 -<\/title>\n<meta name=\"robots\" content=\"index, follow, max-snippet:-1, max-image-preview:large, max-video-preview:-1\" \/>\n<link rel=\"canonical\" href=\"https:\/\/inclusivenews.com.br\/?p=7341\" \/>\n<meta property=\"og:locale\" content=\"pt_PT\" \/>\n<meta property=\"og:type\" content=\"article\" \/>\n<meta property=\"og:title\" content=\"Minuto da inclus\u00e3o - Programas 684 a 687 -\" \/>\n<meta property=\"og:description\" content=\"Para ouvir os boletins direto do navegador, role o mouse sobre o link a seguir e aguarde o player ser exibido na janela popup. Programas 684, 685, 686 e 687 Programa 684 &#8211; Troca de experi\u00eancias entre Brasil e Espanha Ol\u00e1 Brasil! Gestores sociais de estados e munic\u00edpios participaram, recentemente da Oficina Servi\u00e7os de Prote\u00e7\u00e3o [&hellip;]\" \/>\n<meta property=\"og:url\" content=\"https:\/\/inclusivenews.com.br\/?p=7341\" \/>\n<meta property=\"article:publisher\" content=\"https:\/\/www.facebook.com\/agenciainclusive\/\" \/>\n<meta property=\"article:published_time\" content=\"2009-05-01T12:04:32+00:00\" \/>\n<meta property=\"og:image\" content=\"http:\/\/agenciainclusive.files.wordpress.com\/2009\/01\/minuto_da_inclusao.jpg\" \/>\n<meta name=\"author\" content=\"Inclusive\" \/>\n<meta name=\"twitter:card\" content=\"summary_large_image\" \/>\n<meta name=\"twitter:label1\" content=\"Escrito por\" \/>\n\t<meta name=\"twitter:data1\" content=\"Inclusive\" \/>\n\t<meta name=\"twitter:label2\" content=\"Tempo estimado de leitura\" \/>\n\t<meta name=\"twitter:data2\" content=\"4 minutos\" \/>\n<script type=\"application\/ld+json\" class=\"yoast-schema-graph\">{\"@context\":\"https:\\\/\\\/schema.org\",\"@graph\":[{\"@type\":\"Article\",\"@id\":\"https:\\\/\\\/inclusivenews.com.br\\\/?p=7341#article\",\"isPartOf\":{\"@id\":\"https:\\\/\\\/inclusivenews.com.br\\\/?p=7341\"},\"author\":{\"name\":\"Inclusive\",\"@id\":\"https:\\\/\\\/inclusivenews.com.br\\\/#\\\/schema\\\/person\\\/0dab492019871b94abb65fa8ee7c8c44\"},\"headline\":\"Minuto da inclus\u00e3o &#8211; Programas 684 a 687\",\"datePublished\":\"2009-05-01T12:04:32+00:00\",\"mainEntityOfPage\":{\"@id\":\"https:\\\/\\\/inclusivenews.com.br\\\/?p=7341\"},\"wordCount\":727,\"commentCount\":0,\"publisher\":{\"@id\":\"https:\\\/\\\/inclusivenews.com.br\\\/#organization\"},\"image\":{\"@id\":\"https:\\\/\\\/inclusivenews.com.br\\\/?p=7341#primaryimage\"},\"thumbnailUrl\":\"http:\\\/\\\/agenciainclusive.files.wordpress.com\\\/2009\\\/01\\\/minuto_da_inclusao.jpg\",\"keywords\":[\"Minuto da Inclusao\",\"Multim\u00eddia\"],\"articleSection\":[\"\u00c1udio\"],\"inLanguage\":\"pt-PT\",\"potentialAction\":[{\"@type\":\"CommentAction\",\"name\":\"Comment\",\"target\":[\"https:\\\/\\\/inclusivenews.com.br\\\/?p=7341#respond\"]}]},{\"@type\":\"WebPage\",\"@id\":\"https:\\\/\\\/inclusivenews.com.br\\\/?p=7341\",\"url\":\"https:\\\/\\\/inclusivenews.com.br\\\/?p=7341\",\"name\":\"Minuto da inclus\u00e3o - Programas 684 a 687 -\",\"isPartOf\":{\"@id\":\"https:\\\/\\\/inclusivenews.com.br\\\/#website\"},\"primaryImageOfPage\":{\"@id\":\"https:\\\/\\\/inclusivenews.com.br\\\/?p=7341#primaryimage\"},\"image\":{\"@id\":\"https:\\\/\\\/inclusivenews.com.br\\\/?p=7341#primaryimage\"},\"thumbnailUrl\":\"http:\\\/\\\/agenciainclusive.files.wordpress.com\\\/2009\\\/01\\\/minuto_da_inclusao.jpg\",\"datePublished\":\"2009-05-01T12:04:32+00:00\",\"breadcrumb\":{\"@id\":\"https:\\\/\\\/inclusivenews.com.br\\\/?p=7341#breadcrumb\"},\"inLanguage\":\"pt-PT\",\"potentialAction\":[{\"@type\":\"ReadAction\",\"target\":[\"https:\\\/\\\/inclusivenews.com.br\\\/?p=7341\"]}]},{\"@type\":\"ImageObject\",\"inLanguage\":\"pt-PT\",\"@id\":\"https:\\\/\\\/inclusivenews.com.br\\\/?p=7341#primaryimage\",\"url\":\"http:\\\/\\\/agenciainclusive.files.wordpress.com\\\/2009\\\/01\\\/minuto_da_inclusao.jpg\",\"contentUrl\":\"http:\\\/\\\/agenciainclusive.files.wordpress.com\\\/2009\\\/01\\\/minuto_da_inclusao.jpg\"},{\"@type\":\"BreadcrumbList\",\"@id\":\"https:\\\/\\\/inclusivenews.com.br\\\/?p=7341#breadcrumb\",\"itemListElement\":[{\"@type\":\"ListItem\",\"position\":1,\"name\":\"In\u00edcio\",\"item\":\"https:\\\/\\\/inclusivenews.com.br\\\/\"},{\"@type\":\"ListItem\",\"position\":2,\"name\":\"Minuto da inclus\u00e3o &#8211; Programas 684 a 687\"}]},{\"@type\":\"WebSite\",\"@id\":\"https:\\\/\\\/inclusivenews.com.br\\\/#website\",\"url\":\"https:\\\/\\\/inclusivenews.com.br\\\/\",\"name\":\"Inclusive News\",\"description\":\"Inclusive News\",\"publisher\":{\"@id\":\"https:\\\/\\\/inclusivenews.com.br\\\/#organization\"},\"potentialAction\":[{\"@type\":\"SearchAction\",\"target\":{\"@type\":\"EntryPoint\",\"urlTemplate\":\"https:\\\/\\\/inclusivenews.com.br\\\/?s={search_term_string}\"},\"query-input\":{\"@type\":\"PropertyValueSpecification\",\"valueRequired\":true,\"valueName\":\"search_term_string\"}}],\"inLanguage\":\"pt-PT\"},{\"@type\":\"Organization\",\"@id\":\"https:\\\/\\\/inclusivenews.com.br\\\/#organization\",\"name\":\"Inclusive - inclus\u00e3o e cidadania\",\"url\":\"https:\\\/\\\/inclusivenews.com.br\\\/\",\"logo\":{\"@type\":\"ImageObject\",\"inLanguage\":\"pt-PT\",\"@id\":\"https:\\\/\\\/inclusivenews.com.br\\\/#\\\/schema\\\/logo\\\/image\\\/\",\"url\":\"https:\\\/\\\/inclusivenews.com.br\\\/wp-content\\\/uploads\\\/2024\\\/03\\\/@grandesite.png\",\"contentUrl\":\"https:\\\/\\\/inclusivenews.com.br\\\/wp-content\\\/uploads\\\/2024\\\/03\\\/@grandesite.png\",\"width\":1080,\"height\":1080,\"caption\":\"Inclusive - inclus\u00e3o e cidadania\"},\"image\":{\"@id\":\"https:\\\/\\\/inclusivenews.com.br\\\/#\\\/schema\\\/logo\\\/image\\\/\"},\"sameAs\":[\"https:\\\/\\\/www.facebook.com\\\/agenciainclusive\\\/\",\"https:\\\/\\\/www.instagram.com\\\/newsinclusive\\\/\"]},{\"@type\":\"Person\",\"@id\":\"https:\\\/\\\/inclusivenews.com.br\\\/#\\\/schema\\\/person\\\/0dab492019871b94abb65fa8ee7c8c44\",\"name\":\"Inclusive\",\"image\":{\"@type\":\"ImageObject\",\"inLanguage\":\"pt-PT\",\"@id\":\"https:\\\/\\\/secure.gravatar.com\\\/avatar\\\/?s=96&d=mm&r=g\",\"url\":\"https:\\\/\\\/secure.gravatar.com\\\/avatar\\\/?s=96&d=mm&r=g\",\"contentUrl\":\"https:\\\/\\\/secure.gravatar.com\\\/avatar\\\/?s=96&d=mm&r=g\",\"caption\":\"Inclusive\"},\"url\":\"https:\\\/\\\/inclusivenews.com.br\\\/?author=2\"}]}<\/script>\n<!-- \/ Yoast SEO plugin. -->","yoast_head_json":{"title":"Minuto da inclus\u00e3o - Programas 684 a 687 -","robots":{"index":"index","follow":"follow","max-snippet":"max-snippet:-1","max-image-preview":"max-image-preview:large","max-video-preview":"max-video-preview:-1"},"canonical":"https:\/\/inclusivenews.com.br\/?p=7341","og_locale":"pt_PT","og_type":"article","og_title":"Minuto da inclus\u00e3o - Programas 684 a 687 -","og_description":"Para ouvir os boletins direto do navegador, role o mouse sobre o link a seguir e aguarde o player ser exibido na janela popup. Programas 684, 685, 686 e 687 Programa 684 &#8211; Troca de experi\u00eancias entre Brasil e Espanha Ol\u00e1 Brasil! Gestores sociais de estados e munic\u00edpios participaram, recentemente da Oficina Servi\u00e7os de Prote\u00e7\u00e3o [&hellip;]","og_url":"https:\/\/inclusivenews.com.br\/?p=7341","article_publisher":"https:\/\/www.facebook.com\/agenciainclusive\/","article_published_time":"2009-05-01T12:04:32+00:00","og_image":[{"url":"http:\/\/agenciainclusive.files.wordpress.com\/2009\/01\/minuto_da_inclusao.jpg","type":"","width":"","height":""}],"author":"Inclusive","twitter_card":"summary_large_image","twitter_misc":{"Escrito por":"Inclusive","Tempo estimado de leitura":"4 minutos"},"schema":{"@context":"https:\/\/schema.org","@graph":[{"@type":"Article","@id":"https:\/\/inclusivenews.com.br\/?p=7341#article","isPartOf":{"@id":"https:\/\/inclusivenews.com.br\/?p=7341"},"author":{"name":"Inclusive","@id":"https:\/\/inclusivenews.com.br\/#\/schema\/person\/0dab492019871b94abb65fa8ee7c8c44"},"headline":"Minuto da inclus\u00e3o &#8211; Programas 684 a 687","datePublished":"2009-05-01T12:04:32+00:00","mainEntityOfPage":{"@id":"https:\/\/inclusivenews.com.br\/?p=7341"},"wordCount":727,"commentCount":0,"publisher":{"@id":"https:\/\/inclusivenews.com.br\/#organization"},"image":{"@id":"https:\/\/inclusivenews.com.br\/?p=7341#primaryimage"},"thumbnailUrl":"http:\/\/agenciainclusive.files.wordpress.com\/2009\/01\/minuto_da_inclusao.jpg","keywords":["Minuto da Inclusao","Multim\u00eddia"],"articleSection":["\u00c1udio"],"inLanguage":"pt-PT","potentialAction":[{"@type":"CommentAction","name":"Comment","target":["https:\/\/inclusivenews.com.br\/?p=7341#respond"]}]},{"@type":"WebPage","@id":"https:\/\/inclusivenews.com.br\/?p=7341","url":"https:\/\/inclusivenews.com.br\/?p=7341","name":"Minuto da inclus\u00e3o - Programas 684 a 687 -","isPartOf":{"@id":"https:\/\/inclusivenews.com.br\/#website"},"primaryImageOfPage":{"@id":"https:\/\/inclusivenews.com.br\/?p=7341#primaryimage"},"image":{"@id":"https:\/\/inclusivenews.com.br\/?p=7341#primaryimage"},"thumbnailUrl":"http:\/\/agenciainclusive.files.wordpress.com\/2009\/01\/minuto_da_inclusao.jpg","datePublished":"2009-05-01T12:04:32+00:00","breadcrumb":{"@id":"https:\/\/inclusivenews.com.br\/?p=7341#breadcrumb"},"inLanguage":"pt-PT","potentialAction":[{"@type":"ReadAction","target":["https:\/\/inclusivenews.com.br\/?p=7341"]}]},{"@type":"ImageObject","inLanguage":"pt-PT","@id":"https:\/\/inclusivenews.com.br\/?p=7341#primaryimage","url":"http:\/\/agenciainclusive.files.wordpress.com\/2009\/01\/minuto_da_inclusao.jpg","contentUrl":"http:\/\/agenciainclusive.files.wordpress.com\/2009\/01\/minuto_da_inclusao.jpg"},{"@type":"BreadcrumbList","@id":"https:\/\/inclusivenews.com.br\/?p=7341#breadcrumb","itemListElement":[{"@type":"ListItem","position":1,"name":"In\u00edcio","item":"https:\/\/inclusivenews.com.br\/"},{"@type":"ListItem","position":2,"name":"Minuto da inclus\u00e3o &#8211; Programas 684 a 687"}]},{"@type":"WebSite","@id":"https:\/\/inclusivenews.com.br\/#website","url":"https:\/\/inclusivenews.com.br\/","name":"Inclusive News","description":"Inclusive News","publisher":{"@id":"https:\/\/inclusivenews.com.br\/#organization"},"potentialAction":[{"@type":"SearchAction","target":{"@type":"EntryPoint","urlTemplate":"https:\/\/inclusivenews.com.br\/?s={search_term_string}"},"query-input":{"@type":"PropertyValueSpecification","valueRequired":true,"valueName":"search_term_string"}}],"inLanguage":"pt-PT"},{"@type":"Organization","@id":"https:\/\/inclusivenews.com.br\/#organization","name":"Inclusive - inclus\u00e3o e cidadania","url":"https:\/\/inclusivenews.com.br\/","logo":{"@type":"ImageObject","inLanguage":"pt-PT","@id":"https:\/\/inclusivenews.com.br\/#\/schema\/logo\/image\/","url":"https:\/\/inclusivenews.com.br\/wp-content\/uploads\/2024\/03\/@grandesite.png","contentUrl":"https:\/\/inclusivenews.com.br\/wp-content\/uploads\/2024\/03\/@grandesite.png","width":1080,"height":1080,"caption":"Inclusive - inclus\u00e3o e cidadania"},"image":{"@id":"https:\/\/inclusivenews.com.br\/#\/schema\/logo\/image\/"},"sameAs":["https:\/\/www.facebook.com\/agenciainclusive\/","https:\/\/www.instagram.com\/newsinclusive\/"]},{"@type":"Person","@id":"https:\/\/inclusivenews.com.br\/#\/schema\/person\/0dab492019871b94abb65fa8ee7c8c44","name":"Inclusive","image":{"@type":"ImageObject","inLanguage":"pt-PT","@id":"https:\/\/secure.gravatar.com\/avatar\/?s=96&d=mm&r=g","url":"https:\/\/secure.gravatar.com\/avatar\/?s=96&d=mm&r=g","contentUrl":"https:\/\/secure.gravatar.com\/avatar\/?s=96&d=mm&r=g","caption":"Inclusive"},"url":"https:\/\/inclusivenews.com.br\/?author=2"}]}},"_links":{"self":[{"href":"https:\/\/inclusivenews.com.br\/index.php?rest_route=\/wp\/v2\/posts\/7341","targetHints":{"allow":["GET"]}}],"collection":[{"href":"https:\/\/inclusivenews.com.br\/index.php?rest_route=\/wp\/v2\/posts"}],"about":[{"href":"https:\/\/inclusivenews.com.br\/index.php?rest_route=\/wp\/v2\/types\/post"}],"author":[{"embeddable":true,"href":"https:\/\/inclusivenews.com.br\/index.php?rest_route=\/wp\/v2\/users\/2"}],"replies":[{"embeddable":true,"href":"https:\/\/inclusivenews.com.br\/index.php?rest_route=%2Fwp%2Fv2%2Fcomments&post=7341"}],"version-history":[{"count":0,"href":"https:\/\/inclusivenews.com.br\/index.php?rest_route=\/wp\/v2\/posts\/7341\/revisions"}],"wp:attachment":[{"href":"https:\/\/inclusivenews.com.br\/index.php?rest_route=%2Fwp%2Fv2%2Fmedia&parent=7341"}],"wp:term":[{"taxonomy":"category","embeddable":true,"href":"https:\/\/inclusivenews.com.br\/index.php?rest_route=%2Fwp%2Fv2%2Fcategories&post=7341"},{"taxonomy":"post_tag","embeddable":true,"href":"https:\/\/inclusivenews.com.br\/index.php?rest_route=%2Fwp%2Fv2%2Ftags&post=7341"}],"curies":[{"name":"wp","href":"https:\/\/api.w.org\/{rel}","templated":true}]}}