{"id":7358,"date":"2009-05-04T12:46:30","date_gmt":"2009-05-04T12:46:30","guid":{"rendered":"http:\/\/agenciainclusive.wordpress.com\/?p=7358"},"modified":"2009-05-04T12:46:30","modified_gmt":"2009-05-04T12:46:30","slug":"deficiencia-moral","status":"publish","type":"post","link":"https:\/\/inclusivenews.com.br\/?p=7358","title":{"rendered":"Defici\u00eancia moral"},"content":{"rendered":"<p><img loading=\"lazy\" decoding=\"async\" class=\"size-full wp-image-5468 alignleft\" title=\"blogosfera\" src=\"http:\/\/agenciainclusive.files.wordpress.com\/2009\/02\/blogosfera.jpg\" alt=\"Descri\u00e7\u00e3o da imagem: globo formado por teclado de computador.\" width=\"90\" height=\"86\" \/><strong>Andrei Bastos<\/strong><\/p>\n<p><a href=\"http:\/\/blog.andrei.bastos.nom.br\/2009\/05\/02\/deficiencia-moral\/\">http:\/\/blog.andrei.bastos.nom.br\/2009\/05\/02\/deficiencia-moral\/<\/a><\/p>\n<p>Falar \u201cdefici\u00eancia moral\u201d assim, sem explicar, parece redundante, pois este \u00e9 o maior padecimento da sociedade brasileira, em especial da sua representa\u00e7\u00e3o pol\u00edtica, na sua maior parte ileg\u00edtima e n\u00e3o merecedora de nenhum respeito. Mas estou me referindo \u00e9 ao projeto do deputado Efraim Filho de cota para deficientes em institui\u00e7\u00f5es p\u00fablicas de ensino m\u00e9dio e superior, que, ao menos de mim, tamb\u00e9m n\u00e3o merece respeito.<\/p>\n<p>Qual \u00e9 a desse Efraim? Ser\u00e1 que ele est\u00e1 querendo promover a inclus\u00e3o das pessoas com defici\u00eancia na bandalheira geral nacional, de acordo com a lei do pobre G\u00e9rson, ou est\u00e1 mediocremente catando votinhos de coitadinhos, e de quem pensa que somos coitadinhos, para se manter na mordomia da capital federal?<\/p>\n<p>Mesmo sem considerar que os dez por cento reivindicados j\u00e1 s\u00e3o um exagero, que somados \u00e0s outras cotas formam o absurdo de deixar apenas 40% para quem n\u00e3o \u00e9 negro, pobre ou deficiente e apenas estuda, o projeto do Efraim representa, mais do que gigantesco retrocesso para a emancipa\u00e7\u00e3o plena das pessoas com defici\u00eancia, um verdadeiro ato de discrimina\u00e7\u00e3o, \u00e0 semelhan\u00e7a do famigerado projeto de Estatuto do coitadinho do Paulo Paim, e o deficiente que o defender estar\u00e1 equivocado, se autodiscriminando.<\/p>\n<p>Fazer a coisa certa, que \u00e9 bater de frente com o Executivo e cobrar tudo o que seja necess\u00e1rio para as pessoas com defici\u00eancia poderem assistir \u00e0s aulas \u2013 da acessibilidade arquitet\u00f4nica aos softwares para cegos \u2013, para poderem chegar nas escolas e faculdades \u2013 da acessibilidade nas vias urbanas a um sistema de transporte p\u00fablico acess\u00edvel \u2013, isso pouca gente faz porque gera antipatia e n\u00e3o serve \u00e0s negociatas eleitoreiras ou de sinecuras. \u00c9 mais f\u00e1cil fazer demagogia com um projeto como esse, enganar os coitadinhos, os que pensam que somos coitadinhos, e favorecer aos que vivem de olho em mordomias.<\/p>\n<p>\u00d4 Efraim, deixa de ser Paim! Afinal, como ficar\u00e1 a autoestima de meus amigos paralisados cerebrais que passaram no vestibular, se formaram, e exercem o jornalismo com uma compet\u00eancia pouco comum, ou do rapaz pobre e tetrapl\u00e9gico, morador de sub\u00farbio distante, que passou para Ci\u00eancia da Computa\u00e7\u00e3o na UFRJ, assim como a de tantas outras mentes brilhantes de pessoas com as mais diversas defici\u00eancias? D\u00e1 s\u00f3 uma olhada na Hist\u00f3ria para voc\u00ea ver quantos deficientes contribu\u00edram para o progresso humano. Voc\u00ea vai encontrar de Beethoven a Roosevelt.<\/p>\n<p>E o coitadinho do Efraim ainda diz que a cota para deficientes \u00e9 mais justa do que as raciais \u201cporque vai corrigir uma desigualdade vis\u00edvel\u201d\u2026<\/p>\n<p>Ex-aluno do col\u00e9gio Pin\u00f3cchio-Vis\u00e3o, o deputado diz que \u201cum aluno cego n\u00e3o disputa o vestibular em igualdade com outro que enxergue, mesmo que os dois tenham recebido a mesma forma\u00e7\u00e3o escolar\u201d. Claro, \u00f4 Paim, quer dizer, Efraim! Para igualar as condi\u00e7\u00f5es, o cego precisa de braile ou software leitor de tela! A bem da mais vis\u00edvel verdade, intelig\u00eancia e capacidade para estudar os cegos t\u00eam, e muitas vezes mais do que quem n\u00e3o \u00e9 cego e estudou no col\u00e9gio Pin\u00f3cchio-Vis\u00e3o.<\/p>\n<p>Em outra p\u00e9rola do pensamento efrainiano, o parlamentar solta que \u201ca divis\u00e3o das vagas vai depender do bom senso, porque h\u00e1 deficientes que tamb\u00e9m se enquadram nos crit\u00e9rios de renda e etnia\u201d. Descontando o fato de que n\u00e3o deva ser o bom senso a reger partilha de tal natureza, podemos dizer que esta \u00e9 uma conclus\u00e3o brilhante diante da possibilidade de ele vir a defender que os deficientes negros e pobres podem acumular tr\u00eas vagas, tr\u00eas carteiras escolares, tr\u00eas diplomas etc.<\/p>\n<p>Representante do povo paraibano, todos n\u00f3s sabemos que o maior problema do Brasil, e certamente mais ainda do seu estado, \u00e9 justamente a pobreza. Porque n\u00e3o gastar sua energia de jovem parlamentar promovendo maior distribui\u00e7\u00e3o de renda na terra em que nasceu e no resto do pa\u00eds? Trabalhe para garantir a melhor educa\u00e7\u00e3o inclusiva poss\u00edvel para todas as crian\u00e7as brasileiras pobres, deputado. Qualquer levantamento estat\u00edstico indicar\u00e1 que a maioria das crian\u00e7as com defici\u00eancia, negras ou n\u00e3o, est\u00e1 nas camadas de baixa renda, que n\u00e3o t\u00eam nem mesmo a aten\u00e7\u00e3o devida na hora do parto. Fazendo isso, certamente resolveremos com facilidade todo o resto, sem necessidade de passar um atestado de defici\u00eancia moral como esse projeto de lei.<\/p>\n","protected":false},"excerpt":{"rendered":"<p>Andrei Bastos http:\/\/blog.andrei.bastos.nom.br\/2009\/05\/02\/deficiencia-moral\/ Falar \u201cdefici\u00eancia moral\u201d assim, sem explicar, parece redundante, pois este \u00e9 o maior padecimento da sociedade brasileira, em especial da sua representa\u00e7\u00e3o pol\u00edtica, na sua maior parte ileg\u00edtima e n\u00e3o merecedora de nenhum respeito. Mas estou me referindo \u00e9 ao projeto do deputado Efraim Filho de cota para deficientes em institui\u00e7\u00f5es p\u00fablicas [&hellip;]<\/p>\n","protected":false},"author":2,"featured_media":0,"comment_status":"open","ping_status":"open","sticky":false,"template":"","format":"standard","meta":{"site-container-style":"default","site-container-layout":"default","site-sidebar-layout":"default","disable-article-header":"default","disable-site-header":"default","disable-site-footer":"default","disable-content-area-spacing":"default","footnotes":""},"categories":[8],"tags":[],"class_list":["post-7358","post","type-post","status-publish","format-standard","hentry","category-textos-e-artigos"],"yoast_head":"<!-- This site is optimized with the Yoast SEO plugin v27.4 - https:\/\/yoast.com\/product\/yoast-seo-wordpress\/ -->\n<title>Defici\u00eancia moral -<\/title>\n<meta name=\"robots\" content=\"index, follow, max-snippet:-1, max-image-preview:large, max-video-preview:-1\" \/>\n<link rel=\"canonical\" href=\"https:\/\/inclusivenews.com.br\/?p=7358\" \/>\n<meta property=\"og:locale\" content=\"pt_PT\" \/>\n<meta property=\"og:type\" content=\"article\" \/>\n<meta property=\"og:title\" content=\"Defici\u00eancia moral -\" \/>\n<meta property=\"og:description\" content=\"Andrei Bastos http:\/\/blog.andrei.bastos.nom.br\/2009\/05\/02\/deficiencia-moral\/ Falar \u201cdefici\u00eancia moral\u201d assim, sem explicar, parece redundante, pois este \u00e9 o maior padecimento da sociedade brasileira, em especial da sua representa\u00e7\u00e3o pol\u00edtica, na sua maior parte ileg\u00edtima e n\u00e3o merecedora de nenhum respeito. Mas estou me referindo \u00e9 ao projeto do deputado Efraim Filho de cota para deficientes em institui\u00e7\u00f5es p\u00fablicas [&hellip;]\" \/>\n<meta property=\"og:url\" content=\"https:\/\/inclusivenews.com.br\/?p=7358\" \/>\n<meta property=\"article:publisher\" content=\"https:\/\/www.facebook.com\/agenciainclusive\/\" \/>\n<meta property=\"article:published_time\" content=\"2009-05-04T12:46:30+00:00\" \/>\n<meta property=\"og:image\" content=\"http:\/\/agenciainclusive.files.wordpress.com\/2009\/02\/blogosfera.jpg\" \/>\n<meta name=\"author\" content=\"Inclusive\" \/>\n<meta name=\"twitter:card\" content=\"summary_large_image\" \/>\n<meta name=\"twitter:label1\" content=\"Escrito por\" \/>\n\t<meta name=\"twitter:data1\" content=\"Inclusive\" \/>\n\t<meta name=\"twitter:label2\" content=\"Tempo estimado de leitura\" \/>\n\t<meta name=\"twitter:data2\" content=\"4 minutos\" \/>\n<script type=\"application\/ld+json\" class=\"yoast-schema-graph\">{\"@context\":\"https:\\\/\\\/schema.org\",\"@graph\":[{\"@type\":\"Article\",\"@id\":\"https:\\\/\\\/inclusivenews.com.br\\\/?p=7358#article\",\"isPartOf\":{\"@id\":\"https:\\\/\\\/inclusivenews.com.br\\\/?p=7358\"},\"author\":{\"name\":\"Inclusive\",\"@id\":\"https:\\\/\\\/inclusivenews.com.br\\\/#\\\/schema\\\/person\\\/0dab492019871b94abb65fa8ee7c8c44\"},\"headline\":\"Defici\u00eancia moral\",\"datePublished\":\"2009-05-04T12:46:30+00:00\",\"mainEntityOfPage\":{\"@id\":\"https:\\\/\\\/inclusivenews.com.br\\\/?p=7358\"},\"wordCount\":756,\"commentCount\":0,\"publisher\":{\"@id\":\"https:\\\/\\\/inclusivenews.com.br\\\/#organization\"},\"image\":{\"@id\":\"https:\\\/\\\/inclusivenews.com.br\\\/?p=7358#primaryimage\"},\"thumbnailUrl\":\"http:\\\/\\\/agenciainclusive.files.wordpress.com\\\/2009\\\/02\\\/blogosfera.jpg\",\"articleSection\":[\"OPINI\u00c3O\"],\"inLanguage\":\"pt-PT\",\"potentialAction\":[{\"@type\":\"CommentAction\",\"name\":\"Comment\",\"target\":[\"https:\\\/\\\/inclusivenews.com.br\\\/?p=7358#respond\"]}]},{\"@type\":\"WebPage\",\"@id\":\"https:\\\/\\\/inclusivenews.com.br\\\/?p=7358\",\"url\":\"https:\\\/\\\/inclusivenews.com.br\\\/?p=7358\",\"name\":\"Defici\u00eancia moral -\",\"isPartOf\":{\"@id\":\"https:\\\/\\\/inclusivenews.com.br\\\/#website\"},\"primaryImageOfPage\":{\"@id\":\"https:\\\/\\\/inclusivenews.com.br\\\/?p=7358#primaryimage\"},\"image\":{\"@id\":\"https:\\\/\\\/inclusivenews.com.br\\\/?p=7358#primaryimage\"},\"thumbnailUrl\":\"http:\\\/\\\/agenciainclusive.files.wordpress.com\\\/2009\\\/02\\\/blogosfera.jpg\",\"datePublished\":\"2009-05-04T12:46:30+00:00\",\"breadcrumb\":{\"@id\":\"https:\\\/\\\/inclusivenews.com.br\\\/?p=7358#breadcrumb\"},\"inLanguage\":\"pt-PT\",\"potentialAction\":[{\"@type\":\"ReadAction\",\"target\":[\"https:\\\/\\\/inclusivenews.com.br\\\/?p=7358\"]}]},{\"@type\":\"ImageObject\",\"inLanguage\":\"pt-PT\",\"@id\":\"https:\\\/\\\/inclusivenews.com.br\\\/?p=7358#primaryimage\",\"url\":\"http:\\\/\\\/agenciainclusive.files.wordpress.com\\\/2009\\\/02\\\/blogosfera.jpg\",\"contentUrl\":\"http:\\\/\\\/agenciainclusive.files.wordpress.com\\\/2009\\\/02\\\/blogosfera.jpg\"},{\"@type\":\"BreadcrumbList\",\"@id\":\"https:\\\/\\\/inclusivenews.com.br\\\/?p=7358#breadcrumb\",\"itemListElement\":[{\"@type\":\"ListItem\",\"position\":1,\"name\":\"In\u00edcio\",\"item\":\"https:\\\/\\\/inclusivenews.com.br\\\/\"},{\"@type\":\"ListItem\",\"position\":2,\"name\":\"Defici\u00eancia moral\"}]},{\"@type\":\"WebSite\",\"@id\":\"https:\\\/\\\/inclusivenews.com.br\\\/#website\",\"url\":\"https:\\\/\\\/inclusivenews.com.br\\\/\",\"name\":\"Inclusive News\",\"description\":\"Inclusive News\",\"publisher\":{\"@id\":\"https:\\\/\\\/inclusivenews.com.br\\\/#organization\"},\"potentialAction\":[{\"@type\":\"SearchAction\",\"target\":{\"@type\":\"EntryPoint\",\"urlTemplate\":\"https:\\\/\\\/inclusivenews.com.br\\\/?s={search_term_string}\"},\"query-input\":{\"@type\":\"PropertyValueSpecification\",\"valueRequired\":true,\"valueName\":\"search_term_string\"}}],\"inLanguage\":\"pt-PT\"},{\"@type\":\"Organization\",\"@id\":\"https:\\\/\\\/inclusivenews.com.br\\\/#organization\",\"name\":\"Inclusive - inclus\u00e3o e cidadania\",\"url\":\"https:\\\/\\\/inclusivenews.com.br\\\/\",\"logo\":{\"@type\":\"ImageObject\",\"inLanguage\":\"pt-PT\",\"@id\":\"https:\\\/\\\/inclusivenews.com.br\\\/#\\\/schema\\\/logo\\\/image\\\/\",\"url\":\"https:\\\/\\\/inclusivenews.com.br\\\/wp-content\\\/uploads\\\/2024\\\/03\\\/@grandesite.png\",\"contentUrl\":\"https:\\\/\\\/inclusivenews.com.br\\\/wp-content\\\/uploads\\\/2024\\\/03\\\/@grandesite.png\",\"width\":1080,\"height\":1080,\"caption\":\"Inclusive - inclus\u00e3o e cidadania\"},\"image\":{\"@id\":\"https:\\\/\\\/inclusivenews.com.br\\\/#\\\/schema\\\/logo\\\/image\\\/\"},\"sameAs\":[\"https:\\\/\\\/www.facebook.com\\\/agenciainclusive\\\/\",\"https:\\\/\\\/www.instagram.com\\\/newsinclusive\\\/\"]},{\"@type\":\"Person\",\"@id\":\"https:\\\/\\\/inclusivenews.com.br\\\/#\\\/schema\\\/person\\\/0dab492019871b94abb65fa8ee7c8c44\",\"name\":\"Inclusive\",\"image\":{\"@type\":\"ImageObject\",\"inLanguage\":\"pt-PT\",\"@id\":\"https:\\\/\\\/secure.gravatar.com\\\/avatar\\\/?s=96&d=mm&r=g\",\"url\":\"https:\\\/\\\/secure.gravatar.com\\\/avatar\\\/?s=96&d=mm&r=g\",\"contentUrl\":\"https:\\\/\\\/secure.gravatar.com\\\/avatar\\\/?s=96&d=mm&r=g\",\"caption\":\"Inclusive\"},\"url\":\"https:\\\/\\\/inclusivenews.com.br\\\/?author=2\"}]}<\/script>\n<!-- \/ Yoast SEO plugin. -->","yoast_head_json":{"title":"Defici\u00eancia moral -","robots":{"index":"index","follow":"follow","max-snippet":"max-snippet:-1","max-image-preview":"max-image-preview:large","max-video-preview":"max-video-preview:-1"},"canonical":"https:\/\/inclusivenews.com.br\/?p=7358","og_locale":"pt_PT","og_type":"article","og_title":"Defici\u00eancia moral -","og_description":"Andrei Bastos http:\/\/blog.andrei.bastos.nom.br\/2009\/05\/02\/deficiencia-moral\/ Falar \u201cdefici\u00eancia moral\u201d assim, sem explicar, parece redundante, pois este \u00e9 o maior padecimento da sociedade brasileira, em especial da sua representa\u00e7\u00e3o pol\u00edtica, na sua maior parte ileg\u00edtima e n\u00e3o merecedora de nenhum respeito. Mas estou me referindo \u00e9 ao projeto do deputado Efraim Filho de cota para deficientes em institui\u00e7\u00f5es p\u00fablicas [&hellip;]","og_url":"https:\/\/inclusivenews.com.br\/?p=7358","article_publisher":"https:\/\/www.facebook.com\/agenciainclusive\/","article_published_time":"2009-05-04T12:46:30+00:00","og_image":[{"url":"http:\/\/agenciainclusive.files.wordpress.com\/2009\/02\/blogosfera.jpg","type":"","width":"","height":""}],"author":"Inclusive","twitter_card":"summary_large_image","twitter_misc":{"Escrito por":"Inclusive","Tempo estimado de leitura":"4 minutos"},"schema":{"@context":"https:\/\/schema.org","@graph":[{"@type":"Article","@id":"https:\/\/inclusivenews.com.br\/?p=7358#article","isPartOf":{"@id":"https:\/\/inclusivenews.com.br\/?p=7358"},"author":{"name":"Inclusive","@id":"https:\/\/inclusivenews.com.br\/#\/schema\/person\/0dab492019871b94abb65fa8ee7c8c44"},"headline":"Defici\u00eancia moral","datePublished":"2009-05-04T12:46:30+00:00","mainEntityOfPage":{"@id":"https:\/\/inclusivenews.com.br\/?p=7358"},"wordCount":756,"commentCount":0,"publisher":{"@id":"https:\/\/inclusivenews.com.br\/#organization"},"image":{"@id":"https:\/\/inclusivenews.com.br\/?p=7358#primaryimage"},"thumbnailUrl":"http:\/\/agenciainclusive.files.wordpress.com\/2009\/02\/blogosfera.jpg","articleSection":["OPINI\u00c3O"],"inLanguage":"pt-PT","potentialAction":[{"@type":"CommentAction","name":"Comment","target":["https:\/\/inclusivenews.com.br\/?p=7358#respond"]}]},{"@type":"WebPage","@id":"https:\/\/inclusivenews.com.br\/?p=7358","url":"https:\/\/inclusivenews.com.br\/?p=7358","name":"Defici\u00eancia moral -","isPartOf":{"@id":"https:\/\/inclusivenews.com.br\/#website"},"primaryImageOfPage":{"@id":"https:\/\/inclusivenews.com.br\/?p=7358#primaryimage"},"image":{"@id":"https:\/\/inclusivenews.com.br\/?p=7358#primaryimage"},"thumbnailUrl":"http:\/\/agenciainclusive.files.wordpress.com\/2009\/02\/blogosfera.jpg","datePublished":"2009-05-04T12:46:30+00:00","breadcrumb":{"@id":"https:\/\/inclusivenews.com.br\/?p=7358#breadcrumb"},"inLanguage":"pt-PT","potentialAction":[{"@type":"ReadAction","target":["https:\/\/inclusivenews.com.br\/?p=7358"]}]},{"@type":"ImageObject","inLanguage":"pt-PT","@id":"https:\/\/inclusivenews.com.br\/?p=7358#primaryimage","url":"http:\/\/agenciainclusive.files.wordpress.com\/2009\/02\/blogosfera.jpg","contentUrl":"http:\/\/agenciainclusive.files.wordpress.com\/2009\/02\/blogosfera.jpg"},{"@type":"BreadcrumbList","@id":"https:\/\/inclusivenews.com.br\/?p=7358#breadcrumb","itemListElement":[{"@type":"ListItem","position":1,"name":"In\u00edcio","item":"https:\/\/inclusivenews.com.br\/"},{"@type":"ListItem","position":2,"name":"Defici\u00eancia moral"}]},{"@type":"WebSite","@id":"https:\/\/inclusivenews.com.br\/#website","url":"https:\/\/inclusivenews.com.br\/","name":"Inclusive News","description":"Inclusive News","publisher":{"@id":"https:\/\/inclusivenews.com.br\/#organization"},"potentialAction":[{"@type":"SearchAction","target":{"@type":"EntryPoint","urlTemplate":"https:\/\/inclusivenews.com.br\/?s={search_term_string}"},"query-input":{"@type":"PropertyValueSpecification","valueRequired":true,"valueName":"search_term_string"}}],"inLanguage":"pt-PT"},{"@type":"Organization","@id":"https:\/\/inclusivenews.com.br\/#organization","name":"Inclusive - inclus\u00e3o e cidadania","url":"https:\/\/inclusivenews.com.br\/","logo":{"@type":"ImageObject","inLanguage":"pt-PT","@id":"https:\/\/inclusivenews.com.br\/#\/schema\/logo\/image\/","url":"https:\/\/inclusivenews.com.br\/wp-content\/uploads\/2024\/03\/@grandesite.png","contentUrl":"https:\/\/inclusivenews.com.br\/wp-content\/uploads\/2024\/03\/@grandesite.png","width":1080,"height":1080,"caption":"Inclusive - inclus\u00e3o e cidadania"},"image":{"@id":"https:\/\/inclusivenews.com.br\/#\/schema\/logo\/image\/"},"sameAs":["https:\/\/www.facebook.com\/agenciainclusive\/","https:\/\/www.instagram.com\/newsinclusive\/"]},{"@type":"Person","@id":"https:\/\/inclusivenews.com.br\/#\/schema\/person\/0dab492019871b94abb65fa8ee7c8c44","name":"Inclusive","image":{"@type":"ImageObject","inLanguage":"pt-PT","@id":"https:\/\/secure.gravatar.com\/avatar\/?s=96&d=mm&r=g","url":"https:\/\/secure.gravatar.com\/avatar\/?s=96&d=mm&r=g","contentUrl":"https:\/\/secure.gravatar.com\/avatar\/?s=96&d=mm&r=g","caption":"Inclusive"},"url":"https:\/\/inclusivenews.com.br\/?author=2"}]}},"_links":{"self":[{"href":"https:\/\/inclusivenews.com.br\/index.php?rest_route=\/wp\/v2\/posts\/7358","targetHints":{"allow":["GET"]}}],"collection":[{"href":"https:\/\/inclusivenews.com.br\/index.php?rest_route=\/wp\/v2\/posts"}],"about":[{"href":"https:\/\/inclusivenews.com.br\/index.php?rest_route=\/wp\/v2\/types\/post"}],"author":[{"embeddable":true,"href":"https:\/\/inclusivenews.com.br\/index.php?rest_route=\/wp\/v2\/users\/2"}],"replies":[{"embeddable":true,"href":"https:\/\/inclusivenews.com.br\/index.php?rest_route=%2Fwp%2Fv2%2Fcomments&post=7358"}],"version-history":[{"count":0,"href":"https:\/\/inclusivenews.com.br\/index.php?rest_route=\/wp\/v2\/posts\/7358\/revisions"}],"wp:attachment":[{"href":"https:\/\/inclusivenews.com.br\/index.php?rest_route=%2Fwp%2Fv2%2Fmedia&parent=7358"}],"wp:term":[{"taxonomy":"category","embeddable":true,"href":"https:\/\/inclusivenews.com.br\/index.php?rest_route=%2Fwp%2Fv2%2Fcategories&post=7358"},{"taxonomy":"post_tag","embeddable":true,"href":"https:\/\/inclusivenews.com.br\/index.php?rest_route=%2Fwp%2Fv2%2Ftags&post=7358"}],"curies":[{"name":"wp","href":"https:\/\/api.w.org\/{rel}","templated":true}]}}