{"id":7422,"date":"2009-05-06T23:34:17","date_gmt":"2009-05-06T23:34:17","guid":{"rendered":"http:\/\/agenciainclusive.wordpress.com\/?p=7422"},"modified":"2009-05-06T23:34:17","modified_gmt":"2009-05-06T23:34:17","slug":"revista-inclusao-social-v-3-n-1","status":"publish","type":"post","link":"https:\/\/inclusivenews.com.br\/?p=7422","title":{"rendered":"Revista Inclus\u00e3o Social, v. 3, n. 1"},"content":{"rendered":"<figure style=\"width: 120px\" class=\"wp-caption alignnone\"><img loading=\"lazy\" decoding=\"async\" title=\"Capa da Revista Inclus\u00e3o Social, v. 3, n.1.\" src=\"http:\/\/www.ibict.br\/images_chamadas\/RevistaInclusaoSocial.JPG\" alt=\"\" width=\"120\" height=\"162\" \/><figcaption class=\"wp-caption-text\">Capa da Revista Inclus\u00e3o Social, v. 3, n.1.<\/figcaption><\/figure>\n<p><strong>Editorial<\/strong><\/p>\n<p><a href=\"http:\/\/revista.ibict.br\/inclusao\/index.php\/inclusao\/article\/view\/112\/120\" target=\"_blank\" rel=\"noopener\">Educa\u00e7\u00e3o inclusiva<\/a><br \/>\nPedro Demo<\/p>\n<p><strong>Programas de Governo<\/strong><br \/>\n<a href=\"http:\/\/revista.ibict.br\/inclusao\/index.php\/inclusao\/article\/view\/114\/111\" target=\"_blank\" rel=\"noopener\"><br \/>\nDesenvolvimento sustent\u00e1vel e tecnologia \u2013 uma abordagem interdimensional<\/a><br \/>\nAntonio Carlos Gomes da Costa<br \/>\n<a href=\"http:\/\/revista.ibict.br\/inclusao\/index.php\/inclusao\/article\/view\/116\/112\" target=\"_blank\" rel=\"noopener\"><br \/>\nA biblioteca h\u00edbrida na estrat\u00e9gia da inclus\u00e3o digital na Biblioteca Nacional de Bras\u00edlia<\/a><br \/>\nAntonio Miranda, Cec\u00edlia Leite, Emir Suaiden<\/p>\n<p><strong>Artigos<\/strong><br \/>\n<a href=\"http:\/\/revista.ibict.br\/inclusao\/index.php\/inclusao\/article\/view\/95\/113\" target=\"_blank\" rel=\"noopener\"><br \/>\nAs a\u00e7\u00f5es afirmativas como instrumento promotor da educa\u00e7\u00e3o<\/a><br \/>\nJuliano Heinen<\/p>\n<p><a href=\"http:\/\/revista.ibict.br\/inclusao\/index.php\/inclusao\/article\/view\/104\/114\" target=\"_blank\" rel=\"noopener\">A inclus\u00e3o social do doente mental: contribui\u00e7\u00f5es para a enfermagem psiqui\u00e1trica<\/a><br \/>\nLilian Hortale de Oliveira Moreira, Ingryd Cunha Ventura Felipe, Elaine de Azevedo Goldstein, Alice Pissiali Brito, Leandra de Meira Guimar\u00e3es Costa<br \/>\n<a href=\"http:\/\/revista.ibict.br\/inclusao\/index.php\/inclusao\/article\/view\/97\/115\" target=\"_blank\" rel=\"noopener\"><br \/>\nInclus\u00e3o: direito de todos<\/a><br \/>\nAna Lucia Carvalho Santos Oliveira<\/p>\n<p><strong>Relato de Experi\u00eancia<\/strong><br \/>\n<a href=\"http:\/\/revista.ibict.br\/inclusao\/index.php\/inclusao\/article\/view\/103\/116\" target=\"_blank\" rel=\"noopener\"><br \/>\nO ir e vir dos deficientes visuais: barreiras arquitet\u00f4nicas e acad\u00eamicas na UFMT<\/a><br \/>\nMariza In\u00eas da Silva Pinheiro, Edileusa Regina Pena da Silva, Lucil\u00e9ia Rosa de Queiroz Rodrigues<br \/>\n<a href=\"http:\/\/revista.ibict.br\/inclusao\/index.php\/inclusao\/article\/view\/105\/117\" target=\"_blank\" rel=\"noopener\"><br \/>\nProjeto de pesquisa Em\u00edlia vai \u00e0 escola: um estudo sobre as condi\u00e7\u00f5es e pr\u00e1ticas de leitura da obra lobateana no ensino fundamental<\/a><br \/>\nDaiana Santos Mota, Maria Afonsina Ferreira Matos, Davi Carvalho Porto<\/p>\n<p><strong>Opinion Paper<\/strong><br \/>\n<a href=\"http:\/\/revista.ibict.br\/inclusao\/index.php\/inclusao\/article\/view\/110\/118\" target=\"_blank\" rel=\"noopener\"><br \/>\nExclus\u00e3o ou inclus\u00e3o prec\u00e1ria? O negro na sociedade brasileira<\/a><br \/>\nM\u00e1rio Lisb\u00f4a Theodoro<\/p>\n<p><a href=\"http:\/\/revista.ibict.br\/inclusao\/index.php\/inclusao\/article\/view\/117\/121\" target=\"_blank\" rel=\"noopener\">Uso de Plataformas Tecnol\u00f3gicas para Inclus\u00e3o Digital &#8211; o caso da TV digital e da produ\u00e7\u00e3o conte\u00fados<\/a><br \/>\nCosette Castro<\/p>\n<p><a href=\"http:\/\/revista.ibict.br\/inclusao\/index.php\/inclusao\/article\/view\/113\/122\" target=\"_blank\" rel=\"noopener\">Educar para a sustentabilidade<\/a><br \/>\nMoacir Gadotti<\/p>\n<p><strong>Recens\u00e3o<\/strong><\/p>\n<p><a href=\"http:\/\/revista.ibict.br\/inclusao\/index.php\/inclusao\/article\/view\/115\/119\" target=\"_blank\" rel=\"noopener\">Desafios atuais da educa\u00e7\u00e3o \u2013 novas tecnologias: press\u00f5es e oportunidades<\/a><br \/>\nLudmila Guimar\u00e3es<\/p>\n","protected":false},"excerpt":{"rendered":"<p>Editorial Educa\u00e7\u00e3o inclusiva Pedro Demo Programas de Governo Desenvolvimento sustent\u00e1vel e tecnologia \u2013 uma abordagem interdimensional Antonio Carlos Gomes da Costa A biblioteca h\u00edbrida na estrat\u00e9gia da inclus\u00e3o digital na Biblioteca Nacional de Bras\u00edlia Antonio Miranda, Cec\u00edlia Leite, Emir Suaiden Artigos As a\u00e7\u00f5es afirmativas como instrumento promotor da educa\u00e7\u00e3o Juliano Heinen A inclus\u00e3o social do [&hellip;]<\/p>\n","protected":false},"author":2,"featured_media":0,"comment_status":"open","ping_status":"open","sticky":false,"template":"","format":"standard","meta":{"site-container-style":"default","site-container-layout":"default","site-sidebar-layout":"default","disable-article-header":"default","disable-site-header":"default","disable-site-footer":"default","disable-content-area-spacing":"default","footnotes":""},"categories":[6,10],"tags":[],"class_list":["post-7422","post","type-post","status-publish","format-standard","hentry","category-educacao","category-publicacoes"],"yoast_head":"<!-- This site is optimized with the Yoast SEO plugin v27.4 - https:\/\/yoast.com\/product\/yoast-seo-wordpress\/ -->\n<title>Revista Inclus\u00e3o Social, v. 3, n. 1 -<\/title>\n<meta name=\"robots\" content=\"index, follow, max-snippet:-1, max-image-preview:large, max-video-preview:-1\" \/>\n<link rel=\"canonical\" href=\"https:\/\/inclusivenews.com.br\/?p=7422\" \/>\n<meta property=\"og:locale\" content=\"pt_PT\" \/>\n<meta property=\"og:type\" content=\"article\" \/>\n<meta property=\"og:title\" content=\"Revista Inclus\u00e3o Social, v. 3, n. 1 -\" \/>\n<meta property=\"og:description\" content=\"Editorial Educa\u00e7\u00e3o inclusiva Pedro Demo Programas de Governo Desenvolvimento sustent\u00e1vel e tecnologia \u2013 uma abordagem interdimensional Antonio Carlos Gomes da Costa A biblioteca h\u00edbrida na estrat\u00e9gia da inclus\u00e3o digital na Biblioteca Nacional de Bras\u00edlia Antonio Miranda, Cec\u00edlia Leite, Emir Suaiden Artigos As a\u00e7\u00f5es afirmativas como instrumento promotor da educa\u00e7\u00e3o Juliano Heinen A inclus\u00e3o social do [&hellip;]\" \/>\n<meta property=\"og:url\" content=\"https:\/\/inclusivenews.com.br\/?p=7422\" \/>\n<meta property=\"article:publisher\" content=\"https:\/\/www.facebook.com\/agenciainclusive\/\" \/>\n<meta property=\"article:published_time\" content=\"2009-05-06T23:34:17+00:00\" \/>\n<meta property=\"og:image\" content=\"http:\/\/www.ibict.br\/images_chamadas\/RevistaInclusaoSocial.JPG\" \/>\n<meta name=\"author\" content=\"Inclusive\" \/>\n<meta name=\"twitter:card\" content=\"summary_large_image\" \/>\n<meta name=\"twitter:label1\" content=\"Escrito por\" \/>\n\t<meta name=\"twitter:data1\" content=\"Inclusive\" \/>\n\t<meta name=\"twitter:label2\" content=\"Tempo estimado de leitura\" \/>\n\t<meta name=\"twitter:data2\" content=\"1 minuto\" \/>\n<script type=\"application\/ld+json\" class=\"yoast-schema-graph\">{\"@context\":\"https:\\\/\\\/schema.org\",\"@graph\":[{\"@type\":\"Article\",\"@id\":\"https:\\\/\\\/inclusivenews.com.br\\\/?p=7422#article\",\"isPartOf\":{\"@id\":\"https:\\\/\\\/inclusivenews.com.br\\\/?p=7422\"},\"author\":{\"name\":\"Inclusive\",\"@id\":\"https:\\\/\\\/inclusivenews.com.br\\\/#\\\/schema\\\/person\\\/0dab492019871b94abb65fa8ee7c8c44\"},\"headline\":\"Revista Inclus\u00e3o Social, v. 3, n. 1\",\"datePublished\":\"2009-05-06T23:34:17+00:00\",\"mainEntityOfPage\":{\"@id\":\"https:\\\/\\\/inclusivenews.com.br\\\/?p=7422\"},\"wordCount\":260,\"commentCount\":2,\"publisher\":{\"@id\":\"https:\\\/\\\/inclusivenews.com.br\\\/#organization\"},\"image\":{\"@id\":\"https:\\\/\\\/inclusivenews.com.br\\\/?p=7422#primaryimage\"},\"thumbnailUrl\":\"http:\\\/\\\/www.ibict.br\\\/images_chamadas\\\/RevistaInclusaoSocial.JPG\",\"articleSection\":[\"EDUCA\u00c7\u00c3O\",\"PUBLICA\u00c7\u00d5ES\"],\"inLanguage\":\"pt-PT\",\"potentialAction\":[{\"@type\":\"CommentAction\",\"name\":\"Comment\",\"target\":[\"https:\\\/\\\/inclusivenews.com.br\\\/?p=7422#respond\"]}]},{\"@type\":\"WebPage\",\"@id\":\"https:\\\/\\\/inclusivenews.com.br\\\/?p=7422\",\"url\":\"https:\\\/\\\/inclusivenews.com.br\\\/?p=7422\",\"name\":\"Revista Inclus\u00e3o Social, v. 3, n. 1 -\",\"isPartOf\":{\"@id\":\"https:\\\/\\\/inclusivenews.com.br\\\/#website\"},\"primaryImageOfPage\":{\"@id\":\"https:\\\/\\\/inclusivenews.com.br\\\/?p=7422#primaryimage\"},\"image\":{\"@id\":\"https:\\\/\\\/inclusivenews.com.br\\\/?p=7422#primaryimage\"},\"thumbnailUrl\":\"http:\\\/\\\/www.ibict.br\\\/images_chamadas\\\/RevistaInclusaoSocial.JPG\",\"datePublished\":\"2009-05-06T23:34:17+00:00\",\"breadcrumb\":{\"@id\":\"https:\\\/\\\/inclusivenews.com.br\\\/?p=7422#breadcrumb\"},\"inLanguage\":\"pt-PT\",\"potentialAction\":[{\"@type\":\"ReadAction\",\"target\":[\"https:\\\/\\\/inclusivenews.com.br\\\/?p=7422\"]}]},{\"@type\":\"ImageObject\",\"inLanguage\":\"pt-PT\",\"@id\":\"https:\\\/\\\/inclusivenews.com.br\\\/?p=7422#primaryimage\",\"url\":\"http:\\\/\\\/www.ibict.br\\\/images_chamadas\\\/RevistaInclusaoSocial.JPG\",\"contentUrl\":\"http:\\\/\\\/www.ibict.br\\\/images_chamadas\\\/RevistaInclusaoSocial.JPG\"},{\"@type\":\"BreadcrumbList\",\"@id\":\"https:\\\/\\\/inclusivenews.com.br\\\/?p=7422#breadcrumb\",\"itemListElement\":[{\"@type\":\"ListItem\",\"position\":1,\"name\":\"In\u00edcio\",\"item\":\"https:\\\/\\\/inclusivenews.com.br\\\/\"},{\"@type\":\"ListItem\",\"position\":2,\"name\":\"Revista Inclus\u00e3o Social, v. 3, n. 1\"}]},{\"@type\":\"WebSite\",\"@id\":\"https:\\\/\\\/inclusivenews.com.br\\\/#website\",\"url\":\"https:\\\/\\\/inclusivenews.com.br\\\/\",\"name\":\"Inclusive News\",\"description\":\"Inclusive News\",\"publisher\":{\"@id\":\"https:\\\/\\\/inclusivenews.com.br\\\/#organization\"},\"potentialAction\":[{\"@type\":\"SearchAction\",\"target\":{\"@type\":\"EntryPoint\",\"urlTemplate\":\"https:\\\/\\\/inclusivenews.com.br\\\/?s={search_term_string}\"},\"query-input\":{\"@type\":\"PropertyValueSpecification\",\"valueRequired\":true,\"valueName\":\"search_term_string\"}}],\"inLanguage\":\"pt-PT\"},{\"@type\":\"Organization\",\"@id\":\"https:\\\/\\\/inclusivenews.com.br\\\/#organization\",\"name\":\"Inclusive - inclus\u00e3o e cidadania\",\"url\":\"https:\\\/\\\/inclusivenews.com.br\\\/\",\"logo\":{\"@type\":\"ImageObject\",\"inLanguage\":\"pt-PT\",\"@id\":\"https:\\\/\\\/inclusivenews.com.br\\\/#\\\/schema\\\/logo\\\/image\\\/\",\"url\":\"https:\\\/\\\/inclusivenews.com.br\\\/wp-content\\\/uploads\\\/2024\\\/03\\\/@grandesite.png\",\"contentUrl\":\"https:\\\/\\\/inclusivenews.com.br\\\/wp-content\\\/uploads\\\/2024\\\/03\\\/@grandesite.png\",\"width\":1080,\"height\":1080,\"caption\":\"Inclusive - inclus\u00e3o e cidadania\"},\"image\":{\"@id\":\"https:\\\/\\\/inclusivenews.com.br\\\/#\\\/schema\\\/logo\\\/image\\\/\"},\"sameAs\":[\"https:\\\/\\\/www.facebook.com\\\/agenciainclusive\\\/\",\"https:\\\/\\\/www.instagram.com\\\/newsinclusive\\\/\"]},{\"@type\":\"Person\",\"@id\":\"https:\\\/\\\/inclusivenews.com.br\\\/#\\\/schema\\\/person\\\/0dab492019871b94abb65fa8ee7c8c44\",\"name\":\"Inclusive\",\"image\":{\"@type\":\"ImageObject\",\"inLanguage\":\"pt-PT\",\"@id\":\"https:\\\/\\\/secure.gravatar.com\\\/avatar\\\/?s=96&d=mm&r=g\",\"url\":\"https:\\\/\\\/secure.gravatar.com\\\/avatar\\\/?s=96&d=mm&r=g\",\"contentUrl\":\"https:\\\/\\\/secure.gravatar.com\\\/avatar\\\/?s=96&d=mm&r=g\",\"caption\":\"Inclusive\"},\"url\":\"https:\\\/\\\/inclusivenews.com.br\\\/?author=2\"}]}<\/script>\n<!-- \/ Yoast SEO plugin. -->","yoast_head_json":{"title":"Revista Inclus\u00e3o Social, v. 3, n. 1 -","robots":{"index":"index","follow":"follow","max-snippet":"max-snippet:-1","max-image-preview":"max-image-preview:large","max-video-preview":"max-video-preview:-1"},"canonical":"https:\/\/inclusivenews.com.br\/?p=7422","og_locale":"pt_PT","og_type":"article","og_title":"Revista Inclus\u00e3o Social, v. 3, n. 1 -","og_description":"Editorial Educa\u00e7\u00e3o inclusiva Pedro Demo Programas de Governo Desenvolvimento sustent\u00e1vel e tecnologia \u2013 uma abordagem interdimensional Antonio Carlos Gomes da Costa A biblioteca h\u00edbrida na estrat\u00e9gia da inclus\u00e3o digital na Biblioteca Nacional de Bras\u00edlia Antonio Miranda, Cec\u00edlia Leite, Emir Suaiden Artigos As a\u00e7\u00f5es afirmativas como instrumento promotor da educa\u00e7\u00e3o Juliano Heinen A inclus\u00e3o social do [&hellip;]","og_url":"https:\/\/inclusivenews.com.br\/?p=7422","article_publisher":"https:\/\/www.facebook.com\/agenciainclusive\/","article_published_time":"2009-05-06T23:34:17+00:00","og_image":[{"url":"http:\/\/www.ibict.br\/images_chamadas\/RevistaInclusaoSocial.JPG","type":"","width":"","height":""}],"author":"Inclusive","twitter_card":"summary_large_image","twitter_misc":{"Escrito por":"Inclusive","Tempo estimado de leitura":"1 minuto"},"schema":{"@context":"https:\/\/schema.org","@graph":[{"@type":"Article","@id":"https:\/\/inclusivenews.com.br\/?p=7422#article","isPartOf":{"@id":"https:\/\/inclusivenews.com.br\/?p=7422"},"author":{"name":"Inclusive","@id":"https:\/\/inclusivenews.com.br\/#\/schema\/person\/0dab492019871b94abb65fa8ee7c8c44"},"headline":"Revista Inclus\u00e3o Social, v. 3, n. 1","datePublished":"2009-05-06T23:34:17+00:00","mainEntityOfPage":{"@id":"https:\/\/inclusivenews.com.br\/?p=7422"},"wordCount":260,"commentCount":2,"publisher":{"@id":"https:\/\/inclusivenews.com.br\/#organization"},"image":{"@id":"https:\/\/inclusivenews.com.br\/?p=7422#primaryimage"},"thumbnailUrl":"http:\/\/www.ibict.br\/images_chamadas\/RevistaInclusaoSocial.JPG","articleSection":["EDUCA\u00c7\u00c3O","PUBLICA\u00c7\u00d5ES"],"inLanguage":"pt-PT","potentialAction":[{"@type":"CommentAction","name":"Comment","target":["https:\/\/inclusivenews.com.br\/?p=7422#respond"]}]},{"@type":"WebPage","@id":"https:\/\/inclusivenews.com.br\/?p=7422","url":"https:\/\/inclusivenews.com.br\/?p=7422","name":"Revista Inclus\u00e3o Social, v. 3, n. 1 -","isPartOf":{"@id":"https:\/\/inclusivenews.com.br\/#website"},"primaryImageOfPage":{"@id":"https:\/\/inclusivenews.com.br\/?p=7422#primaryimage"},"image":{"@id":"https:\/\/inclusivenews.com.br\/?p=7422#primaryimage"},"thumbnailUrl":"http:\/\/www.ibict.br\/images_chamadas\/RevistaInclusaoSocial.JPG","datePublished":"2009-05-06T23:34:17+00:00","breadcrumb":{"@id":"https:\/\/inclusivenews.com.br\/?p=7422#breadcrumb"},"inLanguage":"pt-PT","potentialAction":[{"@type":"ReadAction","target":["https:\/\/inclusivenews.com.br\/?p=7422"]}]},{"@type":"ImageObject","inLanguage":"pt-PT","@id":"https:\/\/inclusivenews.com.br\/?p=7422#primaryimage","url":"http:\/\/www.ibict.br\/images_chamadas\/RevistaInclusaoSocial.JPG","contentUrl":"http:\/\/www.ibict.br\/images_chamadas\/RevistaInclusaoSocial.JPG"},{"@type":"BreadcrumbList","@id":"https:\/\/inclusivenews.com.br\/?p=7422#breadcrumb","itemListElement":[{"@type":"ListItem","position":1,"name":"In\u00edcio","item":"https:\/\/inclusivenews.com.br\/"},{"@type":"ListItem","position":2,"name":"Revista Inclus\u00e3o Social, v. 3, n. 1"}]},{"@type":"WebSite","@id":"https:\/\/inclusivenews.com.br\/#website","url":"https:\/\/inclusivenews.com.br\/","name":"Inclusive News","description":"Inclusive News","publisher":{"@id":"https:\/\/inclusivenews.com.br\/#organization"},"potentialAction":[{"@type":"SearchAction","target":{"@type":"EntryPoint","urlTemplate":"https:\/\/inclusivenews.com.br\/?s={search_term_string}"},"query-input":{"@type":"PropertyValueSpecification","valueRequired":true,"valueName":"search_term_string"}}],"inLanguage":"pt-PT"},{"@type":"Organization","@id":"https:\/\/inclusivenews.com.br\/#organization","name":"Inclusive - inclus\u00e3o e cidadania","url":"https:\/\/inclusivenews.com.br\/","logo":{"@type":"ImageObject","inLanguage":"pt-PT","@id":"https:\/\/inclusivenews.com.br\/#\/schema\/logo\/image\/","url":"https:\/\/inclusivenews.com.br\/wp-content\/uploads\/2024\/03\/@grandesite.png","contentUrl":"https:\/\/inclusivenews.com.br\/wp-content\/uploads\/2024\/03\/@grandesite.png","width":1080,"height":1080,"caption":"Inclusive - inclus\u00e3o e cidadania"},"image":{"@id":"https:\/\/inclusivenews.com.br\/#\/schema\/logo\/image\/"},"sameAs":["https:\/\/www.facebook.com\/agenciainclusive\/","https:\/\/www.instagram.com\/newsinclusive\/"]},{"@type":"Person","@id":"https:\/\/inclusivenews.com.br\/#\/schema\/person\/0dab492019871b94abb65fa8ee7c8c44","name":"Inclusive","image":{"@type":"ImageObject","inLanguage":"pt-PT","@id":"https:\/\/secure.gravatar.com\/avatar\/?s=96&d=mm&r=g","url":"https:\/\/secure.gravatar.com\/avatar\/?s=96&d=mm&r=g","contentUrl":"https:\/\/secure.gravatar.com\/avatar\/?s=96&d=mm&r=g","caption":"Inclusive"},"url":"https:\/\/inclusivenews.com.br\/?author=2"}]}},"_links":{"self":[{"href":"https:\/\/inclusivenews.com.br\/index.php?rest_route=\/wp\/v2\/posts\/7422","targetHints":{"allow":["GET"]}}],"collection":[{"href":"https:\/\/inclusivenews.com.br\/index.php?rest_route=\/wp\/v2\/posts"}],"about":[{"href":"https:\/\/inclusivenews.com.br\/index.php?rest_route=\/wp\/v2\/types\/post"}],"author":[{"embeddable":true,"href":"https:\/\/inclusivenews.com.br\/index.php?rest_route=\/wp\/v2\/users\/2"}],"replies":[{"embeddable":true,"href":"https:\/\/inclusivenews.com.br\/index.php?rest_route=%2Fwp%2Fv2%2Fcomments&post=7422"}],"version-history":[{"count":0,"href":"https:\/\/inclusivenews.com.br\/index.php?rest_route=\/wp\/v2\/posts\/7422\/revisions"}],"wp:attachment":[{"href":"https:\/\/inclusivenews.com.br\/index.php?rest_route=%2Fwp%2Fv2%2Fmedia&parent=7422"}],"wp:term":[{"taxonomy":"category","embeddable":true,"href":"https:\/\/inclusivenews.com.br\/index.php?rest_route=%2Fwp%2Fv2%2Fcategories&post=7422"},{"taxonomy":"post_tag","embeddable":true,"href":"https:\/\/inclusivenews.com.br\/index.php?rest_route=%2Fwp%2Fv2%2Ftags&post=7422"}],"curies":[{"name":"wp","href":"https:\/\/api.w.org\/{rel}","templated":true}]}}