{"id":7437,"date":"2009-05-07T10:30:00","date_gmt":"2009-05-07T10:30:00","guid":{"rendered":"http:\/\/agenciainclusive.wordpress.com\/?p=7437"},"modified":"2009-05-07T10:30:00","modified_gmt":"2009-05-07T10:30:00","slug":"arte-sem-barreiras-chega-a-votorantim","status":"publish","type":"post","link":"https:\/\/inclusivenews.com.br\/?p=7437","title":{"rendered":"Arte sem Barreiras chega a Votorantim"},"content":{"rendered":"<p>A atriz e dan\u00e7arinana Estela Lapponi mostra seu talento neste pr\u00f3ximo domingo (10), \u00e0s 20 horas, no Audit\u00f3rio Municipal \u201cFrancisco Beranger\u201d. Este ser\u00e1 o primeiro espet\u00e1culo dentro do projeto \u201cArte Sem Barreiras\u201d, realizado pela prefeitura de Votorantim, por meio da secretaria de Cultura, em parceria com a Secretaria de Cultura do Estado.<\/p>\n<p>Estela \u00e9 atriz h\u00e1 15 anos e redescobriu a dan\u00e7a anos depois de ter sofrido um derrame cerebral causado pelo rompimento de um aneurisma que a deixou deficiente fisicamente. Ap\u00f3s participar de tr\u00eas companhias teatrais ela sentiu que o teatro estava limitando sua express\u00e3o art\u00edstica e encontrou na dan\u00e7a a possibilidade de se expressar com maior liberdade corporal para dar o seu recado art\u00edstico e tamb\u00e9m para superar obst\u00e1culos que a defici\u00eancia lhe impunha.<\/p>\n<p>Arte Sem Barreiras &#8211; Repleta de interessantes manifesta\u00e7\u00f5es culturais, o projeto \u201cArte Sem Barreiras\u201d ser\u00e1 desenvolvido ao longo deste ano com uma s\u00e9rie de apresenta\u00e7\u00f5es, com uma caracter\u00edstica singular os trabalhos ser\u00e3o realizados por artistas com defici\u00eancia.<\/p>\n<p>A inten\u00e7\u00e3o \u00e9 promover a inclus\u00e3o social e difundir a id\u00e9ia de que a defici\u00eancia n\u00e3o impede a gera\u00e7\u00e3o de olhares criativos que surpreendem pela qualidade est\u00e9tica, explica o secret\u00e1rio de Cultura Werinton Kermes.<\/p>\n<p>Servi\u00e7o:<\/p>\n<p>Espet\u00e1culo de Dan\u00e7a, Audit\u00f3rio Municipal \u201cFrancisco Beranger\u201d, 20 horas, na avenida Newton Vieira Soares, Centro. Mais informa\u00e7\u00f5es 3353-8672.<\/p>\n<p>Fonte: <a href=\"http:\/\/www.cruzeirodosul.inf.br\/materia.phl?editoria=42&amp;id=182940\">http:\/\/www.cruzeirodosul.inf.br\/materia.phl?editoria=42&amp;id=182940<\/a><\/p>\n","protected":false},"excerpt":{"rendered":"<p>A atriz e dan\u00e7arinana Estela Lapponi mostra seu talento neste pr\u00f3ximo domingo (10), \u00e0s 20 horas, no Audit\u00f3rio Municipal \u201cFrancisco Beranger\u201d. Este ser\u00e1 o primeiro espet\u00e1culo dentro do projeto \u201cArte Sem Barreiras\u201d, realizado pela prefeitura de Votorantim, por meio da secretaria de Cultura, em parceria com a Secretaria de Cultura do Estado. Estela \u00e9 atriz [&hellip;]<\/p>\n","protected":false},"author":2,"featured_media":0,"comment_status":"open","ping_status":"open","sticky":false,"template":"","format":"standard","meta":{"site-container-style":"default","site-container-layout":"default","site-sidebar-layout":"default","disable-article-header":"default","disable-site-header":"default","disable-site-footer":"default","disable-content-area-spacing":"default","footnotes":""},"categories":[29,4],"tags":[],"class_list":["post-7437","post","type-post","status-publish","format-standard","hentry","category-cultura","category-noticias"],"yoast_head":"<!-- This site is optimized with the Yoast SEO plugin v27.4 - https:\/\/yoast.com\/product\/yoast-seo-wordpress\/ -->\n<title>Arte sem Barreiras chega a Votorantim -<\/title>\n<meta name=\"robots\" content=\"index, follow, max-snippet:-1, max-image-preview:large, max-video-preview:-1\" \/>\n<link rel=\"canonical\" href=\"https:\/\/inclusivenews.com.br\/?p=7437\" \/>\n<meta property=\"og:locale\" content=\"pt_PT\" \/>\n<meta property=\"og:type\" content=\"article\" \/>\n<meta property=\"og:title\" content=\"Arte sem Barreiras chega a Votorantim -\" \/>\n<meta property=\"og:description\" content=\"A atriz e dan\u00e7arinana Estela Lapponi mostra seu talento neste pr\u00f3ximo domingo (10), \u00e0s 20 horas, no Audit\u00f3rio Municipal \u201cFrancisco Beranger\u201d. Este ser\u00e1 o primeiro espet\u00e1culo dentro do projeto \u201cArte Sem Barreiras\u201d, realizado pela prefeitura de Votorantim, por meio da secretaria de Cultura, em parceria com a Secretaria de Cultura do Estado. Estela \u00e9 atriz [&hellip;]\" \/>\n<meta property=\"og:url\" content=\"https:\/\/inclusivenews.com.br\/?p=7437\" \/>\n<meta property=\"article:publisher\" content=\"https:\/\/www.facebook.com\/agenciainclusive\/\" \/>\n<meta property=\"article:published_time\" content=\"2009-05-07T10:30:00+00:00\" \/>\n<meta name=\"author\" content=\"Inclusive\" \/>\n<meta name=\"twitter:card\" content=\"summary_large_image\" \/>\n<meta name=\"twitter:label1\" content=\"Escrito por\" \/>\n\t<meta name=\"twitter:data1\" content=\"Inclusive\" \/>\n\t<meta name=\"twitter:label2\" content=\"Tempo estimado de leitura\" \/>\n\t<meta name=\"twitter:data2\" content=\"1 minuto\" \/>\n<script type=\"application\/ld+json\" class=\"yoast-schema-graph\">{\"@context\":\"https:\\\/\\\/schema.org\",\"@graph\":[{\"@type\":\"Article\",\"@id\":\"https:\\\/\\\/inclusivenews.com.br\\\/?p=7437#article\",\"isPartOf\":{\"@id\":\"https:\\\/\\\/inclusivenews.com.br\\\/?p=7437\"},\"author\":{\"name\":\"Inclusive\",\"@id\":\"https:\\\/\\\/inclusivenews.com.br\\\/#\\\/schema\\\/person\\\/0dab492019871b94abb65fa8ee7c8c44\"},\"headline\":\"Arte sem Barreiras chega a Votorantim\",\"datePublished\":\"2009-05-07T10:30:00+00:00\",\"mainEntityOfPage\":{\"@id\":\"https:\\\/\\\/inclusivenews.com.br\\\/?p=7437\"},\"wordCount\":260,\"commentCount\":0,\"publisher\":{\"@id\":\"https:\\\/\\\/inclusivenews.com.br\\\/#organization\"},\"articleSection\":[\"Cultura\",\"NOT\u00cdCIAS\"],\"inLanguage\":\"pt-PT\",\"potentialAction\":[{\"@type\":\"CommentAction\",\"name\":\"Comment\",\"target\":[\"https:\\\/\\\/inclusivenews.com.br\\\/?p=7437#respond\"]}]},{\"@type\":\"WebPage\",\"@id\":\"https:\\\/\\\/inclusivenews.com.br\\\/?p=7437\",\"url\":\"https:\\\/\\\/inclusivenews.com.br\\\/?p=7437\",\"name\":\"Arte sem Barreiras chega a Votorantim -\",\"isPartOf\":{\"@id\":\"https:\\\/\\\/inclusivenews.com.br\\\/#website\"},\"datePublished\":\"2009-05-07T10:30:00+00:00\",\"breadcrumb\":{\"@id\":\"https:\\\/\\\/inclusivenews.com.br\\\/?p=7437#breadcrumb\"},\"inLanguage\":\"pt-PT\",\"potentialAction\":[{\"@type\":\"ReadAction\",\"target\":[\"https:\\\/\\\/inclusivenews.com.br\\\/?p=7437\"]}]},{\"@type\":\"BreadcrumbList\",\"@id\":\"https:\\\/\\\/inclusivenews.com.br\\\/?p=7437#breadcrumb\",\"itemListElement\":[{\"@type\":\"ListItem\",\"position\":1,\"name\":\"In\u00edcio\",\"item\":\"https:\\\/\\\/inclusivenews.com.br\\\/\"},{\"@type\":\"ListItem\",\"position\":2,\"name\":\"Arte sem Barreiras chega a Votorantim\"}]},{\"@type\":\"WebSite\",\"@id\":\"https:\\\/\\\/inclusivenews.com.br\\\/#website\",\"url\":\"https:\\\/\\\/inclusivenews.com.br\\\/\",\"name\":\"Inclusive News\",\"description\":\"Inclusive News\",\"publisher\":{\"@id\":\"https:\\\/\\\/inclusivenews.com.br\\\/#organization\"},\"potentialAction\":[{\"@type\":\"SearchAction\",\"target\":{\"@type\":\"EntryPoint\",\"urlTemplate\":\"https:\\\/\\\/inclusivenews.com.br\\\/?s={search_term_string}\"},\"query-input\":{\"@type\":\"PropertyValueSpecification\",\"valueRequired\":true,\"valueName\":\"search_term_string\"}}],\"inLanguage\":\"pt-PT\"},{\"@type\":\"Organization\",\"@id\":\"https:\\\/\\\/inclusivenews.com.br\\\/#organization\",\"name\":\"Inclusive - inclus\u00e3o e cidadania\",\"url\":\"https:\\\/\\\/inclusivenews.com.br\\\/\",\"logo\":{\"@type\":\"ImageObject\",\"inLanguage\":\"pt-PT\",\"@id\":\"https:\\\/\\\/inclusivenews.com.br\\\/#\\\/schema\\\/logo\\\/image\\\/\",\"url\":\"https:\\\/\\\/inclusivenews.com.br\\\/wp-content\\\/uploads\\\/2024\\\/03\\\/@grandesite.png\",\"contentUrl\":\"https:\\\/\\\/inclusivenews.com.br\\\/wp-content\\\/uploads\\\/2024\\\/03\\\/@grandesite.png\",\"width\":1080,\"height\":1080,\"caption\":\"Inclusive - inclus\u00e3o e cidadania\"},\"image\":{\"@id\":\"https:\\\/\\\/inclusivenews.com.br\\\/#\\\/schema\\\/logo\\\/image\\\/\"},\"sameAs\":[\"https:\\\/\\\/www.facebook.com\\\/agenciainclusive\\\/\",\"https:\\\/\\\/www.instagram.com\\\/newsinclusive\\\/\"]},{\"@type\":\"Person\",\"@id\":\"https:\\\/\\\/inclusivenews.com.br\\\/#\\\/schema\\\/person\\\/0dab492019871b94abb65fa8ee7c8c44\",\"name\":\"Inclusive\",\"image\":{\"@type\":\"ImageObject\",\"inLanguage\":\"pt-PT\",\"@id\":\"https:\\\/\\\/secure.gravatar.com\\\/avatar\\\/?s=96&d=mm&r=g\",\"url\":\"https:\\\/\\\/secure.gravatar.com\\\/avatar\\\/?s=96&d=mm&r=g\",\"contentUrl\":\"https:\\\/\\\/secure.gravatar.com\\\/avatar\\\/?s=96&d=mm&r=g\",\"caption\":\"Inclusive\"},\"url\":\"https:\\\/\\\/inclusivenews.com.br\\\/?author=2\"}]}<\/script>\n<!-- \/ Yoast SEO plugin. -->","yoast_head_json":{"title":"Arte sem Barreiras chega a Votorantim -","robots":{"index":"index","follow":"follow","max-snippet":"max-snippet:-1","max-image-preview":"max-image-preview:large","max-video-preview":"max-video-preview:-1"},"canonical":"https:\/\/inclusivenews.com.br\/?p=7437","og_locale":"pt_PT","og_type":"article","og_title":"Arte sem Barreiras chega a Votorantim -","og_description":"A atriz e dan\u00e7arinana Estela Lapponi mostra seu talento neste pr\u00f3ximo domingo (10), \u00e0s 20 horas, no Audit\u00f3rio Municipal \u201cFrancisco Beranger\u201d. Este ser\u00e1 o primeiro espet\u00e1culo dentro do projeto \u201cArte Sem Barreiras\u201d, realizado pela prefeitura de Votorantim, por meio da secretaria de Cultura, em parceria com a Secretaria de Cultura do Estado. Estela \u00e9 atriz [&hellip;]","og_url":"https:\/\/inclusivenews.com.br\/?p=7437","article_publisher":"https:\/\/www.facebook.com\/agenciainclusive\/","article_published_time":"2009-05-07T10:30:00+00:00","author":"Inclusive","twitter_card":"summary_large_image","twitter_misc":{"Escrito por":"Inclusive","Tempo estimado de leitura":"1 minuto"},"schema":{"@context":"https:\/\/schema.org","@graph":[{"@type":"Article","@id":"https:\/\/inclusivenews.com.br\/?p=7437#article","isPartOf":{"@id":"https:\/\/inclusivenews.com.br\/?p=7437"},"author":{"name":"Inclusive","@id":"https:\/\/inclusivenews.com.br\/#\/schema\/person\/0dab492019871b94abb65fa8ee7c8c44"},"headline":"Arte sem Barreiras chega a Votorantim","datePublished":"2009-05-07T10:30:00+00:00","mainEntityOfPage":{"@id":"https:\/\/inclusivenews.com.br\/?p=7437"},"wordCount":260,"commentCount":0,"publisher":{"@id":"https:\/\/inclusivenews.com.br\/#organization"},"articleSection":["Cultura","NOT\u00cdCIAS"],"inLanguage":"pt-PT","potentialAction":[{"@type":"CommentAction","name":"Comment","target":["https:\/\/inclusivenews.com.br\/?p=7437#respond"]}]},{"@type":"WebPage","@id":"https:\/\/inclusivenews.com.br\/?p=7437","url":"https:\/\/inclusivenews.com.br\/?p=7437","name":"Arte sem Barreiras chega a Votorantim -","isPartOf":{"@id":"https:\/\/inclusivenews.com.br\/#website"},"datePublished":"2009-05-07T10:30:00+00:00","breadcrumb":{"@id":"https:\/\/inclusivenews.com.br\/?p=7437#breadcrumb"},"inLanguage":"pt-PT","potentialAction":[{"@type":"ReadAction","target":["https:\/\/inclusivenews.com.br\/?p=7437"]}]},{"@type":"BreadcrumbList","@id":"https:\/\/inclusivenews.com.br\/?p=7437#breadcrumb","itemListElement":[{"@type":"ListItem","position":1,"name":"In\u00edcio","item":"https:\/\/inclusivenews.com.br\/"},{"@type":"ListItem","position":2,"name":"Arte sem Barreiras chega a Votorantim"}]},{"@type":"WebSite","@id":"https:\/\/inclusivenews.com.br\/#website","url":"https:\/\/inclusivenews.com.br\/","name":"Inclusive News","description":"Inclusive News","publisher":{"@id":"https:\/\/inclusivenews.com.br\/#organization"},"potentialAction":[{"@type":"SearchAction","target":{"@type":"EntryPoint","urlTemplate":"https:\/\/inclusivenews.com.br\/?s={search_term_string}"},"query-input":{"@type":"PropertyValueSpecification","valueRequired":true,"valueName":"search_term_string"}}],"inLanguage":"pt-PT"},{"@type":"Organization","@id":"https:\/\/inclusivenews.com.br\/#organization","name":"Inclusive - inclus\u00e3o e cidadania","url":"https:\/\/inclusivenews.com.br\/","logo":{"@type":"ImageObject","inLanguage":"pt-PT","@id":"https:\/\/inclusivenews.com.br\/#\/schema\/logo\/image\/","url":"https:\/\/inclusivenews.com.br\/wp-content\/uploads\/2024\/03\/@grandesite.png","contentUrl":"https:\/\/inclusivenews.com.br\/wp-content\/uploads\/2024\/03\/@grandesite.png","width":1080,"height":1080,"caption":"Inclusive - inclus\u00e3o e cidadania"},"image":{"@id":"https:\/\/inclusivenews.com.br\/#\/schema\/logo\/image\/"},"sameAs":["https:\/\/www.facebook.com\/agenciainclusive\/","https:\/\/www.instagram.com\/newsinclusive\/"]},{"@type":"Person","@id":"https:\/\/inclusivenews.com.br\/#\/schema\/person\/0dab492019871b94abb65fa8ee7c8c44","name":"Inclusive","image":{"@type":"ImageObject","inLanguage":"pt-PT","@id":"https:\/\/secure.gravatar.com\/avatar\/?s=96&d=mm&r=g","url":"https:\/\/secure.gravatar.com\/avatar\/?s=96&d=mm&r=g","contentUrl":"https:\/\/secure.gravatar.com\/avatar\/?s=96&d=mm&r=g","caption":"Inclusive"},"url":"https:\/\/inclusivenews.com.br\/?author=2"}]}},"_links":{"self":[{"href":"https:\/\/inclusivenews.com.br\/index.php?rest_route=\/wp\/v2\/posts\/7437","targetHints":{"allow":["GET"]}}],"collection":[{"href":"https:\/\/inclusivenews.com.br\/index.php?rest_route=\/wp\/v2\/posts"}],"about":[{"href":"https:\/\/inclusivenews.com.br\/index.php?rest_route=\/wp\/v2\/types\/post"}],"author":[{"embeddable":true,"href":"https:\/\/inclusivenews.com.br\/index.php?rest_route=\/wp\/v2\/users\/2"}],"replies":[{"embeddable":true,"href":"https:\/\/inclusivenews.com.br\/index.php?rest_route=%2Fwp%2Fv2%2Fcomments&post=7437"}],"version-history":[{"count":0,"href":"https:\/\/inclusivenews.com.br\/index.php?rest_route=\/wp\/v2\/posts\/7437\/revisions"}],"wp:attachment":[{"href":"https:\/\/inclusivenews.com.br\/index.php?rest_route=%2Fwp%2Fv2%2Fmedia&parent=7437"}],"wp:term":[{"taxonomy":"category","embeddable":true,"href":"https:\/\/inclusivenews.com.br\/index.php?rest_route=%2Fwp%2Fv2%2Fcategories&post=7437"},{"taxonomy":"post_tag","embeddable":true,"href":"https:\/\/inclusivenews.com.br\/index.php?rest_route=%2Fwp%2Fv2%2Ftags&post=7437"}],"curies":[{"name":"wp","href":"https:\/\/api.w.org\/{rel}","templated":true}]}}