{"id":7439,"date":"2009-05-07T10:39:04","date_gmt":"2009-05-07T10:39:04","guid":{"rendered":"http:\/\/agenciainclusive.wordpress.com\/?p=7439"},"modified":"2009-05-07T10:39:04","modified_gmt":"2009-05-07T10:39:04","slug":"minuto-da-inclusao-programas-688-a-690","status":"publish","type":"post","link":"https:\/\/inclusivenews.com.br\/?p=7439","title":{"rendered":"Minuto da inclus\u00e3o &#8211; Programas 688 a 690"},"content":{"rendered":"<figure id=\"attachment_2988\" aria-describedby=\"caption-attachment-2988\" style=\"width: 180px\" class=\"wp-caption alignnone\"><img loading=\"lazy\" decoding=\"async\" class=\"size-full wp-image-2988\" title=\"minuto_da_inclusao\" src=\"http:\/\/agenciainclusive.files.wordpress.com\/2009\/01\/minuto_da_inclusao.jpg\" alt=\"minuto_da_inclusao\" width=\"180\" height=\"78\" \/><figcaption id=\"caption-attachment-2988\" class=\"wp-caption-text\">Na imagem, logotipo do Minuto da Inclus\u00e3o: um rel\u00f3gio simulando uma pessoa de bra\u00e7os abertos contornada por um c\u00edrculo incompleto.<\/figcaption><\/figure>\n<p style=\"text-align:right;\">Para ouvir os boletins direto do navegador,<br \/>\nrole o mouse sobre os links e aguarde<br \/>\no player ser exibido na janela popup.<\/p>\n<p style=\"text-align:left;\"><a href=\"http:\/\/www.mypodcast.com\/fsaudio\/inclusive_20090505_0603-427784.mp3\" target=\"_blank\" rel=\"noopener\">Programas 688, 689 e 690<\/a><\/p>\n<p style=\"text-align:left;\">Programa 688 &#8211; Livro sobre Historia e Pessoas com defici\u00eancia<\/p>\n<p>Ol\u00e1 Brasil!<br \/>\nFoi lan\u00e7ado o livro \u201cOs Infames da Hist\u00f3ria: Pobres, Escravos e Deficientes no Brasil\u201d, da Professora Lilia Ferreira Lobo, da Universidade Federal Fluminense. A obra traz uma reflex\u00e3o sobre a Hist\u00f3ria e a Historiografia das pessoas com defici\u00eancia e de outros grupos que sofreram e sofrem com a discrimina\u00e7\u00e3o em nosso pa\u00eds, como as popula\u00e7\u00f5es negras e ind\u00edgenas. S\u00e3o enfatizadas as bases \u201ccient\u00edficas\u201d e hist\u00f3ricas que favoreceram os movimentos higienistas, eugenistas e das politicas de preven\u00e7\u00e3o e controle biopol\u00edtico do que ela chama: corpos desviantes. Assim, esse trabalho pode contribuir para a genealogia das institui\u00e7\u00f5es constru\u00eddas e recriadas em torno das pessoas com defici\u00eancia e de todos os colocados como Minorias e marginalizados. Mais informa\u00e7\u00f5es no site da Lamparina Editora: <a href=\"http:\/\/www.lamparina.com.br\">www.lamparina.com.br<\/a>, <a href=\"http:\/\/www.lamparina.com.br\">www.lamparina.com.br<\/a>.<br \/>\nTuca Munhoz para o Minuto da Inclus\u00e3o.<br \/>\nFonte: Rede Saci<\/p>\n<p style=\"text-align:left;\">Programa 689 &#8211; Sobre a educa\u00e7\u00e3o de povos ind\u00edgenas<\/p>\n<p>Ol\u00e1 Brasil!<br \/>\nA Constitui\u00e7\u00e3o, de 1988, garante aos povos ind\u00edgenas uma educa\u00e7\u00e3o escolar diferenciada para cada etnia. Por\u00e9m, a falta de infra-estrutura, materiais did\u00e1ticos adequados e professores especializados ainda s\u00e3o problemas comuns nas escolas ind\u00edgenas. Assim, em setembro deste ano acontecer\u00e1, em Bras\u00edlia, a Primeira Confer\u00eancia Nacional de Educa\u00e7\u00e3o Escolar Ind\u00edgena. Cerca de 600 representantes dessas comunidades e dos governos federal, estaduais e municipais discutir\u00e3o qual \u00e9 o modelo de educa\u00e7\u00e3o adequado para esses povos. Para especialistas, uma educa\u00e7\u00e3o diferenciada deve promover o uso da l\u00edngua materna nas escolas e a introdu\u00e7\u00e3o no ambiente escolar de conhecimentos, pr\u00e1ticas e saberes de cada etnia. N\u00f3s, do Minuto da Inclus\u00e3o, esperamos que esta Confer\u00eancia traga resultados pr\u00e1ticos para garantir a autonomia pedag\u00f3gica das escolas ind\u00edgenas e para o acesso a todo o conhecimento humano.<br \/>\nTuca Munhoz para o Minuto da Inclus\u00e3o.<br \/>\nFonte: <a href=\"http:\/\/www.abril.com.br\">www.abril.com.br<\/a><\/p>\n<p style=\"text-align:left;\">Programa 690 &#8211; Cotas para pessoas com defici\u00eancia no ensino p\u00fablico<\/p>\n<p>Ol\u00e1 Brasil!<br \/>\nA C\u00e2mara Federal, em Bras\u00edlia, aprovou recentemente projeto que fixa cota de dez por cento para pessoas com defici\u00eancia nas universidades e institui\u00e7\u00f5es de ensino m\u00e9dio p\u00fablicas. O projeto tem car\u00e1ter conclusivo, ou seja, s\u00f3 ser\u00e1 votado no plen\u00e1rio se houver recurso, caso contr\u00e1rio seguir\u00e1 para an\u00e1lise no Senado. Por\u00e9m, alguns deputados ficaram em d\u00favida se as institui\u00e7\u00f5es p\u00fablicas estaduais e municipais est\u00e3o inclu\u00eddas e a quest\u00e3o pode ser levada ao plen\u00e1rio por esse motivo. A proposta j\u00e1 tem o parecer favor\u00e1vel do Minist\u00e9rio da Educa\u00e7\u00e3o. De acordo com dados do Instituto Nacional de Estudos e Pesquisas Educacionais An\u00edsio Teixeira, Inep, h\u00e1 somente 0,15% de pessoas com defici\u00eancia entre os universit\u00e1rios do Pa\u00eds. Traremos mais novidades sobre esse assunto nos pr\u00f3ximos programas. Qual \u00e9 a sua opini\u00e3o sobre esse tema?<br \/>\nTuca Munhoz para o Minuto da Inclus\u00e3o.<br \/>\nFonte:\u00a0 Ag\u00eancia Senado<\/p>\n","protected":false},"excerpt":{"rendered":"<p>Para ouvir os boletins direto do navegador, role o mouse sobre os links e aguarde o player ser exibido na janela popup. Programas 688, 689 e 690 Programa 688 &#8211; Livro sobre Historia e Pessoas com defici\u00eancia Ol\u00e1 Brasil! Foi lan\u00e7ado o livro \u201cOs Infames da Hist\u00f3ria: Pobres, Escravos e Deficientes no Brasil\u201d, da Professora [&hellip;]<\/p>\n","protected":false},"author":2,"featured_media":0,"comment_status":"open","ping_status":"open","sticky":false,"template":"","format":"standard","meta":{"site-container-style":"default","site-container-layout":"default","site-sidebar-layout":"default","disable-article-header":"default","disable-site-header":"default","disable-site-footer":"default","disable-content-area-spacing":"default","footnotes":""},"categories":[21],"tags":[20,15],"class_list":["post-7439","post","type-post","status-publish","format-standard","hentry","category-audio","tag-minuto-da-inclusao","tag-multimidia"],"yoast_head":"<!-- This site is optimized with the Yoast SEO plugin v27.4 - https:\/\/yoast.com\/product\/yoast-seo-wordpress\/ -->\n<title>Minuto da inclus\u00e3o - Programas 688 a 690 -<\/title>\n<meta name=\"robots\" content=\"index, follow, max-snippet:-1, max-image-preview:large, max-video-preview:-1\" \/>\n<link rel=\"canonical\" href=\"https:\/\/inclusivenews.com.br\/?p=7439\" \/>\n<meta property=\"og:locale\" content=\"pt_PT\" \/>\n<meta property=\"og:type\" content=\"article\" \/>\n<meta property=\"og:title\" content=\"Minuto da inclus\u00e3o - Programas 688 a 690 -\" \/>\n<meta property=\"og:description\" content=\"Para ouvir os boletins direto do navegador, role o mouse sobre os links e aguarde o player ser exibido na janela popup. Programas 688, 689 e 690 Programa 688 &#8211; Livro sobre Historia e Pessoas com defici\u00eancia Ol\u00e1 Brasil! Foi lan\u00e7ado o livro \u201cOs Infames da Hist\u00f3ria: Pobres, Escravos e Deficientes no Brasil\u201d, da Professora [&hellip;]\" \/>\n<meta property=\"og:url\" content=\"https:\/\/inclusivenews.com.br\/?p=7439\" \/>\n<meta property=\"article:publisher\" content=\"https:\/\/www.facebook.com\/agenciainclusive\/\" \/>\n<meta property=\"article:published_time\" content=\"2009-05-07T10:39:04+00:00\" \/>\n<meta property=\"og:image\" content=\"http:\/\/agenciainclusive.files.wordpress.com\/2009\/01\/minuto_da_inclusao.jpg\" \/>\n<meta name=\"author\" content=\"Inclusive\" \/>\n<meta name=\"twitter:card\" content=\"summary_large_image\" \/>\n<meta name=\"twitter:label1\" content=\"Escrito por\" \/>\n\t<meta name=\"twitter:data1\" content=\"Inclusive\" \/>\n\t<meta name=\"twitter:label2\" content=\"Tempo estimado de leitura\" \/>\n\t<meta name=\"twitter:data2\" content=\"3 minutos\" \/>\n<script type=\"application\/ld+json\" class=\"yoast-schema-graph\">{\"@context\":\"https:\\\/\\\/schema.org\",\"@graph\":[{\"@type\":\"Article\",\"@id\":\"https:\\\/\\\/inclusivenews.com.br\\\/?p=7439#article\",\"isPartOf\":{\"@id\":\"https:\\\/\\\/inclusivenews.com.br\\\/?p=7439\"},\"author\":{\"name\":\"Inclusive\",\"@id\":\"https:\\\/\\\/inclusivenews.com.br\\\/#\\\/schema\\\/person\\\/0dab492019871b94abb65fa8ee7c8c44\"},\"headline\":\"Minuto da inclus\u00e3o &#8211; Programas 688 a 690\",\"datePublished\":\"2009-05-07T10:39:04+00:00\",\"mainEntityOfPage\":{\"@id\":\"https:\\\/\\\/inclusivenews.com.br\\\/?p=7439\"},\"wordCount\":588,\"commentCount\":0,\"publisher\":{\"@id\":\"https:\\\/\\\/inclusivenews.com.br\\\/#organization\"},\"image\":{\"@id\":\"https:\\\/\\\/inclusivenews.com.br\\\/?p=7439#primaryimage\"},\"thumbnailUrl\":\"http:\\\/\\\/agenciainclusive.files.wordpress.com\\\/2009\\\/01\\\/minuto_da_inclusao.jpg\",\"keywords\":[\"Minuto da Inclusao\",\"Multim\u00eddia\"],\"articleSection\":[\"\u00c1udio\"],\"inLanguage\":\"pt-PT\",\"potentialAction\":[{\"@type\":\"CommentAction\",\"name\":\"Comment\",\"target\":[\"https:\\\/\\\/inclusivenews.com.br\\\/?p=7439#respond\"]}]},{\"@type\":\"WebPage\",\"@id\":\"https:\\\/\\\/inclusivenews.com.br\\\/?p=7439\",\"url\":\"https:\\\/\\\/inclusivenews.com.br\\\/?p=7439\",\"name\":\"Minuto da inclus\u00e3o - Programas 688 a 690 -\",\"isPartOf\":{\"@id\":\"https:\\\/\\\/inclusivenews.com.br\\\/#website\"},\"primaryImageOfPage\":{\"@id\":\"https:\\\/\\\/inclusivenews.com.br\\\/?p=7439#primaryimage\"},\"image\":{\"@id\":\"https:\\\/\\\/inclusivenews.com.br\\\/?p=7439#primaryimage\"},\"thumbnailUrl\":\"http:\\\/\\\/agenciainclusive.files.wordpress.com\\\/2009\\\/01\\\/minuto_da_inclusao.jpg\",\"datePublished\":\"2009-05-07T10:39:04+00:00\",\"breadcrumb\":{\"@id\":\"https:\\\/\\\/inclusivenews.com.br\\\/?p=7439#breadcrumb\"},\"inLanguage\":\"pt-PT\",\"potentialAction\":[{\"@type\":\"ReadAction\",\"target\":[\"https:\\\/\\\/inclusivenews.com.br\\\/?p=7439\"]}]},{\"@type\":\"ImageObject\",\"inLanguage\":\"pt-PT\",\"@id\":\"https:\\\/\\\/inclusivenews.com.br\\\/?p=7439#primaryimage\",\"url\":\"http:\\\/\\\/agenciainclusive.files.wordpress.com\\\/2009\\\/01\\\/minuto_da_inclusao.jpg\",\"contentUrl\":\"http:\\\/\\\/agenciainclusive.files.wordpress.com\\\/2009\\\/01\\\/minuto_da_inclusao.jpg\"},{\"@type\":\"BreadcrumbList\",\"@id\":\"https:\\\/\\\/inclusivenews.com.br\\\/?p=7439#breadcrumb\",\"itemListElement\":[{\"@type\":\"ListItem\",\"position\":1,\"name\":\"In\u00edcio\",\"item\":\"https:\\\/\\\/inclusivenews.com.br\\\/\"},{\"@type\":\"ListItem\",\"position\":2,\"name\":\"Minuto da inclus\u00e3o &#8211; Programas 688 a 690\"}]},{\"@type\":\"WebSite\",\"@id\":\"https:\\\/\\\/inclusivenews.com.br\\\/#website\",\"url\":\"https:\\\/\\\/inclusivenews.com.br\\\/\",\"name\":\"Inclusive News\",\"description\":\"Inclusive News\",\"publisher\":{\"@id\":\"https:\\\/\\\/inclusivenews.com.br\\\/#organization\"},\"potentialAction\":[{\"@type\":\"SearchAction\",\"target\":{\"@type\":\"EntryPoint\",\"urlTemplate\":\"https:\\\/\\\/inclusivenews.com.br\\\/?s={search_term_string}\"},\"query-input\":{\"@type\":\"PropertyValueSpecification\",\"valueRequired\":true,\"valueName\":\"search_term_string\"}}],\"inLanguage\":\"pt-PT\"},{\"@type\":\"Organization\",\"@id\":\"https:\\\/\\\/inclusivenews.com.br\\\/#organization\",\"name\":\"Inclusive - inclus\u00e3o e cidadania\",\"url\":\"https:\\\/\\\/inclusivenews.com.br\\\/\",\"logo\":{\"@type\":\"ImageObject\",\"inLanguage\":\"pt-PT\",\"@id\":\"https:\\\/\\\/inclusivenews.com.br\\\/#\\\/schema\\\/logo\\\/image\\\/\",\"url\":\"https:\\\/\\\/inclusivenews.com.br\\\/wp-content\\\/uploads\\\/2024\\\/03\\\/@grandesite.png\",\"contentUrl\":\"https:\\\/\\\/inclusivenews.com.br\\\/wp-content\\\/uploads\\\/2024\\\/03\\\/@grandesite.png\",\"width\":1080,\"height\":1080,\"caption\":\"Inclusive - inclus\u00e3o e cidadania\"},\"image\":{\"@id\":\"https:\\\/\\\/inclusivenews.com.br\\\/#\\\/schema\\\/logo\\\/image\\\/\"},\"sameAs\":[\"https:\\\/\\\/www.facebook.com\\\/agenciainclusive\\\/\",\"https:\\\/\\\/www.instagram.com\\\/newsinclusive\\\/\"]},{\"@type\":\"Person\",\"@id\":\"https:\\\/\\\/inclusivenews.com.br\\\/#\\\/schema\\\/person\\\/0dab492019871b94abb65fa8ee7c8c44\",\"name\":\"Inclusive\",\"image\":{\"@type\":\"ImageObject\",\"inLanguage\":\"pt-PT\",\"@id\":\"https:\\\/\\\/secure.gravatar.com\\\/avatar\\\/?s=96&d=mm&r=g\",\"url\":\"https:\\\/\\\/secure.gravatar.com\\\/avatar\\\/?s=96&d=mm&r=g\",\"contentUrl\":\"https:\\\/\\\/secure.gravatar.com\\\/avatar\\\/?s=96&d=mm&r=g\",\"caption\":\"Inclusive\"},\"url\":\"https:\\\/\\\/inclusivenews.com.br\\\/?author=2\"}]}<\/script>\n<!-- \/ Yoast SEO plugin. -->","yoast_head_json":{"title":"Minuto da inclus\u00e3o - Programas 688 a 690 -","robots":{"index":"index","follow":"follow","max-snippet":"max-snippet:-1","max-image-preview":"max-image-preview:large","max-video-preview":"max-video-preview:-1"},"canonical":"https:\/\/inclusivenews.com.br\/?p=7439","og_locale":"pt_PT","og_type":"article","og_title":"Minuto da inclus\u00e3o - Programas 688 a 690 -","og_description":"Para ouvir os boletins direto do navegador, role o mouse sobre os links e aguarde o player ser exibido na janela popup. Programas 688, 689 e 690 Programa 688 &#8211; Livro sobre Historia e Pessoas com defici\u00eancia Ol\u00e1 Brasil! Foi lan\u00e7ado o livro \u201cOs Infames da Hist\u00f3ria: Pobres, Escravos e Deficientes no Brasil\u201d, da Professora [&hellip;]","og_url":"https:\/\/inclusivenews.com.br\/?p=7439","article_publisher":"https:\/\/www.facebook.com\/agenciainclusive\/","article_published_time":"2009-05-07T10:39:04+00:00","og_image":[{"url":"http:\/\/agenciainclusive.files.wordpress.com\/2009\/01\/minuto_da_inclusao.jpg","type":"","width":"","height":""}],"author":"Inclusive","twitter_card":"summary_large_image","twitter_misc":{"Escrito por":"Inclusive","Tempo estimado de leitura":"3 minutos"},"schema":{"@context":"https:\/\/schema.org","@graph":[{"@type":"Article","@id":"https:\/\/inclusivenews.com.br\/?p=7439#article","isPartOf":{"@id":"https:\/\/inclusivenews.com.br\/?p=7439"},"author":{"name":"Inclusive","@id":"https:\/\/inclusivenews.com.br\/#\/schema\/person\/0dab492019871b94abb65fa8ee7c8c44"},"headline":"Minuto da inclus\u00e3o &#8211; Programas 688 a 690","datePublished":"2009-05-07T10:39:04+00:00","mainEntityOfPage":{"@id":"https:\/\/inclusivenews.com.br\/?p=7439"},"wordCount":588,"commentCount":0,"publisher":{"@id":"https:\/\/inclusivenews.com.br\/#organization"},"image":{"@id":"https:\/\/inclusivenews.com.br\/?p=7439#primaryimage"},"thumbnailUrl":"http:\/\/agenciainclusive.files.wordpress.com\/2009\/01\/minuto_da_inclusao.jpg","keywords":["Minuto da Inclusao","Multim\u00eddia"],"articleSection":["\u00c1udio"],"inLanguage":"pt-PT","potentialAction":[{"@type":"CommentAction","name":"Comment","target":["https:\/\/inclusivenews.com.br\/?p=7439#respond"]}]},{"@type":"WebPage","@id":"https:\/\/inclusivenews.com.br\/?p=7439","url":"https:\/\/inclusivenews.com.br\/?p=7439","name":"Minuto da inclus\u00e3o - Programas 688 a 690 -","isPartOf":{"@id":"https:\/\/inclusivenews.com.br\/#website"},"primaryImageOfPage":{"@id":"https:\/\/inclusivenews.com.br\/?p=7439#primaryimage"},"image":{"@id":"https:\/\/inclusivenews.com.br\/?p=7439#primaryimage"},"thumbnailUrl":"http:\/\/agenciainclusive.files.wordpress.com\/2009\/01\/minuto_da_inclusao.jpg","datePublished":"2009-05-07T10:39:04+00:00","breadcrumb":{"@id":"https:\/\/inclusivenews.com.br\/?p=7439#breadcrumb"},"inLanguage":"pt-PT","potentialAction":[{"@type":"ReadAction","target":["https:\/\/inclusivenews.com.br\/?p=7439"]}]},{"@type":"ImageObject","inLanguage":"pt-PT","@id":"https:\/\/inclusivenews.com.br\/?p=7439#primaryimage","url":"http:\/\/agenciainclusive.files.wordpress.com\/2009\/01\/minuto_da_inclusao.jpg","contentUrl":"http:\/\/agenciainclusive.files.wordpress.com\/2009\/01\/minuto_da_inclusao.jpg"},{"@type":"BreadcrumbList","@id":"https:\/\/inclusivenews.com.br\/?p=7439#breadcrumb","itemListElement":[{"@type":"ListItem","position":1,"name":"In\u00edcio","item":"https:\/\/inclusivenews.com.br\/"},{"@type":"ListItem","position":2,"name":"Minuto da inclus\u00e3o &#8211; Programas 688 a 690"}]},{"@type":"WebSite","@id":"https:\/\/inclusivenews.com.br\/#website","url":"https:\/\/inclusivenews.com.br\/","name":"Inclusive News","description":"Inclusive News","publisher":{"@id":"https:\/\/inclusivenews.com.br\/#organization"},"potentialAction":[{"@type":"SearchAction","target":{"@type":"EntryPoint","urlTemplate":"https:\/\/inclusivenews.com.br\/?s={search_term_string}"},"query-input":{"@type":"PropertyValueSpecification","valueRequired":true,"valueName":"search_term_string"}}],"inLanguage":"pt-PT"},{"@type":"Organization","@id":"https:\/\/inclusivenews.com.br\/#organization","name":"Inclusive - inclus\u00e3o e cidadania","url":"https:\/\/inclusivenews.com.br\/","logo":{"@type":"ImageObject","inLanguage":"pt-PT","@id":"https:\/\/inclusivenews.com.br\/#\/schema\/logo\/image\/","url":"https:\/\/inclusivenews.com.br\/wp-content\/uploads\/2024\/03\/@grandesite.png","contentUrl":"https:\/\/inclusivenews.com.br\/wp-content\/uploads\/2024\/03\/@grandesite.png","width":1080,"height":1080,"caption":"Inclusive - inclus\u00e3o e cidadania"},"image":{"@id":"https:\/\/inclusivenews.com.br\/#\/schema\/logo\/image\/"},"sameAs":["https:\/\/www.facebook.com\/agenciainclusive\/","https:\/\/www.instagram.com\/newsinclusive\/"]},{"@type":"Person","@id":"https:\/\/inclusivenews.com.br\/#\/schema\/person\/0dab492019871b94abb65fa8ee7c8c44","name":"Inclusive","image":{"@type":"ImageObject","inLanguage":"pt-PT","@id":"https:\/\/secure.gravatar.com\/avatar\/?s=96&d=mm&r=g","url":"https:\/\/secure.gravatar.com\/avatar\/?s=96&d=mm&r=g","contentUrl":"https:\/\/secure.gravatar.com\/avatar\/?s=96&d=mm&r=g","caption":"Inclusive"},"url":"https:\/\/inclusivenews.com.br\/?author=2"}]}},"_links":{"self":[{"href":"https:\/\/inclusivenews.com.br\/index.php?rest_route=\/wp\/v2\/posts\/7439","targetHints":{"allow":["GET"]}}],"collection":[{"href":"https:\/\/inclusivenews.com.br\/index.php?rest_route=\/wp\/v2\/posts"}],"about":[{"href":"https:\/\/inclusivenews.com.br\/index.php?rest_route=\/wp\/v2\/types\/post"}],"author":[{"embeddable":true,"href":"https:\/\/inclusivenews.com.br\/index.php?rest_route=\/wp\/v2\/users\/2"}],"replies":[{"embeddable":true,"href":"https:\/\/inclusivenews.com.br\/index.php?rest_route=%2Fwp%2Fv2%2Fcomments&post=7439"}],"version-history":[{"count":0,"href":"https:\/\/inclusivenews.com.br\/index.php?rest_route=\/wp\/v2\/posts\/7439\/revisions"}],"wp:attachment":[{"href":"https:\/\/inclusivenews.com.br\/index.php?rest_route=%2Fwp%2Fv2%2Fmedia&parent=7439"}],"wp:term":[{"taxonomy":"category","embeddable":true,"href":"https:\/\/inclusivenews.com.br\/index.php?rest_route=%2Fwp%2Fv2%2Fcategories&post=7439"},{"taxonomy":"post_tag","embeddable":true,"href":"https:\/\/inclusivenews.com.br\/index.php?rest_route=%2Fwp%2Fv2%2Ftags&post=7439"}],"curies":[{"name":"wp","href":"https:\/\/api.w.org\/{rel}","templated":true}]}}