{"id":7446,"date":"2009-05-08T00:41:10","date_gmt":"2009-05-08T00:41:10","guid":{"rendered":"http:\/\/agenciainclusive.wordpress.com\/?p=7446"},"modified":"2009-05-08T00:41:10","modified_gmt":"2009-05-08T00:41:10","slug":"instituto-dos-direitos-da-crianca-e-do-adolescente-convida-para-o-lancamento-da-colecao-bem-me-quer","status":"publish","type":"post","link":"https:\/\/inclusivenews.com.br\/?p=7446","title":{"rendered":"Instituto dos Direitos da Crian\u00e7a e do Adolescente convida para o lan\u00e7amento da Cole\u00e7\u00e3o Bem-Me-Quer"},"content":{"rendered":"<p>O Instituto dos Direitos da Crian\u00e7a e do Adolescente (INDICA) convida para o<br \/>\nlan\u00e7amento da Cole\u00e7\u00e3o Bem-Me-Quer.<br \/>\nEm anexo, segue o convite com todas as infoma\u00e7\u00f5es e abaixo est\u00e1 a<br \/>\ncarta-convite do Sr. Agop Kayayan ex-representante do Unicef Brasil e<br \/>\ncoordenador- geral do INDICA.<\/p>\n<p>*Diversidade e respeito s\u00e3o duas palavras que n\u00e3o existem separadas. Seus<br \/>\nconceitos se permeiam e se completam de uma maneira especial. O respeito \u00e0<br \/>\ndiversidade e a diversidade com respeito existem como caminhos que levam \u00e0<br \/>\npaz. Que bom seria se todos fossem respeitados por suas diferen\u00e7as, por suas<br \/>\nop\u00e7\u00f5es, por suas maneiras de viver a vida.*<\/p>\n<p>* *<\/p>\n<p>*Esse \u00e9 o ideal de Projeto Bem-Me-Quer e a Cole\u00e7\u00e3o de livros Bem-Me-Quer foi<br \/>\nproduzida com essa mesma proposta: sensibilizar crian\u00e7as, adolescentes e<br \/>\njovens para as quest\u00f5es de preconceito e discrimina\u00e7\u00e3o ainda presentes em<br \/>\nnossa sociedade. S\u00e3o sete os temas tratados: classe social, defici\u00eancia,<br \/>\ng\u00eanero, orienta\u00e7\u00e3o sexual, ra\u00e7a\/etnia, regionalismo e religi\u00e3o.*<\/p>\n<p>* *<\/p>\n<p>*A cole\u00e7\u00e3o por si s\u00f3 \u00e9 diversa. Nove autores, nove ilustradores das mais<br \/>\ndiversas regi\u00f5es, inclusive estrangeiros, d\u00e3o um tom especial \u00e0s obras. S\u00e3o<br \/>\neles: Ana Raquel, Jonas Ribeiro, Fl\u00e1via Lins e Silva, Eliana Carneiro,<br \/>\nGilles Eduar, Adriana Falc\u00e3o, Anna Cl\u00e1udia Ramos, M\u00e1rcia Cristina Silva,<br \/>\nChico Salles, Raquel Echenique, Le\u00edcia Gotlibowski, Maurenilson Freire, Jos\u00e9<br \/>\nC. Lobo e J\u00f4 Oliveira. O projeto gr\u00e1fico \u00e9 do designer Alex Chacon. Com<br \/>\ntanta gente, cada livro tem um tom, um tra\u00e7o, uma letra. Cordel, narrativas,<br \/>\npoesia, aventuras, descobertas, conflitos, supera\u00e7\u00e3o e compreens\u00e3o s\u00e3o temas<br \/>\ntratados para estimular os leitores a perceberem a riqueza de ser diferente.<br \/>\n*<\/p>\n<p>* *<\/p>\n<p>*O d\u00e9cimo item da Cole\u00e7\u00e3o \u00e9 um presente maior para a imagina\u00e7\u00e3o. Trata-se de<br \/>\num audiolivro com todas as hist\u00f3rias contadas por profissionais e musicadas<br \/>\npelo violonista Jorge Brasil. Um toque de sensibilidade especial para as<br \/>\npessoas com defici\u00eancia visual, mas que pode ser ouvidos por todos sem<br \/>\ndistin\u00e7\u00e3o. Um presente para os alunos das 2.600 escolas vinculadas ao<br \/>\nInstituto Ita\u00fa Social que ser\u00e3o agraciadas com as cole\u00e7\u00f5es.*<\/p>\n<p>* *<\/p>\n<p>*Bem-vindos ao Bem-Me-Quer! *<\/p>\n<p>* *<\/p>\n<p>*Agop Kayayan*<\/p>\n<p>*Coordenador- geral do INDICA*<\/p>\n","protected":false},"excerpt":{"rendered":"<p>O Instituto dos Direitos da Crian\u00e7a e do Adolescente (INDICA) convida para o lan\u00e7amento da Cole\u00e7\u00e3o Bem-Me-Quer. Em anexo, segue o convite com todas as infoma\u00e7\u00f5es e abaixo est\u00e1 a carta-convite do Sr. Agop Kayayan ex-representante do Unicef Brasil e coordenador- geral do INDICA. *Diversidade e respeito s\u00e3o duas palavras que n\u00e3o existem separadas. Seus [&hellip;]<\/p>\n","protected":false},"author":2,"featured_media":0,"comment_status":"open","ping_status":"open","sticky":false,"template":"","format":"standard","meta":{"site-container-style":"default","site-container-layout":"default","site-sidebar-layout":"default","disable-article-header":"default","disable-site-header":"default","disable-site-footer":"default","disable-content-area-spacing":"default","footnotes":""},"categories":[4,10],"tags":[],"class_list":["post-7446","post","type-post","status-publish","format-standard","hentry","category-noticias","category-publicacoes"],"yoast_head":"<!-- This site is optimized with the Yoast SEO plugin v27.4 - https:\/\/yoast.com\/product\/yoast-seo-wordpress\/ -->\n<title>Instituto dos Direitos da Crian\u00e7a e do Adolescente convida para o lan\u00e7amento da Cole\u00e7\u00e3o Bem-Me-Quer -<\/title>\n<meta name=\"robots\" content=\"index, follow, max-snippet:-1, max-image-preview:large, max-video-preview:-1\" \/>\n<link rel=\"canonical\" href=\"https:\/\/inclusivenews.com.br\/?p=7446\" \/>\n<meta property=\"og:locale\" content=\"pt_PT\" \/>\n<meta property=\"og:type\" content=\"article\" \/>\n<meta property=\"og:title\" content=\"Instituto dos Direitos da Crian\u00e7a e do Adolescente convida para o lan\u00e7amento da Cole\u00e7\u00e3o Bem-Me-Quer -\" \/>\n<meta property=\"og:description\" content=\"O Instituto dos Direitos da Crian\u00e7a e do Adolescente (INDICA) convida para o lan\u00e7amento da Cole\u00e7\u00e3o Bem-Me-Quer. Em anexo, segue o convite com todas as infoma\u00e7\u00f5es e abaixo est\u00e1 a carta-convite do Sr. Agop Kayayan ex-representante do Unicef Brasil e coordenador- geral do INDICA. *Diversidade e respeito s\u00e3o duas palavras que n\u00e3o existem separadas. Seus [&hellip;]\" \/>\n<meta property=\"og:url\" content=\"https:\/\/inclusivenews.com.br\/?p=7446\" \/>\n<meta property=\"article:publisher\" content=\"https:\/\/www.facebook.com\/agenciainclusive\/\" \/>\n<meta property=\"article:published_time\" content=\"2009-05-08T00:41:10+00:00\" \/>\n<meta name=\"author\" content=\"Inclusive\" \/>\n<meta name=\"twitter:card\" content=\"summary_large_image\" \/>\n<meta name=\"twitter:label1\" content=\"Escrito por\" \/>\n\t<meta name=\"twitter:data1\" content=\"Inclusive\" \/>\n\t<meta name=\"twitter:label2\" content=\"Tempo estimado de leitura\" \/>\n\t<meta name=\"twitter:data2\" content=\"2 minutos\" \/>\n<script type=\"application\/ld+json\" class=\"yoast-schema-graph\">{\"@context\":\"https:\\\/\\\/schema.org\",\"@graph\":[{\"@type\":\"Article\",\"@id\":\"https:\\\/\\\/inclusivenews.com.br\\\/?p=7446#article\",\"isPartOf\":{\"@id\":\"https:\\\/\\\/inclusivenews.com.br\\\/?p=7446\"},\"author\":{\"name\":\"Inclusive\",\"@id\":\"https:\\\/\\\/inclusivenews.com.br\\\/#\\\/schema\\\/person\\\/0dab492019871b94abb65fa8ee7c8c44\"},\"headline\":\"Instituto dos Direitos da Crian\u00e7a e do Adolescente convida para o lan\u00e7amento da Cole\u00e7\u00e3o Bem-Me-Quer\",\"datePublished\":\"2009-05-08T00:41:10+00:00\",\"mainEntityOfPage\":{\"@id\":\"https:\\\/\\\/inclusivenews.com.br\\\/?p=7446\"},\"wordCount\":383,\"commentCount\":0,\"publisher\":{\"@id\":\"https:\\\/\\\/inclusivenews.com.br\\\/#organization\"},\"articleSection\":[\"NOT\u00cdCIAS\",\"PUBLICA\u00c7\u00d5ES\"],\"inLanguage\":\"pt-PT\",\"potentialAction\":[{\"@type\":\"CommentAction\",\"name\":\"Comment\",\"target\":[\"https:\\\/\\\/inclusivenews.com.br\\\/?p=7446#respond\"]}]},{\"@type\":\"WebPage\",\"@id\":\"https:\\\/\\\/inclusivenews.com.br\\\/?p=7446\",\"url\":\"https:\\\/\\\/inclusivenews.com.br\\\/?p=7446\",\"name\":\"Instituto dos Direitos da Crian\u00e7a e do Adolescente convida para o lan\u00e7amento da Cole\u00e7\u00e3o Bem-Me-Quer -\",\"isPartOf\":{\"@id\":\"https:\\\/\\\/inclusivenews.com.br\\\/#website\"},\"datePublished\":\"2009-05-08T00:41:10+00:00\",\"breadcrumb\":{\"@id\":\"https:\\\/\\\/inclusivenews.com.br\\\/?p=7446#breadcrumb\"},\"inLanguage\":\"pt-PT\",\"potentialAction\":[{\"@type\":\"ReadAction\",\"target\":[\"https:\\\/\\\/inclusivenews.com.br\\\/?p=7446\"]}]},{\"@type\":\"BreadcrumbList\",\"@id\":\"https:\\\/\\\/inclusivenews.com.br\\\/?p=7446#breadcrumb\",\"itemListElement\":[{\"@type\":\"ListItem\",\"position\":1,\"name\":\"In\u00edcio\",\"item\":\"https:\\\/\\\/inclusivenews.com.br\\\/\"},{\"@type\":\"ListItem\",\"position\":2,\"name\":\"Instituto dos Direitos da Crian\u00e7a e do Adolescente convida para o lan\u00e7amento da Cole\u00e7\u00e3o Bem-Me-Quer\"}]},{\"@type\":\"WebSite\",\"@id\":\"https:\\\/\\\/inclusivenews.com.br\\\/#website\",\"url\":\"https:\\\/\\\/inclusivenews.com.br\\\/\",\"name\":\"Inclusive News\",\"description\":\"Inclusive News\",\"publisher\":{\"@id\":\"https:\\\/\\\/inclusivenews.com.br\\\/#organization\"},\"potentialAction\":[{\"@type\":\"SearchAction\",\"target\":{\"@type\":\"EntryPoint\",\"urlTemplate\":\"https:\\\/\\\/inclusivenews.com.br\\\/?s={search_term_string}\"},\"query-input\":{\"@type\":\"PropertyValueSpecification\",\"valueRequired\":true,\"valueName\":\"search_term_string\"}}],\"inLanguage\":\"pt-PT\"},{\"@type\":\"Organization\",\"@id\":\"https:\\\/\\\/inclusivenews.com.br\\\/#organization\",\"name\":\"Inclusive - inclus\u00e3o e cidadania\",\"url\":\"https:\\\/\\\/inclusivenews.com.br\\\/\",\"logo\":{\"@type\":\"ImageObject\",\"inLanguage\":\"pt-PT\",\"@id\":\"https:\\\/\\\/inclusivenews.com.br\\\/#\\\/schema\\\/logo\\\/image\\\/\",\"url\":\"https:\\\/\\\/inclusivenews.com.br\\\/wp-content\\\/uploads\\\/2024\\\/03\\\/@grandesite.png\",\"contentUrl\":\"https:\\\/\\\/inclusivenews.com.br\\\/wp-content\\\/uploads\\\/2024\\\/03\\\/@grandesite.png\",\"width\":1080,\"height\":1080,\"caption\":\"Inclusive - inclus\u00e3o e cidadania\"},\"image\":{\"@id\":\"https:\\\/\\\/inclusivenews.com.br\\\/#\\\/schema\\\/logo\\\/image\\\/\"},\"sameAs\":[\"https:\\\/\\\/www.facebook.com\\\/agenciainclusive\\\/\",\"https:\\\/\\\/www.instagram.com\\\/newsinclusive\\\/\"]},{\"@type\":\"Person\",\"@id\":\"https:\\\/\\\/inclusivenews.com.br\\\/#\\\/schema\\\/person\\\/0dab492019871b94abb65fa8ee7c8c44\",\"name\":\"Inclusive\",\"image\":{\"@type\":\"ImageObject\",\"inLanguage\":\"pt-PT\",\"@id\":\"https:\\\/\\\/secure.gravatar.com\\\/avatar\\\/?s=96&d=mm&r=g\",\"url\":\"https:\\\/\\\/secure.gravatar.com\\\/avatar\\\/?s=96&d=mm&r=g\",\"contentUrl\":\"https:\\\/\\\/secure.gravatar.com\\\/avatar\\\/?s=96&d=mm&r=g\",\"caption\":\"Inclusive\"},\"url\":\"https:\\\/\\\/inclusivenews.com.br\\\/?author=2\"}]}<\/script>\n<!-- \/ Yoast SEO plugin. -->","yoast_head_json":{"title":"Instituto dos Direitos da Crian\u00e7a e do Adolescente convida para o lan\u00e7amento da Cole\u00e7\u00e3o Bem-Me-Quer -","robots":{"index":"index","follow":"follow","max-snippet":"max-snippet:-1","max-image-preview":"max-image-preview:large","max-video-preview":"max-video-preview:-1"},"canonical":"https:\/\/inclusivenews.com.br\/?p=7446","og_locale":"pt_PT","og_type":"article","og_title":"Instituto dos Direitos da Crian\u00e7a e do Adolescente convida para o lan\u00e7amento da Cole\u00e7\u00e3o Bem-Me-Quer -","og_description":"O Instituto dos Direitos da Crian\u00e7a e do Adolescente (INDICA) convida para o lan\u00e7amento da Cole\u00e7\u00e3o Bem-Me-Quer. Em anexo, segue o convite com todas as infoma\u00e7\u00f5es e abaixo est\u00e1 a carta-convite do Sr. Agop Kayayan ex-representante do Unicef Brasil e coordenador- geral do INDICA. *Diversidade e respeito s\u00e3o duas palavras que n\u00e3o existem separadas. Seus [&hellip;]","og_url":"https:\/\/inclusivenews.com.br\/?p=7446","article_publisher":"https:\/\/www.facebook.com\/agenciainclusive\/","article_published_time":"2009-05-08T00:41:10+00:00","author":"Inclusive","twitter_card":"summary_large_image","twitter_misc":{"Escrito por":"Inclusive","Tempo estimado de leitura":"2 minutos"},"schema":{"@context":"https:\/\/schema.org","@graph":[{"@type":"Article","@id":"https:\/\/inclusivenews.com.br\/?p=7446#article","isPartOf":{"@id":"https:\/\/inclusivenews.com.br\/?p=7446"},"author":{"name":"Inclusive","@id":"https:\/\/inclusivenews.com.br\/#\/schema\/person\/0dab492019871b94abb65fa8ee7c8c44"},"headline":"Instituto dos Direitos da Crian\u00e7a e do Adolescente convida para o lan\u00e7amento da Cole\u00e7\u00e3o Bem-Me-Quer","datePublished":"2009-05-08T00:41:10+00:00","mainEntityOfPage":{"@id":"https:\/\/inclusivenews.com.br\/?p=7446"},"wordCount":383,"commentCount":0,"publisher":{"@id":"https:\/\/inclusivenews.com.br\/#organization"},"articleSection":["NOT\u00cdCIAS","PUBLICA\u00c7\u00d5ES"],"inLanguage":"pt-PT","potentialAction":[{"@type":"CommentAction","name":"Comment","target":["https:\/\/inclusivenews.com.br\/?p=7446#respond"]}]},{"@type":"WebPage","@id":"https:\/\/inclusivenews.com.br\/?p=7446","url":"https:\/\/inclusivenews.com.br\/?p=7446","name":"Instituto dos Direitos da Crian\u00e7a e do Adolescente convida para o lan\u00e7amento da Cole\u00e7\u00e3o Bem-Me-Quer -","isPartOf":{"@id":"https:\/\/inclusivenews.com.br\/#website"},"datePublished":"2009-05-08T00:41:10+00:00","breadcrumb":{"@id":"https:\/\/inclusivenews.com.br\/?p=7446#breadcrumb"},"inLanguage":"pt-PT","potentialAction":[{"@type":"ReadAction","target":["https:\/\/inclusivenews.com.br\/?p=7446"]}]},{"@type":"BreadcrumbList","@id":"https:\/\/inclusivenews.com.br\/?p=7446#breadcrumb","itemListElement":[{"@type":"ListItem","position":1,"name":"In\u00edcio","item":"https:\/\/inclusivenews.com.br\/"},{"@type":"ListItem","position":2,"name":"Instituto dos Direitos da Crian\u00e7a e do Adolescente convida para o lan\u00e7amento da Cole\u00e7\u00e3o Bem-Me-Quer"}]},{"@type":"WebSite","@id":"https:\/\/inclusivenews.com.br\/#website","url":"https:\/\/inclusivenews.com.br\/","name":"Inclusive News","description":"Inclusive News","publisher":{"@id":"https:\/\/inclusivenews.com.br\/#organization"},"potentialAction":[{"@type":"SearchAction","target":{"@type":"EntryPoint","urlTemplate":"https:\/\/inclusivenews.com.br\/?s={search_term_string}"},"query-input":{"@type":"PropertyValueSpecification","valueRequired":true,"valueName":"search_term_string"}}],"inLanguage":"pt-PT"},{"@type":"Organization","@id":"https:\/\/inclusivenews.com.br\/#organization","name":"Inclusive - inclus\u00e3o e cidadania","url":"https:\/\/inclusivenews.com.br\/","logo":{"@type":"ImageObject","inLanguage":"pt-PT","@id":"https:\/\/inclusivenews.com.br\/#\/schema\/logo\/image\/","url":"https:\/\/inclusivenews.com.br\/wp-content\/uploads\/2024\/03\/@grandesite.png","contentUrl":"https:\/\/inclusivenews.com.br\/wp-content\/uploads\/2024\/03\/@grandesite.png","width":1080,"height":1080,"caption":"Inclusive - inclus\u00e3o e cidadania"},"image":{"@id":"https:\/\/inclusivenews.com.br\/#\/schema\/logo\/image\/"},"sameAs":["https:\/\/www.facebook.com\/agenciainclusive\/","https:\/\/www.instagram.com\/newsinclusive\/"]},{"@type":"Person","@id":"https:\/\/inclusivenews.com.br\/#\/schema\/person\/0dab492019871b94abb65fa8ee7c8c44","name":"Inclusive","image":{"@type":"ImageObject","inLanguage":"pt-PT","@id":"https:\/\/secure.gravatar.com\/avatar\/?s=96&d=mm&r=g","url":"https:\/\/secure.gravatar.com\/avatar\/?s=96&d=mm&r=g","contentUrl":"https:\/\/secure.gravatar.com\/avatar\/?s=96&d=mm&r=g","caption":"Inclusive"},"url":"https:\/\/inclusivenews.com.br\/?author=2"}]}},"_links":{"self":[{"href":"https:\/\/inclusivenews.com.br\/index.php?rest_route=\/wp\/v2\/posts\/7446","targetHints":{"allow":["GET"]}}],"collection":[{"href":"https:\/\/inclusivenews.com.br\/index.php?rest_route=\/wp\/v2\/posts"}],"about":[{"href":"https:\/\/inclusivenews.com.br\/index.php?rest_route=\/wp\/v2\/types\/post"}],"author":[{"embeddable":true,"href":"https:\/\/inclusivenews.com.br\/index.php?rest_route=\/wp\/v2\/users\/2"}],"replies":[{"embeddable":true,"href":"https:\/\/inclusivenews.com.br\/index.php?rest_route=%2Fwp%2Fv2%2Fcomments&post=7446"}],"version-history":[{"count":0,"href":"https:\/\/inclusivenews.com.br\/index.php?rest_route=\/wp\/v2\/posts\/7446\/revisions"}],"wp:attachment":[{"href":"https:\/\/inclusivenews.com.br\/index.php?rest_route=%2Fwp%2Fv2%2Fmedia&parent=7446"}],"wp:term":[{"taxonomy":"category","embeddable":true,"href":"https:\/\/inclusivenews.com.br\/index.php?rest_route=%2Fwp%2Fv2%2Fcategories&post=7446"},{"taxonomy":"post_tag","embeddable":true,"href":"https:\/\/inclusivenews.com.br\/index.php?rest_route=%2Fwp%2Fv2%2Ftags&post=7446"}],"curies":[{"name":"wp","href":"https:\/\/api.w.org\/{rel}","templated":true}]}}