{"id":7452,"date":"2009-05-08T10:45:20","date_gmt":"2009-05-08T10:45:20","guid":{"rendered":"http:\/\/agenciainclusive.wordpress.com\/?p=7452"},"modified":"2009-05-08T10:45:20","modified_gmt":"2009-05-08T10:45:20","slug":"minuto-da-inclusao-programas-691-a-693","status":"publish","type":"post","link":"https:\/\/inclusivenews.com.br\/?p=7452","title":{"rendered":"Minuto da inclus\u00e3o &#8211; Programas 691 a 693"},"content":{"rendered":"<figure id=\"attachment_2988\" aria-describedby=\"caption-attachment-2988\" style=\"width: 180px\" class=\"wp-caption alignnone\"><img loading=\"lazy\" decoding=\"async\" class=\"size-full wp-image-2988\" title=\"minuto_da_inclusao\" src=\"http:\/\/agenciainclusive.files.wordpress.com\/2009\/01\/minuto_da_inclusao.jpg\" alt=\"minuto_da_inclusao\" width=\"180\" height=\"78\" \/><figcaption id=\"caption-attachment-2988\" class=\"wp-caption-text\">Na imagem, logotipo do Minuto da Inclus\u00e3o: um rel\u00f3gio simulando uma pessoa de bra\u00e7os abertos contornada por um c\u00edrculo incompleto.<\/figcaption><\/figure>\n<p style=\"text-align:right;\">Para ouvir os boletins direto do navegador,<br \/>\nrole o mouse sobre os links e aguarde<br \/>\no player ser exibido na janela popup.<\/p>\n<p style=\"text-align:left;\"><a href=\"http:\/\/www.mypodcast.com\/fsaudio\/inclusive_20090505_0606-427786.mp3\" target=\"_blank\" rel=\"noopener\">Programas 691, 692 e 693<\/a><\/p>\n<p style=\"text-align:left;\">Programa 691 &#8211; Programa Especial da TV Brasil<\/p>\n<p>Ol\u00e1 Brasil!<br \/>\nRecentemente o Programa Especial, veiculado pela TV Brasil e pioneiro na tem\u00e1tica da inclus\u00e3o, comemorou cinco anos no ar. A atra\u00e7\u00e3o \u00e9 apresentada pela jornalista Juliana Oliveira, formada pela Universidade Federal Fluminense, e que possui defici\u00eancia f\u00edsica desde 1998. O programa tamb\u00e9m conta com a participa\u00e7\u00e3o de Fernanda Honorato, a primeira rep\u00f3rter com s\u00edndrome de down do mundo. Segundo a diretora \u00c2ngela Reiniger, a escolha dessas profissionais segue o pensamento transmitido pelo lema do movimento social de pessoas com defici\u00eancia \u201cnada sobre n\u00f3s, sem n\u00f3s\u201d. Al\u00e9m disso, \u00c2ngela afirma que o programa \u00e9 uma \u00f3tima oportunidade para as pessoas com defici\u00eancia conhecerem casos semelhantes aos seus e pedirem informa\u00e7\u00f5es e tamb\u00e9m, aumentarem sua auto estima. Confira o Programa Especial \u00e0s ter\u00e7as ao meio-dia, \u00e0s quintas \u00e0s 19 horas e aos s\u00e1bados tamb\u00e9m ao meio-dia sempre pela TV Brasil.<br \/>\nTuca Munhoz para o Minuto da Inclus\u00e3o.<\/p>\n<p>Fonte: Rede Saci<\/p>\n<p style=\"text-align:left;\">Programa 692 &#8211; Descoberta gen\u00e9tica sobre o autismo<\/p>\n<p>Ol\u00e1 Brasil!<br \/>\nCientistas de trinta institui\u00e7\u00f5es de pesquisa nos Estados Unidos acabam de dar uma importante contribui\u00e7\u00e3o ao conhecimento sobre o autismo. Pela primeira vez se identificou uma rela\u00e7\u00e3o direta entre o c\u00f3digo gen\u00e9tico humano e a ocorr\u00eancia da s\u00edndrome. Ou seja, os estudos mostraram que um gene ligado ao autismo aparece em alta concentra\u00e7\u00e3o em regi\u00f5es do c\u00e9rebro que regulam a fala e a intera\u00e7\u00e3o social. Contudo, a descoberta dessas varia\u00e7\u00f5es gen\u00e9ticas refor\u00e7a duas pesquisas recentes: A primeira mostrou que crian\u00e7as com autismo ou s\u00edndrome de Asperger podem ter conectividade reduzida entre neur\u00f4nios. J\u00e1 a segunda verificou que n\u00e3o h\u00e1 um desenvolvimento normal nos lobos frontais do c\u00e9rebro em pessoas com autismo. N\u00f3s, do Minuto da Inclus\u00e3o, esperamos que essas pesquisas contribuam efetivamente para a qualidade de vida das pessoas com autismo.<br \/>\nTuca Munhoz para o Minuto da Inclus\u00e3o.<\/p>\n<p>Fonte: Portal Terra<\/p>\n<p style=\"text-align:left;\">Programa 693 &#8211; Sobre o Decreto Federal 5296<\/p>\n<p>Ol\u00e1 Brasil!<br \/>\nO Minist\u00e9rio P\u00fablico do Rio de Janeiro determinou \u00e0 Uni\u00e3o, ao estado e ao munic\u00edpio que tornem os pr\u00e9dios p\u00fablicos da cidade acess\u00edveis no prazo de um ano. A ordem judicial resultou de uma a\u00e7\u00e3o civil p\u00fablica de 2007, em que s\u00e3o autores o Minist\u00e9rio P\u00fablico Federal e o Instituto Brasileiro dos Direitos da Pessoa com Defici\u00eancia. A pena pelo n\u00e3o cumprimento da determina\u00e7\u00e3o foi estabelecida em multa di\u00e1ria de dez mil reais por pr\u00e9dio sem acessibilidade. O objetivo \u00e9 efetivar o Decreto Federal 5296, de 2004, que j\u00e1 previa a adapta\u00e7\u00e3o dos pr\u00e9dios federais, estaduais e municipais at\u00e9 junho de 2007. A Justi\u00e7a definiu a realiza\u00e7\u00e3o de quatro reuni\u00f5es de acompanhamento das obras e designou um perito para acompanhar o caso. Infelizmente, o Decreto Federal 5296 ainda n\u00e3o saiu do papel em muitas cidades, mas n\u00e3o vamos parar de cobrar sua efetiva\u00e7\u00e3o! \u00c9 um direito das pessoas com defici\u00eancia.<br \/>\nTuca Munhoz para o Minuto da Inclus\u00e3o.<\/p>\n<p>Fonte: <a href=\"http:\/\/www.sidneyrezende.com\">www.sidneyrezende.com<\/a><\/p>\n","protected":false},"excerpt":{"rendered":"<p>Para ouvir os boletins direto do navegador, role o mouse sobre os links e aguarde o player ser exibido na janela popup. Programas 691, 692 e 693 Programa 691 &#8211; Programa Especial da TV Brasil Ol\u00e1 Brasil! Recentemente o Programa Especial, veiculado pela TV Brasil e pioneiro na tem\u00e1tica da inclus\u00e3o, comemorou cinco anos no [&hellip;]<\/p>\n","protected":false},"author":2,"featured_media":0,"comment_status":"open","ping_status":"open","sticky":false,"template":"","format":"standard","meta":{"site-container-style":"default","site-container-layout":"default","site-sidebar-layout":"default","disable-article-header":"default","disable-site-header":"default","disable-site-footer":"default","disable-content-area-spacing":"default","footnotes":""},"categories":[21],"tags":[20,15],"class_list":["post-7452","post","type-post","status-publish","format-standard","hentry","category-audio","tag-minuto-da-inclusao","tag-multimidia"],"yoast_head":"<!-- This site is optimized with the Yoast SEO plugin v27.4 - https:\/\/yoast.com\/product\/yoast-seo-wordpress\/ -->\n<title>Minuto da inclus\u00e3o - Programas 691 a 693 -<\/title>\n<meta name=\"robots\" content=\"index, follow, max-snippet:-1, max-image-preview:large, max-video-preview:-1\" \/>\n<link rel=\"canonical\" href=\"https:\/\/inclusivenews.com.br\/?p=7452\" \/>\n<meta property=\"og:locale\" content=\"pt_PT\" \/>\n<meta property=\"og:type\" content=\"article\" \/>\n<meta property=\"og:title\" content=\"Minuto da inclus\u00e3o - Programas 691 a 693 -\" \/>\n<meta property=\"og:description\" content=\"Para ouvir os boletins direto do navegador, role o mouse sobre os links e aguarde o player ser exibido na janela popup. Programas 691, 692 e 693 Programa 691 &#8211; Programa Especial da TV Brasil Ol\u00e1 Brasil! Recentemente o Programa Especial, veiculado pela TV Brasil e pioneiro na tem\u00e1tica da inclus\u00e3o, comemorou cinco anos no [&hellip;]\" \/>\n<meta property=\"og:url\" content=\"https:\/\/inclusivenews.com.br\/?p=7452\" \/>\n<meta property=\"article:publisher\" content=\"https:\/\/www.facebook.com\/agenciainclusive\/\" \/>\n<meta property=\"article:published_time\" content=\"2009-05-08T10:45:20+00:00\" \/>\n<meta property=\"og:image\" content=\"http:\/\/agenciainclusive.files.wordpress.com\/2009\/01\/minuto_da_inclusao.jpg\" \/>\n<meta name=\"author\" content=\"Inclusive\" \/>\n<meta name=\"twitter:card\" content=\"summary_large_image\" \/>\n<meta name=\"twitter:label1\" content=\"Escrito por\" \/>\n\t<meta name=\"twitter:data1\" content=\"Inclusive\" \/>\n\t<meta name=\"twitter:label2\" content=\"Tempo estimado de leitura\" \/>\n\t<meta name=\"twitter:data2\" content=\"3 minutos\" \/>\n<script type=\"application\/ld+json\" class=\"yoast-schema-graph\">{\"@context\":\"https:\\\/\\\/schema.org\",\"@graph\":[{\"@type\":\"Article\",\"@id\":\"https:\\\/\\\/inclusivenews.com.br\\\/?p=7452#article\",\"isPartOf\":{\"@id\":\"https:\\\/\\\/inclusivenews.com.br\\\/?p=7452\"},\"author\":{\"name\":\"Inclusive\",\"@id\":\"https:\\\/\\\/inclusivenews.com.br\\\/#\\\/schema\\\/person\\\/0dab492019871b94abb65fa8ee7c8c44\"},\"headline\":\"Minuto da inclus\u00e3o &#8211; Programas 691 a 693\",\"datePublished\":\"2009-05-08T10:45:20+00:00\",\"mainEntityOfPage\":{\"@id\":\"https:\\\/\\\/inclusivenews.com.br\\\/?p=7452\"},\"wordCount\":597,\"commentCount\":0,\"publisher\":{\"@id\":\"https:\\\/\\\/inclusivenews.com.br\\\/#organization\"},\"image\":{\"@id\":\"https:\\\/\\\/inclusivenews.com.br\\\/?p=7452#primaryimage\"},\"thumbnailUrl\":\"http:\\\/\\\/agenciainclusive.files.wordpress.com\\\/2009\\\/01\\\/minuto_da_inclusao.jpg\",\"keywords\":[\"Minuto da Inclusao\",\"Multim\u00eddia\"],\"articleSection\":[\"\u00c1udio\"],\"inLanguage\":\"pt-PT\",\"potentialAction\":[{\"@type\":\"CommentAction\",\"name\":\"Comment\",\"target\":[\"https:\\\/\\\/inclusivenews.com.br\\\/?p=7452#respond\"]}]},{\"@type\":\"WebPage\",\"@id\":\"https:\\\/\\\/inclusivenews.com.br\\\/?p=7452\",\"url\":\"https:\\\/\\\/inclusivenews.com.br\\\/?p=7452\",\"name\":\"Minuto da inclus\u00e3o - Programas 691 a 693 -\",\"isPartOf\":{\"@id\":\"https:\\\/\\\/inclusivenews.com.br\\\/#website\"},\"primaryImageOfPage\":{\"@id\":\"https:\\\/\\\/inclusivenews.com.br\\\/?p=7452#primaryimage\"},\"image\":{\"@id\":\"https:\\\/\\\/inclusivenews.com.br\\\/?p=7452#primaryimage\"},\"thumbnailUrl\":\"http:\\\/\\\/agenciainclusive.files.wordpress.com\\\/2009\\\/01\\\/minuto_da_inclusao.jpg\",\"datePublished\":\"2009-05-08T10:45:20+00:00\",\"breadcrumb\":{\"@id\":\"https:\\\/\\\/inclusivenews.com.br\\\/?p=7452#breadcrumb\"},\"inLanguage\":\"pt-PT\",\"potentialAction\":[{\"@type\":\"ReadAction\",\"target\":[\"https:\\\/\\\/inclusivenews.com.br\\\/?p=7452\"]}]},{\"@type\":\"ImageObject\",\"inLanguage\":\"pt-PT\",\"@id\":\"https:\\\/\\\/inclusivenews.com.br\\\/?p=7452#primaryimage\",\"url\":\"http:\\\/\\\/agenciainclusive.files.wordpress.com\\\/2009\\\/01\\\/minuto_da_inclusao.jpg\",\"contentUrl\":\"http:\\\/\\\/agenciainclusive.files.wordpress.com\\\/2009\\\/01\\\/minuto_da_inclusao.jpg\"},{\"@type\":\"BreadcrumbList\",\"@id\":\"https:\\\/\\\/inclusivenews.com.br\\\/?p=7452#breadcrumb\",\"itemListElement\":[{\"@type\":\"ListItem\",\"position\":1,\"name\":\"In\u00edcio\",\"item\":\"https:\\\/\\\/inclusivenews.com.br\\\/\"},{\"@type\":\"ListItem\",\"position\":2,\"name\":\"Minuto da inclus\u00e3o &#8211; Programas 691 a 693\"}]},{\"@type\":\"WebSite\",\"@id\":\"https:\\\/\\\/inclusivenews.com.br\\\/#website\",\"url\":\"https:\\\/\\\/inclusivenews.com.br\\\/\",\"name\":\"Inclusive News\",\"description\":\"Inclusive News\",\"publisher\":{\"@id\":\"https:\\\/\\\/inclusivenews.com.br\\\/#organization\"},\"potentialAction\":[{\"@type\":\"SearchAction\",\"target\":{\"@type\":\"EntryPoint\",\"urlTemplate\":\"https:\\\/\\\/inclusivenews.com.br\\\/?s={search_term_string}\"},\"query-input\":{\"@type\":\"PropertyValueSpecification\",\"valueRequired\":true,\"valueName\":\"search_term_string\"}}],\"inLanguage\":\"pt-PT\"},{\"@type\":\"Organization\",\"@id\":\"https:\\\/\\\/inclusivenews.com.br\\\/#organization\",\"name\":\"Inclusive - inclus\u00e3o e cidadania\",\"url\":\"https:\\\/\\\/inclusivenews.com.br\\\/\",\"logo\":{\"@type\":\"ImageObject\",\"inLanguage\":\"pt-PT\",\"@id\":\"https:\\\/\\\/inclusivenews.com.br\\\/#\\\/schema\\\/logo\\\/image\\\/\",\"url\":\"https:\\\/\\\/inclusivenews.com.br\\\/wp-content\\\/uploads\\\/2024\\\/03\\\/@grandesite.png\",\"contentUrl\":\"https:\\\/\\\/inclusivenews.com.br\\\/wp-content\\\/uploads\\\/2024\\\/03\\\/@grandesite.png\",\"width\":1080,\"height\":1080,\"caption\":\"Inclusive - inclus\u00e3o e cidadania\"},\"image\":{\"@id\":\"https:\\\/\\\/inclusivenews.com.br\\\/#\\\/schema\\\/logo\\\/image\\\/\"},\"sameAs\":[\"https:\\\/\\\/www.facebook.com\\\/agenciainclusive\\\/\",\"https:\\\/\\\/www.instagram.com\\\/newsinclusive\\\/\"]},{\"@type\":\"Person\",\"@id\":\"https:\\\/\\\/inclusivenews.com.br\\\/#\\\/schema\\\/person\\\/0dab492019871b94abb65fa8ee7c8c44\",\"name\":\"Inclusive\",\"image\":{\"@type\":\"ImageObject\",\"inLanguage\":\"pt-PT\",\"@id\":\"https:\\\/\\\/secure.gravatar.com\\\/avatar\\\/?s=96&d=mm&r=g\",\"url\":\"https:\\\/\\\/secure.gravatar.com\\\/avatar\\\/?s=96&d=mm&r=g\",\"contentUrl\":\"https:\\\/\\\/secure.gravatar.com\\\/avatar\\\/?s=96&d=mm&r=g\",\"caption\":\"Inclusive\"},\"url\":\"https:\\\/\\\/inclusivenews.com.br\\\/?author=2\"}]}<\/script>\n<!-- \/ Yoast SEO plugin. -->","yoast_head_json":{"title":"Minuto da inclus\u00e3o - Programas 691 a 693 -","robots":{"index":"index","follow":"follow","max-snippet":"max-snippet:-1","max-image-preview":"max-image-preview:large","max-video-preview":"max-video-preview:-1"},"canonical":"https:\/\/inclusivenews.com.br\/?p=7452","og_locale":"pt_PT","og_type":"article","og_title":"Minuto da inclus\u00e3o - Programas 691 a 693 -","og_description":"Para ouvir os boletins direto do navegador, role o mouse sobre os links e aguarde o player ser exibido na janela popup. Programas 691, 692 e 693 Programa 691 &#8211; Programa Especial da TV Brasil Ol\u00e1 Brasil! Recentemente o Programa Especial, veiculado pela TV Brasil e pioneiro na tem\u00e1tica da inclus\u00e3o, comemorou cinco anos no [&hellip;]","og_url":"https:\/\/inclusivenews.com.br\/?p=7452","article_publisher":"https:\/\/www.facebook.com\/agenciainclusive\/","article_published_time":"2009-05-08T10:45:20+00:00","og_image":[{"url":"http:\/\/agenciainclusive.files.wordpress.com\/2009\/01\/minuto_da_inclusao.jpg","type":"","width":"","height":""}],"author":"Inclusive","twitter_card":"summary_large_image","twitter_misc":{"Escrito por":"Inclusive","Tempo estimado de leitura":"3 minutos"},"schema":{"@context":"https:\/\/schema.org","@graph":[{"@type":"Article","@id":"https:\/\/inclusivenews.com.br\/?p=7452#article","isPartOf":{"@id":"https:\/\/inclusivenews.com.br\/?p=7452"},"author":{"name":"Inclusive","@id":"https:\/\/inclusivenews.com.br\/#\/schema\/person\/0dab492019871b94abb65fa8ee7c8c44"},"headline":"Minuto da inclus\u00e3o &#8211; Programas 691 a 693","datePublished":"2009-05-08T10:45:20+00:00","mainEntityOfPage":{"@id":"https:\/\/inclusivenews.com.br\/?p=7452"},"wordCount":597,"commentCount":0,"publisher":{"@id":"https:\/\/inclusivenews.com.br\/#organization"},"image":{"@id":"https:\/\/inclusivenews.com.br\/?p=7452#primaryimage"},"thumbnailUrl":"http:\/\/agenciainclusive.files.wordpress.com\/2009\/01\/minuto_da_inclusao.jpg","keywords":["Minuto da Inclusao","Multim\u00eddia"],"articleSection":["\u00c1udio"],"inLanguage":"pt-PT","potentialAction":[{"@type":"CommentAction","name":"Comment","target":["https:\/\/inclusivenews.com.br\/?p=7452#respond"]}]},{"@type":"WebPage","@id":"https:\/\/inclusivenews.com.br\/?p=7452","url":"https:\/\/inclusivenews.com.br\/?p=7452","name":"Minuto da inclus\u00e3o - Programas 691 a 693 -","isPartOf":{"@id":"https:\/\/inclusivenews.com.br\/#website"},"primaryImageOfPage":{"@id":"https:\/\/inclusivenews.com.br\/?p=7452#primaryimage"},"image":{"@id":"https:\/\/inclusivenews.com.br\/?p=7452#primaryimage"},"thumbnailUrl":"http:\/\/agenciainclusive.files.wordpress.com\/2009\/01\/minuto_da_inclusao.jpg","datePublished":"2009-05-08T10:45:20+00:00","breadcrumb":{"@id":"https:\/\/inclusivenews.com.br\/?p=7452#breadcrumb"},"inLanguage":"pt-PT","potentialAction":[{"@type":"ReadAction","target":["https:\/\/inclusivenews.com.br\/?p=7452"]}]},{"@type":"ImageObject","inLanguage":"pt-PT","@id":"https:\/\/inclusivenews.com.br\/?p=7452#primaryimage","url":"http:\/\/agenciainclusive.files.wordpress.com\/2009\/01\/minuto_da_inclusao.jpg","contentUrl":"http:\/\/agenciainclusive.files.wordpress.com\/2009\/01\/minuto_da_inclusao.jpg"},{"@type":"BreadcrumbList","@id":"https:\/\/inclusivenews.com.br\/?p=7452#breadcrumb","itemListElement":[{"@type":"ListItem","position":1,"name":"In\u00edcio","item":"https:\/\/inclusivenews.com.br\/"},{"@type":"ListItem","position":2,"name":"Minuto da inclus\u00e3o &#8211; Programas 691 a 693"}]},{"@type":"WebSite","@id":"https:\/\/inclusivenews.com.br\/#website","url":"https:\/\/inclusivenews.com.br\/","name":"Inclusive News","description":"Inclusive News","publisher":{"@id":"https:\/\/inclusivenews.com.br\/#organization"},"potentialAction":[{"@type":"SearchAction","target":{"@type":"EntryPoint","urlTemplate":"https:\/\/inclusivenews.com.br\/?s={search_term_string}"},"query-input":{"@type":"PropertyValueSpecification","valueRequired":true,"valueName":"search_term_string"}}],"inLanguage":"pt-PT"},{"@type":"Organization","@id":"https:\/\/inclusivenews.com.br\/#organization","name":"Inclusive - inclus\u00e3o e cidadania","url":"https:\/\/inclusivenews.com.br\/","logo":{"@type":"ImageObject","inLanguage":"pt-PT","@id":"https:\/\/inclusivenews.com.br\/#\/schema\/logo\/image\/","url":"https:\/\/inclusivenews.com.br\/wp-content\/uploads\/2024\/03\/@grandesite.png","contentUrl":"https:\/\/inclusivenews.com.br\/wp-content\/uploads\/2024\/03\/@grandesite.png","width":1080,"height":1080,"caption":"Inclusive - inclus\u00e3o e cidadania"},"image":{"@id":"https:\/\/inclusivenews.com.br\/#\/schema\/logo\/image\/"},"sameAs":["https:\/\/www.facebook.com\/agenciainclusive\/","https:\/\/www.instagram.com\/newsinclusive\/"]},{"@type":"Person","@id":"https:\/\/inclusivenews.com.br\/#\/schema\/person\/0dab492019871b94abb65fa8ee7c8c44","name":"Inclusive","image":{"@type":"ImageObject","inLanguage":"pt-PT","@id":"https:\/\/secure.gravatar.com\/avatar\/?s=96&d=mm&r=g","url":"https:\/\/secure.gravatar.com\/avatar\/?s=96&d=mm&r=g","contentUrl":"https:\/\/secure.gravatar.com\/avatar\/?s=96&d=mm&r=g","caption":"Inclusive"},"url":"https:\/\/inclusivenews.com.br\/?author=2"}]}},"_links":{"self":[{"href":"https:\/\/inclusivenews.com.br\/index.php?rest_route=\/wp\/v2\/posts\/7452","targetHints":{"allow":["GET"]}}],"collection":[{"href":"https:\/\/inclusivenews.com.br\/index.php?rest_route=\/wp\/v2\/posts"}],"about":[{"href":"https:\/\/inclusivenews.com.br\/index.php?rest_route=\/wp\/v2\/types\/post"}],"author":[{"embeddable":true,"href":"https:\/\/inclusivenews.com.br\/index.php?rest_route=\/wp\/v2\/users\/2"}],"replies":[{"embeddable":true,"href":"https:\/\/inclusivenews.com.br\/index.php?rest_route=%2Fwp%2Fv2%2Fcomments&post=7452"}],"version-history":[{"count":0,"href":"https:\/\/inclusivenews.com.br\/index.php?rest_route=\/wp\/v2\/posts\/7452\/revisions"}],"wp:attachment":[{"href":"https:\/\/inclusivenews.com.br\/index.php?rest_route=%2Fwp%2Fv2%2Fmedia&parent=7452"}],"wp:term":[{"taxonomy":"category","embeddable":true,"href":"https:\/\/inclusivenews.com.br\/index.php?rest_route=%2Fwp%2Fv2%2Fcategories&post=7452"},{"taxonomy":"post_tag","embeddable":true,"href":"https:\/\/inclusivenews.com.br\/index.php?rest_route=%2Fwp%2Fv2%2Ftags&post=7452"}],"curies":[{"name":"wp","href":"https:\/\/api.w.org\/{rel}","templated":true}]}}