{"id":751,"date":"2008-07-27T00:20:00","date_gmt":"2008-07-27T00:20:00","guid":{"rendered":"http:\/\/agenciainclusive.wordpress.com\/2008\/07\/27\/controle-social-e-cidadania\/"},"modified":"2008-07-27T00:20:00","modified_gmt":"2008-07-27T00:20:00","slug":"controle-social-e-cidadania","status":"publish","type":"post","link":"https:\/\/inclusivenews.com.br\/?p=751","title":{"rendered":"Controle Social e Cidadania"},"content":{"rendered":"<p><!-- START OF ACTIVEMETER CODE --><\/p>\n<div>\n<h1 class=\"western\"><\/h1>\n<h1 class=\"western\">Controle Social e Cidadania<\/h1>\n<h2><span style=\"font-size:85%;\"><strong>APRESENTA\u00c7\u00c3O<\/strong><\/span><\/h2>\n<div>A Controladoria- Geral da Uni\u00e3o (CGU) \u00e9 o \u00f3rg\u00e3o do Governo Federal  respons\u00e1vel por assistir direta e imediatamente ao Presidente da Rep\u00fablica  quanto aos assuntos que, no \u00e2mbito do Poder Executivo, sejam relativos \u00e0 defesa  do patrim\u00f4nio p\u00fablico e ao incremento da transpar\u00eancia da gest\u00e3o, por meio das  atividades de controle interno, auditoria p\u00fablica, correi\u00e7\u00e3o, preven\u00e7\u00e3o e  combate \u00e0 corrup\u00e7\u00e3o e ouvidoria.<\/div>\n<div>Nesse escopo, a CGU desenvolve o Programa Olho Vivo no Dinheiro P\u00fablico  para incentivar o controle social. O objetivo \u00e9 fazer com que o cidad\u00e3o, no  munic\u00edpio, atue para a melhor aplica\u00e7\u00e3o dos recursos p\u00fablicos.<\/div>\n<div>Diante dessa realidade e, dada a relev\u00e2ncia do tema, a CGU, em parceria com  a Escola de Administra\u00e7\u00e3o Fazend\u00e1ria (Esaf), promove o curso Controle Social,  com objetivo de incentivar o controle social e promover a cidadania.<\/div>\n<h2><span style=\"font-size:85%;\"><strong>OBJETIVO <\/strong><\/span><\/h2>\n<div>Mobilizar cidad\u00e3os para que os mesmos atuem no controle social das a\u00e7\u00f5es do  governo, promovendo melhor aplica\u00e7\u00e3o dos recursos p\u00fablicos.<\/div>\n<h2><span style=\"font-size:85%;\"><strong>PR\u00c9-REQUISITOS<\/strong><\/span><\/h2>\n<ul>\n<li>Ter disponibilidade de tempo para participar do curso;<\/li>\n<li>Possuir conhecimentos b\u00e1sicos de inform\u00e1tica: Windows, Word e internet;<\/li>\n<li>Possuir endere\u00e7o eletr\u00f4nico (e-mail);<\/li>\n<li>Ter acesso \u00e0 internet.<\/li>\n<\/ul>\n<h2><span style=\"font-size:85%;\">CARGA HOR\u00c1RIA<\/span><\/h2>\n<div>40 horas<\/div>\n<h2><span style=\"font-size:85%;\"><strong>P\u00daBLICO ALVO<\/strong><\/span><\/h2>\n<div>Agentes p\u00fablicos municipais, conselheiros municipais, lideran\u00e7as locais,  professores, alunos e cidad\u00e3os em geral.<\/div>\n<h2><span style=\"font-size:85%;\"><strong>PER\u00cdODO DE REALIZA\u00c7\u00c3O<\/strong><\/span><\/h2>\n<div>O curso ser\u00e1 realizado no per\u00edodo de 04 de agosto a 05 de setembro de 2008.<\/div>\n<h2><span style=\"font-size:85%;\"><strong>N\u00daMERO DE VAGAS<\/strong><\/span><\/h2>\n<div>1.500 vagas, distribu\u00eddas em 40 turmas, da seguinte forma: 30 turmas com 40  alunos cada, e 10 turmas com 30 alunos cada.<\/div>\n<h2><span style=\"font-size:85%;\"><strong>INSCRI\u00c7\u00c3O<\/strong><\/span><\/h2>\n<div>As inscri\u00e7\u00f5es ser\u00e3o realizadas no per\u00edodo de 24 a 31 de julho de 2008.<\/div>\n<div>Para inscrever-se, o interessado dever\u00e1 acessar o seguinte site: <a rel=\"nofollow noopener\" href=\"http:\/\/www.esaf.fazenda.gov.br\/\" target=\"_blank\">http:\/\/www.esaf. fazenda.gov. br<\/a> no link \u201cCursos a Dist\u00e2ncia\u201d,  na op\u00e7\u00e3o \u201cInscreva-se aqui\u201d, clique na turma do seu Estado.<\/div>\n<h2><span style=\"font-size:85%;\"><strong>CONTE\u00daDO PROGRAM\u00c1TICO<\/strong><\/span><\/h2>\n<div>O conte\u00fado program\u00e1tico est\u00e1 estruturado em 03 M\u00f3dulos:<\/p>\n<p>M\u00f3dulo I \u2013  A participa\u00e7\u00e3o popular no estado brasileiro.<br \/>\nM\u00f3dulo II \u2013 O Controle das a\u00e7\u00f5es  governamentais.<br \/>\nM\u00f3dulo III \u2013 O encaminhamento de den\u00fancias aos \u00f3rg\u00e3os  respons\u00e1veis.<\/p><\/div>\n<h2><span style=\"font-size:85%;\">METODOLOGIA<\/span><\/h2>\n<div>O curso, desenvolvido na modalidade a dist\u00e2ncia, via internet, dever\u00e1 ser  acessado na Escola Virtual da Esaf, no link Cursos a Dist\u00e2ncia. Os alunos  receber\u00e3o uma senha de acesso, que ser\u00e1 enviada para o e-mail indicado no  cadastro da Escola, realizado no ato da confirma\u00e7\u00e3o de sua matr\u00edcula.<\/div>\n<h2><span style=\"font-size:85%;\">AVALI<\/span><span style=\"font-size:85%;\">A\u00c7\u00c3O <\/span><\/h2>\n<ul>\n<li>Participa\u00e7\u00e3o no curso<\/li>\n<li>Participa\u00e7\u00e3o nos f\u00f3runs<\/li>\n<li>Quest\u00f5es objetivas<\/li>\n<li>Avalia\u00e7\u00e3o final<\/li>\n<\/ul>\n<h2><span style=\"font-size:85%;\">CERTIFICADO<\/span><\/h2>\n<div>Receber\u00e1 o certificado da Esaf o aluno que obtiver no m\u00ednimo 70% de  aproveitamento geral, inclusive nos f\u00f3runs.<\/div>\n<h2><span style=\"font-size:85%;\">INFORMA\u00c7\u00d5ES<\/span><\/h2>\n<div>Para esclarecimento de d\u00favidas sobre o curso a dist\u00e2ncia ligue para:<br \/>\n(61) 3412-6283<br \/>\n(61) 3412-6164<\/div>\n<div>Ou envie e-mail para:<br \/>\n<a rel=\"nofollow noopener\" href=\"\/ym\/Compose?To=Ead.esaf9@fazenda.gov.br\" target=\"_blank\">Ead.esaf9@fazenda. gov.br<\/a><\/div>\n<\/div>\n<p><a href=\"http:\/\/www.activemeter.com\/\" target=\"_blank\" rel=\"noopener\"><br \/>\n<img decoding=\"async\" src=\"http:\/\/am1.activemeter.com\/webtracker\/track.html?method=track&amp;pid=46224&amp;java=0\" border=\"0\" alt=\"Free Hit Counter\" \/><br \/>\n<\/a><br \/>\n<!-- END OF ACTIVEMETER CODE --><\/p>\n","protected":false},"excerpt":{"rendered":"<p>Controle Social e Cidadania APRESENTA\u00c7\u00c3O A Controladoria- Geral da Uni\u00e3o (CGU) \u00e9 o \u00f3rg\u00e3o do Governo Federal respons\u00e1vel por assistir direta e imediatamente ao Presidente da Rep\u00fablica quanto aos assuntos que, no \u00e2mbito do Poder Executivo, sejam relativos \u00e0 defesa do patrim\u00f4nio p\u00fablico e ao incremento da transpar\u00eancia da gest\u00e3o, por meio das atividades de [&hellip;]<\/p>\n","protected":false},"author":2,"featured_media":0,"comment_status":"open","ping_status":"open","sticky":false,"template":"","format":"standard","meta":{"site-container-style":"default","site-container-layout":"default","site-sidebar-layout":"default","disable-article-header":"default","disable-site-header":"default","disable-site-footer":"default","disable-content-area-spacing":"default","footnotes":""},"categories":[12],"tags":[],"class_list":["post-751","post","type-post","status-publish","format-standard","hentry","category-cursos-e-eventos"],"yoast_head":"<!-- This site is optimized with the Yoast SEO plugin v27.4 - https:\/\/yoast.com\/product\/yoast-seo-wordpress\/ -->\n<title>Controle Social e Cidadania -<\/title>\n<meta name=\"robots\" content=\"index, follow, max-snippet:-1, max-image-preview:large, max-video-preview:-1\" \/>\n<link rel=\"canonical\" href=\"https:\/\/inclusivenews.com.br\/?p=751\" \/>\n<meta property=\"og:locale\" content=\"pt_PT\" \/>\n<meta property=\"og:type\" content=\"article\" \/>\n<meta property=\"og:title\" content=\"Controle Social e Cidadania -\" \/>\n<meta property=\"og:description\" content=\"Controle Social e Cidadania APRESENTA\u00c7\u00c3O A Controladoria- Geral da Uni\u00e3o (CGU) \u00e9 o \u00f3rg\u00e3o do Governo Federal respons\u00e1vel por assistir direta e imediatamente ao Presidente da Rep\u00fablica quanto aos assuntos que, no \u00e2mbito do Poder Executivo, sejam relativos \u00e0 defesa do patrim\u00f4nio p\u00fablico e ao incremento da transpar\u00eancia da gest\u00e3o, por meio das atividades de [&hellip;]\" \/>\n<meta property=\"og:url\" content=\"https:\/\/inclusivenews.com.br\/?p=751\" \/>\n<meta property=\"article:publisher\" content=\"https:\/\/www.facebook.com\/agenciainclusive\/\" \/>\n<meta property=\"article:published_time\" content=\"2008-07-27T00:20:00+00:00\" \/>\n<meta property=\"og:image\" content=\"http:\/\/am1.activemeter.com\/webtracker\/track.html?method=track&amp;pid=46224&amp;java=0\" \/>\n<meta name=\"author\" content=\"Inclusive\" \/>\n<meta name=\"twitter:card\" content=\"summary_large_image\" \/>\n<meta name=\"twitter:label1\" content=\"Escrito por\" \/>\n\t<meta name=\"twitter:data1\" content=\"Inclusive\" \/>\n\t<meta name=\"twitter:label2\" content=\"Tempo estimado de leitura\" \/>\n\t<meta name=\"twitter:data2\" content=\"2 minutos\" \/>\n<script type=\"application\/ld+json\" class=\"yoast-schema-graph\">{\"@context\":\"https:\\\/\\\/schema.org\",\"@graph\":[{\"@type\":\"Article\",\"@id\":\"https:\\\/\\\/inclusivenews.com.br\\\/?p=751#article\",\"isPartOf\":{\"@id\":\"https:\\\/\\\/inclusivenews.com.br\\\/?p=751\"},\"author\":{\"name\":\"Inclusive\",\"@id\":\"https:\\\/\\\/inclusivenews.com.br\\\/#\\\/schema\\\/person\\\/0dab492019871b94abb65fa8ee7c8c44\"},\"headline\":\"Controle Social e Cidadania\",\"datePublished\":\"2008-07-27T00:20:00+00:00\",\"mainEntityOfPage\":{\"@id\":\"https:\\\/\\\/inclusivenews.com.br\\\/?p=751\"},\"wordCount\":489,\"commentCount\":0,\"publisher\":{\"@id\":\"https:\\\/\\\/inclusivenews.com.br\\\/#organization\"},\"image\":{\"@id\":\"https:\\\/\\\/inclusivenews.com.br\\\/?p=751#primaryimage\"},\"thumbnailUrl\":\"http:\\\/\\\/am1.activemeter.com\\\/webtracker\\\/track.html?method=track&amp;pid=46224&amp;java=0\",\"articleSection\":[\"Cursos e eventos\"],\"inLanguage\":\"pt-PT\",\"potentialAction\":[{\"@type\":\"CommentAction\",\"name\":\"Comment\",\"target\":[\"https:\\\/\\\/inclusivenews.com.br\\\/?p=751#respond\"]}]},{\"@type\":\"WebPage\",\"@id\":\"https:\\\/\\\/inclusivenews.com.br\\\/?p=751\",\"url\":\"https:\\\/\\\/inclusivenews.com.br\\\/?p=751\",\"name\":\"Controle Social e Cidadania -\",\"isPartOf\":{\"@id\":\"https:\\\/\\\/inclusivenews.com.br\\\/#website\"},\"primaryImageOfPage\":{\"@id\":\"https:\\\/\\\/inclusivenews.com.br\\\/?p=751#primaryimage\"},\"image\":{\"@id\":\"https:\\\/\\\/inclusivenews.com.br\\\/?p=751#primaryimage\"},\"thumbnailUrl\":\"http:\\\/\\\/am1.activemeter.com\\\/webtracker\\\/track.html?method=track&amp;pid=46224&amp;java=0\",\"datePublished\":\"2008-07-27T00:20:00+00:00\",\"breadcrumb\":{\"@id\":\"https:\\\/\\\/inclusivenews.com.br\\\/?p=751#breadcrumb\"},\"inLanguage\":\"pt-PT\",\"potentialAction\":[{\"@type\":\"ReadAction\",\"target\":[\"https:\\\/\\\/inclusivenews.com.br\\\/?p=751\"]}]},{\"@type\":\"ImageObject\",\"inLanguage\":\"pt-PT\",\"@id\":\"https:\\\/\\\/inclusivenews.com.br\\\/?p=751#primaryimage\",\"url\":\"http:\\\/\\\/am1.activemeter.com\\\/webtracker\\\/track.html?method=track&amp;pid=46224&amp;java=0\",\"contentUrl\":\"http:\\\/\\\/am1.activemeter.com\\\/webtracker\\\/track.html?method=track&amp;pid=46224&amp;java=0\"},{\"@type\":\"BreadcrumbList\",\"@id\":\"https:\\\/\\\/inclusivenews.com.br\\\/?p=751#breadcrumb\",\"itemListElement\":[{\"@type\":\"ListItem\",\"position\":1,\"name\":\"In\u00edcio\",\"item\":\"https:\\\/\\\/inclusivenews.com.br\\\/\"},{\"@type\":\"ListItem\",\"position\":2,\"name\":\"Controle Social e Cidadania\"}]},{\"@type\":\"WebSite\",\"@id\":\"https:\\\/\\\/inclusivenews.com.br\\\/#website\",\"url\":\"https:\\\/\\\/inclusivenews.com.br\\\/\",\"name\":\"Inclusive News\",\"description\":\"Inclusive News\",\"publisher\":{\"@id\":\"https:\\\/\\\/inclusivenews.com.br\\\/#organization\"},\"potentialAction\":[{\"@type\":\"SearchAction\",\"target\":{\"@type\":\"EntryPoint\",\"urlTemplate\":\"https:\\\/\\\/inclusivenews.com.br\\\/?s={search_term_string}\"},\"query-input\":{\"@type\":\"PropertyValueSpecification\",\"valueRequired\":true,\"valueName\":\"search_term_string\"}}],\"inLanguage\":\"pt-PT\"},{\"@type\":\"Organization\",\"@id\":\"https:\\\/\\\/inclusivenews.com.br\\\/#organization\",\"name\":\"Inclusive - inclus\u00e3o e cidadania\",\"url\":\"https:\\\/\\\/inclusivenews.com.br\\\/\",\"logo\":{\"@type\":\"ImageObject\",\"inLanguage\":\"pt-PT\",\"@id\":\"https:\\\/\\\/inclusivenews.com.br\\\/#\\\/schema\\\/logo\\\/image\\\/\",\"url\":\"https:\\\/\\\/inclusivenews.com.br\\\/wp-content\\\/uploads\\\/2024\\\/03\\\/@grandesite.png\",\"contentUrl\":\"https:\\\/\\\/inclusivenews.com.br\\\/wp-content\\\/uploads\\\/2024\\\/03\\\/@grandesite.png\",\"width\":1080,\"height\":1080,\"caption\":\"Inclusive - inclus\u00e3o e cidadania\"},\"image\":{\"@id\":\"https:\\\/\\\/inclusivenews.com.br\\\/#\\\/schema\\\/logo\\\/image\\\/\"},\"sameAs\":[\"https:\\\/\\\/www.facebook.com\\\/agenciainclusive\\\/\",\"https:\\\/\\\/www.instagram.com\\\/newsinclusive\\\/\"]},{\"@type\":\"Person\",\"@id\":\"https:\\\/\\\/inclusivenews.com.br\\\/#\\\/schema\\\/person\\\/0dab492019871b94abb65fa8ee7c8c44\",\"name\":\"Inclusive\",\"image\":{\"@type\":\"ImageObject\",\"inLanguage\":\"pt-PT\",\"@id\":\"https:\\\/\\\/secure.gravatar.com\\\/avatar\\\/?s=96&d=mm&r=g\",\"url\":\"https:\\\/\\\/secure.gravatar.com\\\/avatar\\\/?s=96&d=mm&r=g\",\"contentUrl\":\"https:\\\/\\\/secure.gravatar.com\\\/avatar\\\/?s=96&d=mm&r=g\",\"caption\":\"Inclusive\"},\"url\":\"https:\\\/\\\/inclusivenews.com.br\\\/?author=2\"}]}<\/script>\n<!-- \/ Yoast SEO plugin. -->","yoast_head_json":{"title":"Controle Social e Cidadania -","robots":{"index":"index","follow":"follow","max-snippet":"max-snippet:-1","max-image-preview":"max-image-preview:large","max-video-preview":"max-video-preview:-1"},"canonical":"https:\/\/inclusivenews.com.br\/?p=751","og_locale":"pt_PT","og_type":"article","og_title":"Controle Social e Cidadania -","og_description":"Controle Social e Cidadania APRESENTA\u00c7\u00c3O A Controladoria- Geral da Uni\u00e3o (CGU) \u00e9 o \u00f3rg\u00e3o do Governo Federal respons\u00e1vel por assistir direta e imediatamente ao Presidente da Rep\u00fablica quanto aos assuntos que, no \u00e2mbito do Poder Executivo, sejam relativos \u00e0 defesa do patrim\u00f4nio p\u00fablico e ao incremento da transpar\u00eancia da gest\u00e3o, por meio das atividades de [&hellip;]","og_url":"https:\/\/inclusivenews.com.br\/?p=751","article_publisher":"https:\/\/www.facebook.com\/agenciainclusive\/","article_published_time":"2008-07-27T00:20:00+00:00","og_image":[{"url":"http:\/\/am1.activemeter.com\/webtracker\/track.html?method=track&amp;pid=46224&amp;java=0","type":"","width":"","height":""}],"author":"Inclusive","twitter_card":"summary_large_image","twitter_misc":{"Escrito por":"Inclusive","Tempo estimado de leitura":"2 minutos"},"schema":{"@context":"https:\/\/schema.org","@graph":[{"@type":"Article","@id":"https:\/\/inclusivenews.com.br\/?p=751#article","isPartOf":{"@id":"https:\/\/inclusivenews.com.br\/?p=751"},"author":{"name":"Inclusive","@id":"https:\/\/inclusivenews.com.br\/#\/schema\/person\/0dab492019871b94abb65fa8ee7c8c44"},"headline":"Controle Social e Cidadania","datePublished":"2008-07-27T00:20:00+00:00","mainEntityOfPage":{"@id":"https:\/\/inclusivenews.com.br\/?p=751"},"wordCount":489,"commentCount":0,"publisher":{"@id":"https:\/\/inclusivenews.com.br\/#organization"},"image":{"@id":"https:\/\/inclusivenews.com.br\/?p=751#primaryimage"},"thumbnailUrl":"http:\/\/am1.activemeter.com\/webtracker\/track.html?method=track&amp;pid=46224&amp;java=0","articleSection":["Cursos e eventos"],"inLanguage":"pt-PT","potentialAction":[{"@type":"CommentAction","name":"Comment","target":["https:\/\/inclusivenews.com.br\/?p=751#respond"]}]},{"@type":"WebPage","@id":"https:\/\/inclusivenews.com.br\/?p=751","url":"https:\/\/inclusivenews.com.br\/?p=751","name":"Controle Social e Cidadania -","isPartOf":{"@id":"https:\/\/inclusivenews.com.br\/#website"},"primaryImageOfPage":{"@id":"https:\/\/inclusivenews.com.br\/?p=751#primaryimage"},"image":{"@id":"https:\/\/inclusivenews.com.br\/?p=751#primaryimage"},"thumbnailUrl":"http:\/\/am1.activemeter.com\/webtracker\/track.html?method=track&amp;pid=46224&amp;java=0","datePublished":"2008-07-27T00:20:00+00:00","breadcrumb":{"@id":"https:\/\/inclusivenews.com.br\/?p=751#breadcrumb"},"inLanguage":"pt-PT","potentialAction":[{"@type":"ReadAction","target":["https:\/\/inclusivenews.com.br\/?p=751"]}]},{"@type":"ImageObject","inLanguage":"pt-PT","@id":"https:\/\/inclusivenews.com.br\/?p=751#primaryimage","url":"http:\/\/am1.activemeter.com\/webtracker\/track.html?method=track&amp;pid=46224&amp;java=0","contentUrl":"http:\/\/am1.activemeter.com\/webtracker\/track.html?method=track&amp;pid=46224&amp;java=0"},{"@type":"BreadcrumbList","@id":"https:\/\/inclusivenews.com.br\/?p=751#breadcrumb","itemListElement":[{"@type":"ListItem","position":1,"name":"In\u00edcio","item":"https:\/\/inclusivenews.com.br\/"},{"@type":"ListItem","position":2,"name":"Controle Social e Cidadania"}]},{"@type":"WebSite","@id":"https:\/\/inclusivenews.com.br\/#website","url":"https:\/\/inclusivenews.com.br\/","name":"Inclusive News","description":"Inclusive News","publisher":{"@id":"https:\/\/inclusivenews.com.br\/#organization"},"potentialAction":[{"@type":"SearchAction","target":{"@type":"EntryPoint","urlTemplate":"https:\/\/inclusivenews.com.br\/?s={search_term_string}"},"query-input":{"@type":"PropertyValueSpecification","valueRequired":true,"valueName":"search_term_string"}}],"inLanguage":"pt-PT"},{"@type":"Organization","@id":"https:\/\/inclusivenews.com.br\/#organization","name":"Inclusive - inclus\u00e3o e cidadania","url":"https:\/\/inclusivenews.com.br\/","logo":{"@type":"ImageObject","inLanguage":"pt-PT","@id":"https:\/\/inclusivenews.com.br\/#\/schema\/logo\/image\/","url":"https:\/\/inclusivenews.com.br\/wp-content\/uploads\/2024\/03\/@grandesite.png","contentUrl":"https:\/\/inclusivenews.com.br\/wp-content\/uploads\/2024\/03\/@grandesite.png","width":1080,"height":1080,"caption":"Inclusive - inclus\u00e3o e cidadania"},"image":{"@id":"https:\/\/inclusivenews.com.br\/#\/schema\/logo\/image\/"},"sameAs":["https:\/\/www.facebook.com\/agenciainclusive\/","https:\/\/www.instagram.com\/newsinclusive\/"]},{"@type":"Person","@id":"https:\/\/inclusivenews.com.br\/#\/schema\/person\/0dab492019871b94abb65fa8ee7c8c44","name":"Inclusive","image":{"@type":"ImageObject","inLanguage":"pt-PT","@id":"https:\/\/secure.gravatar.com\/avatar\/?s=96&d=mm&r=g","url":"https:\/\/secure.gravatar.com\/avatar\/?s=96&d=mm&r=g","contentUrl":"https:\/\/secure.gravatar.com\/avatar\/?s=96&d=mm&r=g","caption":"Inclusive"},"url":"https:\/\/inclusivenews.com.br\/?author=2"}]}},"_links":{"self":[{"href":"https:\/\/inclusivenews.com.br\/index.php?rest_route=\/wp\/v2\/posts\/751","targetHints":{"allow":["GET"]}}],"collection":[{"href":"https:\/\/inclusivenews.com.br\/index.php?rest_route=\/wp\/v2\/posts"}],"about":[{"href":"https:\/\/inclusivenews.com.br\/index.php?rest_route=\/wp\/v2\/types\/post"}],"author":[{"embeddable":true,"href":"https:\/\/inclusivenews.com.br\/index.php?rest_route=\/wp\/v2\/users\/2"}],"replies":[{"embeddable":true,"href":"https:\/\/inclusivenews.com.br\/index.php?rest_route=%2Fwp%2Fv2%2Fcomments&post=751"}],"version-history":[{"count":0,"href":"https:\/\/inclusivenews.com.br\/index.php?rest_route=\/wp\/v2\/posts\/751\/revisions"}],"wp:attachment":[{"href":"https:\/\/inclusivenews.com.br\/index.php?rest_route=%2Fwp%2Fv2%2Fmedia&parent=751"}],"wp:term":[{"taxonomy":"category","embeddable":true,"href":"https:\/\/inclusivenews.com.br\/index.php?rest_route=%2Fwp%2Fv2%2Fcategories&post=751"},{"taxonomy":"post_tag","embeddable":true,"href":"https:\/\/inclusivenews.com.br\/index.php?rest_route=%2Fwp%2Fv2%2Ftags&post=751"}],"curies":[{"name":"wp","href":"https:\/\/api.w.org\/{rel}","templated":true}]}}