{"id":753,"date":"2008-07-28T16:02:00","date_gmt":"2008-07-28T16:02:00","guid":{"rendered":"http:\/\/agenciainclusive.wordpress.com\/2008\/07\/28\/grupo-professores-com-deficiencia\/"},"modified":"2008-07-28T16:02:00","modified_gmt":"2008-07-28T16:02:00","slug":"grupo-professores-com-deficiencia","status":"publish","type":"post","link":"https:\/\/inclusivenews.com.br\/?p=753","title":{"rendered":"Grupo Professores com defici\u00eancia"},"content":{"rendered":"<p><!-- START OF ACTIVEMETER CODE -->Se voc\u00ea \u00e9 professor ou professora com defici\u00eancia do Ensino Oficial do<br \/>\nEstado  de S\u00e3o Paulo, e lhe interessa a defesa de seus direitos ,  ent\u00e3o<br \/>\ncadastre-se:<\/p>\n<p><a rel=\"nofollow noopener\" href=\"http:\/\/br.groups.yahoo.com\/group\/coletivodeprofessoreseprofessorascomdeficie\" target=\"_blank\">http:\/\/br.groups. yahoo.com\/ group\/coletivode  professoreseprof essorascomdefici e<\/a><\/p>\n<p>ncia\/<\/p>\n<p>O Coletivo de  Professores e Professoras com Deficiencia do Estado de S\u00e3o<\/p>\n<p>Paulo, \u00e9 um grupo  de educadores da rede p\u00fablica estadual com o objetivo de<\/p>\n<p>defender os direitos  deste seguimento e facilitar a vida do educador para<\/p>\n<p>que o mesmo possa  lecionar em uma unidade escolar mais perto de sua<\/p>\n<p>residencia, facilitando o  seu acesso.<\/p>\n<p>Somos um grupo de mais de 69 professores em todos o estado de  S\u00e3o<\/p>\n<p>Paulo,representando mais de 4.200 professores em sua base com algum tipo  de<\/p>\n<p>deficiencia.<\/p>\n<p>Atualmente contamos com uma diretoria executiva de 03  membros, sendo um<\/p>\n<p>executivo da capital, um da grande S\u00e3o Paulo e um do  Interior Paulista.<\/p>\n<p>Ingressamos com a\u00e7\u00f5es judiciais e requerimentos ao  Minist\u00e9rio P\u00fablico<\/p>\n<p>Estadual preiteando este direito. Atualmente conseguimos  atrav\u00e9s de liminar<\/p>\n<p>a reserva de 5% de aulas para professores portadores de  necessidades<\/p>\n<p>especiais em todo o estado de S\u00e3o Paulo.<\/p>\n<p>Nossas  reinvindica\u00e7\u00f5es s\u00e3o:<\/p>\n<p>1\u00ba) Reserva de 5% de reserva de classe\/aulas a  professores com deficiencia,<\/p>\n<p>incorporando esta pauta a Lei 444 &#8211; Estatuto do  Magist\u00e9rio.<\/p>\n<p>2\u00ba) Educa\u00e7\u00e3o inclusiva ampla geral e irrestrita em toda a rede  p\u00fablica<\/p>\n<p>3\u00ba) Adequa\u00e7\u00f5es curriculares e adequa\u00e7\u00f5es de todos as propostas  pedagogicas<\/p>\n<p>editadas em Braille.<\/p>\n<p>4\u00ba) Dispensa de ponto para todo o  professor com deficiencia no dia 05\/12 de<\/p>\n<p>cada ano para ajudas  t\u00e9cnicas.<\/p>\n<p>6\u00ba) Chamada p\u00fablica de atribui\u00e7\u00e3o inicial de aulas em Libras e  lista de<\/p>\n<p>classifica\u00e7\u00e3o em Braille.<\/p>\n<p>7\u00ba) Adapta\u00e7\u00e3o dos pr\u00e9dios escolares  para uso de toda a comunidade com<\/p>\n<p>defici\u00eancia.<\/p>\n<p>8\u00ba Valoriza\u00e7\u00e3o da mulher no  magist\u00e9rio portadora de defici\u00eancia.)<\/p>\n<p>Contatos:<\/p>\n<p>Warley Viana (011)  88695047 &#8211; Coordenador Geral<\/p>\n<p><a rel=\"nofollow noopener\" href=\"http:\/\/www.blogger.com\/ym\/Compose?To=Warleyviana%40ig.com.br\" target=\"_blank\">Warleyviana@  ig.com.br<\/a><\/p>\n<p>Valter Candido (011) 89931172 &#8211; Secret\u00e1rio Geral.<\/p>\n<p><a rel=\"nofollow noopener\" href=\"http:\/\/www.blogger.com\/ym\/Compose?To=Valtercandidosantos%40ig.com.br\" target=\"_blank\">Valtercandidosantos  @ig.com.br<\/a><\/p>\n<p>Comiss\u00f5es: Deficientes F\u00edsicos, Ostomizados, Deficientes  Visuais e<\/p>\n<p>Deficientes Auditivos &#8211; Contato 87867585.replbq{width:100%} \t\t\tvar LetterVals = \t\t\t{ \t\t\t\tUIStrings : { \t\t\t\t\t \t\t\t\t\t__last : &#8216;not used&#8217; \t\t\t\t},  \t\t\t\tStateDynamic : true, \t\t\t\typlus_browser : false, \t\t\t\tpremium_user : false, \t\t\t\tsmsintl : &#8220;&#8221;, \t\t\t\tSidebarSyncActionType : &#8220;read&#8221;, \t\t\t\tSidebarSyncAuxActionType : &#8220;&#8221;,                                 SidebarSyncUID : &#8220;270604&#8221;, \t\t\t\tSidebarSyncAuxUID : &#8220;&#8221;, \t\t\t\t \t\t\t\tgetString : function(id) \t\t\t\t{ \t\t\t\t\tvar result = this.UIStrings[id]; \t\t\t\t\tif ( result == null ) { \t\t\t\t\t\treturn &#8220;Not translated: &#8216;&#8221; + id + &#8220;&#8216;&#8221;; \t\t\t\t\t} \t\t\t\t\treturn result; \t\t\t\t} \t\t\t}<\/p>\n<table class=\"applicationcontainer managementview\" border=\"0\" cellspacing=\"0\" cellpadding=\"0\" width=\"100%\">\n<tbody>\n<tr valign=\"top\">\n<td class=\"content\">\n<div id=\"message473220509518619593657457156850270604177131628552459\" class=\"msgbody clearfix\" style=\"visibility:visible;\">\n<div id=\"yiv1825213686\">\n<div id=\"ygrp-mlmsg\" style=\"width:655px;\">\n<div id=\"ygrp-msg\" style=\"float:left;width:470px;margin:0;padding:0 25px 0 0;\">\n<div id=\"ygrp-text\"><\/div>\n<\/div>\n<\/div>\n<\/div>\n<\/div>\n<\/td>\n<\/tr>\n<\/tbody>\n<\/table>\n<p><a href=\"http:\/\/www.activemeter.com\/\" target=\"_blank\" rel=\"noopener\"><\/p>\n<p><img decoding=\"async\" src=\"http:\/\/am1.activemeter.com\/webtracker\/track.html?method=track&amp;pid=46224&amp;java=0\" border=\"0\" alt=\"Free Hit Counter\" \/><\/p>\n<p><\/a><\/p>\n<p><!-- END OF ACTIVEMETER CODE --><\/p>\n","protected":false},"excerpt":{"rendered":"<p>Se voc\u00ea \u00e9 professor ou professora com defici\u00eancia do Ensino Oficial do Estado de S\u00e3o Paulo, e lhe interessa a defesa de seus direitos , ent\u00e3o cadastre-se: http:\/\/br.groups. yahoo.com\/ group\/coletivode professoreseprof essorascomdefici e ncia\/ O Coletivo de Professores e Professoras com Deficiencia do Estado de S\u00e3o Paulo, \u00e9 um grupo de educadores da rede p\u00fablica [&hellip;]<\/p>\n","protected":false},"author":2,"featured_media":0,"comment_status":"open","ping_status":"open","sticky":false,"template":"","format":"standard","meta":{"site-container-style":"default","site-container-layout":"default","site-sidebar-layout":"default","disable-article-header":"default","disable-site-header":"default","disable-site-footer":"default","disable-content-area-spacing":"default","footnotes":""},"categories":[3],"tags":[],"class_list":["post-753","post","type-post","status-publish","format-standard","hentry","category-campanhas"],"yoast_head":"<!-- This site is optimized with the Yoast SEO plugin v27.4 - https:\/\/yoast.com\/product\/yoast-seo-wordpress\/ -->\n<title>Grupo Professores com defici\u00eancia -<\/title>\n<meta name=\"robots\" content=\"index, follow, max-snippet:-1, max-image-preview:large, max-video-preview:-1\" \/>\n<link rel=\"canonical\" href=\"https:\/\/inclusivenews.com.br\/?p=753\" \/>\n<meta property=\"og:locale\" content=\"pt_PT\" \/>\n<meta property=\"og:type\" content=\"article\" \/>\n<meta property=\"og:title\" content=\"Grupo Professores com defici\u00eancia -\" \/>\n<meta property=\"og:description\" content=\"Se voc\u00ea \u00e9 professor ou professora com defici\u00eancia do Ensino Oficial do Estado de S\u00e3o Paulo, e lhe interessa a defesa de seus direitos , ent\u00e3o cadastre-se: http:\/\/br.groups. yahoo.com\/ group\/coletivode professoreseprof essorascomdefici e ncia\/ O Coletivo de Professores e Professoras com Deficiencia do Estado de S\u00e3o Paulo, \u00e9 um grupo de educadores da rede p\u00fablica [&hellip;]\" \/>\n<meta property=\"og:url\" content=\"https:\/\/inclusivenews.com.br\/?p=753\" \/>\n<meta property=\"article:publisher\" content=\"https:\/\/www.facebook.com\/agenciainclusive\/\" \/>\n<meta property=\"article:published_time\" content=\"2008-07-28T16:02:00+00:00\" \/>\n<meta property=\"og:image\" content=\"http:\/\/am1.activemeter.com\/webtracker\/track.html?method=track&amp;pid=46224&amp;java=0\" \/>\n<meta name=\"author\" content=\"Inclusive\" \/>\n<meta name=\"twitter:card\" content=\"summary_large_image\" \/>\n<meta name=\"twitter:label1\" content=\"Escrito por\" \/>\n\t<meta name=\"twitter:data1\" content=\"Inclusive\" \/>\n\t<meta name=\"twitter:label2\" content=\"Tempo estimado de leitura\" \/>\n\t<meta name=\"twitter:data2\" content=\"2 minutos\" \/>\n<script type=\"application\/ld+json\" class=\"yoast-schema-graph\">{\"@context\":\"https:\\\/\\\/schema.org\",\"@graph\":[{\"@type\":\"Article\",\"@id\":\"https:\\\/\\\/inclusivenews.com.br\\\/?p=753#article\",\"isPartOf\":{\"@id\":\"https:\\\/\\\/inclusivenews.com.br\\\/?p=753\"},\"author\":{\"name\":\"Inclusive\",\"@id\":\"https:\\\/\\\/inclusivenews.com.br\\\/#\\\/schema\\\/person\\\/0dab492019871b94abb65fa8ee7c8c44\"},\"headline\":\"Grupo Professores com defici\u00eancia\",\"datePublished\":\"2008-07-28T16:02:00+00:00\",\"mainEntityOfPage\":{\"@id\":\"https:\\\/\\\/inclusivenews.com.br\\\/?p=753\"},\"wordCount\":380,\"commentCount\":0,\"publisher\":{\"@id\":\"https:\\\/\\\/inclusivenews.com.br\\\/#organization\"},\"image\":{\"@id\":\"https:\\\/\\\/inclusivenews.com.br\\\/?p=753#primaryimage\"},\"thumbnailUrl\":\"http:\\\/\\\/am1.activemeter.com\\\/webtracker\\\/track.html?method=track&amp;pid=46224&amp;java=0\",\"articleSection\":[\"CAMPANHAS\"],\"inLanguage\":\"pt-PT\",\"potentialAction\":[{\"@type\":\"CommentAction\",\"name\":\"Comment\",\"target\":[\"https:\\\/\\\/inclusivenews.com.br\\\/?p=753#respond\"]}]},{\"@type\":\"WebPage\",\"@id\":\"https:\\\/\\\/inclusivenews.com.br\\\/?p=753\",\"url\":\"https:\\\/\\\/inclusivenews.com.br\\\/?p=753\",\"name\":\"Grupo Professores com defici\u00eancia -\",\"isPartOf\":{\"@id\":\"https:\\\/\\\/inclusivenews.com.br\\\/#website\"},\"primaryImageOfPage\":{\"@id\":\"https:\\\/\\\/inclusivenews.com.br\\\/?p=753#primaryimage\"},\"image\":{\"@id\":\"https:\\\/\\\/inclusivenews.com.br\\\/?p=753#primaryimage\"},\"thumbnailUrl\":\"http:\\\/\\\/am1.activemeter.com\\\/webtracker\\\/track.html?method=track&amp;pid=46224&amp;java=0\",\"datePublished\":\"2008-07-28T16:02:00+00:00\",\"breadcrumb\":{\"@id\":\"https:\\\/\\\/inclusivenews.com.br\\\/?p=753#breadcrumb\"},\"inLanguage\":\"pt-PT\",\"potentialAction\":[{\"@type\":\"ReadAction\",\"target\":[\"https:\\\/\\\/inclusivenews.com.br\\\/?p=753\"]}]},{\"@type\":\"ImageObject\",\"inLanguage\":\"pt-PT\",\"@id\":\"https:\\\/\\\/inclusivenews.com.br\\\/?p=753#primaryimage\",\"url\":\"http:\\\/\\\/am1.activemeter.com\\\/webtracker\\\/track.html?method=track&amp;pid=46224&amp;java=0\",\"contentUrl\":\"http:\\\/\\\/am1.activemeter.com\\\/webtracker\\\/track.html?method=track&amp;pid=46224&amp;java=0\"},{\"@type\":\"BreadcrumbList\",\"@id\":\"https:\\\/\\\/inclusivenews.com.br\\\/?p=753#breadcrumb\",\"itemListElement\":[{\"@type\":\"ListItem\",\"position\":1,\"name\":\"In\u00edcio\",\"item\":\"https:\\\/\\\/inclusivenews.com.br\\\/\"},{\"@type\":\"ListItem\",\"position\":2,\"name\":\"Grupo Professores com defici\u00eancia\"}]},{\"@type\":\"WebSite\",\"@id\":\"https:\\\/\\\/inclusivenews.com.br\\\/#website\",\"url\":\"https:\\\/\\\/inclusivenews.com.br\\\/\",\"name\":\"Inclusive News\",\"description\":\"Inclusive News\",\"publisher\":{\"@id\":\"https:\\\/\\\/inclusivenews.com.br\\\/#organization\"},\"potentialAction\":[{\"@type\":\"SearchAction\",\"target\":{\"@type\":\"EntryPoint\",\"urlTemplate\":\"https:\\\/\\\/inclusivenews.com.br\\\/?s={search_term_string}\"},\"query-input\":{\"@type\":\"PropertyValueSpecification\",\"valueRequired\":true,\"valueName\":\"search_term_string\"}}],\"inLanguage\":\"pt-PT\"},{\"@type\":\"Organization\",\"@id\":\"https:\\\/\\\/inclusivenews.com.br\\\/#organization\",\"name\":\"Inclusive - inclus\u00e3o e cidadania\",\"url\":\"https:\\\/\\\/inclusivenews.com.br\\\/\",\"logo\":{\"@type\":\"ImageObject\",\"inLanguage\":\"pt-PT\",\"@id\":\"https:\\\/\\\/inclusivenews.com.br\\\/#\\\/schema\\\/logo\\\/image\\\/\",\"url\":\"https:\\\/\\\/inclusivenews.com.br\\\/wp-content\\\/uploads\\\/2024\\\/03\\\/@grandesite.png\",\"contentUrl\":\"https:\\\/\\\/inclusivenews.com.br\\\/wp-content\\\/uploads\\\/2024\\\/03\\\/@grandesite.png\",\"width\":1080,\"height\":1080,\"caption\":\"Inclusive - inclus\u00e3o e cidadania\"},\"image\":{\"@id\":\"https:\\\/\\\/inclusivenews.com.br\\\/#\\\/schema\\\/logo\\\/image\\\/\"},\"sameAs\":[\"https:\\\/\\\/www.facebook.com\\\/agenciainclusive\\\/\",\"https:\\\/\\\/www.instagram.com\\\/newsinclusive\\\/\"]},{\"@type\":\"Person\",\"@id\":\"https:\\\/\\\/inclusivenews.com.br\\\/#\\\/schema\\\/person\\\/0dab492019871b94abb65fa8ee7c8c44\",\"name\":\"Inclusive\",\"image\":{\"@type\":\"ImageObject\",\"inLanguage\":\"pt-PT\",\"@id\":\"https:\\\/\\\/secure.gravatar.com\\\/avatar\\\/?s=96&d=mm&r=g\",\"url\":\"https:\\\/\\\/secure.gravatar.com\\\/avatar\\\/?s=96&d=mm&r=g\",\"contentUrl\":\"https:\\\/\\\/secure.gravatar.com\\\/avatar\\\/?s=96&d=mm&r=g\",\"caption\":\"Inclusive\"},\"url\":\"https:\\\/\\\/inclusivenews.com.br\\\/?author=2\"}]}<\/script>\n<!-- \/ Yoast SEO plugin. -->","yoast_head_json":{"title":"Grupo Professores com defici\u00eancia -","robots":{"index":"index","follow":"follow","max-snippet":"max-snippet:-1","max-image-preview":"max-image-preview:large","max-video-preview":"max-video-preview:-1"},"canonical":"https:\/\/inclusivenews.com.br\/?p=753","og_locale":"pt_PT","og_type":"article","og_title":"Grupo Professores com defici\u00eancia -","og_description":"Se voc\u00ea \u00e9 professor ou professora com defici\u00eancia do Ensino Oficial do Estado de S\u00e3o Paulo, e lhe interessa a defesa de seus direitos , ent\u00e3o cadastre-se: http:\/\/br.groups. yahoo.com\/ group\/coletivode professoreseprof essorascomdefici e ncia\/ O Coletivo de Professores e Professoras com Deficiencia do Estado de S\u00e3o Paulo, \u00e9 um grupo de educadores da rede p\u00fablica [&hellip;]","og_url":"https:\/\/inclusivenews.com.br\/?p=753","article_publisher":"https:\/\/www.facebook.com\/agenciainclusive\/","article_published_time":"2008-07-28T16:02:00+00:00","og_image":[{"url":"http:\/\/am1.activemeter.com\/webtracker\/track.html?method=track&amp;pid=46224&amp;java=0","type":"","width":"","height":""}],"author":"Inclusive","twitter_card":"summary_large_image","twitter_misc":{"Escrito por":"Inclusive","Tempo estimado de leitura":"2 minutos"},"schema":{"@context":"https:\/\/schema.org","@graph":[{"@type":"Article","@id":"https:\/\/inclusivenews.com.br\/?p=753#article","isPartOf":{"@id":"https:\/\/inclusivenews.com.br\/?p=753"},"author":{"name":"Inclusive","@id":"https:\/\/inclusivenews.com.br\/#\/schema\/person\/0dab492019871b94abb65fa8ee7c8c44"},"headline":"Grupo Professores com defici\u00eancia","datePublished":"2008-07-28T16:02:00+00:00","mainEntityOfPage":{"@id":"https:\/\/inclusivenews.com.br\/?p=753"},"wordCount":380,"commentCount":0,"publisher":{"@id":"https:\/\/inclusivenews.com.br\/#organization"},"image":{"@id":"https:\/\/inclusivenews.com.br\/?p=753#primaryimage"},"thumbnailUrl":"http:\/\/am1.activemeter.com\/webtracker\/track.html?method=track&amp;pid=46224&amp;java=0","articleSection":["CAMPANHAS"],"inLanguage":"pt-PT","potentialAction":[{"@type":"CommentAction","name":"Comment","target":["https:\/\/inclusivenews.com.br\/?p=753#respond"]}]},{"@type":"WebPage","@id":"https:\/\/inclusivenews.com.br\/?p=753","url":"https:\/\/inclusivenews.com.br\/?p=753","name":"Grupo Professores com defici\u00eancia -","isPartOf":{"@id":"https:\/\/inclusivenews.com.br\/#website"},"primaryImageOfPage":{"@id":"https:\/\/inclusivenews.com.br\/?p=753#primaryimage"},"image":{"@id":"https:\/\/inclusivenews.com.br\/?p=753#primaryimage"},"thumbnailUrl":"http:\/\/am1.activemeter.com\/webtracker\/track.html?method=track&amp;pid=46224&amp;java=0","datePublished":"2008-07-28T16:02:00+00:00","breadcrumb":{"@id":"https:\/\/inclusivenews.com.br\/?p=753#breadcrumb"},"inLanguage":"pt-PT","potentialAction":[{"@type":"ReadAction","target":["https:\/\/inclusivenews.com.br\/?p=753"]}]},{"@type":"ImageObject","inLanguage":"pt-PT","@id":"https:\/\/inclusivenews.com.br\/?p=753#primaryimage","url":"http:\/\/am1.activemeter.com\/webtracker\/track.html?method=track&amp;pid=46224&amp;java=0","contentUrl":"http:\/\/am1.activemeter.com\/webtracker\/track.html?method=track&amp;pid=46224&amp;java=0"},{"@type":"BreadcrumbList","@id":"https:\/\/inclusivenews.com.br\/?p=753#breadcrumb","itemListElement":[{"@type":"ListItem","position":1,"name":"In\u00edcio","item":"https:\/\/inclusivenews.com.br\/"},{"@type":"ListItem","position":2,"name":"Grupo Professores com defici\u00eancia"}]},{"@type":"WebSite","@id":"https:\/\/inclusivenews.com.br\/#website","url":"https:\/\/inclusivenews.com.br\/","name":"Inclusive News","description":"Inclusive News","publisher":{"@id":"https:\/\/inclusivenews.com.br\/#organization"},"potentialAction":[{"@type":"SearchAction","target":{"@type":"EntryPoint","urlTemplate":"https:\/\/inclusivenews.com.br\/?s={search_term_string}"},"query-input":{"@type":"PropertyValueSpecification","valueRequired":true,"valueName":"search_term_string"}}],"inLanguage":"pt-PT"},{"@type":"Organization","@id":"https:\/\/inclusivenews.com.br\/#organization","name":"Inclusive - inclus\u00e3o e cidadania","url":"https:\/\/inclusivenews.com.br\/","logo":{"@type":"ImageObject","inLanguage":"pt-PT","@id":"https:\/\/inclusivenews.com.br\/#\/schema\/logo\/image\/","url":"https:\/\/inclusivenews.com.br\/wp-content\/uploads\/2024\/03\/@grandesite.png","contentUrl":"https:\/\/inclusivenews.com.br\/wp-content\/uploads\/2024\/03\/@grandesite.png","width":1080,"height":1080,"caption":"Inclusive - inclus\u00e3o e cidadania"},"image":{"@id":"https:\/\/inclusivenews.com.br\/#\/schema\/logo\/image\/"},"sameAs":["https:\/\/www.facebook.com\/agenciainclusive\/","https:\/\/www.instagram.com\/newsinclusive\/"]},{"@type":"Person","@id":"https:\/\/inclusivenews.com.br\/#\/schema\/person\/0dab492019871b94abb65fa8ee7c8c44","name":"Inclusive","image":{"@type":"ImageObject","inLanguage":"pt-PT","@id":"https:\/\/secure.gravatar.com\/avatar\/?s=96&d=mm&r=g","url":"https:\/\/secure.gravatar.com\/avatar\/?s=96&d=mm&r=g","contentUrl":"https:\/\/secure.gravatar.com\/avatar\/?s=96&d=mm&r=g","caption":"Inclusive"},"url":"https:\/\/inclusivenews.com.br\/?author=2"}]}},"_links":{"self":[{"href":"https:\/\/inclusivenews.com.br\/index.php?rest_route=\/wp\/v2\/posts\/753","targetHints":{"allow":["GET"]}}],"collection":[{"href":"https:\/\/inclusivenews.com.br\/index.php?rest_route=\/wp\/v2\/posts"}],"about":[{"href":"https:\/\/inclusivenews.com.br\/index.php?rest_route=\/wp\/v2\/types\/post"}],"author":[{"embeddable":true,"href":"https:\/\/inclusivenews.com.br\/index.php?rest_route=\/wp\/v2\/users\/2"}],"replies":[{"embeddable":true,"href":"https:\/\/inclusivenews.com.br\/index.php?rest_route=%2Fwp%2Fv2%2Fcomments&post=753"}],"version-history":[{"count":0,"href":"https:\/\/inclusivenews.com.br\/index.php?rest_route=\/wp\/v2\/posts\/753\/revisions"}],"wp:attachment":[{"href":"https:\/\/inclusivenews.com.br\/index.php?rest_route=%2Fwp%2Fv2%2Fmedia&parent=753"}],"wp:term":[{"taxonomy":"category","embeddable":true,"href":"https:\/\/inclusivenews.com.br\/index.php?rest_route=%2Fwp%2Fv2%2Fcategories&post=753"},{"taxonomy":"post_tag","embeddable":true,"href":"https:\/\/inclusivenews.com.br\/index.php?rest_route=%2Fwp%2Fv2%2Ftags&post=753"}],"curies":[{"name":"wp","href":"https:\/\/api.w.org\/{rel}","templated":true}]}}