{"id":7553,"date":"2009-05-14T12:58:48","date_gmt":"2009-05-14T12:58:48","guid":{"rendered":"http:\/\/agenciainclusive.wordpress.com\/?p=7553"},"modified":"2009-05-14T12:58:48","modified_gmt":"2009-05-14T12:58:48","slug":"jornada-de-arquitetura-inclusiva-x-mercado-da-construcao","status":"publish","type":"post","link":"https:\/\/inclusivenews.com.br\/?p=7553","title":{"rendered":"Jornada de arquitetura inclusiva x mercado da constru\u00e7\u00e3o"},"content":{"rendered":"<p>A Arquitetura Inclusiva \u00e9 uma realidade internacional que come\u00e7a a conquistar espa\u00e7os importantes no Brasil. Trata-se de considerar uma maior diversidade de usu\u00e1rios nos projetos de produtos e ambientes. Diante das regras globais de sustentabilidade impostas ao mercado da constru\u00e7\u00e3o, os princ\u00edpios da Arquitetura Inclusiva garantem redu\u00e7\u00e3o de custos e de res\u00edduos provenientes de processos de adapta\u00e7\u00e3o dos espa\u00e7os. No mercado competitivo, a inclus\u00e3o \u00e9 um diferencial da arquitetura que beneficia n\u00e3o somente os usu\u00e1rios, mas toda a cadeia de produ\u00e7\u00e3o envolvida.<\/p>\n<p>Mas como mensurar o valor de projetos inclusivos, encontrar produtos alinhados com essa proposta, capacitar profissionais, sensibilizar os consumidores do custo-benef\u00edcio e posicionar a Arquitetura Inclusiva no concorrido mercado imobili\u00e1rio? O Instituto Brasil Acess\u00edvel &#8211; IBA e o Instituto Brasileiro de Desenvolvimento da Arquitetura &#8211; IBDA idealizaram a 1\u00aa Jornada Nacional de Arquitetura Inclusiva (Millenium Centro de Conven\u00e7\u00f5es, Edif\u00edcio Sede Secovi) buscando responder a essas e outras quest\u00f5es.<\/p>\n<p>O evento ser\u00e1 realizado em S\u00e3o Paulo nos dias 16 e 17 de junho e contar\u00e1 com uma Mostra de Produtos Inclusivos. Especialistas, construtoras renomadas (Tecnisa, J.Bianchi, Marcondes Perito), \u00f3rg\u00e3os p\u00fablicos (COHAB e CDHU) e universidades (UFSC, UFMG) participar\u00e3o da sequ\u00eancia de palestras e debates, mostrando ao p\u00fablico presente que, al\u00e9m de sua import\u00e2ncia social, a Arquitetura Inclusiva expande as oportunidades profissionais e de mercado.<\/p>\n<p>A arquiteta Sandra Perito, presidente do IBA, explica que o momento econ\u00f4mico atual exige, de profissionais e empresas, vis\u00e3o empreendedora e qualidade de produtos e servi\u00e7os. \u201cCada vez mais a Arquitetura Inclusiva se torna imprescind\u00edvel para atender a heterogeneidade e a demanda dos consumidores. As redu\u00e7\u00f5es cognitivas e de habilidades, resultantes do envelhecimento da popula\u00e7\u00e3o, s\u00e3o realidades que comprovam isso\u201d. Profissionais, estudantes, empresas e interessados poder\u00e3o se inscrever. Informa\u00e7\u00f5es: <a href=\"http:\/\/www.arquiteturainclusiva.com.br\/\">www.arquiteturainclusiva.com.br<\/a>. O Instituto Brasil Acess\u00edvel (IBA) \u00e9 uma Organiza\u00e7\u00e3o da Sociedade Civil de Interesse P\u00fablico (OSCIP), cuja miss\u00e3o \u00e9 promover a inclus\u00e3o social por meio do ambiente constru\u00eddo, com atua\u00e7\u00e3o direcionada \u00e0 promo\u00e7\u00e3o da educa\u00e7\u00e3o, do desenvolvimento econ\u00f4mico e social e combate \u00e0 exclus\u00e3o, contribuindo para a integra\u00e7\u00e3o dos indiv\u00edduos na plena cidadania. Sandra Perito \u00e9 presidente do Instituto Brasil Acess\u00edvel, arquiteta, Doutora pela Universidade de S\u00e3o Paulo na aplica\u00e7\u00e3o de arquitetura inclusiva.<\/p>\n<p>Fonte: <a href=\"http:\/\/www.pautasocial.com.br\/pauta.asp?idPauta=25762\">http:\/\/www.pautasocial.com.br\/pauta.asp?idPauta=25762<\/a><\/p>\n","protected":false},"excerpt":{"rendered":"<p>A Arquitetura Inclusiva \u00e9 uma realidade internacional que come\u00e7a a conquistar espa\u00e7os importantes no Brasil. Trata-se de considerar uma maior diversidade de usu\u00e1rios nos projetos de produtos e ambientes. Diante das regras globais de sustentabilidade impostas ao mercado da constru\u00e7\u00e3o, os princ\u00edpios da Arquitetura Inclusiva garantem redu\u00e7\u00e3o de custos e de res\u00edduos provenientes de processos [&hellip;]<\/p>\n","protected":false},"author":2,"featured_media":0,"comment_status":"open","ping_status":"open","sticky":false,"template":"","format":"standard","meta":{"site-container-style":"default","site-container-layout":"default","site-sidebar-layout":"default","disable-article-header":"default","disable-site-header":"default","disable-site-footer":"default","disable-content-area-spacing":"default","footnotes":""},"categories":[12,4],"tags":[],"class_list":["post-7553","post","type-post","status-publish","format-standard","hentry","category-cursos-e-eventos","category-noticias"],"yoast_head":"<!-- This site is optimized with the Yoast SEO plugin v27.4 - https:\/\/yoast.com\/product\/yoast-seo-wordpress\/ -->\n<title>Jornada de arquitetura inclusiva x mercado da constru\u00e7\u00e3o -<\/title>\n<meta name=\"robots\" content=\"index, follow, max-snippet:-1, max-image-preview:large, max-video-preview:-1\" \/>\n<link rel=\"canonical\" href=\"https:\/\/inclusivenews.com.br\/?p=7553\" \/>\n<meta property=\"og:locale\" content=\"pt_PT\" \/>\n<meta property=\"og:type\" content=\"article\" \/>\n<meta property=\"og:title\" content=\"Jornada de arquitetura inclusiva x mercado da constru\u00e7\u00e3o -\" \/>\n<meta property=\"og:description\" content=\"A Arquitetura Inclusiva \u00e9 uma realidade internacional que come\u00e7a a conquistar espa\u00e7os importantes no Brasil. Trata-se de considerar uma maior diversidade de usu\u00e1rios nos projetos de produtos e ambientes. Diante das regras globais de sustentabilidade impostas ao mercado da constru\u00e7\u00e3o, os princ\u00edpios da Arquitetura Inclusiva garantem redu\u00e7\u00e3o de custos e de res\u00edduos provenientes de processos [&hellip;]\" \/>\n<meta property=\"og:url\" content=\"https:\/\/inclusivenews.com.br\/?p=7553\" \/>\n<meta property=\"article:publisher\" content=\"https:\/\/www.facebook.com\/agenciainclusive\/\" \/>\n<meta property=\"article:published_time\" content=\"2009-05-14T12:58:48+00:00\" \/>\n<meta name=\"author\" content=\"Inclusive\" \/>\n<meta name=\"twitter:card\" content=\"summary_large_image\" \/>\n<meta name=\"twitter:label1\" content=\"Escrito por\" \/>\n\t<meta name=\"twitter:data1\" content=\"Inclusive\" \/>\n\t<meta name=\"twitter:label2\" content=\"Tempo estimado de leitura\" \/>\n\t<meta name=\"twitter:data2\" content=\"2 minutos\" \/>\n<script type=\"application\/ld+json\" class=\"yoast-schema-graph\">{\"@context\":\"https:\\\/\\\/schema.org\",\"@graph\":[{\"@type\":\"Article\",\"@id\":\"https:\\\/\\\/inclusivenews.com.br\\\/?p=7553#article\",\"isPartOf\":{\"@id\":\"https:\\\/\\\/inclusivenews.com.br\\\/?p=7553\"},\"author\":{\"name\":\"Inclusive\",\"@id\":\"https:\\\/\\\/inclusivenews.com.br\\\/#\\\/schema\\\/person\\\/0dab492019871b94abb65fa8ee7c8c44\"},\"headline\":\"Jornada de arquitetura inclusiva x mercado da constru\u00e7\u00e3o\",\"datePublished\":\"2009-05-14T12:58:48+00:00\",\"mainEntityOfPage\":{\"@id\":\"https:\\\/\\\/inclusivenews.com.br\\\/?p=7553\"},\"wordCount\":421,\"commentCount\":0,\"publisher\":{\"@id\":\"https:\\\/\\\/inclusivenews.com.br\\\/#organization\"},\"articleSection\":[\"Cursos e eventos\",\"NOT\u00cdCIAS\"],\"inLanguage\":\"pt-PT\",\"potentialAction\":[{\"@type\":\"CommentAction\",\"name\":\"Comment\",\"target\":[\"https:\\\/\\\/inclusivenews.com.br\\\/?p=7553#respond\"]}]},{\"@type\":\"WebPage\",\"@id\":\"https:\\\/\\\/inclusivenews.com.br\\\/?p=7553\",\"url\":\"https:\\\/\\\/inclusivenews.com.br\\\/?p=7553\",\"name\":\"Jornada de arquitetura inclusiva x mercado da constru\u00e7\u00e3o -\",\"isPartOf\":{\"@id\":\"https:\\\/\\\/inclusivenews.com.br\\\/#website\"},\"datePublished\":\"2009-05-14T12:58:48+00:00\",\"breadcrumb\":{\"@id\":\"https:\\\/\\\/inclusivenews.com.br\\\/?p=7553#breadcrumb\"},\"inLanguage\":\"pt-PT\",\"potentialAction\":[{\"@type\":\"ReadAction\",\"target\":[\"https:\\\/\\\/inclusivenews.com.br\\\/?p=7553\"]}]},{\"@type\":\"BreadcrumbList\",\"@id\":\"https:\\\/\\\/inclusivenews.com.br\\\/?p=7553#breadcrumb\",\"itemListElement\":[{\"@type\":\"ListItem\",\"position\":1,\"name\":\"In\u00edcio\",\"item\":\"https:\\\/\\\/inclusivenews.com.br\\\/\"},{\"@type\":\"ListItem\",\"position\":2,\"name\":\"Jornada de arquitetura inclusiva x mercado da constru\u00e7\u00e3o\"}]},{\"@type\":\"WebSite\",\"@id\":\"https:\\\/\\\/inclusivenews.com.br\\\/#website\",\"url\":\"https:\\\/\\\/inclusivenews.com.br\\\/\",\"name\":\"Inclusive News\",\"description\":\"Inclusive News\",\"publisher\":{\"@id\":\"https:\\\/\\\/inclusivenews.com.br\\\/#organization\"},\"potentialAction\":[{\"@type\":\"SearchAction\",\"target\":{\"@type\":\"EntryPoint\",\"urlTemplate\":\"https:\\\/\\\/inclusivenews.com.br\\\/?s={search_term_string}\"},\"query-input\":{\"@type\":\"PropertyValueSpecification\",\"valueRequired\":true,\"valueName\":\"search_term_string\"}}],\"inLanguage\":\"pt-PT\"},{\"@type\":\"Organization\",\"@id\":\"https:\\\/\\\/inclusivenews.com.br\\\/#organization\",\"name\":\"Inclusive - inclus\u00e3o e cidadania\",\"url\":\"https:\\\/\\\/inclusivenews.com.br\\\/\",\"logo\":{\"@type\":\"ImageObject\",\"inLanguage\":\"pt-PT\",\"@id\":\"https:\\\/\\\/inclusivenews.com.br\\\/#\\\/schema\\\/logo\\\/image\\\/\",\"url\":\"https:\\\/\\\/inclusivenews.com.br\\\/wp-content\\\/uploads\\\/2024\\\/03\\\/@grandesite.png\",\"contentUrl\":\"https:\\\/\\\/inclusivenews.com.br\\\/wp-content\\\/uploads\\\/2024\\\/03\\\/@grandesite.png\",\"width\":1080,\"height\":1080,\"caption\":\"Inclusive - inclus\u00e3o e cidadania\"},\"image\":{\"@id\":\"https:\\\/\\\/inclusivenews.com.br\\\/#\\\/schema\\\/logo\\\/image\\\/\"},\"sameAs\":[\"https:\\\/\\\/www.facebook.com\\\/agenciainclusive\\\/\",\"https:\\\/\\\/www.instagram.com\\\/newsinclusive\\\/\"]},{\"@type\":\"Person\",\"@id\":\"https:\\\/\\\/inclusivenews.com.br\\\/#\\\/schema\\\/person\\\/0dab492019871b94abb65fa8ee7c8c44\",\"name\":\"Inclusive\",\"image\":{\"@type\":\"ImageObject\",\"inLanguage\":\"pt-PT\",\"@id\":\"https:\\\/\\\/secure.gravatar.com\\\/avatar\\\/?s=96&d=mm&r=g\",\"url\":\"https:\\\/\\\/secure.gravatar.com\\\/avatar\\\/?s=96&d=mm&r=g\",\"contentUrl\":\"https:\\\/\\\/secure.gravatar.com\\\/avatar\\\/?s=96&d=mm&r=g\",\"caption\":\"Inclusive\"},\"url\":\"https:\\\/\\\/inclusivenews.com.br\\\/?author=2\"}]}<\/script>\n<!-- \/ Yoast SEO plugin. -->","yoast_head_json":{"title":"Jornada de arquitetura inclusiva x mercado da constru\u00e7\u00e3o -","robots":{"index":"index","follow":"follow","max-snippet":"max-snippet:-1","max-image-preview":"max-image-preview:large","max-video-preview":"max-video-preview:-1"},"canonical":"https:\/\/inclusivenews.com.br\/?p=7553","og_locale":"pt_PT","og_type":"article","og_title":"Jornada de arquitetura inclusiva x mercado da constru\u00e7\u00e3o -","og_description":"A Arquitetura Inclusiva \u00e9 uma realidade internacional que come\u00e7a a conquistar espa\u00e7os importantes no Brasil. Trata-se de considerar uma maior diversidade de usu\u00e1rios nos projetos de produtos e ambientes. Diante das regras globais de sustentabilidade impostas ao mercado da constru\u00e7\u00e3o, os princ\u00edpios da Arquitetura Inclusiva garantem redu\u00e7\u00e3o de custos e de res\u00edduos provenientes de processos [&hellip;]","og_url":"https:\/\/inclusivenews.com.br\/?p=7553","article_publisher":"https:\/\/www.facebook.com\/agenciainclusive\/","article_published_time":"2009-05-14T12:58:48+00:00","author":"Inclusive","twitter_card":"summary_large_image","twitter_misc":{"Escrito por":"Inclusive","Tempo estimado de leitura":"2 minutos"},"schema":{"@context":"https:\/\/schema.org","@graph":[{"@type":"Article","@id":"https:\/\/inclusivenews.com.br\/?p=7553#article","isPartOf":{"@id":"https:\/\/inclusivenews.com.br\/?p=7553"},"author":{"name":"Inclusive","@id":"https:\/\/inclusivenews.com.br\/#\/schema\/person\/0dab492019871b94abb65fa8ee7c8c44"},"headline":"Jornada de arquitetura inclusiva x mercado da constru\u00e7\u00e3o","datePublished":"2009-05-14T12:58:48+00:00","mainEntityOfPage":{"@id":"https:\/\/inclusivenews.com.br\/?p=7553"},"wordCount":421,"commentCount":0,"publisher":{"@id":"https:\/\/inclusivenews.com.br\/#organization"},"articleSection":["Cursos e eventos","NOT\u00cdCIAS"],"inLanguage":"pt-PT","potentialAction":[{"@type":"CommentAction","name":"Comment","target":["https:\/\/inclusivenews.com.br\/?p=7553#respond"]}]},{"@type":"WebPage","@id":"https:\/\/inclusivenews.com.br\/?p=7553","url":"https:\/\/inclusivenews.com.br\/?p=7553","name":"Jornada de arquitetura inclusiva x mercado da constru\u00e7\u00e3o -","isPartOf":{"@id":"https:\/\/inclusivenews.com.br\/#website"},"datePublished":"2009-05-14T12:58:48+00:00","breadcrumb":{"@id":"https:\/\/inclusivenews.com.br\/?p=7553#breadcrumb"},"inLanguage":"pt-PT","potentialAction":[{"@type":"ReadAction","target":["https:\/\/inclusivenews.com.br\/?p=7553"]}]},{"@type":"BreadcrumbList","@id":"https:\/\/inclusivenews.com.br\/?p=7553#breadcrumb","itemListElement":[{"@type":"ListItem","position":1,"name":"In\u00edcio","item":"https:\/\/inclusivenews.com.br\/"},{"@type":"ListItem","position":2,"name":"Jornada de arquitetura inclusiva x mercado da constru\u00e7\u00e3o"}]},{"@type":"WebSite","@id":"https:\/\/inclusivenews.com.br\/#website","url":"https:\/\/inclusivenews.com.br\/","name":"Inclusive News","description":"Inclusive News","publisher":{"@id":"https:\/\/inclusivenews.com.br\/#organization"},"potentialAction":[{"@type":"SearchAction","target":{"@type":"EntryPoint","urlTemplate":"https:\/\/inclusivenews.com.br\/?s={search_term_string}"},"query-input":{"@type":"PropertyValueSpecification","valueRequired":true,"valueName":"search_term_string"}}],"inLanguage":"pt-PT"},{"@type":"Organization","@id":"https:\/\/inclusivenews.com.br\/#organization","name":"Inclusive - inclus\u00e3o e cidadania","url":"https:\/\/inclusivenews.com.br\/","logo":{"@type":"ImageObject","inLanguage":"pt-PT","@id":"https:\/\/inclusivenews.com.br\/#\/schema\/logo\/image\/","url":"https:\/\/inclusivenews.com.br\/wp-content\/uploads\/2024\/03\/@grandesite.png","contentUrl":"https:\/\/inclusivenews.com.br\/wp-content\/uploads\/2024\/03\/@grandesite.png","width":1080,"height":1080,"caption":"Inclusive - inclus\u00e3o e cidadania"},"image":{"@id":"https:\/\/inclusivenews.com.br\/#\/schema\/logo\/image\/"},"sameAs":["https:\/\/www.facebook.com\/agenciainclusive\/","https:\/\/www.instagram.com\/newsinclusive\/"]},{"@type":"Person","@id":"https:\/\/inclusivenews.com.br\/#\/schema\/person\/0dab492019871b94abb65fa8ee7c8c44","name":"Inclusive","image":{"@type":"ImageObject","inLanguage":"pt-PT","@id":"https:\/\/secure.gravatar.com\/avatar\/?s=96&d=mm&r=g","url":"https:\/\/secure.gravatar.com\/avatar\/?s=96&d=mm&r=g","contentUrl":"https:\/\/secure.gravatar.com\/avatar\/?s=96&d=mm&r=g","caption":"Inclusive"},"url":"https:\/\/inclusivenews.com.br\/?author=2"}]}},"_links":{"self":[{"href":"https:\/\/inclusivenews.com.br\/index.php?rest_route=\/wp\/v2\/posts\/7553","targetHints":{"allow":["GET"]}}],"collection":[{"href":"https:\/\/inclusivenews.com.br\/index.php?rest_route=\/wp\/v2\/posts"}],"about":[{"href":"https:\/\/inclusivenews.com.br\/index.php?rest_route=\/wp\/v2\/types\/post"}],"author":[{"embeddable":true,"href":"https:\/\/inclusivenews.com.br\/index.php?rest_route=\/wp\/v2\/users\/2"}],"replies":[{"embeddable":true,"href":"https:\/\/inclusivenews.com.br\/index.php?rest_route=%2Fwp%2Fv2%2Fcomments&post=7553"}],"version-history":[{"count":0,"href":"https:\/\/inclusivenews.com.br\/index.php?rest_route=\/wp\/v2\/posts\/7553\/revisions"}],"wp:attachment":[{"href":"https:\/\/inclusivenews.com.br\/index.php?rest_route=%2Fwp%2Fv2%2Fmedia&parent=7553"}],"wp:term":[{"taxonomy":"category","embeddable":true,"href":"https:\/\/inclusivenews.com.br\/index.php?rest_route=%2Fwp%2Fv2%2Fcategories&post=7553"},{"taxonomy":"post_tag","embeddable":true,"href":"https:\/\/inclusivenews.com.br\/index.php?rest_route=%2Fwp%2Fv2%2Ftags&post=7553"}],"curies":[{"name":"wp","href":"https:\/\/api.w.org\/{rel}","templated":true}]}}