{"id":7777,"date":"2009-05-26T12:25:47","date_gmt":"2009-05-26T12:25:47","guid":{"rendered":"http:\/\/agenciainclusive.wordpress.com\/?p=7777"},"modified":"2009-05-26T12:25:47","modified_gmt":"2009-05-26T12:25:47","slug":"minuto-da-inclusao-programas-702-a-708","status":"publish","type":"post","link":"https:\/\/inclusivenews.com.br\/?p=7777","title":{"rendered":"Minuto da inclus\u00e3o &#8211; Programas 702 a 708"},"content":{"rendered":"<figure id=\"attachment_2988\" aria-describedby=\"caption-attachment-2988\" style=\"width: 180px\" class=\"wp-caption alignnone\"><img loading=\"lazy\" decoding=\"async\" class=\"size-full wp-image-2988\" title=\"minuto_da_inclusao\" src=\"http:\/\/agenciainclusive.files.wordpress.com\/2009\/01\/minuto_da_inclusao.jpg\" alt=\"minuto_da_inclusao\" width=\"180\" height=\"78\" \/><figcaption id=\"caption-attachment-2988\" class=\"wp-caption-text\">Na imagem, logotipo do Minuto da Inclus\u00e3o: um rel\u00f3gio simulando uma pessoa de bra\u00e7os abertos contornada por um c\u00edrculo incompleto.<\/figcaption><\/figure>\n<p style=\"text-align:right;\">Para ouvir os boletins direto do navegador,<br \/>\nrole o mouse sobre os links e aguarde<br \/>\no player ser exibido na janela popup.<\/p>\n<p style=\"text-align:left;\"><a href=\"http:\/\/www.mypodcast.com\/fsaudio\/inclusive_20090526_0716-436256.mp3\" target=\"_blank\" rel=\"noopener\">Programas 702, 703, 704, 705, 06, 707 e 708<\/a><\/p>\n<p style=\"text-align:left;\">Programa: 702<\/p>\n<p>Ol\u00e1 Brasil!<br \/>\nO Tribunal de Contas de Mato Grosso tamb\u00e9m aderiu \u00e0 \u201cCampanha da Acessibilidade \u2013 Siga essa Id\u00e9ia\u201d, do Conselho Nacional dos Direitos da Pessoa Portadora de Defici\u00eancia, Conade. A Campanha, que teve in\u00edcio no ano passado, visa sensibilizar e mobilizar a sociedade em rela\u00e7\u00e3o ao respeito \u00e0s diferen\u00e7as humanas e aos direitos fundamentais de todas as pessoas. E um desses direitos \u00e9 poder utilizar todos os espa\u00e7os p\u00fablicos com autonomia, independ\u00eancia e seguran\u00e7a. Assim, \u00e9 um dever dos governos federal, estaduais e municipais eliminar as barreiras f\u00edsicas e de comunica\u00e7\u00e3o que impedem essa utiliza\u00e7\u00e3o. Setenta e seis entidades de todo o Brasil j\u00e1 participam da campanha. N\u00f3s, do Minuto da Inclus\u00e3o, apoiamos esta iniciativa do Conade e cobramos a efetiva\u00e7\u00e3o do Decreto Federal 5296, de 2004, a lei da acessibilidade. O inacess\u00edvel \u00e9 inaceit\u00e1vel! Siga essa id\u00e9ia!<br \/>\nTuca Munhoz para o Minuto da Inclus\u00e3o.<br \/>\nFonte: <a href=\"http:\/\/www.odocumento.com.br\">www.odocumento.com.br<\/a><\/p>\n<p>Programa: 703<\/p>\n<p>Ol\u00e1 Brasil!<br \/>\nHoje vamos falar um pouco sobre Paralisia Cerebral. Essa defici\u00eancia ocorre, principalmente, por falta de oxigena\u00e7\u00e3o no c\u00e9rebro do beb\u00ea, devido \u00e0 dificuldades no momento do parto. Problemas durante a gravidez tamb\u00e9m podem causar a paralisia cerebral. Por isso, \u00e9 fundamental que a gestante procure o acompanhamento m\u00e9dico, fa\u00e7a os exames necess\u00e1rios, tenha uma boa alimenta\u00e7\u00e3o e evite as bebidas alco\u00f3licas e o fumo. Todos os cuidados antes, durante e ap\u00f3s o nascimento s\u00e3o essenciais, n\u00e3o s\u00f3 para evitar a paralisia cerebral, mas, tamb\u00e9m, outros problemas de sa\u00fade.\u00a0 Ao longo da vida, as pessoas com paralisia cerebral podem apresentar diversas dificuldades de locomo\u00e7\u00e3o, na comunica\u00e7\u00e3o, nas fun\u00e7\u00f5es sensoriais e intelectuais. Por isso, \u00e9 importante que a sociedade esteja preparada para proporcionar cidadania e uma vida digna para essas pessoas.<br \/>\nTuca Munhoz para o Minuto da Inclus\u00e3o.<\/p>\n<p>Programa: 704<\/p>\n<p>Ol\u00e1 Brasil!<br \/>\nVoc\u00ea sabia que foi na Primeira Guerra Mundial que come\u00e7ou a hist\u00f3ria moderna do c\u00e3o-guia? Nessa \u00e9poca, o m\u00e9dico alem\u00e3o Gerhard Stalling teve a id\u00e9ia de treinar milhares de c\u00e3es para ajudar os soldados que voltaram do combate sem enxergar. Ent\u00e3o, em agosto de 1916 foi fundada a primeira escola de c\u00e3es-guia do mundo em Oldenburg, na Alemanha. Depois, surgiram novas filiais por todo o pa\u00eds, sendo treinados e distribu\u00eddos at\u00e9 600 c\u00e3es por ano para pessoas com defici\u00eancia visual em diversos pa\u00edses. A partir da\u00ed, o treinamento foi sendo aperfei\u00e7oado cada vez mais e muitas escolas foram criadas em todo o mundo. Hoje, esses simp\u00e1ticos animais colaboram para a autonomia de milhares de pessoas com defici\u00eancia visual. Saiba mais na p\u00e1gina <a href=\"http:\/\/www.iris.org.br\">www.iris.org.br<\/a>, repetindo, <a href=\"http:\/\/www.iris.org.br\">www.iris.org.br<\/a>.<br \/>\nTuca Munhoz para o Minuto da Inclus\u00e3o.<\/p>\n<p>Programa: 705<\/p>\n<p>Ol\u00e1 Brasil!<br \/>\nHoje vamos passar algumas informa\u00e7\u00f5es para quando voc\u00ea encontrar uma pessoa com defici\u00eancia visual. Na rua ou em algum ambiente p\u00fablico, pergunte se ela precisa de ajuda. Se aceitar, ofere\u00e7a seu bra\u00e7o para que ela possa se orientar com seguran\u00e7a. N\u00e3o ande muito depressa para que a pessoa com defici\u00eancia visual possa usar corretamente a bengala. Se ela quiser sentar-se, coloque a m\u00e3o dela no encosto da cadeira e caso precise se afastar, avise, evitando que ela fale sozinha.\u00a0 Deixe que a pessoa com defici\u00eancia visual fa\u00e7a suas atividades di\u00e1rias com independ\u00eancia. Ajude somente quando for solicitado. Lembre-se: n\u00e3o tenha receio em esclarecer suas d\u00favidas e fazer perguntas.\u00a0 Um bom di\u00e1logo \u00e9 fundamental para que a conviv\u00eancia ocorra com naturalidade.<br \/>\nTuca Munhoz para o Minuto da Inclus\u00e3o.<\/p>\n<p>Programa: 706<\/p>\n<p>Ol\u00e1 Brasil<br \/>\n18 de maio foi o Dia Nacional de Luta Antimanicomial.\u00a0A data surgiu para lembrar que ainda temos um longo processo de desinstitucionaliza\u00e7\u00e3o a realizar e um grande estigma a combater em nosso pa\u00eds.\u00a0Com a Reforma Psiqui\u00e1trica tivemos muitos avan\u00e7os e algumas transforma\u00e7\u00f5es institucionais nos \u00faltimos anos.\u00a0Por\u00e9m, mesmo com estas conquistas, ainda nos mantemos distantes de um assunto delicado e pouco discutido: os encarcerados nos antigos manic\u00f4mios judici\u00e1rios.\u00a0Foi informado, recentemente, que cerca de quatro mil e quinhentas pessoas est\u00e3o internadas nesses manic\u00f4mios judici\u00e1rios no Brasil.\u00a0S\u00e3o milhares de pessoas vivendo em p\u00e9ssimas condi\u00e7\u00f5es e sem nenhuma perspectiva de um futuro com dignidade.\u00a0N\u00f3s, que lutamos pelos Direitos Humanos, devemos cobrar do Governo que essas institui\u00e7\u00f5es ofere\u00e7am um novo projeto existencial a essas pessoas.\u00a0Essa luta tamb\u00e9m \u00e9 nossa.<br \/>\nTuca Munhoz para o Minuto da Inclus\u00e3o.<br \/>\nFonte: Infoativo DefNet<\/p>\n<p>Programa: 707<\/p>\n<p>Ol\u00e1 Brasil!<br \/>\n\u201cArte, cultura, design e defici\u00eancia visual: projetos criativos que ultrapassam o limite da vis\u00e3o\u201d. Este \u00e9 o nome do curso que visa capacitar o p\u00fablico interessado para a cria\u00e7\u00e3o de projetos, propostas e produtos que incluam as pessoas com defici\u00eancia visual.\u00a0O conte\u00fado aborda teorias sobre a defici\u00eancia visual, incurs\u00f5es das pessoas com essa defici\u00eancia nas \u00e1reas de arte, cultura e sociedade e boas pr\u00e1ticas inclusivas.\u00a0Al\u00e9m disso, acontecer\u00e1 um bate-papo com uma pessoa com defici\u00eancia visual e a sensibiliza\u00e7\u00e3o dos sentidos para estimular a cria\u00e7\u00e3o.\u00a0O curso est\u00e1 marcado para os dias 20 e 21 de junho das 9 horas da manh\u00e3 \u00e0s tr\u00eas horas da tarde,em S\u00e3o Paulo.\u00a0Para informa\u00e7\u00f5es ligue 11 3062-0555, 11 3062-0555 ou escreva para: <a href=\"mailto:museuacessivel@gmail.com\">museuacessivel@gmail.com<\/a>, <a href=\"mailto:museuacessivel@gmail.com\">museuacessivel@gmail.com<\/a>.<br \/>\nTuca Munhoz para o Minuto da Inclus\u00e3o.<br \/>\nFonte: Rede Saci<\/p>\n<p>Programa: 708<\/p>\n<p>Ol\u00e1 Brasil!<\/p>\n<p>Foi ratificada na semana passada em Portugal, pela Assembl\u00e9ia da Rep\u00fablica Portuguesa, a Conven\u00e7\u00e3o sobre os Direitos das Pessoas com Defici\u00eancia, da ONU. O documento, j\u00e1 ratificado no Brasil, representa um importante instrumento legal de combate \u00e0 discrimina\u00e7\u00e3o contra as pessoas com defici\u00eancia em todas as \u00e1reas da vida.\u00a0Al\u00e9m disso, ele apresenta artigos espec\u00edficos sobre reabilita\u00e7\u00e3o, educa\u00e7\u00e3o, sa\u00fade, acesso \u00e0 informa\u00e7\u00e3o, servi\u00e7os p\u00fablicos entre outros.\u00a0A Conven\u00e7\u00e3o n\u00e3o obriga os pa\u00edses a adotarem medidas que n\u00e3o possam suportar financeiramente.\u00a0Por\u00e9m, exige que trabalhem com o objetivo de progressivamente oferecerem iniciativas que permitam \u00e0s pessoas com defici\u00eancia melhor qualidade de vida.\u00a0\u00c9 importante lembrar que no Brasil a Conven\u00e7\u00e3o da ONU tem valor constitucional e, por isso, temos o dever de cobrar que seja efetivada.<br \/>\nTuca Munhoz para o Minuto da Inclus\u00e3o.<br \/>\nFonte: Rede Saci<\/p>\n","protected":false},"excerpt":{"rendered":"<p>Para ouvir os boletins direto do navegador, role o mouse sobre os links e aguarde o player ser exibido na janela popup. Programas 702, 703, 704, 705, 06, 707 e 708 Programa: 702 Ol\u00e1 Brasil! O Tribunal de Contas de Mato Grosso tamb\u00e9m aderiu \u00e0 \u201cCampanha da Acessibilidade \u2013 Siga essa Id\u00e9ia\u201d, do Conselho Nacional [&hellip;]<\/p>\n","protected":false},"author":2,"featured_media":0,"comment_status":"open","ping_status":"open","sticky":false,"template":"","format":"standard","meta":{"site-container-style":"default","site-container-layout":"default","site-sidebar-layout":"default","disable-article-header":"default","disable-site-header":"default","disable-site-footer":"default","disable-content-area-spacing":"default","footnotes":""},"categories":[21],"tags":[20,15],"class_list":["post-7777","post","type-post","status-publish","format-standard","hentry","category-audio","tag-minuto-da-inclusao","tag-multimidia"],"yoast_head":"<!-- This site is optimized with the Yoast SEO plugin v27.4 - https:\/\/yoast.com\/product\/yoast-seo-wordpress\/ -->\n<title>Minuto da inclus\u00e3o - Programas 702 a 708 -<\/title>\n<meta name=\"robots\" content=\"index, follow, max-snippet:-1, max-image-preview:large, max-video-preview:-1\" \/>\n<link rel=\"canonical\" href=\"https:\/\/inclusivenews.com.br\/?p=7777\" \/>\n<meta property=\"og:locale\" content=\"pt_PT\" \/>\n<meta property=\"og:type\" content=\"article\" \/>\n<meta property=\"og:title\" content=\"Minuto da inclus\u00e3o - Programas 702 a 708 -\" \/>\n<meta property=\"og:description\" content=\"Para ouvir os boletins direto do navegador, role o mouse sobre os links e aguarde o player ser exibido na janela popup. Programas 702, 703, 704, 705, 06, 707 e 708 Programa: 702 Ol\u00e1 Brasil! O Tribunal de Contas de Mato Grosso tamb\u00e9m aderiu \u00e0 \u201cCampanha da Acessibilidade \u2013 Siga essa Id\u00e9ia\u201d, do Conselho Nacional [&hellip;]\" \/>\n<meta property=\"og:url\" content=\"https:\/\/inclusivenews.com.br\/?p=7777\" \/>\n<meta property=\"article:publisher\" content=\"https:\/\/www.facebook.com\/agenciainclusive\/\" \/>\n<meta property=\"article:published_time\" content=\"2009-05-26T12:25:47+00:00\" \/>\n<meta property=\"og:image\" content=\"http:\/\/agenciainclusive.files.wordpress.com\/2009\/01\/minuto_da_inclusao.jpg\" \/>\n<meta name=\"author\" content=\"Inclusive\" \/>\n<meta name=\"twitter:card\" content=\"summary_large_image\" \/>\n<meta name=\"twitter:label1\" content=\"Escrito por\" \/>\n\t<meta name=\"twitter:data1\" content=\"Inclusive\" \/>\n\t<meta name=\"twitter:label2\" content=\"Tempo estimado de leitura\" \/>\n\t<meta name=\"twitter:data2\" content=\"6 minutos\" \/>\n<script type=\"application\/ld+json\" class=\"yoast-schema-graph\">{\"@context\":\"https:\\\/\\\/schema.org\",\"@graph\":[{\"@type\":\"Article\",\"@id\":\"https:\\\/\\\/inclusivenews.com.br\\\/?p=7777#article\",\"isPartOf\":{\"@id\":\"https:\\\/\\\/inclusivenews.com.br\\\/?p=7777\"},\"author\":{\"name\":\"Inclusive\",\"@id\":\"https:\\\/\\\/inclusivenews.com.br\\\/#\\\/schema\\\/person\\\/0dab492019871b94abb65fa8ee7c8c44\"},\"headline\":\"Minuto da inclus\u00e3o &#8211; Programas 702 a 708\",\"datePublished\":\"2009-05-26T12:25:47+00:00\",\"mainEntityOfPage\":{\"@id\":\"https:\\\/\\\/inclusivenews.com.br\\\/?p=7777\"},\"wordCount\":1157,\"commentCount\":0,\"publisher\":{\"@id\":\"https:\\\/\\\/inclusivenews.com.br\\\/#organization\"},\"image\":{\"@id\":\"https:\\\/\\\/inclusivenews.com.br\\\/?p=7777#primaryimage\"},\"thumbnailUrl\":\"http:\\\/\\\/agenciainclusive.files.wordpress.com\\\/2009\\\/01\\\/minuto_da_inclusao.jpg\",\"keywords\":[\"Minuto da Inclusao\",\"Multim\u00eddia\"],\"articleSection\":[\"\u00c1udio\"],\"inLanguage\":\"pt-PT\",\"potentialAction\":[{\"@type\":\"CommentAction\",\"name\":\"Comment\",\"target\":[\"https:\\\/\\\/inclusivenews.com.br\\\/?p=7777#respond\"]}]},{\"@type\":\"WebPage\",\"@id\":\"https:\\\/\\\/inclusivenews.com.br\\\/?p=7777\",\"url\":\"https:\\\/\\\/inclusivenews.com.br\\\/?p=7777\",\"name\":\"Minuto da inclus\u00e3o - Programas 702 a 708 -\",\"isPartOf\":{\"@id\":\"https:\\\/\\\/inclusivenews.com.br\\\/#website\"},\"primaryImageOfPage\":{\"@id\":\"https:\\\/\\\/inclusivenews.com.br\\\/?p=7777#primaryimage\"},\"image\":{\"@id\":\"https:\\\/\\\/inclusivenews.com.br\\\/?p=7777#primaryimage\"},\"thumbnailUrl\":\"http:\\\/\\\/agenciainclusive.files.wordpress.com\\\/2009\\\/01\\\/minuto_da_inclusao.jpg\",\"datePublished\":\"2009-05-26T12:25:47+00:00\",\"breadcrumb\":{\"@id\":\"https:\\\/\\\/inclusivenews.com.br\\\/?p=7777#breadcrumb\"},\"inLanguage\":\"pt-PT\",\"potentialAction\":[{\"@type\":\"ReadAction\",\"target\":[\"https:\\\/\\\/inclusivenews.com.br\\\/?p=7777\"]}]},{\"@type\":\"ImageObject\",\"inLanguage\":\"pt-PT\",\"@id\":\"https:\\\/\\\/inclusivenews.com.br\\\/?p=7777#primaryimage\",\"url\":\"http:\\\/\\\/agenciainclusive.files.wordpress.com\\\/2009\\\/01\\\/minuto_da_inclusao.jpg\",\"contentUrl\":\"http:\\\/\\\/agenciainclusive.files.wordpress.com\\\/2009\\\/01\\\/minuto_da_inclusao.jpg\"},{\"@type\":\"BreadcrumbList\",\"@id\":\"https:\\\/\\\/inclusivenews.com.br\\\/?p=7777#breadcrumb\",\"itemListElement\":[{\"@type\":\"ListItem\",\"position\":1,\"name\":\"In\u00edcio\",\"item\":\"https:\\\/\\\/inclusivenews.com.br\\\/\"},{\"@type\":\"ListItem\",\"position\":2,\"name\":\"Minuto da inclus\u00e3o &#8211; Programas 702 a 708\"}]},{\"@type\":\"WebSite\",\"@id\":\"https:\\\/\\\/inclusivenews.com.br\\\/#website\",\"url\":\"https:\\\/\\\/inclusivenews.com.br\\\/\",\"name\":\"Inclusive News\",\"description\":\"Inclusive News\",\"publisher\":{\"@id\":\"https:\\\/\\\/inclusivenews.com.br\\\/#organization\"},\"potentialAction\":[{\"@type\":\"SearchAction\",\"target\":{\"@type\":\"EntryPoint\",\"urlTemplate\":\"https:\\\/\\\/inclusivenews.com.br\\\/?s={search_term_string}\"},\"query-input\":{\"@type\":\"PropertyValueSpecification\",\"valueRequired\":true,\"valueName\":\"search_term_string\"}}],\"inLanguage\":\"pt-PT\"},{\"@type\":\"Organization\",\"@id\":\"https:\\\/\\\/inclusivenews.com.br\\\/#organization\",\"name\":\"Inclusive - inclus\u00e3o e cidadania\",\"url\":\"https:\\\/\\\/inclusivenews.com.br\\\/\",\"logo\":{\"@type\":\"ImageObject\",\"inLanguage\":\"pt-PT\",\"@id\":\"https:\\\/\\\/inclusivenews.com.br\\\/#\\\/schema\\\/logo\\\/image\\\/\",\"url\":\"https:\\\/\\\/inclusivenews.com.br\\\/wp-content\\\/uploads\\\/2024\\\/03\\\/@grandesite.png\",\"contentUrl\":\"https:\\\/\\\/inclusivenews.com.br\\\/wp-content\\\/uploads\\\/2024\\\/03\\\/@grandesite.png\",\"width\":1080,\"height\":1080,\"caption\":\"Inclusive - inclus\u00e3o e cidadania\"},\"image\":{\"@id\":\"https:\\\/\\\/inclusivenews.com.br\\\/#\\\/schema\\\/logo\\\/image\\\/\"},\"sameAs\":[\"https:\\\/\\\/www.facebook.com\\\/agenciainclusive\\\/\",\"https:\\\/\\\/www.instagram.com\\\/newsinclusive\\\/\"]},{\"@type\":\"Person\",\"@id\":\"https:\\\/\\\/inclusivenews.com.br\\\/#\\\/schema\\\/person\\\/0dab492019871b94abb65fa8ee7c8c44\",\"name\":\"Inclusive\",\"image\":{\"@type\":\"ImageObject\",\"inLanguage\":\"pt-PT\",\"@id\":\"https:\\\/\\\/secure.gravatar.com\\\/avatar\\\/?s=96&d=mm&r=g\",\"url\":\"https:\\\/\\\/secure.gravatar.com\\\/avatar\\\/?s=96&d=mm&r=g\",\"contentUrl\":\"https:\\\/\\\/secure.gravatar.com\\\/avatar\\\/?s=96&d=mm&r=g\",\"caption\":\"Inclusive\"},\"url\":\"https:\\\/\\\/inclusivenews.com.br\\\/?author=2\"}]}<\/script>\n<!-- \/ Yoast SEO plugin. -->","yoast_head_json":{"title":"Minuto da inclus\u00e3o - Programas 702 a 708 -","robots":{"index":"index","follow":"follow","max-snippet":"max-snippet:-1","max-image-preview":"max-image-preview:large","max-video-preview":"max-video-preview:-1"},"canonical":"https:\/\/inclusivenews.com.br\/?p=7777","og_locale":"pt_PT","og_type":"article","og_title":"Minuto da inclus\u00e3o - Programas 702 a 708 -","og_description":"Para ouvir os boletins direto do navegador, role o mouse sobre os links e aguarde o player ser exibido na janela popup. Programas 702, 703, 704, 705, 06, 707 e 708 Programa: 702 Ol\u00e1 Brasil! O Tribunal de Contas de Mato Grosso tamb\u00e9m aderiu \u00e0 \u201cCampanha da Acessibilidade \u2013 Siga essa Id\u00e9ia\u201d, do Conselho Nacional [&hellip;]","og_url":"https:\/\/inclusivenews.com.br\/?p=7777","article_publisher":"https:\/\/www.facebook.com\/agenciainclusive\/","article_published_time":"2009-05-26T12:25:47+00:00","og_image":[{"url":"http:\/\/agenciainclusive.files.wordpress.com\/2009\/01\/minuto_da_inclusao.jpg","type":"","width":"","height":""}],"author":"Inclusive","twitter_card":"summary_large_image","twitter_misc":{"Escrito por":"Inclusive","Tempo estimado de leitura":"6 minutos"},"schema":{"@context":"https:\/\/schema.org","@graph":[{"@type":"Article","@id":"https:\/\/inclusivenews.com.br\/?p=7777#article","isPartOf":{"@id":"https:\/\/inclusivenews.com.br\/?p=7777"},"author":{"name":"Inclusive","@id":"https:\/\/inclusivenews.com.br\/#\/schema\/person\/0dab492019871b94abb65fa8ee7c8c44"},"headline":"Minuto da inclus\u00e3o &#8211; Programas 702 a 708","datePublished":"2009-05-26T12:25:47+00:00","mainEntityOfPage":{"@id":"https:\/\/inclusivenews.com.br\/?p=7777"},"wordCount":1157,"commentCount":0,"publisher":{"@id":"https:\/\/inclusivenews.com.br\/#organization"},"image":{"@id":"https:\/\/inclusivenews.com.br\/?p=7777#primaryimage"},"thumbnailUrl":"http:\/\/agenciainclusive.files.wordpress.com\/2009\/01\/minuto_da_inclusao.jpg","keywords":["Minuto da Inclusao","Multim\u00eddia"],"articleSection":["\u00c1udio"],"inLanguage":"pt-PT","potentialAction":[{"@type":"CommentAction","name":"Comment","target":["https:\/\/inclusivenews.com.br\/?p=7777#respond"]}]},{"@type":"WebPage","@id":"https:\/\/inclusivenews.com.br\/?p=7777","url":"https:\/\/inclusivenews.com.br\/?p=7777","name":"Minuto da inclus\u00e3o - Programas 702 a 708 -","isPartOf":{"@id":"https:\/\/inclusivenews.com.br\/#website"},"primaryImageOfPage":{"@id":"https:\/\/inclusivenews.com.br\/?p=7777#primaryimage"},"image":{"@id":"https:\/\/inclusivenews.com.br\/?p=7777#primaryimage"},"thumbnailUrl":"http:\/\/agenciainclusive.files.wordpress.com\/2009\/01\/minuto_da_inclusao.jpg","datePublished":"2009-05-26T12:25:47+00:00","breadcrumb":{"@id":"https:\/\/inclusivenews.com.br\/?p=7777#breadcrumb"},"inLanguage":"pt-PT","potentialAction":[{"@type":"ReadAction","target":["https:\/\/inclusivenews.com.br\/?p=7777"]}]},{"@type":"ImageObject","inLanguage":"pt-PT","@id":"https:\/\/inclusivenews.com.br\/?p=7777#primaryimage","url":"http:\/\/agenciainclusive.files.wordpress.com\/2009\/01\/minuto_da_inclusao.jpg","contentUrl":"http:\/\/agenciainclusive.files.wordpress.com\/2009\/01\/minuto_da_inclusao.jpg"},{"@type":"BreadcrumbList","@id":"https:\/\/inclusivenews.com.br\/?p=7777#breadcrumb","itemListElement":[{"@type":"ListItem","position":1,"name":"In\u00edcio","item":"https:\/\/inclusivenews.com.br\/"},{"@type":"ListItem","position":2,"name":"Minuto da inclus\u00e3o &#8211; Programas 702 a 708"}]},{"@type":"WebSite","@id":"https:\/\/inclusivenews.com.br\/#website","url":"https:\/\/inclusivenews.com.br\/","name":"Inclusive News","description":"Inclusive News","publisher":{"@id":"https:\/\/inclusivenews.com.br\/#organization"},"potentialAction":[{"@type":"SearchAction","target":{"@type":"EntryPoint","urlTemplate":"https:\/\/inclusivenews.com.br\/?s={search_term_string}"},"query-input":{"@type":"PropertyValueSpecification","valueRequired":true,"valueName":"search_term_string"}}],"inLanguage":"pt-PT"},{"@type":"Organization","@id":"https:\/\/inclusivenews.com.br\/#organization","name":"Inclusive - inclus\u00e3o e cidadania","url":"https:\/\/inclusivenews.com.br\/","logo":{"@type":"ImageObject","inLanguage":"pt-PT","@id":"https:\/\/inclusivenews.com.br\/#\/schema\/logo\/image\/","url":"https:\/\/inclusivenews.com.br\/wp-content\/uploads\/2024\/03\/@grandesite.png","contentUrl":"https:\/\/inclusivenews.com.br\/wp-content\/uploads\/2024\/03\/@grandesite.png","width":1080,"height":1080,"caption":"Inclusive - inclus\u00e3o e cidadania"},"image":{"@id":"https:\/\/inclusivenews.com.br\/#\/schema\/logo\/image\/"},"sameAs":["https:\/\/www.facebook.com\/agenciainclusive\/","https:\/\/www.instagram.com\/newsinclusive\/"]},{"@type":"Person","@id":"https:\/\/inclusivenews.com.br\/#\/schema\/person\/0dab492019871b94abb65fa8ee7c8c44","name":"Inclusive","image":{"@type":"ImageObject","inLanguage":"pt-PT","@id":"https:\/\/secure.gravatar.com\/avatar\/?s=96&d=mm&r=g","url":"https:\/\/secure.gravatar.com\/avatar\/?s=96&d=mm&r=g","contentUrl":"https:\/\/secure.gravatar.com\/avatar\/?s=96&d=mm&r=g","caption":"Inclusive"},"url":"https:\/\/inclusivenews.com.br\/?author=2"}]}},"_links":{"self":[{"href":"https:\/\/inclusivenews.com.br\/index.php?rest_route=\/wp\/v2\/posts\/7777","targetHints":{"allow":["GET"]}}],"collection":[{"href":"https:\/\/inclusivenews.com.br\/index.php?rest_route=\/wp\/v2\/posts"}],"about":[{"href":"https:\/\/inclusivenews.com.br\/index.php?rest_route=\/wp\/v2\/types\/post"}],"author":[{"embeddable":true,"href":"https:\/\/inclusivenews.com.br\/index.php?rest_route=\/wp\/v2\/users\/2"}],"replies":[{"embeddable":true,"href":"https:\/\/inclusivenews.com.br\/index.php?rest_route=%2Fwp%2Fv2%2Fcomments&post=7777"}],"version-history":[{"count":0,"href":"https:\/\/inclusivenews.com.br\/index.php?rest_route=\/wp\/v2\/posts\/7777\/revisions"}],"wp:attachment":[{"href":"https:\/\/inclusivenews.com.br\/index.php?rest_route=%2Fwp%2Fv2%2Fmedia&parent=7777"}],"wp:term":[{"taxonomy":"category","embeddable":true,"href":"https:\/\/inclusivenews.com.br\/index.php?rest_route=%2Fwp%2Fv2%2Fcategories&post=7777"},{"taxonomy":"post_tag","embeddable":true,"href":"https:\/\/inclusivenews.com.br\/index.php?rest_route=%2Fwp%2Fv2%2Ftags&post=7777"}],"curies":[{"name":"wp","href":"https:\/\/api.w.org\/{rel}","templated":true}]}}