{"id":792,"date":"2008-08-09T13:29:10","date_gmt":"2008-08-09T13:29:10","guid":{"rendered":"http:\/\/agenciainclusive.wordpress.com\/?p=792"},"modified":"2008-08-09T13:29:10","modified_gmt":"2008-08-09T13:29:10","slug":"boletim-sentidos","status":"publish","type":"post","link":"https:\/\/inclusivenews.com.br\/?p=792","title":{"rendered":"Boletim Sentidos"},"content":{"rendered":"<p><!--[if !mso]&gt;--><\/p>\n<table class=\"MsoNormalTable\" border=\"0\" cellspacing=\"0\" cellpadding=\"0\">\n<tbody>\n<tr>\n<td style=\"padding:0;\">\n<p class=\"MsoNormal\" style=\"margin-bottom:.0001pt;line-height:14.4pt;\"><span style=\"font-size:12pt;font-family:&quot;\"><!--[endif]--><\/span><\/p>\n<\/td>\n<\/tr>\n<tr style=\"height:9pt;\">\n<td style=\"height:9pt;padding:0;\"><\/td>\n<\/tr>\n<tr>\n<td style=\"padding:0;\">\n<p class=\"MsoNormal\" style=\"margin-bottom:.0001pt;text-align:center;line-height:14.4pt;\" align=\"center\"><strong><span style=\"font-size:12pt;font-family:&quot;\">CONFIRA O PROGRAMA SENTIDOS DESTA   SEMANA!<br \/>\nASSISTA PELA INTERNET OU PELA TV<\/span><\/strong><\/td>\n<\/tr>\n<tr style=\"height:9pt;\">\n<td style=\"height:9pt;padding:0;\"><\/td>\n<\/tr>\n<tr>\n<td style=\"padding:0;\">\n<p class=\"MsoNormal\" style=\"margin-bottom:.0001pt;line-height:14.4pt;\"><span style=\"font-size:12pt;font-family:&quot;\">O programa Sentidos vai mostrar que com determina\u00e7\u00e3o, as limita\u00e7\u00f5es de   uma defici\u00eancia n\u00e3o s\u00e3o uma barreira, e sim, um obst\u00e1culo que pode ser   superado para se alcan\u00e7ar um grande sonho. Quer uma inje\u00e7\u00e3o de otimismo?   Ent\u00e3o, d\u00e1 uma olhada no que a nossa equipe preparou pra voc\u00ea:<\/span><\/p>\n<\/td>\n<\/tr>\n<tr style=\"height:12pt;\">\n<td style=\"height:12pt;padding:0;\"><\/td>\n<\/tr>\n<\/tbody>\n<\/table>\n<p class=\"MsoNormal\" style=\"margin-bottom:.0001pt;line-height:14.4pt;\"><span style=\"font-size:12pt;font-family:&quot;display:none;\"> <\/span><\/p>\n<table class=\"MsoNormalTable\" border=\"0\" cellspacing=\"0\" cellpadding=\"0\">\n<tbody>\n<tr>\n<td style=\"padding:0;\">\n<p class=\"MsoNormal\" style=\"margin-bottom:.0001pt;line-height:14.4pt;\"><strong><span style=\"font-size:12pt;font-family:&quot;\">Bloco 1<\/span><\/strong><\/p>\n<\/td>\n<td style=\"border:medium none;padding:0;\" colspan=\"2\" width=\"52\">\n<p class=\"MsoNormal\">\n<\/td>\n<\/tr>\n<tr>\n<td style=\"padding:0;\">\n<p class=\"MsoNormal\" style=\"margin-bottom:.0001pt;line-height:14.4pt;\"><span style=\"font-size:12pt;font-family:&quot;\"><!--[if gte vml 1]&gt;  &lt;![endif]--><!--[if !vml]--><!--[endif]--><\/span><\/p>\n<\/td>\n<td style=\"width:6pt;padding:0;\" width=\"10\"><\/td>\n<td style=\"padding:0;\" valign=\"top\">\n<p class=\"MsoNormal\" style=\"margin-bottom:.0001pt;line-height:14.4pt;\"><span style=\"font-size:12pt;font-family:&quot;\">Os desafios da maternidade para uma jovem com S\u00edndrome de Down, que   deu \u00e0 luz uma crian\u00e7a sem defici\u00eancia; No quadro Aprenda Libras, os sinais   certos para oferecer ajuda \u00e0 pessoa surda.<br \/>\n<\/span><strong><span style=\"font-size:12pt;font-family:&quot;\">.<\/span><\/strong><span style=\"font-size:12pt;font-family:&quot;\"> <a href=\"http:\/\/sentidos.uol.com.br\/avape\/mostra_bloco.asp?bl=1\" target=\"_blank\" rel=\"noopener\"><strong><span style=\"text-decoration:none;color:#005590;\">Clique aqui para assistir ao bloco 1<\/span><\/strong><\/a> <\/span><\/td>\n<\/tr>\n<tr style=\"height:3pt;\">\n<td style=\"height:3pt;padding:0;\"><\/td>\n<td style=\"height:3pt;padding:0;\"><\/td>\n<td style=\"height:3pt;padding:0;\"><\/td>\n<\/tr>\n<tr>\n<td style=\"padding:0;\">\n<p class=\"MsoNormal\" style=\"margin-bottom:.0001pt;line-height:14.4pt;\"><strong><span style=\"font-size:12pt;font-family:&quot;\">Bloco 2<\/span><\/strong><\/p>\n<\/td>\n<td style=\"padding:0;\"><\/td>\n<td style=\"padding:0;\"><\/td>\n<\/tr>\n<tr>\n<td style=\"padding:0;\">\n<p class=\"MsoNormal\" style=\"margin-bottom:.0001pt;line-height:14.4pt;\"><span style=\"font-size:12pt;font-family:&quot;\"><!--[if gte vml 1]&gt;  &lt;![endif]--><!--[if !vml]--><img loading=\"lazy\" decoding=\"async\" src=\"\/Users\/PATRICIA\/AppData\/Local\/Temp\/msohtmlclip1\/01\/clip_image003.jpg\" border=\"0\" alt=\"http:\/\/www.sentidos.com.br\/imagens\/tvsentidos\/bloco2_0808.jpg\" width=\"170\" height=\"113\" \/><!--[endif]--><\/span><\/p>\n<\/td>\n<td style=\"width:6pt;padding:0;\" width=\"10\"><\/td>\n<td style=\"padding:0;\" valign=\"top\">\n<p class=\"MsoNormal\" style=\"margin-bottom:.0001pt;line-height:14.4pt;\"><span style=\"font-size:12pt;font-family:&quot;\">O desafio do pianista com defici\u00eancia. Jo\u00e3o Carlos Martins aprende a   ser maestro para n\u00e3o abrir m\u00e3o do seu amor incondicional pela m\u00fasica; No   Minuto AVAPE, a prepara\u00e7\u00e3o de jovens com defici\u00eancia para o mercado de   trabalho que moram na cidade de Resende, no interior do Rio de Janeiro.<br \/>\n<\/span><strong><span style=\"font-size:12pt;font-family:&quot;\">.<\/span><\/strong><span style=\"font-size:12pt;font-family:&quot;\"> <a href=\"http:\/\/sentidos.uol.com.br\/avape\/mostra_bloco.asp?bl=2\" target=\"_blank\" rel=\"noopener\"><strong><span style=\"text-decoration:none;color:#005590;\">Clique aqui para assistir ao bloco 2<\/span><\/strong><\/a> <\/span><\/td>\n<\/tr>\n<tr style=\"height:3pt;\">\n<td style=\"height:3pt;padding:0;\"><\/td>\n<td style=\"height:3pt;padding:0;\"><\/td>\n<td style=\"height:3pt;padding:0;\"><\/td>\n<\/tr>\n<tr>\n<td style=\"padding:0;\">\n<p class=\"MsoNormal\" style=\"margin-bottom:.0001pt;line-height:14.4pt;\"><strong><span style=\"font-size:12pt;font-family:&quot;\">Bloco 3<\/span><\/strong><\/p>\n<\/td>\n<td style=\"padding:0;\"><\/td>\n<td style=\"padding:0;\"><\/td>\n<\/tr>\n<tr>\n<td style=\"padding:0;\">\n<p class=\"MsoNormal\" style=\"margin-bottom:.0001pt;line-height:14.4pt;\"><span style=\"font-size:12pt;font-family:&quot;\"><!--[if gte vml 1]&gt;  &lt;![endif]--><!--[if !vml]--><img loading=\"lazy\" decoding=\"async\" src=\"\/Users\/PATRICIA\/AppData\/Local\/Temp\/msohtmlclip1\/01\/clip_image004.jpg\" border=\"0\" alt=\"http:\/\/www.sentidos.com.br\/imagens\/tvsentidos\/bloco3_0808.jpg\" width=\"170\" height=\"113\" \/><!--[endif]--><\/span><\/p>\n<\/td>\n<td style=\"width:6pt;padding:0;\" width=\"10\"><\/td>\n<td style=\"padding:0;\" valign=\"top\">\n<p class=\"MsoNormal\" style=\"margin-bottom:.0001pt;line-height:14.4pt;\"><span style=\"font-size:12pt;font-family:&quot;\">Direito de ir e vir. Veja as tecnologias de adapta\u00e7\u00e3o veicular para os   diversos tipos de defici\u00eancia; E ainda, o quadro Fala S\u00e9rio, com uma cr\u00f4nica   sobre viol\u00eancia.<br \/>\n<\/span><strong><span style=\"font-size:12pt;font-family:&quot;\">.<\/span><\/strong><span style=\"font-size:12pt;font-family:&quot;\"> <a href=\"http:\/\/sentidos.uol.com.br\/avape\/mostra_bloco.asp?bl=3\" target=\"_blank\" rel=\"noopener\"><strong><span style=\"text-decoration:none;color:#005590;\">Clique aqui para assistir ao bloco 3<\/span><\/strong><\/a> <\/span><\/td>\n<\/tr>\n<tr style=\"height:9pt;\">\n<td style=\"height:9pt;padding:0;\"><\/td>\n<td style=\"height:9pt;padding:0;\"><\/td>\n<td style=\"height:9pt;padding:0;\"><\/td>\n<\/tr>\n<\/tbody>\n<\/table>\n<p class=\"MsoNormal\" style=\"margin-bottom:.0001pt;line-height:14.4pt;\"><span style=\"font-size:12pt;font-family:&quot;display:none;\"> <\/span><\/p>\n<table class=\"MsoNormalTable\" border=\"0\" cellspacing=\"0\" cellpadding=\"0\">\n<tbody>\n<tr>\n<td style=\"padding:0;\">\n<p class=\"MsoNormal\" style=\"margin-bottom:.0001pt;line-height:14.4pt;\"><span style=\"font-size:12pt;font-family:&quot;\">O programa Sentidos mostra a\u00e7\u00f5es sociais realizadas por pessoas que   trabalham a favor de um pa\u00eds mais justo, inclusivo e que n\u00e3o esperam somente   por iniciativas do poder p\u00fablico, mas se juntam para buscar qualidade de vida   e diminuir as diferen\u00e7as. Produzido pelo n\u00facleo de tv da AVAPE &#8211; Associa\u00e7\u00e3o   para Valoriza\u00e7\u00e3o e Promo\u00e7\u00e3o de Excepcionais em parceria com o Canal Net   Cidade, da operadora de TV a cabo NET, o programa Sentidos tamb\u00e9m destaca as   atividades das pessoas com defici\u00eancia nas \u00e1reas de lazer, educa\u00e7\u00e3o, cultura,   sa\u00fade, esporte e trabalho.<\/span><\/p>\n<p>Bom programa!<\/p>\n<p>As reportagens acima estar\u00e3o dispon\u00edveis nos sites:<br \/>\nwww.avape.org.br e www.sentidos.com.br at\u00e9 dia <strong>11\/08<\/strong>.<\/p>\n<p>Informa\u00e7\u00f5es, sugest\u00f5es e d\u00favidas:<br \/>\nN\u00facleo de TV AVAPE &#8211; Sentidos<br \/>\nTelefones: (11)\u00a04433-5075 e 4433-5077<br \/>\nE-mail: <a href=\"http:\/\/br.f431.mail.yahoo.com\/ym\/Compose?To=programasentidos@avape.org.br\" target=\"_blank\" rel=\"noopener\"><span style=\"text-decoration:none;color:#003399;\">programasentidos@avape.org.br<\/span><\/a><\/p>\n<p>Na Tv &#8211; Canal NET Cidade (12 no ABC)<br \/>\nSegunda-feira \u00e0s 19h00h &#8211; In\u00e9dito<br \/>\nTer\u00e7a-feira \u00e0s 9h30h &#8211; Reprise<br \/>\nDomingo \u00e0s 2h30 e 15h &#8211; Reprise<\/td>\n<\/tr>\n<\/tbody>\n<\/table>\n","protected":false},"excerpt":{"rendered":"<p>CONFIRA O PROGRAMA SENTIDOS DESTA SEMANA! ASSISTA PELA INTERNET OU PELA TV O programa Sentidos vai mostrar que com determina\u00e7\u00e3o, as limita\u00e7\u00f5es de uma defici\u00eancia n\u00e3o s\u00e3o uma barreira, e sim, um obst\u00e1culo que pode ser superado para se alcan\u00e7ar um grande sonho. Quer uma inje\u00e7\u00e3o de otimismo? Ent\u00e3o, d\u00e1 uma olhada no que a [&hellip;]<\/p>\n","protected":false},"author":2,"featured_media":0,"comment_status":"open","ping_status":"open","sticky":false,"template":"","format":"standard","meta":{"site-container-style":"default","site-container-layout":"default","site-sidebar-layout":"default","disable-article-header":"default","disable-site-header":"default","disable-site-footer":"default","disable-content-area-spacing":"default","footnotes":""},"categories":[4],"tags":[],"class_list":["post-792","post","type-post","status-publish","format-standard","hentry","category-noticias"],"yoast_head":"<!-- This site is optimized with the Yoast SEO plugin v27.4 - https:\/\/yoast.com\/product\/yoast-seo-wordpress\/ -->\n<title>Boletim Sentidos -<\/title>\n<meta name=\"robots\" content=\"index, follow, max-snippet:-1, max-image-preview:large, max-video-preview:-1\" \/>\n<link rel=\"canonical\" href=\"https:\/\/inclusivenews.com.br\/?p=792\" \/>\n<meta property=\"og:locale\" content=\"pt_PT\" \/>\n<meta property=\"og:type\" content=\"article\" \/>\n<meta property=\"og:title\" content=\"Boletim Sentidos -\" \/>\n<meta property=\"og:description\" content=\"CONFIRA O PROGRAMA SENTIDOS DESTA SEMANA! ASSISTA PELA INTERNET OU PELA TV O programa Sentidos vai mostrar que com determina\u00e7\u00e3o, as limita\u00e7\u00f5es de uma defici\u00eancia n\u00e3o s\u00e3o uma barreira, e sim, um obst\u00e1culo que pode ser superado para se alcan\u00e7ar um grande sonho. Quer uma inje\u00e7\u00e3o de otimismo? Ent\u00e3o, d\u00e1 uma olhada no que a [&hellip;]\" \/>\n<meta property=\"og:url\" content=\"https:\/\/inclusivenews.com.br\/?p=792\" \/>\n<meta property=\"article:publisher\" content=\"https:\/\/www.facebook.com\/agenciainclusive\/\" \/>\n<meta property=\"article:published_time\" content=\"2008-08-09T13:29:10+00:00\" \/>\n<meta name=\"author\" content=\"Inclusive\" \/>\n<meta name=\"twitter:card\" content=\"summary_large_image\" \/>\n<meta name=\"twitter:label1\" content=\"Escrito por\" \/>\n\t<meta name=\"twitter:data1\" content=\"Inclusive\" \/>\n\t<meta name=\"twitter:label2\" content=\"Tempo estimado de leitura\" \/>\n\t<meta name=\"twitter:data2\" content=\"2 minutos\" \/>\n<script type=\"application\/ld+json\" class=\"yoast-schema-graph\">{\"@context\":\"https:\\\/\\\/schema.org\",\"@graph\":[{\"@type\":\"Article\",\"@id\":\"https:\\\/\\\/inclusivenews.com.br\\\/?p=792#article\",\"isPartOf\":{\"@id\":\"https:\\\/\\\/inclusivenews.com.br\\\/?p=792\"},\"author\":{\"name\":\"Inclusive\",\"@id\":\"https:\\\/\\\/inclusivenews.com.br\\\/#\\\/schema\\\/person\\\/0dab492019871b94abb65fa8ee7c8c44\"},\"headline\":\"Boletim Sentidos\",\"datePublished\":\"2008-08-09T13:29:10+00:00\",\"mainEntityOfPage\":{\"@id\":\"https:\\\/\\\/inclusivenews.com.br\\\/?p=792\"},\"wordCount\":392,\"commentCount\":0,\"publisher\":{\"@id\":\"https:\\\/\\\/inclusivenews.com.br\\\/#organization\"},\"articleSection\":[\"NOT\u00cdCIAS\"],\"inLanguage\":\"pt-PT\",\"potentialAction\":[{\"@type\":\"CommentAction\",\"name\":\"Comment\",\"target\":[\"https:\\\/\\\/inclusivenews.com.br\\\/?p=792#respond\"]}]},{\"@type\":\"WebPage\",\"@id\":\"https:\\\/\\\/inclusivenews.com.br\\\/?p=792\",\"url\":\"https:\\\/\\\/inclusivenews.com.br\\\/?p=792\",\"name\":\"Boletim Sentidos -\",\"isPartOf\":{\"@id\":\"https:\\\/\\\/inclusivenews.com.br\\\/#website\"},\"datePublished\":\"2008-08-09T13:29:10+00:00\",\"breadcrumb\":{\"@id\":\"https:\\\/\\\/inclusivenews.com.br\\\/?p=792#breadcrumb\"},\"inLanguage\":\"pt-PT\",\"potentialAction\":[{\"@type\":\"ReadAction\",\"target\":[\"https:\\\/\\\/inclusivenews.com.br\\\/?p=792\"]}]},{\"@type\":\"BreadcrumbList\",\"@id\":\"https:\\\/\\\/inclusivenews.com.br\\\/?p=792#breadcrumb\",\"itemListElement\":[{\"@type\":\"ListItem\",\"position\":1,\"name\":\"In\u00edcio\",\"item\":\"https:\\\/\\\/inclusivenews.com.br\\\/\"},{\"@type\":\"ListItem\",\"position\":2,\"name\":\"Boletim Sentidos\"}]},{\"@type\":\"WebSite\",\"@id\":\"https:\\\/\\\/inclusivenews.com.br\\\/#website\",\"url\":\"https:\\\/\\\/inclusivenews.com.br\\\/\",\"name\":\"Inclusive News\",\"description\":\"Inclusive News\",\"publisher\":{\"@id\":\"https:\\\/\\\/inclusivenews.com.br\\\/#organization\"},\"potentialAction\":[{\"@type\":\"SearchAction\",\"target\":{\"@type\":\"EntryPoint\",\"urlTemplate\":\"https:\\\/\\\/inclusivenews.com.br\\\/?s={search_term_string}\"},\"query-input\":{\"@type\":\"PropertyValueSpecification\",\"valueRequired\":true,\"valueName\":\"search_term_string\"}}],\"inLanguage\":\"pt-PT\"},{\"@type\":\"Organization\",\"@id\":\"https:\\\/\\\/inclusivenews.com.br\\\/#organization\",\"name\":\"Inclusive - inclus\u00e3o e cidadania\",\"url\":\"https:\\\/\\\/inclusivenews.com.br\\\/\",\"logo\":{\"@type\":\"ImageObject\",\"inLanguage\":\"pt-PT\",\"@id\":\"https:\\\/\\\/inclusivenews.com.br\\\/#\\\/schema\\\/logo\\\/image\\\/\",\"url\":\"https:\\\/\\\/inclusivenews.com.br\\\/wp-content\\\/uploads\\\/2024\\\/03\\\/@grandesite.png\",\"contentUrl\":\"https:\\\/\\\/inclusivenews.com.br\\\/wp-content\\\/uploads\\\/2024\\\/03\\\/@grandesite.png\",\"width\":1080,\"height\":1080,\"caption\":\"Inclusive - inclus\u00e3o e cidadania\"},\"image\":{\"@id\":\"https:\\\/\\\/inclusivenews.com.br\\\/#\\\/schema\\\/logo\\\/image\\\/\"},\"sameAs\":[\"https:\\\/\\\/www.facebook.com\\\/agenciainclusive\\\/\",\"https:\\\/\\\/www.instagram.com\\\/newsinclusive\\\/\"]},{\"@type\":\"Person\",\"@id\":\"https:\\\/\\\/inclusivenews.com.br\\\/#\\\/schema\\\/person\\\/0dab492019871b94abb65fa8ee7c8c44\",\"name\":\"Inclusive\",\"image\":{\"@type\":\"ImageObject\",\"inLanguage\":\"pt-PT\",\"@id\":\"https:\\\/\\\/secure.gravatar.com\\\/avatar\\\/?s=96&d=mm&r=g\",\"url\":\"https:\\\/\\\/secure.gravatar.com\\\/avatar\\\/?s=96&d=mm&r=g\",\"contentUrl\":\"https:\\\/\\\/secure.gravatar.com\\\/avatar\\\/?s=96&d=mm&r=g\",\"caption\":\"Inclusive\"},\"url\":\"https:\\\/\\\/inclusivenews.com.br\\\/?author=2\"}]}<\/script>\n<!-- \/ Yoast SEO plugin. -->","yoast_head_json":{"title":"Boletim Sentidos -","robots":{"index":"index","follow":"follow","max-snippet":"max-snippet:-1","max-image-preview":"max-image-preview:large","max-video-preview":"max-video-preview:-1"},"canonical":"https:\/\/inclusivenews.com.br\/?p=792","og_locale":"pt_PT","og_type":"article","og_title":"Boletim Sentidos -","og_description":"CONFIRA O PROGRAMA SENTIDOS DESTA SEMANA! ASSISTA PELA INTERNET OU PELA TV O programa Sentidos vai mostrar que com determina\u00e7\u00e3o, as limita\u00e7\u00f5es de uma defici\u00eancia n\u00e3o s\u00e3o uma barreira, e sim, um obst\u00e1culo que pode ser superado para se alcan\u00e7ar um grande sonho. Quer uma inje\u00e7\u00e3o de otimismo? Ent\u00e3o, d\u00e1 uma olhada no que a [&hellip;]","og_url":"https:\/\/inclusivenews.com.br\/?p=792","article_publisher":"https:\/\/www.facebook.com\/agenciainclusive\/","article_published_time":"2008-08-09T13:29:10+00:00","author":"Inclusive","twitter_card":"summary_large_image","twitter_misc":{"Escrito por":"Inclusive","Tempo estimado de leitura":"2 minutos"},"schema":{"@context":"https:\/\/schema.org","@graph":[{"@type":"Article","@id":"https:\/\/inclusivenews.com.br\/?p=792#article","isPartOf":{"@id":"https:\/\/inclusivenews.com.br\/?p=792"},"author":{"name":"Inclusive","@id":"https:\/\/inclusivenews.com.br\/#\/schema\/person\/0dab492019871b94abb65fa8ee7c8c44"},"headline":"Boletim Sentidos","datePublished":"2008-08-09T13:29:10+00:00","mainEntityOfPage":{"@id":"https:\/\/inclusivenews.com.br\/?p=792"},"wordCount":392,"commentCount":0,"publisher":{"@id":"https:\/\/inclusivenews.com.br\/#organization"},"articleSection":["NOT\u00cdCIAS"],"inLanguage":"pt-PT","potentialAction":[{"@type":"CommentAction","name":"Comment","target":["https:\/\/inclusivenews.com.br\/?p=792#respond"]}]},{"@type":"WebPage","@id":"https:\/\/inclusivenews.com.br\/?p=792","url":"https:\/\/inclusivenews.com.br\/?p=792","name":"Boletim Sentidos -","isPartOf":{"@id":"https:\/\/inclusivenews.com.br\/#website"},"datePublished":"2008-08-09T13:29:10+00:00","breadcrumb":{"@id":"https:\/\/inclusivenews.com.br\/?p=792#breadcrumb"},"inLanguage":"pt-PT","potentialAction":[{"@type":"ReadAction","target":["https:\/\/inclusivenews.com.br\/?p=792"]}]},{"@type":"BreadcrumbList","@id":"https:\/\/inclusivenews.com.br\/?p=792#breadcrumb","itemListElement":[{"@type":"ListItem","position":1,"name":"In\u00edcio","item":"https:\/\/inclusivenews.com.br\/"},{"@type":"ListItem","position":2,"name":"Boletim Sentidos"}]},{"@type":"WebSite","@id":"https:\/\/inclusivenews.com.br\/#website","url":"https:\/\/inclusivenews.com.br\/","name":"Inclusive News","description":"Inclusive News","publisher":{"@id":"https:\/\/inclusivenews.com.br\/#organization"},"potentialAction":[{"@type":"SearchAction","target":{"@type":"EntryPoint","urlTemplate":"https:\/\/inclusivenews.com.br\/?s={search_term_string}"},"query-input":{"@type":"PropertyValueSpecification","valueRequired":true,"valueName":"search_term_string"}}],"inLanguage":"pt-PT"},{"@type":"Organization","@id":"https:\/\/inclusivenews.com.br\/#organization","name":"Inclusive - inclus\u00e3o e cidadania","url":"https:\/\/inclusivenews.com.br\/","logo":{"@type":"ImageObject","inLanguage":"pt-PT","@id":"https:\/\/inclusivenews.com.br\/#\/schema\/logo\/image\/","url":"https:\/\/inclusivenews.com.br\/wp-content\/uploads\/2024\/03\/@grandesite.png","contentUrl":"https:\/\/inclusivenews.com.br\/wp-content\/uploads\/2024\/03\/@grandesite.png","width":1080,"height":1080,"caption":"Inclusive - inclus\u00e3o e cidadania"},"image":{"@id":"https:\/\/inclusivenews.com.br\/#\/schema\/logo\/image\/"},"sameAs":["https:\/\/www.facebook.com\/agenciainclusive\/","https:\/\/www.instagram.com\/newsinclusive\/"]},{"@type":"Person","@id":"https:\/\/inclusivenews.com.br\/#\/schema\/person\/0dab492019871b94abb65fa8ee7c8c44","name":"Inclusive","image":{"@type":"ImageObject","inLanguage":"pt-PT","@id":"https:\/\/secure.gravatar.com\/avatar\/?s=96&d=mm&r=g","url":"https:\/\/secure.gravatar.com\/avatar\/?s=96&d=mm&r=g","contentUrl":"https:\/\/secure.gravatar.com\/avatar\/?s=96&d=mm&r=g","caption":"Inclusive"},"url":"https:\/\/inclusivenews.com.br\/?author=2"}]}},"_links":{"self":[{"href":"https:\/\/inclusivenews.com.br\/index.php?rest_route=\/wp\/v2\/posts\/792","targetHints":{"allow":["GET"]}}],"collection":[{"href":"https:\/\/inclusivenews.com.br\/index.php?rest_route=\/wp\/v2\/posts"}],"about":[{"href":"https:\/\/inclusivenews.com.br\/index.php?rest_route=\/wp\/v2\/types\/post"}],"author":[{"embeddable":true,"href":"https:\/\/inclusivenews.com.br\/index.php?rest_route=\/wp\/v2\/users\/2"}],"replies":[{"embeddable":true,"href":"https:\/\/inclusivenews.com.br\/index.php?rest_route=%2Fwp%2Fv2%2Fcomments&post=792"}],"version-history":[{"count":0,"href":"https:\/\/inclusivenews.com.br\/index.php?rest_route=\/wp\/v2\/posts\/792\/revisions"}],"wp:attachment":[{"href":"https:\/\/inclusivenews.com.br\/index.php?rest_route=%2Fwp%2Fv2%2Fmedia&parent=792"}],"wp:term":[{"taxonomy":"category","embeddable":true,"href":"https:\/\/inclusivenews.com.br\/index.php?rest_route=%2Fwp%2Fv2%2Fcategories&post=792"},{"taxonomy":"post_tag","embeddable":true,"href":"https:\/\/inclusivenews.com.br\/index.php?rest_route=%2Fwp%2Fv2%2Ftags&post=792"}],"curies":[{"name":"wp","href":"https:\/\/api.w.org\/{rel}","templated":true}]}}