{"id":7948,"date":"2009-06-02T16:01:40","date_gmt":"2009-06-02T16:01:40","guid":{"rendered":"http:\/\/agenciainclusive.wordpress.com\/?p=7948"},"modified":"2009-06-02T16:01:40","modified_gmt":"2009-06-02T16:01:40","slug":"seminario-nacional-escuta-de-criancas-e-adolescentes-envolvidos-em-situacao-de-violencia-e-a-rede-de-protecao-transferido-para-os-dias-7-e-8-de-agosto","status":"publish","type":"post","link":"https:\/\/inclusivenews.com.br\/?p=7948","title":{"rendered":"Semin\u00e1rio Nacional Escuta de Crian\u00e7as e Adolescentes Envolvidos em Situa\u00e7\u00e3o de Viol\u00eancia e a Rede de Prote\u00e7\u00e3o transferido para os dias 7 e 8 de agosto"},"content":{"rendered":"<figure style=\"width: 406px\" class=\"wp-caption alignnone\"><img loading=\"lazy\" decoding=\"async\" src=\"http:\/\/www.pol.org.br\/pol\/export\/sites\/default\/pol\/destaques\/destaquesImagens\/seminarioescuta.jpg\" alt=\"\" width=\"406\" height=\"150\" \/><figcaption class=\"wp-caption-text\">Banner de divulga\u00e7\u00e3o do Semin\u00e1rio Nacional Escuta de Crian\u00e7as e Adolescentes envolvidos em situa\u00e7\u00e3o de viol\u00eancia e a rede de prote\u00e7\u00e3o<\/figcaption><\/figure>\n<p>Foi transferido para os dias 7 e 8 de agosto o Semin\u00e1rio Nacional Escuta de Crian\u00e7as e Adolescentes Envolvidos em Situa\u00e7\u00e3o de Viol\u00eancia e a Rede de Prote\u00e7\u00e3o, organizado pelo Sistema Conselhos de Psicologia. As inscri\u00e7\u00f5es ser\u00e3o gratuitas.<\/p>\n<p>As pessoas que j\u00e1 pagaram sua inscri\u00e7\u00e3o devem entrar em contato pelo e-mail <a href=\"mailto:napg2@pol.org.br\">napg2@pol.org.br<\/a> solicitando ressarcimento do valor pago.<\/p>\n<p>O semin\u00e1rio ser\u00e1 um espa\u00e7o de di\u00e1logo com a participa\u00e7\u00e3o de acad\u00eamicos, psic\u00f3logos e destacados especialistas sobre o Sistema de Prote\u00e7\u00e3o da Crian\u00e7a e do Adolescente. Ser\u00e3o debatidas quest\u00f5es sobre como garantir a prote\u00e7\u00e3o de crian\u00e7as e adolescentes com a\u00e7\u00f5es que n\u00e3o entrem em conflito com a \u00e9tica dos profissionais envolvidos.<\/p>\n<p>Al\u00e9m disso, buscar\u00e1 avan\u00e7ar no debate sobre a escuta de crian\u00e7as e adolescentes nos variados \u00e2mbitos da rede de prote\u00e7\u00e3o \u2013 Justi\u00e7a, Sa\u00fade, Educa\u00e7\u00e3o, Assist\u00eancia Social \u2013, na dire\u00e7\u00e3o de um olhar comprometido com o respeito \u00e0 dignidade, \u00e0 liberdade, \u00e0 igualdade de direitos e \u00e0 integridade do ser humano.<br \/>\nClique aqui e inscreva-se no evento.<br \/>\nConfira aqui a programa\u00e7\u00e3o.<br \/>\nData:\u00a007.08.2009 a 08.08.2009<br \/>\nEndere\u00e7o:\u00a0Hotel Novo Mundo &#8211; Praia do Flamengo, 20 &#8211; Flamengo<br \/>\nCidade:\u00a0Rio de Janeiro<br \/>\nEstado:\u00a0RJ<br \/>\nPa\u00eds:\u00a0Brasil<br \/>\nTelefone:\u00a0(61) 21090100<br \/>\nE-mail:\u00a0<a href=\"mailto:napg2@pol.org.br\">napg2@pol.org.br<\/a><\/p>\n","protected":false},"excerpt":{"rendered":"<p>Foi transferido para os dias 7 e 8 de agosto o Semin\u00e1rio Nacional Escuta de Crian\u00e7as e Adolescentes Envolvidos em Situa\u00e7\u00e3o de Viol\u00eancia e a Rede de Prote\u00e7\u00e3o, organizado pelo Sistema Conselhos de Psicologia. As inscri\u00e7\u00f5es ser\u00e3o gratuitas. As pessoas que j\u00e1 pagaram sua inscri\u00e7\u00e3o devem entrar em contato pelo e-mail napg2@pol.org.br solicitando ressarcimento do [&hellip;]<\/p>\n","protected":false},"author":2,"featured_media":0,"comment_status":"open","ping_status":"open","sticky":false,"template":"","format":"standard","meta":{"site-container-style":"default","site-container-layout":"default","site-sidebar-layout":"default","disable-article-header":"default","disable-site-header":"default","disable-site-footer":"default","disable-content-area-spacing":"default","footnotes":""},"categories":[12,4],"tags":[],"class_list":["post-7948","post","type-post","status-publish","format-standard","hentry","category-cursos-e-eventos","category-noticias"],"yoast_head":"<!-- This site is optimized with the Yoast SEO plugin v27.4 - https:\/\/yoast.com\/product\/yoast-seo-wordpress\/ -->\n<title>Semin\u00e1rio Nacional Escuta de Crian\u00e7as e Adolescentes Envolvidos em Situa\u00e7\u00e3o de Viol\u00eancia e a Rede de Prote\u00e7\u00e3o transferido para os dias 7 e 8 de agosto -<\/title>\n<meta name=\"robots\" content=\"index, follow, max-snippet:-1, max-image-preview:large, max-video-preview:-1\" \/>\n<link rel=\"canonical\" href=\"https:\/\/inclusivenews.com.br\/?p=7948\" \/>\n<meta property=\"og:locale\" content=\"pt_PT\" \/>\n<meta property=\"og:type\" content=\"article\" \/>\n<meta property=\"og:title\" content=\"Semin\u00e1rio Nacional Escuta de Crian\u00e7as e Adolescentes Envolvidos em Situa\u00e7\u00e3o de Viol\u00eancia e a Rede de Prote\u00e7\u00e3o transferido para os dias 7 e 8 de agosto -\" \/>\n<meta property=\"og:description\" content=\"Foi transferido para os dias 7 e 8 de agosto o Semin\u00e1rio Nacional Escuta de Crian\u00e7as e Adolescentes Envolvidos em Situa\u00e7\u00e3o de Viol\u00eancia e a Rede de Prote\u00e7\u00e3o, organizado pelo Sistema Conselhos de Psicologia. As inscri\u00e7\u00f5es ser\u00e3o gratuitas. As pessoas que j\u00e1 pagaram sua inscri\u00e7\u00e3o devem entrar em contato pelo e-mail napg2@pol.org.br solicitando ressarcimento do [&hellip;]\" \/>\n<meta property=\"og:url\" content=\"https:\/\/inclusivenews.com.br\/?p=7948\" \/>\n<meta property=\"article:publisher\" content=\"https:\/\/www.facebook.com\/agenciainclusive\/\" \/>\n<meta property=\"article:published_time\" content=\"2009-06-02T16:01:40+00:00\" \/>\n<meta property=\"og:image\" content=\"http:\/\/www.pol.org.br\/pol\/export\/sites\/default\/pol\/destaques\/destaquesImagens\/seminarioescuta.jpg\" \/>\n<meta name=\"author\" content=\"Inclusive\" \/>\n<meta name=\"twitter:card\" content=\"summary_large_image\" \/>\n<meta name=\"twitter:label1\" content=\"Escrito por\" \/>\n\t<meta name=\"twitter:data1\" content=\"Inclusive\" \/>\n\t<meta name=\"twitter:label2\" content=\"Tempo estimado de leitura\" \/>\n\t<meta name=\"twitter:data2\" content=\"1 minuto\" \/>\n<script type=\"application\/ld+json\" class=\"yoast-schema-graph\">{\"@context\":\"https:\\\/\\\/schema.org\",\"@graph\":[{\"@type\":\"Article\",\"@id\":\"https:\\\/\\\/inclusivenews.com.br\\\/?p=7948#article\",\"isPartOf\":{\"@id\":\"https:\\\/\\\/inclusivenews.com.br\\\/?p=7948\"},\"author\":{\"name\":\"Inclusive\",\"@id\":\"https:\\\/\\\/inclusivenews.com.br\\\/#\\\/schema\\\/person\\\/0dab492019871b94abb65fa8ee7c8c44\"},\"headline\":\"Semin\u00e1rio Nacional Escuta de Crian\u00e7as e Adolescentes Envolvidos em Situa\u00e7\u00e3o de Viol\u00eancia e a Rede de Prote\u00e7\u00e3o transferido para os dias 7 e 8 de agosto\",\"datePublished\":\"2009-06-02T16:01:40+00:00\",\"mainEntityOfPage\":{\"@id\":\"https:\\\/\\\/inclusivenews.com.br\\\/?p=7948\"},\"wordCount\":286,\"commentCount\":0,\"publisher\":{\"@id\":\"https:\\\/\\\/inclusivenews.com.br\\\/#organization\"},\"image\":{\"@id\":\"https:\\\/\\\/inclusivenews.com.br\\\/?p=7948#primaryimage\"},\"thumbnailUrl\":\"http:\\\/\\\/www.pol.org.br\\\/pol\\\/export\\\/sites\\\/default\\\/pol\\\/destaques\\\/destaquesImagens\\\/seminarioescuta.jpg\",\"articleSection\":[\"Cursos e eventos\",\"NOT\u00cdCIAS\"],\"inLanguage\":\"pt-PT\",\"potentialAction\":[{\"@type\":\"CommentAction\",\"name\":\"Comment\",\"target\":[\"https:\\\/\\\/inclusivenews.com.br\\\/?p=7948#respond\"]}]},{\"@type\":\"WebPage\",\"@id\":\"https:\\\/\\\/inclusivenews.com.br\\\/?p=7948\",\"url\":\"https:\\\/\\\/inclusivenews.com.br\\\/?p=7948\",\"name\":\"Semin\u00e1rio Nacional Escuta de Crian\u00e7as e Adolescentes Envolvidos em Situa\u00e7\u00e3o de Viol\u00eancia e a Rede de Prote\u00e7\u00e3o transferido para os dias 7 e 8 de agosto -\",\"isPartOf\":{\"@id\":\"https:\\\/\\\/inclusivenews.com.br\\\/#website\"},\"primaryImageOfPage\":{\"@id\":\"https:\\\/\\\/inclusivenews.com.br\\\/?p=7948#primaryimage\"},\"image\":{\"@id\":\"https:\\\/\\\/inclusivenews.com.br\\\/?p=7948#primaryimage\"},\"thumbnailUrl\":\"http:\\\/\\\/www.pol.org.br\\\/pol\\\/export\\\/sites\\\/default\\\/pol\\\/destaques\\\/destaquesImagens\\\/seminarioescuta.jpg\",\"datePublished\":\"2009-06-02T16:01:40+00:00\",\"breadcrumb\":{\"@id\":\"https:\\\/\\\/inclusivenews.com.br\\\/?p=7948#breadcrumb\"},\"inLanguage\":\"pt-PT\",\"potentialAction\":[{\"@type\":\"ReadAction\",\"target\":[\"https:\\\/\\\/inclusivenews.com.br\\\/?p=7948\"]}]},{\"@type\":\"ImageObject\",\"inLanguage\":\"pt-PT\",\"@id\":\"https:\\\/\\\/inclusivenews.com.br\\\/?p=7948#primaryimage\",\"url\":\"http:\\\/\\\/www.pol.org.br\\\/pol\\\/export\\\/sites\\\/default\\\/pol\\\/destaques\\\/destaquesImagens\\\/seminarioescuta.jpg\",\"contentUrl\":\"http:\\\/\\\/www.pol.org.br\\\/pol\\\/export\\\/sites\\\/default\\\/pol\\\/destaques\\\/destaquesImagens\\\/seminarioescuta.jpg\"},{\"@type\":\"BreadcrumbList\",\"@id\":\"https:\\\/\\\/inclusivenews.com.br\\\/?p=7948#breadcrumb\",\"itemListElement\":[{\"@type\":\"ListItem\",\"position\":1,\"name\":\"In\u00edcio\",\"item\":\"https:\\\/\\\/inclusivenews.com.br\\\/\"},{\"@type\":\"ListItem\",\"position\":2,\"name\":\"Semin\u00e1rio Nacional Escuta de Crian\u00e7as e Adolescentes Envolvidos em Situa\u00e7\u00e3o de Viol\u00eancia e a Rede de Prote\u00e7\u00e3o transferido para os dias 7 e 8 de agosto\"}]},{\"@type\":\"WebSite\",\"@id\":\"https:\\\/\\\/inclusivenews.com.br\\\/#website\",\"url\":\"https:\\\/\\\/inclusivenews.com.br\\\/\",\"name\":\"Inclusive News\",\"description\":\"Inclusive News\",\"publisher\":{\"@id\":\"https:\\\/\\\/inclusivenews.com.br\\\/#organization\"},\"potentialAction\":[{\"@type\":\"SearchAction\",\"target\":{\"@type\":\"EntryPoint\",\"urlTemplate\":\"https:\\\/\\\/inclusivenews.com.br\\\/?s={search_term_string}\"},\"query-input\":{\"@type\":\"PropertyValueSpecification\",\"valueRequired\":true,\"valueName\":\"search_term_string\"}}],\"inLanguage\":\"pt-PT\"},{\"@type\":\"Organization\",\"@id\":\"https:\\\/\\\/inclusivenews.com.br\\\/#organization\",\"name\":\"Inclusive - inclus\u00e3o e cidadania\",\"url\":\"https:\\\/\\\/inclusivenews.com.br\\\/\",\"logo\":{\"@type\":\"ImageObject\",\"inLanguage\":\"pt-PT\",\"@id\":\"https:\\\/\\\/inclusivenews.com.br\\\/#\\\/schema\\\/logo\\\/image\\\/\",\"url\":\"https:\\\/\\\/inclusivenews.com.br\\\/wp-content\\\/uploads\\\/2024\\\/03\\\/@grandesite.png\",\"contentUrl\":\"https:\\\/\\\/inclusivenews.com.br\\\/wp-content\\\/uploads\\\/2024\\\/03\\\/@grandesite.png\",\"width\":1080,\"height\":1080,\"caption\":\"Inclusive - inclus\u00e3o e cidadania\"},\"image\":{\"@id\":\"https:\\\/\\\/inclusivenews.com.br\\\/#\\\/schema\\\/logo\\\/image\\\/\"},\"sameAs\":[\"https:\\\/\\\/www.facebook.com\\\/agenciainclusive\\\/\",\"https:\\\/\\\/www.instagram.com\\\/newsinclusive\\\/\"]},{\"@type\":\"Person\",\"@id\":\"https:\\\/\\\/inclusivenews.com.br\\\/#\\\/schema\\\/person\\\/0dab492019871b94abb65fa8ee7c8c44\",\"name\":\"Inclusive\",\"image\":{\"@type\":\"ImageObject\",\"inLanguage\":\"pt-PT\",\"@id\":\"https:\\\/\\\/secure.gravatar.com\\\/avatar\\\/?s=96&d=mm&r=g\",\"url\":\"https:\\\/\\\/secure.gravatar.com\\\/avatar\\\/?s=96&d=mm&r=g\",\"contentUrl\":\"https:\\\/\\\/secure.gravatar.com\\\/avatar\\\/?s=96&d=mm&r=g\",\"caption\":\"Inclusive\"},\"url\":\"https:\\\/\\\/inclusivenews.com.br\\\/?author=2\"}]}<\/script>\n<!-- \/ Yoast SEO plugin. -->","yoast_head_json":{"title":"Semin\u00e1rio Nacional Escuta de Crian\u00e7as e Adolescentes Envolvidos em Situa\u00e7\u00e3o de Viol\u00eancia e a Rede de Prote\u00e7\u00e3o transferido para os dias 7 e 8 de agosto -","robots":{"index":"index","follow":"follow","max-snippet":"max-snippet:-1","max-image-preview":"max-image-preview:large","max-video-preview":"max-video-preview:-1"},"canonical":"https:\/\/inclusivenews.com.br\/?p=7948","og_locale":"pt_PT","og_type":"article","og_title":"Semin\u00e1rio Nacional Escuta de Crian\u00e7as e Adolescentes Envolvidos em Situa\u00e7\u00e3o de Viol\u00eancia e a Rede de Prote\u00e7\u00e3o transferido para os dias 7 e 8 de agosto -","og_description":"Foi transferido para os dias 7 e 8 de agosto o Semin\u00e1rio Nacional Escuta de Crian\u00e7as e Adolescentes Envolvidos em Situa\u00e7\u00e3o de Viol\u00eancia e a Rede de Prote\u00e7\u00e3o, organizado pelo Sistema Conselhos de Psicologia. As inscri\u00e7\u00f5es ser\u00e3o gratuitas. As pessoas que j\u00e1 pagaram sua inscri\u00e7\u00e3o devem entrar em contato pelo e-mail napg2@pol.org.br solicitando ressarcimento do [&hellip;]","og_url":"https:\/\/inclusivenews.com.br\/?p=7948","article_publisher":"https:\/\/www.facebook.com\/agenciainclusive\/","article_published_time":"2009-06-02T16:01:40+00:00","og_image":[{"url":"http:\/\/www.pol.org.br\/pol\/export\/sites\/default\/pol\/destaques\/destaquesImagens\/seminarioescuta.jpg","type":"","width":"","height":""}],"author":"Inclusive","twitter_card":"summary_large_image","twitter_misc":{"Escrito por":"Inclusive","Tempo estimado de leitura":"1 minuto"},"schema":{"@context":"https:\/\/schema.org","@graph":[{"@type":"Article","@id":"https:\/\/inclusivenews.com.br\/?p=7948#article","isPartOf":{"@id":"https:\/\/inclusivenews.com.br\/?p=7948"},"author":{"name":"Inclusive","@id":"https:\/\/inclusivenews.com.br\/#\/schema\/person\/0dab492019871b94abb65fa8ee7c8c44"},"headline":"Semin\u00e1rio Nacional Escuta de Crian\u00e7as e Adolescentes Envolvidos em Situa\u00e7\u00e3o de Viol\u00eancia e a Rede de Prote\u00e7\u00e3o transferido para os dias 7 e 8 de agosto","datePublished":"2009-06-02T16:01:40+00:00","mainEntityOfPage":{"@id":"https:\/\/inclusivenews.com.br\/?p=7948"},"wordCount":286,"commentCount":0,"publisher":{"@id":"https:\/\/inclusivenews.com.br\/#organization"},"image":{"@id":"https:\/\/inclusivenews.com.br\/?p=7948#primaryimage"},"thumbnailUrl":"http:\/\/www.pol.org.br\/pol\/export\/sites\/default\/pol\/destaques\/destaquesImagens\/seminarioescuta.jpg","articleSection":["Cursos e eventos","NOT\u00cdCIAS"],"inLanguage":"pt-PT","potentialAction":[{"@type":"CommentAction","name":"Comment","target":["https:\/\/inclusivenews.com.br\/?p=7948#respond"]}]},{"@type":"WebPage","@id":"https:\/\/inclusivenews.com.br\/?p=7948","url":"https:\/\/inclusivenews.com.br\/?p=7948","name":"Semin\u00e1rio Nacional Escuta de Crian\u00e7as e Adolescentes Envolvidos em Situa\u00e7\u00e3o de Viol\u00eancia e a Rede de Prote\u00e7\u00e3o transferido para os dias 7 e 8 de agosto -","isPartOf":{"@id":"https:\/\/inclusivenews.com.br\/#website"},"primaryImageOfPage":{"@id":"https:\/\/inclusivenews.com.br\/?p=7948#primaryimage"},"image":{"@id":"https:\/\/inclusivenews.com.br\/?p=7948#primaryimage"},"thumbnailUrl":"http:\/\/www.pol.org.br\/pol\/export\/sites\/default\/pol\/destaques\/destaquesImagens\/seminarioescuta.jpg","datePublished":"2009-06-02T16:01:40+00:00","breadcrumb":{"@id":"https:\/\/inclusivenews.com.br\/?p=7948#breadcrumb"},"inLanguage":"pt-PT","potentialAction":[{"@type":"ReadAction","target":["https:\/\/inclusivenews.com.br\/?p=7948"]}]},{"@type":"ImageObject","inLanguage":"pt-PT","@id":"https:\/\/inclusivenews.com.br\/?p=7948#primaryimage","url":"http:\/\/www.pol.org.br\/pol\/export\/sites\/default\/pol\/destaques\/destaquesImagens\/seminarioescuta.jpg","contentUrl":"http:\/\/www.pol.org.br\/pol\/export\/sites\/default\/pol\/destaques\/destaquesImagens\/seminarioescuta.jpg"},{"@type":"BreadcrumbList","@id":"https:\/\/inclusivenews.com.br\/?p=7948#breadcrumb","itemListElement":[{"@type":"ListItem","position":1,"name":"In\u00edcio","item":"https:\/\/inclusivenews.com.br\/"},{"@type":"ListItem","position":2,"name":"Semin\u00e1rio Nacional Escuta de Crian\u00e7as e Adolescentes Envolvidos em Situa\u00e7\u00e3o de Viol\u00eancia e a Rede de Prote\u00e7\u00e3o transferido para os dias 7 e 8 de agosto"}]},{"@type":"WebSite","@id":"https:\/\/inclusivenews.com.br\/#website","url":"https:\/\/inclusivenews.com.br\/","name":"Inclusive News","description":"Inclusive News","publisher":{"@id":"https:\/\/inclusivenews.com.br\/#organization"},"potentialAction":[{"@type":"SearchAction","target":{"@type":"EntryPoint","urlTemplate":"https:\/\/inclusivenews.com.br\/?s={search_term_string}"},"query-input":{"@type":"PropertyValueSpecification","valueRequired":true,"valueName":"search_term_string"}}],"inLanguage":"pt-PT"},{"@type":"Organization","@id":"https:\/\/inclusivenews.com.br\/#organization","name":"Inclusive - inclus\u00e3o e cidadania","url":"https:\/\/inclusivenews.com.br\/","logo":{"@type":"ImageObject","inLanguage":"pt-PT","@id":"https:\/\/inclusivenews.com.br\/#\/schema\/logo\/image\/","url":"https:\/\/inclusivenews.com.br\/wp-content\/uploads\/2024\/03\/@grandesite.png","contentUrl":"https:\/\/inclusivenews.com.br\/wp-content\/uploads\/2024\/03\/@grandesite.png","width":1080,"height":1080,"caption":"Inclusive - inclus\u00e3o e cidadania"},"image":{"@id":"https:\/\/inclusivenews.com.br\/#\/schema\/logo\/image\/"},"sameAs":["https:\/\/www.facebook.com\/agenciainclusive\/","https:\/\/www.instagram.com\/newsinclusive\/"]},{"@type":"Person","@id":"https:\/\/inclusivenews.com.br\/#\/schema\/person\/0dab492019871b94abb65fa8ee7c8c44","name":"Inclusive","image":{"@type":"ImageObject","inLanguage":"pt-PT","@id":"https:\/\/secure.gravatar.com\/avatar\/?s=96&d=mm&r=g","url":"https:\/\/secure.gravatar.com\/avatar\/?s=96&d=mm&r=g","contentUrl":"https:\/\/secure.gravatar.com\/avatar\/?s=96&d=mm&r=g","caption":"Inclusive"},"url":"https:\/\/inclusivenews.com.br\/?author=2"}]}},"_links":{"self":[{"href":"https:\/\/inclusivenews.com.br\/index.php?rest_route=\/wp\/v2\/posts\/7948","targetHints":{"allow":["GET"]}}],"collection":[{"href":"https:\/\/inclusivenews.com.br\/index.php?rest_route=\/wp\/v2\/posts"}],"about":[{"href":"https:\/\/inclusivenews.com.br\/index.php?rest_route=\/wp\/v2\/types\/post"}],"author":[{"embeddable":true,"href":"https:\/\/inclusivenews.com.br\/index.php?rest_route=\/wp\/v2\/users\/2"}],"replies":[{"embeddable":true,"href":"https:\/\/inclusivenews.com.br\/index.php?rest_route=%2Fwp%2Fv2%2Fcomments&post=7948"}],"version-history":[{"count":0,"href":"https:\/\/inclusivenews.com.br\/index.php?rest_route=\/wp\/v2\/posts\/7948\/revisions"}],"wp:attachment":[{"href":"https:\/\/inclusivenews.com.br\/index.php?rest_route=%2Fwp%2Fv2%2Fmedia&parent=7948"}],"wp:term":[{"taxonomy":"category","embeddable":true,"href":"https:\/\/inclusivenews.com.br\/index.php?rest_route=%2Fwp%2Fv2%2Fcategories&post=7948"},{"taxonomy":"post_tag","embeddable":true,"href":"https:\/\/inclusivenews.com.br\/index.php?rest_route=%2Fwp%2Fv2%2Ftags&post=7948"}],"curies":[{"name":"wp","href":"https:\/\/api.w.org\/{rel}","templated":true}]}}