{"id":7950,"date":"2009-06-02T12:44:48","date_gmt":"2009-06-02T12:44:48","guid":{"rendered":"http:\/\/agenciainclusive.wordpress.com\/?p=7950"},"modified":"2009-06-02T12:44:48","modified_gmt":"2009-06-02T12:44:48","slug":"liminar-que-suspendeu-lei-das-cotas-so-entrara-em-vigor-em-2010","status":"publish","type":"post","link":"https:\/\/inclusivenews.com.br\/?p=7950","title":{"rendered":"Liminar que suspendeu Lei das Cotas s\u00f3 entrar\u00e1 em vigor em 2010"},"content":{"rendered":"<p>os magistrados entenderam que n\u00e3o haveria tempo h\u00e1bil para que fossem realizadas as altera\u00e7\u00f5es no edital do concurso, cujas provas est\u00e3o marcadas para o dia 26 de junho<\/p>\n<p>O \u00d3rg\u00e3o Especial do Tribunal de Justi\u00e7a do Rio apreciou hoje, dia 1\u00ba, o pedido de reconsidera\u00e7\u00e3o da liminar que suspendeu as cotas para ingresso nas universidades estaduais fluminenses. Os desembargadores decidiram, por maioria de votos, que a aplica\u00e7\u00e3o dos efeitos da liminar concedida na \u00faltima sess\u00e3o s\u00f3 passar\u00e1 a vigorar a partir do vestibular de 2010.<\/p>\n<p>Atendendo a pedido do Estado do Rio de Janeiro e da Universidade do Estado do Rio de Janeiro (UERJ), os magistrados entenderam que n\u00e3o haveria tempo h\u00e1bil para que fossem realizadas as altera\u00e7\u00f5es no edital do concurso, cujas provas est\u00e3o marcadas para o dia 26 de junho e j\u00e1 conta com aproximadamente 70 mil inscritos. &#8220;Temos que observar os efeitos sociais, pol\u00edticos e econ\u00f4micos de nossas decis\u00f5es. N\u00e3o podemos aplicar a efic\u00e1cia da liminar em um vestibular j\u00e1 em andamento. Isso corresponde a um perigo iminente \u00e0 seguran\u00e7a jur\u00eddica dos estudantes envolvidos no certame&#8221;, explicou o relator do processo, desembargador S\u00e9rgio Cavalieri.<\/p>\n<p>Vencido em seu voto, o desembargador Murta Ribeiro divergiu de seus colegas. Para o magistrado, que defendia a efic\u00e1cia imediata da liminar, n\u00e3o haveria qualquer impedimento para a manuten\u00e7\u00e3o do edital vigente. &#8220;A 1\u00aa fase do concurso, que ocorrer\u00e1 no m\u00eas de junho, \u00e9 universal. A escolha se o estudante quer ou n\u00e3o disputar uma vaga pelo sistema de cotas s\u00f3 acontecer\u00e1 em setembro. N\u00e3o h\u00e1 motivos para modificarmos a efic\u00e1cia da liminar&#8221;, esclareceu o desembargador.<\/p>\n<p>A liminar foi concedida no \u00faltimo dia 25, tamb\u00e9m por maioria de votos. A decis\u00e3o atendeu um pedido do deputado estadual Fl\u00e1vio Nantes Bolsonaro, que prop\u00f4s a\u00e7\u00e3o direta de inconstitucionalidade contra a lei 5.346, de autoria da Assembl\u00e9ia Legislativa do Estado. O m\u00e9rito da a\u00e7\u00e3o ainda ser\u00e1 julgado.<\/p>\n<p>Fonte: <a href=\"http:\/\/srv85.tj.rj.gov.br\/publicador\/noticiasweb.do?tipo=1&amp;noticia=\/publicador\/exibirnoticia.do?acao=exibirnoticia&amp;ultimasNoticias=14629&amp;classeNoticia=2\">http:\/\/srv85.tj.rj.gov.br\/publicador\/noticiasweb.do?tipo=1&amp;noticia=\/publicador\/exibirnoticia.do?acao=exibirnoticia&amp;ultimasNoticias=14629&amp;classeNoticia=2<\/a><\/p>\n","protected":false},"excerpt":{"rendered":"<p>os magistrados entenderam que n\u00e3o haveria tempo h\u00e1bil para que fossem realizadas as altera\u00e7\u00f5es no edital do concurso, cujas provas est\u00e3o marcadas para o dia 26 de junho O \u00d3rg\u00e3o Especial do Tribunal de Justi\u00e7a do Rio apreciou hoje, dia 1\u00ba, o pedido de reconsidera\u00e7\u00e3o da liminar que suspendeu as cotas para ingresso nas universidades [&hellip;]<\/p>\n","protected":false},"author":2,"featured_media":0,"comment_status":"open","ping_status":"open","sticky":false,"template":"","format":"standard","meta":{"site-container-style":"default","site-container-layout":"default","site-sidebar-layout":"default","disable-article-header":"default","disable-site-header":"default","disable-site-footer":"default","disable-content-area-spacing":"default","footnotes":""},"categories":[4],"tags":[],"class_list":["post-7950","post","type-post","status-publish","format-standard","hentry","category-noticias"],"yoast_head":"<!-- This site is optimized with the Yoast SEO plugin v27.4 - https:\/\/yoast.com\/product\/yoast-seo-wordpress\/ -->\n<title>Liminar que suspendeu Lei das Cotas s\u00f3 entrar\u00e1 em vigor em 2010 -<\/title>\n<meta name=\"robots\" content=\"index, follow, max-snippet:-1, max-image-preview:large, max-video-preview:-1\" \/>\n<link rel=\"canonical\" href=\"https:\/\/inclusivenews.com.br\/?p=7950\" \/>\n<meta property=\"og:locale\" content=\"pt_PT\" \/>\n<meta property=\"og:type\" content=\"article\" \/>\n<meta property=\"og:title\" content=\"Liminar que suspendeu Lei das Cotas s\u00f3 entrar\u00e1 em vigor em 2010 -\" \/>\n<meta property=\"og:description\" content=\"os magistrados entenderam que n\u00e3o haveria tempo h\u00e1bil para que fossem realizadas as altera\u00e7\u00f5es no edital do concurso, cujas provas est\u00e3o marcadas para o dia 26 de junho O \u00d3rg\u00e3o Especial do Tribunal de Justi\u00e7a do Rio apreciou hoje, dia 1\u00ba, o pedido de reconsidera\u00e7\u00e3o da liminar que suspendeu as cotas para ingresso nas universidades [&hellip;]\" \/>\n<meta property=\"og:url\" content=\"https:\/\/inclusivenews.com.br\/?p=7950\" \/>\n<meta property=\"article:publisher\" content=\"https:\/\/www.facebook.com\/agenciainclusive\/\" \/>\n<meta property=\"article:published_time\" content=\"2009-06-02T12:44:48+00:00\" \/>\n<meta name=\"author\" content=\"Inclusive\" \/>\n<meta name=\"twitter:card\" content=\"summary_large_image\" \/>\n<meta name=\"twitter:label1\" content=\"Escrito por\" \/>\n\t<meta name=\"twitter:data1\" content=\"Inclusive\" \/>\n\t<meta name=\"twitter:label2\" content=\"Tempo estimado de leitura\" \/>\n\t<meta name=\"twitter:data2\" content=\"2 minutos\" \/>\n<script type=\"application\/ld+json\" class=\"yoast-schema-graph\">{\"@context\":\"https:\\\/\\\/schema.org\",\"@graph\":[{\"@type\":\"Article\",\"@id\":\"https:\\\/\\\/inclusivenews.com.br\\\/?p=7950#article\",\"isPartOf\":{\"@id\":\"https:\\\/\\\/inclusivenews.com.br\\\/?p=7950\"},\"author\":{\"name\":\"Inclusive\",\"@id\":\"https:\\\/\\\/inclusivenews.com.br\\\/#\\\/schema\\\/person\\\/0dab492019871b94abb65fa8ee7c8c44\"},\"headline\":\"Liminar que suspendeu Lei das Cotas s\u00f3 entrar\u00e1 em vigor em 2010\",\"datePublished\":\"2009-06-02T12:44:48+00:00\",\"mainEntityOfPage\":{\"@id\":\"https:\\\/\\\/inclusivenews.com.br\\\/?p=7950\"},\"wordCount\":370,\"commentCount\":0,\"publisher\":{\"@id\":\"https:\\\/\\\/inclusivenews.com.br\\\/#organization\"},\"articleSection\":[\"NOT\u00cdCIAS\"],\"inLanguage\":\"pt-PT\",\"potentialAction\":[{\"@type\":\"CommentAction\",\"name\":\"Comment\",\"target\":[\"https:\\\/\\\/inclusivenews.com.br\\\/?p=7950#respond\"]}]},{\"@type\":\"WebPage\",\"@id\":\"https:\\\/\\\/inclusivenews.com.br\\\/?p=7950\",\"url\":\"https:\\\/\\\/inclusivenews.com.br\\\/?p=7950\",\"name\":\"Liminar que suspendeu Lei das Cotas s\u00f3 entrar\u00e1 em vigor em 2010 -\",\"isPartOf\":{\"@id\":\"https:\\\/\\\/inclusivenews.com.br\\\/#website\"},\"datePublished\":\"2009-06-02T12:44:48+00:00\",\"breadcrumb\":{\"@id\":\"https:\\\/\\\/inclusivenews.com.br\\\/?p=7950#breadcrumb\"},\"inLanguage\":\"pt-PT\",\"potentialAction\":[{\"@type\":\"ReadAction\",\"target\":[\"https:\\\/\\\/inclusivenews.com.br\\\/?p=7950\"]}]},{\"@type\":\"BreadcrumbList\",\"@id\":\"https:\\\/\\\/inclusivenews.com.br\\\/?p=7950#breadcrumb\",\"itemListElement\":[{\"@type\":\"ListItem\",\"position\":1,\"name\":\"In\u00edcio\",\"item\":\"https:\\\/\\\/inclusivenews.com.br\\\/\"},{\"@type\":\"ListItem\",\"position\":2,\"name\":\"Liminar que suspendeu Lei das Cotas s\u00f3 entrar\u00e1 em vigor em 2010\"}]},{\"@type\":\"WebSite\",\"@id\":\"https:\\\/\\\/inclusivenews.com.br\\\/#website\",\"url\":\"https:\\\/\\\/inclusivenews.com.br\\\/\",\"name\":\"Inclusive News\",\"description\":\"Inclusive News\",\"publisher\":{\"@id\":\"https:\\\/\\\/inclusivenews.com.br\\\/#organization\"},\"potentialAction\":[{\"@type\":\"SearchAction\",\"target\":{\"@type\":\"EntryPoint\",\"urlTemplate\":\"https:\\\/\\\/inclusivenews.com.br\\\/?s={search_term_string}\"},\"query-input\":{\"@type\":\"PropertyValueSpecification\",\"valueRequired\":true,\"valueName\":\"search_term_string\"}}],\"inLanguage\":\"pt-PT\"},{\"@type\":\"Organization\",\"@id\":\"https:\\\/\\\/inclusivenews.com.br\\\/#organization\",\"name\":\"Inclusive - inclus\u00e3o e cidadania\",\"url\":\"https:\\\/\\\/inclusivenews.com.br\\\/\",\"logo\":{\"@type\":\"ImageObject\",\"inLanguage\":\"pt-PT\",\"@id\":\"https:\\\/\\\/inclusivenews.com.br\\\/#\\\/schema\\\/logo\\\/image\\\/\",\"url\":\"https:\\\/\\\/inclusivenews.com.br\\\/wp-content\\\/uploads\\\/2024\\\/03\\\/@grandesite.png\",\"contentUrl\":\"https:\\\/\\\/inclusivenews.com.br\\\/wp-content\\\/uploads\\\/2024\\\/03\\\/@grandesite.png\",\"width\":1080,\"height\":1080,\"caption\":\"Inclusive - inclus\u00e3o e cidadania\"},\"image\":{\"@id\":\"https:\\\/\\\/inclusivenews.com.br\\\/#\\\/schema\\\/logo\\\/image\\\/\"},\"sameAs\":[\"https:\\\/\\\/www.facebook.com\\\/agenciainclusive\\\/\",\"https:\\\/\\\/www.instagram.com\\\/newsinclusive\\\/\"]},{\"@type\":\"Person\",\"@id\":\"https:\\\/\\\/inclusivenews.com.br\\\/#\\\/schema\\\/person\\\/0dab492019871b94abb65fa8ee7c8c44\",\"name\":\"Inclusive\",\"image\":{\"@type\":\"ImageObject\",\"inLanguage\":\"pt-PT\",\"@id\":\"https:\\\/\\\/secure.gravatar.com\\\/avatar\\\/?s=96&d=mm&r=g\",\"url\":\"https:\\\/\\\/secure.gravatar.com\\\/avatar\\\/?s=96&d=mm&r=g\",\"contentUrl\":\"https:\\\/\\\/secure.gravatar.com\\\/avatar\\\/?s=96&d=mm&r=g\",\"caption\":\"Inclusive\"},\"url\":\"https:\\\/\\\/inclusivenews.com.br\\\/?author=2\"}]}<\/script>\n<!-- \/ Yoast SEO plugin. -->","yoast_head_json":{"title":"Liminar que suspendeu Lei das Cotas s\u00f3 entrar\u00e1 em vigor em 2010 -","robots":{"index":"index","follow":"follow","max-snippet":"max-snippet:-1","max-image-preview":"max-image-preview:large","max-video-preview":"max-video-preview:-1"},"canonical":"https:\/\/inclusivenews.com.br\/?p=7950","og_locale":"pt_PT","og_type":"article","og_title":"Liminar que suspendeu Lei das Cotas s\u00f3 entrar\u00e1 em vigor em 2010 -","og_description":"os magistrados entenderam que n\u00e3o haveria tempo h\u00e1bil para que fossem realizadas as altera\u00e7\u00f5es no edital do concurso, cujas provas est\u00e3o marcadas para o dia 26 de junho O \u00d3rg\u00e3o Especial do Tribunal de Justi\u00e7a do Rio apreciou hoje, dia 1\u00ba, o pedido de reconsidera\u00e7\u00e3o da liminar que suspendeu as cotas para ingresso nas universidades [&hellip;]","og_url":"https:\/\/inclusivenews.com.br\/?p=7950","article_publisher":"https:\/\/www.facebook.com\/agenciainclusive\/","article_published_time":"2009-06-02T12:44:48+00:00","author":"Inclusive","twitter_card":"summary_large_image","twitter_misc":{"Escrito por":"Inclusive","Tempo estimado de leitura":"2 minutos"},"schema":{"@context":"https:\/\/schema.org","@graph":[{"@type":"Article","@id":"https:\/\/inclusivenews.com.br\/?p=7950#article","isPartOf":{"@id":"https:\/\/inclusivenews.com.br\/?p=7950"},"author":{"name":"Inclusive","@id":"https:\/\/inclusivenews.com.br\/#\/schema\/person\/0dab492019871b94abb65fa8ee7c8c44"},"headline":"Liminar que suspendeu Lei das Cotas s\u00f3 entrar\u00e1 em vigor em 2010","datePublished":"2009-06-02T12:44:48+00:00","mainEntityOfPage":{"@id":"https:\/\/inclusivenews.com.br\/?p=7950"},"wordCount":370,"commentCount":0,"publisher":{"@id":"https:\/\/inclusivenews.com.br\/#organization"},"articleSection":["NOT\u00cdCIAS"],"inLanguage":"pt-PT","potentialAction":[{"@type":"CommentAction","name":"Comment","target":["https:\/\/inclusivenews.com.br\/?p=7950#respond"]}]},{"@type":"WebPage","@id":"https:\/\/inclusivenews.com.br\/?p=7950","url":"https:\/\/inclusivenews.com.br\/?p=7950","name":"Liminar que suspendeu Lei das Cotas s\u00f3 entrar\u00e1 em vigor em 2010 -","isPartOf":{"@id":"https:\/\/inclusivenews.com.br\/#website"},"datePublished":"2009-06-02T12:44:48+00:00","breadcrumb":{"@id":"https:\/\/inclusivenews.com.br\/?p=7950#breadcrumb"},"inLanguage":"pt-PT","potentialAction":[{"@type":"ReadAction","target":["https:\/\/inclusivenews.com.br\/?p=7950"]}]},{"@type":"BreadcrumbList","@id":"https:\/\/inclusivenews.com.br\/?p=7950#breadcrumb","itemListElement":[{"@type":"ListItem","position":1,"name":"In\u00edcio","item":"https:\/\/inclusivenews.com.br\/"},{"@type":"ListItem","position":2,"name":"Liminar que suspendeu Lei das Cotas s\u00f3 entrar\u00e1 em vigor em 2010"}]},{"@type":"WebSite","@id":"https:\/\/inclusivenews.com.br\/#website","url":"https:\/\/inclusivenews.com.br\/","name":"Inclusive News","description":"Inclusive News","publisher":{"@id":"https:\/\/inclusivenews.com.br\/#organization"},"potentialAction":[{"@type":"SearchAction","target":{"@type":"EntryPoint","urlTemplate":"https:\/\/inclusivenews.com.br\/?s={search_term_string}"},"query-input":{"@type":"PropertyValueSpecification","valueRequired":true,"valueName":"search_term_string"}}],"inLanguage":"pt-PT"},{"@type":"Organization","@id":"https:\/\/inclusivenews.com.br\/#organization","name":"Inclusive - inclus\u00e3o e cidadania","url":"https:\/\/inclusivenews.com.br\/","logo":{"@type":"ImageObject","inLanguage":"pt-PT","@id":"https:\/\/inclusivenews.com.br\/#\/schema\/logo\/image\/","url":"https:\/\/inclusivenews.com.br\/wp-content\/uploads\/2024\/03\/@grandesite.png","contentUrl":"https:\/\/inclusivenews.com.br\/wp-content\/uploads\/2024\/03\/@grandesite.png","width":1080,"height":1080,"caption":"Inclusive - inclus\u00e3o e cidadania"},"image":{"@id":"https:\/\/inclusivenews.com.br\/#\/schema\/logo\/image\/"},"sameAs":["https:\/\/www.facebook.com\/agenciainclusive\/","https:\/\/www.instagram.com\/newsinclusive\/"]},{"@type":"Person","@id":"https:\/\/inclusivenews.com.br\/#\/schema\/person\/0dab492019871b94abb65fa8ee7c8c44","name":"Inclusive","image":{"@type":"ImageObject","inLanguage":"pt-PT","@id":"https:\/\/secure.gravatar.com\/avatar\/?s=96&d=mm&r=g","url":"https:\/\/secure.gravatar.com\/avatar\/?s=96&d=mm&r=g","contentUrl":"https:\/\/secure.gravatar.com\/avatar\/?s=96&d=mm&r=g","caption":"Inclusive"},"url":"https:\/\/inclusivenews.com.br\/?author=2"}]}},"_links":{"self":[{"href":"https:\/\/inclusivenews.com.br\/index.php?rest_route=\/wp\/v2\/posts\/7950","targetHints":{"allow":["GET"]}}],"collection":[{"href":"https:\/\/inclusivenews.com.br\/index.php?rest_route=\/wp\/v2\/posts"}],"about":[{"href":"https:\/\/inclusivenews.com.br\/index.php?rest_route=\/wp\/v2\/types\/post"}],"author":[{"embeddable":true,"href":"https:\/\/inclusivenews.com.br\/index.php?rest_route=\/wp\/v2\/users\/2"}],"replies":[{"embeddable":true,"href":"https:\/\/inclusivenews.com.br\/index.php?rest_route=%2Fwp%2Fv2%2Fcomments&post=7950"}],"version-history":[{"count":0,"href":"https:\/\/inclusivenews.com.br\/index.php?rest_route=\/wp\/v2\/posts\/7950\/revisions"}],"wp:attachment":[{"href":"https:\/\/inclusivenews.com.br\/index.php?rest_route=%2Fwp%2Fv2%2Fmedia&parent=7950"}],"wp:term":[{"taxonomy":"category","embeddable":true,"href":"https:\/\/inclusivenews.com.br\/index.php?rest_route=%2Fwp%2Fv2%2Fcategories&post=7950"},{"taxonomy":"post_tag","embeddable":true,"href":"https:\/\/inclusivenews.com.br\/index.php?rest_route=%2Fwp%2Fv2%2Ftags&post=7950"}],"curies":[{"name":"wp","href":"https:\/\/api.w.org\/{rel}","templated":true}]}}