{"id":7952,"date":"2009-06-02T12:52:43","date_gmt":"2009-06-02T12:52:43","guid":{"rendered":"http:\/\/agenciainclusive.wordpress.com\/?p=7952"},"modified":"2009-06-02T12:52:43","modified_gmt":"2009-06-02T12:52:43","slug":"une-faz-manifestacao-no-rio-em-defesa-da-lei-de-cotas","status":"publish","type":"post","link":"https:\/\/inclusivenews.com.br\/?p=7952","title":{"rendered":"UNE faz manifesta\u00e7\u00e3o no Rio em defesa da Lei de Cotas"},"content":{"rendered":"<figure id=\"attachment_7953\" aria-describedby=\"caption-attachment-7953\" style=\"width: 89px\" class=\"wp-caption alignleft\"><a href=\"http:\/\/agenciainclusive.files.wordpress.com\/2009\/06\/une.gif\"><img loading=\"lazy\" decoding=\"async\" class=\"size-full wp-image-7953\" title=\"une\" src=\"http:\/\/agenciainclusive.files.wordpress.com\/2009\/06\/une.gif\" alt=\"une\" width=\"89\" height=\"75\" \/><\/a><figcaption id=\"caption-attachment-7953\" class=\"wp-caption-text\">Descri\u00e7\u00e3o do logotipo: mapa do Brasil, dentro de um c\u00edrculo, com a sigla UNE (Uni\u00e3o Nacional dos Estudantes) escrita em seu centro.<\/figcaption><\/figure>\n<p><a href=\"http:\/\/agenciainclusive.files.wordpress.com\/2009\/06\/une.gif\"><\/a>Rio &#8211; A Uni\u00e3o Nacional dos Estudantes (UNE) promove hoje (1\u00ba), \u00e0s 14h, manifesta\u00e7\u00e3o em defesa da Lei de Cotas no Rio de Janeiro.<\/p>\n<p>O ato ser\u00e1 realizado em frente ao Tribunal de Justi\u00e7a, no momento em que os magistrados estar\u00e3o decidindo se mant\u00eam o sistema de cotas para ingresso nas universidade p\u00fablicas do estado j\u00e1 no vestibular deste ano.<\/p>\n<p>A Lei de Cotas foi suspensa no \u00faltimo dia 25 pelo \u00d3rg\u00e3o Especial do Tribunal de Justi\u00e7a do Rio ao conceder liminar \u00e0 a\u00e7\u00e3o proposta pelo deputado Fl\u00e1vio Bolsonaro (PP) pela inconstitucionalidade da Lei estadual 5.346.<\/p>\n<p>Fonte: <a href=\"http:\/\/www.agenciabrasil.gov.br\/noticias\/2009\/06\/01\/materia.2009-06-01.4608782566\/view\">http:\/\/www.agenciabrasil.gov.br\/noticias\/2009\/06\/01\/materia.2009-06-01.4608782566\/view<\/a><\/p>\n","protected":false},"excerpt":{"rendered":"<p>Rio &#8211; A Uni\u00e3o Nacional dos Estudantes (UNE) promove hoje (1\u00ba), \u00e0s 14h, manifesta\u00e7\u00e3o em defesa da Lei de Cotas no Rio de Janeiro. O ato ser\u00e1 realizado em frente ao Tribunal de Justi\u00e7a, no momento em que os magistrados estar\u00e3o decidindo se mant\u00eam o sistema de cotas para ingresso nas universidade p\u00fablicas do estado [&hellip;]<\/p>\n","protected":false},"author":2,"featured_media":0,"comment_status":"open","ping_status":"open","sticky":false,"template":"","format":"standard","meta":{"site-container-style":"default","site-container-layout":"default","site-sidebar-layout":"default","disable-article-header":"default","disable-site-header":"default","disable-site-footer":"default","disable-content-area-spacing":"default","footnotes":""},"categories":[4],"tags":[],"class_list":["post-7952","post","type-post","status-publish","format-standard","hentry","category-noticias"],"yoast_head":"<!-- This site is optimized with the Yoast SEO plugin v27.4 - https:\/\/yoast.com\/product\/yoast-seo-wordpress\/ -->\n<title>UNE faz manifesta\u00e7\u00e3o no Rio em defesa da Lei de Cotas -<\/title>\n<meta name=\"robots\" content=\"index, follow, max-snippet:-1, max-image-preview:large, max-video-preview:-1\" \/>\n<link rel=\"canonical\" href=\"https:\/\/inclusivenews.com.br\/?p=7952\" \/>\n<meta property=\"og:locale\" content=\"pt_PT\" \/>\n<meta property=\"og:type\" content=\"article\" \/>\n<meta property=\"og:title\" content=\"UNE faz manifesta\u00e7\u00e3o no Rio em defesa da Lei de Cotas -\" \/>\n<meta property=\"og:description\" content=\"Rio &#8211; A Uni\u00e3o Nacional dos Estudantes (UNE) promove hoje (1\u00ba), \u00e0s 14h, manifesta\u00e7\u00e3o em defesa da Lei de Cotas no Rio de Janeiro. O ato ser\u00e1 realizado em frente ao Tribunal de Justi\u00e7a, no momento em que os magistrados estar\u00e3o decidindo se mant\u00eam o sistema de cotas para ingresso nas universidade p\u00fablicas do estado [&hellip;]\" \/>\n<meta property=\"og:url\" content=\"https:\/\/inclusivenews.com.br\/?p=7952\" \/>\n<meta property=\"article:publisher\" content=\"https:\/\/www.facebook.com\/agenciainclusive\/\" \/>\n<meta property=\"article:published_time\" content=\"2009-06-02T12:52:43+00:00\" \/>\n<meta property=\"og:image\" content=\"http:\/\/agenciainclusive.files.wordpress.com\/2009\/06\/une.gif\" \/>\n<meta name=\"author\" content=\"Inclusive\" \/>\n<meta name=\"twitter:card\" content=\"summary_large_image\" \/>\n<meta name=\"twitter:label1\" content=\"Escrito por\" \/>\n\t<meta name=\"twitter:data1\" content=\"Inclusive\" \/>\n\t<meta name=\"twitter:label2\" content=\"Tempo estimado de leitura\" \/>\n\t<meta name=\"twitter:data2\" content=\"1 minuto\" \/>\n<script type=\"application\/ld+json\" class=\"yoast-schema-graph\">{\"@context\":\"https:\\\/\\\/schema.org\",\"@graph\":[{\"@type\":\"Article\",\"@id\":\"https:\\\/\\\/inclusivenews.com.br\\\/?p=7952#article\",\"isPartOf\":{\"@id\":\"https:\\\/\\\/inclusivenews.com.br\\\/?p=7952\"},\"author\":{\"name\":\"Inclusive\",\"@id\":\"https:\\\/\\\/inclusivenews.com.br\\\/#\\\/schema\\\/person\\\/0dab492019871b94abb65fa8ee7c8c44\"},\"headline\":\"UNE faz manifesta\u00e7\u00e3o no Rio em defesa da Lei de Cotas\",\"datePublished\":\"2009-06-02T12:52:43+00:00\",\"mainEntityOfPage\":{\"@id\":\"https:\\\/\\\/inclusivenews.com.br\\\/?p=7952\"},\"wordCount\":158,\"commentCount\":0,\"publisher\":{\"@id\":\"https:\\\/\\\/inclusivenews.com.br\\\/#organization\"},\"image\":{\"@id\":\"https:\\\/\\\/inclusivenews.com.br\\\/?p=7952#primaryimage\"},\"thumbnailUrl\":\"http:\\\/\\\/agenciainclusive.files.wordpress.com\\\/2009\\\/06\\\/une.gif\",\"articleSection\":[\"NOT\u00cdCIAS\"],\"inLanguage\":\"pt-PT\",\"potentialAction\":[{\"@type\":\"CommentAction\",\"name\":\"Comment\",\"target\":[\"https:\\\/\\\/inclusivenews.com.br\\\/?p=7952#respond\"]}]},{\"@type\":\"WebPage\",\"@id\":\"https:\\\/\\\/inclusivenews.com.br\\\/?p=7952\",\"url\":\"https:\\\/\\\/inclusivenews.com.br\\\/?p=7952\",\"name\":\"UNE faz manifesta\u00e7\u00e3o no Rio em defesa da Lei de Cotas -\",\"isPartOf\":{\"@id\":\"https:\\\/\\\/inclusivenews.com.br\\\/#website\"},\"primaryImageOfPage\":{\"@id\":\"https:\\\/\\\/inclusivenews.com.br\\\/?p=7952#primaryimage\"},\"image\":{\"@id\":\"https:\\\/\\\/inclusivenews.com.br\\\/?p=7952#primaryimage\"},\"thumbnailUrl\":\"http:\\\/\\\/agenciainclusive.files.wordpress.com\\\/2009\\\/06\\\/une.gif\",\"datePublished\":\"2009-06-02T12:52:43+00:00\",\"breadcrumb\":{\"@id\":\"https:\\\/\\\/inclusivenews.com.br\\\/?p=7952#breadcrumb\"},\"inLanguage\":\"pt-PT\",\"potentialAction\":[{\"@type\":\"ReadAction\",\"target\":[\"https:\\\/\\\/inclusivenews.com.br\\\/?p=7952\"]}]},{\"@type\":\"ImageObject\",\"inLanguage\":\"pt-PT\",\"@id\":\"https:\\\/\\\/inclusivenews.com.br\\\/?p=7952#primaryimage\",\"url\":\"http:\\\/\\\/agenciainclusive.files.wordpress.com\\\/2009\\\/06\\\/une.gif\",\"contentUrl\":\"http:\\\/\\\/agenciainclusive.files.wordpress.com\\\/2009\\\/06\\\/une.gif\"},{\"@type\":\"BreadcrumbList\",\"@id\":\"https:\\\/\\\/inclusivenews.com.br\\\/?p=7952#breadcrumb\",\"itemListElement\":[{\"@type\":\"ListItem\",\"position\":1,\"name\":\"In\u00edcio\",\"item\":\"https:\\\/\\\/inclusivenews.com.br\\\/\"},{\"@type\":\"ListItem\",\"position\":2,\"name\":\"UNE faz manifesta\u00e7\u00e3o no Rio em defesa da Lei de Cotas\"}]},{\"@type\":\"WebSite\",\"@id\":\"https:\\\/\\\/inclusivenews.com.br\\\/#website\",\"url\":\"https:\\\/\\\/inclusivenews.com.br\\\/\",\"name\":\"Inclusive News\",\"description\":\"Inclusive News\",\"publisher\":{\"@id\":\"https:\\\/\\\/inclusivenews.com.br\\\/#organization\"},\"potentialAction\":[{\"@type\":\"SearchAction\",\"target\":{\"@type\":\"EntryPoint\",\"urlTemplate\":\"https:\\\/\\\/inclusivenews.com.br\\\/?s={search_term_string}\"},\"query-input\":{\"@type\":\"PropertyValueSpecification\",\"valueRequired\":true,\"valueName\":\"search_term_string\"}}],\"inLanguage\":\"pt-PT\"},{\"@type\":\"Organization\",\"@id\":\"https:\\\/\\\/inclusivenews.com.br\\\/#organization\",\"name\":\"Inclusive - inclus\u00e3o e cidadania\",\"url\":\"https:\\\/\\\/inclusivenews.com.br\\\/\",\"logo\":{\"@type\":\"ImageObject\",\"inLanguage\":\"pt-PT\",\"@id\":\"https:\\\/\\\/inclusivenews.com.br\\\/#\\\/schema\\\/logo\\\/image\\\/\",\"url\":\"https:\\\/\\\/inclusivenews.com.br\\\/wp-content\\\/uploads\\\/2024\\\/03\\\/@grandesite.png\",\"contentUrl\":\"https:\\\/\\\/inclusivenews.com.br\\\/wp-content\\\/uploads\\\/2024\\\/03\\\/@grandesite.png\",\"width\":1080,\"height\":1080,\"caption\":\"Inclusive - inclus\u00e3o e cidadania\"},\"image\":{\"@id\":\"https:\\\/\\\/inclusivenews.com.br\\\/#\\\/schema\\\/logo\\\/image\\\/\"},\"sameAs\":[\"https:\\\/\\\/www.facebook.com\\\/agenciainclusive\\\/\",\"https:\\\/\\\/www.instagram.com\\\/newsinclusive\\\/\"]},{\"@type\":\"Person\",\"@id\":\"https:\\\/\\\/inclusivenews.com.br\\\/#\\\/schema\\\/person\\\/0dab492019871b94abb65fa8ee7c8c44\",\"name\":\"Inclusive\",\"image\":{\"@type\":\"ImageObject\",\"inLanguage\":\"pt-PT\",\"@id\":\"https:\\\/\\\/secure.gravatar.com\\\/avatar\\\/?s=96&d=mm&r=g\",\"url\":\"https:\\\/\\\/secure.gravatar.com\\\/avatar\\\/?s=96&d=mm&r=g\",\"contentUrl\":\"https:\\\/\\\/secure.gravatar.com\\\/avatar\\\/?s=96&d=mm&r=g\",\"caption\":\"Inclusive\"},\"url\":\"https:\\\/\\\/inclusivenews.com.br\\\/?author=2\"}]}<\/script>\n<!-- \/ Yoast SEO plugin. -->","yoast_head_json":{"title":"UNE faz manifesta\u00e7\u00e3o no Rio em defesa da Lei de Cotas -","robots":{"index":"index","follow":"follow","max-snippet":"max-snippet:-1","max-image-preview":"max-image-preview:large","max-video-preview":"max-video-preview:-1"},"canonical":"https:\/\/inclusivenews.com.br\/?p=7952","og_locale":"pt_PT","og_type":"article","og_title":"UNE faz manifesta\u00e7\u00e3o no Rio em defesa da Lei de Cotas -","og_description":"Rio &#8211; A Uni\u00e3o Nacional dos Estudantes (UNE) promove hoje (1\u00ba), \u00e0s 14h, manifesta\u00e7\u00e3o em defesa da Lei de Cotas no Rio de Janeiro. O ato ser\u00e1 realizado em frente ao Tribunal de Justi\u00e7a, no momento em que os magistrados estar\u00e3o decidindo se mant\u00eam o sistema de cotas para ingresso nas universidade p\u00fablicas do estado [&hellip;]","og_url":"https:\/\/inclusivenews.com.br\/?p=7952","article_publisher":"https:\/\/www.facebook.com\/agenciainclusive\/","article_published_time":"2009-06-02T12:52:43+00:00","og_image":[{"url":"http:\/\/agenciainclusive.files.wordpress.com\/2009\/06\/une.gif","type":"","width":"","height":""}],"author":"Inclusive","twitter_card":"summary_large_image","twitter_misc":{"Escrito por":"Inclusive","Tempo estimado de leitura":"1 minuto"},"schema":{"@context":"https:\/\/schema.org","@graph":[{"@type":"Article","@id":"https:\/\/inclusivenews.com.br\/?p=7952#article","isPartOf":{"@id":"https:\/\/inclusivenews.com.br\/?p=7952"},"author":{"name":"Inclusive","@id":"https:\/\/inclusivenews.com.br\/#\/schema\/person\/0dab492019871b94abb65fa8ee7c8c44"},"headline":"UNE faz manifesta\u00e7\u00e3o no Rio em defesa da Lei de Cotas","datePublished":"2009-06-02T12:52:43+00:00","mainEntityOfPage":{"@id":"https:\/\/inclusivenews.com.br\/?p=7952"},"wordCount":158,"commentCount":0,"publisher":{"@id":"https:\/\/inclusivenews.com.br\/#organization"},"image":{"@id":"https:\/\/inclusivenews.com.br\/?p=7952#primaryimage"},"thumbnailUrl":"http:\/\/agenciainclusive.files.wordpress.com\/2009\/06\/une.gif","articleSection":["NOT\u00cdCIAS"],"inLanguage":"pt-PT","potentialAction":[{"@type":"CommentAction","name":"Comment","target":["https:\/\/inclusivenews.com.br\/?p=7952#respond"]}]},{"@type":"WebPage","@id":"https:\/\/inclusivenews.com.br\/?p=7952","url":"https:\/\/inclusivenews.com.br\/?p=7952","name":"UNE faz manifesta\u00e7\u00e3o no Rio em defesa da Lei de Cotas -","isPartOf":{"@id":"https:\/\/inclusivenews.com.br\/#website"},"primaryImageOfPage":{"@id":"https:\/\/inclusivenews.com.br\/?p=7952#primaryimage"},"image":{"@id":"https:\/\/inclusivenews.com.br\/?p=7952#primaryimage"},"thumbnailUrl":"http:\/\/agenciainclusive.files.wordpress.com\/2009\/06\/une.gif","datePublished":"2009-06-02T12:52:43+00:00","breadcrumb":{"@id":"https:\/\/inclusivenews.com.br\/?p=7952#breadcrumb"},"inLanguage":"pt-PT","potentialAction":[{"@type":"ReadAction","target":["https:\/\/inclusivenews.com.br\/?p=7952"]}]},{"@type":"ImageObject","inLanguage":"pt-PT","@id":"https:\/\/inclusivenews.com.br\/?p=7952#primaryimage","url":"http:\/\/agenciainclusive.files.wordpress.com\/2009\/06\/une.gif","contentUrl":"http:\/\/agenciainclusive.files.wordpress.com\/2009\/06\/une.gif"},{"@type":"BreadcrumbList","@id":"https:\/\/inclusivenews.com.br\/?p=7952#breadcrumb","itemListElement":[{"@type":"ListItem","position":1,"name":"In\u00edcio","item":"https:\/\/inclusivenews.com.br\/"},{"@type":"ListItem","position":2,"name":"UNE faz manifesta\u00e7\u00e3o no Rio em defesa da Lei de Cotas"}]},{"@type":"WebSite","@id":"https:\/\/inclusivenews.com.br\/#website","url":"https:\/\/inclusivenews.com.br\/","name":"Inclusive News","description":"Inclusive News","publisher":{"@id":"https:\/\/inclusivenews.com.br\/#organization"},"potentialAction":[{"@type":"SearchAction","target":{"@type":"EntryPoint","urlTemplate":"https:\/\/inclusivenews.com.br\/?s={search_term_string}"},"query-input":{"@type":"PropertyValueSpecification","valueRequired":true,"valueName":"search_term_string"}}],"inLanguage":"pt-PT"},{"@type":"Organization","@id":"https:\/\/inclusivenews.com.br\/#organization","name":"Inclusive - inclus\u00e3o e cidadania","url":"https:\/\/inclusivenews.com.br\/","logo":{"@type":"ImageObject","inLanguage":"pt-PT","@id":"https:\/\/inclusivenews.com.br\/#\/schema\/logo\/image\/","url":"https:\/\/inclusivenews.com.br\/wp-content\/uploads\/2024\/03\/@grandesite.png","contentUrl":"https:\/\/inclusivenews.com.br\/wp-content\/uploads\/2024\/03\/@grandesite.png","width":1080,"height":1080,"caption":"Inclusive - inclus\u00e3o e cidadania"},"image":{"@id":"https:\/\/inclusivenews.com.br\/#\/schema\/logo\/image\/"},"sameAs":["https:\/\/www.facebook.com\/agenciainclusive\/","https:\/\/www.instagram.com\/newsinclusive\/"]},{"@type":"Person","@id":"https:\/\/inclusivenews.com.br\/#\/schema\/person\/0dab492019871b94abb65fa8ee7c8c44","name":"Inclusive","image":{"@type":"ImageObject","inLanguage":"pt-PT","@id":"https:\/\/secure.gravatar.com\/avatar\/?s=96&d=mm&r=g","url":"https:\/\/secure.gravatar.com\/avatar\/?s=96&d=mm&r=g","contentUrl":"https:\/\/secure.gravatar.com\/avatar\/?s=96&d=mm&r=g","caption":"Inclusive"},"url":"https:\/\/inclusivenews.com.br\/?author=2"}]}},"_links":{"self":[{"href":"https:\/\/inclusivenews.com.br\/index.php?rest_route=\/wp\/v2\/posts\/7952","targetHints":{"allow":["GET"]}}],"collection":[{"href":"https:\/\/inclusivenews.com.br\/index.php?rest_route=\/wp\/v2\/posts"}],"about":[{"href":"https:\/\/inclusivenews.com.br\/index.php?rest_route=\/wp\/v2\/types\/post"}],"author":[{"embeddable":true,"href":"https:\/\/inclusivenews.com.br\/index.php?rest_route=\/wp\/v2\/users\/2"}],"replies":[{"embeddable":true,"href":"https:\/\/inclusivenews.com.br\/index.php?rest_route=%2Fwp%2Fv2%2Fcomments&post=7952"}],"version-history":[{"count":0,"href":"https:\/\/inclusivenews.com.br\/index.php?rest_route=\/wp\/v2\/posts\/7952\/revisions"}],"wp:attachment":[{"href":"https:\/\/inclusivenews.com.br\/index.php?rest_route=%2Fwp%2Fv2%2Fmedia&parent=7952"}],"wp:term":[{"taxonomy":"category","embeddable":true,"href":"https:\/\/inclusivenews.com.br\/index.php?rest_route=%2Fwp%2Fv2%2Fcategories&post=7952"},{"taxonomy":"post_tag","embeddable":true,"href":"https:\/\/inclusivenews.com.br\/index.php?rest_route=%2Fwp%2Fv2%2Ftags&post=7952"}],"curies":[{"name":"wp","href":"https:\/\/api.w.org\/{rel}","templated":true}]}}