{"id":7960,"date":"2009-06-02T13:09:21","date_gmt":"2009-06-02T13:09:21","guid":{"rendered":"http:\/\/agenciainclusive.wordpress.com\/?p=7960"},"modified":"2009-06-02T13:09:21","modified_gmt":"2009-06-02T13:09:21","slug":"radio-palestina-emite-para-pessoas-com-deficiencia","status":"publish","type":"post","link":"https:\/\/inclusivenews.com.br\/?p=7960","title":{"rendered":"R\u00e1dio palestina emite para pessoas com defici\u00eancia"},"content":{"rendered":"<figure id=\"attachment_3302\" aria-describedby=\"caption-attachment-3302\" style=\"width: 135px\" class=\"wp-caption alignnone\"><a href=\"http:\/\/agenciainclusive.files.wordpress.com\/2009\/01\/minilogo2.jpg\"><img loading=\"lazy\" decoding=\"async\" class=\"size-full wp-image-3302\" title=\"#logotipofundocolor_j\u00e1_descrito_usar_esse\" src=\"http:\/\/agenciainclusive.files.wordpress.com\/2009\/01\/minilogo2.jpg\" alt=\"Descri\u00e7\u00e3o do logotipo: palavra inclusive escrita \u00e0 m\u00e3o, em verde, entre par\u00eanteses laranja, com os pingos dos \u201cis\u201d laranja.\" width=\"135\" height=\"42\" \/><\/a><figcaption id=\"caption-attachment-3302\" class=\"wp-caption-text\">Descri\u00e7\u00e3o do logotipo: palavra inclusive escrita \u00e0 m\u00e3o, em verde, entre par\u00eanteses laranja, com os pingos dos \u201cis\u201d laranja.<\/figcaption><\/figure>\n<p>V\u00eddeo da Expresso TV, da AFPTV, Portugal<\/p>\n<p>Transcri\u00e7\u00e3o das legendas\/falas e descri\u00e7\u00e3o das imagens, feitas por Romeu Sassaki.<br \/>\nFonte do v\u00eddeo:\u00a0<a href=\"http:\/\/aeiou.expresso.pt\/users\/2123\/212309\/radio1_133322a3e4ec1839ffc46f47ab6172e2.flv\">http:\/\/aeiou.expresso.pt\/users\/2123\/212309\/radio1_133322a3e4ec1839ffc46f47ab6172e2.flv<\/a><\/p>\n<p>VOZ FEMININA EM OFF (sotaque lusitano):<br \/>\n\u201cDiretamente de um campo de refugiados em plena Faixa de Gaza, funciona a R\u00e1dio Alvorada. E esta esta\u00e7\u00e3o tem uma particularidade: a maior parte dos jornalistas tem uma defici\u00eancia\u201d.<\/p>\n<p>IMAGENS SIMULT\u00c2NEAS COM A VOZ EM OFF:<br \/>\nSala de grava\u00e7\u00e3o\/edi\u00e7\u00e3o; sala de locu\u00e7\u00e3o; banner da R\u00e1dio na parede; homem se locomove com duas bengalas canadenses pelo corredor; locutora cega transmite not\u00edcias; foto do prompter mostrando texto em letras ampliadas.<\/p>\n<p>IMAGEM DA ENTREVISTADA SAMIRA KHALED<br \/>\n(mo\u00e7a com baixa vis\u00e3o, locutora de noticias, dep\u00f5e):<br \/>\n\u201cSou uma locutora de not\u00edcias. Por isso, uso muito o computador. Mas para ler os textos, tenho de aumentar bastante as letras para conseguir ver\u201d.<\/p>\n<p>VOZ FEMININA EM OFF (sotaque lusitano):<br \/>\n\u201cA R\u00e1dio Alvorada tem pessoas com defici\u00eancia f\u00edsica e visual e \u00e9 gerida por quem partilha das mesmas limita\u00e7\u00f5es. Dos 26 funcion\u00e1rios, metade tem algum tipo de defici\u00eancia\u201d.<\/p>\n<p>IMAGENS SIMULT\u00c2NEAS COM A VOZ EM OFF:<br \/>\nDuas locutoras na sala de locu\u00e7\u00e3o; sala de grava\u00e7\u00e3o\/edi\u00e7\u00e3o; close de locutora transmitindo; homem que anda com bengalas canadenses adentra a sala de reda\u00e7\u00e3o.<\/p>\n<p>IMAGEM DO ENTREVISTADO KHALED ABU SHUAIB<br \/>\n(diretor de programas, dep\u00f5e):<br \/>\n\u201cGaza tem a maior porcentagem de popula\u00e7\u00e3o deficiente no mundo. Antes da \u00faltima guerra, eram 70 mil num total de 1 milh\u00e3o e 300 mil pessoas com defici\u00eancia\u201d.<\/p>\n<p>VOZ FEMININA EM OFF (sotaque lusitano):<br \/>\n\u201cA Alvorada come\u00e7ou a transmitir em 2006, \u00e9 financiada pelas Na\u00e7\u00f5es Unidas e \u00e9 a \u00fanica esta\u00e7\u00e3o no mundo \u00e1rabe a focar sobre deficientes. A equipa quer agora auxiliar a mais pessoas.<\/p>\n<p>IMAGENS SIMULT\u00c2NEAS COM A VOZ EM OFF:<br \/>\nSala de reda\u00e7\u00e3o onde 4 jornalistas (2 homens e 2 mulheres) trabalham em seus computadores; sala de grava\u00e7\u00e3o\/edi\u00e7\u00e3o; mulher controla equipamentos de grava\u00e7\u00e3o\/edi\u00e7\u00e3o; mo\u00e7a que utiliza andador se locomove para outro setor.<\/p>\n<p>IMAGEM DA ENTREVISTADA AMANI ALHSAI<br \/>\n(mo\u00e7a cega, locutora de not\u00edcias, dep\u00f5e):<br \/>\n\u201cEnfrentamos v\u00e1rios problemas. O mais grave \u00e9 que a nossa mensagem n\u00e3o chega a todas as zonas de Gaza. Por causa dos embargos, n\u00e3o conseguimos colocar transmissores para cobrir todo o territ\u00f3rio palestino\u201d.<\/p>\n<p>VOZ FEMININA EM OFF (sotaque lusitano)<br \/>\n\u201cO director da r\u00e1dio revela que os outros conflitos deixaram mais de 3.000 pessoas incapacitadas. A situa\u00e7\u00e3o vai piorar com a busca de comida e alimentos. At\u00e9 os problemas humanit\u00e1rios estarem resolvidos, a R\u00e1dio Alvorada afirma que vai continuar a ser uma voz para pessoas com defici\u00eancia\u201d.<\/p>\n<p>IMAGENS SIMULT\u00c2NEAS COM A VOZ EM OFF:<br \/>\nEquipamentos de grava\u00e7\u00e3o\/edi\u00e7\u00e3o; duas locutoras cegas na sala de locu\u00e7\u00e3o; sala de grava\u00e7\u00e3o\/edi\u00e7\u00e3o; locutoras cegas transmitem.<br \/>\nDura\u00e7\u00e3o do v\u00eddeo: 1 minuto e 55 segundos.<\/p>\n","protected":false},"excerpt":{"rendered":"<p>V\u00eddeo da Expresso TV, da AFPTV, Portugal Transcri\u00e7\u00e3o das legendas\/falas e descri\u00e7\u00e3o das imagens, feitas por Romeu Sassaki. Fonte do v\u00eddeo:\u00a0http:\/\/aeiou.expresso.pt\/users\/2123\/212309\/radio1_133322a3e4ec1839ffc46f47ab6172e2.flv VOZ FEMININA EM OFF (sotaque lusitano): \u201cDiretamente de um campo de refugiados em plena Faixa de Gaza, funciona a R\u00e1dio Alvorada. E esta esta\u00e7\u00e3o tem uma particularidade: a maior parte dos jornalistas tem uma [&hellip;]<\/p>\n","protected":false},"author":2,"featured_media":0,"comment_status":"open","ping_status":"open","sticky":false,"template":"","format":"standard","meta":{"site-container-style":"default","site-container-layout":"default","site-sidebar-layout":"default","disable-article-header":"default","disable-site-header":"default","disable-site-footer":"default","disable-content-area-spacing":"default","footnotes":""},"categories":[33,16],"tags":[15],"class_list":["post-7960","post","type-post","status-publish","format-standard","hentry","category-reportagem","category-video","tag-multimidia"],"yoast_head":"<!-- This site is optimized with the Yoast SEO plugin v27.4 - https:\/\/yoast.com\/product\/yoast-seo-wordpress\/ -->\n<title>R\u00e1dio palestina emite para pessoas com defici\u00eancia -<\/title>\n<meta name=\"robots\" content=\"index, follow, max-snippet:-1, max-image-preview:large, max-video-preview:-1\" \/>\n<link rel=\"canonical\" href=\"https:\/\/inclusivenews.com.br\/?p=7960\" \/>\n<meta property=\"og:locale\" content=\"pt_PT\" \/>\n<meta property=\"og:type\" content=\"article\" \/>\n<meta property=\"og:title\" content=\"R\u00e1dio palestina emite para pessoas com defici\u00eancia -\" \/>\n<meta property=\"og:description\" content=\"V\u00eddeo da Expresso TV, da AFPTV, Portugal Transcri\u00e7\u00e3o das legendas\/falas e descri\u00e7\u00e3o das imagens, feitas por Romeu Sassaki. Fonte do v\u00eddeo:\u00a0http:\/\/aeiou.expresso.pt\/users\/2123\/212309\/radio1_133322a3e4ec1839ffc46f47ab6172e2.flv VOZ FEMININA EM OFF (sotaque lusitano): \u201cDiretamente de um campo de refugiados em plena Faixa de Gaza, funciona a R\u00e1dio Alvorada. E esta esta\u00e7\u00e3o tem uma particularidade: a maior parte dos jornalistas tem uma [&hellip;]\" \/>\n<meta property=\"og:url\" content=\"https:\/\/inclusivenews.com.br\/?p=7960\" \/>\n<meta property=\"article:publisher\" content=\"https:\/\/www.facebook.com\/agenciainclusive\/\" \/>\n<meta property=\"article:published_time\" content=\"2009-06-02T13:09:21+00:00\" \/>\n<meta property=\"og:image\" content=\"http:\/\/agenciainclusive.files.wordpress.com\/2009\/01\/minilogo2.jpg\" \/>\n<meta name=\"author\" content=\"Inclusive\" \/>\n<meta name=\"twitter:card\" content=\"summary_large_image\" \/>\n<meta name=\"twitter:label1\" content=\"Escrito por\" \/>\n\t<meta name=\"twitter:data1\" content=\"Inclusive\" \/>\n\t<meta name=\"twitter:label2\" content=\"Tempo estimado de leitura\" \/>\n\t<meta name=\"twitter:data2\" content=\"3 minutos\" \/>\n<script type=\"application\/ld+json\" class=\"yoast-schema-graph\">{\"@context\":\"https:\\\/\\\/schema.org\",\"@graph\":[{\"@type\":\"Article\",\"@id\":\"https:\\\/\\\/inclusivenews.com.br\\\/?p=7960#article\",\"isPartOf\":{\"@id\":\"https:\\\/\\\/inclusivenews.com.br\\\/?p=7960\"},\"author\":{\"name\":\"Inclusive\",\"@id\":\"https:\\\/\\\/inclusivenews.com.br\\\/#\\\/schema\\\/person\\\/0dab492019871b94abb65fa8ee7c8c44\"},\"headline\":\"R\u00e1dio palestina emite para pessoas com defici\u00eancia\",\"datePublished\":\"2009-06-02T13:09:21+00:00\",\"mainEntityOfPage\":{\"@id\":\"https:\\\/\\\/inclusivenews.com.br\\\/?p=7960\"},\"wordCount\":547,\"commentCount\":0,\"publisher\":{\"@id\":\"https:\\\/\\\/inclusivenews.com.br\\\/#organization\"},\"image\":{\"@id\":\"https:\\\/\\\/inclusivenews.com.br\\\/?p=7960#primaryimage\"},\"thumbnailUrl\":\"http:\\\/\\\/agenciainclusive.files.wordpress.com\\\/2009\\\/01\\\/minilogo2.jpg\",\"keywords\":[\"Multim\u00eddia\"],\"articleSection\":[\"Reportagem\",\"V\u00eddeo\"],\"inLanguage\":\"pt-PT\",\"potentialAction\":[{\"@type\":\"CommentAction\",\"name\":\"Comment\",\"target\":[\"https:\\\/\\\/inclusivenews.com.br\\\/?p=7960#respond\"]}]},{\"@type\":\"WebPage\",\"@id\":\"https:\\\/\\\/inclusivenews.com.br\\\/?p=7960\",\"url\":\"https:\\\/\\\/inclusivenews.com.br\\\/?p=7960\",\"name\":\"R\u00e1dio palestina emite para pessoas com defici\u00eancia -\",\"isPartOf\":{\"@id\":\"https:\\\/\\\/inclusivenews.com.br\\\/#website\"},\"primaryImageOfPage\":{\"@id\":\"https:\\\/\\\/inclusivenews.com.br\\\/?p=7960#primaryimage\"},\"image\":{\"@id\":\"https:\\\/\\\/inclusivenews.com.br\\\/?p=7960#primaryimage\"},\"thumbnailUrl\":\"http:\\\/\\\/agenciainclusive.files.wordpress.com\\\/2009\\\/01\\\/minilogo2.jpg\",\"datePublished\":\"2009-06-02T13:09:21+00:00\",\"breadcrumb\":{\"@id\":\"https:\\\/\\\/inclusivenews.com.br\\\/?p=7960#breadcrumb\"},\"inLanguage\":\"pt-PT\",\"potentialAction\":[{\"@type\":\"ReadAction\",\"target\":[\"https:\\\/\\\/inclusivenews.com.br\\\/?p=7960\"]}]},{\"@type\":\"ImageObject\",\"inLanguage\":\"pt-PT\",\"@id\":\"https:\\\/\\\/inclusivenews.com.br\\\/?p=7960#primaryimage\",\"url\":\"http:\\\/\\\/agenciainclusive.files.wordpress.com\\\/2009\\\/01\\\/minilogo2.jpg\",\"contentUrl\":\"http:\\\/\\\/agenciainclusive.files.wordpress.com\\\/2009\\\/01\\\/minilogo2.jpg\"},{\"@type\":\"BreadcrumbList\",\"@id\":\"https:\\\/\\\/inclusivenews.com.br\\\/?p=7960#breadcrumb\",\"itemListElement\":[{\"@type\":\"ListItem\",\"position\":1,\"name\":\"In\u00edcio\",\"item\":\"https:\\\/\\\/inclusivenews.com.br\\\/\"},{\"@type\":\"ListItem\",\"position\":2,\"name\":\"R\u00e1dio palestina emite para pessoas com defici\u00eancia\"}]},{\"@type\":\"WebSite\",\"@id\":\"https:\\\/\\\/inclusivenews.com.br\\\/#website\",\"url\":\"https:\\\/\\\/inclusivenews.com.br\\\/\",\"name\":\"Inclusive News\",\"description\":\"Inclusive News\",\"publisher\":{\"@id\":\"https:\\\/\\\/inclusivenews.com.br\\\/#organization\"},\"potentialAction\":[{\"@type\":\"SearchAction\",\"target\":{\"@type\":\"EntryPoint\",\"urlTemplate\":\"https:\\\/\\\/inclusivenews.com.br\\\/?s={search_term_string}\"},\"query-input\":{\"@type\":\"PropertyValueSpecification\",\"valueRequired\":true,\"valueName\":\"search_term_string\"}}],\"inLanguage\":\"pt-PT\"},{\"@type\":\"Organization\",\"@id\":\"https:\\\/\\\/inclusivenews.com.br\\\/#organization\",\"name\":\"Inclusive - inclus\u00e3o e cidadania\",\"url\":\"https:\\\/\\\/inclusivenews.com.br\\\/\",\"logo\":{\"@type\":\"ImageObject\",\"inLanguage\":\"pt-PT\",\"@id\":\"https:\\\/\\\/inclusivenews.com.br\\\/#\\\/schema\\\/logo\\\/image\\\/\",\"url\":\"https:\\\/\\\/inclusivenews.com.br\\\/wp-content\\\/uploads\\\/2024\\\/03\\\/@grandesite.png\",\"contentUrl\":\"https:\\\/\\\/inclusivenews.com.br\\\/wp-content\\\/uploads\\\/2024\\\/03\\\/@grandesite.png\",\"width\":1080,\"height\":1080,\"caption\":\"Inclusive - inclus\u00e3o e cidadania\"},\"image\":{\"@id\":\"https:\\\/\\\/inclusivenews.com.br\\\/#\\\/schema\\\/logo\\\/image\\\/\"},\"sameAs\":[\"https:\\\/\\\/www.facebook.com\\\/agenciainclusive\\\/\",\"https:\\\/\\\/www.instagram.com\\\/newsinclusive\\\/\"]},{\"@type\":\"Person\",\"@id\":\"https:\\\/\\\/inclusivenews.com.br\\\/#\\\/schema\\\/person\\\/0dab492019871b94abb65fa8ee7c8c44\",\"name\":\"Inclusive\",\"image\":{\"@type\":\"ImageObject\",\"inLanguage\":\"pt-PT\",\"@id\":\"https:\\\/\\\/secure.gravatar.com\\\/avatar\\\/?s=96&d=mm&r=g\",\"url\":\"https:\\\/\\\/secure.gravatar.com\\\/avatar\\\/?s=96&d=mm&r=g\",\"contentUrl\":\"https:\\\/\\\/secure.gravatar.com\\\/avatar\\\/?s=96&d=mm&r=g\",\"caption\":\"Inclusive\"},\"url\":\"https:\\\/\\\/inclusivenews.com.br\\\/?author=2\"}]}<\/script>\n<!-- \/ Yoast SEO plugin. -->","yoast_head_json":{"title":"R\u00e1dio palestina emite para pessoas com defici\u00eancia -","robots":{"index":"index","follow":"follow","max-snippet":"max-snippet:-1","max-image-preview":"max-image-preview:large","max-video-preview":"max-video-preview:-1"},"canonical":"https:\/\/inclusivenews.com.br\/?p=7960","og_locale":"pt_PT","og_type":"article","og_title":"R\u00e1dio palestina emite para pessoas com defici\u00eancia -","og_description":"V\u00eddeo da Expresso TV, da AFPTV, Portugal Transcri\u00e7\u00e3o das legendas\/falas e descri\u00e7\u00e3o das imagens, feitas por Romeu Sassaki. Fonte do v\u00eddeo:\u00a0http:\/\/aeiou.expresso.pt\/users\/2123\/212309\/radio1_133322a3e4ec1839ffc46f47ab6172e2.flv VOZ FEMININA EM OFF (sotaque lusitano): \u201cDiretamente de um campo de refugiados em plena Faixa de Gaza, funciona a R\u00e1dio Alvorada. E esta esta\u00e7\u00e3o tem uma particularidade: a maior parte dos jornalistas tem uma [&hellip;]","og_url":"https:\/\/inclusivenews.com.br\/?p=7960","article_publisher":"https:\/\/www.facebook.com\/agenciainclusive\/","article_published_time":"2009-06-02T13:09:21+00:00","og_image":[{"url":"http:\/\/agenciainclusive.files.wordpress.com\/2009\/01\/minilogo2.jpg","type":"","width":"","height":""}],"author":"Inclusive","twitter_card":"summary_large_image","twitter_misc":{"Escrito por":"Inclusive","Tempo estimado de leitura":"3 minutos"},"schema":{"@context":"https:\/\/schema.org","@graph":[{"@type":"Article","@id":"https:\/\/inclusivenews.com.br\/?p=7960#article","isPartOf":{"@id":"https:\/\/inclusivenews.com.br\/?p=7960"},"author":{"name":"Inclusive","@id":"https:\/\/inclusivenews.com.br\/#\/schema\/person\/0dab492019871b94abb65fa8ee7c8c44"},"headline":"R\u00e1dio palestina emite para pessoas com defici\u00eancia","datePublished":"2009-06-02T13:09:21+00:00","mainEntityOfPage":{"@id":"https:\/\/inclusivenews.com.br\/?p=7960"},"wordCount":547,"commentCount":0,"publisher":{"@id":"https:\/\/inclusivenews.com.br\/#organization"},"image":{"@id":"https:\/\/inclusivenews.com.br\/?p=7960#primaryimage"},"thumbnailUrl":"http:\/\/agenciainclusive.files.wordpress.com\/2009\/01\/minilogo2.jpg","keywords":["Multim\u00eddia"],"articleSection":["Reportagem","V\u00eddeo"],"inLanguage":"pt-PT","potentialAction":[{"@type":"CommentAction","name":"Comment","target":["https:\/\/inclusivenews.com.br\/?p=7960#respond"]}]},{"@type":"WebPage","@id":"https:\/\/inclusivenews.com.br\/?p=7960","url":"https:\/\/inclusivenews.com.br\/?p=7960","name":"R\u00e1dio palestina emite para pessoas com defici\u00eancia -","isPartOf":{"@id":"https:\/\/inclusivenews.com.br\/#website"},"primaryImageOfPage":{"@id":"https:\/\/inclusivenews.com.br\/?p=7960#primaryimage"},"image":{"@id":"https:\/\/inclusivenews.com.br\/?p=7960#primaryimage"},"thumbnailUrl":"http:\/\/agenciainclusive.files.wordpress.com\/2009\/01\/minilogo2.jpg","datePublished":"2009-06-02T13:09:21+00:00","breadcrumb":{"@id":"https:\/\/inclusivenews.com.br\/?p=7960#breadcrumb"},"inLanguage":"pt-PT","potentialAction":[{"@type":"ReadAction","target":["https:\/\/inclusivenews.com.br\/?p=7960"]}]},{"@type":"ImageObject","inLanguage":"pt-PT","@id":"https:\/\/inclusivenews.com.br\/?p=7960#primaryimage","url":"http:\/\/agenciainclusive.files.wordpress.com\/2009\/01\/minilogo2.jpg","contentUrl":"http:\/\/agenciainclusive.files.wordpress.com\/2009\/01\/minilogo2.jpg"},{"@type":"BreadcrumbList","@id":"https:\/\/inclusivenews.com.br\/?p=7960#breadcrumb","itemListElement":[{"@type":"ListItem","position":1,"name":"In\u00edcio","item":"https:\/\/inclusivenews.com.br\/"},{"@type":"ListItem","position":2,"name":"R\u00e1dio palestina emite para pessoas com defici\u00eancia"}]},{"@type":"WebSite","@id":"https:\/\/inclusivenews.com.br\/#website","url":"https:\/\/inclusivenews.com.br\/","name":"Inclusive News","description":"Inclusive News","publisher":{"@id":"https:\/\/inclusivenews.com.br\/#organization"},"potentialAction":[{"@type":"SearchAction","target":{"@type":"EntryPoint","urlTemplate":"https:\/\/inclusivenews.com.br\/?s={search_term_string}"},"query-input":{"@type":"PropertyValueSpecification","valueRequired":true,"valueName":"search_term_string"}}],"inLanguage":"pt-PT"},{"@type":"Organization","@id":"https:\/\/inclusivenews.com.br\/#organization","name":"Inclusive - inclus\u00e3o e cidadania","url":"https:\/\/inclusivenews.com.br\/","logo":{"@type":"ImageObject","inLanguage":"pt-PT","@id":"https:\/\/inclusivenews.com.br\/#\/schema\/logo\/image\/","url":"https:\/\/inclusivenews.com.br\/wp-content\/uploads\/2024\/03\/@grandesite.png","contentUrl":"https:\/\/inclusivenews.com.br\/wp-content\/uploads\/2024\/03\/@grandesite.png","width":1080,"height":1080,"caption":"Inclusive - inclus\u00e3o e cidadania"},"image":{"@id":"https:\/\/inclusivenews.com.br\/#\/schema\/logo\/image\/"},"sameAs":["https:\/\/www.facebook.com\/agenciainclusive\/","https:\/\/www.instagram.com\/newsinclusive\/"]},{"@type":"Person","@id":"https:\/\/inclusivenews.com.br\/#\/schema\/person\/0dab492019871b94abb65fa8ee7c8c44","name":"Inclusive","image":{"@type":"ImageObject","inLanguage":"pt-PT","@id":"https:\/\/secure.gravatar.com\/avatar\/?s=96&d=mm&r=g","url":"https:\/\/secure.gravatar.com\/avatar\/?s=96&d=mm&r=g","contentUrl":"https:\/\/secure.gravatar.com\/avatar\/?s=96&d=mm&r=g","caption":"Inclusive"},"url":"https:\/\/inclusivenews.com.br\/?author=2"}]}},"_links":{"self":[{"href":"https:\/\/inclusivenews.com.br\/index.php?rest_route=\/wp\/v2\/posts\/7960","targetHints":{"allow":["GET"]}}],"collection":[{"href":"https:\/\/inclusivenews.com.br\/index.php?rest_route=\/wp\/v2\/posts"}],"about":[{"href":"https:\/\/inclusivenews.com.br\/index.php?rest_route=\/wp\/v2\/types\/post"}],"author":[{"embeddable":true,"href":"https:\/\/inclusivenews.com.br\/index.php?rest_route=\/wp\/v2\/users\/2"}],"replies":[{"embeddable":true,"href":"https:\/\/inclusivenews.com.br\/index.php?rest_route=%2Fwp%2Fv2%2Fcomments&post=7960"}],"version-history":[{"count":0,"href":"https:\/\/inclusivenews.com.br\/index.php?rest_route=\/wp\/v2\/posts\/7960\/revisions"}],"wp:attachment":[{"href":"https:\/\/inclusivenews.com.br\/index.php?rest_route=%2Fwp%2Fv2%2Fmedia&parent=7960"}],"wp:term":[{"taxonomy":"category","embeddable":true,"href":"https:\/\/inclusivenews.com.br\/index.php?rest_route=%2Fwp%2Fv2%2Fcategories&post=7960"},{"taxonomy":"post_tag","embeddable":true,"href":"https:\/\/inclusivenews.com.br\/index.php?rest_route=%2Fwp%2Fv2%2Ftags&post=7960"}],"curies":[{"name":"wp","href":"https:\/\/api.w.org\/{rel}","templated":true}]}}