{"id":7965,"date":"2009-06-02T16:13:42","date_gmt":"2009-06-02T16:13:42","guid":{"rendered":"http:\/\/agenciainclusive.wordpress.com\/?p=7965"},"modified":"2009-06-02T16:13:42","modified_gmt":"2009-06-02T16:13:42","slug":"minuto-da-inclusao-programas-715-a-718","status":"publish","type":"post","link":"https:\/\/inclusivenews.com.br\/?p=7965","title":{"rendered":"Minuto da inclus\u00e3o &#8211; Programas 715 a 718"},"content":{"rendered":"<figure id=\"attachment_2988\" aria-describedby=\"caption-attachment-2988\" style=\"width: 180px\" class=\"wp-caption alignnone\"><img loading=\"lazy\" decoding=\"async\" class=\"size-full wp-image-2988\" title=\"minuto_da_inclusao\" src=\"http:\/\/agenciainclusive.files.wordpress.com\/2009\/01\/minuto_da_inclusao.jpg\" alt=\"minuto_da_inclusao\" width=\"180\" height=\"78\" \/><figcaption id=\"caption-attachment-2988\" class=\"wp-caption-text\">Na imagem, logotipo do Minuto da Inclus\u00e3o: um rel\u00f3gio simulando uma pessoa de bra\u00e7os abertos contornada por um c\u00edrculo incompleto.<\/figcaption><\/figure>\n<p style=\"text-align:right;\">Para ouvir os boletins direto do navegador,<br \/>\nrole o mouse sobre os links e aguarde<br \/>\no player ser exibido na janela popup.<\/p>\n<p style=\"text-align:left;\"><a href=\"http:\/\/www.upload-mp3.com\/files\/44198_nog2h\/715_718.mp3\" target=\"_blank\" rel=\"noopener\">Programas 715, 716, 717 e 718<\/a><\/p>\n<p style=\"text-align:left;\">Programa: 715<\/p>\n<p>Ol\u00e1 Brasil!<br \/>\nA Comiss\u00e3o de Direitos Humanos e Legisla\u00e7\u00e3o Participativa, do Senado, aprovou mais um projeto de interesse das pessoas com defici\u00eancia e suas fam\u00edlias. Segundo o projeto, o trabalhador que for pai, m\u00e3e ou respons\u00e1vel por pessoa com defici\u00eancia poder\u00e1 faltar ao trabalho at\u00e9 sete dias por ano para acompanhar ou prestar assist\u00eancia ao dependente. Para isso, a pessoa dever\u00e1 comunicar sua aus\u00eancia ao trabalho com, pelo menos, dois dias de anteced\u00eancia. Os casos de urg\u00eancia ser\u00e3o considerados exce\u00e7\u00e3o e poder\u00e3o ser informados ao empregador quando a pessoa retornar ao trabalho. A justificativa est\u00e1 no fato da maioria das fam\u00edlias terem uma jornada de trabalho integral, ou seja, sem tempo livre para acompanhar seus dependentes com defici\u00eancia.O projeto seguiu para a Comiss\u00e3o de Assuntos Sociais, onde ter\u00e1 decis\u00e3o terminativa.<\/p>\n<p>Tuca Munhoz para o Minuto da Inclus\u00e3o.<br \/>\nFonte: Ag\u00eancia Senado<\/p>\n<p>Programa: 716<\/p>\n<p>Ol\u00e1 Brasil!<br \/>\nO trabalho do cartunista capixaba Ricardo Ferraz est\u00e1 sendo utilizado pela Organiza\u00e7\u00e3o das Na\u00e7\u00f5es Unidas para ilustrar eventos e palestras sobre inclus\u00e3o social em todo o mundo.As charges de Ricardo ficaram famosas em vinhetas animadas exibidas nos intervalos de filmes na Rede Globo, depois de o artista ter vencido quatro concursos na emissora.Ricardo Ferraz, que tem defici\u00eancia f\u00edsica, atua no movimento de pessoas com defici\u00eancia desde 1981 e j\u00e1 naquele per\u00edodo come\u00e7ou a denunciar o preconceito por meio de seus desenhos.Atualmente, o artista tamb\u00e9m se dedica a ensinar desenho para crian\u00e7as e adolescentes de escolas de Cachoeiro do Itapemirim, no Esp\u00edrito Santo.Esse \u00e9 mais um exemplo de como a arte pode colaborar para a promo\u00e7\u00e3o do respeito pela diversidade humana.<\/p>\n<p>Tuca Munhoz para o Minuto da Inclus\u00e3o.<br \/>\nFonte: gazetaonline.globo.com<\/p>\n<p>Programa: 717<\/p>\n<p>Ol\u00e1 Brasil!<br \/>\nFoi lan\u00e7ado em S\u00e3o Paulo o livro \u201cVai Encarar? A Na\u00e7\u00e3o (quase) invis\u00edvel de pessoas com defici\u00eancia\u201d. Escrita pela jornalista Claudia Matarazzo, a publica\u00e7\u00e3o teve consultoria da publicit\u00e1ria, psic\u00f3loga e vereadora Mara Gabrilli, que tem defici\u00eancia f\u00edsica. S\u00e3o abordados temas do dia a dia, novas tecnologias, namoro e vida sexual, at\u00e9 informa\u00e7\u00f5es sobre o papel do Estado na inclus\u00e3o social e dados que revelam o cen\u00e1rio brasileiro frente a essa quest\u00e3o. Segundo a autora, as pessoas com defici\u00eancia est\u00e3o mais acostumadas a lidar com os obst\u00e1culos f\u00edsicos do que com a polida indiferen\u00e7a usada para \u201cn\u00e3o invadir\u201d ou \u201cn\u00e3o ofender\u201d. Para ela, \u00e9 essa indiferen\u00e7a que acaba revestindo essas pessoas com uma dolorosa capa de invisibilidade que prejudica sua conviv\u00eancia. O livro \u00e9 da Editora Melhoramentos e custa vinte e nove reais. Uma boa dica!<\/p>\n<p>Tuca Munhoz para o Minuto da Inclus\u00e3o.<br \/>\nFonte: Ag\u00eancia Inclusive<\/p>\n<p>Programa: 718<\/p>\n<p>Ol\u00e1 Brasil!<br \/>\nFoi instalado, recentemente, em Bras\u00edlia, Distrito Federal, o F\u00f3rum da Inser\u00e7\u00e3o da Pessoa com Defici\u00eancia e\/ou reabilita\u00e7\u00e3o no Mercado de Trabalho. O objetivo da medida \u00e9 ampliar o foco da empregabilidade para os trabalhadores com defici\u00eancia e, com isso, facilitar a efetiva\u00e7\u00e3o da Lei de Cotas. Segundo o procurador-chefe Ricardo Britto, o F\u00f3rum \u00e9 um espa\u00e7o para pensar a acessibilidade de forma ampla e real\u00e7ar as potencialidades das pessoas e n\u00e3o mais suas dificuldades. O F\u00f3rum contar\u00e1 com a participa\u00e7\u00e3o de representantes do Minist\u00e9rio P\u00fablico do Trabalho e, tamb\u00e9m, das secretarias do Governo do Distrito Federal. A sociedade civil organizada tamb\u00e9m poder\u00e1 contribuir na busca por solu\u00e7\u00f5es para que o direito ao trabalho seja respeitado. As reuni\u00f5es ser\u00e3o mensais e voc\u00ea pode obter mais informa\u00e7\u00f5es pelo telefone 61 3314-8527, 61 3314-8527.<\/p>\n<p>Tuca Munhoz para o Minuto da Inclus\u00e3o.<br \/>\nFonte: Infoativo DefNet<\/p>\n","protected":false},"excerpt":{"rendered":"<p>Para ouvir os boletins direto do navegador, role o mouse sobre os links e aguarde o player ser exibido na janela popup. Programas 715, 716, 717 e 718 Programa: 715 Ol\u00e1 Brasil! A Comiss\u00e3o de Direitos Humanos e Legisla\u00e7\u00e3o Participativa, do Senado, aprovou mais um projeto de interesse das pessoas com defici\u00eancia e suas fam\u00edlias. [&hellip;]<\/p>\n","protected":false},"author":2,"featured_media":0,"comment_status":"open","ping_status":"open","sticky":false,"template":"","format":"standard","meta":{"site-container-style":"default","site-container-layout":"default","site-sidebar-layout":"default","disable-article-header":"default","disable-site-header":"default","disable-site-footer":"default","disable-content-area-spacing":"default","footnotes":""},"categories":[21],"tags":[20,15],"class_list":["post-7965","post","type-post","status-publish","format-standard","hentry","category-audio","tag-minuto-da-inclusao","tag-multimidia"],"yoast_head":"<!-- This site is optimized with the Yoast SEO plugin v27.4 - https:\/\/yoast.com\/product\/yoast-seo-wordpress\/ -->\n<title>Minuto da inclus\u00e3o - Programas 715 a 718 -<\/title>\n<meta name=\"robots\" content=\"index, follow, max-snippet:-1, max-image-preview:large, max-video-preview:-1\" \/>\n<link rel=\"canonical\" href=\"https:\/\/inclusivenews.com.br\/?p=7965\" \/>\n<meta property=\"og:locale\" content=\"pt_PT\" \/>\n<meta property=\"og:type\" content=\"article\" \/>\n<meta property=\"og:title\" content=\"Minuto da inclus\u00e3o - Programas 715 a 718 -\" \/>\n<meta property=\"og:description\" content=\"Para ouvir os boletins direto do navegador, role o mouse sobre os links e aguarde o player ser exibido na janela popup. Programas 715, 716, 717 e 718 Programa: 715 Ol\u00e1 Brasil! A Comiss\u00e3o de Direitos Humanos e Legisla\u00e7\u00e3o Participativa, do Senado, aprovou mais um projeto de interesse das pessoas com defici\u00eancia e suas fam\u00edlias. [&hellip;]\" \/>\n<meta property=\"og:url\" content=\"https:\/\/inclusivenews.com.br\/?p=7965\" \/>\n<meta property=\"article:publisher\" content=\"https:\/\/www.facebook.com\/agenciainclusive\/\" \/>\n<meta property=\"article:published_time\" content=\"2009-06-02T16:13:42+00:00\" \/>\n<meta property=\"og:image\" content=\"http:\/\/agenciainclusive.files.wordpress.com\/2009\/01\/minuto_da_inclusao.jpg\" \/>\n<meta name=\"author\" content=\"Inclusive\" \/>\n<meta name=\"twitter:card\" content=\"summary_large_image\" \/>\n<meta name=\"twitter:label1\" content=\"Escrito por\" \/>\n\t<meta name=\"twitter:data1\" content=\"Inclusive\" \/>\n\t<meta name=\"twitter:label2\" content=\"Tempo estimado de leitura\" \/>\n\t<meta name=\"twitter:data2\" content=\"4 minutos\" \/>\n<script type=\"application\/ld+json\" class=\"yoast-schema-graph\">{\"@context\":\"https:\\\/\\\/schema.org\",\"@graph\":[{\"@type\":\"Article\",\"@id\":\"https:\\\/\\\/inclusivenews.com.br\\\/?p=7965#article\",\"isPartOf\":{\"@id\":\"https:\\\/\\\/inclusivenews.com.br\\\/?p=7965\"},\"author\":{\"name\":\"Inclusive\",\"@id\":\"https:\\\/\\\/inclusivenews.com.br\\\/#\\\/schema\\\/person\\\/0dab492019871b94abb65fa8ee7c8c44\"},\"headline\":\"Minuto da inclus\u00e3o &#8211; Programas 715 a 718\",\"datePublished\":\"2009-06-02T16:13:42+00:00\",\"mainEntityOfPage\":{\"@id\":\"https:\\\/\\\/inclusivenews.com.br\\\/?p=7965\"},\"wordCount\":709,\"commentCount\":0,\"publisher\":{\"@id\":\"https:\\\/\\\/inclusivenews.com.br\\\/#organization\"},\"image\":{\"@id\":\"https:\\\/\\\/inclusivenews.com.br\\\/?p=7965#primaryimage\"},\"thumbnailUrl\":\"http:\\\/\\\/agenciainclusive.files.wordpress.com\\\/2009\\\/01\\\/minuto_da_inclusao.jpg\",\"keywords\":[\"Minuto da Inclusao\",\"Multim\u00eddia\"],\"articleSection\":[\"\u00c1udio\"],\"inLanguage\":\"pt-PT\",\"potentialAction\":[{\"@type\":\"CommentAction\",\"name\":\"Comment\",\"target\":[\"https:\\\/\\\/inclusivenews.com.br\\\/?p=7965#respond\"]}]},{\"@type\":\"WebPage\",\"@id\":\"https:\\\/\\\/inclusivenews.com.br\\\/?p=7965\",\"url\":\"https:\\\/\\\/inclusivenews.com.br\\\/?p=7965\",\"name\":\"Minuto da inclus\u00e3o - Programas 715 a 718 -\",\"isPartOf\":{\"@id\":\"https:\\\/\\\/inclusivenews.com.br\\\/#website\"},\"primaryImageOfPage\":{\"@id\":\"https:\\\/\\\/inclusivenews.com.br\\\/?p=7965#primaryimage\"},\"image\":{\"@id\":\"https:\\\/\\\/inclusivenews.com.br\\\/?p=7965#primaryimage\"},\"thumbnailUrl\":\"http:\\\/\\\/agenciainclusive.files.wordpress.com\\\/2009\\\/01\\\/minuto_da_inclusao.jpg\",\"datePublished\":\"2009-06-02T16:13:42+00:00\",\"breadcrumb\":{\"@id\":\"https:\\\/\\\/inclusivenews.com.br\\\/?p=7965#breadcrumb\"},\"inLanguage\":\"pt-PT\",\"potentialAction\":[{\"@type\":\"ReadAction\",\"target\":[\"https:\\\/\\\/inclusivenews.com.br\\\/?p=7965\"]}]},{\"@type\":\"ImageObject\",\"inLanguage\":\"pt-PT\",\"@id\":\"https:\\\/\\\/inclusivenews.com.br\\\/?p=7965#primaryimage\",\"url\":\"http:\\\/\\\/agenciainclusive.files.wordpress.com\\\/2009\\\/01\\\/minuto_da_inclusao.jpg\",\"contentUrl\":\"http:\\\/\\\/agenciainclusive.files.wordpress.com\\\/2009\\\/01\\\/minuto_da_inclusao.jpg\"},{\"@type\":\"BreadcrumbList\",\"@id\":\"https:\\\/\\\/inclusivenews.com.br\\\/?p=7965#breadcrumb\",\"itemListElement\":[{\"@type\":\"ListItem\",\"position\":1,\"name\":\"In\u00edcio\",\"item\":\"https:\\\/\\\/inclusivenews.com.br\\\/\"},{\"@type\":\"ListItem\",\"position\":2,\"name\":\"Minuto da inclus\u00e3o &#8211; Programas 715 a 718\"}]},{\"@type\":\"WebSite\",\"@id\":\"https:\\\/\\\/inclusivenews.com.br\\\/#website\",\"url\":\"https:\\\/\\\/inclusivenews.com.br\\\/\",\"name\":\"Inclusive News\",\"description\":\"Inclusive News\",\"publisher\":{\"@id\":\"https:\\\/\\\/inclusivenews.com.br\\\/#organization\"},\"potentialAction\":[{\"@type\":\"SearchAction\",\"target\":{\"@type\":\"EntryPoint\",\"urlTemplate\":\"https:\\\/\\\/inclusivenews.com.br\\\/?s={search_term_string}\"},\"query-input\":{\"@type\":\"PropertyValueSpecification\",\"valueRequired\":true,\"valueName\":\"search_term_string\"}}],\"inLanguage\":\"pt-PT\"},{\"@type\":\"Organization\",\"@id\":\"https:\\\/\\\/inclusivenews.com.br\\\/#organization\",\"name\":\"Inclusive - inclus\u00e3o e cidadania\",\"url\":\"https:\\\/\\\/inclusivenews.com.br\\\/\",\"logo\":{\"@type\":\"ImageObject\",\"inLanguage\":\"pt-PT\",\"@id\":\"https:\\\/\\\/inclusivenews.com.br\\\/#\\\/schema\\\/logo\\\/image\\\/\",\"url\":\"https:\\\/\\\/inclusivenews.com.br\\\/wp-content\\\/uploads\\\/2024\\\/03\\\/@grandesite.png\",\"contentUrl\":\"https:\\\/\\\/inclusivenews.com.br\\\/wp-content\\\/uploads\\\/2024\\\/03\\\/@grandesite.png\",\"width\":1080,\"height\":1080,\"caption\":\"Inclusive - inclus\u00e3o e cidadania\"},\"image\":{\"@id\":\"https:\\\/\\\/inclusivenews.com.br\\\/#\\\/schema\\\/logo\\\/image\\\/\"},\"sameAs\":[\"https:\\\/\\\/www.facebook.com\\\/agenciainclusive\\\/\",\"https:\\\/\\\/www.instagram.com\\\/newsinclusive\\\/\"]},{\"@type\":\"Person\",\"@id\":\"https:\\\/\\\/inclusivenews.com.br\\\/#\\\/schema\\\/person\\\/0dab492019871b94abb65fa8ee7c8c44\",\"name\":\"Inclusive\",\"image\":{\"@type\":\"ImageObject\",\"inLanguage\":\"pt-PT\",\"@id\":\"https:\\\/\\\/secure.gravatar.com\\\/avatar\\\/?s=96&d=mm&r=g\",\"url\":\"https:\\\/\\\/secure.gravatar.com\\\/avatar\\\/?s=96&d=mm&r=g\",\"contentUrl\":\"https:\\\/\\\/secure.gravatar.com\\\/avatar\\\/?s=96&d=mm&r=g\",\"caption\":\"Inclusive\"},\"url\":\"https:\\\/\\\/inclusivenews.com.br\\\/?author=2\"}]}<\/script>\n<!-- \/ Yoast SEO plugin. -->","yoast_head_json":{"title":"Minuto da inclus\u00e3o - Programas 715 a 718 -","robots":{"index":"index","follow":"follow","max-snippet":"max-snippet:-1","max-image-preview":"max-image-preview:large","max-video-preview":"max-video-preview:-1"},"canonical":"https:\/\/inclusivenews.com.br\/?p=7965","og_locale":"pt_PT","og_type":"article","og_title":"Minuto da inclus\u00e3o - Programas 715 a 718 -","og_description":"Para ouvir os boletins direto do navegador, role o mouse sobre os links e aguarde o player ser exibido na janela popup. Programas 715, 716, 717 e 718 Programa: 715 Ol\u00e1 Brasil! A Comiss\u00e3o de Direitos Humanos e Legisla\u00e7\u00e3o Participativa, do Senado, aprovou mais um projeto de interesse das pessoas com defici\u00eancia e suas fam\u00edlias. [&hellip;]","og_url":"https:\/\/inclusivenews.com.br\/?p=7965","article_publisher":"https:\/\/www.facebook.com\/agenciainclusive\/","article_published_time":"2009-06-02T16:13:42+00:00","og_image":[{"url":"http:\/\/agenciainclusive.files.wordpress.com\/2009\/01\/minuto_da_inclusao.jpg","type":"","width":"","height":""}],"author":"Inclusive","twitter_card":"summary_large_image","twitter_misc":{"Escrito por":"Inclusive","Tempo estimado de leitura":"4 minutos"},"schema":{"@context":"https:\/\/schema.org","@graph":[{"@type":"Article","@id":"https:\/\/inclusivenews.com.br\/?p=7965#article","isPartOf":{"@id":"https:\/\/inclusivenews.com.br\/?p=7965"},"author":{"name":"Inclusive","@id":"https:\/\/inclusivenews.com.br\/#\/schema\/person\/0dab492019871b94abb65fa8ee7c8c44"},"headline":"Minuto da inclus\u00e3o &#8211; Programas 715 a 718","datePublished":"2009-06-02T16:13:42+00:00","mainEntityOfPage":{"@id":"https:\/\/inclusivenews.com.br\/?p=7965"},"wordCount":709,"commentCount":0,"publisher":{"@id":"https:\/\/inclusivenews.com.br\/#organization"},"image":{"@id":"https:\/\/inclusivenews.com.br\/?p=7965#primaryimage"},"thumbnailUrl":"http:\/\/agenciainclusive.files.wordpress.com\/2009\/01\/minuto_da_inclusao.jpg","keywords":["Minuto da Inclusao","Multim\u00eddia"],"articleSection":["\u00c1udio"],"inLanguage":"pt-PT","potentialAction":[{"@type":"CommentAction","name":"Comment","target":["https:\/\/inclusivenews.com.br\/?p=7965#respond"]}]},{"@type":"WebPage","@id":"https:\/\/inclusivenews.com.br\/?p=7965","url":"https:\/\/inclusivenews.com.br\/?p=7965","name":"Minuto da inclus\u00e3o - Programas 715 a 718 -","isPartOf":{"@id":"https:\/\/inclusivenews.com.br\/#website"},"primaryImageOfPage":{"@id":"https:\/\/inclusivenews.com.br\/?p=7965#primaryimage"},"image":{"@id":"https:\/\/inclusivenews.com.br\/?p=7965#primaryimage"},"thumbnailUrl":"http:\/\/agenciainclusive.files.wordpress.com\/2009\/01\/minuto_da_inclusao.jpg","datePublished":"2009-06-02T16:13:42+00:00","breadcrumb":{"@id":"https:\/\/inclusivenews.com.br\/?p=7965#breadcrumb"},"inLanguage":"pt-PT","potentialAction":[{"@type":"ReadAction","target":["https:\/\/inclusivenews.com.br\/?p=7965"]}]},{"@type":"ImageObject","inLanguage":"pt-PT","@id":"https:\/\/inclusivenews.com.br\/?p=7965#primaryimage","url":"http:\/\/agenciainclusive.files.wordpress.com\/2009\/01\/minuto_da_inclusao.jpg","contentUrl":"http:\/\/agenciainclusive.files.wordpress.com\/2009\/01\/minuto_da_inclusao.jpg"},{"@type":"BreadcrumbList","@id":"https:\/\/inclusivenews.com.br\/?p=7965#breadcrumb","itemListElement":[{"@type":"ListItem","position":1,"name":"In\u00edcio","item":"https:\/\/inclusivenews.com.br\/"},{"@type":"ListItem","position":2,"name":"Minuto da inclus\u00e3o &#8211; Programas 715 a 718"}]},{"@type":"WebSite","@id":"https:\/\/inclusivenews.com.br\/#website","url":"https:\/\/inclusivenews.com.br\/","name":"Inclusive News","description":"Inclusive News","publisher":{"@id":"https:\/\/inclusivenews.com.br\/#organization"},"potentialAction":[{"@type":"SearchAction","target":{"@type":"EntryPoint","urlTemplate":"https:\/\/inclusivenews.com.br\/?s={search_term_string}"},"query-input":{"@type":"PropertyValueSpecification","valueRequired":true,"valueName":"search_term_string"}}],"inLanguage":"pt-PT"},{"@type":"Organization","@id":"https:\/\/inclusivenews.com.br\/#organization","name":"Inclusive - inclus\u00e3o e cidadania","url":"https:\/\/inclusivenews.com.br\/","logo":{"@type":"ImageObject","inLanguage":"pt-PT","@id":"https:\/\/inclusivenews.com.br\/#\/schema\/logo\/image\/","url":"https:\/\/inclusivenews.com.br\/wp-content\/uploads\/2024\/03\/@grandesite.png","contentUrl":"https:\/\/inclusivenews.com.br\/wp-content\/uploads\/2024\/03\/@grandesite.png","width":1080,"height":1080,"caption":"Inclusive - inclus\u00e3o e cidadania"},"image":{"@id":"https:\/\/inclusivenews.com.br\/#\/schema\/logo\/image\/"},"sameAs":["https:\/\/www.facebook.com\/agenciainclusive\/","https:\/\/www.instagram.com\/newsinclusive\/"]},{"@type":"Person","@id":"https:\/\/inclusivenews.com.br\/#\/schema\/person\/0dab492019871b94abb65fa8ee7c8c44","name":"Inclusive","image":{"@type":"ImageObject","inLanguage":"pt-PT","@id":"https:\/\/secure.gravatar.com\/avatar\/?s=96&d=mm&r=g","url":"https:\/\/secure.gravatar.com\/avatar\/?s=96&d=mm&r=g","contentUrl":"https:\/\/secure.gravatar.com\/avatar\/?s=96&d=mm&r=g","caption":"Inclusive"},"url":"https:\/\/inclusivenews.com.br\/?author=2"}]}},"_links":{"self":[{"href":"https:\/\/inclusivenews.com.br\/index.php?rest_route=\/wp\/v2\/posts\/7965","targetHints":{"allow":["GET"]}}],"collection":[{"href":"https:\/\/inclusivenews.com.br\/index.php?rest_route=\/wp\/v2\/posts"}],"about":[{"href":"https:\/\/inclusivenews.com.br\/index.php?rest_route=\/wp\/v2\/types\/post"}],"author":[{"embeddable":true,"href":"https:\/\/inclusivenews.com.br\/index.php?rest_route=\/wp\/v2\/users\/2"}],"replies":[{"embeddable":true,"href":"https:\/\/inclusivenews.com.br\/index.php?rest_route=%2Fwp%2Fv2%2Fcomments&post=7965"}],"version-history":[{"count":0,"href":"https:\/\/inclusivenews.com.br\/index.php?rest_route=\/wp\/v2\/posts\/7965\/revisions"}],"wp:attachment":[{"href":"https:\/\/inclusivenews.com.br\/index.php?rest_route=%2Fwp%2Fv2%2Fmedia&parent=7965"}],"wp:term":[{"taxonomy":"category","embeddable":true,"href":"https:\/\/inclusivenews.com.br\/index.php?rest_route=%2Fwp%2Fv2%2Fcategories&post=7965"},{"taxonomy":"post_tag","embeddable":true,"href":"https:\/\/inclusivenews.com.br\/index.php?rest_route=%2Fwp%2Fv2%2Ftags&post=7965"}],"curies":[{"name":"wp","href":"https:\/\/api.w.org\/{rel}","templated":true}]}}