{"id":7973,"date":"2009-06-03T12:09:11","date_gmt":"2009-06-03T12:09:11","guid":{"rendered":"http:\/\/agenciainclusive.wordpress.com\/?p=7973"},"modified":"2009-06-03T12:09:11","modified_gmt":"2009-06-03T12:09:11","slug":"genero-sexualidade-e-diversidade-na-escola-a-construcao-de-uma-cultura-democratica","status":"publish","type":"post","link":"https:\/\/inclusivenews.com.br\/?p=7973","title":{"rendered":"G\u00eanero, sexualidade e diversidade na escola: a constru\u00e7\u00e3o de uma cultura democr\u00e1tica"},"content":{"rendered":"<p>G\u00eanero, sexualidade e diversidade na escola: a constru\u00e7\u00e3o de uma cultura democr\u00e1tica, por Ana Fl\u00e1via do Amaral Madureira. Universidade de Bras\u00edlia.<\/p>\n<p><a href=\"http:\/\/bdtd.bce.unb.br\/tedesimplificado\/tde_busca\/arquivo.php?codArquivo=3278\" target=\"_blank\" rel=\"noopener\">Link para download.<\/a><\/p>\n<p><strong>RESUMO\/ABSTRACT<\/strong><\/p>\n<p>A partir da perspectiva sociocultural construtivista, a pesquisa teve como objetivo analisar as concep\u00e7\u00f5es e cren\u00e7as de professores(as) do Ensino Fundamental, de 5a a 8a s\u00e9ries, da rede p\u00fablica de ensino do Distrito Federal em rela\u00e7\u00e3o \u00e0s quest\u00f5es de g\u00eanero e sexualidade, com destaque para a quest\u00e3o da diversidade sexual e de g\u00eanero. Estas quest\u00f5es foram analisadas sob uma perspectiva te\u00f3rica visando tamb\u00e9m obter subs\u00eddios para futuras propostas para a forma\u00e7\u00e3o docente, inicial e continuada, que contemple as referidas quest\u00f5es. A metodologia consistiu em duas etapas. Na 1a etapa, foram aplicados question\u00e1rios, envolvendo 122 professores(as) do Ensino Fundamental de 5a a 8a s\u00e9ries de sete escolas da rede p\u00fablica de ensino do Distrito Federal. Na 2a etapa, participaram 10 professores(as) de duas escolas que contribu\u00edram na 1a etapa. Foram realizadas entrevistas individuais semi-estruturadas e quatro reuni\u00f5es de grupos focais nas duas escolas. As entrevistas e reuni\u00f5es foram gravadas em \u00e1udio com o consentimento dos(as) participantes. Os resultados indicaram que, apesar da maioria esmagadora acreditar que a escola deve realizar um trabalho de educa\u00e7\u00e3o sexual, h\u00e1 uma lacuna entre o que est\u00e1 previsto nos Par\u00e2metros Curriculares Nacionais e o que ocorre de fato. Quando existe um trabalho de educa\u00e7\u00e3o sexual, este corresponde a um trabalho pontual que n\u00e3o envolve todo corpo docente. Foi, tamb\u00e9m, identificada uma lacuna em termos de forma\u00e7\u00e3o para lidar com as quest\u00f5es de g\u00eanero, sexualidade e diversidade na escola. Ao lidar com tais quest\u00f5es, os(as) professores(as) utilizam suas experi\u00eancias e opini\u00f5es pessoais, e os temas enfatizados s\u00e3o a preven\u00e7\u00e3o das DSTs\/AIDS e da gravidez precoce. Outros temas, como diversidade sexual e preconceito, ocupam um espa\u00e7o secund\u00e1rio. H\u00e1 um sil\u00eancio sobre a dimens\u00e3o afetiva e prazerosa da sexualidade, o que parece distanciar o discurso dos(as) professores(as) do universo adolescente. Os resultados indicaram a necessidade de: (a) incorpora\u00e7\u00e3o dos estudos de g\u00eanero e sexualidade nos cursos de Licenciatura; (b) atividades de capacita\u00e7\u00e3o na \u00e1rea que contemplem discuss\u00f5es sobre as ra\u00edzes hist\u00f3rico-culturais e as bases afetivas dos preconceitos; e (c) ado\u00e7\u00e3o de uma abordagem integrada de combate \u00e0 homofobia e ao sexismo. Na discuss\u00e3o e na conclus\u00e3o, s\u00e3o apresentadas implica\u00e7\u00f5es te\u00f3ricas e pr\u00e1ticas da pesquisa.<\/p>\n","protected":false},"excerpt":{"rendered":"<p>G\u00eanero, sexualidade e diversidade na escola: a constru\u00e7\u00e3o de uma cultura democr\u00e1tica, por Ana Fl\u00e1via do Amaral Madureira. Universidade de Bras\u00edlia. Link para download. RESUMO\/ABSTRACT A partir da perspectiva sociocultural construtivista, a pesquisa teve como objetivo analisar as concep\u00e7\u00f5es e cren\u00e7as de professores(as) do Ensino Fundamental, de 5a a 8a s\u00e9ries, da rede p\u00fablica de [&hellip;]<\/p>\n","protected":false},"author":2,"featured_media":0,"comment_status":"open","ping_status":"open","sticky":false,"template":"","format":"standard","meta":{"site-container-style":"default","site-container-layout":"default","site-sidebar-layout":"default","disable-article-header":"default","disable-site-header":"default","disable-site-footer":"default","disable-content-area-spacing":"default","footnotes":""},"categories":[4,24],"tags":[],"class_list":["post-7973","post","type-post","status-publish","format-standard","hentry","category-noticias","category-producao-academica"],"yoast_head":"<!-- This site is optimized with the Yoast SEO plugin v27.4 - https:\/\/yoast.com\/product\/yoast-seo-wordpress\/ -->\n<title>G\u00eanero, sexualidade e diversidade na escola: a constru\u00e7\u00e3o de uma cultura democr\u00e1tica -<\/title>\n<meta name=\"robots\" content=\"index, follow, max-snippet:-1, max-image-preview:large, max-video-preview:-1\" \/>\n<link rel=\"canonical\" href=\"https:\/\/inclusivenews.com.br\/?p=7973\" \/>\n<meta property=\"og:locale\" content=\"pt_PT\" \/>\n<meta property=\"og:type\" content=\"article\" \/>\n<meta property=\"og:title\" content=\"G\u00eanero, sexualidade e diversidade na escola: a constru\u00e7\u00e3o de uma cultura democr\u00e1tica -\" \/>\n<meta property=\"og:description\" content=\"G\u00eanero, sexualidade e diversidade na escola: a constru\u00e7\u00e3o de uma cultura democr\u00e1tica, por Ana Fl\u00e1via do Amaral Madureira. Universidade de Bras\u00edlia. Link para download. RESUMO\/ABSTRACT A partir da perspectiva sociocultural construtivista, a pesquisa teve como objetivo analisar as concep\u00e7\u00f5es e cren\u00e7as de professores(as) do Ensino Fundamental, de 5a a 8a s\u00e9ries, da rede p\u00fablica de [&hellip;]\" \/>\n<meta property=\"og:url\" content=\"https:\/\/inclusivenews.com.br\/?p=7973\" \/>\n<meta property=\"article:publisher\" content=\"https:\/\/www.facebook.com\/agenciainclusive\/\" \/>\n<meta property=\"article:published_time\" content=\"2009-06-03T12:09:11+00:00\" \/>\n<meta name=\"author\" content=\"Inclusive\" \/>\n<meta name=\"twitter:card\" content=\"summary_large_image\" \/>\n<meta name=\"twitter:label1\" content=\"Escrito por\" \/>\n\t<meta name=\"twitter:data1\" content=\"Inclusive\" \/>\n\t<meta name=\"twitter:label2\" content=\"Tempo estimado de leitura\" \/>\n\t<meta name=\"twitter:data2\" content=\"2 minutos\" \/>\n<script type=\"application\/ld+json\" class=\"yoast-schema-graph\">{\"@context\":\"https:\\\/\\\/schema.org\",\"@graph\":[{\"@type\":\"Article\",\"@id\":\"https:\\\/\\\/inclusivenews.com.br\\\/?p=7973#article\",\"isPartOf\":{\"@id\":\"https:\\\/\\\/inclusivenews.com.br\\\/?p=7973\"},\"author\":{\"name\":\"Inclusive\",\"@id\":\"https:\\\/\\\/inclusivenews.com.br\\\/#\\\/schema\\\/person\\\/0dab492019871b94abb65fa8ee7c8c44\"},\"headline\":\"G\u00eanero, sexualidade e diversidade na escola: a constru\u00e7\u00e3o de uma cultura democr\u00e1tica\",\"datePublished\":\"2009-06-03T12:09:11+00:00\",\"mainEntityOfPage\":{\"@id\":\"https:\\\/\\\/inclusivenews.com.br\\\/?p=7973\"},\"wordCount\":458,\"commentCount\":0,\"publisher\":{\"@id\":\"https:\\\/\\\/inclusivenews.com.br\\\/#organization\"},\"articleSection\":[\"NOT\u00cdCIAS\",\"Produ\u00e7\u00e3o acad\u00eamica\"],\"inLanguage\":\"pt-PT\",\"potentialAction\":[{\"@type\":\"CommentAction\",\"name\":\"Comment\",\"target\":[\"https:\\\/\\\/inclusivenews.com.br\\\/?p=7973#respond\"]}]},{\"@type\":\"WebPage\",\"@id\":\"https:\\\/\\\/inclusivenews.com.br\\\/?p=7973\",\"url\":\"https:\\\/\\\/inclusivenews.com.br\\\/?p=7973\",\"name\":\"G\u00eanero, sexualidade e diversidade na escola: a constru\u00e7\u00e3o de uma cultura democr\u00e1tica -\",\"isPartOf\":{\"@id\":\"https:\\\/\\\/inclusivenews.com.br\\\/#website\"},\"datePublished\":\"2009-06-03T12:09:11+00:00\",\"breadcrumb\":{\"@id\":\"https:\\\/\\\/inclusivenews.com.br\\\/?p=7973#breadcrumb\"},\"inLanguage\":\"pt-PT\",\"potentialAction\":[{\"@type\":\"ReadAction\",\"target\":[\"https:\\\/\\\/inclusivenews.com.br\\\/?p=7973\"]}]},{\"@type\":\"BreadcrumbList\",\"@id\":\"https:\\\/\\\/inclusivenews.com.br\\\/?p=7973#breadcrumb\",\"itemListElement\":[{\"@type\":\"ListItem\",\"position\":1,\"name\":\"In\u00edcio\",\"item\":\"https:\\\/\\\/inclusivenews.com.br\\\/\"},{\"@type\":\"ListItem\",\"position\":2,\"name\":\"G\u00eanero, sexualidade e diversidade na escola: a constru\u00e7\u00e3o de uma cultura democr\u00e1tica\"}]},{\"@type\":\"WebSite\",\"@id\":\"https:\\\/\\\/inclusivenews.com.br\\\/#website\",\"url\":\"https:\\\/\\\/inclusivenews.com.br\\\/\",\"name\":\"Inclusive News\",\"description\":\"Inclusive News\",\"publisher\":{\"@id\":\"https:\\\/\\\/inclusivenews.com.br\\\/#organization\"},\"potentialAction\":[{\"@type\":\"SearchAction\",\"target\":{\"@type\":\"EntryPoint\",\"urlTemplate\":\"https:\\\/\\\/inclusivenews.com.br\\\/?s={search_term_string}\"},\"query-input\":{\"@type\":\"PropertyValueSpecification\",\"valueRequired\":true,\"valueName\":\"search_term_string\"}}],\"inLanguage\":\"pt-PT\"},{\"@type\":\"Organization\",\"@id\":\"https:\\\/\\\/inclusivenews.com.br\\\/#organization\",\"name\":\"Inclusive - inclus\u00e3o e cidadania\",\"url\":\"https:\\\/\\\/inclusivenews.com.br\\\/\",\"logo\":{\"@type\":\"ImageObject\",\"inLanguage\":\"pt-PT\",\"@id\":\"https:\\\/\\\/inclusivenews.com.br\\\/#\\\/schema\\\/logo\\\/image\\\/\",\"url\":\"https:\\\/\\\/inclusivenews.com.br\\\/wp-content\\\/uploads\\\/2024\\\/03\\\/@grandesite.png\",\"contentUrl\":\"https:\\\/\\\/inclusivenews.com.br\\\/wp-content\\\/uploads\\\/2024\\\/03\\\/@grandesite.png\",\"width\":1080,\"height\":1080,\"caption\":\"Inclusive - inclus\u00e3o e cidadania\"},\"image\":{\"@id\":\"https:\\\/\\\/inclusivenews.com.br\\\/#\\\/schema\\\/logo\\\/image\\\/\"},\"sameAs\":[\"https:\\\/\\\/www.facebook.com\\\/agenciainclusive\\\/\",\"https:\\\/\\\/www.instagram.com\\\/newsinclusive\\\/\"]},{\"@type\":\"Person\",\"@id\":\"https:\\\/\\\/inclusivenews.com.br\\\/#\\\/schema\\\/person\\\/0dab492019871b94abb65fa8ee7c8c44\",\"name\":\"Inclusive\",\"image\":{\"@type\":\"ImageObject\",\"inLanguage\":\"pt-PT\",\"@id\":\"https:\\\/\\\/secure.gravatar.com\\\/avatar\\\/?s=96&d=mm&r=g\",\"url\":\"https:\\\/\\\/secure.gravatar.com\\\/avatar\\\/?s=96&d=mm&r=g\",\"contentUrl\":\"https:\\\/\\\/secure.gravatar.com\\\/avatar\\\/?s=96&d=mm&r=g\",\"caption\":\"Inclusive\"},\"url\":\"https:\\\/\\\/inclusivenews.com.br\\\/?author=2\"}]}<\/script>\n<!-- \/ Yoast SEO plugin. -->","yoast_head_json":{"title":"G\u00eanero, sexualidade e diversidade na escola: a constru\u00e7\u00e3o de uma cultura democr\u00e1tica -","robots":{"index":"index","follow":"follow","max-snippet":"max-snippet:-1","max-image-preview":"max-image-preview:large","max-video-preview":"max-video-preview:-1"},"canonical":"https:\/\/inclusivenews.com.br\/?p=7973","og_locale":"pt_PT","og_type":"article","og_title":"G\u00eanero, sexualidade e diversidade na escola: a constru\u00e7\u00e3o de uma cultura democr\u00e1tica -","og_description":"G\u00eanero, sexualidade e diversidade na escola: a constru\u00e7\u00e3o de uma cultura democr\u00e1tica, por Ana Fl\u00e1via do Amaral Madureira. Universidade de Bras\u00edlia. Link para download. RESUMO\/ABSTRACT A partir da perspectiva sociocultural construtivista, a pesquisa teve como objetivo analisar as concep\u00e7\u00f5es e cren\u00e7as de professores(as) do Ensino Fundamental, de 5a a 8a s\u00e9ries, da rede p\u00fablica de [&hellip;]","og_url":"https:\/\/inclusivenews.com.br\/?p=7973","article_publisher":"https:\/\/www.facebook.com\/agenciainclusive\/","article_published_time":"2009-06-03T12:09:11+00:00","author":"Inclusive","twitter_card":"summary_large_image","twitter_misc":{"Escrito por":"Inclusive","Tempo estimado de leitura":"2 minutos"},"schema":{"@context":"https:\/\/schema.org","@graph":[{"@type":"Article","@id":"https:\/\/inclusivenews.com.br\/?p=7973#article","isPartOf":{"@id":"https:\/\/inclusivenews.com.br\/?p=7973"},"author":{"name":"Inclusive","@id":"https:\/\/inclusivenews.com.br\/#\/schema\/person\/0dab492019871b94abb65fa8ee7c8c44"},"headline":"G\u00eanero, sexualidade e diversidade na escola: a constru\u00e7\u00e3o de uma cultura democr\u00e1tica","datePublished":"2009-06-03T12:09:11+00:00","mainEntityOfPage":{"@id":"https:\/\/inclusivenews.com.br\/?p=7973"},"wordCount":458,"commentCount":0,"publisher":{"@id":"https:\/\/inclusivenews.com.br\/#organization"},"articleSection":["NOT\u00cdCIAS","Produ\u00e7\u00e3o acad\u00eamica"],"inLanguage":"pt-PT","potentialAction":[{"@type":"CommentAction","name":"Comment","target":["https:\/\/inclusivenews.com.br\/?p=7973#respond"]}]},{"@type":"WebPage","@id":"https:\/\/inclusivenews.com.br\/?p=7973","url":"https:\/\/inclusivenews.com.br\/?p=7973","name":"G\u00eanero, sexualidade e diversidade na escola: a constru\u00e7\u00e3o de uma cultura democr\u00e1tica -","isPartOf":{"@id":"https:\/\/inclusivenews.com.br\/#website"},"datePublished":"2009-06-03T12:09:11+00:00","breadcrumb":{"@id":"https:\/\/inclusivenews.com.br\/?p=7973#breadcrumb"},"inLanguage":"pt-PT","potentialAction":[{"@type":"ReadAction","target":["https:\/\/inclusivenews.com.br\/?p=7973"]}]},{"@type":"BreadcrumbList","@id":"https:\/\/inclusivenews.com.br\/?p=7973#breadcrumb","itemListElement":[{"@type":"ListItem","position":1,"name":"In\u00edcio","item":"https:\/\/inclusivenews.com.br\/"},{"@type":"ListItem","position":2,"name":"G\u00eanero, sexualidade e diversidade na escola: a constru\u00e7\u00e3o de uma cultura democr\u00e1tica"}]},{"@type":"WebSite","@id":"https:\/\/inclusivenews.com.br\/#website","url":"https:\/\/inclusivenews.com.br\/","name":"Inclusive News","description":"Inclusive News","publisher":{"@id":"https:\/\/inclusivenews.com.br\/#organization"},"potentialAction":[{"@type":"SearchAction","target":{"@type":"EntryPoint","urlTemplate":"https:\/\/inclusivenews.com.br\/?s={search_term_string}"},"query-input":{"@type":"PropertyValueSpecification","valueRequired":true,"valueName":"search_term_string"}}],"inLanguage":"pt-PT"},{"@type":"Organization","@id":"https:\/\/inclusivenews.com.br\/#organization","name":"Inclusive - inclus\u00e3o e cidadania","url":"https:\/\/inclusivenews.com.br\/","logo":{"@type":"ImageObject","inLanguage":"pt-PT","@id":"https:\/\/inclusivenews.com.br\/#\/schema\/logo\/image\/","url":"https:\/\/inclusivenews.com.br\/wp-content\/uploads\/2024\/03\/@grandesite.png","contentUrl":"https:\/\/inclusivenews.com.br\/wp-content\/uploads\/2024\/03\/@grandesite.png","width":1080,"height":1080,"caption":"Inclusive - inclus\u00e3o e cidadania"},"image":{"@id":"https:\/\/inclusivenews.com.br\/#\/schema\/logo\/image\/"},"sameAs":["https:\/\/www.facebook.com\/agenciainclusive\/","https:\/\/www.instagram.com\/newsinclusive\/"]},{"@type":"Person","@id":"https:\/\/inclusivenews.com.br\/#\/schema\/person\/0dab492019871b94abb65fa8ee7c8c44","name":"Inclusive","image":{"@type":"ImageObject","inLanguage":"pt-PT","@id":"https:\/\/secure.gravatar.com\/avatar\/?s=96&d=mm&r=g","url":"https:\/\/secure.gravatar.com\/avatar\/?s=96&d=mm&r=g","contentUrl":"https:\/\/secure.gravatar.com\/avatar\/?s=96&d=mm&r=g","caption":"Inclusive"},"url":"https:\/\/inclusivenews.com.br\/?author=2"}]}},"_links":{"self":[{"href":"https:\/\/inclusivenews.com.br\/index.php?rest_route=\/wp\/v2\/posts\/7973","targetHints":{"allow":["GET"]}}],"collection":[{"href":"https:\/\/inclusivenews.com.br\/index.php?rest_route=\/wp\/v2\/posts"}],"about":[{"href":"https:\/\/inclusivenews.com.br\/index.php?rest_route=\/wp\/v2\/types\/post"}],"author":[{"embeddable":true,"href":"https:\/\/inclusivenews.com.br\/index.php?rest_route=\/wp\/v2\/users\/2"}],"replies":[{"embeddable":true,"href":"https:\/\/inclusivenews.com.br\/index.php?rest_route=%2Fwp%2Fv2%2Fcomments&post=7973"}],"version-history":[{"count":0,"href":"https:\/\/inclusivenews.com.br\/index.php?rest_route=\/wp\/v2\/posts\/7973\/revisions"}],"wp:attachment":[{"href":"https:\/\/inclusivenews.com.br\/index.php?rest_route=%2Fwp%2Fv2%2Fmedia&parent=7973"}],"wp:term":[{"taxonomy":"category","embeddable":true,"href":"https:\/\/inclusivenews.com.br\/index.php?rest_route=%2Fwp%2Fv2%2Fcategories&post=7973"},{"taxonomy":"post_tag","embeddable":true,"href":"https:\/\/inclusivenews.com.br\/index.php?rest_route=%2Fwp%2Fv2%2Ftags&post=7973"}],"curies":[{"name":"wp","href":"https:\/\/api.w.org\/{rel}","templated":true}]}}