{"id":7977,"date":"2009-06-03T12:22:28","date_gmt":"2009-06-03T12:22:28","guid":{"rendered":"http:\/\/agenciainclusive.wordpress.com\/?p=7977"},"modified":"2009-06-03T12:22:28","modified_gmt":"2009-06-03T12:22:28","slug":"minuto-da-inclusao-programas-719-a-722","status":"publish","type":"post","link":"https:\/\/inclusivenews.com.br\/?p=7977","title":{"rendered":"Minuto da inclus\u00e3o &#8211; Programas 719 a 722"},"content":{"rendered":"<figure id=\"attachment_2988\" aria-describedby=\"caption-attachment-2988\" style=\"width: 180px\" class=\"wp-caption alignnone\"><img loading=\"lazy\" decoding=\"async\" class=\"size-full wp-image-2988\" title=\"minuto_da_inclusao\" src=\"http:\/\/agenciainclusive.files.wordpress.com\/2009\/01\/minuto_da_inclusao.jpg\" alt=\"minuto_da_inclusao\" width=\"180\" height=\"78\" \/><figcaption id=\"caption-attachment-2988\" class=\"wp-caption-text\">Na imagem, logotipo do Minuto da Inclus\u00e3o: um rel\u00f3gio simulando uma pessoa de bra\u00e7os abertos contornada por um c\u00edrculo incompleto.<\/figcaption><\/figure>\n<p style=\"text-align:right;\">Para ouvir os boletins direto do navegador,<br \/>\nrole o mouse sobre os links e aguarde<br \/>\no player ser exibido na janela popup.<\/p>\n<p style=\"text-align:left;\"><a href=\"http:\/\/www.upload-mp3.com\/files\/44591_z3zpz\/719_722.mp3\" target=\"_blank\" rel=\"noopener\">Programas 719, 720, 721 e 722<\/a><\/p>\n<p>Programa 719 &#8211; Libras tamb\u00e9m ajuda pessoas com dificuldade de comunica\u00e7\u00e3o<\/p>\n<p>Ol\u00e1 Brasil!<br \/>\nUma pesquisa apresenta resultados positivos no uso da L\u00edngua de Sinais Brasileira, Libras, por pessoas que escutam muito bem, mas com dificuldades para se comunicar. O estudo foi realizado durante o mestrado de Daniela Ribeiro, aluna do Programa de P\u00f3s-Gradua\u00e7\u00e3o em Educa\u00e7\u00e3o Especial da Universidade Federal de S\u00e3o Carlos. Os resultados mostraram poss\u00edveis avan\u00e7os na comunica\u00e7\u00e3o dos participantes com dificuldades de linguagem da fala, que come\u00e7aram a usar os sinais para nomear objetos e pedir coisas. O m\u00e9todo foi reconhecido internacionalmente, sendo classificado em primeiro lugar no Concurso 2009 da Association for Behavior Analysis International. O pr\u00eamio foi recebido durante a conven\u00e7\u00e3o anual da entidade, em Phoenix, nos Estados Unidos. Parab\u00e9ns, Daniela! Esperamos que seu trabalho possa colaborar com a qualidade de vida das pessoas com defici\u00eancia.<br \/>\nTuca Munhoz para o Minuto da Inclus\u00e3o.<br \/>\nFonte: <a href=\"http:\/\/www.segs.com.br\">www.segs.com.br<\/a><\/p>\n<p>Programa 720 &#8211; Sobre a Audioteca Kaete Heymann<\/p>\n<p>Ol\u00e1 Brasil!<br \/>\nAs pessoas com defici\u00eancia visual podem utilizar a Audioteca Kaete Heymann. A entidade sem fins lucrativos \u00e9 ligada a Shalom Liga Israelita do Brasil, Comunidade Shalom, e todo o trabalho \u00e9 feito por volunt\u00e1rios. A Audioteca funciona como uma biblioteca circulante e os livros gravados em fitas e CDs s\u00e3o emprestados gratuitamente. Est\u00e3o dispon\u00edveis mais de oitocentas e trinta obras de literatura brasileira e estrangeira, com romances, romances hist\u00f3ricos, fic\u00e7\u00e3o, n\u00e3o fic\u00e7\u00e3o, entre outros g\u00eaneros. Para utilizar a Audioteca basta fazer a inscri\u00e7\u00e3o por telefone ou email e escolher os livros. A encomenda \u00e9 enviada pelo correio e devolvida da mesma forma, sem custos, atrav\u00e9s do uso do Cecograma. Mais informa\u00e7\u00f5es pelo site: <a href=\"http:\/\/www.shalom.org.br\/audioteca\">www.shalom.org.br\/audioteca<\/a>, <a href=\"http:\/\/www.shalom.org.br\/audioteca\">www.shalom.org.br\/audioteca<\/a> ou pelo telefone 11 3846-5221, 11 3846-5221.<br \/>\nTuca Munhoz para o Minuto da Inclus\u00e3o.<br \/>\nFonte: Rede Saci<\/p>\n<p>Programa 721 &#8211; Pessoas com s\u00edndrome de Down tem menos chance de ter c\u00e2ncer<\/p>\n<p>Ol\u00e1 Brasil!<br \/>\nSegundo um estudo publicado pela revista cient\u00edfica Nature, nos Estados Unidos, as pessoas com S\u00edndrome de Down t\u00eam menos chances de contrair c\u00e2ncer. Isso porque elas possuem c\u00f3pias de genes que podem suprimir o crescimento de vasos sangu\u00edneos que alimentam tumores cancer\u00edgenos. Os pesquisadores, da Universidade de Harvard, usaram c\u00e9lulas-tronco de pessoas com e sem a S\u00edndrome de Down. Quando foram usadas c\u00e9lulas-tronco de pessoas sem a s\u00edndrome os tumores criaram vasos sangu\u00edneos, mas em c\u00e9lulas com s\u00edndrome os vasos sangu\u00edneos n\u00e3o se formaram completamente. Os cientistas acreditam que a descoberta pode abrir novos caminhos na luta contra o c\u00e2ncer e, agora, buscam o desenvolvimento de terapias. Com isso, um dia a forma de se combater o c\u00e2ncer pode ser com uma vitamina preventiva e n\u00e3o mais com drogas t\u00f3xicas. Isso ser\u00e1 \u00f3timo!<br \/>\nTuca Munhoz para o Minuto da Inclus\u00e3o.<br \/>\nFonte: BBC Brasil<\/p>\n<p>Programa 722 &#8211; C\u00e9lulas-tronco para o tratamento de retinose pigmentar<\/p>\n<p>Ol\u00e1 Brasil!<br \/>\nO tratamento com c\u00e9lulas-tronco poder\u00e1 recuperar a vis\u00e3o de pessoas com retinose pigmentar, degenera\u00e7\u00e3o da retina que causa a perda gradual e irrevers\u00edvel da vis\u00e3o. O estudo est\u00e1 sendo conduzido pelo pesquisador do Hemocentro de Ribeir\u00e3o Preto, o professor J\u00falio C\u00e9sar Voltarelli, em parceria com o Hospital das Cl\u00ednicas da mesma cidade. Tr\u00eas volunt\u00e1rios que apresentavam menos de dez por cento de vis\u00e3o j\u00e1 receberam uma inje\u00e7\u00e3o de c\u00e9lulas-tronco, implantadas em uma esp\u00e9cie de gel que fica sobre a retina. As c\u00e9lulas s\u00e3o retiradas da pr\u00f3pria medula \u00f3ssea do paciente. O objetivo agora \u00e9 estudar a seguran\u00e7a da t\u00e9cnica e o comportamento das c\u00e9lulas-tronco em rela\u00e7\u00e3o ao funcionamento da retina. Esperamos um bom resultado e, sobretudo, que a maioria da popula\u00e7\u00e3o tenha acesso a esse tratamento no futuro.<br \/>\nTuca Munhoz para o Minuto da Inclus\u00e3o.<br \/>\nFonte: Rede Saci<\/p>\n","protected":false},"excerpt":{"rendered":"<p>Para ouvir os boletins direto do navegador, role o mouse sobre os links e aguarde o player ser exibido na janela popup. Programas 719, 720, 721 e 722 Programa 719 &#8211; Libras tamb\u00e9m ajuda pessoas com dificuldade de comunica\u00e7\u00e3o Ol\u00e1 Brasil! Uma pesquisa apresenta resultados positivos no uso da L\u00edngua de Sinais Brasileira, Libras, por [&hellip;]<\/p>\n","protected":false},"author":2,"featured_media":0,"comment_status":"open","ping_status":"open","sticky":false,"template":"","format":"standard","meta":{"site-container-style":"default","site-container-layout":"default","site-sidebar-layout":"default","disable-article-header":"default","disable-site-header":"default","disable-site-footer":"default","disable-content-area-spacing":"default","footnotes":""},"categories":[21],"tags":[20,15],"class_list":["post-7977","post","type-post","status-publish","format-standard","hentry","category-audio","tag-minuto-da-inclusao","tag-multimidia"],"yoast_head":"<!-- This site is optimized with the Yoast SEO plugin v27.4 - https:\/\/yoast.com\/product\/yoast-seo-wordpress\/ -->\n<title>Minuto da inclus\u00e3o - Programas 719 a 722 -<\/title>\n<meta name=\"robots\" content=\"index, follow, max-snippet:-1, max-image-preview:large, max-video-preview:-1\" \/>\n<link rel=\"canonical\" href=\"https:\/\/inclusivenews.com.br\/?p=7977\" \/>\n<meta property=\"og:locale\" content=\"pt_PT\" \/>\n<meta property=\"og:type\" content=\"article\" \/>\n<meta property=\"og:title\" content=\"Minuto da inclus\u00e3o - Programas 719 a 722 -\" \/>\n<meta property=\"og:description\" content=\"Para ouvir os boletins direto do navegador, role o mouse sobre os links e aguarde o player ser exibido na janela popup. Programas 719, 720, 721 e 722 Programa 719 &#8211; Libras tamb\u00e9m ajuda pessoas com dificuldade de comunica\u00e7\u00e3o Ol\u00e1 Brasil! Uma pesquisa apresenta resultados positivos no uso da L\u00edngua de Sinais Brasileira, Libras, por [&hellip;]\" \/>\n<meta property=\"og:url\" content=\"https:\/\/inclusivenews.com.br\/?p=7977\" \/>\n<meta property=\"article:publisher\" content=\"https:\/\/www.facebook.com\/agenciainclusive\/\" \/>\n<meta property=\"article:published_time\" content=\"2009-06-03T12:22:28+00:00\" \/>\n<meta property=\"og:image\" content=\"http:\/\/agenciainclusive.files.wordpress.com\/2009\/01\/minuto_da_inclusao.jpg\" \/>\n<meta name=\"author\" content=\"Inclusive\" \/>\n<meta name=\"twitter:card\" content=\"summary_large_image\" \/>\n<meta name=\"twitter:label1\" content=\"Escrito por\" \/>\n\t<meta name=\"twitter:data1\" content=\"Inclusive\" \/>\n\t<meta name=\"twitter:label2\" content=\"Tempo estimado de leitura\" \/>\n\t<meta name=\"twitter:data2\" content=\"4 minutos\" \/>\n<script type=\"application\/ld+json\" class=\"yoast-schema-graph\">{\"@context\":\"https:\\\/\\\/schema.org\",\"@graph\":[{\"@type\":\"Article\",\"@id\":\"https:\\\/\\\/inclusivenews.com.br\\\/?p=7977#article\",\"isPartOf\":{\"@id\":\"https:\\\/\\\/inclusivenews.com.br\\\/?p=7977\"},\"author\":{\"name\":\"Inclusive\",\"@id\":\"https:\\\/\\\/inclusivenews.com.br\\\/#\\\/schema\\\/person\\\/0dab492019871b94abb65fa8ee7c8c44\"},\"headline\":\"Minuto da inclus\u00e3o &#8211; Programas 719 a 722\",\"datePublished\":\"2009-06-03T12:22:28+00:00\",\"mainEntityOfPage\":{\"@id\":\"https:\\\/\\\/inclusivenews.com.br\\\/?p=7977\"},\"wordCount\":742,\"commentCount\":0,\"publisher\":{\"@id\":\"https:\\\/\\\/inclusivenews.com.br\\\/#organization\"},\"image\":{\"@id\":\"https:\\\/\\\/inclusivenews.com.br\\\/?p=7977#primaryimage\"},\"thumbnailUrl\":\"http:\\\/\\\/agenciainclusive.files.wordpress.com\\\/2009\\\/01\\\/minuto_da_inclusao.jpg\",\"keywords\":[\"Minuto da Inclusao\",\"Multim\u00eddia\"],\"articleSection\":[\"\u00c1udio\"],\"inLanguage\":\"pt-PT\",\"potentialAction\":[{\"@type\":\"CommentAction\",\"name\":\"Comment\",\"target\":[\"https:\\\/\\\/inclusivenews.com.br\\\/?p=7977#respond\"]}]},{\"@type\":\"WebPage\",\"@id\":\"https:\\\/\\\/inclusivenews.com.br\\\/?p=7977\",\"url\":\"https:\\\/\\\/inclusivenews.com.br\\\/?p=7977\",\"name\":\"Minuto da inclus\u00e3o - Programas 719 a 722 -\",\"isPartOf\":{\"@id\":\"https:\\\/\\\/inclusivenews.com.br\\\/#website\"},\"primaryImageOfPage\":{\"@id\":\"https:\\\/\\\/inclusivenews.com.br\\\/?p=7977#primaryimage\"},\"image\":{\"@id\":\"https:\\\/\\\/inclusivenews.com.br\\\/?p=7977#primaryimage\"},\"thumbnailUrl\":\"http:\\\/\\\/agenciainclusive.files.wordpress.com\\\/2009\\\/01\\\/minuto_da_inclusao.jpg\",\"datePublished\":\"2009-06-03T12:22:28+00:00\",\"breadcrumb\":{\"@id\":\"https:\\\/\\\/inclusivenews.com.br\\\/?p=7977#breadcrumb\"},\"inLanguage\":\"pt-PT\",\"potentialAction\":[{\"@type\":\"ReadAction\",\"target\":[\"https:\\\/\\\/inclusivenews.com.br\\\/?p=7977\"]}]},{\"@type\":\"ImageObject\",\"inLanguage\":\"pt-PT\",\"@id\":\"https:\\\/\\\/inclusivenews.com.br\\\/?p=7977#primaryimage\",\"url\":\"http:\\\/\\\/agenciainclusive.files.wordpress.com\\\/2009\\\/01\\\/minuto_da_inclusao.jpg\",\"contentUrl\":\"http:\\\/\\\/agenciainclusive.files.wordpress.com\\\/2009\\\/01\\\/minuto_da_inclusao.jpg\"},{\"@type\":\"BreadcrumbList\",\"@id\":\"https:\\\/\\\/inclusivenews.com.br\\\/?p=7977#breadcrumb\",\"itemListElement\":[{\"@type\":\"ListItem\",\"position\":1,\"name\":\"In\u00edcio\",\"item\":\"https:\\\/\\\/inclusivenews.com.br\\\/\"},{\"@type\":\"ListItem\",\"position\":2,\"name\":\"Minuto da inclus\u00e3o &#8211; Programas 719 a 722\"}]},{\"@type\":\"WebSite\",\"@id\":\"https:\\\/\\\/inclusivenews.com.br\\\/#website\",\"url\":\"https:\\\/\\\/inclusivenews.com.br\\\/\",\"name\":\"Inclusive News\",\"description\":\"Inclusive News\",\"publisher\":{\"@id\":\"https:\\\/\\\/inclusivenews.com.br\\\/#organization\"},\"potentialAction\":[{\"@type\":\"SearchAction\",\"target\":{\"@type\":\"EntryPoint\",\"urlTemplate\":\"https:\\\/\\\/inclusivenews.com.br\\\/?s={search_term_string}\"},\"query-input\":{\"@type\":\"PropertyValueSpecification\",\"valueRequired\":true,\"valueName\":\"search_term_string\"}}],\"inLanguage\":\"pt-PT\"},{\"@type\":\"Organization\",\"@id\":\"https:\\\/\\\/inclusivenews.com.br\\\/#organization\",\"name\":\"Inclusive - inclus\u00e3o e cidadania\",\"url\":\"https:\\\/\\\/inclusivenews.com.br\\\/\",\"logo\":{\"@type\":\"ImageObject\",\"inLanguage\":\"pt-PT\",\"@id\":\"https:\\\/\\\/inclusivenews.com.br\\\/#\\\/schema\\\/logo\\\/image\\\/\",\"url\":\"https:\\\/\\\/inclusivenews.com.br\\\/wp-content\\\/uploads\\\/2024\\\/03\\\/@grandesite.png\",\"contentUrl\":\"https:\\\/\\\/inclusivenews.com.br\\\/wp-content\\\/uploads\\\/2024\\\/03\\\/@grandesite.png\",\"width\":1080,\"height\":1080,\"caption\":\"Inclusive - inclus\u00e3o e cidadania\"},\"image\":{\"@id\":\"https:\\\/\\\/inclusivenews.com.br\\\/#\\\/schema\\\/logo\\\/image\\\/\"},\"sameAs\":[\"https:\\\/\\\/www.facebook.com\\\/agenciainclusive\\\/\",\"https:\\\/\\\/www.instagram.com\\\/newsinclusive\\\/\"]},{\"@type\":\"Person\",\"@id\":\"https:\\\/\\\/inclusivenews.com.br\\\/#\\\/schema\\\/person\\\/0dab492019871b94abb65fa8ee7c8c44\",\"name\":\"Inclusive\",\"image\":{\"@type\":\"ImageObject\",\"inLanguage\":\"pt-PT\",\"@id\":\"https:\\\/\\\/secure.gravatar.com\\\/avatar\\\/?s=96&d=mm&r=g\",\"url\":\"https:\\\/\\\/secure.gravatar.com\\\/avatar\\\/?s=96&d=mm&r=g\",\"contentUrl\":\"https:\\\/\\\/secure.gravatar.com\\\/avatar\\\/?s=96&d=mm&r=g\",\"caption\":\"Inclusive\"},\"url\":\"https:\\\/\\\/inclusivenews.com.br\\\/?author=2\"}]}<\/script>\n<!-- \/ Yoast SEO plugin. -->","yoast_head_json":{"title":"Minuto da inclus\u00e3o - Programas 719 a 722 -","robots":{"index":"index","follow":"follow","max-snippet":"max-snippet:-1","max-image-preview":"max-image-preview:large","max-video-preview":"max-video-preview:-1"},"canonical":"https:\/\/inclusivenews.com.br\/?p=7977","og_locale":"pt_PT","og_type":"article","og_title":"Minuto da inclus\u00e3o - Programas 719 a 722 -","og_description":"Para ouvir os boletins direto do navegador, role o mouse sobre os links e aguarde o player ser exibido na janela popup. Programas 719, 720, 721 e 722 Programa 719 &#8211; Libras tamb\u00e9m ajuda pessoas com dificuldade de comunica\u00e7\u00e3o Ol\u00e1 Brasil! Uma pesquisa apresenta resultados positivos no uso da L\u00edngua de Sinais Brasileira, Libras, por [&hellip;]","og_url":"https:\/\/inclusivenews.com.br\/?p=7977","article_publisher":"https:\/\/www.facebook.com\/agenciainclusive\/","article_published_time":"2009-06-03T12:22:28+00:00","og_image":[{"url":"http:\/\/agenciainclusive.files.wordpress.com\/2009\/01\/minuto_da_inclusao.jpg","type":"","width":"","height":""}],"author":"Inclusive","twitter_card":"summary_large_image","twitter_misc":{"Escrito por":"Inclusive","Tempo estimado de leitura":"4 minutos"},"schema":{"@context":"https:\/\/schema.org","@graph":[{"@type":"Article","@id":"https:\/\/inclusivenews.com.br\/?p=7977#article","isPartOf":{"@id":"https:\/\/inclusivenews.com.br\/?p=7977"},"author":{"name":"Inclusive","@id":"https:\/\/inclusivenews.com.br\/#\/schema\/person\/0dab492019871b94abb65fa8ee7c8c44"},"headline":"Minuto da inclus\u00e3o &#8211; Programas 719 a 722","datePublished":"2009-06-03T12:22:28+00:00","mainEntityOfPage":{"@id":"https:\/\/inclusivenews.com.br\/?p=7977"},"wordCount":742,"commentCount":0,"publisher":{"@id":"https:\/\/inclusivenews.com.br\/#organization"},"image":{"@id":"https:\/\/inclusivenews.com.br\/?p=7977#primaryimage"},"thumbnailUrl":"http:\/\/agenciainclusive.files.wordpress.com\/2009\/01\/minuto_da_inclusao.jpg","keywords":["Minuto da Inclusao","Multim\u00eddia"],"articleSection":["\u00c1udio"],"inLanguage":"pt-PT","potentialAction":[{"@type":"CommentAction","name":"Comment","target":["https:\/\/inclusivenews.com.br\/?p=7977#respond"]}]},{"@type":"WebPage","@id":"https:\/\/inclusivenews.com.br\/?p=7977","url":"https:\/\/inclusivenews.com.br\/?p=7977","name":"Minuto da inclus\u00e3o - Programas 719 a 722 -","isPartOf":{"@id":"https:\/\/inclusivenews.com.br\/#website"},"primaryImageOfPage":{"@id":"https:\/\/inclusivenews.com.br\/?p=7977#primaryimage"},"image":{"@id":"https:\/\/inclusivenews.com.br\/?p=7977#primaryimage"},"thumbnailUrl":"http:\/\/agenciainclusive.files.wordpress.com\/2009\/01\/minuto_da_inclusao.jpg","datePublished":"2009-06-03T12:22:28+00:00","breadcrumb":{"@id":"https:\/\/inclusivenews.com.br\/?p=7977#breadcrumb"},"inLanguage":"pt-PT","potentialAction":[{"@type":"ReadAction","target":["https:\/\/inclusivenews.com.br\/?p=7977"]}]},{"@type":"ImageObject","inLanguage":"pt-PT","@id":"https:\/\/inclusivenews.com.br\/?p=7977#primaryimage","url":"http:\/\/agenciainclusive.files.wordpress.com\/2009\/01\/minuto_da_inclusao.jpg","contentUrl":"http:\/\/agenciainclusive.files.wordpress.com\/2009\/01\/minuto_da_inclusao.jpg"},{"@type":"BreadcrumbList","@id":"https:\/\/inclusivenews.com.br\/?p=7977#breadcrumb","itemListElement":[{"@type":"ListItem","position":1,"name":"In\u00edcio","item":"https:\/\/inclusivenews.com.br\/"},{"@type":"ListItem","position":2,"name":"Minuto da inclus\u00e3o &#8211; Programas 719 a 722"}]},{"@type":"WebSite","@id":"https:\/\/inclusivenews.com.br\/#website","url":"https:\/\/inclusivenews.com.br\/","name":"Inclusive News","description":"Inclusive News","publisher":{"@id":"https:\/\/inclusivenews.com.br\/#organization"},"potentialAction":[{"@type":"SearchAction","target":{"@type":"EntryPoint","urlTemplate":"https:\/\/inclusivenews.com.br\/?s={search_term_string}"},"query-input":{"@type":"PropertyValueSpecification","valueRequired":true,"valueName":"search_term_string"}}],"inLanguage":"pt-PT"},{"@type":"Organization","@id":"https:\/\/inclusivenews.com.br\/#organization","name":"Inclusive - inclus\u00e3o e cidadania","url":"https:\/\/inclusivenews.com.br\/","logo":{"@type":"ImageObject","inLanguage":"pt-PT","@id":"https:\/\/inclusivenews.com.br\/#\/schema\/logo\/image\/","url":"https:\/\/inclusivenews.com.br\/wp-content\/uploads\/2024\/03\/@grandesite.png","contentUrl":"https:\/\/inclusivenews.com.br\/wp-content\/uploads\/2024\/03\/@grandesite.png","width":1080,"height":1080,"caption":"Inclusive - inclus\u00e3o e cidadania"},"image":{"@id":"https:\/\/inclusivenews.com.br\/#\/schema\/logo\/image\/"},"sameAs":["https:\/\/www.facebook.com\/agenciainclusive\/","https:\/\/www.instagram.com\/newsinclusive\/"]},{"@type":"Person","@id":"https:\/\/inclusivenews.com.br\/#\/schema\/person\/0dab492019871b94abb65fa8ee7c8c44","name":"Inclusive","image":{"@type":"ImageObject","inLanguage":"pt-PT","@id":"https:\/\/secure.gravatar.com\/avatar\/?s=96&d=mm&r=g","url":"https:\/\/secure.gravatar.com\/avatar\/?s=96&d=mm&r=g","contentUrl":"https:\/\/secure.gravatar.com\/avatar\/?s=96&d=mm&r=g","caption":"Inclusive"},"url":"https:\/\/inclusivenews.com.br\/?author=2"}]}},"_links":{"self":[{"href":"https:\/\/inclusivenews.com.br\/index.php?rest_route=\/wp\/v2\/posts\/7977","targetHints":{"allow":["GET"]}}],"collection":[{"href":"https:\/\/inclusivenews.com.br\/index.php?rest_route=\/wp\/v2\/posts"}],"about":[{"href":"https:\/\/inclusivenews.com.br\/index.php?rest_route=\/wp\/v2\/types\/post"}],"author":[{"embeddable":true,"href":"https:\/\/inclusivenews.com.br\/index.php?rest_route=\/wp\/v2\/users\/2"}],"replies":[{"embeddable":true,"href":"https:\/\/inclusivenews.com.br\/index.php?rest_route=%2Fwp%2Fv2%2Fcomments&post=7977"}],"version-history":[{"count":0,"href":"https:\/\/inclusivenews.com.br\/index.php?rest_route=\/wp\/v2\/posts\/7977\/revisions"}],"wp:attachment":[{"href":"https:\/\/inclusivenews.com.br\/index.php?rest_route=%2Fwp%2Fv2%2Fmedia&parent=7977"}],"wp:term":[{"taxonomy":"category","embeddable":true,"href":"https:\/\/inclusivenews.com.br\/index.php?rest_route=%2Fwp%2Fv2%2Fcategories&post=7977"},{"taxonomy":"post_tag","embeddable":true,"href":"https:\/\/inclusivenews.com.br\/index.php?rest_route=%2Fwp%2Fv2%2Ftags&post=7977"}],"curies":[{"name":"wp","href":"https:\/\/api.w.org\/{rel}","templated":true}]}}