{"id":7986,"date":"2009-06-03T12:52:45","date_gmt":"2009-06-03T12:52:45","guid":{"rendered":"http:\/\/agenciainclusive.wordpress.com\/?p=7986"},"modified":"2009-06-03T12:52:45","modified_gmt":"2009-06-03T12:52:45","slug":"dialogo-governo-e-sociedade-civil-pela-cidadania-lgbt","status":"publish","type":"post","link":"https:\/\/inclusivenews.com.br\/?p=7986","title":{"rendered":"Di\u00e1logo governo e sociedade civil pela cidadania LGBT"},"content":{"rendered":"<figure id=\"attachment_2029\" aria-describedby=\"caption-attachment-2029\" style=\"width: 163px\" class=\"wp-caption alignleft\"><a href=\"http:\/\/agenciainclusive.files.wordpress.com\/2008\/11\/ibase.gif\"><img loading=\"lazy\" decoding=\"async\" class=\"size-full wp-image-2029\" title=\"ibase\" src=\"http:\/\/agenciainclusive.files.wordpress.com\/2008\/11\/ibase.gif\" alt=\"ibase\" width=\"163\" height=\"61\" \/><\/a><figcaption id=\"caption-attachment-2029\" class=\"wp-caption-text\">Descri\u00e7\u00e3o da imagem: logotipo do IBASE. Sobre a sigla IBASE, a letra B forma o nome de Betinho.<\/figcaption><\/figure>\n<p><strong>Jamile Chequer<\/strong><\/p>\n<p>O di\u00e1logo entre sociedade civil e estado teve seu primeiro passo rumo a um aprofundamento produtivo. Foi empossado, oficialmente, em 18 de maio, o Conselho dos Direitos da Popula\u00e7\u00e3o de L\u00e9sbicas, Gays, Bissexuais, Travestis e Transexuais (LGBT) do estado do Rio de Janeiro, ligado diretamente \u00e0 Secretaria de Assist\u00eancia Social e Direitos Humanos e composto por 40 membros \u2013 40% governo e 60% sociedade civil. Outros estados como Goi\u00e1s, Par\u00e1 e S\u00e3o Paulo tamb\u00e9m possuem conselhos semelhantes.<\/p>\n<p>Neste momento, parece que o estado do Rio de Janeiro entra na esteira do fortalecimento de uma m\u00e1xima que vem sendo constru\u00edda e reconstru\u00edda desde a d\u00e9cada de 1980 no Brasil: a formula\u00e7\u00e3o da pol\u00edtica p\u00fablica entendida como efetiva a partir do di\u00e1logo com a sociedade civil. A iniciativa ocorre em uma conjuntura de sinaliza\u00e7\u00e3o do governo federal para o\u00a0 Plano Nacional da Cidadania dos Direitos Humanos de LGBT, lan\u00e7ado em 14 de maio, que prev\u00ea a inclus\u00e3o de importantes reivindica\u00e7\u00f5es do movimento LGBT e a cria\u00e7\u00e3o de um conselho nacional. At\u00e9 2011, por exemplo, a tem\u00e1tica das fam\u00edlias compostas por l\u00e9sbicas, gays, bissexuais, travestis e transexuais ser\u00e1 inclu\u00edda nos livros did\u00e1ticos.<\/p>\n<p>As cerca de 350 pessoas que lotaram o\u00a0 Sal\u00e3o Nobre do Pal\u00e1cio Guanabara participaram de um marco hist\u00f3rico na luta contra a homofobia. N\u00e3o s\u00f3 isso, presenciaram uma manifesta\u00e7\u00e3o p\u00fablica de compromisso pol\u00edtico com as quest\u00f5es LGBT a partir, principalmente, da fala do governador S\u00e9rgio Cabral. Ele entende o espa\u00e7o como um \u201cconselho articulado com a sociedade, que elabore propostas, que chame a aten\u00e7\u00e3o para erros e signifique as conquistas necess\u00e1rias de cidadania\u201d.<\/p>\n<p>O Conselho joga luz em um segmento da sociedade que, por muitas vezes, \u00e9 dado como \u201cinexistente\u201d ou admitido como um problema a ser \u201cresolvido\u201d. Uma sociedade democr\u00e1tica, de fato, n\u00e3o \u00e9 aquela que segrega ou exclui, mas a que percebe a diversidade, a diferen\u00e7a como algo que potencializa os seres humanos.\u00a0 O marco \u00e9 hist\u00f3rico e simb\u00f3lico, uma vez que o estado do Rio reconhece e entende \u201cque s\u00f3 \u00e9 poss\u00edvel construir uma Rep\u00fablica, uma democracia, quando todos os segmentos da sociedade est\u00e3o inclu\u00eddos\u201d, como bem frisou Cl\u00e1udio Nascimento, superintendente de Direitos Individuais, Coletivos e Difusos e presidente do Conselho.<\/p>\n<p>Ali\u00e1s, Nascimento foi ovacionado pelas pessoas presentes. N\u00e3o \u00e9 para menos. Fundador do Grupo Arco-\u00cdris de Cidadania LGBT, ele \u00e9 um grande ativista e um dos pioneiros na causa pela uni\u00e3o civil de pessoas do mesmo sexo. Casou ele mesmo publicamente, enfatizando que o desejo, o amor e o sexo n\u00e3o podem ser colocados em uma caixinha determinada por uma sociedade que navega em preconceitos velados (ou n\u00e3o) e em explica\u00e7\u00f5es biol\u00f3gicas e no exotismo para o que, a primeira vista, parece ser \u201co outro\u201d.<\/p>\n<p>A ousadia fluminense est\u00e1 no car\u00e1ter deliberativo do Conselho. \u201cTeremos voz e decis\u00f5es sobre o que nos diz respeito\u201d, afirma Yone Lindgre, coordenadora geral do Movimento D\u2019Ellas, uma das entidades integrantes.<\/p>\n<p>Mais avan\u00e7os<\/p>\n<p>Em 28 de junho, ser\u00e1 lan\u00e7ado o Programa Estadual Rio Sem Homofobia, que prev\u00ea esfor\u00e7os de 12 secretarias e 114 a\u00e7\u00f5es de promo\u00e7\u00e3o da cidadania. Entre elas, o Disque-Cidadania LGBT, que funcionar\u00e1\u00a0 24 horas, e centros de apoio jur\u00eddico, psicol\u00f3gico e de assist\u00eancia social a esse segmento da popula\u00e7\u00e3o. Mais de R$ 4 milh\u00f5es est\u00e3o sendo destinados para a implementa\u00e7\u00e3o dessas a\u00e7\u00f5es.<\/p>\n<p>A homofobia discrimina e violenta os direitos das pessoas LGBT. E isso \u00e9 inadmiss\u00edvel, para dizer o m\u00ednimo. Somam mais de 3 mil os assassinatos cometidos em decorr\u00eancia de orienta\u00e7\u00e3o sexual e identidade de g\u00eanero.\u00a0 Por isso, uma das maiores conquistas imediatas foi a inclus\u00e3o da homofobia como motiva\u00e7\u00e3o de crime, a partir de 1\u00ba de junho, no Boletim de Ocorr\u00eancia das 132 delegacias do estado. Com isso, poder\u00e3o ser constru\u00eddas estat\u00edsticas que joguem luz nessa dura realidade.<\/p>\n<p>Jogar luz na causa \u00e9 fundamental para que ela passe a fazer parte do cotidiano da cidade, do estado, dos cidad\u00e3os e das cidad\u00e3s. S\u00e9rgio Cabral at\u00e9 conclamou policiais, bombeiros a sa\u00edrem fardados na Parada Gay. Se isso vai acontecer realmente, n\u00e3o se sabe, mas seria um divisor de \u00e1guas encontrar essas pessoas exercendo sua plena cidadania (sem retalia\u00e7\u00e3o), unidas \u00e0s mais de 1,2 milh\u00e3o (2008) que tomam Copacabana com as cores do arco-\u00edris todos os anos.<\/p>\n<p>Grupos LGBT que comp\u00f5em o Conselho Estadual dos Direitos da Popula\u00e7\u00e3o LGBT:<\/p>\n<p>1.Grupo Arco-\u00cdris \u2013 LGBT \u2013 Rio de Janeiro<br \/>\n2.Movimento D\u2019Ellas \u2013 L\u00e9sbica \u2013 Rio de Janeiro<br \/>\n3.Associa\u00e7\u00e3o das Travestis e Transexuais do Rio de Janeiro (Astra-Rio) \u2013 Travestis e Transexuais \u2013 Rio de Janeiro<br \/>\n4.Grupo de Mulheres Felipa de Sousa \u2013 L\u00e9sbica \u2013 Rio de Janeiro<br \/>\n5.Centro de Documenta\u00e7\u00e3o e Informa\u00e7\u00e3o Coisa de Mulher (Cedoicom) \u2013 L\u00e9sbica \u2013 Rio de Janeiro<br \/>\n6.Grupo Diversidade Niter\u00f3i \u2013 LGBT \u2013 Niter\u00f3i<br \/>\n7.Grupo 28 de junho \u2013 LGBT \u2013 Nova Igua\u00e7u<br \/>\n8.Associa\u00e7\u00e3o de Gays e Amigos de Nova Igua\u00e7u e Mesquita (Aganim) \u2013 LGBT \u2013 Mesquita<br \/>\n9.Grupo Tri\u00e2ngulo Rosa \u2013 LGBT &#8211; Belford Roxo<br \/>\n10.Grupo Diversidade Sexual (GDS) \u2013 LGBT \u2013 S\u00e3o Jo\u00e3o de Meriti<br \/>\n11.Grupo Cabo Free \u2013 LGBT \u2013 Cabo Frio<br \/>\n12.Grupo Iguais \u2013 LGBT \u2013 Cabo Frio<br \/>\n13. Cores da Vida \u2013 LGBT \u2013 Rio das Ostras<br \/>\n14.Movimento da Diversidade Sexual (MDS) \u2013 LGBT \u2013 Maca\u00e9<\/p>\n<p>Publicado em 29\/05\/2009.<\/p>\n<p>Fonte: <a href=\"http:\/\/www.ibase.br\/modules.php?name=Conteudo&amp;pid=2665\">http:\/\/www.ibase.br\/modules.php?name=Conteudo&amp;pid=2665<\/a><\/p>\n","protected":false},"excerpt":{"rendered":"<p>Jamile Chequer O di\u00e1logo entre sociedade civil e estado teve seu primeiro passo rumo a um aprofundamento produtivo. Foi empossado, oficialmente, em 18 de maio, o Conselho dos Direitos da Popula\u00e7\u00e3o de L\u00e9sbicas, Gays, Bissexuais, Travestis e Transexuais (LGBT) do estado do Rio de Janeiro, ligado diretamente \u00e0 Secretaria de Assist\u00eancia Social e Direitos Humanos [&hellip;]<\/p>\n","protected":false},"author":2,"featured_media":0,"comment_status":"open","ping_status":"open","sticky":false,"template":"","format":"standard","meta":{"site-container-style":"default","site-container-layout":"default","site-sidebar-layout":"default","disable-article-header":"default","disable-site-header":"default","disable-site-footer":"default","disable-content-area-spacing":"default","footnotes":""},"categories":[11],"tags":[],"class_list":["post-7986","post","type-post","status-publish","format-standard","hentry","category-direitos-humanos"],"yoast_head":"<!-- This site is optimized with the Yoast SEO plugin v27.4 - https:\/\/yoast.com\/product\/yoast-seo-wordpress\/ -->\n<title>Di\u00e1logo governo e sociedade civil pela cidadania LGBT -<\/title>\n<meta name=\"robots\" content=\"index, follow, max-snippet:-1, max-image-preview:large, max-video-preview:-1\" \/>\n<link rel=\"canonical\" href=\"https:\/\/inclusivenews.com.br\/?p=7986\" \/>\n<meta property=\"og:locale\" content=\"pt_PT\" \/>\n<meta property=\"og:type\" content=\"article\" \/>\n<meta property=\"og:title\" content=\"Di\u00e1logo governo e sociedade civil pela cidadania LGBT -\" \/>\n<meta property=\"og:description\" content=\"Jamile Chequer O di\u00e1logo entre sociedade civil e estado teve seu primeiro passo rumo a um aprofundamento produtivo. Foi empossado, oficialmente, em 18 de maio, o Conselho dos Direitos da Popula\u00e7\u00e3o de L\u00e9sbicas, Gays, Bissexuais, Travestis e Transexuais (LGBT) do estado do Rio de Janeiro, ligado diretamente \u00e0 Secretaria de Assist\u00eancia Social e Direitos Humanos [&hellip;]\" \/>\n<meta property=\"og:url\" content=\"https:\/\/inclusivenews.com.br\/?p=7986\" \/>\n<meta property=\"article:publisher\" content=\"https:\/\/www.facebook.com\/agenciainclusive\/\" \/>\n<meta property=\"article:published_time\" content=\"2009-06-03T12:52:45+00:00\" \/>\n<meta property=\"og:image\" content=\"http:\/\/agenciainclusive.files.wordpress.com\/2008\/11\/ibase.gif\" \/>\n<meta name=\"author\" content=\"Inclusive\" \/>\n<meta name=\"twitter:card\" content=\"summary_large_image\" \/>\n<meta name=\"twitter:label1\" content=\"Escrito por\" \/>\n\t<meta name=\"twitter:data1\" content=\"Inclusive\" \/>\n\t<meta name=\"twitter:label2\" content=\"Tempo estimado de leitura\" \/>\n\t<meta name=\"twitter:data2\" content=\"5 minutos\" \/>\n<script type=\"application\/ld+json\" class=\"yoast-schema-graph\">{\"@context\":\"https:\\\/\\\/schema.org\",\"@graph\":[{\"@type\":\"Article\",\"@id\":\"https:\\\/\\\/inclusivenews.com.br\\\/?p=7986#article\",\"isPartOf\":{\"@id\":\"https:\\\/\\\/inclusivenews.com.br\\\/?p=7986\"},\"author\":{\"name\":\"Inclusive\",\"@id\":\"https:\\\/\\\/inclusivenews.com.br\\\/#\\\/schema\\\/person\\\/0dab492019871b94abb65fa8ee7c8c44\"},\"headline\":\"Di\u00e1logo governo e sociedade civil pela cidadania LGBT\",\"datePublished\":\"2009-06-03T12:52:45+00:00\",\"mainEntityOfPage\":{\"@id\":\"https:\\\/\\\/inclusivenews.com.br\\\/?p=7986\"},\"wordCount\":957,\"commentCount\":2,\"publisher\":{\"@id\":\"https:\\\/\\\/inclusivenews.com.br\\\/#organization\"},\"image\":{\"@id\":\"https:\\\/\\\/inclusivenews.com.br\\\/?p=7986#primaryimage\"},\"thumbnailUrl\":\"http:\\\/\\\/agenciainclusive.files.wordpress.com\\\/2008\\\/11\\\/ibase.gif\",\"articleSection\":[\"DIREITOS HUMANOS\"],\"inLanguage\":\"pt-PT\",\"potentialAction\":[{\"@type\":\"CommentAction\",\"name\":\"Comment\",\"target\":[\"https:\\\/\\\/inclusivenews.com.br\\\/?p=7986#respond\"]}]},{\"@type\":\"WebPage\",\"@id\":\"https:\\\/\\\/inclusivenews.com.br\\\/?p=7986\",\"url\":\"https:\\\/\\\/inclusivenews.com.br\\\/?p=7986\",\"name\":\"Di\u00e1logo governo e sociedade civil pela cidadania LGBT -\",\"isPartOf\":{\"@id\":\"https:\\\/\\\/inclusivenews.com.br\\\/#website\"},\"primaryImageOfPage\":{\"@id\":\"https:\\\/\\\/inclusivenews.com.br\\\/?p=7986#primaryimage\"},\"image\":{\"@id\":\"https:\\\/\\\/inclusivenews.com.br\\\/?p=7986#primaryimage\"},\"thumbnailUrl\":\"http:\\\/\\\/agenciainclusive.files.wordpress.com\\\/2008\\\/11\\\/ibase.gif\",\"datePublished\":\"2009-06-03T12:52:45+00:00\",\"breadcrumb\":{\"@id\":\"https:\\\/\\\/inclusivenews.com.br\\\/?p=7986#breadcrumb\"},\"inLanguage\":\"pt-PT\",\"potentialAction\":[{\"@type\":\"ReadAction\",\"target\":[\"https:\\\/\\\/inclusivenews.com.br\\\/?p=7986\"]}]},{\"@type\":\"ImageObject\",\"inLanguage\":\"pt-PT\",\"@id\":\"https:\\\/\\\/inclusivenews.com.br\\\/?p=7986#primaryimage\",\"url\":\"http:\\\/\\\/agenciainclusive.files.wordpress.com\\\/2008\\\/11\\\/ibase.gif\",\"contentUrl\":\"http:\\\/\\\/agenciainclusive.files.wordpress.com\\\/2008\\\/11\\\/ibase.gif\"},{\"@type\":\"BreadcrumbList\",\"@id\":\"https:\\\/\\\/inclusivenews.com.br\\\/?p=7986#breadcrumb\",\"itemListElement\":[{\"@type\":\"ListItem\",\"position\":1,\"name\":\"In\u00edcio\",\"item\":\"https:\\\/\\\/inclusivenews.com.br\\\/\"},{\"@type\":\"ListItem\",\"position\":2,\"name\":\"Di\u00e1logo governo e sociedade civil pela cidadania LGBT\"}]},{\"@type\":\"WebSite\",\"@id\":\"https:\\\/\\\/inclusivenews.com.br\\\/#website\",\"url\":\"https:\\\/\\\/inclusivenews.com.br\\\/\",\"name\":\"Inclusive News\",\"description\":\"Inclusive News\",\"publisher\":{\"@id\":\"https:\\\/\\\/inclusivenews.com.br\\\/#organization\"},\"potentialAction\":[{\"@type\":\"SearchAction\",\"target\":{\"@type\":\"EntryPoint\",\"urlTemplate\":\"https:\\\/\\\/inclusivenews.com.br\\\/?s={search_term_string}\"},\"query-input\":{\"@type\":\"PropertyValueSpecification\",\"valueRequired\":true,\"valueName\":\"search_term_string\"}}],\"inLanguage\":\"pt-PT\"},{\"@type\":\"Organization\",\"@id\":\"https:\\\/\\\/inclusivenews.com.br\\\/#organization\",\"name\":\"Inclusive - inclus\u00e3o e cidadania\",\"url\":\"https:\\\/\\\/inclusivenews.com.br\\\/\",\"logo\":{\"@type\":\"ImageObject\",\"inLanguage\":\"pt-PT\",\"@id\":\"https:\\\/\\\/inclusivenews.com.br\\\/#\\\/schema\\\/logo\\\/image\\\/\",\"url\":\"https:\\\/\\\/inclusivenews.com.br\\\/wp-content\\\/uploads\\\/2024\\\/03\\\/@grandesite.png\",\"contentUrl\":\"https:\\\/\\\/inclusivenews.com.br\\\/wp-content\\\/uploads\\\/2024\\\/03\\\/@grandesite.png\",\"width\":1080,\"height\":1080,\"caption\":\"Inclusive - inclus\u00e3o e cidadania\"},\"image\":{\"@id\":\"https:\\\/\\\/inclusivenews.com.br\\\/#\\\/schema\\\/logo\\\/image\\\/\"},\"sameAs\":[\"https:\\\/\\\/www.facebook.com\\\/agenciainclusive\\\/\",\"https:\\\/\\\/www.instagram.com\\\/newsinclusive\\\/\"]},{\"@type\":\"Person\",\"@id\":\"https:\\\/\\\/inclusivenews.com.br\\\/#\\\/schema\\\/person\\\/0dab492019871b94abb65fa8ee7c8c44\",\"name\":\"Inclusive\",\"image\":{\"@type\":\"ImageObject\",\"inLanguage\":\"pt-PT\",\"@id\":\"https:\\\/\\\/secure.gravatar.com\\\/avatar\\\/?s=96&d=mm&r=g\",\"url\":\"https:\\\/\\\/secure.gravatar.com\\\/avatar\\\/?s=96&d=mm&r=g\",\"contentUrl\":\"https:\\\/\\\/secure.gravatar.com\\\/avatar\\\/?s=96&d=mm&r=g\",\"caption\":\"Inclusive\"},\"url\":\"https:\\\/\\\/inclusivenews.com.br\\\/?author=2\"}]}<\/script>\n<!-- \/ Yoast SEO plugin. -->","yoast_head_json":{"title":"Di\u00e1logo governo e sociedade civil pela cidadania LGBT -","robots":{"index":"index","follow":"follow","max-snippet":"max-snippet:-1","max-image-preview":"max-image-preview:large","max-video-preview":"max-video-preview:-1"},"canonical":"https:\/\/inclusivenews.com.br\/?p=7986","og_locale":"pt_PT","og_type":"article","og_title":"Di\u00e1logo governo e sociedade civil pela cidadania LGBT -","og_description":"Jamile Chequer O di\u00e1logo entre sociedade civil e estado teve seu primeiro passo rumo a um aprofundamento produtivo. Foi empossado, oficialmente, em 18 de maio, o Conselho dos Direitos da Popula\u00e7\u00e3o de L\u00e9sbicas, Gays, Bissexuais, Travestis e Transexuais (LGBT) do estado do Rio de Janeiro, ligado diretamente \u00e0 Secretaria de Assist\u00eancia Social e Direitos Humanos [&hellip;]","og_url":"https:\/\/inclusivenews.com.br\/?p=7986","article_publisher":"https:\/\/www.facebook.com\/agenciainclusive\/","article_published_time":"2009-06-03T12:52:45+00:00","og_image":[{"url":"http:\/\/agenciainclusive.files.wordpress.com\/2008\/11\/ibase.gif","type":"","width":"","height":""}],"author":"Inclusive","twitter_card":"summary_large_image","twitter_misc":{"Escrito por":"Inclusive","Tempo estimado de leitura":"5 minutos"},"schema":{"@context":"https:\/\/schema.org","@graph":[{"@type":"Article","@id":"https:\/\/inclusivenews.com.br\/?p=7986#article","isPartOf":{"@id":"https:\/\/inclusivenews.com.br\/?p=7986"},"author":{"name":"Inclusive","@id":"https:\/\/inclusivenews.com.br\/#\/schema\/person\/0dab492019871b94abb65fa8ee7c8c44"},"headline":"Di\u00e1logo governo e sociedade civil pela cidadania LGBT","datePublished":"2009-06-03T12:52:45+00:00","mainEntityOfPage":{"@id":"https:\/\/inclusivenews.com.br\/?p=7986"},"wordCount":957,"commentCount":2,"publisher":{"@id":"https:\/\/inclusivenews.com.br\/#organization"},"image":{"@id":"https:\/\/inclusivenews.com.br\/?p=7986#primaryimage"},"thumbnailUrl":"http:\/\/agenciainclusive.files.wordpress.com\/2008\/11\/ibase.gif","articleSection":["DIREITOS HUMANOS"],"inLanguage":"pt-PT","potentialAction":[{"@type":"CommentAction","name":"Comment","target":["https:\/\/inclusivenews.com.br\/?p=7986#respond"]}]},{"@type":"WebPage","@id":"https:\/\/inclusivenews.com.br\/?p=7986","url":"https:\/\/inclusivenews.com.br\/?p=7986","name":"Di\u00e1logo governo e sociedade civil pela cidadania LGBT -","isPartOf":{"@id":"https:\/\/inclusivenews.com.br\/#website"},"primaryImageOfPage":{"@id":"https:\/\/inclusivenews.com.br\/?p=7986#primaryimage"},"image":{"@id":"https:\/\/inclusivenews.com.br\/?p=7986#primaryimage"},"thumbnailUrl":"http:\/\/agenciainclusive.files.wordpress.com\/2008\/11\/ibase.gif","datePublished":"2009-06-03T12:52:45+00:00","breadcrumb":{"@id":"https:\/\/inclusivenews.com.br\/?p=7986#breadcrumb"},"inLanguage":"pt-PT","potentialAction":[{"@type":"ReadAction","target":["https:\/\/inclusivenews.com.br\/?p=7986"]}]},{"@type":"ImageObject","inLanguage":"pt-PT","@id":"https:\/\/inclusivenews.com.br\/?p=7986#primaryimage","url":"http:\/\/agenciainclusive.files.wordpress.com\/2008\/11\/ibase.gif","contentUrl":"http:\/\/agenciainclusive.files.wordpress.com\/2008\/11\/ibase.gif"},{"@type":"BreadcrumbList","@id":"https:\/\/inclusivenews.com.br\/?p=7986#breadcrumb","itemListElement":[{"@type":"ListItem","position":1,"name":"In\u00edcio","item":"https:\/\/inclusivenews.com.br\/"},{"@type":"ListItem","position":2,"name":"Di\u00e1logo governo e sociedade civil pela cidadania LGBT"}]},{"@type":"WebSite","@id":"https:\/\/inclusivenews.com.br\/#website","url":"https:\/\/inclusivenews.com.br\/","name":"Inclusive News","description":"Inclusive News","publisher":{"@id":"https:\/\/inclusivenews.com.br\/#organization"},"potentialAction":[{"@type":"SearchAction","target":{"@type":"EntryPoint","urlTemplate":"https:\/\/inclusivenews.com.br\/?s={search_term_string}"},"query-input":{"@type":"PropertyValueSpecification","valueRequired":true,"valueName":"search_term_string"}}],"inLanguage":"pt-PT"},{"@type":"Organization","@id":"https:\/\/inclusivenews.com.br\/#organization","name":"Inclusive - inclus\u00e3o e cidadania","url":"https:\/\/inclusivenews.com.br\/","logo":{"@type":"ImageObject","inLanguage":"pt-PT","@id":"https:\/\/inclusivenews.com.br\/#\/schema\/logo\/image\/","url":"https:\/\/inclusivenews.com.br\/wp-content\/uploads\/2024\/03\/@grandesite.png","contentUrl":"https:\/\/inclusivenews.com.br\/wp-content\/uploads\/2024\/03\/@grandesite.png","width":1080,"height":1080,"caption":"Inclusive - inclus\u00e3o e cidadania"},"image":{"@id":"https:\/\/inclusivenews.com.br\/#\/schema\/logo\/image\/"},"sameAs":["https:\/\/www.facebook.com\/agenciainclusive\/","https:\/\/www.instagram.com\/newsinclusive\/"]},{"@type":"Person","@id":"https:\/\/inclusivenews.com.br\/#\/schema\/person\/0dab492019871b94abb65fa8ee7c8c44","name":"Inclusive","image":{"@type":"ImageObject","inLanguage":"pt-PT","@id":"https:\/\/secure.gravatar.com\/avatar\/?s=96&d=mm&r=g","url":"https:\/\/secure.gravatar.com\/avatar\/?s=96&d=mm&r=g","contentUrl":"https:\/\/secure.gravatar.com\/avatar\/?s=96&d=mm&r=g","caption":"Inclusive"},"url":"https:\/\/inclusivenews.com.br\/?author=2"}]}},"_links":{"self":[{"href":"https:\/\/inclusivenews.com.br\/index.php?rest_route=\/wp\/v2\/posts\/7986","targetHints":{"allow":["GET"]}}],"collection":[{"href":"https:\/\/inclusivenews.com.br\/index.php?rest_route=\/wp\/v2\/posts"}],"about":[{"href":"https:\/\/inclusivenews.com.br\/index.php?rest_route=\/wp\/v2\/types\/post"}],"author":[{"embeddable":true,"href":"https:\/\/inclusivenews.com.br\/index.php?rest_route=\/wp\/v2\/users\/2"}],"replies":[{"embeddable":true,"href":"https:\/\/inclusivenews.com.br\/index.php?rest_route=%2Fwp%2Fv2%2Fcomments&post=7986"}],"version-history":[{"count":0,"href":"https:\/\/inclusivenews.com.br\/index.php?rest_route=\/wp\/v2\/posts\/7986\/revisions"}],"wp:attachment":[{"href":"https:\/\/inclusivenews.com.br\/index.php?rest_route=%2Fwp%2Fv2%2Fmedia&parent=7986"}],"wp:term":[{"taxonomy":"category","embeddable":true,"href":"https:\/\/inclusivenews.com.br\/index.php?rest_route=%2Fwp%2Fv2%2Fcategories&post=7986"},{"taxonomy":"post_tag","embeddable":true,"href":"https:\/\/inclusivenews.com.br\/index.php?rest_route=%2Fwp%2Fv2%2Ftags&post=7986"}],"curies":[{"name":"wp","href":"https:\/\/api.w.org\/{rel}","templated":true}]}}