{"id":8071,"date":"2009-06-06T10:17:36","date_gmt":"2009-06-06T10:17:36","guid":{"rendered":"http:\/\/agenciainclusive.wordpress.com\/?p=8071"},"modified":"2009-06-06T10:17:36","modified_gmt":"2009-06-06T10:17:36","slug":"assim-vivemos-07-de-junho","status":"publish","type":"post","link":"https:\/\/inclusivenews.com.br\/?p=8071","title":{"rendered":"Assim Vivemos &#8211; 07 de junho"},"content":{"rendered":"<p>Programa Assim Vivemos \u2013 domingos, \u00e0s 18h30 na TV Brasil,<br \/>\nsempre com um Chat ao vivo a partir das 19h no Site<\/p>\n<p>Todas as acessibilidades dispon\u00edveis na TV e no Site: Audiodescri\u00e7\u00e3o, LIBRAS e CC<\/p>\n<p>Programa 07 junho<\/p>\n<p>Perfil: Rodrigo Chaves Lopes de Oliveira<\/p>\n<p>Mostramos o dia-a-dia de trabalho e lazer de Rodrigo, que tem S\u00edndrome de<br \/>\nDown. Rodrigo ficou conhecido ao aparecer surfando no filme Do Luto \u00e0 Luta,<br \/>\nde Evaldo Mocarzel, mas atualmente est\u00e1 sem tempo para ir \u00e0 praia.<\/p>\n<p>Filme: Os Pregadores de Roupa<\/p>\n<p>Diretor: Jo\u00ebl Brisse (22 min. Fran\u00e7a, 1997)<\/p>\n<p>Sinopse: Alban \u00e9 um rapaz cego de 15 anos que lida com sua defici\u00eancia com<br \/>\nauto-ironia e despreocupa\u00e7\u00e3o. Sua rotina \u00e9 basicamente entre sua casa e a<br \/>\nescola, onde se diverte com os amigos. Um dia, \u00e9 premiado com uma c\u00e2mera por<br \/>\num projeto especial na escola e de algum modo descobre que nem tudo na vida<br \/>\n\u00e9 imediatamente acess\u00edvel a ele. Mas encontra sua maneira particular de<br \/>\nlidar com a nova experi\u00eancia.<\/p>\n<p>Quem perdeu o programa do domingo passado, n\u00e3o esque\u00e7a: O Assim Vivemos<br \/>\ntamb\u00e9m fica dispon\u00edvel no site <a href=\"http:\/\/www.tvbrasil.org.br\/assimvivemos\">www.tvbrasil.org.br\/assimvivemos<\/a> durante uma semana &#8211; com Audiodescri\u00e7\u00e3o,<br \/>\nLIBRAS e CC.<\/p>\n<p>Acesse o site e confira! E nesse domingo, o Chat contar\u00e1 com a presen\u00e7a de<br \/>\nF\u00e1bio Adiron, nosso convidado para debater os temas do programa.<\/p>\n<p>Apresenta\u00e7\u00e3o: Moira Braga e Nelson Pimenta<br \/>\nDire\u00e7\u00e3o geral: Gustavo Acioli<\/p>\n<p>Produ\u00e7\u00e3o Executiva: Lara Pozzobon<\/p>\n<p>Int\u00e9rprete de Libras: Jhonatas Narciso<\/p>\n<p>Coordenador do Chat: Marco Ant\u00f4nio de Queiroz<\/p>\n<p>Audiodescri\u00e7\u00e3o: Cinema Falado<br \/>\nProdu\u00e7\u00e3o: Lavoro Produ\u00e7\u00f5es<\/p>\n<p>Sintonize a TV Brasil:<\/p>\n<p>TV aberta \u2013 canal 2 VHF e 32 UHF (transmissora da zona rural).<\/p>\n<p>Em SP, canal digital 63 UHF<br \/>\nNet &#8211; canais 4 (SP), 16 (DF), 18 (RJ e MA)<br \/>\nSky-Direct TV \u2013 canal 116<br \/>\nTVA digital &#8211; canal 181 (RJ e SP)<br \/>\nNa internet, assista ao vivo: <a href=\"http:\/\/www.tvbrasil.org.br\">www.tvbrasil.org.br<\/a><\/p>\n","protected":false},"excerpt":{"rendered":"<p>Programa Assim Vivemos \u2013 domingos, \u00e0s 18h30 na TV Brasil, sempre com um Chat ao vivo a partir das 19h no Site Todas as acessibilidades dispon\u00edveis na TV e no Site: Audiodescri\u00e7\u00e3o, LIBRAS e CC Programa 07 junho Perfil: Rodrigo Chaves Lopes de Oliveira Mostramos o dia-a-dia de trabalho e lazer de Rodrigo, que tem [&hellip;]<\/p>\n","protected":false},"author":2,"featured_media":0,"comment_status":"open","ping_status":"open","sticky":false,"template":"","format":"standard","meta":{"site-container-style":"default","site-container-layout":"default","site-sidebar-layout":"default","disable-article-header":"default","disable-site-header":"default","disable-site-footer":"default","disable-content-area-spacing":"default","footnotes":""},"categories":[4],"tags":[],"class_list":["post-8071","post","type-post","status-publish","format-standard","hentry","category-noticias"],"yoast_head":"<!-- This site is optimized with the Yoast SEO plugin v27.4 - https:\/\/yoast.com\/product\/yoast-seo-wordpress\/ -->\n<title>Assim Vivemos - 07 de junho -<\/title>\n<meta name=\"robots\" content=\"index, follow, max-snippet:-1, max-image-preview:large, max-video-preview:-1\" \/>\n<link rel=\"canonical\" href=\"https:\/\/inclusivenews.com.br\/?p=8071\" \/>\n<meta property=\"og:locale\" content=\"pt_PT\" \/>\n<meta property=\"og:type\" content=\"article\" \/>\n<meta property=\"og:title\" content=\"Assim Vivemos - 07 de junho -\" \/>\n<meta property=\"og:description\" content=\"Programa Assim Vivemos \u2013 domingos, \u00e0s 18h30 na TV Brasil, sempre com um Chat ao vivo a partir das 19h no Site Todas as acessibilidades dispon\u00edveis na TV e no Site: Audiodescri\u00e7\u00e3o, LIBRAS e CC Programa 07 junho Perfil: Rodrigo Chaves Lopes de Oliveira Mostramos o dia-a-dia de trabalho e lazer de Rodrigo, que tem [&hellip;]\" \/>\n<meta property=\"og:url\" content=\"https:\/\/inclusivenews.com.br\/?p=8071\" \/>\n<meta property=\"article:publisher\" content=\"https:\/\/www.facebook.com\/agenciainclusive\/\" \/>\n<meta property=\"article:published_time\" content=\"2009-06-06T10:17:36+00:00\" \/>\n<meta name=\"author\" content=\"Inclusive\" \/>\n<meta name=\"twitter:card\" content=\"summary_large_image\" \/>\n<meta name=\"twitter:label1\" content=\"Escrito por\" \/>\n\t<meta name=\"twitter:data1\" content=\"Inclusive\" \/>\n\t<meta name=\"twitter:label2\" content=\"Tempo estimado de leitura\" \/>\n\t<meta name=\"twitter:data2\" content=\"2 minutos\" \/>\n<script type=\"application\/ld+json\" class=\"yoast-schema-graph\">{\"@context\":\"https:\\\/\\\/schema.org\",\"@graph\":[{\"@type\":\"Article\",\"@id\":\"https:\\\/\\\/inclusivenews.com.br\\\/?p=8071#article\",\"isPartOf\":{\"@id\":\"https:\\\/\\\/inclusivenews.com.br\\\/?p=8071\"},\"author\":{\"name\":\"Inclusive\",\"@id\":\"https:\\\/\\\/inclusivenews.com.br\\\/#\\\/schema\\\/person\\\/0dab492019871b94abb65fa8ee7c8c44\"},\"headline\":\"Assim Vivemos &#8211; 07 de junho\",\"datePublished\":\"2009-06-06T10:17:36+00:00\",\"mainEntityOfPage\":{\"@id\":\"https:\\\/\\\/inclusivenews.com.br\\\/?p=8071\"},\"wordCount\":320,\"commentCount\":0,\"publisher\":{\"@id\":\"https:\\\/\\\/inclusivenews.com.br\\\/#organization\"},\"articleSection\":[\"NOT\u00cdCIAS\"],\"inLanguage\":\"pt-PT\",\"potentialAction\":[{\"@type\":\"CommentAction\",\"name\":\"Comment\",\"target\":[\"https:\\\/\\\/inclusivenews.com.br\\\/?p=8071#respond\"]}]},{\"@type\":\"WebPage\",\"@id\":\"https:\\\/\\\/inclusivenews.com.br\\\/?p=8071\",\"url\":\"https:\\\/\\\/inclusivenews.com.br\\\/?p=8071\",\"name\":\"Assim Vivemos - 07 de junho -\",\"isPartOf\":{\"@id\":\"https:\\\/\\\/inclusivenews.com.br\\\/#website\"},\"datePublished\":\"2009-06-06T10:17:36+00:00\",\"breadcrumb\":{\"@id\":\"https:\\\/\\\/inclusivenews.com.br\\\/?p=8071#breadcrumb\"},\"inLanguage\":\"pt-PT\",\"potentialAction\":[{\"@type\":\"ReadAction\",\"target\":[\"https:\\\/\\\/inclusivenews.com.br\\\/?p=8071\"]}]},{\"@type\":\"BreadcrumbList\",\"@id\":\"https:\\\/\\\/inclusivenews.com.br\\\/?p=8071#breadcrumb\",\"itemListElement\":[{\"@type\":\"ListItem\",\"position\":1,\"name\":\"In\u00edcio\",\"item\":\"https:\\\/\\\/inclusivenews.com.br\\\/\"},{\"@type\":\"ListItem\",\"position\":2,\"name\":\"Assim Vivemos &#8211; 07 de junho\"}]},{\"@type\":\"WebSite\",\"@id\":\"https:\\\/\\\/inclusivenews.com.br\\\/#website\",\"url\":\"https:\\\/\\\/inclusivenews.com.br\\\/\",\"name\":\"Inclusive News\",\"description\":\"Inclusive News\",\"publisher\":{\"@id\":\"https:\\\/\\\/inclusivenews.com.br\\\/#organization\"},\"potentialAction\":[{\"@type\":\"SearchAction\",\"target\":{\"@type\":\"EntryPoint\",\"urlTemplate\":\"https:\\\/\\\/inclusivenews.com.br\\\/?s={search_term_string}\"},\"query-input\":{\"@type\":\"PropertyValueSpecification\",\"valueRequired\":true,\"valueName\":\"search_term_string\"}}],\"inLanguage\":\"pt-PT\"},{\"@type\":\"Organization\",\"@id\":\"https:\\\/\\\/inclusivenews.com.br\\\/#organization\",\"name\":\"Inclusive - inclus\u00e3o e cidadania\",\"url\":\"https:\\\/\\\/inclusivenews.com.br\\\/\",\"logo\":{\"@type\":\"ImageObject\",\"inLanguage\":\"pt-PT\",\"@id\":\"https:\\\/\\\/inclusivenews.com.br\\\/#\\\/schema\\\/logo\\\/image\\\/\",\"url\":\"https:\\\/\\\/inclusivenews.com.br\\\/wp-content\\\/uploads\\\/2024\\\/03\\\/@grandesite.png\",\"contentUrl\":\"https:\\\/\\\/inclusivenews.com.br\\\/wp-content\\\/uploads\\\/2024\\\/03\\\/@grandesite.png\",\"width\":1080,\"height\":1080,\"caption\":\"Inclusive - inclus\u00e3o e cidadania\"},\"image\":{\"@id\":\"https:\\\/\\\/inclusivenews.com.br\\\/#\\\/schema\\\/logo\\\/image\\\/\"},\"sameAs\":[\"https:\\\/\\\/www.facebook.com\\\/agenciainclusive\\\/\",\"https:\\\/\\\/www.instagram.com\\\/newsinclusive\\\/\"]},{\"@type\":\"Person\",\"@id\":\"https:\\\/\\\/inclusivenews.com.br\\\/#\\\/schema\\\/person\\\/0dab492019871b94abb65fa8ee7c8c44\",\"name\":\"Inclusive\",\"image\":{\"@type\":\"ImageObject\",\"inLanguage\":\"pt-PT\",\"@id\":\"https:\\\/\\\/secure.gravatar.com\\\/avatar\\\/?s=96&d=mm&r=g\",\"url\":\"https:\\\/\\\/secure.gravatar.com\\\/avatar\\\/?s=96&d=mm&r=g\",\"contentUrl\":\"https:\\\/\\\/secure.gravatar.com\\\/avatar\\\/?s=96&d=mm&r=g\",\"caption\":\"Inclusive\"},\"url\":\"https:\\\/\\\/inclusivenews.com.br\\\/?author=2\"}]}<\/script>\n<!-- \/ Yoast SEO plugin. -->","yoast_head_json":{"title":"Assim Vivemos - 07 de junho -","robots":{"index":"index","follow":"follow","max-snippet":"max-snippet:-1","max-image-preview":"max-image-preview:large","max-video-preview":"max-video-preview:-1"},"canonical":"https:\/\/inclusivenews.com.br\/?p=8071","og_locale":"pt_PT","og_type":"article","og_title":"Assim Vivemos - 07 de junho -","og_description":"Programa Assim Vivemos \u2013 domingos, \u00e0s 18h30 na TV Brasil, sempre com um Chat ao vivo a partir das 19h no Site Todas as acessibilidades dispon\u00edveis na TV e no Site: Audiodescri\u00e7\u00e3o, LIBRAS e CC Programa 07 junho Perfil: Rodrigo Chaves Lopes de Oliveira Mostramos o dia-a-dia de trabalho e lazer de Rodrigo, que tem [&hellip;]","og_url":"https:\/\/inclusivenews.com.br\/?p=8071","article_publisher":"https:\/\/www.facebook.com\/agenciainclusive\/","article_published_time":"2009-06-06T10:17:36+00:00","author":"Inclusive","twitter_card":"summary_large_image","twitter_misc":{"Escrito por":"Inclusive","Tempo estimado de leitura":"2 minutos"},"schema":{"@context":"https:\/\/schema.org","@graph":[{"@type":"Article","@id":"https:\/\/inclusivenews.com.br\/?p=8071#article","isPartOf":{"@id":"https:\/\/inclusivenews.com.br\/?p=8071"},"author":{"name":"Inclusive","@id":"https:\/\/inclusivenews.com.br\/#\/schema\/person\/0dab492019871b94abb65fa8ee7c8c44"},"headline":"Assim Vivemos &#8211; 07 de junho","datePublished":"2009-06-06T10:17:36+00:00","mainEntityOfPage":{"@id":"https:\/\/inclusivenews.com.br\/?p=8071"},"wordCount":320,"commentCount":0,"publisher":{"@id":"https:\/\/inclusivenews.com.br\/#organization"},"articleSection":["NOT\u00cdCIAS"],"inLanguage":"pt-PT","potentialAction":[{"@type":"CommentAction","name":"Comment","target":["https:\/\/inclusivenews.com.br\/?p=8071#respond"]}]},{"@type":"WebPage","@id":"https:\/\/inclusivenews.com.br\/?p=8071","url":"https:\/\/inclusivenews.com.br\/?p=8071","name":"Assim Vivemos - 07 de junho -","isPartOf":{"@id":"https:\/\/inclusivenews.com.br\/#website"},"datePublished":"2009-06-06T10:17:36+00:00","breadcrumb":{"@id":"https:\/\/inclusivenews.com.br\/?p=8071#breadcrumb"},"inLanguage":"pt-PT","potentialAction":[{"@type":"ReadAction","target":["https:\/\/inclusivenews.com.br\/?p=8071"]}]},{"@type":"BreadcrumbList","@id":"https:\/\/inclusivenews.com.br\/?p=8071#breadcrumb","itemListElement":[{"@type":"ListItem","position":1,"name":"In\u00edcio","item":"https:\/\/inclusivenews.com.br\/"},{"@type":"ListItem","position":2,"name":"Assim Vivemos &#8211; 07 de junho"}]},{"@type":"WebSite","@id":"https:\/\/inclusivenews.com.br\/#website","url":"https:\/\/inclusivenews.com.br\/","name":"Inclusive News","description":"Inclusive News","publisher":{"@id":"https:\/\/inclusivenews.com.br\/#organization"},"potentialAction":[{"@type":"SearchAction","target":{"@type":"EntryPoint","urlTemplate":"https:\/\/inclusivenews.com.br\/?s={search_term_string}"},"query-input":{"@type":"PropertyValueSpecification","valueRequired":true,"valueName":"search_term_string"}}],"inLanguage":"pt-PT"},{"@type":"Organization","@id":"https:\/\/inclusivenews.com.br\/#organization","name":"Inclusive - inclus\u00e3o e cidadania","url":"https:\/\/inclusivenews.com.br\/","logo":{"@type":"ImageObject","inLanguage":"pt-PT","@id":"https:\/\/inclusivenews.com.br\/#\/schema\/logo\/image\/","url":"https:\/\/inclusivenews.com.br\/wp-content\/uploads\/2024\/03\/@grandesite.png","contentUrl":"https:\/\/inclusivenews.com.br\/wp-content\/uploads\/2024\/03\/@grandesite.png","width":1080,"height":1080,"caption":"Inclusive - inclus\u00e3o e cidadania"},"image":{"@id":"https:\/\/inclusivenews.com.br\/#\/schema\/logo\/image\/"},"sameAs":["https:\/\/www.facebook.com\/agenciainclusive\/","https:\/\/www.instagram.com\/newsinclusive\/"]},{"@type":"Person","@id":"https:\/\/inclusivenews.com.br\/#\/schema\/person\/0dab492019871b94abb65fa8ee7c8c44","name":"Inclusive","image":{"@type":"ImageObject","inLanguage":"pt-PT","@id":"https:\/\/secure.gravatar.com\/avatar\/?s=96&d=mm&r=g","url":"https:\/\/secure.gravatar.com\/avatar\/?s=96&d=mm&r=g","contentUrl":"https:\/\/secure.gravatar.com\/avatar\/?s=96&d=mm&r=g","caption":"Inclusive"},"url":"https:\/\/inclusivenews.com.br\/?author=2"}]}},"_links":{"self":[{"href":"https:\/\/inclusivenews.com.br\/index.php?rest_route=\/wp\/v2\/posts\/8071","targetHints":{"allow":["GET"]}}],"collection":[{"href":"https:\/\/inclusivenews.com.br\/index.php?rest_route=\/wp\/v2\/posts"}],"about":[{"href":"https:\/\/inclusivenews.com.br\/index.php?rest_route=\/wp\/v2\/types\/post"}],"author":[{"embeddable":true,"href":"https:\/\/inclusivenews.com.br\/index.php?rest_route=\/wp\/v2\/users\/2"}],"replies":[{"embeddable":true,"href":"https:\/\/inclusivenews.com.br\/index.php?rest_route=%2Fwp%2Fv2%2Fcomments&post=8071"}],"version-history":[{"count":0,"href":"https:\/\/inclusivenews.com.br\/index.php?rest_route=\/wp\/v2\/posts\/8071\/revisions"}],"wp:attachment":[{"href":"https:\/\/inclusivenews.com.br\/index.php?rest_route=%2Fwp%2Fv2%2Fmedia&parent=8071"}],"wp:term":[{"taxonomy":"category","embeddable":true,"href":"https:\/\/inclusivenews.com.br\/index.php?rest_route=%2Fwp%2Fv2%2Fcategories&post=8071"},{"taxonomy":"post_tag","embeddable":true,"href":"https:\/\/inclusivenews.com.br\/index.php?rest_route=%2Fwp%2Fv2%2Ftags&post=8071"}],"curies":[{"name":"wp","href":"https:\/\/api.w.org\/{rel}","templated":true}]}}