{"id":8074,"date":"2009-06-06T10:21:32","date_gmt":"2009-06-06T10:21:32","guid":{"rendered":"http:\/\/agenciainclusive.wordpress.com\/?p=8074"},"modified":"2009-06-06T10:21:32","modified_gmt":"2009-06-06T10:21:32","slug":"consulta-publica-na-internet-sobre-o-projeto-nacional-de-apoio-a-telecentros-foi-prorrogada-ate-o-dia-10-de-junho","status":"publish","type":"post","link":"https:\/\/inclusivenews.com.br\/?p=8074","title":{"rendered":"Consulta p\u00fablica na internet sobre o Projeto Nacional de Apoio a Telecentros foi prorrogada at\u00e9 o dia 10 de junho"},"content":{"rendered":"<p>Bras\u00edlia, 2\/6\/2009 &#8211; *A consulta p\u00fablica na internet sobre o Projeto<br \/>\nNacional de Apoio a Telecentros foi prorrogada at\u00e9 o dia 10 de junho*. A<br \/>\niniciativa pretende ajudar na implanta\u00e7\u00e3o de dois a tr\u00eas mil novos<br \/>\ntelecentros e fortalecer de cinco a dez mil unidades j\u00e1 existentes no pa\u00eds.<\/p>\n<p>Segundo a respons\u00e1vel pela coordena\u00e7\u00e3o do projeto no Minist\u00e9rio do<br \/>\nPlanejamento, Cristina Mori, a amplia\u00e7\u00e3o do prazo visa permitir maior<br \/>\nparticipa\u00e7\u00e3o da sociedade e das iniciativas de inclus\u00e3o digital no projeto.<\/p>\n<p>Est\u00e3o em consulta p\u00fablica tr\u00eas documentos: a proposta preliminar do projeto;<br \/>\numa minuta de chamada para ades\u00e3o de iniciativas respons\u00e1veis por<br \/>\ntelecentros a serem apoiados; e uma minuta de edital para sele\u00e7\u00e3o de<br \/>\nentidades que ofertar\u00e3o atividades de forma\u00e7\u00e3o a monitores que atuam nesses<br \/>\nlocais.<\/p>\n<p>S\u00e3o considerados telecentros espa\u00e7os sem fins lucrativos de acesso p\u00fablico e<br \/>\ngratuito \u00e0s Tecnologias da Informa\u00e7\u00e3o e da Comunica\u00e7\u00e3o (TICs), com<br \/>\ncomputadores conectados \u00e0 Internet, dispon\u00edveis para m\u00faltiplos usos,<br \/>\nincluindo navega\u00e7\u00e3o livre.<\/p>\n<p>O Projeto Nacional de Apoio a Telecentros visa ampliar a inclus\u00e3o digital<br \/>\njunto \u00e0 popula\u00e7\u00e3o que ainda n\u00e3o disp\u00f5e de renda para aquisi\u00e7\u00e3o de um<br \/>\ncomputador e dos servi\u00e7os de conex\u00e3o \u00e0 internet. O apoio do Governo Federal<br \/>\nconsistir\u00e1 no oferecimento de conex\u00e3o, computadores, bolsas de aux\u00edlio<br \/>\nfinanceiro a jovens monitores e forma\u00e7\u00e3o de monitores bolsistas e<br \/>\nn\u00e3o-bolsistas para atuar nos telecentros.<\/p>\n<p>As contribui\u00e7\u00f5es e sugest\u00f5es para o Projeto Nacional de Apoio a Telecentros<br \/>\ndevem ser encaminhadas preferencialmente por meio do formul\u00e1rio eletr\u00f4nico<br \/>\ndispon\u00edvel na consulta relativa a seus documentos, no endere\u00e7o Internet<br \/>\n<a href=\"http:\/\/www.governoeletronico.gov.br\/consulta-publica\">http:\/\/www.governoeletronico.gov.br\/consulta-publica<\/a>.<\/p>\n<p>Tamb\u00e9m ser\u00e3o tamb\u00e9m consideradas as manifesta\u00e7\u00f5es encaminhadas por carta,<br \/>\nfax ou correio eletr\u00f4nico encaminhadas para o seguinte endere\u00e7o: Minist\u00e9rio<br \/>\ndo Planejamento, Or\u00e7amento e Gest\u00e3o &#8211; Secretaria de Log\u00edstica e Tecnologia<br \/>\nda Informa\u00e7\u00e3o, Esplanada dos Minist\u00e9rios, Bloco C, sala 300, CEP: 70046-900<br \/>\n&#8211; Bras\u00edlia &#8211; DF. Fax: (0xx61) 3322-4410, Correio Eletr\u00f4nico:<br \/>\n<a href=\"mailto:telecentros@planejamento.gov.br\">telecentros@planejamento.gov.br<\/a> &lt;telecentros%40planejamento.gov.br&gt;.<\/p>\n<p>S\u00e3o respons\u00e1veis pela coordena\u00e7\u00e3o geral do Projeto Nacional de Apoio aos<br \/>\nTelecentros os Minist\u00e9rios das Comunica\u00e7\u00f5es, da Ci\u00eancia e Tecnologia e do<br \/>\nPlanejamento, sendo este \u00faltimo o respons\u00e1vel pela coordena\u00e7\u00e3o executiva.<\/p>\n<p>Audi\u00eancia<\/p>\n<p>Al\u00e9m da consulta p\u00fablica, a Secretaria de Log\u00edstica e Tecnologia da<br \/>\nInforma\u00e7\u00e3o do Minist\u00e9rio do Planejamento tamb\u00e9m realizou uma audi\u00eancia<br \/>\np\u00fablica no dia 19 de maio, em Bras\u00edlia, que foi transmitida por<br \/>\nvideoconfer\u00eancia para 28 regionais do Servi\u00e7o Federal de Processamento de<br \/>\nDados (Serpro), em diversos estados. Os participantes que assistiram \u00e0<br \/>\naudi\u00eancia em outras cidades tamb\u00e9m puderam esclarecer suas d\u00favidas junto aos<br \/>\ncoordenadores do projeto, em Bras\u00edlia.<\/p>\n<p>Fonte: MPOG<\/p>\n","protected":false},"excerpt":{"rendered":"<p>Bras\u00edlia, 2\/6\/2009 &#8211; *A consulta p\u00fablica na internet sobre o Projeto Nacional de Apoio a Telecentros foi prorrogada at\u00e9 o dia 10 de junho*. A iniciativa pretende ajudar na implanta\u00e7\u00e3o de dois a tr\u00eas mil novos telecentros e fortalecer de cinco a dez mil unidades j\u00e1 existentes no pa\u00eds. Segundo a respons\u00e1vel pela coordena\u00e7\u00e3o do [&hellip;]<\/p>\n","protected":false},"author":2,"featured_media":0,"comment_status":"open","ping_status":"open","sticky":false,"template":"","format":"standard","meta":{"site-container-style":"default","site-container-layout":"default","site-sidebar-layout":"default","disable-article-header":"default","disable-site-header":"default","disable-site-footer":"default","disable-content-area-spacing":"default","footnotes":""},"categories":[4],"tags":[],"class_list":["post-8074","post","type-post","status-publish","format-standard","hentry","category-noticias"],"yoast_head":"<!-- This site is optimized with the Yoast SEO plugin v27.4 - https:\/\/yoast.com\/product\/yoast-seo-wordpress\/ -->\n<title>Consulta p\u00fablica na internet sobre o Projeto Nacional de Apoio a Telecentros foi prorrogada at\u00e9 o dia 10 de junho -<\/title>\n<meta name=\"robots\" content=\"index, follow, max-snippet:-1, max-image-preview:large, max-video-preview:-1\" \/>\n<link rel=\"canonical\" href=\"https:\/\/inclusivenews.com.br\/?p=8074\" \/>\n<meta property=\"og:locale\" content=\"pt_PT\" \/>\n<meta property=\"og:type\" content=\"article\" \/>\n<meta property=\"og:title\" content=\"Consulta p\u00fablica na internet sobre o Projeto Nacional de Apoio a Telecentros foi prorrogada at\u00e9 o dia 10 de junho -\" \/>\n<meta property=\"og:description\" content=\"Bras\u00edlia, 2\/6\/2009 &#8211; *A consulta p\u00fablica na internet sobre o Projeto Nacional de Apoio a Telecentros foi prorrogada at\u00e9 o dia 10 de junho*. A iniciativa pretende ajudar na implanta\u00e7\u00e3o de dois a tr\u00eas mil novos telecentros e fortalecer de cinco a dez mil unidades j\u00e1 existentes no pa\u00eds. Segundo a respons\u00e1vel pela coordena\u00e7\u00e3o do [&hellip;]\" \/>\n<meta property=\"og:url\" content=\"https:\/\/inclusivenews.com.br\/?p=8074\" \/>\n<meta property=\"article:publisher\" content=\"https:\/\/www.facebook.com\/agenciainclusive\/\" \/>\n<meta property=\"article:published_time\" content=\"2009-06-06T10:21:32+00:00\" \/>\n<meta name=\"author\" content=\"Inclusive\" \/>\n<meta name=\"twitter:card\" content=\"summary_large_image\" \/>\n<meta name=\"twitter:label1\" content=\"Escrito por\" \/>\n\t<meta name=\"twitter:data1\" content=\"Inclusive\" \/>\n\t<meta name=\"twitter:label2\" content=\"Tempo estimado de leitura\" \/>\n\t<meta name=\"twitter:data2\" content=\"2 minutos\" \/>\n<script type=\"application\/ld+json\" class=\"yoast-schema-graph\">{\"@context\":\"https:\\\/\\\/schema.org\",\"@graph\":[{\"@type\":\"Article\",\"@id\":\"https:\\\/\\\/inclusivenews.com.br\\\/?p=8074#article\",\"isPartOf\":{\"@id\":\"https:\\\/\\\/inclusivenews.com.br\\\/?p=8074\"},\"author\":{\"name\":\"Inclusive\",\"@id\":\"https:\\\/\\\/inclusivenews.com.br\\\/#\\\/schema\\\/person\\\/0dab492019871b94abb65fa8ee7c8c44\"},\"headline\":\"Consulta p\u00fablica na internet sobre o Projeto Nacional de Apoio a Telecentros foi prorrogada at\u00e9 o dia 10 de junho\",\"datePublished\":\"2009-06-06T10:21:32+00:00\",\"mainEntityOfPage\":{\"@id\":\"https:\\\/\\\/inclusivenews.com.br\\\/?p=8074\"},\"wordCount\":511,\"commentCount\":0,\"publisher\":{\"@id\":\"https:\\\/\\\/inclusivenews.com.br\\\/#organization\"},\"articleSection\":[\"NOT\u00cdCIAS\"],\"inLanguage\":\"pt-PT\",\"potentialAction\":[{\"@type\":\"CommentAction\",\"name\":\"Comment\",\"target\":[\"https:\\\/\\\/inclusivenews.com.br\\\/?p=8074#respond\"]}]},{\"@type\":\"WebPage\",\"@id\":\"https:\\\/\\\/inclusivenews.com.br\\\/?p=8074\",\"url\":\"https:\\\/\\\/inclusivenews.com.br\\\/?p=8074\",\"name\":\"Consulta p\u00fablica na internet sobre o Projeto Nacional de Apoio a Telecentros foi prorrogada at\u00e9 o dia 10 de junho -\",\"isPartOf\":{\"@id\":\"https:\\\/\\\/inclusivenews.com.br\\\/#website\"},\"datePublished\":\"2009-06-06T10:21:32+00:00\",\"breadcrumb\":{\"@id\":\"https:\\\/\\\/inclusivenews.com.br\\\/?p=8074#breadcrumb\"},\"inLanguage\":\"pt-PT\",\"potentialAction\":[{\"@type\":\"ReadAction\",\"target\":[\"https:\\\/\\\/inclusivenews.com.br\\\/?p=8074\"]}]},{\"@type\":\"BreadcrumbList\",\"@id\":\"https:\\\/\\\/inclusivenews.com.br\\\/?p=8074#breadcrumb\",\"itemListElement\":[{\"@type\":\"ListItem\",\"position\":1,\"name\":\"In\u00edcio\",\"item\":\"https:\\\/\\\/inclusivenews.com.br\\\/\"},{\"@type\":\"ListItem\",\"position\":2,\"name\":\"Consulta p\u00fablica na internet sobre o Projeto Nacional de Apoio a Telecentros foi prorrogada at\u00e9 o dia 10 de junho\"}]},{\"@type\":\"WebSite\",\"@id\":\"https:\\\/\\\/inclusivenews.com.br\\\/#website\",\"url\":\"https:\\\/\\\/inclusivenews.com.br\\\/\",\"name\":\"Inclusive News\",\"description\":\"Inclusive News\",\"publisher\":{\"@id\":\"https:\\\/\\\/inclusivenews.com.br\\\/#organization\"},\"potentialAction\":[{\"@type\":\"SearchAction\",\"target\":{\"@type\":\"EntryPoint\",\"urlTemplate\":\"https:\\\/\\\/inclusivenews.com.br\\\/?s={search_term_string}\"},\"query-input\":{\"@type\":\"PropertyValueSpecification\",\"valueRequired\":true,\"valueName\":\"search_term_string\"}}],\"inLanguage\":\"pt-PT\"},{\"@type\":\"Organization\",\"@id\":\"https:\\\/\\\/inclusivenews.com.br\\\/#organization\",\"name\":\"Inclusive - inclus\u00e3o e cidadania\",\"url\":\"https:\\\/\\\/inclusivenews.com.br\\\/\",\"logo\":{\"@type\":\"ImageObject\",\"inLanguage\":\"pt-PT\",\"@id\":\"https:\\\/\\\/inclusivenews.com.br\\\/#\\\/schema\\\/logo\\\/image\\\/\",\"url\":\"https:\\\/\\\/inclusivenews.com.br\\\/wp-content\\\/uploads\\\/2024\\\/03\\\/@grandesite.png\",\"contentUrl\":\"https:\\\/\\\/inclusivenews.com.br\\\/wp-content\\\/uploads\\\/2024\\\/03\\\/@grandesite.png\",\"width\":1080,\"height\":1080,\"caption\":\"Inclusive - inclus\u00e3o e cidadania\"},\"image\":{\"@id\":\"https:\\\/\\\/inclusivenews.com.br\\\/#\\\/schema\\\/logo\\\/image\\\/\"},\"sameAs\":[\"https:\\\/\\\/www.facebook.com\\\/agenciainclusive\\\/\",\"https:\\\/\\\/www.instagram.com\\\/newsinclusive\\\/\"]},{\"@type\":\"Person\",\"@id\":\"https:\\\/\\\/inclusivenews.com.br\\\/#\\\/schema\\\/person\\\/0dab492019871b94abb65fa8ee7c8c44\",\"name\":\"Inclusive\",\"image\":{\"@type\":\"ImageObject\",\"inLanguage\":\"pt-PT\",\"@id\":\"https:\\\/\\\/secure.gravatar.com\\\/avatar\\\/?s=96&d=mm&r=g\",\"url\":\"https:\\\/\\\/secure.gravatar.com\\\/avatar\\\/?s=96&d=mm&r=g\",\"contentUrl\":\"https:\\\/\\\/secure.gravatar.com\\\/avatar\\\/?s=96&d=mm&r=g\",\"caption\":\"Inclusive\"},\"url\":\"https:\\\/\\\/inclusivenews.com.br\\\/?author=2\"}]}<\/script>\n<!-- \/ Yoast SEO plugin. -->","yoast_head_json":{"title":"Consulta p\u00fablica na internet sobre o Projeto Nacional de Apoio a Telecentros foi prorrogada at\u00e9 o dia 10 de junho -","robots":{"index":"index","follow":"follow","max-snippet":"max-snippet:-1","max-image-preview":"max-image-preview:large","max-video-preview":"max-video-preview:-1"},"canonical":"https:\/\/inclusivenews.com.br\/?p=8074","og_locale":"pt_PT","og_type":"article","og_title":"Consulta p\u00fablica na internet sobre o Projeto Nacional de Apoio a Telecentros foi prorrogada at\u00e9 o dia 10 de junho -","og_description":"Bras\u00edlia, 2\/6\/2009 &#8211; *A consulta p\u00fablica na internet sobre o Projeto Nacional de Apoio a Telecentros foi prorrogada at\u00e9 o dia 10 de junho*. A iniciativa pretende ajudar na implanta\u00e7\u00e3o de dois a tr\u00eas mil novos telecentros e fortalecer de cinco a dez mil unidades j\u00e1 existentes no pa\u00eds. Segundo a respons\u00e1vel pela coordena\u00e7\u00e3o do [&hellip;]","og_url":"https:\/\/inclusivenews.com.br\/?p=8074","article_publisher":"https:\/\/www.facebook.com\/agenciainclusive\/","article_published_time":"2009-06-06T10:21:32+00:00","author":"Inclusive","twitter_card":"summary_large_image","twitter_misc":{"Escrito por":"Inclusive","Tempo estimado de leitura":"2 minutos"},"schema":{"@context":"https:\/\/schema.org","@graph":[{"@type":"Article","@id":"https:\/\/inclusivenews.com.br\/?p=8074#article","isPartOf":{"@id":"https:\/\/inclusivenews.com.br\/?p=8074"},"author":{"name":"Inclusive","@id":"https:\/\/inclusivenews.com.br\/#\/schema\/person\/0dab492019871b94abb65fa8ee7c8c44"},"headline":"Consulta p\u00fablica na internet sobre o Projeto Nacional de Apoio a Telecentros foi prorrogada at\u00e9 o dia 10 de junho","datePublished":"2009-06-06T10:21:32+00:00","mainEntityOfPage":{"@id":"https:\/\/inclusivenews.com.br\/?p=8074"},"wordCount":511,"commentCount":0,"publisher":{"@id":"https:\/\/inclusivenews.com.br\/#organization"},"articleSection":["NOT\u00cdCIAS"],"inLanguage":"pt-PT","potentialAction":[{"@type":"CommentAction","name":"Comment","target":["https:\/\/inclusivenews.com.br\/?p=8074#respond"]}]},{"@type":"WebPage","@id":"https:\/\/inclusivenews.com.br\/?p=8074","url":"https:\/\/inclusivenews.com.br\/?p=8074","name":"Consulta p\u00fablica na internet sobre o Projeto Nacional de Apoio a Telecentros foi prorrogada at\u00e9 o dia 10 de junho -","isPartOf":{"@id":"https:\/\/inclusivenews.com.br\/#website"},"datePublished":"2009-06-06T10:21:32+00:00","breadcrumb":{"@id":"https:\/\/inclusivenews.com.br\/?p=8074#breadcrumb"},"inLanguage":"pt-PT","potentialAction":[{"@type":"ReadAction","target":["https:\/\/inclusivenews.com.br\/?p=8074"]}]},{"@type":"BreadcrumbList","@id":"https:\/\/inclusivenews.com.br\/?p=8074#breadcrumb","itemListElement":[{"@type":"ListItem","position":1,"name":"In\u00edcio","item":"https:\/\/inclusivenews.com.br\/"},{"@type":"ListItem","position":2,"name":"Consulta p\u00fablica na internet sobre o Projeto Nacional de Apoio a Telecentros foi prorrogada at\u00e9 o dia 10 de junho"}]},{"@type":"WebSite","@id":"https:\/\/inclusivenews.com.br\/#website","url":"https:\/\/inclusivenews.com.br\/","name":"Inclusive News","description":"Inclusive News","publisher":{"@id":"https:\/\/inclusivenews.com.br\/#organization"},"potentialAction":[{"@type":"SearchAction","target":{"@type":"EntryPoint","urlTemplate":"https:\/\/inclusivenews.com.br\/?s={search_term_string}"},"query-input":{"@type":"PropertyValueSpecification","valueRequired":true,"valueName":"search_term_string"}}],"inLanguage":"pt-PT"},{"@type":"Organization","@id":"https:\/\/inclusivenews.com.br\/#organization","name":"Inclusive - inclus\u00e3o e cidadania","url":"https:\/\/inclusivenews.com.br\/","logo":{"@type":"ImageObject","inLanguage":"pt-PT","@id":"https:\/\/inclusivenews.com.br\/#\/schema\/logo\/image\/","url":"https:\/\/inclusivenews.com.br\/wp-content\/uploads\/2024\/03\/@grandesite.png","contentUrl":"https:\/\/inclusivenews.com.br\/wp-content\/uploads\/2024\/03\/@grandesite.png","width":1080,"height":1080,"caption":"Inclusive - inclus\u00e3o e cidadania"},"image":{"@id":"https:\/\/inclusivenews.com.br\/#\/schema\/logo\/image\/"},"sameAs":["https:\/\/www.facebook.com\/agenciainclusive\/","https:\/\/www.instagram.com\/newsinclusive\/"]},{"@type":"Person","@id":"https:\/\/inclusivenews.com.br\/#\/schema\/person\/0dab492019871b94abb65fa8ee7c8c44","name":"Inclusive","image":{"@type":"ImageObject","inLanguage":"pt-PT","@id":"https:\/\/secure.gravatar.com\/avatar\/?s=96&d=mm&r=g","url":"https:\/\/secure.gravatar.com\/avatar\/?s=96&d=mm&r=g","contentUrl":"https:\/\/secure.gravatar.com\/avatar\/?s=96&d=mm&r=g","caption":"Inclusive"},"url":"https:\/\/inclusivenews.com.br\/?author=2"}]}},"_links":{"self":[{"href":"https:\/\/inclusivenews.com.br\/index.php?rest_route=\/wp\/v2\/posts\/8074","targetHints":{"allow":["GET"]}}],"collection":[{"href":"https:\/\/inclusivenews.com.br\/index.php?rest_route=\/wp\/v2\/posts"}],"about":[{"href":"https:\/\/inclusivenews.com.br\/index.php?rest_route=\/wp\/v2\/types\/post"}],"author":[{"embeddable":true,"href":"https:\/\/inclusivenews.com.br\/index.php?rest_route=\/wp\/v2\/users\/2"}],"replies":[{"embeddable":true,"href":"https:\/\/inclusivenews.com.br\/index.php?rest_route=%2Fwp%2Fv2%2Fcomments&post=8074"}],"version-history":[{"count":0,"href":"https:\/\/inclusivenews.com.br\/index.php?rest_route=\/wp\/v2\/posts\/8074\/revisions"}],"wp:attachment":[{"href":"https:\/\/inclusivenews.com.br\/index.php?rest_route=%2Fwp%2Fv2%2Fmedia&parent=8074"}],"wp:term":[{"taxonomy":"category","embeddable":true,"href":"https:\/\/inclusivenews.com.br\/index.php?rest_route=%2Fwp%2Fv2%2Fcategories&post=8074"},{"taxonomy":"post_tag","embeddable":true,"href":"https:\/\/inclusivenews.com.br\/index.php?rest_route=%2Fwp%2Fv2%2Ftags&post=8074"}],"curies":[{"name":"wp","href":"https:\/\/api.w.org\/{rel}","templated":true}]}}