{"id":8090,"date":"2009-06-08T13:56:12","date_gmt":"2009-06-08T13:56:12","guid":{"rendered":"http:\/\/agenciainclusive.wordpress.com\/?p=8090"},"modified":"2009-06-08T13:56:12","modified_gmt":"2009-06-08T13:56:12","slug":"minuto-da-inclusao-programa-723","status":"publish","type":"post","link":"https:\/\/inclusivenews.com.br\/?p=8090","title":{"rendered":"Minuto da inclus\u00e3o &#8211; Programa 723"},"content":{"rendered":"<figure id=\"attachment_2988\" aria-describedby=\"caption-attachment-2988\" style=\"width: 180px\" class=\"wp-caption alignnone\"><img loading=\"lazy\" decoding=\"async\" class=\"size-full wp-image-2988\" title=\"minuto_da_inclusao\" src=\"http:\/\/agenciainclusive.files.wordpress.com\/2009\/01\/minuto_da_inclusao.jpg\" alt=\"minuto_da_inclusao\" width=\"180\" height=\"78\" \/><figcaption id=\"caption-attachment-2988\" class=\"wp-caption-text\">Na imagem, logotipo do Minuto da Inclus\u00e3o: um rel\u00f3gio simulando uma pessoa de bra\u00e7os abertos contornada por um c\u00edrculo incompleto.<\/figcaption><\/figure>\n<p style=\"text-align:right;\">Para ouvir os boletins direto do navegador,<br \/>\nrole o mouse sobre os links e aguarde<br \/>\no player ser exibido na janela popup.<\/p>\n<p style=\"text-align:left;\"><a href=\"http:\/\/www.upload-mp3.com\/files\/46673_8i1ms\/723_Sobre_o_Transtorno_de_Deficit_de_Atencao_e_Hiperatividade.mp3\" target=\"_blank\" rel=\"noopener\">Programa 723 &#8211; Sobre o Transtorno de D\u00e9ficit de Aten\u00e7\u00e3o e Hiperatividade<\/a><\/p>\n<p>Ol\u00e1 Brasil!<br \/>\nNem sempre o mau rendimento das crian\u00e7as na escola \u00e9 sin\u00f4nimo de mau comportamento. Isto pode ser um sintoma de Transtorno de D\u00e9ficit de Aten\u00e7\u00e3o e Hiperatividade.\u00a0Esse transtorno neurobiol\u00f3gico, de causas gen\u00e9ticas, atinge de tr\u00eas a cinco por cento das crian\u00e7as e freq\u00fcentemente acompanha o indiv\u00edduo por toda a sua vida. Ele provoca desaten\u00e7\u00e3o, inquietude, impulsividade e seu tratamento consiste em uma combina\u00e7\u00e3o de medicamentos, terapia e orienta\u00e7\u00e3o pedag\u00f3gica. A medica\u00e7\u00e3o \u00e9 parte muito importante desse processo e a psicoterapia indicada se chama Terapia Cognitivo Comportamental. Tamb\u00e9m, \u00e9 necess\u00e1rio que os professores conhe\u00e7am t\u00e9cnicas espec\u00edficas que auxiliem os alunos com esse transtorno a ter melhor desempenho. Portanto, pais e professores devem procurar a orienta\u00e7\u00e3o de um profissional quando necess\u00e1rio.<br \/>\nTuca Munhoz para o Minuto da Inclus\u00e3o.<\/p>\n","protected":false},"excerpt":{"rendered":"<p>Para ouvir os boletins direto do navegador, role o mouse sobre os links e aguarde o player ser exibido na janela popup. Programa 723 &#8211; Sobre o Transtorno de D\u00e9ficit de Aten\u00e7\u00e3o e Hiperatividade Ol\u00e1 Brasil! Nem sempre o mau rendimento das crian\u00e7as na escola \u00e9 sin\u00f4nimo de mau comportamento. Isto pode ser um sintoma [&hellip;]<\/p>\n","protected":false},"author":2,"featured_media":0,"comment_status":"open","ping_status":"open","sticky":false,"template":"","format":"standard","meta":{"site-container-style":"default","site-container-layout":"default","site-sidebar-layout":"default","disable-article-header":"default","disable-site-header":"default","disable-site-footer":"default","disable-content-area-spacing":"default","footnotes":""},"categories":[21],"tags":[20,15],"class_list":["post-8090","post","type-post","status-publish","format-standard","hentry","category-audio","tag-minuto-da-inclusao","tag-multimidia"],"yoast_head":"<!-- This site is optimized with the Yoast SEO plugin v27.4 - https:\/\/yoast.com\/product\/yoast-seo-wordpress\/ -->\n<title>Minuto da inclus\u00e3o - Programa 723 -<\/title>\n<meta name=\"robots\" content=\"index, follow, max-snippet:-1, max-image-preview:large, max-video-preview:-1\" \/>\n<link rel=\"canonical\" href=\"https:\/\/inclusivenews.com.br\/?p=8090\" \/>\n<meta property=\"og:locale\" content=\"pt_PT\" \/>\n<meta property=\"og:type\" content=\"article\" \/>\n<meta property=\"og:title\" content=\"Minuto da inclus\u00e3o - Programa 723 -\" \/>\n<meta property=\"og:description\" content=\"Para ouvir os boletins direto do navegador, role o mouse sobre os links e aguarde o player ser exibido na janela popup. Programa 723 &#8211; Sobre o Transtorno de D\u00e9ficit de Aten\u00e7\u00e3o e Hiperatividade Ol\u00e1 Brasil! Nem sempre o mau rendimento das crian\u00e7as na escola \u00e9 sin\u00f4nimo de mau comportamento. Isto pode ser um sintoma [&hellip;]\" \/>\n<meta property=\"og:url\" content=\"https:\/\/inclusivenews.com.br\/?p=8090\" \/>\n<meta property=\"article:publisher\" content=\"https:\/\/www.facebook.com\/agenciainclusive\/\" \/>\n<meta property=\"article:published_time\" content=\"2009-06-08T13:56:12+00:00\" \/>\n<meta property=\"og:image\" content=\"http:\/\/agenciainclusive.files.wordpress.com\/2009\/01\/minuto_da_inclusao.jpg\" \/>\n<meta name=\"author\" content=\"Inclusive\" \/>\n<meta name=\"twitter:card\" content=\"summary_large_image\" \/>\n<meta name=\"twitter:label1\" content=\"Escrito por\" \/>\n\t<meta name=\"twitter:data1\" content=\"Inclusive\" \/>\n\t<meta name=\"twitter:label2\" content=\"Tempo estimado de leitura\" \/>\n\t<meta name=\"twitter:data2\" content=\"1 minuto\" \/>\n<script type=\"application\/ld+json\" class=\"yoast-schema-graph\">{\"@context\":\"https:\\\/\\\/schema.org\",\"@graph\":[{\"@type\":\"Article\",\"@id\":\"https:\\\/\\\/inclusivenews.com.br\\\/?p=8090#article\",\"isPartOf\":{\"@id\":\"https:\\\/\\\/inclusivenews.com.br\\\/?p=8090\"},\"author\":{\"name\":\"Inclusive\",\"@id\":\"https:\\\/\\\/inclusivenews.com.br\\\/#\\\/schema\\\/person\\\/0dab492019871b94abb65fa8ee7c8c44\"},\"headline\":\"Minuto da inclus\u00e3o &#8211; Programa 723\",\"datePublished\":\"2009-06-08T13:56:12+00:00\",\"mainEntityOfPage\":{\"@id\":\"https:\\\/\\\/inclusivenews.com.br\\\/?p=8090\"},\"wordCount\":222,\"commentCount\":0,\"publisher\":{\"@id\":\"https:\\\/\\\/inclusivenews.com.br\\\/#organization\"},\"image\":{\"@id\":\"https:\\\/\\\/inclusivenews.com.br\\\/?p=8090#primaryimage\"},\"thumbnailUrl\":\"http:\\\/\\\/agenciainclusive.files.wordpress.com\\\/2009\\\/01\\\/minuto_da_inclusao.jpg\",\"keywords\":[\"Minuto da Inclusao\",\"Multim\u00eddia\"],\"articleSection\":[\"\u00c1udio\"],\"inLanguage\":\"pt-PT\",\"potentialAction\":[{\"@type\":\"CommentAction\",\"name\":\"Comment\",\"target\":[\"https:\\\/\\\/inclusivenews.com.br\\\/?p=8090#respond\"]}]},{\"@type\":\"WebPage\",\"@id\":\"https:\\\/\\\/inclusivenews.com.br\\\/?p=8090\",\"url\":\"https:\\\/\\\/inclusivenews.com.br\\\/?p=8090\",\"name\":\"Minuto da inclus\u00e3o - Programa 723 -\",\"isPartOf\":{\"@id\":\"https:\\\/\\\/inclusivenews.com.br\\\/#website\"},\"primaryImageOfPage\":{\"@id\":\"https:\\\/\\\/inclusivenews.com.br\\\/?p=8090#primaryimage\"},\"image\":{\"@id\":\"https:\\\/\\\/inclusivenews.com.br\\\/?p=8090#primaryimage\"},\"thumbnailUrl\":\"http:\\\/\\\/agenciainclusive.files.wordpress.com\\\/2009\\\/01\\\/minuto_da_inclusao.jpg\",\"datePublished\":\"2009-06-08T13:56:12+00:00\",\"breadcrumb\":{\"@id\":\"https:\\\/\\\/inclusivenews.com.br\\\/?p=8090#breadcrumb\"},\"inLanguage\":\"pt-PT\",\"potentialAction\":[{\"@type\":\"ReadAction\",\"target\":[\"https:\\\/\\\/inclusivenews.com.br\\\/?p=8090\"]}]},{\"@type\":\"ImageObject\",\"inLanguage\":\"pt-PT\",\"@id\":\"https:\\\/\\\/inclusivenews.com.br\\\/?p=8090#primaryimage\",\"url\":\"http:\\\/\\\/agenciainclusive.files.wordpress.com\\\/2009\\\/01\\\/minuto_da_inclusao.jpg\",\"contentUrl\":\"http:\\\/\\\/agenciainclusive.files.wordpress.com\\\/2009\\\/01\\\/minuto_da_inclusao.jpg\"},{\"@type\":\"BreadcrumbList\",\"@id\":\"https:\\\/\\\/inclusivenews.com.br\\\/?p=8090#breadcrumb\",\"itemListElement\":[{\"@type\":\"ListItem\",\"position\":1,\"name\":\"In\u00edcio\",\"item\":\"https:\\\/\\\/inclusivenews.com.br\\\/\"},{\"@type\":\"ListItem\",\"position\":2,\"name\":\"Minuto da inclus\u00e3o &#8211; Programa 723\"}]},{\"@type\":\"WebSite\",\"@id\":\"https:\\\/\\\/inclusivenews.com.br\\\/#website\",\"url\":\"https:\\\/\\\/inclusivenews.com.br\\\/\",\"name\":\"Inclusive News\",\"description\":\"Inclusive News\",\"publisher\":{\"@id\":\"https:\\\/\\\/inclusivenews.com.br\\\/#organization\"},\"potentialAction\":[{\"@type\":\"SearchAction\",\"target\":{\"@type\":\"EntryPoint\",\"urlTemplate\":\"https:\\\/\\\/inclusivenews.com.br\\\/?s={search_term_string}\"},\"query-input\":{\"@type\":\"PropertyValueSpecification\",\"valueRequired\":true,\"valueName\":\"search_term_string\"}}],\"inLanguage\":\"pt-PT\"},{\"@type\":\"Organization\",\"@id\":\"https:\\\/\\\/inclusivenews.com.br\\\/#organization\",\"name\":\"Inclusive - inclus\u00e3o e cidadania\",\"url\":\"https:\\\/\\\/inclusivenews.com.br\\\/\",\"logo\":{\"@type\":\"ImageObject\",\"inLanguage\":\"pt-PT\",\"@id\":\"https:\\\/\\\/inclusivenews.com.br\\\/#\\\/schema\\\/logo\\\/image\\\/\",\"url\":\"https:\\\/\\\/inclusivenews.com.br\\\/wp-content\\\/uploads\\\/2024\\\/03\\\/@grandesite.png\",\"contentUrl\":\"https:\\\/\\\/inclusivenews.com.br\\\/wp-content\\\/uploads\\\/2024\\\/03\\\/@grandesite.png\",\"width\":1080,\"height\":1080,\"caption\":\"Inclusive - inclus\u00e3o e cidadania\"},\"image\":{\"@id\":\"https:\\\/\\\/inclusivenews.com.br\\\/#\\\/schema\\\/logo\\\/image\\\/\"},\"sameAs\":[\"https:\\\/\\\/www.facebook.com\\\/agenciainclusive\\\/\",\"https:\\\/\\\/www.instagram.com\\\/newsinclusive\\\/\"]},{\"@type\":\"Person\",\"@id\":\"https:\\\/\\\/inclusivenews.com.br\\\/#\\\/schema\\\/person\\\/0dab492019871b94abb65fa8ee7c8c44\",\"name\":\"Inclusive\",\"image\":{\"@type\":\"ImageObject\",\"inLanguage\":\"pt-PT\",\"@id\":\"https:\\\/\\\/secure.gravatar.com\\\/avatar\\\/?s=96&d=mm&r=g\",\"url\":\"https:\\\/\\\/secure.gravatar.com\\\/avatar\\\/?s=96&d=mm&r=g\",\"contentUrl\":\"https:\\\/\\\/secure.gravatar.com\\\/avatar\\\/?s=96&d=mm&r=g\",\"caption\":\"Inclusive\"},\"url\":\"https:\\\/\\\/inclusivenews.com.br\\\/?author=2\"}]}<\/script>\n<!-- \/ Yoast SEO plugin. -->","yoast_head_json":{"title":"Minuto da inclus\u00e3o - Programa 723 -","robots":{"index":"index","follow":"follow","max-snippet":"max-snippet:-1","max-image-preview":"max-image-preview:large","max-video-preview":"max-video-preview:-1"},"canonical":"https:\/\/inclusivenews.com.br\/?p=8090","og_locale":"pt_PT","og_type":"article","og_title":"Minuto da inclus\u00e3o - Programa 723 -","og_description":"Para ouvir os boletins direto do navegador, role o mouse sobre os links e aguarde o player ser exibido na janela popup. Programa 723 &#8211; Sobre o Transtorno de D\u00e9ficit de Aten\u00e7\u00e3o e Hiperatividade Ol\u00e1 Brasil! Nem sempre o mau rendimento das crian\u00e7as na escola \u00e9 sin\u00f4nimo de mau comportamento. Isto pode ser um sintoma [&hellip;]","og_url":"https:\/\/inclusivenews.com.br\/?p=8090","article_publisher":"https:\/\/www.facebook.com\/agenciainclusive\/","article_published_time":"2009-06-08T13:56:12+00:00","og_image":[{"url":"http:\/\/agenciainclusive.files.wordpress.com\/2009\/01\/minuto_da_inclusao.jpg","type":"","width":"","height":""}],"author":"Inclusive","twitter_card":"summary_large_image","twitter_misc":{"Escrito por":"Inclusive","Tempo estimado de leitura":"1 minuto"},"schema":{"@context":"https:\/\/schema.org","@graph":[{"@type":"Article","@id":"https:\/\/inclusivenews.com.br\/?p=8090#article","isPartOf":{"@id":"https:\/\/inclusivenews.com.br\/?p=8090"},"author":{"name":"Inclusive","@id":"https:\/\/inclusivenews.com.br\/#\/schema\/person\/0dab492019871b94abb65fa8ee7c8c44"},"headline":"Minuto da inclus\u00e3o &#8211; Programa 723","datePublished":"2009-06-08T13:56:12+00:00","mainEntityOfPage":{"@id":"https:\/\/inclusivenews.com.br\/?p=8090"},"wordCount":222,"commentCount":0,"publisher":{"@id":"https:\/\/inclusivenews.com.br\/#organization"},"image":{"@id":"https:\/\/inclusivenews.com.br\/?p=8090#primaryimage"},"thumbnailUrl":"http:\/\/agenciainclusive.files.wordpress.com\/2009\/01\/minuto_da_inclusao.jpg","keywords":["Minuto da Inclusao","Multim\u00eddia"],"articleSection":["\u00c1udio"],"inLanguage":"pt-PT","potentialAction":[{"@type":"CommentAction","name":"Comment","target":["https:\/\/inclusivenews.com.br\/?p=8090#respond"]}]},{"@type":"WebPage","@id":"https:\/\/inclusivenews.com.br\/?p=8090","url":"https:\/\/inclusivenews.com.br\/?p=8090","name":"Minuto da inclus\u00e3o - Programa 723 -","isPartOf":{"@id":"https:\/\/inclusivenews.com.br\/#website"},"primaryImageOfPage":{"@id":"https:\/\/inclusivenews.com.br\/?p=8090#primaryimage"},"image":{"@id":"https:\/\/inclusivenews.com.br\/?p=8090#primaryimage"},"thumbnailUrl":"http:\/\/agenciainclusive.files.wordpress.com\/2009\/01\/minuto_da_inclusao.jpg","datePublished":"2009-06-08T13:56:12+00:00","breadcrumb":{"@id":"https:\/\/inclusivenews.com.br\/?p=8090#breadcrumb"},"inLanguage":"pt-PT","potentialAction":[{"@type":"ReadAction","target":["https:\/\/inclusivenews.com.br\/?p=8090"]}]},{"@type":"ImageObject","inLanguage":"pt-PT","@id":"https:\/\/inclusivenews.com.br\/?p=8090#primaryimage","url":"http:\/\/agenciainclusive.files.wordpress.com\/2009\/01\/minuto_da_inclusao.jpg","contentUrl":"http:\/\/agenciainclusive.files.wordpress.com\/2009\/01\/minuto_da_inclusao.jpg"},{"@type":"BreadcrumbList","@id":"https:\/\/inclusivenews.com.br\/?p=8090#breadcrumb","itemListElement":[{"@type":"ListItem","position":1,"name":"In\u00edcio","item":"https:\/\/inclusivenews.com.br\/"},{"@type":"ListItem","position":2,"name":"Minuto da inclus\u00e3o &#8211; Programa 723"}]},{"@type":"WebSite","@id":"https:\/\/inclusivenews.com.br\/#website","url":"https:\/\/inclusivenews.com.br\/","name":"Inclusive News","description":"Inclusive News","publisher":{"@id":"https:\/\/inclusivenews.com.br\/#organization"},"potentialAction":[{"@type":"SearchAction","target":{"@type":"EntryPoint","urlTemplate":"https:\/\/inclusivenews.com.br\/?s={search_term_string}"},"query-input":{"@type":"PropertyValueSpecification","valueRequired":true,"valueName":"search_term_string"}}],"inLanguage":"pt-PT"},{"@type":"Organization","@id":"https:\/\/inclusivenews.com.br\/#organization","name":"Inclusive - inclus\u00e3o e cidadania","url":"https:\/\/inclusivenews.com.br\/","logo":{"@type":"ImageObject","inLanguage":"pt-PT","@id":"https:\/\/inclusivenews.com.br\/#\/schema\/logo\/image\/","url":"https:\/\/inclusivenews.com.br\/wp-content\/uploads\/2024\/03\/@grandesite.png","contentUrl":"https:\/\/inclusivenews.com.br\/wp-content\/uploads\/2024\/03\/@grandesite.png","width":1080,"height":1080,"caption":"Inclusive - inclus\u00e3o e cidadania"},"image":{"@id":"https:\/\/inclusivenews.com.br\/#\/schema\/logo\/image\/"},"sameAs":["https:\/\/www.facebook.com\/agenciainclusive\/","https:\/\/www.instagram.com\/newsinclusive\/"]},{"@type":"Person","@id":"https:\/\/inclusivenews.com.br\/#\/schema\/person\/0dab492019871b94abb65fa8ee7c8c44","name":"Inclusive","image":{"@type":"ImageObject","inLanguage":"pt-PT","@id":"https:\/\/secure.gravatar.com\/avatar\/?s=96&d=mm&r=g","url":"https:\/\/secure.gravatar.com\/avatar\/?s=96&d=mm&r=g","contentUrl":"https:\/\/secure.gravatar.com\/avatar\/?s=96&d=mm&r=g","caption":"Inclusive"},"url":"https:\/\/inclusivenews.com.br\/?author=2"}]}},"_links":{"self":[{"href":"https:\/\/inclusivenews.com.br\/index.php?rest_route=\/wp\/v2\/posts\/8090","targetHints":{"allow":["GET"]}}],"collection":[{"href":"https:\/\/inclusivenews.com.br\/index.php?rest_route=\/wp\/v2\/posts"}],"about":[{"href":"https:\/\/inclusivenews.com.br\/index.php?rest_route=\/wp\/v2\/types\/post"}],"author":[{"embeddable":true,"href":"https:\/\/inclusivenews.com.br\/index.php?rest_route=\/wp\/v2\/users\/2"}],"replies":[{"embeddable":true,"href":"https:\/\/inclusivenews.com.br\/index.php?rest_route=%2Fwp%2Fv2%2Fcomments&post=8090"}],"version-history":[{"count":0,"href":"https:\/\/inclusivenews.com.br\/index.php?rest_route=\/wp\/v2\/posts\/8090\/revisions"}],"wp:attachment":[{"href":"https:\/\/inclusivenews.com.br\/index.php?rest_route=%2Fwp%2Fv2%2Fmedia&parent=8090"}],"wp:term":[{"taxonomy":"category","embeddable":true,"href":"https:\/\/inclusivenews.com.br\/index.php?rest_route=%2Fwp%2Fv2%2Fcategories&post=8090"},{"taxonomy":"post_tag","embeddable":true,"href":"https:\/\/inclusivenews.com.br\/index.php?rest_route=%2Fwp%2Fv2%2Ftags&post=8090"}],"curies":[{"name":"wp","href":"https:\/\/api.w.org\/{rel}","templated":true}]}}